{"id":3011,"date":"2020-10-27T19:30:35","date_gmt":"2020-10-27T19:30:35","guid":{"rendered":"https:\/\/algarve7.pt\/?p=3011"},"modified":"2020-10-27T16:04:01","modified_gmt":"2020-10-27T16:04:01","slug":"mobilidade-para-todos-na-eb-jose-carlos-da-maia-com-novo-ascensor","status":"publish","type":"post","link":"https:\/\/algarve7.pt\/index.php\/2020\/10\/mobilidade-para-todos-na-eb-jose-carlos-da-maia-com-novo-ascensor\/educacao\/19\/30\/","title":{"rendered":"Mobilidade para todos na EB Jos\u00e9 Carlos da Maia com novo ascensor"},"content":{"rendered":"\n<p>A Escola B\u00e1sica Jos\u00e9 Carlos da Maia j\u00e1 tem em funcionamento um ascensor que permite total mobilidade no interior daquele estabelecimento de ensino concelhio. O equipamento foi hoje inaugurado pelo presidente do Munic\u00edpio de Olh\u00e3o, Ant\u00f3nio Miguel Pina, e pelo delegado regional de Educa\u00e7\u00e3o, Alexandre Lima.<\/p>\n\n\n\n<p>A parceria entre o Munic\u00edpio olhanense e a Dire\u00e7\u00e3o Geral dos Estabelecimentos Escolares (DGEstE) do Algarve permitiu trazer at\u00e9 esta escola, situada na zona da Chasfa, esta plataforma elevat\u00f3ria cabinada que agora est\u00e1 ao dispor de todos os alunos e outras pessoas com mobilidade reduzida. As duas entidades investiram cerca de 35 mil euros na obra.&nbsp;<\/p>\n\n\n\n<p>\u201cEste \u00e9 mais um importante investimento de duas entidades que est\u00e3o em sintonia\u201d, real\u00e7ou, na inaugura\u00e7\u00e3o, o presidente da Autarquia olhanense. \u201cH\u00e1 dois anos inaugur\u00e1mos um equipamento semelhante na Escola B\u00e1sica Jo\u00e3o da Rosa e agora volt\u00e1mos a investir num ascensor, porque todos os alunos devem ter acesso aos mesmos espa\u00e7os dentro do recinto escolar. Este \u00e9 um passo decisivo para uma escola mais inclusiva\u201d, enfatizou Ant\u00f3nio Miguel Pina.&nbsp;<\/p>\n\n\n\n<p>O diretor do Agrupamento de Escolas Professor Paula Nogueira, Carlos Gaspar, referiu mesmo algumas condicionantes existentes at\u00e9 aqui com alunos que se deslocavam em cadeira de rodas ou com muletas. \u201cTent\u00e1mos sempre passar essas turmas para o r\u00e9s-do-ch\u00e3o, mas n\u00e3o era suficiente. Agora, sim, mesmo quem tem dificuldades de locomo\u00e7\u00e3o pode ter acesso a todos os espa\u00e7os e servi\u00e7os educativos\u201d, regozijou-se aquele respons\u00e1vel.<\/p>\n\n\n\n<p>Tamb\u00e9m o delegado regional de Educa\u00e7\u00e3o, Alexandre Lima, diz ser sua prioridade apoiar projetos como este. \u00c9 uma importante forma de inclus\u00e3o para todos os que fazem parte da comunidade educativa\u201d, referiu durante a visita \u00e0 EB Jos\u00e9 Carlos da Maia, local onde tamb\u00e9m foi poss\u00edvel conhecer algumas medidas adotadas para garantir o distanciamento social no espa\u00e7o escolar.<\/p>\n\n\n\n<p>A Escola, atrav\u00e9s da DGEstE Algarve, comprou o equipamento agora inaugurado, enquanto que o Munic\u00edpio de Olh\u00e3o teve a seu cargo o projeto e a constru\u00e7\u00e3o da estrutura para acolher o ascensor.<\/p>\n\n\n\n<p>Para o futuro, est\u00e1 previsto equipar, com mais uma plataforma elevat\u00f3ria como esta, a Escola B\u00e1sica Dr. Alberto Iria, a \u00fanica do concelho que ainda n\u00e3o \u00e9 totalmente livre de barreiras f\u00edsicas.<\/p>\n","protected":false},"excerpt":{"rendered":"<p>A Escola B\u00e1sica Jos\u00e9 Carlos da Maia j\u00e1 tem em funcionamento um ascensor que permite total mobilidade no interior daquele<\/p>\n","protected":false},"author":1,"featured_media":3012,"comment_status":"closed","ping_status":"open","sticky":false,"template":"","format":"standard","meta":{"colormag_page_container_layout":"default_layout","colormag_page_sidebar_layout":"default_layout","_monsterinsights_skip_tracking":false,"_monsterinsights_sitenote_active":false,"_monsterinsights_sitenote_note":"","_monsterinsights_sitenote_category":0,"jetpack_post_was_ever_published":false,"_jetpack_newsletter_access":"","_jetpack_dont_email_post_to_subs":false,"_jetpack_newsletter_tier_id":0,"_jetpack_memberships_contains_paywalled_content":false,"_jetpack_memberships_contains_paid_content":false,"footnotes":"","jetpack_publicize_message":"","jetpack_publicize_feature_enabled":true,"jetpack_social_post_already_shared":true,"jetpack_social_options":{"image_generator_settings":{"template":"highway","default_image_id":0,"font":"","enabled":false},"version":2}},"categories":[93],"tags":[36,74,138,37],"class_list":["post-3011","post","type-post","status-publish","format-standard","has-post-thumbnail","hentry","category-educacao","tag-algarve","tag-educacao","tag-escola","tag-olhao"],"yoast_head":"<!-- This site is optimized with the Yoast SEO plugin v27.5 - https:\/\/yoast.com\/product\/yoast-seo-wordpress\/ -->\n<title>Mobilidade para todos na EB Jos\u00e9 Carlos da Maia com novo ascensor - Algarve 7<\/title>\n<meta name=\"description\" content=\"A Escola B\u00e1sica Jos\u00e9 Carlos da Maia j\u00e1 tem em funcionamento um ascensor que permite total mobilidade no interior daquele estabelecimento de ensino concelhio. O equipamento foi hoje inaugurado pelo presidente do Munic\u00edpio de Olh\u00e3o, Ant\u00f3nio Miguel Pina, e pelo delegado regional de Educa\u00e7\u00e3o, Alexandre Lima.\" \/>\n<meta name=\"robots\" content=\"index, follow, max-snippet:-1, max-image-preview:large, max-video-preview:-1\" \/>\n<link rel=\"canonical\" href=\"https:\/\/algarve7.pt\/index.php\/2020\/10\/mobilidade-para-todos-na-eb-jose-carlos-da-maia-com-novo-ascensor\/educacao\/19\/30\/\" \/>\n<meta property=\"og:locale\" content=\"pt_PT\" \/>\n<meta property=\"og:type\" content=\"article\" \/>\n<meta property=\"og:title\" content=\"Mobilidade para todos na EB Jos\u00e9 Carlos da Maia com novo ascensor - Algarve 7\" \/>\n<meta property=\"og:description\" content=\"A Escola B\u00e1sica Jos\u00e9 Carlos da Maia j\u00e1 tem em funcionamento um ascensor que permite total mobilidade no interior daquele estabelecimento de ensino concelhio. O equipamento foi hoje inaugurado pelo presidente do Munic\u00edpio de Olh\u00e3o, Ant\u00f3nio Miguel Pina, e pelo delegado regional de Educa\u00e7\u00e3o, Alexandre Lima.\" \/>\n<meta property=\"og:url\" content=\"https:\/\/algarve7.pt\/index.php\/2020\/10\/mobilidade-para-todos-na-eb-jose-carlos-da-maia-com-novo-ascensor\/educacao\/19\/30\/\" \/>\n<meta property=\"og:site_name\" content=\"Algarve 7\" \/>\n<meta property=\"article:publisher\" content=\"https:\/\/www.facebook.com\/algarve7\" \/>\n<meta property=\"article:author\" content=\"https:\/\/www.facebook.com\/algarve7\" \/>\n<meta property=\"article:published_time\" content=\"2020-10-27T19:30:35+00:00\" \/>\n<meta property=\"og:image\" content=\"https:\/\/algarve7.pt\/wp-content\/uploads\/2020\/10\/2020-124-ascensor-jose-carlos-da-maia-01.jpg\" \/>\n\t<meta property=\"og:image:width\" content=\"1500\" \/>\n\t<meta property=\"og:image:height\" content=\"1000\" \/>\n\t<meta property=\"og:image:type\" content=\"image\/jpeg\" \/>\n<meta name=\"author\" content=\"Algarve 7\" \/>\n<meta name=\"twitter:card\" content=\"summary_large_image\" \/>\n<meta name=\"twitter:creator\" content=\"@Algarvesete\" \/>\n<meta name=\"twitter:site\" content=\"@Algarvesete\" \/>\n<meta name=\"twitter:label1\" content=\"Escrito por\" \/>\n\t<meta name=\"twitter:data1\" content=\"Algarve 7\" \/>\n\t<meta name=\"twitter:label2\" content=\"Tempo estimado de leitura\" \/>\n\t<meta name=\"twitter:data2\" content=\"2 minutos\" \/>\n<script type=\"application\/ld+json\" class=\"yoast-schema-graph\">{\"@context\":\"https:\\\/\\\/schema.org\",\"@graph\":[{\"@type\":\"Article\",\"@id\":\"https:\\\/\\\/algarve7.pt\\\/index.php\\\/2020\\\/10\\\/mobilidade-para-todos-na-eb-jose-carlos-da-maia-com-novo-ascensor\\\/educacao\\\/19\\\/30\\\/#article\",\"isPartOf\":{\"@id\":\"https:\\\/\\\/algarve7.pt\\\/index.php\\\/2020\\\/10\\\/mobilidade-para-todos-na-eb-jose-carlos-da-maia-com-novo-ascensor\\\/educacao\\\/19\\\/30\\\/\"},\"author\":{\"name\":\"Algarve 7\",\"@id\":\"https:\\\/\\\/algarve7.pt\\\/#\\\/schema\\\/person\\\/23fa70681308e7b319a3204bcea45e0c\"},\"headline\":\"Mobilidade para todos na EB Jos\u00e9 Carlos da Maia com novo ascensor\",\"datePublished\":\"2020-10-27T19:30:35+00:00\",\"mainEntityOfPage\":{\"@id\":\"https:\\\/\\\/algarve7.pt\\\/index.php\\\/2020\\\/10\\\/mobilidade-para-todos-na-eb-jose-carlos-da-maia-com-novo-ascensor\\\/educacao\\\/19\\\/30\\\/\"},\"wordCount\":403,\"publisher\":{\"@id\":\"https:\\\/\\\/algarve7.pt\\\/#organization\"},\"image\":{\"@id\":\"https:\\\/\\\/algarve7.pt\\\/index.php\\\/2020\\\/10\\\/mobilidade-para-todos-na-eb-jose-carlos-da-maia-com-novo-ascensor\\\/educacao\\\/19\\\/30\\\/#primaryimage\"},\"thumbnailUrl\":\"https:\\\/\\\/algarve7.pt\\\/wp-content\\\/uploads\\\/2020\\\/10\\\/2020-124-ascensor-jose-carlos-da-maia-01.jpg\",\"keywords\":[\"Algarve\",\"Educa\u00e7\u00e3o\",\"Escola\",\"Olh\u00e3o\"],\"articleSection\":[\"Educa\u00e7\u00e3o\"],\"inLanguage\":\"pt-PT\"},{\"@type\":\"WebPage\",\"@id\":\"https:\\\/\\\/algarve7.pt\\\/index.php\\\/2020\\\/10\\\/mobilidade-para-todos-na-eb-jose-carlos-da-maia-com-novo-ascensor\\\/educacao\\\/19\\\/30\\\/\",\"url\":\"https:\\\/\\\/algarve7.pt\\\/index.php\\\/2020\\\/10\\\/mobilidade-para-todos-na-eb-jose-carlos-da-maia-com-novo-ascensor\\\/educacao\\\/19\\\/30\\\/\",\"name\":\"Mobilidade para todos na EB Jos\u00e9 Carlos da Maia com novo ascensor - Algarve 7\",\"isPartOf\":{\"@id\":\"https:\\\/\\\/algarve7.pt\\\/#website\"},\"primaryImageOfPage\":{\"@id\":\"https:\\\/\\\/algarve7.pt\\\/index.php\\\/2020\\\/10\\\/mobilidade-para-todos-na-eb-jose-carlos-da-maia-com-novo-ascensor\\\/educacao\\\/19\\\/30\\\/#primaryimage\"},\"image\":{\"@id\":\"https:\\\/\\\/algarve7.pt\\\/index.php\\\/2020\\\/10\\\/mobilidade-para-todos-na-eb-jose-carlos-da-maia-com-novo-ascensor\\\/educacao\\\/19\\\/30\\\/#primaryimage\"},\"thumbnailUrl\":\"https:\\\/\\\/algarve7.pt\\\/wp-content\\\/uploads\\\/2020\\\/10\\\/2020-124-ascensor-jose-carlos-da-maia-01.jpg\",\"datePublished\":\"2020-10-27T19:30:35+00:00\",\"description\":\"A Escola B\u00e1sica Jos\u00e9 Carlos da Maia j\u00e1 tem em funcionamento um ascensor que permite total mobilidade no interior daquele estabelecimento de ensino concelhio. O equipamento foi hoje inaugurado pelo presidente do Munic\u00edpio de Olh\u00e3o, Ant\u00f3nio Miguel Pina, e pelo delegado regional de Educa\u00e7\u00e3o, Alexandre Lima.\",\"breadcrumb\":{\"@id\":\"https:\\\/\\\/algarve7.pt\\\/index.php\\\/2020\\\/10\\\/mobilidade-para-todos-na-eb-jose-carlos-da-maia-com-novo-ascensor\\\/educacao\\\/19\\\/30\\\/#breadcrumb\"},\"inLanguage\":\"pt-PT\",\"potentialAction\":[{\"@type\":\"ReadAction\",\"target\":[\"https:\\\/\\\/algarve7.pt\\\/index.php\\\/2020\\\/10\\\/mobilidade-para-todos-na-eb-jose-carlos-da-maia-com-novo-ascensor\\\/educacao\\\/19\\\/30\\\/\"]}]},{\"@type\":\"ImageObject\",\"inLanguage\":\"pt-PT\",\"@id\":\"https:\\\/\\\/algarve7.pt\\\/index.php\\\/2020\\\/10\\\/mobilidade-para-todos-na-eb-jose-carlos-da-maia-com-novo-ascensor\\\/educacao\\\/19\\\/30\\\/#primaryimage\",\"url\":\"https:\\\/\\\/algarve7.pt\\\/wp-content\\\/uploads\\\/2020\\\/10\\\/2020-124-ascensor-jose-carlos-da-maia-01.jpg\",\"contentUrl\":\"https:\\\/\\\/algarve7.pt\\\/wp-content\\\/uploads\\\/2020\\\/10\\\/2020-124-ascensor-jose-carlos-da-maia-01.jpg\",\"width\":1500,\"height\":1000},{\"@type\":\"BreadcrumbList\",\"@id\":\"https:\\\/\\\/algarve7.pt\\\/index.php\\\/2020\\\/10\\\/mobilidade-para-todos-na-eb-jose-carlos-da-maia-com-novo-ascensor\\\/educacao\\\/19\\\/30\\\/#breadcrumb\",\"itemListElement\":[{\"@type\":\"ListItem\",\"position\":1,\"name\":\"In\u00edcio\",\"item\":\"https:\\\/\\\/algarve7.pt\\\/\"},{\"@type\":\"ListItem\",\"position\":2,\"name\":\"Mobilidade para todos na EB Jos\u00e9 Carlos da Maia com novo ascensor\"}]},{\"@type\":\"WebSite\",\"@id\":\"https:\\\/\\\/algarve7.pt\\\/#website\",\"url\":\"https:\\\/\\\/algarve7.pt\\\/\",\"name\":\"Algarve 7\",\"description\":\"Informa\u00e7\u00e3o sobre o Algarve\",\"publisher\":{\"@id\":\"https:\\\/\\\/algarve7.pt\\\/#organization\"},\"potentialAction\":[{\"@type\":\"SearchAction\",\"target\":{\"@type\":\"EntryPoint\",\"urlTemplate\":\"https:\\\/\\\/algarve7.pt\\\/?s={search_term_string}\"},\"query-input\":{\"@type\":\"PropertyValueSpecification\",\"valueRequired\":true,\"valueName\":\"search_term_string\"}}],\"inLanguage\":\"pt-PT\"},{\"@type\":\"Organization\",\"@id\":\"https:\\\/\\\/algarve7.pt\\\/#organization\",\"name\":\"Algarve 7\",\"url\":\"https:\\\/\\\/algarve7.pt\\\/\",\"logo\":{\"@type\":\"ImageObject\",\"inLanguage\":\"pt-PT\",\"@id\":\"https:\\\/\\\/algarve7.pt\\\/#\\\/schema\\\/logo\\\/image\\\/\",\"url\":\"https:\\\/\\\/algarve7.pt\\\/wp-content\\\/uploads\\\/2020\\\/10\\\/Logo-8.jpg\",\"contentUrl\":\"https:\\\/\\\/algarve7.pt\\\/wp-content\\\/uploads\\\/2020\\\/10\\\/Logo-8.jpg\",\"width\":1680,\"height\":1186,\"caption\":\"Algarve 7\"},\"image\":{\"@id\":\"https:\\\/\\\/algarve7.pt\\\/#\\\/schema\\\/logo\\\/image\\\/\"},\"sameAs\":[\"https:\\\/\\\/www.facebook.com\\\/algarve7\",\"https:\\\/\\\/x.com\\\/Algarvesete\",\"https:\\\/\\\/www.instagram.com\\\/jornalalgarve7\\\/\",\"https:\\\/\\\/www.linkedin.com\\\/company\\\/algarve7\",\"https:\\\/\\\/www.pinterest.pt\\\/geral0939\\\/_created\\\/\"]},{\"@type\":\"Person\",\"@id\":\"https:\\\/\\\/algarve7.pt\\\/#\\\/schema\\\/person\\\/23fa70681308e7b319a3204bcea45e0c\",\"name\":\"Algarve 7\",\"sameAs\":[\"https:\\\/\\\/algarve7.pt\",\"https:\\\/\\\/www.facebook.com\\\/algarve7\"],\"url\":\"https:\\\/\\\/algarve7.pt\\\/index.php\\\/author\\\/geralalgarve7-pt\\\/\"}]}<\/script>\n<!-- \/ Yoast SEO plugin. -->","yoast_head_json":{"title":"Mobilidade para todos na EB Jos\u00e9 Carlos da Maia com novo ascensor - Algarve 7","description":"A Escola B\u00e1sica Jos\u00e9 Carlos da Maia j\u00e1 tem em funcionamento um ascensor que permite total mobilidade no interior daquele estabelecimento de ensino concelhio. O equipamento foi hoje inaugurado pelo presidente do Munic\u00edpio de Olh\u00e3o, Ant\u00f3nio Miguel Pina, e pelo delegado regional de Educa\u00e7\u00e3o, Alexandre Lima.","robots":{"index":"index","follow":"follow","max-snippet":"max-snippet:-1","max-image-preview":"max-image-preview:large","max-video-preview":"max-video-preview:-1"},"canonical":"https:\/\/algarve7.pt\/index.php\/2020\/10\/mobilidade-para-todos-na-eb-jose-carlos-da-maia-com-novo-ascensor\/educacao\/19\/30\/","og_locale":"pt_PT","og_type":"article","og_title":"Mobilidade para todos na EB Jos\u00e9 Carlos da Maia com novo ascensor - Algarve 7","og_description":"A Escola B\u00e1sica Jos\u00e9 Carlos da Maia j\u00e1 tem em funcionamento um ascensor que permite total mobilidade no interior daquele estabelecimento de ensino concelhio. O equipamento foi hoje inaugurado pelo presidente do Munic\u00edpio de Olh\u00e3o, Ant\u00f3nio Miguel Pina, e pelo delegado regional de Educa\u00e7\u00e3o, Alexandre Lima.","og_url":"https:\/\/algarve7.pt\/index.php\/2020\/10\/mobilidade-para-todos-na-eb-jose-carlos-da-maia-com-novo-ascensor\/educacao\/19\/30\/","og_site_name":"Algarve 7","article_publisher":"https:\/\/www.facebook.com\/algarve7","article_author":"https:\/\/www.facebook.com\/algarve7","article_published_time":"2020-10-27T19:30:35+00:00","og_image":[{"width":1500,"height":1000,"url":"https:\/\/algarve7.pt\/wp-content\/uploads\/2020\/10\/2020-124-ascensor-jose-carlos-da-maia-01.jpg","type":"image\/jpeg"}],"author":"Algarve 7","twitter_card":"summary_large_image","twitter_creator":"@Algarvesete","twitter_site":"@Algarvesete","twitter_misc":{"Escrito por":"Algarve 7","Tempo estimado de leitura":"2 minutos"},"schema":{"@context":"https:\/\/schema.org","@graph":[{"@type":"Article","@id":"https:\/\/algarve7.pt\/index.php\/2020\/10\/mobilidade-para-todos-na-eb-jose-carlos-da-maia-com-novo-ascensor\/educacao\/19\/30\/#article","isPartOf":{"@id":"https:\/\/algarve7.pt\/index.php\/2020\/10\/mobilidade-para-todos-na-eb-jose-carlos-da-maia-com-novo-ascensor\/educacao\/19\/30\/"},"author":{"name":"Algarve 7","@id":"https:\/\/algarve7.pt\/#\/schema\/person\/23fa70681308e7b319a3204bcea45e0c"},"headline":"Mobilidade para todos na EB Jos\u00e9 Carlos da Maia com novo ascensor","datePublished":"2020-10-27T19:30:35+00:00","mainEntityOfPage":{"@id":"https:\/\/algarve7.pt\/index.php\/2020\/10\/mobilidade-para-todos-na-eb-jose-carlos-da-maia-com-novo-ascensor\/educacao\/19\/30\/"},"wordCount":403,"publisher":{"@id":"https:\/\/algarve7.pt\/#organization"},"image":{"@id":"https:\/\/algarve7.pt\/index.php\/2020\/10\/mobilidade-para-todos-na-eb-jose-carlos-da-maia-com-novo-ascensor\/educacao\/19\/30\/#primaryimage"},"thumbnailUrl":"https:\/\/algarve7.pt\/wp-content\/uploads\/2020\/10\/2020-124-ascensor-jose-carlos-da-maia-01.jpg","keywords":["Algarve","Educa\u00e7\u00e3o","Escola","Olh\u00e3o"],"articleSection":["Educa\u00e7\u00e3o"],"inLanguage":"pt-PT"},{"@type":"WebPage","@id":"https:\/\/algarve7.pt\/index.php\/2020\/10\/mobilidade-para-todos-na-eb-jose-carlos-da-maia-com-novo-ascensor\/educacao\/19\/30\/","url":"https:\/\/algarve7.pt\/index.php\/2020\/10\/mobilidade-para-todos-na-eb-jose-carlos-da-maia-com-novo-ascensor\/educacao\/19\/30\/","name":"Mobilidade para todos na EB Jos\u00e9 Carlos da Maia com novo ascensor - Algarve 7","isPartOf":{"@id":"https:\/\/algarve7.pt\/#website"},"primaryImageOfPage":{"@id":"https:\/\/algarve7.pt\/index.php\/2020\/10\/mobilidade-para-todos-na-eb-jose-carlos-da-maia-com-novo-ascensor\/educacao\/19\/30\/#primaryimage"},"image":{"@id":"https:\/\/algarve7.pt\/index.php\/2020\/10\/mobilidade-para-todos-na-eb-jose-carlos-da-maia-com-novo-ascensor\/educacao\/19\/30\/#primaryimage"},"thumbnailUrl":"https:\/\/algarve7.pt\/wp-content\/uploads\/2020\/10\/2020-124-ascensor-jose-carlos-da-maia-01.jpg","datePublished":"2020-10-27T19:30:35+00:00","description":"A Escola B\u00e1sica Jos\u00e9 Carlos da Maia j\u00e1 tem em funcionamento um ascensor que permite total mobilidade no interior daquele estabelecimento de ensino concelhio. O equipamento foi hoje inaugurado pelo presidente do Munic\u00edpio de Olh\u00e3o, Ant\u00f3nio Miguel Pina, e pelo delegado regional de Educa\u00e7\u00e3o, Alexandre Lima.","breadcrumb":{"@id":"https:\/\/algarve7.pt\/index.php\/2020\/10\/mobilidade-para-todos-na-eb-jose-carlos-da-maia-com-novo-ascensor\/educacao\/19\/30\/#breadcrumb"},"inLanguage":"pt-PT","potentialAction":[{"@type":"ReadAction","target":["https:\/\/algarve7.pt\/index.php\/2020\/10\/mobilidade-para-todos-na-eb-jose-carlos-da-maia-com-novo-ascensor\/educacao\/19\/30\/"]}]},{"@type":"ImageObject","inLanguage":"pt-PT","@id":"https:\/\/algarve7.pt\/index.php\/2020\/10\/mobilidade-para-todos-na-eb-jose-carlos-da-maia-com-novo-ascensor\/educacao\/19\/30\/#primaryimage","url":"https:\/\/algarve7.pt\/wp-content\/uploads\/2020\/10\/2020-124-ascensor-jose-carlos-da-maia-01.jpg","contentUrl":"https:\/\/algarve7.pt\/wp-content\/uploads\/2020\/10\/2020-124-ascensor-jose-carlos-da-maia-01.jpg","width":1500,"height":1000},{"@type":"BreadcrumbList","@id":"https:\/\/algarve7.pt\/index.php\/2020\/10\/mobilidade-para-todos-na-eb-jose-carlos-da-maia-com-novo-ascensor\/educacao\/19\/30\/#breadcrumb","itemListElement":[{"@type":"ListItem","position":1,"name":"In\u00edcio","item":"https:\/\/algarve7.pt\/"},{"@type":"ListItem","position":2,"name":"Mobilidade para todos na EB Jos\u00e9 Carlos da Maia com novo ascensor"}]},{"@type":"WebSite","@id":"https:\/\/algarve7.pt\/#website","url":"https:\/\/algarve7.pt\/","name":"Algarve 7","description":"Informa\u00e7\u00e3o sobre o Algarve","publisher":{"@id":"https:\/\/algarve7.pt\/#organization"},"potentialAction":[{"@type":"SearchAction","target":{"@type":"EntryPoint","urlTemplate":"https:\/\/algarve7.pt\/?s={search_term_string}"},"query-input":{"@type":"PropertyValueSpecification","valueRequired":true,"valueName":"search_term_string"}}],"inLanguage":"pt-PT"},{"@type":"Organization","@id":"https:\/\/algarve7.pt\/#organization","name":"Algarve 7","url":"https:\/\/algarve7.pt\/","logo":{"@type":"ImageObject","inLanguage":"pt-PT","@id":"https:\/\/algarve7.pt\/#\/schema\/logo\/image\/","url":"https:\/\/algarve7.pt\/wp-content\/uploads\/2020\/10\/Logo-8.jpg","contentUrl":"https:\/\/algarve7.pt\/wp-content\/uploads\/2020\/10\/Logo-8.jpg","width":1680,"height":1186,"caption":"Algarve 7"},"image":{"@id":"https:\/\/algarve7.pt\/#\/schema\/logo\/image\/"},"sameAs":["https:\/\/www.facebook.com\/algarve7","https:\/\/x.com\/Algarvesete","https:\/\/www.instagram.com\/jornalalgarve7\/","https:\/\/www.linkedin.com\/company\/algarve7","https:\/\/www.pinterest.pt\/geral0939\/_created\/"]},{"@type":"Person","@id":"https:\/\/algarve7.pt\/#\/schema\/person\/23fa70681308e7b319a3204bcea45e0c","name":"Algarve 7","sameAs":["https:\/\/algarve7.pt","https:\/\/www.facebook.com\/algarve7"],"url":"https:\/\/algarve7.pt\/index.php\/author\/geralalgarve7-pt\/"}]}},"jetpack_publicize_connections":[],"jetpack_featured_media_url":"https:\/\/algarve7.pt\/wp-content\/uploads\/2020\/10\/2020-124-ascensor-jose-carlos-da-maia-01.jpg","jetpack_shortlink":"https:\/\/wp.me\/pcezmW-Mz","jetpack_sharing_enabled":true,"_links":{"self":[{"href":"https:\/\/algarve7.pt\/index.php\/wp-json\/wp\/v2\/posts\/3011","targetHints":{"allow":["GET"]}}],"collection":[{"href":"https:\/\/algarve7.pt\/index.php\/wp-json\/wp\/v2\/posts"}],"about":[{"href":"https:\/\/algarve7.pt\/index.php\/wp-json\/wp\/v2\/types\/post"}],"author":[{"embeddable":true,"href":"https:\/\/algarve7.pt\/index.php\/wp-json\/wp\/v2\/users\/1"}],"replies":[{"embeddable":true,"href":"https:\/\/algarve7.pt\/index.php\/wp-json\/wp\/v2\/comments?post=3011"}],"version-history":[{"count":0,"href":"https:\/\/algarve7.pt\/index.php\/wp-json\/wp\/v2\/posts\/3011\/revisions"}],"wp:featuredmedia":[{"embeddable":true,"href":"https:\/\/algarve7.pt\/index.php\/wp-json\/wp\/v2\/media\/3012"}],"wp:attachment":[{"href":"https:\/\/algarve7.pt\/index.php\/wp-json\/wp\/v2\/media?parent=3011"}],"wp:term":[{"taxonomy":"category","embeddable":true,"href":"https:\/\/algarve7.pt\/index.php\/wp-json\/wp\/v2\/categories?post=3011"},{"taxonomy":"post_tag","embeddable":true,"href":"https:\/\/algarve7.pt\/index.php\/wp-json\/wp\/v2\/tags?post=3011"}],"curies":[{"name":"wp","href":"https:\/\/api.w.org\/{rel}","templated":true}]}}