{"id":30055,"date":"2023-08-10T09:20:00","date_gmt":"2023-08-10T08:20:00","guid":{"rendered":"https:\/\/algarve7.pt\/?p=30055"},"modified":"2023-08-09T18:13:31","modified_gmt":"2023-08-09T17:13:31","slug":"quim-barreiros-e-toy-marcam-presenca-da-42a-edicao-da-fatacil","status":"publish","type":"post","link":"https:\/\/algarve7.pt\/index.php\/2023\/08\/quim-barreiros-e-toy-marcam-presenca-da-42a-edicao-da-fatacil\/atualidade\/09\/20\/","title":{"rendered":"\u00a0Quim Barreiros e Toy marcam presen\u00e7a da 42\u00aa Edi\u00e7\u00e3o da FATACIL"},"content":{"rendered":"\n<p>A Feira de Artesanato, Turismo, Agricultura, Com\u00e9rcio e Ind\u00fastria de Lagoa \u2013 FATACIL est\u00e1 de volta, de 18 a 27 de agosto, e com ela grandes espet\u00e1culos musicais, tamb\u00e9m eles da m\u00fasica popular portuguesa. Na edi\u00e7\u00e3o deste ano teremos, no dia 21 de agosto, a atua\u00e7\u00e3o de Toy, e no dia 22 de agosto, a atua\u00e7\u00e3o de Quim Barreiros, no palco FATACIL. \u00a0\u00a0<\/p>\n\n\n\n<p>A FATACIL apresenta, todos os anos, um cartaz diversificado, com v\u00e1rios estilos musicais e artistas para todas as gera\u00e7\u00f5es. A edi\u00e7\u00e3o deste ano n\u00e3o ser\u00e1 exce\u00e7\u00e3o e tem no seu cartaz dois m\u00fasicos incontorn\u00e1veis da m\u00fasica popular portuguesa. Assim, Toy marcar\u00e1 presen\u00e7a, pela primeira vez, na maior feira a sul do Tejo. &nbsp;O aclamado artista marcar\u00e1 presen\u00e7a no palco FATACIL no dia 21 de agosto, pelas 22h30.<\/p>\n\n\n\n<p>\u201cVer\u00e3o e amor (cerveja no congelador)\u201d, \u201cCora\u00e7\u00e3o N\u00e3o Tem Idade (Vou Beijar)\u201d ou \u201c\u00c9s T\u00e3o Sensual\u201d \u2013 quem n\u00e3o conhece os refr\u00f5es destas m\u00fasicas de tr\u00e1s para a frente? Toy \u00e9 um dos artistas mais multifacetados do panorama musical nacional e uma das mais genu\u00ednas personalidades de Portugal, acarinhada por diferentes gera\u00e7\u00f5es, que sabem todas as suas letras e as elevam a hinos das festas de ver\u00e3o.<\/p>\n\n\n\n<p>Outro dos nomes apresentados pelo Munic\u00edpio de Lagoa \u00e9 o \u201cm\u00fasico da casa\u201d, Quim Barreiros. M\u00fasico com uma longa carreira, repleta de sucesso, come\u00e7ou a tocar nos anos 1970. Em 2021, o cantor celebrou 50 anos dedicados aos versos que todos decoram com um sorriso no rosto. &#8220;A Cabritinha&#8221;, &#8220;A Garagem da Vizinha&#8221;, &#8220;Bacalhau \u00c0 Portuguesa&#8221;, \u201cOs Bichos da Fazenda\u201d e o mais recente \u201cA \u00c1gua\u201d s\u00e3o, atualmente, os temas mais ouvidos do artista no Spotify.<\/p>\n\n\n\n<p>Nos mesmos dias (21 e 22 de agosto), no Palco Lagoa (palco secund\u00e1rio) atuam os Giletes D`A\u00e7o, entre as 20h30 e as 22h15, e as 1001 Noites de Acorde\u00e3o com o acordeonista Francisco Saboia, Pietro Adragna, Petar Maric e Lu\u00eds Mira e Mil e Uma Noites de Acorde\u00e3o, no mesmo hor\u00e1rio.<\/p>\n\n\n\n<p>Lagoa prepara-se assim para receber a 42\u00ba edi\u00e7\u00e3o da Feira de Artesanato, Turismo, Agricultura, Com\u00e9rcio, Ind\u00fastria de Lagoa (FATACIL), esta que ser\u00e1 a maior e melhor edi\u00e7\u00e3o de sempre da maior feira a sul do Tejo. O recinto da edi\u00e7\u00e3o deste ano ter\u00e1 mais 9 mil metros quadrados de \u00e1rea, cerca de 700 expositores, dezenas de m\u00fasicos, dezenas de espet\u00e1culos musicais, centenas de pontos de<\/p>\n\n\n\n<p>interesse, a maior Fun Zone de sempre e s\u00e3o esperados, em m\u00e9dia, mais de 20 mil visitantes por dia, no ano em que Lagoa comemora 250 anos da cria\u00e7\u00e3o do concelho. &nbsp;<\/p>\n\n\n\n<p>Os bilhetes ficar\u00e3o dispon\u00edveis para compra nos pr\u00f3ximos dias, tendo o bilhete di\u00e1rio um custo de 5 euros, o bilhete di\u00e1rio familiar um custo de 16 euros e o passe para os 10 dias o custo de 30 euros. As crian\u00e7as at\u00e9 aos 12 anos (inclusive) n\u00e3o pagam entrada, mediante apresenta\u00e7\u00e3o do Cart\u00e3o de Cidad\u00e3o. Os bilhetes poder\u00e3o ser comprados atrav\u00e9s da bilheteira online (a indicar brevemente), nos CTT, na Fnac, na Worten, no Centro Cultural Convento de S. Jos\u00e9, no Balc\u00e3o \u00danico e no local da feira, nas bilheteiras locais que estar\u00e3o abertas durante os dias da feira.<\/p>\n","protected":false},"excerpt":{"rendered":"<p>A Feira de Artesanato, Turismo, Agricultura, Com\u00e9rcio e Ind\u00fastria de Lagoa \u2013 FATACIL est\u00e1 de volta, de 18 a 27<\/p>\n","protected":false},"author":1,"featured_media":30056,"comment_status":"closed","ping_status":"open","sticky":false,"template":"","format":"standard","meta":{"colormag_page_container_layout":"default_layout","colormag_page_sidebar_layout":"default_layout","_monsterinsights_skip_tracking":false,"_monsterinsights_sitenote_active":false,"_monsterinsights_sitenote_note":"","_monsterinsights_sitenote_category":0,"jetpack_post_was_ever_published":false,"_jetpack_newsletter_access":"","_jetpack_dont_email_post_to_subs":false,"_jetpack_newsletter_tier_id":0,"_jetpack_memberships_contains_paywalled_content":false,"_jetpack_memberships_contains_paid_content":false,"footnotes":"","jetpack_publicize_message":"","jetpack_publicize_feature_enabled":true,"jetpack_social_post_already_shared":true,"jetpack_social_options":{"image_generator_settings":{"template":"highway","default_image_id":0,"font":"","enabled":false},"version":2}},"categories":[11],"tags":[36,62,604,48],"class_list":["post-30055","post","type-post","status-publish","format-standard","has-post-thumbnail","hentry","category-atualidade","tag-algarve","tag-atualidade","tag-fatacil","tag-lagoa"],"yoast_head":"<!-- This site is optimized with the Yoast SEO plugin v27.4 - https:\/\/yoast.com\/product\/yoast-seo-wordpress\/ -->\n<title>\u00a0Quim Barreiros e Toy marcam presen\u00e7a da 42\u00aa Edi\u00e7\u00e3o da FATACIL - Algarve 7<\/title>\n<meta name=\"description\" content=\"\u00a0Quim Barreiros e Toy marcam presen\u00e7a da 42\u00aa Edi\u00e7\u00e3o da FATACIL Atualidade\" \/>\n<meta name=\"robots\" content=\"index, follow, max-snippet:-1, max-image-preview:large, max-video-preview:-1\" \/>\n<link rel=\"canonical\" href=\"https:\/\/algarve7.pt\/index.php\/2023\/08\/quim-barreiros-e-toy-marcam-presenca-da-42a-edicao-da-fatacil\/atualidade\/09\/20\/\" \/>\n<meta property=\"og:locale\" content=\"pt_PT\" \/>\n<meta property=\"og:type\" content=\"article\" \/>\n<meta property=\"og:title\" content=\"\u00a0Quim Barreiros e Toy marcam presen\u00e7a da 42\u00aa Edi\u00e7\u00e3o da FATACIL - Algarve 7\" \/>\n<meta property=\"og:description\" content=\"\u00a0Quim Barreiros e Toy marcam presen\u00e7a da 42\u00aa Edi\u00e7\u00e3o da FATACIL Atualidade\" \/>\n<meta property=\"og:url\" content=\"https:\/\/algarve7.pt\/index.php\/2023\/08\/quim-barreiros-e-toy-marcam-presenca-da-42a-edicao-da-fatacil\/atualidade\/09\/20\/\" \/>\n<meta property=\"og:site_name\" content=\"Algarve 7\" \/>\n<meta property=\"article:publisher\" content=\"https:\/\/www.facebook.com\/algarve7\" \/>\n<meta property=\"article:author\" content=\"https:\/\/www.facebook.com\/algarve7\" \/>\n<meta property=\"article:published_time\" content=\"2023-08-10T08:20:00+00:00\" \/>\n<meta property=\"og:image\" content=\"https:\/\/algarve7.pt\/wp-content\/uploads\/2023\/08\/Captura-de-ecra-2023-08-09-as-18.09.59.png\" \/>\n\t<meta property=\"og:image:width\" content=\"1024\" \/>\n\t<meta property=\"og:image:height\" content=\"677\" \/>\n\t<meta property=\"og:image:type\" content=\"image\/png\" \/>\n<meta name=\"author\" content=\"Algarve 7\" \/>\n<meta name=\"twitter:card\" content=\"summary_large_image\" \/>\n<meta name=\"twitter:creator\" content=\"@Algarvesete\" \/>\n<meta name=\"twitter:site\" content=\"@Algarvesete\" \/>\n<meta name=\"twitter:label1\" content=\"Escrito por\" \/>\n\t<meta name=\"twitter:data1\" content=\"Algarve 7\" \/>\n\t<meta name=\"twitter:label2\" content=\"Tempo estimado de leitura\" \/>\n\t<meta name=\"twitter:data2\" content=\"3 minutos\" \/>\n<script type=\"application\/ld+json\" class=\"yoast-schema-graph\">{\"@context\":\"https:\\\/\\\/schema.org\",\"@graph\":[{\"@type\":\"Article\",\"@id\":\"https:\\\/\\\/algarve7.pt\\\/index.php\\\/2023\\\/08\\\/quim-barreiros-e-toy-marcam-presenca-da-42a-edicao-da-fatacil\\\/atualidade\\\/09\\\/20\\\/#article\",\"isPartOf\":{\"@id\":\"https:\\\/\\\/algarve7.pt\\\/index.php\\\/2023\\\/08\\\/quim-barreiros-e-toy-marcam-presenca-da-42a-edicao-da-fatacil\\\/atualidade\\\/09\\\/20\\\/\"},\"author\":{\"name\":\"Algarve 7\",\"@id\":\"https:\\\/\\\/algarve7.pt\\\/#\\\/schema\\\/person\\\/23fa70681308e7b319a3204bcea45e0c\"},\"headline\":\"\u00a0Quim Barreiros e Toy marcam presen\u00e7a da 42\u00aa Edi\u00e7\u00e3o da FATACIL\",\"datePublished\":\"2023-08-10T08:20:00+00:00\",\"mainEntityOfPage\":{\"@id\":\"https:\\\/\\\/algarve7.pt\\\/index.php\\\/2023\\\/08\\\/quim-barreiros-e-toy-marcam-presenca-da-42a-edicao-da-fatacil\\\/atualidade\\\/09\\\/20\\\/\"},\"wordCount\":571,\"publisher\":{\"@id\":\"https:\\\/\\\/algarve7.pt\\\/#organization\"},\"image\":{\"@id\":\"https:\\\/\\\/algarve7.pt\\\/index.php\\\/2023\\\/08\\\/quim-barreiros-e-toy-marcam-presenca-da-42a-edicao-da-fatacil\\\/atualidade\\\/09\\\/20\\\/#primaryimage\"},\"thumbnailUrl\":\"https:\\\/\\\/algarve7.pt\\\/wp-content\\\/uploads\\\/2023\\\/08\\\/Captura-de-ecra-2023-08-09-as-18.09.59.png\",\"keywords\":[\"Algarve\",\"Atualidade\",\"Fatacil\",\"Lagoa\"],\"articleSection\":[\"Atualidade\"],\"inLanguage\":\"pt-PT\"},{\"@type\":\"WebPage\",\"@id\":\"https:\\\/\\\/algarve7.pt\\\/index.php\\\/2023\\\/08\\\/quim-barreiros-e-toy-marcam-presenca-da-42a-edicao-da-fatacil\\\/atualidade\\\/09\\\/20\\\/\",\"url\":\"https:\\\/\\\/algarve7.pt\\\/index.php\\\/2023\\\/08\\\/quim-barreiros-e-toy-marcam-presenca-da-42a-edicao-da-fatacil\\\/atualidade\\\/09\\\/20\\\/\",\"name\":\"\u00a0Quim Barreiros e Toy marcam presen\u00e7a da 42\u00aa Edi\u00e7\u00e3o da FATACIL - Algarve 7\",\"isPartOf\":{\"@id\":\"https:\\\/\\\/algarve7.pt\\\/#website\"},\"primaryImageOfPage\":{\"@id\":\"https:\\\/\\\/algarve7.pt\\\/index.php\\\/2023\\\/08\\\/quim-barreiros-e-toy-marcam-presenca-da-42a-edicao-da-fatacil\\\/atualidade\\\/09\\\/20\\\/#primaryimage\"},\"image\":{\"@id\":\"https:\\\/\\\/algarve7.pt\\\/index.php\\\/2023\\\/08\\\/quim-barreiros-e-toy-marcam-presenca-da-42a-edicao-da-fatacil\\\/atualidade\\\/09\\\/20\\\/#primaryimage\"},\"thumbnailUrl\":\"https:\\\/\\\/algarve7.pt\\\/wp-content\\\/uploads\\\/2023\\\/08\\\/Captura-de-ecra-2023-08-09-as-18.09.59.png\",\"datePublished\":\"2023-08-10T08:20:00+00:00\",\"description\":\"\u00a0Quim Barreiros e Toy marcam presen\u00e7a da 42\u00aa Edi\u00e7\u00e3o da FATACIL Atualidade\",\"breadcrumb\":{\"@id\":\"https:\\\/\\\/algarve7.pt\\\/index.php\\\/2023\\\/08\\\/quim-barreiros-e-toy-marcam-presenca-da-42a-edicao-da-fatacil\\\/atualidade\\\/09\\\/20\\\/#breadcrumb\"},\"inLanguage\":\"pt-PT\",\"potentialAction\":[{\"@type\":\"ReadAction\",\"target\":[\"https:\\\/\\\/algarve7.pt\\\/index.php\\\/2023\\\/08\\\/quim-barreiros-e-toy-marcam-presenca-da-42a-edicao-da-fatacil\\\/atualidade\\\/09\\\/20\\\/\"]}]},{\"@type\":\"ImageObject\",\"inLanguage\":\"pt-PT\",\"@id\":\"https:\\\/\\\/algarve7.pt\\\/index.php\\\/2023\\\/08\\\/quim-barreiros-e-toy-marcam-presenca-da-42a-edicao-da-fatacil\\\/atualidade\\\/09\\\/20\\\/#primaryimage\",\"url\":\"https:\\\/\\\/algarve7.pt\\\/wp-content\\\/uploads\\\/2023\\\/08\\\/Captura-de-ecra-2023-08-09-as-18.09.59.png\",\"contentUrl\":\"https:\\\/\\\/algarve7.pt\\\/wp-content\\\/uploads\\\/2023\\\/08\\\/Captura-de-ecra-2023-08-09-as-18.09.59.png\",\"width\":1024,\"height\":677},{\"@type\":\"BreadcrumbList\",\"@id\":\"https:\\\/\\\/algarve7.pt\\\/index.php\\\/2023\\\/08\\\/quim-barreiros-e-toy-marcam-presenca-da-42a-edicao-da-fatacil\\\/atualidade\\\/09\\\/20\\\/#breadcrumb\",\"itemListElement\":[{\"@type\":\"ListItem\",\"position\":1,\"name\":\"In\u00edcio\",\"item\":\"https:\\\/\\\/algarve7.pt\\\/\"},{\"@type\":\"ListItem\",\"position\":2,\"name\":\"\u00a0Quim Barreiros e Toy marcam presen\u00e7a da 42\u00aa Edi\u00e7\u00e3o da FATACIL\"}]},{\"@type\":\"WebSite\",\"@id\":\"https:\\\/\\\/algarve7.pt\\\/#website\",\"url\":\"https:\\\/\\\/algarve7.pt\\\/\",\"name\":\"Algarve 7\",\"description\":\"Informa\u00e7\u00e3o sobre o Algarve\",\"publisher\":{\"@id\":\"https:\\\/\\\/algarve7.pt\\\/#organization\"},\"potentialAction\":[{\"@type\":\"SearchAction\",\"target\":{\"@type\":\"EntryPoint\",\"urlTemplate\":\"https:\\\/\\\/algarve7.pt\\\/?s={search_term_string}\"},\"query-input\":{\"@type\":\"PropertyValueSpecification\",\"valueRequired\":true,\"valueName\":\"search_term_string\"}}],\"inLanguage\":\"pt-PT\"},{\"@type\":\"Organization\",\"@id\":\"https:\\\/\\\/algarve7.pt\\\/#organization\",\"name\":\"Algarve 7\",\"url\":\"https:\\\/\\\/algarve7.pt\\\/\",\"logo\":{\"@type\":\"ImageObject\",\"inLanguage\":\"pt-PT\",\"@id\":\"https:\\\/\\\/algarve7.pt\\\/#\\\/schema\\\/logo\\\/image\\\/\",\"url\":\"https:\\\/\\\/algarve7.pt\\\/wp-content\\\/uploads\\\/2020\\\/10\\\/Logo-8.jpg\",\"contentUrl\":\"https:\\\/\\\/algarve7.pt\\\/wp-content\\\/uploads\\\/2020\\\/10\\\/Logo-8.jpg\",\"width\":1680,\"height\":1186,\"caption\":\"Algarve 7\"},\"image\":{\"@id\":\"https:\\\/\\\/algarve7.pt\\\/#\\\/schema\\\/logo\\\/image\\\/\"},\"sameAs\":[\"https:\\\/\\\/www.facebook.com\\\/algarve7\",\"https:\\\/\\\/x.com\\\/Algarvesete\",\"https:\\\/\\\/www.instagram.com\\\/jornalalgarve7\\\/\",\"https:\\\/\\\/www.linkedin.com\\\/company\\\/algarve7\",\"https:\\\/\\\/www.pinterest.pt\\\/geral0939\\\/_created\\\/\"]},{\"@type\":\"Person\",\"@id\":\"https:\\\/\\\/algarve7.pt\\\/#\\\/schema\\\/person\\\/23fa70681308e7b319a3204bcea45e0c\",\"name\":\"Algarve 7\",\"sameAs\":[\"https:\\\/\\\/algarve7.pt\",\"https:\\\/\\\/www.facebook.com\\\/algarve7\"],\"url\":\"https:\\\/\\\/algarve7.pt\\\/index.php\\\/author\\\/geralalgarve7-pt\\\/\"}]}<\/script>\n<!-- \/ Yoast SEO plugin. -->","yoast_head_json":{"title":"\u00a0Quim Barreiros e Toy marcam presen\u00e7a da 42\u00aa Edi\u00e7\u00e3o da FATACIL - Algarve 7","description":"\u00a0Quim Barreiros e Toy marcam presen\u00e7a da 42\u00aa Edi\u00e7\u00e3o da FATACIL Atualidade","robots":{"index":"index","follow":"follow","max-snippet":"max-snippet:-1","max-image-preview":"max-image-preview:large","max-video-preview":"max-video-preview:-1"},"canonical":"https:\/\/algarve7.pt\/index.php\/2023\/08\/quim-barreiros-e-toy-marcam-presenca-da-42a-edicao-da-fatacil\/atualidade\/09\/20\/","og_locale":"pt_PT","og_type":"article","og_title":"\u00a0Quim Barreiros e Toy marcam presen\u00e7a da 42\u00aa Edi\u00e7\u00e3o da FATACIL - Algarve 7","og_description":"\u00a0Quim Barreiros e Toy marcam presen\u00e7a da 42\u00aa Edi\u00e7\u00e3o da FATACIL Atualidade","og_url":"https:\/\/algarve7.pt\/index.php\/2023\/08\/quim-barreiros-e-toy-marcam-presenca-da-42a-edicao-da-fatacil\/atualidade\/09\/20\/","og_site_name":"Algarve 7","article_publisher":"https:\/\/www.facebook.com\/algarve7","article_author":"https:\/\/www.facebook.com\/algarve7","article_published_time":"2023-08-10T08:20:00+00:00","og_image":[{"width":1024,"height":677,"url":"https:\/\/algarve7.pt\/wp-content\/uploads\/2023\/08\/Captura-de-ecra-2023-08-09-as-18.09.59.png","type":"image\/png"}],"author":"Algarve 7","twitter_card":"summary_large_image","twitter_creator":"@Algarvesete","twitter_site":"@Algarvesete","twitter_misc":{"Escrito por":"Algarve 7","Tempo estimado de leitura":"3 minutos"},"schema":{"@context":"https:\/\/schema.org","@graph":[{"@type":"Article","@id":"https:\/\/algarve7.pt\/index.php\/2023\/08\/quim-barreiros-e-toy-marcam-presenca-da-42a-edicao-da-fatacil\/atualidade\/09\/20\/#article","isPartOf":{"@id":"https:\/\/algarve7.pt\/index.php\/2023\/08\/quim-barreiros-e-toy-marcam-presenca-da-42a-edicao-da-fatacil\/atualidade\/09\/20\/"},"author":{"name":"Algarve 7","@id":"https:\/\/algarve7.pt\/#\/schema\/person\/23fa70681308e7b319a3204bcea45e0c"},"headline":"\u00a0Quim Barreiros e Toy marcam presen\u00e7a da 42\u00aa Edi\u00e7\u00e3o da FATACIL","datePublished":"2023-08-10T08:20:00+00:00","mainEntityOfPage":{"@id":"https:\/\/algarve7.pt\/index.php\/2023\/08\/quim-barreiros-e-toy-marcam-presenca-da-42a-edicao-da-fatacil\/atualidade\/09\/20\/"},"wordCount":571,"publisher":{"@id":"https:\/\/algarve7.pt\/#organization"},"image":{"@id":"https:\/\/algarve7.pt\/index.php\/2023\/08\/quim-barreiros-e-toy-marcam-presenca-da-42a-edicao-da-fatacil\/atualidade\/09\/20\/#primaryimage"},"thumbnailUrl":"https:\/\/algarve7.pt\/wp-content\/uploads\/2023\/08\/Captura-de-ecra-2023-08-09-as-18.09.59.png","keywords":["Algarve","Atualidade","Fatacil","Lagoa"],"articleSection":["Atualidade"],"inLanguage":"pt-PT"},{"@type":"WebPage","@id":"https:\/\/algarve7.pt\/index.php\/2023\/08\/quim-barreiros-e-toy-marcam-presenca-da-42a-edicao-da-fatacil\/atualidade\/09\/20\/","url":"https:\/\/algarve7.pt\/index.php\/2023\/08\/quim-barreiros-e-toy-marcam-presenca-da-42a-edicao-da-fatacil\/atualidade\/09\/20\/","name":"\u00a0Quim Barreiros e Toy marcam presen\u00e7a da 42\u00aa Edi\u00e7\u00e3o da FATACIL - Algarve 7","isPartOf":{"@id":"https:\/\/algarve7.pt\/#website"},"primaryImageOfPage":{"@id":"https:\/\/algarve7.pt\/index.php\/2023\/08\/quim-barreiros-e-toy-marcam-presenca-da-42a-edicao-da-fatacil\/atualidade\/09\/20\/#primaryimage"},"image":{"@id":"https:\/\/algarve7.pt\/index.php\/2023\/08\/quim-barreiros-e-toy-marcam-presenca-da-42a-edicao-da-fatacil\/atualidade\/09\/20\/#primaryimage"},"thumbnailUrl":"https:\/\/algarve7.pt\/wp-content\/uploads\/2023\/08\/Captura-de-ecra-2023-08-09-as-18.09.59.png","datePublished":"2023-08-10T08:20:00+00:00","description":"\u00a0Quim Barreiros e Toy marcam presen\u00e7a da 42\u00aa Edi\u00e7\u00e3o da FATACIL Atualidade","breadcrumb":{"@id":"https:\/\/algarve7.pt\/index.php\/2023\/08\/quim-barreiros-e-toy-marcam-presenca-da-42a-edicao-da-fatacil\/atualidade\/09\/20\/#breadcrumb"},"inLanguage":"pt-PT","potentialAction":[{"@type":"ReadAction","target":["https:\/\/algarve7.pt\/index.php\/2023\/08\/quim-barreiros-e-toy-marcam-presenca-da-42a-edicao-da-fatacil\/atualidade\/09\/20\/"]}]},{"@type":"ImageObject","inLanguage":"pt-PT","@id":"https:\/\/algarve7.pt\/index.php\/2023\/08\/quim-barreiros-e-toy-marcam-presenca-da-42a-edicao-da-fatacil\/atualidade\/09\/20\/#primaryimage","url":"https:\/\/algarve7.pt\/wp-content\/uploads\/2023\/08\/Captura-de-ecra-2023-08-09-as-18.09.59.png","contentUrl":"https:\/\/algarve7.pt\/wp-content\/uploads\/2023\/08\/Captura-de-ecra-2023-08-09-as-18.09.59.png","width":1024,"height":677},{"@type":"BreadcrumbList","@id":"https:\/\/algarve7.pt\/index.php\/2023\/08\/quim-barreiros-e-toy-marcam-presenca-da-42a-edicao-da-fatacil\/atualidade\/09\/20\/#breadcrumb","itemListElement":[{"@type":"ListItem","position":1,"name":"In\u00edcio","item":"https:\/\/algarve7.pt\/"},{"@type":"ListItem","position":2,"name":"\u00a0Quim Barreiros e Toy marcam presen\u00e7a da 42\u00aa Edi\u00e7\u00e3o da FATACIL"}]},{"@type":"WebSite","@id":"https:\/\/algarve7.pt\/#website","url":"https:\/\/algarve7.pt\/","name":"Algarve 7","description":"Informa\u00e7\u00e3o sobre o Algarve","publisher":{"@id":"https:\/\/algarve7.pt\/#organization"},"potentialAction":[{"@type":"SearchAction","target":{"@type":"EntryPoint","urlTemplate":"https:\/\/algarve7.pt\/?s={search_term_string}"},"query-input":{"@type":"PropertyValueSpecification","valueRequired":true,"valueName":"search_term_string"}}],"inLanguage":"pt-PT"},{"@type":"Organization","@id":"https:\/\/algarve7.pt\/#organization","name":"Algarve 7","url":"https:\/\/algarve7.pt\/","logo":{"@type":"ImageObject","inLanguage":"pt-PT","@id":"https:\/\/algarve7.pt\/#\/schema\/logo\/image\/","url":"https:\/\/algarve7.pt\/wp-content\/uploads\/2020\/10\/Logo-8.jpg","contentUrl":"https:\/\/algarve7.pt\/wp-content\/uploads\/2020\/10\/Logo-8.jpg","width":1680,"height":1186,"caption":"Algarve 7"},"image":{"@id":"https:\/\/algarve7.pt\/#\/schema\/logo\/image\/"},"sameAs":["https:\/\/www.facebook.com\/algarve7","https:\/\/x.com\/Algarvesete","https:\/\/www.instagram.com\/jornalalgarve7\/","https:\/\/www.linkedin.com\/company\/algarve7","https:\/\/www.pinterest.pt\/geral0939\/_created\/"]},{"@type":"Person","@id":"https:\/\/algarve7.pt\/#\/schema\/person\/23fa70681308e7b319a3204bcea45e0c","name":"Algarve 7","sameAs":["https:\/\/algarve7.pt","https:\/\/www.facebook.com\/algarve7"],"url":"https:\/\/algarve7.pt\/index.php\/author\/geralalgarve7-pt\/"}]}},"jetpack_publicize_connections":[],"jetpack_featured_media_url":"https:\/\/algarve7.pt\/wp-content\/uploads\/2023\/08\/Captura-de-ecra-2023-08-09-as-18.09.59.png","jetpack_shortlink":"https:\/\/wp.me\/pcezmW-7OL","jetpack_sharing_enabled":true,"_links":{"self":[{"href":"https:\/\/algarve7.pt\/index.php\/wp-json\/wp\/v2\/posts\/30055","targetHints":{"allow":["GET"]}}],"collection":[{"href":"https:\/\/algarve7.pt\/index.php\/wp-json\/wp\/v2\/posts"}],"about":[{"href":"https:\/\/algarve7.pt\/index.php\/wp-json\/wp\/v2\/types\/post"}],"author":[{"embeddable":true,"href":"https:\/\/algarve7.pt\/index.php\/wp-json\/wp\/v2\/users\/1"}],"replies":[{"embeddable":true,"href":"https:\/\/algarve7.pt\/index.php\/wp-json\/wp\/v2\/comments?post=30055"}],"version-history":[{"count":0,"href":"https:\/\/algarve7.pt\/index.php\/wp-json\/wp\/v2\/posts\/30055\/revisions"}],"wp:featuredmedia":[{"embeddable":true,"href":"https:\/\/algarve7.pt\/index.php\/wp-json\/wp\/v2\/media\/30056"}],"wp:attachment":[{"href":"https:\/\/algarve7.pt\/index.php\/wp-json\/wp\/v2\/media?parent=30055"}],"wp:term":[{"taxonomy":"category","embeddable":true,"href":"https:\/\/algarve7.pt\/index.php\/wp-json\/wp\/v2\/categories?post=30055"},{"taxonomy":"post_tag","embeddable":true,"href":"https:\/\/algarve7.pt\/index.php\/wp-json\/wp\/v2\/tags?post=30055"}],"curies":[{"name":"wp","href":"https:\/\/api.w.org\/{rel}","templated":true}]}}