{"id":30023,"date":"2023-08-08T11:57:17","date_gmt":"2023-08-08T10:57:17","guid":{"rendered":"https:\/\/algarve7.pt\/?p=30023"},"modified":"2023-08-08T11:57:19","modified_gmt":"2023-08-08T10:57:19","slug":"confederacao-empresarial-da-cplp-reune-70-empresarios-no-algarve","status":"publish","type":"post","link":"https:\/\/algarve7.pt\/index.php\/2023\/08\/confederacao-empresarial-da-cplp-reune-70-empresarios-no-algarve\/atualidade\/11\/57\/","title":{"rendered":"Confedera\u00e7\u00e3o Empresarial da CPLP re\u00fane 70 empres\u00e1rios no Algarve"},"content":{"rendered":"\n<p>A Confedera\u00e7\u00e3o Empresarial da Comunidade de Pa\u00edses de L\u00edngua Portuguesa (CE-CPLP) reuniu, em Albufeira, mais de 70 empres\u00e1rios, diplomatas e pol\u00edticos para debaterem as oportunidades de neg\u00f3cio no mercado da lusofonia.<\/p>\n\n\n\n<p>A iniciativa, inserida no \u00e2mbito do Clube de Empres\u00e1rios da CE-CPLP, contou ainda com as presen\u00e7as da C\u00f4nsul-Geral de Angola, Vic\u00eancia de Brito, do Embaixador da Guin\u00e9 Equatorial, Tito Mba Ada, da primeira-secret\u00e1ria da Guin\u00e9-Bissau, Elaine Pires Dias, e do Embaixador do Paraguai, Julio Van Humbeck<\/p>\n\n\n\n<p>A CE-CPLP tem como prop\u00f3sito alargar o posicionamento econ\u00f3mico da comunidade \u00e0 escala mundial, sendo a pot\u00eancia China e Macau mercados de extrema relev\u00e2ncia. Nesse sentido, neste encontro esteve ainda presente Wu Zhiwei, rec\u00e9m-eleito delegado local da CE-CPLP e vice-presidente da C\u00e2mara de Com\u00e9rcio e Ind\u00fastria Luso-Chinesa.<\/p>\n\n\n\n<p>Sebasti\u00e3o Bugalho foi o orador convidado e na sua interven\u00e7\u00e3o fez uma an\u00e1lise da economia mundial, destacando que apesar do aparente momento de tens\u00e3o pol\u00edtica, a economia n\u00e3o abranda e as trocas comerciais entre China e EUA continuam a aumentar. Sublinhou ainda que o mercado econ\u00f3mico da CPLP poder\u00e1 igualmente crescer na pr\u00f3xima d\u00e9cada, nomeadamente nos setores agr\u00edcola, energ\u00e9tico e tecnol\u00f3gico.<\/p>\n\n\n\n<p>No encontro organizado pela confedera\u00e7\u00e3o presidida por Nelma Fernandes estiveram tamb\u00e9m presentes Jos\u00e9 Rolo, Presidente da C\u00e2mara Municipal de Albufeira, Rog\u00e9rio Bacalhau, Presidente da C\u00e2mara Municipal de Faro, Jos\u00e9 Apolin\u00e1rio, Presidente da CCDR Algarve e Reinaldo Teixeira, Delegado da CE-CPLP no Algarve.<\/p>\n","protected":false},"excerpt":{"rendered":"<p>A Confedera\u00e7\u00e3o Empresarial da Comunidade de Pa\u00edses de L\u00edngua Portuguesa (CE-CPLP) reuniu, em Albufeira, mais de 70 empres\u00e1rios, diplomatas e<\/p>\n","protected":false},"author":1,"featured_media":30024,"comment_status":"closed","ping_status":"open","sticky":false,"template":"","format":"standard","meta":{"colormag_page_container_layout":"default_layout","colormag_page_sidebar_layout":"default_layout","_monsterinsights_skip_tracking":false,"_monsterinsights_sitenote_active":false,"_monsterinsights_sitenote_note":"","_monsterinsights_sitenote_category":0,"jetpack_post_was_ever_published":false,"_jetpack_newsletter_access":"","_jetpack_dont_email_post_to_subs":false,"_jetpack_newsletter_tier_id":0,"_jetpack_memberships_contains_paywalled_content":false,"_jetpack_memberships_contains_paid_content":false,"footnotes":"","jetpack_publicize_message":"","jetpack_publicize_feature_enabled":true,"jetpack_social_post_already_shared":true,"jetpack_social_options":{"image_generator_settings":{"template":"highway","default_image_id":0,"font":"","enabled":false},"version":2}},"categories":[11],"tags":[155,36,62,361],"class_list":["post-30023","post","type-post","status-publish","format-standard","has-post-thumbnail","hentry","category-atualidade","tag-albufeira","tag-algarve","tag-atualidade","tag-cplp"],"yoast_head":"<!-- This site is optimized with the Yoast SEO plugin v27.4 - https:\/\/yoast.com\/product\/yoast-seo-wordpress\/ -->\n<title>Confedera\u00e7\u00e3o Empresarial da CPLP re\u00fane 70 empres\u00e1rios no Algarve - Algarve 7<\/title>\n<meta name=\"description\" content=\"Confedera\u00e7\u00e3o Empresarial da CPLP re\u00fane 70 empres\u00e1rios no Algarve Atualidade\" \/>\n<meta name=\"robots\" content=\"index, follow, max-snippet:-1, max-image-preview:large, max-video-preview:-1\" \/>\n<link rel=\"canonical\" href=\"https:\/\/algarve7.pt\/index.php\/2023\/08\/confederacao-empresarial-da-cplp-reune-70-empresarios-no-algarve\/atualidade\/11\/57\/\" \/>\n<meta property=\"og:locale\" content=\"pt_PT\" \/>\n<meta property=\"og:type\" content=\"article\" \/>\n<meta property=\"og:title\" content=\"Confedera\u00e7\u00e3o Empresarial da CPLP re\u00fane 70 empres\u00e1rios no Algarve - Algarve 7\" \/>\n<meta property=\"og:description\" content=\"Confedera\u00e7\u00e3o Empresarial da CPLP re\u00fane 70 empres\u00e1rios no Algarve Atualidade\" \/>\n<meta property=\"og:url\" content=\"https:\/\/algarve7.pt\/index.php\/2023\/08\/confederacao-empresarial-da-cplp-reune-70-empresarios-no-algarve\/atualidade\/11\/57\/\" \/>\n<meta property=\"og:site_name\" content=\"Algarve 7\" \/>\n<meta property=\"article:publisher\" content=\"https:\/\/www.facebook.com\/algarve7\" \/>\n<meta property=\"article:author\" content=\"https:\/\/www.facebook.com\/algarve7\" \/>\n<meta property=\"article:published_time\" content=\"2023-08-08T10:57:17+00:00\" \/>\n<meta property=\"article:modified_time\" content=\"2023-08-08T10:57:19+00:00\" \/>\n<meta property=\"og:image\" content=\"https:\/\/algarve7.pt\/wp-content\/uploads\/2023\/08\/CE_CPLP-Algarve_2.jpg\" \/>\n\t<meta property=\"og:image:width\" content=\"1024\" \/>\n\t<meta property=\"og:image:height\" content=\"682\" \/>\n\t<meta property=\"og:image:type\" content=\"image\/jpeg\" \/>\n<meta name=\"author\" content=\"Algarve 7\" \/>\n<meta name=\"twitter:card\" content=\"summary_large_image\" \/>\n<meta name=\"twitter:creator\" content=\"@Algarvesete\" \/>\n<meta name=\"twitter:site\" content=\"@Algarvesete\" \/>\n<meta name=\"twitter:label1\" content=\"Escrito por\" \/>\n\t<meta name=\"twitter:data1\" content=\"Algarve 7\" \/>\n\t<meta name=\"twitter:label2\" content=\"Tempo estimado de leitura\" \/>\n\t<meta name=\"twitter:data2\" content=\"2 minutos\" \/>\n<script type=\"application\/ld+json\" class=\"yoast-schema-graph\">{\"@context\":\"https:\\\/\\\/schema.org\",\"@graph\":[{\"@type\":\"Article\",\"@id\":\"https:\\\/\\\/algarve7.pt\\\/index.php\\\/2023\\\/08\\\/confederacao-empresarial-da-cplp-reune-70-empresarios-no-algarve\\\/atualidade\\\/11\\\/57\\\/#article\",\"isPartOf\":{\"@id\":\"https:\\\/\\\/algarve7.pt\\\/index.php\\\/2023\\\/08\\\/confederacao-empresarial-da-cplp-reune-70-empresarios-no-algarve\\\/atualidade\\\/11\\\/57\\\/\"},\"author\":{\"name\":\"Algarve 7\",\"@id\":\"https:\\\/\\\/algarve7.pt\\\/#\\\/schema\\\/person\\\/23fa70681308e7b319a3204bcea45e0c\"},\"headline\":\"Confedera\u00e7\u00e3o Empresarial da CPLP re\u00fane 70 empres\u00e1rios no Algarve\",\"datePublished\":\"2023-08-08T10:57:17+00:00\",\"dateModified\":\"2023-08-08T10:57:19+00:00\",\"mainEntityOfPage\":{\"@id\":\"https:\\\/\\\/algarve7.pt\\\/index.php\\\/2023\\\/08\\\/confederacao-empresarial-da-cplp-reune-70-empresarios-no-algarve\\\/atualidade\\\/11\\\/57\\\/\"},\"wordCount\":274,\"publisher\":{\"@id\":\"https:\\\/\\\/algarve7.pt\\\/#organization\"},\"image\":{\"@id\":\"https:\\\/\\\/algarve7.pt\\\/index.php\\\/2023\\\/08\\\/confederacao-empresarial-da-cplp-reune-70-empresarios-no-algarve\\\/atualidade\\\/11\\\/57\\\/#primaryimage\"},\"thumbnailUrl\":\"https:\\\/\\\/algarve7.pt\\\/wp-content\\\/uploads\\\/2023\\\/08\\\/CE_CPLP-Algarve_2.jpg\",\"keywords\":[\"Albufeira\",\"Algarve\",\"Atualidade\",\"CPLP\"],\"articleSection\":[\"Atualidade\"],\"inLanguage\":\"pt-PT\"},{\"@type\":\"WebPage\",\"@id\":\"https:\\\/\\\/algarve7.pt\\\/index.php\\\/2023\\\/08\\\/confederacao-empresarial-da-cplp-reune-70-empresarios-no-algarve\\\/atualidade\\\/11\\\/57\\\/\",\"url\":\"https:\\\/\\\/algarve7.pt\\\/index.php\\\/2023\\\/08\\\/confederacao-empresarial-da-cplp-reune-70-empresarios-no-algarve\\\/atualidade\\\/11\\\/57\\\/\",\"name\":\"Confedera\u00e7\u00e3o Empresarial da CPLP re\u00fane 70 empres\u00e1rios no Algarve - Algarve 7\",\"isPartOf\":{\"@id\":\"https:\\\/\\\/algarve7.pt\\\/#website\"},\"primaryImageOfPage\":{\"@id\":\"https:\\\/\\\/algarve7.pt\\\/index.php\\\/2023\\\/08\\\/confederacao-empresarial-da-cplp-reune-70-empresarios-no-algarve\\\/atualidade\\\/11\\\/57\\\/#primaryimage\"},\"image\":{\"@id\":\"https:\\\/\\\/algarve7.pt\\\/index.php\\\/2023\\\/08\\\/confederacao-empresarial-da-cplp-reune-70-empresarios-no-algarve\\\/atualidade\\\/11\\\/57\\\/#primaryimage\"},\"thumbnailUrl\":\"https:\\\/\\\/algarve7.pt\\\/wp-content\\\/uploads\\\/2023\\\/08\\\/CE_CPLP-Algarve_2.jpg\",\"datePublished\":\"2023-08-08T10:57:17+00:00\",\"dateModified\":\"2023-08-08T10:57:19+00:00\",\"description\":\"Confedera\u00e7\u00e3o Empresarial da CPLP re\u00fane 70 empres\u00e1rios no Algarve Atualidade\",\"breadcrumb\":{\"@id\":\"https:\\\/\\\/algarve7.pt\\\/index.php\\\/2023\\\/08\\\/confederacao-empresarial-da-cplp-reune-70-empresarios-no-algarve\\\/atualidade\\\/11\\\/57\\\/#breadcrumb\"},\"inLanguage\":\"pt-PT\",\"potentialAction\":[{\"@type\":\"ReadAction\",\"target\":[\"https:\\\/\\\/algarve7.pt\\\/index.php\\\/2023\\\/08\\\/confederacao-empresarial-da-cplp-reune-70-empresarios-no-algarve\\\/atualidade\\\/11\\\/57\\\/\"]}]},{\"@type\":\"ImageObject\",\"inLanguage\":\"pt-PT\",\"@id\":\"https:\\\/\\\/algarve7.pt\\\/index.php\\\/2023\\\/08\\\/confederacao-empresarial-da-cplp-reune-70-empresarios-no-algarve\\\/atualidade\\\/11\\\/57\\\/#primaryimage\",\"url\":\"https:\\\/\\\/algarve7.pt\\\/wp-content\\\/uploads\\\/2023\\\/08\\\/CE_CPLP-Algarve_2.jpg\",\"contentUrl\":\"https:\\\/\\\/algarve7.pt\\\/wp-content\\\/uploads\\\/2023\\\/08\\\/CE_CPLP-Algarve_2.jpg\",\"width\":1024,\"height\":682},{\"@type\":\"BreadcrumbList\",\"@id\":\"https:\\\/\\\/algarve7.pt\\\/index.php\\\/2023\\\/08\\\/confederacao-empresarial-da-cplp-reune-70-empresarios-no-algarve\\\/atualidade\\\/11\\\/57\\\/#breadcrumb\",\"itemListElement\":[{\"@type\":\"ListItem\",\"position\":1,\"name\":\"In\u00edcio\",\"item\":\"https:\\\/\\\/algarve7.pt\\\/\"},{\"@type\":\"ListItem\",\"position\":2,\"name\":\"Confedera\u00e7\u00e3o Empresarial da CPLP re\u00fane 70 empres\u00e1rios no Algarve\"}]},{\"@type\":\"WebSite\",\"@id\":\"https:\\\/\\\/algarve7.pt\\\/#website\",\"url\":\"https:\\\/\\\/algarve7.pt\\\/\",\"name\":\"Algarve 7\",\"description\":\"Informa\u00e7\u00e3o sobre o Algarve\",\"publisher\":{\"@id\":\"https:\\\/\\\/algarve7.pt\\\/#organization\"},\"potentialAction\":[{\"@type\":\"SearchAction\",\"target\":{\"@type\":\"EntryPoint\",\"urlTemplate\":\"https:\\\/\\\/algarve7.pt\\\/?s={search_term_string}\"},\"query-input\":{\"@type\":\"PropertyValueSpecification\",\"valueRequired\":true,\"valueName\":\"search_term_string\"}}],\"inLanguage\":\"pt-PT\"},{\"@type\":\"Organization\",\"@id\":\"https:\\\/\\\/algarve7.pt\\\/#organization\",\"name\":\"Algarve 7\",\"url\":\"https:\\\/\\\/algarve7.pt\\\/\",\"logo\":{\"@type\":\"ImageObject\",\"inLanguage\":\"pt-PT\",\"@id\":\"https:\\\/\\\/algarve7.pt\\\/#\\\/schema\\\/logo\\\/image\\\/\",\"url\":\"https:\\\/\\\/algarve7.pt\\\/wp-content\\\/uploads\\\/2020\\\/10\\\/Logo-8.jpg\",\"contentUrl\":\"https:\\\/\\\/algarve7.pt\\\/wp-content\\\/uploads\\\/2020\\\/10\\\/Logo-8.jpg\",\"width\":1680,\"height\":1186,\"caption\":\"Algarve 7\"},\"image\":{\"@id\":\"https:\\\/\\\/algarve7.pt\\\/#\\\/schema\\\/logo\\\/image\\\/\"},\"sameAs\":[\"https:\\\/\\\/www.facebook.com\\\/algarve7\",\"https:\\\/\\\/x.com\\\/Algarvesete\",\"https:\\\/\\\/www.instagram.com\\\/jornalalgarve7\\\/\",\"https:\\\/\\\/www.linkedin.com\\\/company\\\/algarve7\",\"https:\\\/\\\/www.pinterest.pt\\\/geral0939\\\/_created\\\/\"]},{\"@type\":\"Person\",\"@id\":\"https:\\\/\\\/algarve7.pt\\\/#\\\/schema\\\/person\\\/23fa70681308e7b319a3204bcea45e0c\",\"name\":\"Algarve 7\",\"sameAs\":[\"https:\\\/\\\/algarve7.pt\",\"https:\\\/\\\/www.facebook.com\\\/algarve7\"],\"url\":\"https:\\\/\\\/algarve7.pt\\\/index.php\\\/author\\\/geralalgarve7-pt\\\/\"}]}<\/script>\n<!-- \/ Yoast SEO plugin. -->","yoast_head_json":{"title":"Confedera\u00e7\u00e3o Empresarial da CPLP re\u00fane 70 empres\u00e1rios no Algarve - Algarve 7","description":"Confedera\u00e7\u00e3o Empresarial da CPLP re\u00fane 70 empres\u00e1rios no Algarve Atualidade","robots":{"index":"index","follow":"follow","max-snippet":"max-snippet:-1","max-image-preview":"max-image-preview:large","max-video-preview":"max-video-preview:-1"},"canonical":"https:\/\/algarve7.pt\/index.php\/2023\/08\/confederacao-empresarial-da-cplp-reune-70-empresarios-no-algarve\/atualidade\/11\/57\/","og_locale":"pt_PT","og_type":"article","og_title":"Confedera\u00e7\u00e3o Empresarial da CPLP re\u00fane 70 empres\u00e1rios no Algarve - Algarve 7","og_description":"Confedera\u00e7\u00e3o Empresarial da CPLP re\u00fane 70 empres\u00e1rios no Algarve Atualidade","og_url":"https:\/\/algarve7.pt\/index.php\/2023\/08\/confederacao-empresarial-da-cplp-reune-70-empresarios-no-algarve\/atualidade\/11\/57\/","og_site_name":"Algarve 7","article_publisher":"https:\/\/www.facebook.com\/algarve7","article_author":"https:\/\/www.facebook.com\/algarve7","article_published_time":"2023-08-08T10:57:17+00:00","article_modified_time":"2023-08-08T10:57:19+00:00","og_image":[{"width":1024,"height":682,"url":"https:\/\/algarve7.pt\/wp-content\/uploads\/2023\/08\/CE_CPLP-Algarve_2.jpg","type":"image\/jpeg"}],"author":"Algarve 7","twitter_card":"summary_large_image","twitter_creator":"@Algarvesete","twitter_site":"@Algarvesete","twitter_misc":{"Escrito por":"Algarve 7","Tempo estimado de leitura":"2 minutos"},"schema":{"@context":"https:\/\/schema.org","@graph":[{"@type":"Article","@id":"https:\/\/algarve7.pt\/index.php\/2023\/08\/confederacao-empresarial-da-cplp-reune-70-empresarios-no-algarve\/atualidade\/11\/57\/#article","isPartOf":{"@id":"https:\/\/algarve7.pt\/index.php\/2023\/08\/confederacao-empresarial-da-cplp-reune-70-empresarios-no-algarve\/atualidade\/11\/57\/"},"author":{"name":"Algarve 7","@id":"https:\/\/algarve7.pt\/#\/schema\/person\/23fa70681308e7b319a3204bcea45e0c"},"headline":"Confedera\u00e7\u00e3o Empresarial da CPLP re\u00fane 70 empres\u00e1rios no Algarve","datePublished":"2023-08-08T10:57:17+00:00","dateModified":"2023-08-08T10:57:19+00:00","mainEntityOfPage":{"@id":"https:\/\/algarve7.pt\/index.php\/2023\/08\/confederacao-empresarial-da-cplp-reune-70-empresarios-no-algarve\/atualidade\/11\/57\/"},"wordCount":274,"publisher":{"@id":"https:\/\/algarve7.pt\/#organization"},"image":{"@id":"https:\/\/algarve7.pt\/index.php\/2023\/08\/confederacao-empresarial-da-cplp-reune-70-empresarios-no-algarve\/atualidade\/11\/57\/#primaryimage"},"thumbnailUrl":"https:\/\/algarve7.pt\/wp-content\/uploads\/2023\/08\/CE_CPLP-Algarve_2.jpg","keywords":["Albufeira","Algarve","Atualidade","CPLP"],"articleSection":["Atualidade"],"inLanguage":"pt-PT"},{"@type":"WebPage","@id":"https:\/\/algarve7.pt\/index.php\/2023\/08\/confederacao-empresarial-da-cplp-reune-70-empresarios-no-algarve\/atualidade\/11\/57\/","url":"https:\/\/algarve7.pt\/index.php\/2023\/08\/confederacao-empresarial-da-cplp-reune-70-empresarios-no-algarve\/atualidade\/11\/57\/","name":"Confedera\u00e7\u00e3o Empresarial da CPLP re\u00fane 70 empres\u00e1rios no Algarve - Algarve 7","isPartOf":{"@id":"https:\/\/algarve7.pt\/#website"},"primaryImageOfPage":{"@id":"https:\/\/algarve7.pt\/index.php\/2023\/08\/confederacao-empresarial-da-cplp-reune-70-empresarios-no-algarve\/atualidade\/11\/57\/#primaryimage"},"image":{"@id":"https:\/\/algarve7.pt\/index.php\/2023\/08\/confederacao-empresarial-da-cplp-reune-70-empresarios-no-algarve\/atualidade\/11\/57\/#primaryimage"},"thumbnailUrl":"https:\/\/algarve7.pt\/wp-content\/uploads\/2023\/08\/CE_CPLP-Algarve_2.jpg","datePublished":"2023-08-08T10:57:17+00:00","dateModified":"2023-08-08T10:57:19+00:00","description":"Confedera\u00e7\u00e3o Empresarial da CPLP re\u00fane 70 empres\u00e1rios no Algarve Atualidade","breadcrumb":{"@id":"https:\/\/algarve7.pt\/index.php\/2023\/08\/confederacao-empresarial-da-cplp-reune-70-empresarios-no-algarve\/atualidade\/11\/57\/#breadcrumb"},"inLanguage":"pt-PT","potentialAction":[{"@type":"ReadAction","target":["https:\/\/algarve7.pt\/index.php\/2023\/08\/confederacao-empresarial-da-cplp-reune-70-empresarios-no-algarve\/atualidade\/11\/57\/"]}]},{"@type":"ImageObject","inLanguage":"pt-PT","@id":"https:\/\/algarve7.pt\/index.php\/2023\/08\/confederacao-empresarial-da-cplp-reune-70-empresarios-no-algarve\/atualidade\/11\/57\/#primaryimage","url":"https:\/\/algarve7.pt\/wp-content\/uploads\/2023\/08\/CE_CPLP-Algarve_2.jpg","contentUrl":"https:\/\/algarve7.pt\/wp-content\/uploads\/2023\/08\/CE_CPLP-Algarve_2.jpg","width":1024,"height":682},{"@type":"BreadcrumbList","@id":"https:\/\/algarve7.pt\/index.php\/2023\/08\/confederacao-empresarial-da-cplp-reune-70-empresarios-no-algarve\/atualidade\/11\/57\/#breadcrumb","itemListElement":[{"@type":"ListItem","position":1,"name":"In\u00edcio","item":"https:\/\/algarve7.pt\/"},{"@type":"ListItem","position":2,"name":"Confedera\u00e7\u00e3o Empresarial da CPLP re\u00fane 70 empres\u00e1rios no Algarve"}]},{"@type":"WebSite","@id":"https:\/\/algarve7.pt\/#website","url":"https:\/\/algarve7.pt\/","name":"Algarve 7","description":"Informa\u00e7\u00e3o sobre o Algarve","publisher":{"@id":"https:\/\/algarve7.pt\/#organization"},"potentialAction":[{"@type":"SearchAction","target":{"@type":"EntryPoint","urlTemplate":"https:\/\/algarve7.pt\/?s={search_term_string}"},"query-input":{"@type":"PropertyValueSpecification","valueRequired":true,"valueName":"search_term_string"}}],"inLanguage":"pt-PT"},{"@type":"Organization","@id":"https:\/\/algarve7.pt\/#organization","name":"Algarve 7","url":"https:\/\/algarve7.pt\/","logo":{"@type":"ImageObject","inLanguage":"pt-PT","@id":"https:\/\/algarve7.pt\/#\/schema\/logo\/image\/","url":"https:\/\/algarve7.pt\/wp-content\/uploads\/2020\/10\/Logo-8.jpg","contentUrl":"https:\/\/algarve7.pt\/wp-content\/uploads\/2020\/10\/Logo-8.jpg","width":1680,"height":1186,"caption":"Algarve 7"},"image":{"@id":"https:\/\/algarve7.pt\/#\/schema\/logo\/image\/"},"sameAs":["https:\/\/www.facebook.com\/algarve7","https:\/\/x.com\/Algarvesete","https:\/\/www.instagram.com\/jornalalgarve7\/","https:\/\/www.linkedin.com\/company\/algarve7","https:\/\/www.pinterest.pt\/geral0939\/_created\/"]},{"@type":"Person","@id":"https:\/\/algarve7.pt\/#\/schema\/person\/23fa70681308e7b319a3204bcea45e0c","name":"Algarve 7","sameAs":["https:\/\/algarve7.pt","https:\/\/www.facebook.com\/algarve7"],"url":"https:\/\/algarve7.pt\/index.php\/author\/geralalgarve7-pt\/"}]}},"jetpack_publicize_connections":[],"jetpack_featured_media_url":"https:\/\/algarve7.pt\/wp-content\/uploads\/2023\/08\/CE_CPLP-Algarve_2.jpg","jetpack_shortlink":"https:\/\/wp.me\/pcezmW-7Of","jetpack_sharing_enabled":true,"_links":{"self":[{"href":"https:\/\/algarve7.pt\/index.php\/wp-json\/wp\/v2\/posts\/30023","targetHints":{"allow":["GET"]}}],"collection":[{"href":"https:\/\/algarve7.pt\/index.php\/wp-json\/wp\/v2\/posts"}],"about":[{"href":"https:\/\/algarve7.pt\/index.php\/wp-json\/wp\/v2\/types\/post"}],"author":[{"embeddable":true,"href":"https:\/\/algarve7.pt\/index.php\/wp-json\/wp\/v2\/users\/1"}],"replies":[{"embeddable":true,"href":"https:\/\/algarve7.pt\/index.php\/wp-json\/wp\/v2\/comments?post=30023"}],"version-history":[{"count":0,"href":"https:\/\/algarve7.pt\/index.php\/wp-json\/wp\/v2\/posts\/30023\/revisions"}],"wp:featuredmedia":[{"embeddable":true,"href":"https:\/\/algarve7.pt\/index.php\/wp-json\/wp\/v2\/media\/30024"}],"wp:attachment":[{"href":"https:\/\/algarve7.pt\/index.php\/wp-json\/wp\/v2\/media?parent=30023"}],"wp:term":[{"taxonomy":"category","embeddable":true,"href":"https:\/\/algarve7.pt\/index.php\/wp-json\/wp\/v2\/categories?post=30023"},{"taxonomy":"post_tag","embeddable":true,"href":"https:\/\/algarve7.pt\/index.php\/wp-json\/wp\/v2\/tags?post=30023"}],"curies":[{"name":"wp","href":"https:\/\/api.w.org\/{rel}","templated":true}]}}