{"id":30011,"date":"2023-08-08T07:58:24","date_gmt":"2023-08-08T06:58:24","guid":{"rendered":"https:\/\/algarve7.pt\/?p=30011"},"modified":"2023-08-08T07:58:27","modified_gmt":"2023-08-08T06:58:27","slug":"diogo-picarra-chico-da-tina-e-barbara-tinoco-atuam-na-42a-edicao-da-fatacil-em-lagoa","status":"publish","type":"post","link":"https:\/\/algarve7.pt\/index.php\/2023\/08\/diogo-picarra-chico-da-tina-e-barbara-tinoco-atuam-na-42a-edicao-da-fatacil-em-lagoa\/atualidade\/07\/58\/","title":{"rendered":"Diogo Pi\u00e7arra, Chico da Tina e B\u00e1rbara Tinoco atuam na 42\u00aa Edi\u00e7\u00e3o da FATACIL, em Lagoa"},"content":{"rendered":"\n<p>Os m\u00fasicos Diogo Pi\u00e7arra, Chico da Tina e B\u00e1rbara Tinoco, ir\u00e3o marcar presen\u00e7a na 42\u00aa Edi\u00e7\u00e3o da Feira de Artesanato, Turismo, Agricultura, Com\u00e9rcio e Ind\u00fastria de Lagoa (FATACIL), com as atua\u00e7\u00f5es no s\u00e1bado, dia 19 de agosto, quarta-feira, dia 23 de agosto, e s\u00e1bado seguinte, dia 26 de agosto, respetivamente.<\/p>\n\n\n\n<p>A FATACIL est\u00e1 de volta a Lagoa, de 18 a 27 de agosto, e com ela grandes nomes da m\u00fasica portuguesa, com fant\u00e1sticas atua\u00e7\u00f5es, que fazem vibrar diferentes gera\u00e7\u00f5es, e colocam o Parque de Feiras e Exposi\u00e7\u00f5es de Lagoa no epicentro do pa\u00eds, no que \u00e0 m\u00fasica e anima\u00e7\u00e3o dizem respeito. A 42\u00aa edi\u00e7\u00e3o da FATACIL contar\u00e1, entre outros nomes, com as atua\u00e7\u00f5es de Diogo Pi\u00e7arra, Chico da Tina e B\u00e1rbara Tinoco.<\/p>\n\n\n\n<p>As m\u00fasicas de Diogo Pi\u00e7arra fazem parte da playlist \u2013 e da hist\u00f3ria \u2013 de muitos portugueses e, gra\u00e7as \u00e0 FATACIL \u2013 Feira de Artesanato, Turismo, Agricultura, Com\u00e9rcio, v\u00e3o ser a banda sonora das f\u00e9rias de ver\u00e3o.&nbsp; O artista sobe ao palco FATACIL no dia 19 de agosto, pelas 22h30.&nbsp;<\/p>\n\n\n\n<p>Diogo Pi\u00e7arra \u2013 cantor, compositor, autor, m\u00fasico e produtor \u2013 \u00e9 um dos maiores nomes da m\u00fasica portuguesa. O talento descoberto em 2012 no programa \u201c\u00cddolos\u201d, e que encanta o p\u00fablico desde ent\u00e3o, \u00e9 autor de \u00eaxitos como \u201cSa\u00edda de Emerg\u00eancia\u201d; \u201cComo Se Te Fosse Perder\u201d; \u201cPara\u00edso\u201d ou \u201cFala-me de Ti\u201d.<\/p>\n\n\n\n<p>Diogo Pi\u00e7arra criou la\u00e7os e amizade com outros artistas como Karetus, Jimmy P, Ana Bacalhau, Agir, Carolina Deslandes e Lhast, com quem partilha temas nos quais participa como autor, produtor ou int\u00e9rprete. Diogo tem, tamb\u00e9m, colabora\u00e7\u00f5es com artistas internacionais, tais como os espanh\u00f3is Ant\u00f3nio Jos\u00e9, Miriam Rodriguez, Pol Granch, Sabela, e os brasileiros Vit\u00e3o, Anitta e J\u00e3o.<\/p>\n\n\n\n<p>Dia 23 de agosto \u00e9 a vez de Chico da Tina subir ao palco principal da FATACIL. &nbsp;O irreverente m\u00fasico, nascido em Viana do Castelo, em 1996, fez-se trovador e, dos conv\u00edvios e festas, saltou para os palcos, mas n\u00e3o largou o seu instrumento favorito \u2013 a concertina. O trap star portugu\u00eas vem pela primeira vez a Lagoa e promete arrastar muitos jovens para o Parque de Feiras e Exposi\u00e7\u00f5es de<\/p>\n\n\n\n<p>Lagoa. A primeira parte do concerto de Chico de Tina contar\u00e1 com a atua\u00e7\u00e3o da banda \u201cOs MaRafados\u201d, uma banda Punk-Rock de Olh\u00e3o, banda vencedora do concurso \u201cPalco de Rua \u2013 M\u00fasica J\u00e1\u201d organizado pelo Institu\u00eddo Portugu\u00eas do Desporto e Juventude (IPDJ), Associa\u00e7\u00e3o Acad\u00e9mica da Universidade do Algarve (AAUAlg) e a R\u00e1dio Universit\u00e1ria do Algarve. &nbsp;<\/p>\n\n\n\n<p>Outra das vozes que marcar\u00e1 presen\u00e7a na FATACIL \u00e9 a B\u00e1rbara Tinoco, que subir\u00e1 ao palco principal no dia 26 de agosto, pelas 22h30. Com um timbre inconfund\u00edvel, B\u00e1rbara Tinoco arrasta para os seus espet\u00e1culos diferentes gera\u00e7\u00f5es, dos 8 aos 80 anos. Reconhecemos a voz assim que os primeiros acordes de sucessos como \u201cSei l\u00e1\u201d ou \u201cOutras l\u00ednguas\u201d come\u00e7am a tocar.<\/p>\n\n\n\n<p>B\u00e1rbara Tinoco iniciou a sua carreira no programa de talentos \u201cThe Voice\u201d, em 2018, onde cantou um tema da sua autoria. Esse tema era \u201cAntes Dela Dizer Que Sim\u201d, que lan\u00e7ou em 2019 como o seu single de estreia. Hoje \u00e9 uma das artistas mais ouvidas do nosso pa\u00eds. Autodidata na guitarra e no canto, B\u00e1rbara Tinoco nasceu em Lisboa em 1998 e, ainda antes de editar o seu primeiro \u00e1lbum, ganhou um Globo de Ouro na categoria de Melhor Int\u00e9rprete. Sobe agora ao palco da FATACIL para um concerto que decerto ficar\u00e1 na mem\u00f3ria de todos.<\/p>\n\n\n\n<p>No Palco Lagoa (palco secund\u00e1rio), no dia 19 de agosto, atuam o DJ Alexandre Ramos Feat Gil Abrantes (sax), entre as 18h30 e as 20h15, e Carolina Fonson, entre 20h30 e as 22h15. No dia 23 de agosto, os 5EX Band, entre as 20h30 e as 22h15. No dia 26 de agosto, atuam o DJ Alexandre Ramos Feat Gil Abrantes (sax), entre as 18h30 e as 20h15, e o Grupo de Cantares Fonte Nova e Grupo de Cantares do Parchal, entre as 20h30 e as 22h15.<\/p>\n\n\n\n<p>De 18 a 27 de agosto, todas as praias v\u00e3o dar \u00e0 FATACIL23, em Lagoa, que este ano regressa com mar\u00e9 cheia de novidades e re\u00fane no mesmo programa tudo aquilo que as diferentes gera\u00e7\u00f5es precisam para umas f\u00e9rias inesquec\u00edveis: m\u00fasica, artesanato, gastronomia e vinhos, agricultura, com\u00e9rcio e ind\u00fastria. S\u00e3o dois palcos, 80 mil metros quadrados de recinto, mais de 700 expositores e 10 dias de muita anima\u00e7\u00e3o.&nbsp;<\/p>\n\n\n\n<p>Os bilhetes ficar\u00e3o dispon\u00edveis para compra nos pr\u00f3ximos dias, tendo o bilhete di\u00e1rio um custo de 5 euros, o bilhete di\u00e1rio familiar um custo de 16 euros e o passe para os 10 dias o custo de 30 euros. As crian\u00e7as at\u00e9 aos 12 anos (inclusive) n\u00e3o pagam entrada, mediante apresenta\u00e7\u00e3o do Cart\u00e3o de Cidad\u00e3o. Os bilhetes poder\u00e3o ser comprados atrav\u00e9s da bilheteira online (a indicar brevemente),<\/p>\n\n\n\n<p>nos CTT, na Fnac, na Worten, no Centro Cultural Convento de S. Jos\u00e9, no Balc\u00e3o \u00danico e no local da feira, nas bilheteiras locais que estar\u00e3o abertas durante os dias da feira. O hor\u00e1rio da FATACIL ser\u00e1, todos os dias, das 18h00 \u00e0 01h00.<\/p>\n","protected":false},"excerpt":{"rendered":"<p>Os m\u00fasicos Diogo Pi\u00e7arra, Chico da Tina e B\u00e1rbara Tinoco, ir\u00e3o marcar presen\u00e7a na 42\u00aa Edi\u00e7\u00e3o da Feira de Artesanato,<\/p>\n","protected":false},"author":1,"featured_media":30012,"comment_status":"closed","ping_status":"open","sticky":false,"template":"","format":"standard","meta":{"colormag_page_container_layout":"default_layout","colormag_page_sidebar_layout":"default_layout","_monsterinsights_skip_tracking":false,"_monsterinsights_sitenote_active":false,"_monsterinsights_sitenote_note":"","_monsterinsights_sitenote_category":0,"jetpack_post_was_ever_published":false,"_jetpack_newsletter_access":"","_jetpack_dont_email_post_to_subs":false,"_jetpack_newsletter_tier_id":0,"_jetpack_memberships_contains_paywalled_content":false,"_jetpack_memberships_contains_paid_content":false,"footnotes":"","jetpack_publicize_message":"","jetpack_publicize_feature_enabled":true,"jetpack_social_post_already_shared":true,"jetpack_social_options":{"image_generator_settings":{"template":"highway","default_image_id":0,"font":"","enabled":false},"version":2}},"categories":[11],"tags":[36,62,604,48],"class_list":["post-30011","post","type-post","status-publish","format-standard","has-post-thumbnail","hentry","category-atualidade","tag-algarve","tag-atualidade","tag-fatacil","tag-lagoa"],"yoast_head":"<!-- This site is optimized with the Yoast SEO plugin v27.5 - https:\/\/yoast.com\/product\/yoast-seo-wordpress\/ -->\n<title>Diogo Pi\u00e7arra, Chico da Tina e B\u00e1rbara Tinoco atuam na 42\u00aa Edi\u00e7\u00e3o da FATACIL, em Lagoa - Algarve 7<\/title>\n<meta name=\"description\" content=\"Diogo Pi\u00e7arra, Chico da Tina e B\u00e1rbara Tinoco atuam na 42\u00aa Edi\u00e7\u00e3o da FATACIL, em Lagoa Atualidade\" \/>\n<meta name=\"robots\" content=\"index, follow, max-snippet:-1, max-image-preview:large, max-video-preview:-1\" \/>\n<link rel=\"canonical\" href=\"https:\/\/algarve7.pt\/index.php\/2023\/08\/diogo-picarra-chico-da-tina-e-barbara-tinoco-atuam-na-42a-edicao-da-fatacil-em-lagoa\/atualidade\/07\/58\/\" \/>\n<meta property=\"og:locale\" content=\"pt_PT\" \/>\n<meta property=\"og:type\" content=\"article\" \/>\n<meta property=\"og:title\" content=\"Diogo Pi\u00e7arra, Chico da Tina e B\u00e1rbara Tinoco atuam na 42\u00aa Edi\u00e7\u00e3o da FATACIL, em Lagoa - Algarve 7\" \/>\n<meta property=\"og:description\" content=\"Diogo Pi\u00e7arra, Chico da Tina e B\u00e1rbara Tinoco atuam na 42\u00aa Edi\u00e7\u00e3o da FATACIL, em Lagoa Atualidade\" \/>\n<meta property=\"og:url\" content=\"https:\/\/algarve7.pt\/index.php\/2023\/08\/diogo-picarra-chico-da-tina-e-barbara-tinoco-atuam-na-42a-edicao-da-fatacil-em-lagoa\/atualidade\/07\/58\/\" \/>\n<meta property=\"og:site_name\" content=\"Algarve 7\" \/>\n<meta property=\"article:publisher\" content=\"https:\/\/www.facebook.com\/algarve7\" \/>\n<meta property=\"article:author\" content=\"https:\/\/www.facebook.com\/algarve7\" \/>\n<meta property=\"article:published_time\" content=\"2023-08-08T06:58:24+00:00\" \/>\n<meta property=\"article:modified_time\" content=\"2023-08-08T06:58:27+00:00\" \/>\n<meta property=\"og:image\" content=\"https:\/\/algarve7.pt\/wp-content\/uploads\/2023\/08\/Captura-de-ecra-2023-08-08-as-07.55.26.png\" \/>\n\t<meta property=\"og:image:width\" content=\"1024\" \/>\n\t<meta property=\"og:image:height\" content=\"783\" \/>\n\t<meta property=\"og:image:type\" content=\"image\/png\" \/>\n<meta name=\"author\" content=\"Algarve 7\" \/>\n<meta name=\"twitter:card\" content=\"summary_large_image\" \/>\n<meta name=\"twitter:creator\" content=\"@Algarvesete\" \/>\n<meta name=\"twitter:site\" content=\"@Algarvesete\" \/>\n<meta name=\"twitter:label1\" content=\"Escrito por\" \/>\n\t<meta name=\"twitter:data1\" content=\"Algarve 7\" \/>\n\t<meta name=\"twitter:label2\" content=\"Tempo estimado de leitura\" \/>\n\t<meta name=\"twitter:data2\" content=\"5 minutos\" \/>\n<script type=\"application\/ld+json\" class=\"yoast-schema-graph\">{\"@context\":\"https:\\\/\\\/schema.org\",\"@graph\":[{\"@type\":\"Article\",\"@id\":\"https:\\\/\\\/algarve7.pt\\\/index.php\\\/2023\\\/08\\\/diogo-picarra-chico-da-tina-e-barbara-tinoco-atuam-na-42a-edicao-da-fatacil-em-lagoa\\\/atualidade\\\/07\\\/58\\\/#article\",\"isPartOf\":{\"@id\":\"https:\\\/\\\/algarve7.pt\\\/index.php\\\/2023\\\/08\\\/diogo-picarra-chico-da-tina-e-barbara-tinoco-atuam-na-42a-edicao-da-fatacil-em-lagoa\\\/atualidade\\\/07\\\/58\\\/\"},\"author\":{\"name\":\"Algarve 7\",\"@id\":\"https:\\\/\\\/algarve7.pt\\\/#\\\/schema\\\/person\\\/23fa70681308e7b319a3204bcea45e0c\"},\"headline\":\"Diogo Pi\u00e7arra, Chico da Tina e B\u00e1rbara Tinoco atuam na 42\u00aa Edi\u00e7\u00e3o da FATACIL, em Lagoa\",\"datePublished\":\"2023-08-08T06:58:24+00:00\",\"dateModified\":\"2023-08-08T06:58:27+00:00\",\"mainEntityOfPage\":{\"@id\":\"https:\\\/\\\/algarve7.pt\\\/index.php\\\/2023\\\/08\\\/diogo-picarra-chico-da-tina-e-barbara-tinoco-atuam-na-42a-edicao-da-fatacil-em-lagoa\\\/atualidade\\\/07\\\/58\\\/\"},\"wordCount\":908,\"publisher\":{\"@id\":\"https:\\\/\\\/algarve7.pt\\\/#organization\"},\"image\":{\"@id\":\"https:\\\/\\\/algarve7.pt\\\/index.php\\\/2023\\\/08\\\/diogo-picarra-chico-da-tina-e-barbara-tinoco-atuam-na-42a-edicao-da-fatacil-em-lagoa\\\/atualidade\\\/07\\\/58\\\/#primaryimage\"},\"thumbnailUrl\":\"https:\\\/\\\/algarve7.pt\\\/wp-content\\\/uploads\\\/2023\\\/08\\\/Captura-de-ecra-2023-08-08-as-07.55.26.png\",\"keywords\":[\"Algarve\",\"Atualidade\",\"Fatacil\",\"Lagoa\"],\"articleSection\":[\"Atualidade\"],\"inLanguage\":\"pt-PT\"},{\"@type\":\"WebPage\",\"@id\":\"https:\\\/\\\/algarve7.pt\\\/index.php\\\/2023\\\/08\\\/diogo-picarra-chico-da-tina-e-barbara-tinoco-atuam-na-42a-edicao-da-fatacil-em-lagoa\\\/atualidade\\\/07\\\/58\\\/\",\"url\":\"https:\\\/\\\/algarve7.pt\\\/index.php\\\/2023\\\/08\\\/diogo-picarra-chico-da-tina-e-barbara-tinoco-atuam-na-42a-edicao-da-fatacil-em-lagoa\\\/atualidade\\\/07\\\/58\\\/\",\"name\":\"Diogo Pi\u00e7arra, Chico da Tina e B\u00e1rbara Tinoco atuam na 42\u00aa Edi\u00e7\u00e3o da FATACIL, em Lagoa - Algarve 7\",\"isPartOf\":{\"@id\":\"https:\\\/\\\/algarve7.pt\\\/#website\"},\"primaryImageOfPage\":{\"@id\":\"https:\\\/\\\/algarve7.pt\\\/index.php\\\/2023\\\/08\\\/diogo-picarra-chico-da-tina-e-barbara-tinoco-atuam-na-42a-edicao-da-fatacil-em-lagoa\\\/atualidade\\\/07\\\/58\\\/#primaryimage\"},\"image\":{\"@id\":\"https:\\\/\\\/algarve7.pt\\\/index.php\\\/2023\\\/08\\\/diogo-picarra-chico-da-tina-e-barbara-tinoco-atuam-na-42a-edicao-da-fatacil-em-lagoa\\\/atualidade\\\/07\\\/58\\\/#primaryimage\"},\"thumbnailUrl\":\"https:\\\/\\\/algarve7.pt\\\/wp-content\\\/uploads\\\/2023\\\/08\\\/Captura-de-ecra-2023-08-08-as-07.55.26.png\",\"datePublished\":\"2023-08-08T06:58:24+00:00\",\"dateModified\":\"2023-08-08T06:58:27+00:00\",\"description\":\"Diogo Pi\u00e7arra, Chico da Tina e B\u00e1rbara Tinoco atuam na 42\u00aa Edi\u00e7\u00e3o da FATACIL, em Lagoa Atualidade\",\"breadcrumb\":{\"@id\":\"https:\\\/\\\/algarve7.pt\\\/index.php\\\/2023\\\/08\\\/diogo-picarra-chico-da-tina-e-barbara-tinoco-atuam-na-42a-edicao-da-fatacil-em-lagoa\\\/atualidade\\\/07\\\/58\\\/#breadcrumb\"},\"inLanguage\":\"pt-PT\",\"potentialAction\":[{\"@type\":\"ReadAction\",\"target\":[\"https:\\\/\\\/algarve7.pt\\\/index.php\\\/2023\\\/08\\\/diogo-picarra-chico-da-tina-e-barbara-tinoco-atuam-na-42a-edicao-da-fatacil-em-lagoa\\\/atualidade\\\/07\\\/58\\\/\"]}]},{\"@type\":\"ImageObject\",\"inLanguage\":\"pt-PT\",\"@id\":\"https:\\\/\\\/algarve7.pt\\\/index.php\\\/2023\\\/08\\\/diogo-picarra-chico-da-tina-e-barbara-tinoco-atuam-na-42a-edicao-da-fatacil-em-lagoa\\\/atualidade\\\/07\\\/58\\\/#primaryimage\",\"url\":\"https:\\\/\\\/algarve7.pt\\\/wp-content\\\/uploads\\\/2023\\\/08\\\/Captura-de-ecra-2023-08-08-as-07.55.26.png\",\"contentUrl\":\"https:\\\/\\\/algarve7.pt\\\/wp-content\\\/uploads\\\/2023\\\/08\\\/Captura-de-ecra-2023-08-08-as-07.55.26.png\",\"width\":1024,\"height\":783},{\"@type\":\"BreadcrumbList\",\"@id\":\"https:\\\/\\\/algarve7.pt\\\/index.php\\\/2023\\\/08\\\/diogo-picarra-chico-da-tina-e-barbara-tinoco-atuam-na-42a-edicao-da-fatacil-em-lagoa\\\/atualidade\\\/07\\\/58\\\/#breadcrumb\",\"itemListElement\":[{\"@type\":\"ListItem\",\"position\":1,\"name\":\"In\u00edcio\",\"item\":\"https:\\\/\\\/algarve7.pt\\\/\"},{\"@type\":\"ListItem\",\"position\":2,\"name\":\"Diogo Pi\u00e7arra, Chico da Tina e B\u00e1rbara Tinoco atuam na 42\u00aa Edi\u00e7\u00e3o da FATACIL, em Lagoa\"}]},{\"@type\":\"WebSite\",\"@id\":\"https:\\\/\\\/algarve7.pt\\\/#website\",\"url\":\"https:\\\/\\\/algarve7.pt\\\/\",\"name\":\"Algarve 7\",\"description\":\"Informa\u00e7\u00e3o sobre o Algarve\",\"publisher\":{\"@id\":\"https:\\\/\\\/algarve7.pt\\\/#organization\"},\"potentialAction\":[{\"@type\":\"SearchAction\",\"target\":{\"@type\":\"EntryPoint\",\"urlTemplate\":\"https:\\\/\\\/algarve7.pt\\\/?s={search_term_string}\"},\"query-input\":{\"@type\":\"PropertyValueSpecification\",\"valueRequired\":true,\"valueName\":\"search_term_string\"}}],\"inLanguage\":\"pt-PT\"},{\"@type\":\"Organization\",\"@id\":\"https:\\\/\\\/algarve7.pt\\\/#organization\",\"name\":\"Algarve 7\",\"url\":\"https:\\\/\\\/algarve7.pt\\\/\",\"logo\":{\"@type\":\"ImageObject\",\"inLanguage\":\"pt-PT\",\"@id\":\"https:\\\/\\\/algarve7.pt\\\/#\\\/schema\\\/logo\\\/image\\\/\",\"url\":\"https:\\\/\\\/algarve7.pt\\\/wp-content\\\/uploads\\\/2020\\\/10\\\/Logo-8.jpg\",\"contentUrl\":\"https:\\\/\\\/algarve7.pt\\\/wp-content\\\/uploads\\\/2020\\\/10\\\/Logo-8.jpg\",\"width\":1680,\"height\":1186,\"caption\":\"Algarve 7\"},\"image\":{\"@id\":\"https:\\\/\\\/algarve7.pt\\\/#\\\/schema\\\/logo\\\/image\\\/\"},\"sameAs\":[\"https:\\\/\\\/www.facebook.com\\\/algarve7\",\"https:\\\/\\\/x.com\\\/Algarvesete\",\"https:\\\/\\\/www.instagram.com\\\/jornalalgarve7\\\/\",\"https:\\\/\\\/www.linkedin.com\\\/company\\\/algarve7\",\"https:\\\/\\\/www.pinterest.pt\\\/geral0939\\\/_created\\\/\"]},{\"@type\":\"Person\",\"@id\":\"https:\\\/\\\/algarve7.pt\\\/#\\\/schema\\\/person\\\/23fa70681308e7b319a3204bcea45e0c\",\"name\":\"Algarve 7\",\"sameAs\":[\"https:\\\/\\\/algarve7.pt\",\"https:\\\/\\\/www.facebook.com\\\/algarve7\"],\"url\":\"https:\\\/\\\/algarve7.pt\\\/index.php\\\/author\\\/geralalgarve7-pt\\\/\"}]}<\/script>\n<!-- \/ Yoast SEO plugin. -->","yoast_head_json":{"title":"Diogo Pi\u00e7arra, Chico da Tina e B\u00e1rbara Tinoco atuam na 42\u00aa Edi\u00e7\u00e3o da FATACIL, em Lagoa - Algarve 7","description":"Diogo Pi\u00e7arra, Chico da Tina e B\u00e1rbara Tinoco atuam na 42\u00aa Edi\u00e7\u00e3o da FATACIL, em Lagoa Atualidade","robots":{"index":"index","follow":"follow","max-snippet":"max-snippet:-1","max-image-preview":"max-image-preview:large","max-video-preview":"max-video-preview:-1"},"canonical":"https:\/\/algarve7.pt\/index.php\/2023\/08\/diogo-picarra-chico-da-tina-e-barbara-tinoco-atuam-na-42a-edicao-da-fatacil-em-lagoa\/atualidade\/07\/58\/","og_locale":"pt_PT","og_type":"article","og_title":"Diogo Pi\u00e7arra, Chico da Tina e B\u00e1rbara Tinoco atuam na 42\u00aa Edi\u00e7\u00e3o da FATACIL, em Lagoa - Algarve 7","og_description":"Diogo Pi\u00e7arra, Chico da Tina e B\u00e1rbara Tinoco atuam na 42\u00aa Edi\u00e7\u00e3o da FATACIL, em Lagoa Atualidade","og_url":"https:\/\/algarve7.pt\/index.php\/2023\/08\/diogo-picarra-chico-da-tina-e-barbara-tinoco-atuam-na-42a-edicao-da-fatacil-em-lagoa\/atualidade\/07\/58\/","og_site_name":"Algarve 7","article_publisher":"https:\/\/www.facebook.com\/algarve7","article_author":"https:\/\/www.facebook.com\/algarve7","article_published_time":"2023-08-08T06:58:24+00:00","article_modified_time":"2023-08-08T06:58:27+00:00","og_image":[{"width":1024,"height":783,"url":"https:\/\/algarve7.pt\/wp-content\/uploads\/2023\/08\/Captura-de-ecra-2023-08-08-as-07.55.26.png","type":"image\/png"}],"author":"Algarve 7","twitter_card":"summary_large_image","twitter_creator":"@Algarvesete","twitter_site":"@Algarvesete","twitter_misc":{"Escrito por":"Algarve 7","Tempo estimado de leitura":"5 minutos"},"schema":{"@context":"https:\/\/schema.org","@graph":[{"@type":"Article","@id":"https:\/\/algarve7.pt\/index.php\/2023\/08\/diogo-picarra-chico-da-tina-e-barbara-tinoco-atuam-na-42a-edicao-da-fatacil-em-lagoa\/atualidade\/07\/58\/#article","isPartOf":{"@id":"https:\/\/algarve7.pt\/index.php\/2023\/08\/diogo-picarra-chico-da-tina-e-barbara-tinoco-atuam-na-42a-edicao-da-fatacil-em-lagoa\/atualidade\/07\/58\/"},"author":{"name":"Algarve 7","@id":"https:\/\/algarve7.pt\/#\/schema\/person\/23fa70681308e7b319a3204bcea45e0c"},"headline":"Diogo Pi\u00e7arra, Chico da Tina e B\u00e1rbara Tinoco atuam na 42\u00aa Edi\u00e7\u00e3o da FATACIL, em Lagoa","datePublished":"2023-08-08T06:58:24+00:00","dateModified":"2023-08-08T06:58:27+00:00","mainEntityOfPage":{"@id":"https:\/\/algarve7.pt\/index.php\/2023\/08\/diogo-picarra-chico-da-tina-e-barbara-tinoco-atuam-na-42a-edicao-da-fatacil-em-lagoa\/atualidade\/07\/58\/"},"wordCount":908,"publisher":{"@id":"https:\/\/algarve7.pt\/#organization"},"image":{"@id":"https:\/\/algarve7.pt\/index.php\/2023\/08\/diogo-picarra-chico-da-tina-e-barbara-tinoco-atuam-na-42a-edicao-da-fatacil-em-lagoa\/atualidade\/07\/58\/#primaryimage"},"thumbnailUrl":"https:\/\/algarve7.pt\/wp-content\/uploads\/2023\/08\/Captura-de-ecra-2023-08-08-as-07.55.26.png","keywords":["Algarve","Atualidade","Fatacil","Lagoa"],"articleSection":["Atualidade"],"inLanguage":"pt-PT"},{"@type":"WebPage","@id":"https:\/\/algarve7.pt\/index.php\/2023\/08\/diogo-picarra-chico-da-tina-e-barbara-tinoco-atuam-na-42a-edicao-da-fatacil-em-lagoa\/atualidade\/07\/58\/","url":"https:\/\/algarve7.pt\/index.php\/2023\/08\/diogo-picarra-chico-da-tina-e-barbara-tinoco-atuam-na-42a-edicao-da-fatacil-em-lagoa\/atualidade\/07\/58\/","name":"Diogo Pi\u00e7arra, Chico da Tina e B\u00e1rbara Tinoco atuam na 42\u00aa Edi\u00e7\u00e3o da FATACIL, em Lagoa - Algarve 7","isPartOf":{"@id":"https:\/\/algarve7.pt\/#website"},"primaryImageOfPage":{"@id":"https:\/\/algarve7.pt\/index.php\/2023\/08\/diogo-picarra-chico-da-tina-e-barbara-tinoco-atuam-na-42a-edicao-da-fatacil-em-lagoa\/atualidade\/07\/58\/#primaryimage"},"image":{"@id":"https:\/\/algarve7.pt\/index.php\/2023\/08\/diogo-picarra-chico-da-tina-e-barbara-tinoco-atuam-na-42a-edicao-da-fatacil-em-lagoa\/atualidade\/07\/58\/#primaryimage"},"thumbnailUrl":"https:\/\/algarve7.pt\/wp-content\/uploads\/2023\/08\/Captura-de-ecra-2023-08-08-as-07.55.26.png","datePublished":"2023-08-08T06:58:24+00:00","dateModified":"2023-08-08T06:58:27+00:00","description":"Diogo Pi\u00e7arra, Chico da Tina e B\u00e1rbara Tinoco atuam na 42\u00aa Edi\u00e7\u00e3o da FATACIL, em Lagoa Atualidade","breadcrumb":{"@id":"https:\/\/algarve7.pt\/index.php\/2023\/08\/diogo-picarra-chico-da-tina-e-barbara-tinoco-atuam-na-42a-edicao-da-fatacil-em-lagoa\/atualidade\/07\/58\/#breadcrumb"},"inLanguage":"pt-PT","potentialAction":[{"@type":"ReadAction","target":["https:\/\/algarve7.pt\/index.php\/2023\/08\/diogo-picarra-chico-da-tina-e-barbara-tinoco-atuam-na-42a-edicao-da-fatacil-em-lagoa\/atualidade\/07\/58\/"]}]},{"@type":"ImageObject","inLanguage":"pt-PT","@id":"https:\/\/algarve7.pt\/index.php\/2023\/08\/diogo-picarra-chico-da-tina-e-barbara-tinoco-atuam-na-42a-edicao-da-fatacil-em-lagoa\/atualidade\/07\/58\/#primaryimage","url":"https:\/\/algarve7.pt\/wp-content\/uploads\/2023\/08\/Captura-de-ecra-2023-08-08-as-07.55.26.png","contentUrl":"https:\/\/algarve7.pt\/wp-content\/uploads\/2023\/08\/Captura-de-ecra-2023-08-08-as-07.55.26.png","width":1024,"height":783},{"@type":"BreadcrumbList","@id":"https:\/\/algarve7.pt\/index.php\/2023\/08\/diogo-picarra-chico-da-tina-e-barbara-tinoco-atuam-na-42a-edicao-da-fatacil-em-lagoa\/atualidade\/07\/58\/#breadcrumb","itemListElement":[{"@type":"ListItem","position":1,"name":"In\u00edcio","item":"https:\/\/algarve7.pt\/"},{"@type":"ListItem","position":2,"name":"Diogo Pi\u00e7arra, Chico da Tina e B\u00e1rbara Tinoco atuam na 42\u00aa Edi\u00e7\u00e3o da FATACIL, em Lagoa"}]},{"@type":"WebSite","@id":"https:\/\/algarve7.pt\/#website","url":"https:\/\/algarve7.pt\/","name":"Algarve 7","description":"Informa\u00e7\u00e3o sobre o Algarve","publisher":{"@id":"https:\/\/algarve7.pt\/#organization"},"potentialAction":[{"@type":"SearchAction","target":{"@type":"EntryPoint","urlTemplate":"https:\/\/algarve7.pt\/?s={search_term_string}"},"query-input":{"@type":"PropertyValueSpecification","valueRequired":true,"valueName":"search_term_string"}}],"inLanguage":"pt-PT"},{"@type":"Organization","@id":"https:\/\/algarve7.pt\/#organization","name":"Algarve 7","url":"https:\/\/algarve7.pt\/","logo":{"@type":"ImageObject","inLanguage":"pt-PT","@id":"https:\/\/algarve7.pt\/#\/schema\/logo\/image\/","url":"https:\/\/algarve7.pt\/wp-content\/uploads\/2020\/10\/Logo-8.jpg","contentUrl":"https:\/\/algarve7.pt\/wp-content\/uploads\/2020\/10\/Logo-8.jpg","width":1680,"height":1186,"caption":"Algarve 7"},"image":{"@id":"https:\/\/algarve7.pt\/#\/schema\/logo\/image\/"},"sameAs":["https:\/\/www.facebook.com\/algarve7","https:\/\/x.com\/Algarvesete","https:\/\/www.instagram.com\/jornalalgarve7\/","https:\/\/www.linkedin.com\/company\/algarve7","https:\/\/www.pinterest.pt\/geral0939\/_created\/"]},{"@type":"Person","@id":"https:\/\/algarve7.pt\/#\/schema\/person\/23fa70681308e7b319a3204bcea45e0c","name":"Algarve 7","sameAs":["https:\/\/algarve7.pt","https:\/\/www.facebook.com\/algarve7"],"url":"https:\/\/algarve7.pt\/index.php\/author\/geralalgarve7-pt\/"}]}},"jetpack_publicize_connections":[],"jetpack_featured_media_url":"https:\/\/algarve7.pt\/wp-content\/uploads\/2023\/08\/Captura-de-ecra-2023-08-08-as-07.55.26.png","jetpack_shortlink":"https:\/\/wp.me\/pcezmW-7O3","jetpack_sharing_enabled":true,"_links":{"self":[{"href":"https:\/\/algarve7.pt\/index.php\/wp-json\/wp\/v2\/posts\/30011","targetHints":{"allow":["GET"]}}],"collection":[{"href":"https:\/\/algarve7.pt\/index.php\/wp-json\/wp\/v2\/posts"}],"about":[{"href":"https:\/\/algarve7.pt\/index.php\/wp-json\/wp\/v2\/types\/post"}],"author":[{"embeddable":true,"href":"https:\/\/algarve7.pt\/index.php\/wp-json\/wp\/v2\/users\/1"}],"replies":[{"embeddable":true,"href":"https:\/\/algarve7.pt\/index.php\/wp-json\/wp\/v2\/comments?post=30011"}],"version-history":[{"count":0,"href":"https:\/\/algarve7.pt\/index.php\/wp-json\/wp\/v2\/posts\/30011\/revisions"}],"wp:featuredmedia":[{"embeddable":true,"href":"https:\/\/algarve7.pt\/index.php\/wp-json\/wp\/v2\/media\/30012"}],"wp:attachment":[{"href":"https:\/\/algarve7.pt\/index.php\/wp-json\/wp\/v2\/media?parent=30011"}],"wp:term":[{"taxonomy":"category","embeddable":true,"href":"https:\/\/algarve7.pt\/index.php\/wp-json\/wp\/v2\/categories?post=30011"},{"taxonomy":"post_tag","embeddable":true,"href":"https:\/\/algarve7.pt\/index.php\/wp-json\/wp\/v2\/tags?post=30011"}],"curies":[{"name":"wp","href":"https:\/\/api.w.org\/{rel}","templated":true}]}}