{"id":29905,"date":"2023-08-03T10:55:00","date_gmt":"2023-08-03T09:55:00","guid":{"rendered":"https:\/\/algarve7.pt\/?p=29905"},"modified":"2023-08-03T09:06:24","modified_gmt":"2023-08-03T08:06:24","slug":"feira-da-serra-volta-a-ser-evento-de-eleicao-do-verao-algarvio-com-novo-recorde-a-ultrapassar-os-40-mil-visitantes","status":"publish","type":"post","link":"https:\/\/algarve7.pt\/index.php\/2023\/08\/feira-da-serra-volta-a-ser-evento-de-eleicao-do-verao-algarvio-com-novo-recorde-a-ultrapassar-os-40-mil-visitantes\/atualidade\/10\/55\/","title":{"rendered":"Feira da Serra volta a ser evento de elei\u00e7\u00e3o do ver\u00e3o algarvio com novo recorde a ultrapassar os 40 mil visitantes"},"content":{"rendered":"\n<p>A Feira da Serra de S\u00e3o Br\u00e1s de Alportel voltou a mostrar ser um evento de elei\u00e7\u00e3o que procura promover e divulgar o que de melhor se faz no interior do Algarve.<\/p>\n\n\n\n<p>Ao longo de quatro dias, visitantes de todas as idades, nacionalidades e interesses passaram por S\u00e3o Br\u00e1s de Alportel e tiveram oportunidade de despertar todos os seus sentidos nos 18 espa\u00e7os tem\u00e1ticos, nas muitas zonas de degusta\u00e7\u00e3o gastron\u00f3mica e nos palcos de anima\u00e7\u00e3o, onde puderam assistir a mais de 60 horas de espet\u00e1culos.<\/p>\n\n\n\n<p>Nesta edi\u00e7\u00e3o, com um cartaz de espet\u00e1culos a prestar tributo \u00e0 m\u00fasica nacional, a Feira da Serra foi o epicentro de grandes concertos que por certo marcaram todos quantos assistiram. Os cabe\u00e7as de cartaz: \u201cResist\u00eancia\u201d, Jo\u00e3o Pedro Pais, B\u00e1rbara Tinoco e Jos\u00e9 Cid estiveram ao seu melhor n\u00edvel no Palco Principal, a par de bandas e artistas da regi\u00e3o a DString, a banda revela\u00e7\u00e3o ArtMusa, os lend\u00e1rios \u00cdris e o conceituado Luis Guilherme, proporcionando momentos memor\u00e1veis de intera\u00e7\u00e3o e anima\u00e7\u00e3o com o p\u00fablico.<\/p>\n\n\n\n<p>Pelo Palco Sonoridades foram muitos os artistas presentes nos quatro dias do certame, enquanto o Palco Jovem foi um verdadeiro desfile de talentos, com destaque para o grande momento de apresenta\u00e7\u00e3o da exclusiva Banda Feira da Serra Jovem. A diversidade de espet\u00e1culos, a enorme diversidade de espa\u00e7os e atividades para todos os gostos e idades, a genuinidade preservada do artesanato e dos produtos locais a par da inova\u00e7\u00e3o revelada com m\u00faltiplos projetos empreendedores, a par da preocupa\u00e7\u00e3o com a acessibilidade para todos ao longo de todo o recinto, a par do conforto e seguran\u00e7a foram por certo ingredientes que atra\u00edram milhares de visitantes ao \u201ccora\u00e7\u00e3o do Algarve\u201d.<\/p>\n\n\n\n<p>Mantendo o formato de quatro dias, entre 27 e 30 de julho, este certame j\u00e1 \u00e9 uma refer\u00eancia ano calend\u00e1rio de anima\u00e7\u00e3o do ver\u00e3o algarvio.<\/p>\n\n\n\n<p>A sess\u00e3o inaugural contou com a presen\u00e7a do Secret\u00e1rio de Estado das Autarquias Locais, Carlos Miguel, entre in\u00fameras entidades regionais e locais, que honraram este momento com a sua presen\u00e7a.<\/p>\n\n\n\n<p>\u201c\u00c9 de saudar a C\u00e2mara Municipal porque apostar na Feira \u00e9 apostar na economia local, \u00e9 apostar naquilo que s\u00e3o os produtos end\u00f3genos e \u00e9 apostar no desenvolvimento dessa economia. Traz economia para o interior da Feira, mas tamb\u00e9m para o exterior\u201d, disse Carlos Miguel concluindo que \u201cs\u00e3o quatro dias de promo\u00e7\u00e3o do territ\u00f3rio e da sua atividade\u201d e de conv\u00edvio.<\/p>\n\n\n\n<p>Os discursos inaugurais estiveram a cargo do Presidente da C\u00e2mara Municipal de S\u00e3o Br\u00e1s de Alportel, Vitor Guerreiro, da Presidente da Comiss\u00e3o Organizadora da Feira da Serra e vice-presidente da C\u00e2mara Municipal de S\u00e3o Br\u00e1s de Alportel, Marlene Guerreiro, assim como do ent\u00e3o Presidente da Regi\u00e3o de Turismo do Algarve, Jo\u00e3o Fernandes, o presidente da Comiss\u00e3o de Coordena\u00e7\u00e3o e Desenvolvimento Regional, Jos\u00e9 Apolin\u00e1rio e do Secret\u00e1rio de Estado, Carlos Miguel.<\/p>\n\n\n\n<p>\u201cEste evento \u00e9 um bom exemplo de coes\u00e3o territorial porque aqui queremos envolver e dar a conhecer aquele Algarve que est\u00e1 mais escondido, as suas potencialidades e as suas riquezas\u201d, afirmou Vitor Guerreiro assegurando que o evento prima \u201cpela valoriza\u00e7\u00e3o da inova\u00e7\u00e3o, das tradi\u00e7\u00f5es e das pessoas que aqui nascem e aquelas que escolheram esta regi\u00e3o para viver, para passar f\u00e9rias, mas tamb\u00e9m para inovar e investir\u201d.<\/p>\n\n\n\n<p>\u201c\u00c9 um evento com alma e cora\u00e7\u00e3o porque \u00e9 executado com carinho e com paix\u00e3o\u201d, frisou destacando ainda que \u00e9 um evento jovem, transversal, inclusivo e inovador que tem impacto econ\u00f3mico local e regional muito superior ao imediato do evento.<\/p>\n\n\n\n<p>A inaugura\u00e7\u00e3o da Feira da Serra 2023 ficou ainda marcada pela apresenta\u00e7\u00e3o do Cocktail da Feira da Serra, criado pelo campe\u00e3o mundial de after dinner cocktail de 2022, Renato Pires, que se inspirou no produto estrela desta edi\u00e7\u00e3o: a am\u00eandoa. Para este momento, o s\u00e3o-brasense Renato Pires contou com uma parceria com a Amarguinha.<\/p>\n\n\n\n<p>A assinatura da carta de inten\u00e7\u00e3o de ades\u00e3o do Munic\u00edpio de S\u00e3o Br\u00e1s de Alportel \u00e0 Associa\u00e7\u00e3o de Munic\u00edpios Portugueses do Vinho, foi outro dos momentos que marcou a inaugura\u00e7\u00e3o do certame, tendo o momento contado com a presen\u00e7a do presidente da C\u00e2mara Municipal de Lagoa, tamb\u00e9m presidente da Dire\u00e7\u00e3o da Associa\u00e7\u00e3o dos Munic\u00edpios Portugueses do Vinho, Luis Encarna\u00e7\u00e3o e do presidente da C\u00e2mara Municipal de Sernancelhe, da Comunidade Intermunicipal do Douro e do Douro Cidade Europeia do Vinho 2023, Carlos Silva.<\/p>\n\n\n\n<p>O Munic\u00edpio de S\u00e3o Br\u00e1s de Alportel associa-se a esta associa\u00e7\u00e3o enquanto munic\u00edpio produtor de azeite e corti\u00e7a.<\/p>\n\n\n\n<p>A visita inaugural terminou com um brinde e provas de vinhos do Douro que se associaram \u00e0 Feira da Serra no \u00e2mbito da iniciativa \u201cComunidade Intermunicipal do Douro \u2013 Cidade Europeia do Douro.<\/p>\n\n\n\n<p><strong>Feira da Serra rejuvenesce a cada edi\u00e7\u00e3o!<\/strong><\/p>\n\n\n\n<p>Al\u00e9m de ter sido a edi\u00e7\u00e3o mais concorrida de sempre, a edi\u00e7\u00e3o de 2023 da Feira da Serra de S\u00e3o Br\u00e1s de Alportel foi tamb\u00e9m a mais jovem e florida de sempre, como salientou a Vice-presidente da C\u00e2mara Municipal de S\u00e3o Br\u00e1s de Alportel, Marlene Guerreiro.<\/p>\n\n\n\n<p>Recorde-se que esta edi\u00e7\u00e3o bateu tamb\u00e9m recorde de participa\u00e7\u00e3o de jovens volunt\u00e1rios (mais de uma centena) que se aliaram \u00e0 organiza\u00e7\u00e3o para ajudar na promo\u00e7\u00e3o, divulga\u00e7\u00e3o, montagem e apoio do certame assim como os muitos jovens que subiram aos v\u00e1rios palcos da Feira.<\/p>\n\n\n\n<p>E porque a juventude da Feira da Serra n\u00e3o se mede s\u00f3 na idade, mas tamb\u00e9m na capacidade de inova\u00e7\u00e3o e irrever\u00eancia aliada \u00e0 tradi\u00e7\u00e3o, Marlene Guerreiro destacou com nota positiva a presen\u00e7a de projetos inovadores relacionados com a am\u00eandoa que foi o produto em destaque desta edi\u00e7\u00e3o e que foram muito al\u00e9m da tradicional utiliza\u00e7\u00e3o na do\u00e7aria e gastronomia. Projetos empreendedores ligados \u00e0 cosm\u00e9tica para humanos, mas tamb\u00e9m para os amigos de quatro patas, diet\u00e9tica e sa\u00fade marcaram presen\u00e7a na Feira provando que a am\u00eandoa \u00e9 um produto com um potencial imenso que merece ser valorizado.<\/p>\n","protected":false},"excerpt":{"rendered":"<p>A Feira da Serra de S\u00e3o Br\u00e1s de Alportel voltou a mostrar ser um evento de elei\u00e7\u00e3o que procura promover<\/p>\n","protected":false},"author":1,"featured_media":29906,"comment_status":"closed","ping_status":"open","sticky":false,"template":"","format":"standard","meta":{"colormag_page_container_layout":"default_layout","colormag_page_sidebar_layout":"default_layout","_monsterinsights_skip_tracking":false,"_monsterinsights_sitenote_active":false,"_monsterinsights_sitenote_note":"","_monsterinsights_sitenote_category":0,"jetpack_post_was_ever_published":false,"_jetpack_newsletter_access":"","_jetpack_dont_email_post_to_subs":false,"_jetpack_newsletter_tier_id":0,"_jetpack_memberships_contains_paywalled_content":false,"_jetpack_memberships_contains_paid_content":false,"footnotes":"","jetpack_publicize_message":"","jetpack_publicize_feature_enabled":true,"jetpack_social_post_already_shared":true,"jetpack_social_options":{"image_generator_settings":{"template":"highway","default_image_id":0,"font":"","enabled":false},"version":2}},"categories":[11],"tags":[36,62,610,63],"class_list":["post-29905","post","type-post","status-publish","format-standard","has-post-thumbnail","hentry","category-atualidade","tag-algarve","tag-atualidade","tag-feira-da-serra","tag-sao-bras-de-alportel"],"yoast_head":"<!-- This site is optimized with the Yoast SEO plugin v27.5 - https:\/\/yoast.com\/product\/yoast-seo-wordpress\/ -->\n<title>Feira da Serra volta a ser evento de elei\u00e7\u00e3o do ver\u00e3o algarvio com novo recorde a ultrapassar os 40 mil visitantes - Algarve 7<\/title>\n<meta name=\"description\" content=\"Feira da Serra volta a ser evento de elei\u00e7\u00e3o do ver\u00e3o algarvio com novo recorde a ultrapassar os 40 mil visitantes Atualidade\" \/>\n<meta name=\"robots\" content=\"index, follow, max-snippet:-1, max-image-preview:large, max-video-preview:-1\" \/>\n<link rel=\"canonical\" href=\"https:\/\/algarve7.pt\/index.php\/2023\/08\/feira-da-serra-volta-a-ser-evento-de-eleicao-do-verao-algarvio-com-novo-recorde-a-ultrapassar-os-40-mil-visitantes\/atualidade\/10\/55\/\" \/>\n<meta property=\"og:locale\" content=\"pt_PT\" \/>\n<meta property=\"og:type\" content=\"article\" \/>\n<meta property=\"og:title\" content=\"Feira da Serra volta a ser evento de elei\u00e7\u00e3o do ver\u00e3o algarvio com novo recorde a ultrapassar os 40 mil visitantes - Algarve 7\" \/>\n<meta property=\"og:description\" content=\"Feira da Serra volta a ser evento de elei\u00e7\u00e3o do ver\u00e3o algarvio com novo recorde a ultrapassar os 40 mil visitantes Atualidade\" \/>\n<meta property=\"og:url\" content=\"https:\/\/algarve7.pt\/index.php\/2023\/08\/feira-da-serra-volta-a-ser-evento-de-eleicao-do-verao-algarvio-com-novo-recorde-a-ultrapassar-os-40-mil-visitantes\/atualidade\/10\/55\/\" \/>\n<meta property=\"og:site_name\" content=\"Algarve 7\" \/>\n<meta property=\"article:publisher\" content=\"https:\/\/www.facebook.com\/algarve7\" \/>\n<meta property=\"article:author\" content=\"https:\/\/www.facebook.com\/algarve7\" \/>\n<meta property=\"article:published_time\" content=\"2023-08-03T09:55:00+00:00\" \/>\n<meta property=\"og:image\" content=\"https:\/\/algarve7.pt\/wp-content\/uploads\/2023\/08\/Inauguracao-Feira-da-Serra-SBA-27-07-2023-64.jpg\" \/>\n\t<meta property=\"og:image:width\" content=\"1024\" \/>\n\t<meta property=\"og:image:height\" content=\"683\" \/>\n\t<meta property=\"og:image:type\" content=\"image\/jpeg\" \/>\n<meta name=\"author\" content=\"Algarve 7\" \/>\n<meta name=\"twitter:card\" content=\"summary_large_image\" \/>\n<meta name=\"twitter:creator\" content=\"@Algarvesete\" \/>\n<meta name=\"twitter:site\" content=\"@Algarvesete\" \/>\n<meta name=\"twitter:label1\" content=\"Escrito por\" \/>\n\t<meta name=\"twitter:data1\" content=\"Algarve 7\" \/>\n\t<meta name=\"twitter:label2\" content=\"Tempo estimado de leitura\" \/>\n\t<meta name=\"twitter:data2\" content=\"6 minutos\" \/>\n<script type=\"application\/ld+json\" class=\"yoast-schema-graph\">{\"@context\":\"https:\\\/\\\/schema.org\",\"@graph\":[{\"@type\":\"Article\",\"@id\":\"https:\\\/\\\/algarve7.pt\\\/index.php\\\/2023\\\/08\\\/feira-da-serra-volta-a-ser-evento-de-eleicao-do-verao-algarvio-com-novo-recorde-a-ultrapassar-os-40-mil-visitantes\\\/atualidade\\\/10\\\/55\\\/#article\",\"isPartOf\":{\"@id\":\"https:\\\/\\\/algarve7.pt\\\/index.php\\\/2023\\\/08\\\/feira-da-serra-volta-a-ser-evento-de-eleicao-do-verao-algarvio-com-novo-recorde-a-ultrapassar-os-40-mil-visitantes\\\/atualidade\\\/10\\\/55\\\/\"},\"author\":{\"name\":\"Algarve 7\",\"@id\":\"https:\\\/\\\/algarve7.pt\\\/#\\\/schema\\\/person\\\/23fa70681308e7b319a3204bcea45e0c\"},\"headline\":\"Feira da Serra volta a ser evento de elei\u00e7\u00e3o do ver\u00e3o algarvio com novo recorde a ultrapassar os 40 mil visitantes\",\"datePublished\":\"2023-08-03T09:55:00+00:00\",\"mainEntityOfPage\":{\"@id\":\"https:\\\/\\\/algarve7.pt\\\/index.php\\\/2023\\\/08\\\/feira-da-serra-volta-a-ser-evento-de-eleicao-do-verao-algarvio-com-novo-recorde-a-ultrapassar-os-40-mil-visitantes\\\/atualidade\\\/10\\\/55\\\/\"},\"wordCount\":1084,\"publisher\":{\"@id\":\"https:\\\/\\\/algarve7.pt\\\/#organization\"},\"image\":{\"@id\":\"https:\\\/\\\/algarve7.pt\\\/index.php\\\/2023\\\/08\\\/feira-da-serra-volta-a-ser-evento-de-eleicao-do-verao-algarvio-com-novo-recorde-a-ultrapassar-os-40-mil-visitantes\\\/atualidade\\\/10\\\/55\\\/#primaryimage\"},\"thumbnailUrl\":\"https:\\\/\\\/algarve7.pt\\\/wp-content\\\/uploads\\\/2023\\\/08\\\/Inauguracao-Feira-da-Serra-SBA-27-07-2023-64.jpg\",\"keywords\":[\"Algarve\",\"Atualidade\",\"Feira da Serra\",\"S\u00e3o Br\u00e1s de Alportel\"],\"articleSection\":[\"Atualidade\"],\"inLanguage\":\"pt-PT\"},{\"@type\":\"WebPage\",\"@id\":\"https:\\\/\\\/algarve7.pt\\\/index.php\\\/2023\\\/08\\\/feira-da-serra-volta-a-ser-evento-de-eleicao-do-verao-algarvio-com-novo-recorde-a-ultrapassar-os-40-mil-visitantes\\\/atualidade\\\/10\\\/55\\\/\",\"url\":\"https:\\\/\\\/algarve7.pt\\\/index.php\\\/2023\\\/08\\\/feira-da-serra-volta-a-ser-evento-de-eleicao-do-verao-algarvio-com-novo-recorde-a-ultrapassar-os-40-mil-visitantes\\\/atualidade\\\/10\\\/55\\\/\",\"name\":\"Feira da Serra volta a ser evento de elei\u00e7\u00e3o do ver\u00e3o algarvio com novo recorde a ultrapassar os 40 mil visitantes - Algarve 7\",\"isPartOf\":{\"@id\":\"https:\\\/\\\/algarve7.pt\\\/#website\"},\"primaryImageOfPage\":{\"@id\":\"https:\\\/\\\/algarve7.pt\\\/index.php\\\/2023\\\/08\\\/feira-da-serra-volta-a-ser-evento-de-eleicao-do-verao-algarvio-com-novo-recorde-a-ultrapassar-os-40-mil-visitantes\\\/atualidade\\\/10\\\/55\\\/#primaryimage\"},\"image\":{\"@id\":\"https:\\\/\\\/algarve7.pt\\\/index.php\\\/2023\\\/08\\\/feira-da-serra-volta-a-ser-evento-de-eleicao-do-verao-algarvio-com-novo-recorde-a-ultrapassar-os-40-mil-visitantes\\\/atualidade\\\/10\\\/55\\\/#primaryimage\"},\"thumbnailUrl\":\"https:\\\/\\\/algarve7.pt\\\/wp-content\\\/uploads\\\/2023\\\/08\\\/Inauguracao-Feira-da-Serra-SBA-27-07-2023-64.jpg\",\"datePublished\":\"2023-08-03T09:55:00+00:00\",\"description\":\"Feira da Serra volta a ser evento de elei\u00e7\u00e3o do ver\u00e3o algarvio com novo recorde a ultrapassar os 40 mil visitantes Atualidade\",\"breadcrumb\":{\"@id\":\"https:\\\/\\\/algarve7.pt\\\/index.php\\\/2023\\\/08\\\/feira-da-serra-volta-a-ser-evento-de-eleicao-do-verao-algarvio-com-novo-recorde-a-ultrapassar-os-40-mil-visitantes\\\/atualidade\\\/10\\\/55\\\/#breadcrumb\"},\"inLanguage\":\"pt-PT\",\"potentialAction\":[{\"@type\":\"ReadAction\",\"target\":[\"https:\\\/\\\/algarve7.pt\\\/index.php\\\/2023\\\/08\\\/feira-da-serra-volta-a-ser-evento-de-eleicao-do-verao-algarvio-com-novo-recorde-a-ultrapassar-os-40-mil-visitantes\\\/atualidade\\\/10\\\/55\\\/\"]}]},{\"@type\":\"ImageObject\",\"inLanguage\":\"pt-PT\",\"@id\":\"https:\\\/\\\/algarve7.pt\\\/index.php\\\/2023\\\/08\\\/feira-da-serra-volta-a-ser-evento-de-eleicao-do-verao-algarvio-com-novo-recorde-a-ultrapassar-os-40-mil-visitantes\\\/atualidade\\\/10\\\/55\\\/#primaryimage\",\"url\":\"https:\\\/\\\/algarve7.pt\\\/wp-content\\\/uploads\\\/2023\\\/08\\\/Inauguracao-Feira-da-Serra-SBA-27-07-2023-64.jpg\",\"contentUrl\":\"https:\\\/\\\/algarve7.pt\\\/wp-content\\\/uploads\\\/2023\\\/08\\\/Inauguracao-Feira-da-Serra-SBA-27-07-2023-64.jpg\",\"width\":1024,\"height\":683},{\"@type\":\"BreadcrumbList\",\"@id\":\"https:\\\/\\\/algarve7.pt\\\/index.php\\\/2023\\\/08\\\/feira-da-serra-volta-a-ser-evento-de-eleicao-do-verao-algarvio-com-novo-recorde-a-ultrapassar-os-40-mil-visitantes\\\/atualidade\\\/10\\\/55\\\/#breadcrumb\",\"itemListElement\":[{\"@type\":\"ListItem\",\"position\":1,\"name\":\"In\u00edcio\",\"item\":\"https:\\\/\\\/algarve7.pt\\\/\"},{\"@type\":\"ListItem\",\"position\":2,\"name\":\"Feira da Serra volta a ser evento de elei\u00e7\u00e3o do ver\u00e3o algarvio com novo recorde a ultrapassar os 40 mil visitantes\"}]},{\"@type\":\"WebSite\",\"@id\":\"https:\\\/\\\/algarve7.pt\\\/#website\",\"url\":\"https:\\\/\\\/algarve7.pt\\\/\",\"name\":\"Algarve 7\",\"description\":\"Informa\u00e7\u00e3o sobre o Algarve\",\"publisher\":{\"@id\":\"https:\\\/\\\/algarve7.pt\\\/#organization\"},\"potentialAction\":[{\"@type\":\"SearchAction\",\"target\":{\"@type\":\"EntryPoint\",\"urlTemplate\":\"https:\\\/\\\/algarve7.pt\\\/?s={search_term_string}\"},\"query-input\":{\"@type\":\"PropertyValueSpecification\",\"valueRequired\":true,\"valueName\":\"search_term_string\"}}],\"inLanguage\":\"pt-PT\"},{\"@type\":\"Organization\",\"@id\":\"https:\\\/\\\/algarve7.pt\\\/#organization\",\"name\":\"Algarve 7\",\"url\":\"https:\\\/\\\/algarve7.pt\\\/\",\"logo\":{\"@type\":\"ImageObject\",\"inLanguage\":\"pt-PT\",\"@id\":\"https:\\\/\\\/algarve7.pt\\\/#\\\/schema\\\/logo\\\/image\\\/\",\"url\":\"https:\\\/\\\/algarve7.pt\\\/wp-content\\\/uploads\\\/2020\\\/10\\\/Logo-8.jpg\",\"contentUrl\":\"https:\\\/\\\/algarve7.pt\\\/wp-content\\\/uploads\\\/2020\\\/10\\\/Logo-8.jpg\",\"width\":1680,\"height\":1186,\"caption\":\"Algarve 7\"},\"image\":{\"@id\":\"https:\\\/\\\/algarve7.pt\\\/#\\\/schema\\\/logo\\\/image\\\/\"},\"sameAs\":[\"https:\\\/\\\/www.facebook.com\\\/algarve7\",\"https:\\\/\\\/x.com\\\/Algarvesete\",\"https:\\\/\\\/www.instagram.com\\\/jornalalgarve7\\\/\",\"https:\\\/\\\/www.linkedin.com\\\/company\\\/algarve7\",\"https:\\\/\\\/www.pinterest.pt\\\/geral0939\\\/_created\\\/\"]},{\"@type\":\"Person\",\"@id\":\"https:\\\/\\\/algarve7.pt\\\/#\\\/schema\\\/person\\\/23fa70681308e7b319a3204bcea45e0c\",\"name\":\"Algarve 7\",\"sameAs\":[\"https:\\\/\\\/algarve7.pt\",\"https:\\\/\\\/www.facebook.com\\\/algarve7\"],\"url\":\"https:\\\/\\\/algarve7.pt\\\/index.php\\\/author\\\/geralalgarve7-pt\\\/\"}]}<\/script>\n<!-- \/ Yoast SEO plugin. -->","yoast_head_json":{"title":"Feira da Serra volta a ser evento de elei\u00e7\u00e3o do ver\u00e3o algarvio com novo recorde a ultrapassar os 40 mil visitantes - Algarve 7","description":"Feira da Serra volta a ser evento de elei\u00e7\u00e3o do ver\u00e3o algarvio com novo recorde a ultrapassar os 40 mil visitantes Atualidade","robots":{"index":"index","follow":"follow","max-snippet":"max-snippet:-1","max-image-preview":"max-image-preview:large","max-video-preview":"max-video-preview:-1"},"canonical":"https:\/\/algarve7.pt\/index.php\/2023\/08\/feira-da-serra-volta-a-ser-evento-de-eleicao-do-verao-algarvio-com-novo-recorde-a-ultrapassar-os-40-mil-visitantes\/atualidade\/10\/55\/","og_locale":"pt_PT","og_type":"article","og_title":"Feira da Serra volta a ser evento de elei\u00e7\u00e3o do ver\u00e3o algarvio com novo recorde a ultrapassar os 40 mil visitantes - Algarve 7","og_description":"Feira da Serra volta a ser evento de elei\u00e7\u00e3o do ver\u00e3o algarvio com novo recorde a ultrapassar os 40 mil visitantes Atualidade","og_url":"https:\/\/algarve7.pt\/index.php\/2023\/08\/feira-da-serra-volta-a-ser-evento-de-eleicao-do-verao-algarvio-com-novo-recorde-a-ultrapassar-os-40-mil-visitantes\/atualidade\/10\/55\/","og_site_name":"Algarve 7","article_publisher":"https:\/\/www.facebook.com\/algarve7","article_author":"https:\/\/www.facebook.com\/algarve7","article_published_time":"2023-08-03T09:55:00+00:00","og_image":[{"width":1024,"height":683,"url":"https:\/\/algarve7.pt\/wp-content\/uploads\/2023\/08\/Inauguracao-Feira-da-Serra-SBA-27-07-2023-64.jpg","type":"image\/jpeg"}],"author":"Algarve 7","twitter_card":"summary_large_image","twitter_creator":"@Algarvesete","twitter_site":"@Algarvesete","twitter_misc":{"Escrito por":"Algarve 7","Tempo estimado de leitura":"6 minutos"},"schema":{"@context":"https:\/\/schema.org","@graph":[{"@type":"Article","@id":"https:\/\/algarve7.pt\/index.php\/2023\/08\/feira-da-serra-volta-a-ser-evento-de-eleicao-do-verao-algarvio-com-novo-recorde-a-ultrapassar-os-40-mil-visitantes\/atualidade\/10\/55\/#article","isPartOf":{"@id":"https:\/\/algarve7.pt\/index.php\/2023\/08\/feira-da-serra-volta-a-ser-evento-de-eleicao-do-verao-algarvio-com-novo-recorde-a-ultrapassar-os-40-mil-visitantes\/atualidade\/10\/55\/"},"author":{"name":"Algarve 7","@id":"https:\/\/algarve7.pt\/#\/schema\/person\/23fa70681308e7b319a3204bcea45e0c"},"headline":"Feira da Serra volta a ser evento de elei\u00e7\u00e3o do ver\u00e3o algarvio com novo recorde a ultrapassar os 40 mil visitantes","datePublished":"2023-08-03T09:55:00+00:00","mainEntityOfPage":{"@id":"https:\/\/algarve7.pt\/index.php\/2023\/08\/feira-da-serra-volta-a-ser-evento-de-eleicao-do-verao-algarvio-com-novo-recorde-a-ultrapassar-os-40-mil-visitantes\/atualidade\/10\/55\/"},"wordCount":1084,"publisher":{"@id":"https:\/\/algarve7.pt\/#organization"},"image":{"@id":"https:\/\/algarve7.pt\/index.php\/2023\/08\/feira-da-serra-volta-a-ser-evento-de-eleicao-do-verao-algarvio-com-novo-recorde-a-ultrapassar-os-40-mil-visitantes\/atualidade\/10\/55\/#primaryimage"},"thumbnailUrl":"https:\/\/algarve7.pt\/wp-content\/uploads\/2023\/08\/Inauguracao-Feira-da-Serra-SBA-27-07-2023-64.jpg","keywords":["Algarve","Atualidade","Feira da Serra","S\u00e3o Br\u00e1s de Alportel"],"articleSection":["Atualidade"],"inLanguage":"pt-PT"},{"@type":"WebPage","@id":"https:\/\/algarve7.pt\/index.php\/2023\/08\/feira-da-serra-volta-a-ser-evento-de-eleicao-do-verao-algarvio-com-novo-recorde-a-ultrapassar-os-40-mil-visitantes\/atualidade\/10\/55\/","url":"https:\/\/algarve7.pt\/index.php\/2023\/08\/feira-da-serra-volta-a-ser-evento-de-eleicao-do-verao-algarvio-com-novo-recorde-a-ultrapassar-os-40-mil-visitantes\/atualidade\/10\/55\/","name":"Feira da Serra volta a ser evento de elei\u00e7\u00e3o do ver\u00e3o algarvio com novo recorde a ultrapassar os 40 mil visitantes - Algarve 7","isPartOf":{"@id":"https:\/\/algarve7.pt\/#website"},"primaryImageOfPage":{"@id":"https:\/\/algarve7.pt\/index.php\/2023\/08\/feira-da-serra-volta-a-ser-evento-de-eleicao-do-verao-algarvio-com-novo-recorde-a-ultrapassar-os-40-mil-visitantes\/atualidade\/10\/55\/#primaryimage"},"image":{"@id":"https:\/\/algarve7.pt\/index.php\/2023\/08\/feira-da-serra-volta-a-ser-evento-de-eleicao-do-verao-algarvio-com-novo-recorde-a-ultrapassar-os-40-mil-visitantes\/atualidade\/10\/55\/#primaryimage"},"thumbnailUrl":"https:\/\/algarve7.pt\/wp-content\/uploads\/2023\/08\/Inauguracao-Feira-da-Serra-SBA-27-07-2023-64.jpg","datePublished":"2023-08-03T09:55:00+00:00","description":"Feira da Serra volta a ser evento de elei\u00e7\u00e3o do ver\u00e3o algarvio com novo recorde a ultrapassar os 40 mil visitantes Atualidade","breadcrumb":{"@id":"https:\/\/algarve7.pt\/index.php\/2023\/08\/feira-da-serra-volta-a-ser-evento-de-eleicao-do-verao-algarvio-com-novo-recorde-a-ultrapassar-os-40-mil-visitantes\/atualidade\/10\/55\/#breadcrumb"},"inLanguage":"pt-PT","potentialAction":[{"@type":"ReadAction","target":["https:\/\/algarve7.pt\/index.php\/2023\/08\/feira-da-serra-volta-a-ser-evento-de-eleicao-do-verao-algarvio-com-novo-recorde-a-ultrapassar-os-40-mil-visitantes\/atualidade\/10\/55\/"]}]},{"@type":"ImageObject","inLanguage":"pt-PT","@id":"https:\/\/algarve7.pt\/index.php\/2023\/08\/feira-da-serra-volta-a-ser-evento-de-eleicao-do-verao-algarvio-com-novo-recorde-a-ultrapassar-os-40-mil-visitantes\/atualidade\/10\/55\/#primaryimage","url":"https:\/\/algarve7.pt\/wp-content\/uploads\/2023\/08\/Inauguracao-Feira-da-Serra-SBA-27-07-2023-64.jpg","contentUrl":"https:\/\/algarve7.pt\/wp-content\/uploads\/2023\/08\/Inauguracao-Feira-da-Serra-SBA-27-07-2023-64.jpg","width":1024,"height":683},{"@type":"BreadcrumbList","@id":"https:\/\/algarve7.pt\/index.php\/2023\/08\/feira-da-serra-volta-a-ser-evento-de-eleicao-do-verao-algarvio-com-novo-recorde-a-ultrapassar-os-40-mil-visitantes\/atualidade\/10\/55\/#breadcrumb","itemListElement":[{"@type":"ListItem","position":1,"name":"In\u00edcio","item":"https:\/\/algarve7.pt\/"},{"@type":"ListItem","position":2,"name":"Feira da Serra volta a ser evento de elei\u00e7\u00e3o do ver\u00e3o algarvio com novo recorde a ultrapassar os 40 mil visitantes"}]},{"@type":"WebSite","@id":"https:\/\/algarve7.pt\/#website","url":"https:\/\/algarve7.pt\/","name":"Algarve 7","description":"Informa\u00e7\u00e3o sobre o Algarve","publisher":{"@id":"https:\/\/algarve7.pt\/#organization"},"potentialAction":[{"@type":"SearchAction","target":{"@type":"EntryPoint","urlTemplate":"https:\/\/algarve7.pt\/?s={search_term_string}"},"query-input":{"@type":"PropertyValueSpecification","valueRequired":true,"valueName":"search_term_string"}}],"inLanguage":"pt-PT"},{"@type":"Organization","@id":"https:\/\/algarve7.pt\/#organization","name":"Algarve 7","url":"https:\/\/algarve7.pt\/","logo":{"@type":"ImageObject","inLanguage":"pt-PT","@id":"https:\/\/algarve7.pt\/#\/schema\/logo\/image\/","url":"https:\/\/algarve7.pt\/wp-content\/uploads\/2020\/10\/Logo-8.jpg","contentUrl":"https:\/\/algarve7.pt\/wp-content\/uploads\/2020\/10\/Logo-8.jpg","width":1680,"height":1186,"caption":"Algarve 7"},"image":{"@id":"https:\/\/algarve7.pt\/#\/schema\/logo\/image\/"},"sameAs":["https:\/\/www.facebook.com\/algarve7","https:\/\/x.com\/Algarvesete","https:\/\/www.instagram.com\/jornalalgarve7\/","https:\/\/www.linkedin.com\/company\/algarve7","https:\/\/www.pinterest.pt\/geral0939\/_created\/"]},{"@type":"Person","@id":"https:\/\/algarve7.pt\/#\/schema\/person\/23fa70681308e7b319a3204bcea45e0c","name":"Algarve 7","sameAs":["https:\/\/algarve7.pt","https:\/\/www.facebook.com\/algarve7"],"url":"https:\/\/algarve7.pt\/index.php\/author\/geralalgarve7-pt\/"}]}},"jetpack_publicize_connections":[],"jetpack_featured_media_url":"https:\/\/algarve7.pt\/wp-content\/uploads\/2023\/08\/Inauguracao-Feira-da-Serra-SBA-27-07-2023-64.jpg","jetpack_shortlink":"https:\/\/wp.me\/pcezmW-7Ml","jetpack_sharing_enabled":true,"_links":{"self":[{"href":"https:\/\/algarve7.pt\/index.php\/wp-json\/wp\/v2\/posts\/29905","targetHints":{"allow":["GET"]}}],"collection":[{"href":"https:\/\/algarve7.pt\/index.php\/wp-json\/wp\/v2\/posts"}],"about":[{"href":"https:\/\/algarve7.pt\/index.php\/wp-json\/wp\/v2\/types\/post"}],"author":[{"embeddable":true,"href":"https:\/\/algarve7.pt\/index.php\/wp-json\/wp\/v2\/users\/1"}],"replies":[{"embeddable":true,"href":"https:\/\/algarve7.pt\/index.php\/wp-json\/wp\/v2\/comments?post=29905"}],"version-history":[{"count":0,"href":"https:\/\/algarve7.pt\/index.php\/wp-json\/wp\/v2\/posts\/29905\/revisions"}],"wp:featuredmedia":[{"embeddable":true,"href":"https:\/\/algarve7.pt\/index.php\/wp-json\/wp\/v2\/media\/29906"}],"wp:attachment":[{"href":"https:\/\/algarve7.pt\/index.php\/wp-json\/wp\/v2\/media?parent=29905"}],"wp:term":[{"taxonomy":"category","embeddable":true,"href":"https:\/\/algarve7.pt\/index.php\/wp-json\/wp\/v2\/categories?post=29905"},{"taxonomy":"post_tag","embeddable":true,"href":"https:\/\/algarve7.pt\/index.php\/wp-json\/wp\/v2\/tags?post=29905"}],"curies":[{"name":"wp","href":"https:\/\/api.w.org\/{rel}","templated":true}]}}