{"id":2989,"date":"2020-10-27T09:25:41","date_gmt":"2020-10-27T09:25:41","guid":{"rendered":"https:\/\/algarve7.pt\/?p=2989"},"modified":"2020-10-27T07:50:42","modified_gmt":"2020-10-27T07:50:42","slug":"campanha-o-saco-nao-e-vergonha-o-saco-e-vida","status":"publish","type":"post","link":"https:\/\/algarve7.pt\/index.php\/2020\/10\/campanha-o-saco-nao-e-vergonha-o-saco-e-vida\/saude\/09\/25\/","title":{"rendered":"Munic\u00edpio de S\u00e3o Br\u00e1s de Alportel associa-se \u00e0 campanha &#8220;o saco n\u00e3o \u00e9 vergonha, o saco \u00e9 vida&#8221;"},"content":{"rendered":"\n<p>O Munic\u00edpio de S\u00e3o Br\u00e1s de Alportel associa-se ao Munic\u00edpio de Amarante na promo\u00e7\u00e3o da campanha \u201cO saco n\u00e3o \u00e9 vergonha, o saco \u00e9 vida\u201d, uma iniciativa que tem como objetivo sensibilizar e desmistificar a situa\u00e7\u00e3o dos cidad\u00e3os ostimizados, junto da sociedade em geral, com a convic\u00e7\u00e3o de que s\u00f3 a plena aceita\u00e7\u00e3o da comunidade permitir\u00e1 a (re) integra\u00e7\u00e3o dos ostomizados.<\/p>\n\n\n\n<p>Os cidad\u00e3os ostomizados s\u00e3o aqueles que&nbsp; sofreram uma interven\u00e7\u00e3o cir\u00fargica atrav\u00e9s da qual foi realizada uma abertura numa parte do corpo, permitindo a emiss\u00e3o de secre\u00e7\u00f5es diversas, necessitando conviver com uma abertura artificial no corpo designada por estoma.&nbsp; As raz\u00f5es para a necessidade de uma cirurgia de ostomia s\u00e3o as mais diversas, desde uma doen\u00e7a at\u00e9 um acidente, assim como os objetivos que procura servir. As ostomias podem ser tempor\u00e1rias ou definitivas, mas em qualquer dos casos requerem cuidados espec\u00edficos, em concreto a utiliza\u00e7\u00e3o de dispositivos pr\u00f3prios no dia-a-dia.<\/p>\n\n\n\n<p>Tendo como objetivo primordial a promo\u00e7\u00e3o da igualdade e a n\u00e3o discrimina\u00e7\u00e3o, o Munic\u00edpio de Amarante associou-se em 2015 \u00e0 Associa\u00e7\u00e3o ANOXV \u2013 Associa\u00e7\u00e3o Nacional de Ostomizados e instituiu o 26 de Outubro como o Dia Amarantino do Ostomizado.<br><br>Em 2019, o munic\u00edpio lan\u00e7ou a Campanha Nacional \u201cO Saco n\u00e3o \u00e9 Vergonha, o saco \u00e9 Vida\u201d que este ano foi alargada aos munic\u00edpios portugueses que aceitaram associar-se \u00e0 iniciativa como \u00e9 o caso do Munic\u00edpio de S\u00e3o Br\u00e1s de Alportel que divulgou a campanha nos seus perfis de redes sociais.<\/p>\n","protected":false},"excerpt":{"rendered":"<p>O Munic\u00edpio de S\u00e3o Br\u00e1s de Alportel associa-se ao Munic\u00edpio de Amarante na promo\u00e7\u00e3o da campanha \u201cO saco n\u00e3o \u00e9<\/p>\n","protected":false},"author":1,"featured_media":2990,"comment_status":"closed","ping_status":"open","sticky":false,"template":"","format":"standard","meta":{"colormag_page_container_layout":"default_layout","colormag_page_sidebar_layout":"default_layout","_monsterinsights_skip_tracking":false,"_monsterinsights_sitenote_active":false,"_monsterinsights_sitenote_note":"","_monsterinsights_sitenote_category":0,"jetpack_post_was_ever_published":false,"_jetpack_newsletter_access":"","_jetpack_dont_email_post_to_subs":false,"_jetpack_newsletter_tier_id":0,"_jetpack_memberships_contains_paywalled_content":false,"_jetpack_memberships_contains_paid_content":false,"footnotes":"","jetpack_publicize_message":"","jetpack_publicize_feature_enabled":true,"jetpack_social_post_already_shared":true,"jetpack_social_options":{"image_generator_settings":{"template":"highway","default_image_id":0,"font":"","enabled":false},"version":2}},"categories":[59],"tags":[36,63,58],"class_list":["post-2989","post","type-post","status-publish","format-standard","has-post-thumbnail","hentry","category-saude","tag-algarve","tag-sao-bras-de-alportel","tag-saude"],"yoast_head":"<!-- This site is optimized with the Yoast SEO plugin v27.5 - https:\/\/yoast.com\/product\/yoast-seo-wordpress\/ -->\n<title>Munic\u00edpio de S\u00e3o Br\u00e1s de Alportel associa-se \u00e0 campanha &quot;o saco n\u00e3o \u00e9 vergonha, o saco \u00e9 vida&quot; - Algarve 7<\/title>\n<meta name=\"description\" content=\"Munic\u00edpio de S\u00e3o Br\u00e1s de Alportel associa-se \u00e0 campanha &quot;o saco n\u00e3o \u00e9 vergonha, o saco \u00e9 vida&quot;\" \/>\n<meta name=\"robots\" content=\"index, follow, max-snippet:-1, max-image-preview:large, max-video-preview:-1\" \/>\n<link rel=\"canonical\" href=\"https:\/\/algarve7.pt\/index.php\/2020\/10\/campanha-o-saco-nao-e-vergonha-o-saco-e-vida\/saude\/09\/25\/\" \/>\n<meta property=\"og:locale\" content=\"pt_PT\" \/>\n<meta property=\"og:type\" content=\"article\" \/>\n<meta property=\"og:title\" content=\"Munic\u00edpio de S\u00e3o Br\u00e1s de Alportel associa-se \u00e0 campanha &quot;o saco n\u00e3o \u00e9 vergonha, o saco \u00e9 vida&quot; - Algarve 7\" \/>\n<meta property=\"og:description\" content=\"Munic\u00edpio de S\u00e3o Br\u00e1s de Alportel associa-se \u00e0 campanha &quot;o saco n\u00e3o \u00e9 vergonha, o saco \u00e9 vida&quot;\" \/>\n<meta property=\"og:url\" content=\"https:\/\/algarve7.pt\/index.php\/2020\/10\/campanha-o-saco-nao-e-vergonha-o-saco-e-vida\/saude\/09\/25\/\" \/>\n<meta property=\"og:site_name\" content=\"Algarve 7\" \/>\n<meta property=\"article:publisher\" content=\"https:\/\/www.facebook.com\/algarve7\" \/>\n<meta property=\"article:author\" content=\"https:\/\/www.facebook.com\/algarve7\" \/>\n<meta property=\"article:published_time\" content=\"2020-10-27T09:25:41+00:00\" \/>\n<meta property=\"og:image\" content=\"https:\/\/algarve7.pt\/wp-content\/uploads\/2020\/10\/SLOGAN-OSTOMIZADO-NACIONAL.png\" \/>\n\t<meta property=\"og:image:width\" content=\"1920\" \/>\n\t<meta property=\"og:image:height\" content=\"1141\" \/>\n\t<meta property=\"og:image:type\" content=\"image\/png\" \/>\n<meta name=\"author\" content=\"Algarve 7\" \/>\n<meta name=\"twitter:card\" content=\"summary_large_image\" \/>\n<meta name=\"twitter:creator\" content=\"@Algarvesete\" \/>\n<meta name=\"twitter:site\" content=\"@Algarvesete\" \/>\n<meta name=\"twitter:label1\" content=\"Escrito por\" \/>\n\t<meta name=\"twitter:data1\" content=\"Algarve 7\" \/>\n\t<meta name=\"twitter:label2\" content=\"Tempo estimado de leitura\" \/>\n\t<meta name=\"twitter:data2\" content=\"1 minuto\" \/>\n<script type=\"application\/ld+json\" class=\"yoast-schema-graph\">{\"@context\":\"https:\\\/\\\/schema.org\",\"@graph\":[{\"@type\":\"Article\",\"@id\":\"https:\\\/\\\/algarve7.pt\\\/index.php\\\/2020\\\/10\\\/campanha-o-saco-nao-e-vergonha-o-saco-e-vida\\\/saude\\\/09\\\/25\\\/#article\",\"isPartOf\":{\"@id\":\"https:\\\/\\\/algarve7.pt\\\/index.php\\\/2020\\\/10\\\/campanha-o-saco-nao-e-vergonha-o-saco-e-vida\\\/saude\\\/09\\\/25\\\/\"},\"author\":{\"name\":\"Algarve 7\",\"@id\":\"https:\\\/\\\/algarve7.pt\\\/#\\\/schema\\\/person\\\/23fa70681308e7b319a3204bcea45e0c\"},\"headline\":\"Munic\u00edpio de S\u00e3o Br\u00e1s de Alportel associa-se \u00e0 campanha &#8220;o saco n\u00e3o \u00e9 vergonha, o saco \u00e9 vida&#8221;\",\"datePublished\":\"2020-10-27T09:25:41+00:00\",\"mainEntityOfPage\":{\"@id\":\"https:\\\/\\\/algarve7.pt\\\/index.php\\\/2020\\\/10\\\/campanha-o-saco-nao-e-vergonha-o-saco-e-vida\\\/saude\\\/09\\\/25\\\/\"},\"wordCount\":288,\"publisher\":{\"@id\":\"https:\\\/\\\/algarve7.pt\\\/#organization\"},\"image\":{\"@id\":\"https:\\\/\\\/algarve7.pt\\\/index.php\\\/2020\\\/10\\\/campanha-o-saco-nao-e-vergonha-o-saco-e-vida\\\/saude\\\/09\\\/25\\\/#primaryimage\"},\"thumbnailUrl\":\"https:\\\/\\\/algarve7.pt\\\/wp-content\\\/uploads\\\/2020\\\/10\\\/SLOGAN-OSTOMIZADO-NACIONAL.png\",\"keywords\":[\"Algarve\",\"S\u00e3o Br\u00e1s de Alportel\",\"Sa\u00fade\"],\"articleSection\":[\"Sa\u00fade\"],\"inLanguage\":\"pt-PT\"},{\"@type\":\"WebPage\",\"@id\":\"https:\\\/\\\/algarve7.pt\\\/index.php\\\/2020\\\/10\\\/campanha-o-saco-nao-e-vergonha-o-saco-e-vida\\\/saude\\\/09\\\/25\\\/\",\"url\":\"https:\\\/\\\/algarve7.pt\\\/index.php\\\/2020\\\/10\\\/campanha-o-saco-nao-e-vergonha-o-saco-e-vida\\\/saude\\\/09\\\/25\\\/\",\"name\":\"Munic\u00edpio de S\u00e3o Br\u00e1s de Alportel associa-se \u00e0 campanha \\\"o saco n\u00e3o \u00e9 vergonha, o saco \u00e9 vida\\\" - Algarve 7\",\"isPartOf\":{\"@id\":\"https:\\\/\\\/algarve7.pt\\\/#website\"},\"primaryImageOfPage\":{\"@id\":\"https:\\\/\\\/algarve7.pt\\\/index.php\\\/2020\\\/10\\\/campanha-o-saco-nao-e-vergonha-o-saco-e-vida\\\/saude\\\/09\\\/25\\\/#primaryimage\"},\"image\":{\"@id\":\"https:\\\/\\\/algarve7.pt\\\/index.php\\\/2020\\\/10\\\/campanha-o-saco-nao-e-vergonha-o-saco-e-vida\\\/saude\\\/09\\\/25\\\/#primaryimage\"},\"thumbnailUrl\":\"https:\\\/\\\/algarve7.pt\\\/wp-content\\\/uploads\\\/2020\\\/10\\\/SLOGAN-OSTOMIZADO-NACIONAL.png\",\"datePublished\":\"2020-10-27T09:25:41+00:00\",\"description\":\"Munic\u00edpio de S\u00e3o Br\u00e1s de Alportel associa-se \u00e0 campanha \\\"o saco n\u00e3o \u00e9 vergonha, o saco \u00e9 vida\\\"\",\"breadcrumb\":{\"@id\":\"https:\\\/\\\/algarve7.pt\\\/index.php\\\/2020\\\/10\\\/campanha-o-saco-nao-e-vergonha-o-saco-e-vida\\\/saude\\\/09\\\/25\\\/#breadcrumb\"},\"inLanguage\":\"pt-PT\",\"potentialAction\":[{\"@type\":\"ReadAction\",\"target\":[\"https:\\\/\\\/algarve7.pt\\\/index.php\\\/2020\\\/10\\\/campanha-o-saco-nao-e-vergonha-o-saco-e-vida\\\/saude\\\/09\\\/25\\\/\"]}]},{\"@type\":\"ImageObject\",\"inLanguage\":\"pt-PT\",\"@id\":\"https:\\\/\\\/algarve7.pt\\\/index.php\\\/2020\\\/10\\\/campanha-o-saco-nao-e-vergonha-o-saco-e-vida\\\/saude\\\/09\\\/25\\\/#primaryimage\",\"url\":\"https:\\\/\\\/algarve7.pt\\\/wp-content\\\/uploads\\\/2020\\\/10\\\/SLOGAN-OSTOMIZADO-NACIONAL.png\",\"contentUrl\":\"https:\\\/\\\/algarve7.pt\\\/wp-content\\\/uploads\\\/2020\\\/10\\\/SLOGAN-OSTOMIZADO-NACIONAL.png\",\"width\":1920,\"height\":1141},{\"@type\":\"BreadcrumbList\",\"@id\":\"https:\\\/\\\/algarve7.pt\\\/index.php\\\/2020\\\/10\\\/campanha-o-saco-nao-e-vergonha-o-saco-e-vida\\\/saude\\\/09\\\/25\\\/#breadcrumb\",\"itemListElement\":[{\"@type\":\"ListItem\",\"position\":1,\"name\":\"In\u00edcio\",\"item\":\"https:\\\/\\\/algarve7.pt\\\/\"},{\"@type\":\"ListItem\",\"position\":2,\"name\":\"Munic\u00edpio de S\u00e3o Br\u00e1s de Alportel associa-se \u00e0 campanha &#8220;o saco n\u00e3o \u00e9 vergonha, o saco \u00e9 vida&#8221;\"}]},{\"@type\":\"WebSite\",\"@id\":\"https:\\\/\\\/algarve7.pt\\\/#website\",\"url\":\"https:\\\/\\\/algarve7.pt\\\/\",\"name\":\"Algarve 7\",\"description\":\"Informa\u00e7\u00e3o sobre o Algarve\",\"publisher\":{\"@id\":\"https:\\\/\\\/algarve7.pt\\\/#organization\"},\"potentialAction\":[{\"@type\":\"SearchAction\",\"target\":{\"@type\":\"EntryPoint\",\"urlTemplate\":\"https:\\\/\\\/algarve7.pt\\\/?s={search_term_string}\"},\"query-input\":{\"@type\":\"PropertyValueSpecification\",\"valueRequired\":true,\"valueName\":\"search_term_string\"}}],\"inLanguage\":\"pt-PT\"},{\"@type\":\"Organization\",\"@id\":\"https:\\\/\\\/algarve7.pt\\\/#organization\",\"name\":\"Algarve 7\",\"url\":\"https:\\\/\\\/algarve7.pt\\\/\",\"logo\":{\"@type\":\"ImageObject\",\"inLanguage\":\"pt-PT\",\"@id\":\"https:\\\/\\\/algarve7.pt\\\/#\\\/schema\\\/logo\\\/image\\\/\",\"url\":\"https:\\\/\\\/algarve7.pt\\\/wp-content\\\/uploads\\\/2020\\\/10\\\/Logo-8.jpg\",\"contentUrl\":\"https:\\\/\\\/algarve7.pt\\\/wp-content\\\/uploads\\\/2020\\\/10\\\/Logo-8.jpg\",\"width\":1680,\"height\":1186,\"caption\":\"Algarve 7\"},\"image\":{\"@id\":\"https:\\\/\\\/algarve7.pt\\\/#\\\/schema\\\/logo\\\/image\\\/\"},\"sameAs\":[\"https:\\\/\\\/www.facebook.com\\\/algarve7\",\"https:\\\/\\\/x.com\\\/Algarvesete\",\"https:\\\/\\\/www.instagram.com\\\/jornalalgarve7\\\/\",\"https:\\\/\\\/www.linkedin.com\\\/company\\\/algarve7\",\"https:\\\/\\\/www.pinterest.pt\\\/geral0939\\\/_created\\\/\"]},{\"@type\":\"Person\",\"@id\":\"https:\\\/\\\/algarve7.pt\\\/#\\\/schema\\\/person\\\/23fa70681308e7b319a3204bcea45e0c\",\"name\":\"Algarve 7\",\"sameAs\":[\"https:\\\/\\\/algarve7.pt\",\"https:\\\/\\\/www.facebook.com\\\/algarve7\"],\"url\":\"https:\\\/\\\/algarve7.pt\\\/index.php\\\/author\\\/geralalgarve7-pt\\\/\"}]}<\/script>\n<!-- \/ Yoast SEO plugin. -->","yoast_head_json":{"title":"Munic\u00edpio de S\u00e3o Br\u00e1s de Alportel associa-se \u00e0 campanha \"o saco n\u00e3o \u00e9 vergonha, o saco \u00e9 vida\" - Algarve 7","description":"Munic\u00edpio de S\u00e3o Br\u00e1s de Alportel associa-se \u00e0 campanha \"o saco n\u00e3o \u00e9 vergonha, o saco \u00e9 vida\"","robots":{"index":"index","follow":"follow","max-snippet":"max-snippet:-1","max-image-preview":"max-image-preview:large","max-video-preview":"max-video-preview:-1"},"canonical":"https:\/\/algarve7.pt\/index.php\/2020\/10\/campanha-o-saco-nao-e-vergonha-o-saco-e-vida\/saude\/09\/25\/","og_locale":"pt_PT","og_type":"article","og_title":"Munic\u00edpio de S\u00e3o Br\u00e1s de Alportel associa-se \u00e0 campanha \"o saco n\u00e3o \u00e9 vergonha, o saco \u00e9 vida\" - Algarve 7","og_description":"Munic\u00edpio de S\u00e3o Br\u00e1s de Alportel associa-se \u00e0 campanha \"o saco n\u00e3o \u00e9 vergonha, o saco \u00e9 vida\"","og_url":"https:\/\/algarve7.pt\/index.php\/2020\/10\/campanha-o-saco-nao-e-vergonha-o-saco-e-vida\/saude\/09\/25\/","og_site_name":"Algarve 7","article_publisher":"https:\/\/www.facebook.com\/algarve7","article_author":"https:\/\/www.facebook.com\/algarve7","article_published_time":"2020-10-27T09:25:41+00:00","og_image":[{"width":1920,"height":1141,"url":"https:\/\/algarve7.pt\/wp-content\/uploads\/2020\/10\/SLOGAN-OSTOMIZADO-NACIONAL.png","type":"image\/png"}],"author":"Algarve 7","twitter_card":"summary_large_image","twitter_creator":"@Algarvesete","twitter_site":"@Algarvesete","twitter_misc":{"Escrito por":"Algarve 7","Tempo estimado de leitura":"1 minuto"},"schema":{"@context":"https:\/\/schema.org","@graph":[{"@type":"Article","@id":"https:\/\/algarve7.pt\/index.php\/2020\/10\/campanha-o-saco-nao-e-vergonha-o-saco-e-vida\/saude\/09\/25\/#article","isPartOf":{"@id":"https:\/\/algarve7.pt\/index.php\/2020\/10\/campanha-o-saco-nao-e-vergonha-o-saco-e-vida\/saude\/09\/25\/"},"author":{"name":"Algarve 7","@id":"https:\/\/algarve7.pt\/#\/schema\/person\/23fa70681308e7b319a3204bcea45e0c"},"headline":"Munic\u00edpio de S\u00e3o Br\u00e1s de Alportel associa-se \u00e0 campanha &#8220;o saco n\u00e3o \u00e9 vergonha, o saco \u00e9 vida&#8221;","datePublished":"2020-10-27T09:25:41+00:00","mainEntityOfPage":{"@id":"https:\/\/algarve7.pt\/index.php\/2020\/10\/campanha-o-saco-nao-e-vergonha-o-saco-e-vida\/saude\/09\/25\/"},"wordCount":288,"publisher":{"@id":"https:\/\/algarve7.pt\/#organization"},"image":{"@id":"https:\/\/algarve7.pt\/index.php\/2020\/10\/campanha-o-saco-nao-e-vergonha-o-saco-e-vida\/saude\/09\/25\/#primaryimage"},"thumbnailUrl":"https:\/\/algarve7.pt\/wp-content\/uploads\/2020\/10\/SLOGAN-OSTOMIZADO-NACIONAL.png","keywords":["Algarve","S\u00e3o Br\u00e1s de Alportel","Sa\u00fade"],"articleSection":["Sa\u00fade"],"inLanguage":"pt-PT"},{"@type":"WebPage","@id":"https:\/\/algarve7.pt\/index.php\/2020\/10\/campanha-o-saco-nao-e-vergonha-o-saco-e-vida\/saude\/09\/25\/","url":"https:\/\/algarve7.pt\/index.php\/2020\/10\/campanha-o-saco-nao-e-vergonha-o-saco-e-vida\/saude\/09\/25\/","name":"Munic\u00edpio de S\u00e3o Br\u00e1s de Alportel associa-se \u00e0 campanha \"o saco n\u00e3o \u00e9 vergonha, o saco \u00e9 vida\" - Algarve 7","isPartOf":{"@id":"https:\/\/algarve7.pt\/#website"},"primaryImageOfPage":{"@id":"https:\/\/algarve7.pt\/index.php\/2020\/10\/campanha-o-saco-nao-e-vergonha-o-saco-e-vida\/saude\/09\/25\/#primaryimage"},"image":{"@id":"https:\/\/algarve7.pt\/index.php\/2020\/10\/campanha-o-saco-nao-e-vergonha-o-saco-e-vida\/saude\/09\/25\/#primaryimage"},"thumbnailUrl":"https:\/\/algarve7.pt\/wp-content\/uploads\/2020\/10\/SLOGAN-OSTOMIZADO-NACIONAL.png","datePublished":"2020-10-27T09:25:41+00:00","description":"Munic\u00edpio de S\u00e3o Br\u00e1s de Alportel associa-se \u00e0 campanha \"o saco n\u00e3o \u00e9 vergonha, o saco \u00e9 vida\"","breadcrumb":{"@id":"https:\/\/algarve7.pt\/index.php\/2020\/10\/campanha-o-saco-nao-e-vergonha-o-saco-e-vida\/saude\/09\/25\/#breadcrumb"},"inLanguage":"pt-PT","potentialAction":[{"@type":"ReadAction","target":["https:\/\/algarve7.pt\/index.php\/2020\/10\/campanha-o-saco-nao-e-vergonha-o-saco-e-vida\/saude\/09\/25\/"]}]},{"@type":"ImageObject","inLanguage":"pt-PT","@id":"https:\/\/algarve7.pt\/index.php\/2020\/10\/campanha-o-saco-nao-e-vergonha-o-saco-e-vida\/saude\/09\/25\/#primaryimage","url":"https:\/\/algarve7.pt\/wp-content\/uploads\/2020\/10\/SLOGAN-OSTOMIZADO-NACIONAL.png","contentUrl":"https:\/\/algarve7.pt\/wp-content\/uploads\/2020\/10\/SLOGAN-OSTOMIZADO-NACIONAL.png","width":1920,"height":1141},{"@type":"BreadcrumbList","@id":"https:\/\/algarve7.pt\/index.php\/2020\/10\/campanha-o-saco-nao-e-vergonha-o-saco-e-vida\/saude\/09\/25\/#breadcrumb","itemListElement":[{"@type":"ListItem","position":1,"name":"In\u00edcio","item":"https:\/\/algarve7.pt\/"},{"@type":"ListItem","position":2,"name":"Munic\u00edpio de S\u00e3o Br\u00e1s de Alportel associa-se \u00e0 campanha &#8220;o saco n\u00e3o \u00e9 vergonha, o saco \u00e9 vida&#8221;"}]},{"@type":"WebSite","@id":"https:\/\/algarve7.pt\/#website","url":"https:\/\/algarve7.pt\/","name":"Algarve 7","description":"Informa\u00e7\u00e3o sobre o Algarve","publisher":{"@id":"https:\/\/algarve7.pt\/#organization"},"potentialAction":[{"@type":"SearchAction","target":{"@type":"EntryPoint","urlTemplate":"https:\/\/algarve7.pt\/?s={search_term_string}"},"query-input":{"@type":"PropertyValueSpecification","valueRequired":true,"valueName":"search_term_string"}}],"inLanguage":"pt-PT"},{"@type":"Organization","@id":"https:\/\/algarve7.pt\/#organization","name":"Algarve 7","url":"https:\/\/algarve7.pt\/","logo":{"@type":"ImageObject","inLanguage":"pt-PT","@id":"https:\/\/algarve7.pt\/#\/schema\/logo\/image\/","url":"https:\/\/algarve7.pt\/wp-content\/uploads\/2020\/10\/Logo-8.jpg","contentUrl":"https:\/\/algarve7.pt\/wp-content\/uploads\/2020\/10\/Logo-8.jpg","width":1680,"height":1186,"caption":"Algarve 7"},"image":{"@id":"https:\/\/algarve7.pt\/#\/schema\/logo\/image\/"},"sameAs":["https:\/\/www.facebook.com\/algarve7","https:\/\/x.com\/Algarvesete","https:\/\/www.instagram.com\/jornalalgarve7\/","https:\/\/www.linkedin.com\/company\/algarve7","https:\/\/www.pinterest.pt\/geral0939\/_created\/"]},{"@type":"Person","@id":"https:\/\/algarve7.pt\/#\/schema\/person\/23fa70681308e7b319a3204bcea45e0c","name":"Algarve 7","sameAs":["https:\/\/algarve7.pt","https:\/\/www.facebook.com\/algarve7"],"url":"https:\/\/algarve7.pt\/index.php\/author\/geralalgarve7-pt\/"}]}},"jetpack_publicize_connections":[],"jetpack_featured_media_url":"https:\/\/algarve7.pt\/wp-content\/uploads\/2020\/10\/SLOGAN-OSTOMIZADO-NACIONAL.png","jetpack_shortlink":"https:\/\/wp.me\/pcezmW-Md","jetpack_sharing_enabled":true,"_links":{"self":[{"href":"https:\/\/algarve7.pt\/index.php\/wp-json\/wp\/v2\/posts\/2989","targetHints":{"allow":["GET"]}}],"collection":[{"href":"https:\/\/algarve7.pt\/index.php\/wp-json\/wp\/v2\/posts"}],"about":[{"href":"https:\/\/algarve7.pt\/index.php\/wp-json\/wp\/v2\/types\/post"}],"author":[{"embeddable":true,"href":"https:\/\/algarve7.pt\/index.php\/wp-json\/wp\/v2\/users\/1"}],"replies":[{"embeddable":true,"href":"https:\/\/algarve7.pt\/index.php\/wp-json\/wp\/v2\/comments?post=2989"}],"version-history":[{"count":0,"href":"https:\/\/algarve7.pt\/index.php\/wp-json\/wp\/v2\/posts\/2989\/revisions"}],"wp:featuredmedia":[{"embeddable":true,"href":"https:\/\/algarve7.pt\/index.php\/wp-json\/wp\/v2\/media\/2990"}],"wp:attachment":[{"href":"https:\/\/algarve7.pt\/index.php\/wp-json\/wp\/v2\/media?parent=2989"}],"wp:term":[{"taxonomy":"category","embeddable":true,"href":"https:\/\/algarve7.pt\/index.php\/wp-json\/wp\/v2\/categories?post=2989"},{"taxonomy":"post_tag","embeddable":true,"href":"https:\/\/algarve7.pt\/index.php\/wp-json\/wp\/v2\/tags?post=2989"}],"curies":[{"name":"wp","href":"https:\/\/api.w.org\/{rel}","templated":true}]}}