{"id":29803,"date":"2023-07-31T12:32:11","date_gmt":"2023-07-31T11:32:11","guid":{"rendered":"https:\/\/algarve7.pt\/?p=29803"},"modified":"2023-07-31T12:32:16","modified_gmt":"2023-07-31T11:32:16","slug":"castro-marim-acolheu-estagio-nacional-de-defesa-pessoal","status":"publish","type":"post","link":"https:\/\/algarve7.pt\/index.php\/2023\/07\/castro-marim-acolheu-estagio-nacional-de-defesa-pessoal\/desporto\/12\/32\/","title":{"rendered":"Castro Marim acolheu Est\u00e1gio Nacional de Defesa Pessoal"},"content":{"rendered":"\n<p>No passado s\u00e1bado, dia 29 de julho, decorreu em Castro Marim, no Pavilh\u00e3o Municipal Jos\u00e9 Guilhermino Anacleto, um Est\u00e1gio Nacional de Defesa Pessoal, organizado pela Associa\u00e7\u00e3o de Defesa Pessoal &#8211; Sistema Elite DP e pelo Le\u00f5es do Sul Futebol Clube, com o apoio da Junta de Freguesia e do Munic\u00edpio de Castro Marim.<\/p>\n\n\n\n<p>Neste \u00faltimo est\u00e1gio da \u00e9poca estiveram cerca de 70 atletas de v\u00e1rias Academias, nomeadamente Castro Marim, Quelfes, Pech\u00e3o, Olh\u00e3o, Faro, Montenegro, Loul\u00e9, Quarteira, S\u00e3o Jo\u00e3o da Madeira, Oliveira de Azem\u00e9is e Vila Nova de Gaia.<\/p>\n\n\n\n<p>Al\u00e9m das gradua\u00e7\u00f5es, este est\u00e1gio nacional serve tamb\u00e9m o prop\u00f3sito de adquirir conhecimentos e t\u00e9cnicas com outros treinadores e entre os atletas. Da Academia de Castro Marim\/Le\u00f5es do Sul FC, pelo treinador Jo\u00e3o Pacheco, foram graduados quatro atletas:<\/p>\n\n\n\n<ul class=\"wp-block-list\">\n<li>Jos\u00e9 Nunes: Cinto Azul &#8211; Cinto Vermelho<\/li>\n\n\n\n<li>Marisa Gon\u00e7alves: Cinto Verde &#8211; Cinto Azul<\/li>\n\n\n\n<li>Pavel Torv: Cinto Branco &#8211; Cinto Amarelo<\/li>\n\n\n\n<li>Jo\u00e3o: Cinto Branco &#8211; Cinto Amarelo<\/li>\n<\/ul>\n\n\n\n<p>A vice-presidente do Munic\u00edpio de Castro Marim, Filomena Sintra, que marcou presen\u00e7a nesta iniciativa, elogiou o trabalho desenvolvido pelo Le\u00f5es do Sul, salientando ainda a colabora\u00e7\u00e3o desenvolvida nesta edi\u00e7\u00e3o das F\u00e9rias Ativas de Ver\u00e3o, com a realiza\u00e7\u00e3o de aulas de defesa pessoal. A articula\u00e7\u00e3o de atividades com as v\u00e1rias coletividades desportivas e culturais do concelho \u00e9 uma das marcas distintivas deste programa de campo de f\u00e9rias, constituindo uma maneira de trabalhar a identidade cultural das crian\u00e7as e jovens castromarinenses e, paralelamente, de dar a conhecer e estimular \u00e0s diferentes pr\u00e1ticas desportivas que o territ\u00f3rio oferece.<\/p>\n","protected":false},"excerpt":{"rendered":"<p>No passado s\u00e1bado, dia 29 de julho, decorreu em Castro Marim, no Pavilh\u00e3o Municipal Jos\u00e9 Guilhermino Anacleto, um Est\u00e1gio Nacional<\/p>\n","protected":false},"author":1,"featured_media":29804,"comment_status":"closed","ping_status":"open","sticky":false,"template":"","format":"standard","meta":{"colormag_page_container_layout":"default_layout","colormag_page_sidebar_layout":"default_layout","_monsterinsights_skip_tracking":false,"_monsterinsights_sitenote_active":false,"_monsterinsights_sitenote_note":"","_monsterinsights_sitenote_category":0,"jetpack_post_was_ever_published":false,"_jetpack_newsletter_access":"","_jetpack_dont_email_post_to_subs":false,"_jetpack_newsletter_tier_id":0,"_jetpack_memberships_contains_paywalled_content":false,"_jetpack_memberships_contains_paid_content":false,"footnotes":"","jetpack_publicize_message":"","jetpack_publicize_feature_enabled":true,"jetpack_social_post_already_shared":true,"jetpack_social_options":{"image_generator_settings":{"template":"highway","default_image_id":0,"font":"","enabled":false},"version":2}},"categories":[15],"tags":[36,136,40],"class_list":["post-29803","post","type-post","status-publish","format-standard","has-post-thumbnail","hentry","category-desporto","tag-algarve","tag-castro-marim","tag-desporto"],"yoast_head":"<!-- This site is optimized with the Yoast SEO plugin v27.5 - https:\/\/yoast.com\/product\/yoast-seo-wordpress\/ -->\n<title>Castro Marim acolheu Est\u00e1gio Nacional de Defesa Pessoal - Algarve 7<\/title>\n<meta name=\"description\" content=\"Castro Marim acolheu Est\u00e1gio Nacional de Defesa Pessoal Desporto\" \/>\n<meta name=\"robots\" content=\"index, follow, max-snippet:-1, max-image-preview:large, max-video-preview:-1\" \/>\n<link rel=\"canonical\" href=\"https:\/\/algarve7.pt\/index.php\/2023\/07\/castro-marim-acolheu-estagio-nacional-de-defesa-pessoal\/desporto\/12\/32\/\" \/>\n<meta property=\"og:locale\" content=\"pt_PT\" \/>\n<meta property=\"og:type\" content=\"article\" \/>\n<meta property=\"og:title\" content=\"Castro Marim acolheu Est\u00e1gio Nacional de Defesa Pessoal - Algarve 7\" \/>\n<meta property=\"og:description\" content=\"Castro Marim acolheu Est\u00e1gio Nacional de Defesa Pessoal Desporto\" \/>\n<meta property=\"og:url\" content=\"https:\/\/algarve7.pt\/index.php\/2023\/07\/castro-marim-acolheu-estagio-nacional-de-defesa-pessoal\/desporto\/12\/32\/\" \/>\n<meta property=\"og:site_name\" content=\"Algarve 7\" \/>\n<meta property=\"article:publisher\" content=\"https:\/\/www.facebook.com\/algarve7\" \/>\n<meta property=\"article:author\" content=\"https:\/\/www.facebook.com\/algarve7\" \/>\n<meta property=\"article:published_time\" content=\"2023-07-31T11:32:11+00:00\" \/>\n<meta property=\"article:modified_time\" content=\"2023-07-31T11:32:16+00:00\" \/>\n<meta property=\"og:image\" content=\"https:\/\/algarve7.pt\/wp-content\/uploads\/2023\/07\/Estagio-Nacional-Defesa-Pessoal-Castro-Marim-2.jpg\" \/>\n\t<meta property=\"og:image:width\" content=\"1000\" \/>\n\t<meta property=\"og:image:height\" content=\"666\" \/>\n\t<meta property=\"og:image:type\" content=\"image\/jpeg\" \/>\n<meta name=\"author\" content=\"Algarve 7\" \/>\n<meta name=\"twitter:card\" content=\"summary_large_image\" \/>\n<meta name=\"twitter:creator\" content=\"@Algarvesete\" \/>\n<meta name=\"twitter:site\" content=\"@Algarvesete\" \/>\n<meta name=\"twitter:label1\" content=\"Escrito por\" \/>\n\t<meta name=\"twitter:data1\" content=\"Algarve 7\" \/>\n\t<meta name=\"twitter:label2\" content=\"Tempo estimado de leitura\" \/>\n\t<meta name=\"twitter:data2\" content=\"2 minutos\" \/>\n<script type=\"application\/ld+json\" class=\"yoast-schema-graph\">{\"@context\":\"https:\\\/\\\/schema.org\",\"@graph\":[{\"@type\":\"Article\",\"@id\":\"https:\\\/\\\/algarve7.pt\\\/index.php\\\/2023\\\/07\\\/castro-marim-acolheu-estagio-nacional-de-defesa-pessoal\\\/desporto\\\/12\\\/32\\\/#article\",\"isPartOf\":{\"@id\":\"https:\\\/\\\/algarve7.pt\\\/index.php\\\/2023\\\/07\\\/castro-marim-acolheu-estagio-nacional-de-defesa-pessoal\\\/desporto\\\/12\\\/32\\\/\"},\"author\":{\"name\":\"Algarve 7\",\"@id\":\"https:\\\/\\\/algarve7.pt\\\/#\\\/schema\\\/person\\\/23fa70681308e7b319a3204bcea45e0c\"},\"headline\":\"Castro Marim acolheu Est\u00e1gio Nacional de Defesa Pessoal\",\"datePublished\":\"2023-07-31T11:32:11+00:00\",\"dateModified\":\"2023-07-31T11:32:16+00:00\",\"mainEntityOfPage\":{\"@id\":\"https:\\\/\\\/algarve7.pt\\\/index.php\\\/2023\\\/07\\\/castro-marim-acolheu-estagio-nacional-de-defesa-pessoal\\\/desporto\\\/12\\\/32\\\/\"},\"wordCount\":292,\"publisher\":{\"@id\":\"https:\\\/\\\/algarve7.pt\\\/#organization\"},\"image\":{\"@id\":\"https:\\\/\\\/algarve7.pt\\\/index.php\\\/2023\\\/07\\\/castro-marim-acolheu-estagio-nacional-de-defesa-pessoal\\\/desporto\\\/12\\\/32\\\/#primaryimage\"},\"thumbnailUrl\":\"https:\\\/\\\/algarve7.pt\\\/wp-content\\\/uploads\\\/2023\\\/07\\\/Estagio-Nacional-Defesa-Pessoal-Castro-Marim-2.jpg\",\"keywords\":[\"Algarve\",\"Castro Marim\",\"Desporto\"],\"articleSection\":[\"Desporto\"],\"inLanguage\":\"pt-PT\"},{\"@type\":\"WebPage\",\"@id\":\"https:\\\/\\\/algarve7.pt\\\/index.php\\\/2023\\\/07\\\/castro-marim-acolheu-estagio-nacional-de-defesa-pessoal\\\/desporto\\\/12\\\/32\\\/\",\"url\":\"https:\\\/\\\/algarve7.pt\\\/index.php\\\/2023\\\/07\\\/castro-marim-acolheu-estagio-nacional-de-defesa-pessoal\\\/desporto\\\/12\\\/32\\\/\",\"name\":\"Castro Marim acolheu Est\u00e1gio Nacional de Defesa Pessoal - Algarve 7\",\"isPartOf\":{\"@id\":\"https:\\\/\\\/algarve7.pt\\\/#website\"},\"primaryImageOfPage\":{\"@id\":\"https:\\\/\\\/algarve7.pt\\\/index.php\\\/2023\\\/07\\\/castro-marim-acolheu-estagio-nacional-de-defesa-pessoal\\\/desporto\\\/12\\\/32\\\/#primaryimage\"},\"image\":{\"@id\":\"https:\\\/\\\/algarve7.pt\\\/index.php\\\/2023\\\/07\\\/castro-marim-acolheu-estagio-nacional-de-defesa-pessoal\\\/desporto\\\/12\\\/32\\\/#primaryimage\"},\"thumbnailUrl\":\"https:\\\/\\\/algarve7.pt\\\/wp-content\\\/uploads\\\/2023\\\/07\\\/Estagio-Nacional-Defesa-Pessoal-Castro-Marim-2.jpg\",\"datePublished\":\"2023-07-31T11:32:11+00:00\",\"dateModified\":\"2023-07-31T11:32:16+00:00\",\"description\":\"Castro Marim acolheu Est\u00e1gio Nacional de Defesa Pessoal Desporto\",\"breadcrumb\":{\"@id\":\"https:\\\/\\\/algarve7.pt\\\/index.php\\\/2023\\\/07\\\/castro-marim-acolheu-estagio-nacional-de-defesa-pessoal\\\/desporto\\\/12\\\/32\\\/#breadcrumb\"},\"inLanguage\":\"pt-PT\",\"potentialAction\":[{\"@type\":\"ReadAction\",\"target\":[\"https:\\\/\\\/algarve7.pt\\\/index.php\\\/2023\\\/07\\\/castro-marim-acolheu-estagio-nacional-de-defesa-pessoal\\\/desporto\\\/12\\\/32\\\/\"]}]},{\"@type\":\"ImageObject\",\"inLanguage\":\"pt-PT\",\"@id\":\"https:\\\/\\\/algarve7.pt\\\/index.php\\\/2023\\\/07\\\/castro-marim-acolheu-estagio-nacional-de-defesa-pessoal\\\/desporto\\\/12\\\/32\\\/#primaryimage\",\"url\":\"https:\\\/\\\/algarve7.pt\\\/wp-content\\\/uploads\\\/2023\\\/07\\\/Estagio-Nacional-Defesa-Pessoal-Castro-Marim-2.jpg\",\"contentUrl\":\"https:\\\/\\\/algarve7.pt\\\/wp-content\\\/uploads\\\/2023\\\/07\\\/Estagio-Nacional-Defesa-Pessoal-Castro-Marim-2.jpg\",\"width\":1000,\"height\":666},{\"@type\":\"BreadcrumbList\",\"@id\":\"https:\\\/\\\/algarve7.pt\\\/index.php\\\/2023\\\/07\\\/castro-marim-acolheu-estagio-nacional-de-defesa-pessoal\\\/desporto\\\/12\\\/32\\\/#breadcrumb\",\"itemListElement\":[{\"@type\":\"ListItem\",\"position\":1,\"name\":\"In\u00edcio\",\"item\":\"https:\\\/\\\/algarve7.pt\\\/\"},{\"@type\":\"ListItem\",\"position\":2,\"name\":\"Castro Marim acolheu Est\u00e1gio Nacional de Defesa Pessoal\"}]},{\"@type\":\"WebSite\",\"@id\":\"https:\\\/\\\/algarve7.pt\\\/#website\",\"url\":\"https:\\\/\\\/algarve7.pt\\\/\",\"name\":\"Algarve 7\",\"description\":\"Informa\u00e7\u00e3o sobre o Algarve\",\"publisher\":{\"@id\":\"https:\\\/\\\/algarve7.pt\\\/#organization\"},\"potentialAction\":[{\"@type\":\"SearchAction\",\"target\":{\"@type\":\"EntryPoint\",\"urlTemplate\":\"https:\\\/\\\/algarve7.pt\\\/?s={search_term_string}\"},\"query-input\":{\"@type\":\"PropertyValueSpecification\",\"valueRequired\":true,\"valueName\":\"search_term_string\"}}],\"inLanguage\":\"pt-PT\"},{\"@type\":\"Organization\",\"@id\":\"https:\\\/\\\/algarve7.pt\\\/#organization\",\"name\":\"Algarve 7\",\"url\":\"https:\\\/\\\/algarve7.pt\\\/\",\"logo\":{\"@type\":\"ImageObject\",\"inLanguage\":\"pt-PT\",\"@id\":\"https:\\\/\\\/algarve7.pt\\\/#\\\/schema\\\/logo\\\/image\\\/\",\"url\":\"https:\\\/\\\/algarve7.pt\\\/wp-content\\\/uploads\\\/2020\\\/10\\\/Logo-8.jpg\",\"contentUrl\":\"https:\\\/\\\/algarve7.pt\\\/wp-content\\\/uploads\\\/2020\\\/10\\\/Logo-8.jpg\",\"width\":1680,\"height\":1186,\"caption\":\"Algarve 7\"},\"image\":{\"@id\":\"https:\\\/\\\/algarve7.pt\\\/#\\\/schema\\\/logo\\\/image\\\/\"},\"sameAs\":[\"https:\\\/\\\/www.facebook.com\\\/algarve7\",\"https:\\\/\\\/x.com\\\/Algarvesete\",\"https:\\\/\\\/www.instagram.com\\\/jornalalgarve7\\\/\",\"https:\\\/\\\/www.linkedin.com\\\/company\\\/algarve7\",\"https:\\\/\\\/www.pinterest.pt\\\/geral0939\\\/_created\\\/\"]},{\"@type\":\"Person\",\"@id\":\"https:\\\/\\\/algarve7.pt\\\/#\\\/schema\\\/person\\\/23fa70681308e7b319a3204bcea45e0c\",\"name\":\"Algarve 7\",\"sameAs\":[\"https:\\\/\\\/algarve7.pt\",\"https:\\\/\\\/www.facebook.com\\\/algarve7\"],\"url\":\"https:\\\/\\\/algarve7.pt\\\/index.php\\\/author\\\/geralalgarve7-pt\\\/\"}]}<\/script>\n<!-- \/ Yoast SEO plugin. -->","yoast_head_json":{"title":"Castro Marim acolheu Est\u00e1gio Nacional de Defesa Pessoal - Algarve 7","description":"Castro Marim acolheu Est\u00e1gio Nacional de Defesa Pessoal Desporto","robots":{"index":"index","follow":"follow","max-snippet":"max-snippet:-1","max-image-preview":"max-image-preview:large","max-video-preview":"max-video-preview:-1"},"canonical":"https:\/\/algarve7.pt\/index.php\/2023\/07\/castro-marim-acolheu-estagio-nacional-de-defesa-pessoal\/desporto\/12\/32\/","og_locale":"pt_PT","og_type":"article","og_title":"Castro Marim acolheu Est\u00e1gio Nacional de Defesa Pessoal - Algarve 7","og_description":"Castro Marim acolheu Est\u00e1gio Nacional de Defesa Pessoal Desporto","og_url":"https:\/\/algarve7.pt\/index.php\/2023\/07\/castro-marim-acolheu-estagio-nacional-de-defesa-pessoal\/desporto\/12\/32\/","og_site_name":"Algarve 7","article_publisher":"https:\/\/www.facebook.com\/algarve7","article_author":"https:\/\/www.facebook.com\/algarve7","article_published_time":"2023-07-31T11:32:11+00:00","article_modified_time":"2023-07-31T11:32:16+00:00","og_image":[{"width":1000,"height":666,"url":"https:\/\/algarve7.pt\/wp-content\/uploads\/2023\/07\/Estagio-Nacional-Defesa-Pessoal-Castro-Marim-2.jpg","type":"image\/jpeg"}],"author":"Algarve 7","twitter_card":"summary_large_image","twitter_creator":"@Algarvesete","twitter_site":"@Algarvesete","twitter_misc":{"Escrito por":"Algarve 7","Tempo estimado de leitura":"2 minutos"},"schema":{"@context":"https:\/\/schema.org","@graph":[{"@type":"Article","@id":"https:\/\/algarve7.pt\/index.php\/2023\/07\/castro-marim-acolheu-estagio-nacional-de-defesa-pessoal\/desporto\/12\/32\/#article","isPartOf":{"@id":"https:\/\/algarve7.pt\/index.php\/2023\/07\/castro-marim-acolheu-estagio-nacional-de-defesa-pessoal\/desporto\/12\/32\/"},"author":{"name":"Algarve 7","@id":"https:\/\/algarve7.pt\/#\/schema\/person\/23fa70681308e7b319a3204bcea45e0c"},"headline":"Castro Marim acolheu Est\u00e1gio Nacional de Defesa Pessoal","datePublished":"2023-07-31T11:32:11+00:00","dateModified":"2023-07-31T11:32:16+00:00","mainEntityOfPage":{"@id":"https:\/\/algarve7.pt\/index.php\/2023\/07\/castro-marim-acolheu-estagio-nacional-de-defesa-pessoal\/desporto\/12\/32\/"},"wordCount":292,"publisher":{"@id":"https:\/\/algarve7.pt\/#organization"},"image":{"@id":"https:\/\/algarve7.pt\/index.php\/2023\/07\/castro-marim-acolheu-estagio-nacional-de-defesa-pessoal\/desporto\/12\/32\/#primaryimage"},"thumbnailUrl":"https:\/\/algarve7.pt\/wp-content\/uploads\/2023\/07\/Estagio-Nacional-Defesa-Pessoal-Castro-Marim-2.jpg","keywords":["Algarve","Castro Marim","Desporto"],"articleSection":["Desporto"],"inLanguage":"pt-PT"},{"@type":"WebPage","@id":"https:\/\/algarve7.pt\/index.php\/2023\/07\/castro-marim-acolheu-estagio-nacional-de-defesa-pessoal\/desporto\/12\/32\/","url":"https:\/\/algarve7.pt\/index.php\/2023\/07\/castro-marim-acolheu-estagio-nacional-de-defesa-pessoal\/desporto\/12\/32\/","name":"Castro Marim acolheu Est\u00e1gio Nacional de Defesa Pessoal - Algarve 7","isPartOf":{"@id":"https:\/\/algarve7.pt\/#website"},"primaryImageOfPage":{"@id":"https:\/\/algarve7.pt\/index.php\/2023\/07\/castro-marim-acolheu-estagio-nacional-de-defesa-pessoal\/desporto\/12\/32\/#primaryimage"},"image":{"@id":"https:\/\/algarve7.pt\/index.php\/2023\/07\/castro-marim-acolheu-estagio-nacional-de-defesa-pessoal\/desporto\/12\/32\/#primaryimage"},"thumbnailUrl":"https:\/\/algarve7.pt\/wp-content\/uploads\/2023\/07\/Estagio-Nacional-Defesa-Pessoal-Castro-Marim-2.jpg","datePublished":"2023-07-31T11:32:11+00:00","dateModified":"2023-07-31T11:32:16+00:00","description":"Castro Marim acolheu Est\u00e1gio Nacional de Defesa Pessoal Desporto","breadcrumb":{"@id":"https:\/\/algarve7.pt\/index.php\/2023\/07\/castro-marim-acolheu-estagio-nacional-de-defesa-pessoal\/desporto\/12\/32\/#breadcrumb"},"inLanguage":"pt-PT","potentialAction":[{"@type":"ReadAction","target":["https:\/\/algarve7.pt\/index.php\/2023\/07\/castro-marim-acolheu-estagio-nacional-de-defesa-pessoal\/desporto\/12\/32\/"]}]},{"@type":"ImageObject","inLanguage":"pt-PT","@id":"https:\/\/algarve7.pt\/index.php\/2023\/07\/castro-marim-acolheu-estagio-nacional-de-defesa-pessoal\/desporto\/12\/32\/#primaryimage","url":"https:\/\/algarve7.pt\/wp-content\/uploads\/2023\/07\/Estagio-Nacional-Defesa-Pessoal-Castro-Marim-2.jpg","contentUrl":"https:\/\/algarve7.pt\/wp-content\/uploads\/2023\/07\/Estagio-Nacional-Defesa-Pessoal-Castro-Marim-2.jpg","width":1000,"height":666},{"@type":"BreadcrumbList","@id":"https:\/\/algarve7.pt\/index.php\/2023\/07\/castro-marim-acolheu-estagio-nacional-de-defesa-pessoal\/desporto\/12\/32\/#breadcrumb","itemListElement":[{"@type":"ListItem","position":1,"name":"In\u00edcio","item":"https:\/\/algarve7.pt\/"},{"@type":"ListItem","position":2,"name":"Castro Marim acolheu Est\u00e1gio Nacional de Defesa Pessoal"}]},{"@type":"WebSite","@id":"https:\/\/algarve7.pt\/#website","url":"https:\/\/algarve7.pt\/","name":"Algarve 7","description":"Informa\u00e7\u00e3o sobre o Algarve","publisher":{"@id":"https:\/\/algarve7.pt\/#organization"},"potentialAction":[{"@type":"SearchAction","target":{"@type":"EntryPoint","urlTemplate":"https:\/\/algarve7.pt\/?s={search_term_string}"},"query-input":{"@type":"PropertyValueSpecification","valueRequired":true,"valueName":"search_term_string"}}],"inLanguage":"pt-PT"},{"@type":"Organization","@id":"https:\/\/algarve7.pt\/#organization","name":"Algarve 7","url":"https:\/\/algarve7.pt\/","logo":{"@type":"ImageObject","inLanguage":"pt-PT","@id":"https:\/\/algarve7.pt\/#\/schema\/logo\/image\/","url":"https:\/\/algarve7.pt\/wp-content\/uploads\/2020\/10\/Logo-8.jpg","contentUrl":"https:\/\/algarve7.pt\/wp-content\/uploads\/2020\/10\/Logo-8.jpg","width":1680,"height":1186,"caption":"Algarve 7"},"image":{"@id":"https:\/\/algarve7.pt\/#\/schema\/logo\/image\/"},"sameAs":["https:\/\/www.facebook.com\/algarve7","https:\/\/x.com\/Algarvesete","https:\/\/www.instagram.com\/jornalalgarve7\/","https:\/\/www.linkedin.com\/company\/algarve7","https:\/\/www.pinterest.pt\/geral0939\/_created\/"]},{"@type":"Person","@id":"https:\/\/algarve7.pt\/#\/schema\/person\/23fa70681308e7b319a3204bcea45e0c","name":"Algarve 7","sameAs":["https:\/\/algarve7.pt","https:\/\/www.facebook.com\/algarve7"],"url":"https:\/\/algarve7.pt\/index.php\/author\/geralalgarve7-pt\/"}]}},"jetpack_publicize_connections":[],"jetpack_featured_media_url":"https:\/\/algarve7.pt\/wp-content\/uploads\/2023\/07\/Estagio-Nacional-Defesa-Pessoal-Castro-Marim-2.jpg","jetpack_shortlink":"https:\/\/wp.me\/pcezmW-7KH","jetpack_sharing_enabled":true,"_links":{"self":[{"href":"https:\/\/algarve7.pt\/index.php\/wp-json\/wp\/v2\/posts\/29803","targetHints":{"allow":["GET"]}}],"collection":[{"href":"https:\/\/algarve7.pt\/index.php\/wp-json\/wp\/v2\/posts"}],"about":[{"href":"https:\/\/algarve7.pt\/index.php\/wp-json\/wp\/v2\/types\/post"}],"author":[{"embeddable":true,"href":"https:\/\/algarve7.pt\/index.php\/wp-json\/wp\/v2\/users\/1"}],"replies":[{"embeddable":true,"href":"https:\/\/algarve7.pt\/index.php\/wp-json\/wp\/v2\/comments?post=29803"}],"version-history":[{"count":0,"href":"https:\/\/algarve7.pt\/index.php\/wp-json\/wp\/v2\/posts\/29803\/revisions"}],"wp:featuredmedia":[{"embeddable":true,"href":"https:\/\/algarve7.pt\/index.php\/wp-json\/wp\/v2\/media\/29804"}],"wp:attachment":[{"href":"https:\/\/algarve7.pt\/index.php\/wp-json\/wp\/v2\/media?parent=29803"}],"wp:term":[{"taxonomy":"category","embeddable":true,"href":"https:\/\/algarve7.pt\/index.php\/wp-json\/wp\/v2\/categories?post=29803"},{"taxonomy":"post_tag","embeddable":true,"href":"https:\/\/algarve7.pt\/index.php\/wp-json\/wp\/v2\/tags?post=29803"}],"curies":[{"name":"wp","href":"https:\/\/api.w.org\/{rel}","templated":true}]}}