{"id":29788,"date":"2023-07-29T21:19:45","date_gmt":"2023-07-29T20:19:45","guid":{"rendered":"https:\/\/algarve7.pt\/?p=29788"},"modified":"2023-07-29T21:19:49","modified_gmt":"2023-07-29T20:19:49","slug":"pulseiras-de-livre-circulacao-para-a-feira-medieval-de-silves-em-pre-venda-a-partir-do-dia-31-de-julho","status":"publish","type":"post","link":"https:\/\/algarve7.pt\/index.php\/2023\/07\/pulseiras-de-livre-circulacao-para-a-feira-medieval-de-silves-em-pre-venda-a-partir-do-dia-31-de-julho\/cultura\/21\/19\/","title":{"rendered":"Pulseiras de livre circula\u00e7\u00e3o para a feira medieval de Silves em pr\u00e9-venda a partir do dia 31 de julho"},"content":{"rendered":"\n<p>O per\u00edodo de pr\u00e9-venda das pulseiras de livre circula\u00e7\u00e3o da XVIII Feira Medieval de Silves ir\u00e1 decorrer entre <strong>31 de julho e 9 de agosto<\/strong>, contando com cerca de uma dezena de pontos de venda um pouco por todo o concelho. Durante o per\u00edodo de pr\u00e9 venda as pulseiras beneficiam de um pre\u00e7o especial de 4 euros. No decurso da Feira Medieval de Silves, as pulseiras ter\u00e3o um custo associado de 5 euros. Relembramos que a pulseira permitir\u00e1 a entrada livre no recinto do evento, <strong>exceto espet\u00e1culos <\/strong>(Jogos de Guerra e Noites do Oriente), durante todos os dias em que o mesmo decorrer\u00e1.<\/p>\n\n\n\n<p>S\u00e3o pontos de pr\u00e9-venda das pulseiras livre-tr\u00e2nsito:<\/p>\n\n\n\n<p><strong>SILVES<\/strong><\/p>\n\n\n\n<p>Junta de Freguesia de Silves<\/p>\n\n\n\n<p>Biblioteca Municipal de Silves<\/p>\n\n\n\n<p>Castelo de Silves<\/p>\n\n\n\n<p>Museu Municipal de Arqueologia<\/p>\n\n\n\n<p>Piscinas Municipais de Silves<\/p>\n\n\n\n<p>Caf\u00e9 do Silves Futebol Clube<\/p>\n\n\n\n<p>Instituto de Beleza Art Effects<\/p>\n\n\n\n<p>Tabacaria Baixinha<\/p>\n\n\n\n<p>Papelaria Duarte &amp; Duarte \u2013 Continente<\/p>\n\n\n\n<p>Real Kenza \u2013 Boutique<\/p>\n\n\n\n<p>Artesanato Ana &amp; Joana, (loja 1); (loja 2)<\/p>\n\n\n\n<p>Ourivesaria Esmeralda \u2013 Silves<\/p>\n\n\n\n<p>Snack Bar JR<\/p>\n\n\n\n<p>Divina Do\u00e7ura Silves (Pastelaria)<\/p>\n\n\n\n<p>Imobili\u00e1ria Servesul Silves<\/p>\n\n\n\n<p>Snack Bar Lenita<\/p>\n\n\n\n<p>Restaurante \u201cA Barbinha\u201d,<\/p>\n\n\n\n<p>Ba\u00fa D\u2019Av\u00f3-Artesanato,<\/p>\n\n\n\n<p>Nanda Caf\u00e9<\/p>\n\n\n\n<p>Alentejo Com P\u00e3o<\/p>\n\n\n\n<p>Rec\u00e9m Mam\u00e3 \u2013 Loja Infantil<\/p>\n\n\n\n<p>Talho e Minimercado Assalame<\/p>\n\n\n\n<p><strong>ARMA\u00c7\u00c3O DE P\u00caRA<\/strong><\/p>\n\n\n\n<p>Junta de Freguesia de Arma\u00e7\u00e3o de P\u00eara<\/p>\n\n\n\n<p>Gormial, lda \u2013 Media\u00e7\u00e3o Imobili\u00e1ria \u2013 Arma\u00e7\u00e3o de P\u00eara<\/p>\n\n\n\n<p><strong>S\u00c3O BARTOLOMEU DE MESSINES<\/strong><\/p>\n\n\n\n<p>Junta de Freguesia de S. B. de Messines<\/p>\n\n\n\n<p>Casa Museu Jo\u00e3o de Deus<\/p>\n\n\n\n<p>Museu do Traje e das Tradi\u00e7\u00f5es<\/p>\n\n\n\n<p>Caf\u00e9 Messinense<\/p>\n\n\n\n<p>Papelaria da Vila \u2013 S.B. Messines<\/p>\n\n\n\n<p><strong>S\u00c3O MARCOS DA SERRA<\/strong><\/p>\n\n\n\n<p>Junta de Freguesia de S. M. da Serra<\/p>\n\n\n\n<p><strong>ALCANTARILHA E P\u00caRA<\/strong><\/p>\n\n\n\n<p>Uni\u00e3o Freguesias Alcantarilha e P\u00eara<\/p>\n\n\n\n<p><strong>ALGOZ E TUNES<\/strong><\/p>\n\n\n\n<p>Uni\u00e3o Freguesias de Algoz e Tunes<\/p>\n\n\n\n<p>Durante o evento as pulseiras dever\u00e3o ser adquiridas nas bilheteiras.<\/p>\n\n\n\n<p>A restante bilh\u00e9tica do evento tamb\u00e9m j\u00e1 tem pre\u00e7os definidos e estar\u00e1, em data a informar oportunamente, \u00e0 venda na BOL &#8211; em&nbsp;<a href=\"https:\/\/cmsilves.bol.pt\/\">https:\/\/cmsilves.bol.pt\/<\/a>&nbsp;&#8211; e nos locais habituais (FNAC, Worten, El Corte Ingl\u00e9s, CTT Correios, Pousadas da Juventude e Quiosques Serveasy).<\/p>\n\n\n\n<p><strong>BILHETE DI\u00c1RIO<\/strong>&nbsp;Bilhete di\u00e1rio \u20ac 2,00&nbsp;Bilhete grupo de entrada (5 pessoas) \u20ac 8,00&nbsp;Bilhete gratuito crian\u00e7as at\u00e9 130 cm ou 9 anos (inclusive) para a venda online<\/p>\n\n\n\n<p><strong>ESPET\u00c1CULOS<\/strong>&nbsp;Noites do Oriente 5,00\u20ac (s\u00f3 espet\u00e1culo)&nbsp;Jogos de Guerra 5,00\u20ac (s\u00f3 espet\u00e1culo)&nbsp;Bilhete di\u00e1rio + Espet\u00e1culo (Noites do Oriente ou Jogos de Guerra) \u20ac 6,00&nbsp;<\/p>\n\n\n\n<p><strong>ALUGUER DE TRAJO<\/strong>&nbsp;Aluguer de Trajo (adulto) 3,00\u20ac&nbsp;Aluguer de Trajo (crian\u00e7a) 2,00\u20ac&nbsp;<\/p>\n\n\n\n<p><strong>EXPERI\u00caNCIA MEDIEVAL<\/strong>&nbsp;Experi\u00eancia Medieval (adulto) 60,00\u20ac (pre\u00e7o m\u00e1ximo a praticar)&nbsp;Experi\u00eancia Medieval (crian\u00e7a at\u00e9 aos 10 anos) 30,00\u20ac (pre\u00e7o m\u00e1ximo a praticar)<\/p>\n","protected":false},"excerpt":{"rendered":"<p>O per\u00edodo de pr\u00e9-venda das pulseiras de livre circula\u00e7\u00e3o da XVIII Feira Medieval de Silves ir\u00e1 decorrer entre 31 de<\/p>\n","protected":false},"author":1,"featured_media":29789,"comment_status":"closed","ping_status":"open","sticky":false,"template":"","format":"standard","meta":{"colormag_page_container_layout":"default_layout","colormag_page_sidebar_layout":"default_layout","_monsterinsights_skip_tracking":false,"_monsterinsights_sitenote_active":false,"_monsterinsights_sitenote_note":"","_monsterinsights_sitenote_category":0,"jetpack_post_was_ever_published":false,"_jetpack_newsletter_access":"","_jetpack_dont_email_post_to_subs":false,"_jetpack_newsletter_tier_id":0,"_jetpack_memberships_contains_paywalled_content":false,"_jetpack_memberships_contains_paid_content":false,"footnotes":"","jetpack_publicize_message":"","jetpack_publicize_feature_enabled":true,"jetpack_social_post_already_shared":true,"jetpack_social_options":{"image_generator_settings":{"template":"highway","default_image_id":0,"font":"","enabled":false},"version":2}},"categories":[14],"tags":[36,35,657,42],"class_list":["post-29788","post","type-post","status-publish","format-standard","has-post-thumbnail","hentry","category-cultura","tag-algarve","tag-cultura","tag-feira-medieval-de-silves","tag-silves"],"yoast_head":"<!-- This site is optimized with the Yoast SEO plugin v27.4 - https:\/\/yoast.com\/product\/yoast-seo-wordpress\/ -->\n<title>Pulseiras de livre circula\u00e7\u00e3o para a feira medieval de Silves em pr\u00e9-venda a partir do dia 31 de julho - Algarve 7<\/title>\n<meta name=\"description\" content=\"Pulseiras de livre circula\u00e7\u00e3o para a feira medieval de Silves em pr\u00e9-venda a partir do dia 31 de julho Cultura\" \/>\n<meta name=\"robots\" content=\"index, follow, max-snippet:-1, max-image-preview:large, max-video-preview:-1\" \/>\n<link rel=\"canonical\" href=\"https:\/\/algarve7.pt\/index.php\/2023\/07\/pulseiras-de-livre-circulacao-para-a-feira-medieval-de-silves-em-pre-venda-a-partir-do-dia-31-de-julho\/cultura\/21\/19\/\" \/>\n<meta property=\"og:locale\" content=\"pt_PT\" \/>\n<meta property=\"og:type\" content=\"article\" \/>\n<meta property=\"og:title\" content=\"Pulseiras de livre circula\u00e7\u00e3o para a feira medieval de Silves em pr\u00e9-venda a partir do dia 31 de julho - Algarve 7\" \/>\n<meta property=\"og:description\" content=\"Pulseiras de livre circula\u00e7\u00e3o para a feira medieval de Silves em pr\u00e9-venda a partir do dia 31 de julho Cultura\" \/>\n<meta property=\"og:url\" content=\"https:\/\/algarve7.pt\/index.php\/2023\/07\/pulseiras-de-livre-circulacao-para-a-feira-medieval-de-silves-em-pre-venda-a-partir-do-dia-31-de-julho\/cultura\/21\/19\/\" \/>\n<meta property=\"og:site_name\" content=\"Algarve 7\" \/>\n<meta property=\"article:publisher\" content=\"https:\/\/www.facebook.com\/algarve7\" \/>\n<meta property=\"article:author\" content=\"https:\/\/www.facebook.com\/algarve7\" \/>\n<meta property=\"article:published_time\" content=\"2023-07-29T20:19:45+00:00\" \/>\n<meta property=\"article:modified_time\" content=\"2023-07-29T20:19:49+00:00\" \/>\n<meta property=\"og:image\" content=\"https:\/\/algarve7.pt\/wp-content\/uploads\/2023\/07\/NOTICIA_pre-venda-de-pulseiras.jpg\" \/>\n\t<meta property=\"og:image:width\" content=\"1000\" \/>\n\t<meta property=\"og:image:height\" content=\"484\" \/>\n\t<meta property=\"og:image:type\" content=\"image\/jpeg\" \/>\n<meta name=\"author\" content=\"Algarve 7\" \/>\n<meta name=\"twitter:card\" content=\"summary_large_image\" \/>\n<meta name=\"twitter:creator\" content=\"@Algarvesete\" \/>\n<meta name=\"twitter:site\" content=\"@Algarvesete\" \/>\n<meta name=\"twitter:label1\" content=\"Escrito por\" \/>\n\t<meta name=\"twitter:data1\" content=\"Algarve 7\" \/>\n\t<meta name=\"twitter:label2\" content=\"Tempo estimado de leitura\" \/>\n\t<meta name=\"twitter:data2\" content=\"3 minutos\" \/>\n<script type=\"application\/ld+json\" class=\"yoast-schema-graph\">{\"@context\":\"https:\\\/\\\/schema.org\",\"@graph\":[{\"@type\":\"Article\",\"@id\":\"https:\\\/\\\/algarve7.pt\\\/index.php\\\/2023\\\/07\\\/pulseiras-de-livre-circulacao-para-a-feira-medieval-de-silves-em-pre-venda-a-partir-do-dia-31-de-julho\\\/cultura\\\/21\\\/19\\\/#article\",\"isPartOf\":{\"@id\":\"https:\\\/\\\/algarve7.pt\\\/index.php\\\/2023\\\/07\\\/pulseiras-de-livre-circulacao-para-a-feira-medieval-de-silves-em-pre-venda-a-partir-do-dia-31-de-julho\\\/cultura\\\/21\\\/19\\\/\"},\"author\":{\"name\":\"Algarve 7\",\"@id\":\"https:\\\/\\\/algarve7.pt\\\/#\\\/schema\\\/person\\\/23fa70681308e7b319a3204bcea45e0c\"},\"headline\":\"Pulseiras de livre circula\u00e7\u00e3o para a feira medieval de Silves em pr\u00e9-venda a partir do dia 31 de julho\",\"datePublished\":\"2023-07-29T20:19:45+00:00\",\"dateModified\":\"2023-07-29T20:19:49+00:00\",\"mainEntityOfPage\":{\"@id\":\"https:\\\/\\\/algarve7.pt\\\/index.php\\\/2023\\\/07\\\/pulseiras-de-livre-circulacao-para-a-feira-medieval-de-silves-em-pre-venda-a-partir-do-dia-31-de-julho\\\/cultura\\\/21\\\/19\\\/\"},\"wordCount\":478,\"publisher\":{\"@id\":\"https:\\\/\\\/algarve7.pt\\\/#organization\"},\"image\":{\"@id\":\"https:\\\/\\\/algarve7.pt\\\/index.php\\\/2023\\\/07\\\/pulseiras-de-livre-circulacao-para-a-feira-medieval-de-silves-em-pre-venda-a-partir-do-dia-31-de-julho\\\/cultura\\\/21\\\/19\\\/#primaryimage\"},\"thumbnailUrl\":\"https:\\\/\\\/algarve7.pt\\\/wp-content\\\/uploads\\\/2023\\\/07\\\/NOTICIA_pre-venda-de-pulseiras.jpg\",\"keywords\":[\"Algarve\",\"Cultura\",\"Feira Medieval de Silves\",\"Silves\"],\"articleSection\":[\"Cultura\"],\"inLanguage\":\"pt-PT\"},{\"@type\":\"WebPage\",\"@id\":\"https:\\\/\\\/algarve7.pt\\\/index.php\\\/2023\\\/07\\\/pulseiras-de-livre-circulacao-para-a-feira-medieval-de-silves-em-pre-venda-a-partir-do-dia-31-de-julho\\\/cultura\\\/21\\\/19\\\/\",\"url\":\"https:\\\/\\\/algarve7.pt\\\/index.php\\\/2023\\\/07\\\/pulseiras-de-livre-circulacao-para-a-feira-medieval-de-silves-em-pre-venda-a-partir-do-dia-31-de-julho\\\/cultura\\\/21\\\/19\\\/\",\"name\":\"Pulseiras de livre circula\u00e7\u00e3o para a feira medieval de Silves em pr\u00e9-venda a partir do dia 31 de julho - Algarve 7\",\"isPartOf\":{\"@id\":\"https:\\\/\\\/algarve7.pt\\\/#website\"},\"primaryImageOfPage\":{\"@id\":\"https:\\\/\\\/algarve7.pt\\\/index.php\\\/2023\\\/07\\\/pulseiras-de-livre-circulacao-para-a-feira-medieval-de-silves-em-pre-venda-a-partir-do-dia-31-de-julho\\\/cultura\\\/21\\\/19\\\/#primaryimage\"},\"image\":{\"@id\":\"https:\\\/\\\/algarve7.pt\\\/index.php\\\/2023\\\/07\\\/pulseiras-de-livre-circulacao-para-a-feira-medieval-de-silves-em-pre-venda-a-partir-do-dia-31-de-julho\\\/cultura\\\/21\\\/19\\\/#primaryimage\"},\"thumbnailUrl\":\"https:\\\/\\\/algarve7.pt\\\/wp-content\\\/uploads\\\/2023\\\/07\\\/NOTICIA_pre-venda-de-pulseiras.jpg\",\"datePublished\":\"2023-07-29T20:19:45+00:00\",\"dateModified\":\"2023-07-29T20:19:49+00:00\",\"description\":\"Pulseiras de livre circula\u00e7\u00e3o para a feira medieval de Silves em pr\u00e9-venda a partir do dia 31 de julho Cultura\",\"breadcrumb\":{\"@id\":\"https:\\\/\\\/algarve7.pt\\\/index.php\\\/2023\\\/07\\\/pulseiras-de-livre-circulacao-para-a-feira-medieval-de-silves-em-pre-venda-a-partir-do-dia-31-de-julho\\\/cultura\\\/21\\\/19\\\/#breadcrumb\"},\"inLanguage\":\"pt-PT\",\"potentialAction\":[{\"@type\":\"ReadAction\",\"target\":[\"https:\\\/\\\/algarve7.pt\\\/index.php\\\/2023\\\/07\\\/pulseiras-de-livre-circulacao-para-a-feira-medieval-de-silves-em-pre-venda-a-partir-do-dia-31-de-julho\\\/cultura\\\/21\\\/19\\\/\"]}]},{\"@type\":\"ImageObject\",\"inLanguage\":\"pt-PT\",\"@id\":\"https:\\\/\\\/algarve7.pt\\\/index.php\\\/2023\\\/07\\\/pulseiras-de-livre-circulacao-para-a-feira-medieval-de-silves-em-pre-venda-a-partir-do-dia-31-de-julho\\\/cultura\\\/21\\\/19\\\/#primaryimage\",\"url\":\"https:\\\/\\\/algarve7.pt\\\/wp-content\\\/uploads\\\/2023\\\/07\\\/NOTICIA_pre-venda-de-pulseiras.jpg\",\"contentUrl\":\"https:\\\/\\\/algarve7.pt\\\/wp-content\\\/uploads\\\/2023\\\/07\\\/NOTICIA_pre-venda-de-pulseiras.jpg\",\"width\":1000,\"height\":484},{\"@type\":\"BreadcrumbList\",\"@id\":\"https:\\\/\\\/algarve7.pt\\\/index.php\\\/2023\\\/07\\\/pulseiras-de-livre-circulacao-para-a-feira-medieval-de-silves-em-pre-venda-a-partir-do-dia-31-de-julho\\\/cultura\\\/21\\\/19\\\/#breadcrumb\",\"itemListElement\":[{\"@type\":\"ListItem\",\"position\":1,\"name\":\"In\u00edcio\",\"item\":\"https:\\\/\\\/algarve7.pt\\\/\"},{\"@type\":\"ListItem\",\"position\":2,\"name\":\"Pulseiras de livre circula\u00e7\u00e3o para a feira medieval de Silves em pr\u00e9-venda a partir do dia 31 de julho\"}]},{\"@type\":\"WebSite\",\"@id\":\"https:\\\/\\\/algarve7.pt\\\/#website\",\"url\":\"https:\\\/\\\/algarve7.pt\\\/\",\"name\":\"Algarve 7\",\"description\":\"Informa\u00e7\u00e3o sobre o Algarve\",\"publisher\":{\"@id\":\"https:\\\/\\\/algarve7.pt\\\/#organization\"},\"potentialAction\":[{\"@type\":\"SearchAction\",\"target\":{\"@type\":\"EntryPoint\",\"urlTemplate\":\"https:\\\/\\\/algarve7.pt\\\/?s={search_term_string}\"},\"query-input\":{\"@type\":\"PropertyValueSpecification\",\"valueRequired\":true,\"valueName\":\"search_term_string\"}}],\"inLanguage\":\"pt-PT\"},{\"@type\":\"Organization\",\"@id\":\"https:\\\/\\\/algarve7.pt\\\/#organization\",\"name\":\"Algarve 7\",\"url\":\"https:\\\/\\\/algarve7.pt\\\/\",\"logo\":{\"@type\":\"ImageObject\",\"inLanguage\":\"pt-PT\",\"@id\":\"https:\\\/\\\/algarve7.pt\\\/#\\\/schema\\\/logo\\\/image\\\/\",\"url\":\"https:\\\/\\\/algarve7.pt\\\/wp-content\\\/uploads\\\/2020\\\/10\\\/Logo-8.jpg\",\"contentUrl\":\"https:\\\/\\\/algarve7.pt\\\/wp-content\\\/uploads\\\/2020\\\/10\\\/Logo-8.jpg\",\"width\":1680,\"height\":1186,\"caption\":\"Algarve 7\"},\"image\":{\"@id\":\"https:\\\/\\\/algarve7.pt\\\/#\\\/schema\\\/logo\\\/image\\\/\"},\"sameAs\":[\"https:\\\/\\\/www.facebook.com\\\/algarve7\",\"https:\\\/\\\/x.com\\\/Algarvesete\",\"https:\\\/\\\/www.instagram.com\\\/jornalalgarve7\\\/\",\"https:\\\/\\\/www.linkedin.com\\\/company\\\/algarve7\",\"https:\\\/\\\/www.pinterest.pt\\\/geral0939\\\/_created\\\/\"]},{\"@type\":\"Person\",\"@id\":\"https:\\\/\\\/algarve7.pt\\\/#\\\/schema\\\/person\\\/23fa70681308e7b319a3204bcea45e0c\",\"name\":\"Algarve 7\",\"sameAs\":[\"https:\\\/\\\/algarve7.pt\",\"https:\\\/\\\/www.facebook.com\\\/algarve7\"],\"url\":\"https:\\\/\\\/algarve7.pt\\\/index.php\\\/author\\\/geralalgarve7-pt\\\/\"}]}<\/script>\n<!-- \/ Yoast SEO plugin. -->","yoast_head_json":{"title":"Pulseiras de livre circula\u00e7\u00e3o para a feira medieval de Silves em pr\u00e9-venda a partir do dia 31 de julho - Algarve 7","description":"Pulseiras de livre circula\u00e7\u00e3o para a feira medieval de Silves em pr\u00e9-venda a partir do dia 31 de julho Cultura","robots":{"index":"index","follow":"follow","max-snippet":"max-snippet:-1","max-image-preview":"max-image-preview:large","max-video-preview":"max-video-preview:-1"},"canonical":"https:\/\/algarve7.pt\/index.php\/2023\/07\/pulseiras-de-livre-circulacao-para-a-feira-medieval-de-silves-em-pre-venda-a-partir-do-dia-31-de-julho\/cultura\/21\/19\/","og_locale":"pt_PT","og_type":"article","og_title":"Pulseiras de livre circula\u00e7\u00e3o para a feira medieval de Silves em pr\u00e9-venda a partir do dia 31 de julho - Algarve 7","og_description":"Pulseiras de livre circula\u00e7\u00e3o para a feira medieval de Silves em pr\u00e9-venda a partir do dia 31 de julho Cultura","og_url":"https:\/\/algarve7.pt\/index.php\/2023\/07\/pulseiras-de-livre-circulacao-para-a-feira-medieval-de-silves-em-pre-venda-a-partir-do-dia-31-de-julho\/cultura\/21\/19\/","og_site_name":"Algarve 7","article_publisher":"https:\/\/www.facebook.com\/algarve7","article_author":"https:\/\/www.facebook.com\/algarve7","article_published_time":"2023-07-29T20:19:45+00:00","article_modified_time":"2023-07-29T20:19:49+00:00","og_image":[{"width":1000,"height":484,"url":"https:\/\/algarve7.pt\/wp-content\/uploads\/2023\/07\/NOTICIA_pre-venda-de-pulseiras.jpg","type":"image\/jpeg"}],"author":"Algarve 7","twitter_card":"summary_large_image","twitter_creator":"@Algarvesete","twitter_site":"@Algarvesete","twitter_misc":{"Escrito por":"Algarve 7","Tempo estimado de leitura":"3 minutos"},"schema":{"@context":"https:\/\/schema.org","@graph":[{"@type":"Article","@id":"https:\/\/algarve7.pt\/index.php\/2023\/07\/pulseiras-de-livre-circulacao-para-a-feira-medieval-de-silves-em-pre-venda-a-partir-do-dia-31-de-julho\/cultura\/21\/19\/#article","isPartOf":{"@id":"https:\/\/algarve7.pt\/index.php\/2023\/07\/pulseiras-de-livre-circulacao-para-a-feira-medieval-de-silves-em-pre-venda-a-partir-do-dia-31-de-julho\/cultura\/21\/19\/"},"author":{"name":"Algarve 7","@id":"https:\/\/algarve7.pt\/#\/schema\/person\/23fa70681308e7b319a3204bcea45e0c"},"headline":"Pulseiras de livre circula\u00e7\u00e3o para a feira medieval de Silves em pr\u00e9-venda a partir do dia 31 de julho","datePublished":"2023-07-29T20:19:45+00:00","dateModified":"2023-07-29T20:19:49+00:00","mainEntityOfPage":{"@id":"https:\/\/algarve7.pt\/index.php\/2023\/07\/pulseiras-de-livre-circulacao-para-a-feira-medieval-de-silves-em-pre-venda-a-partir-do-dia-31-de-julho\/cultura\/21\/19\/"},"wordCount":478,"publisher":{"@id":"https:\/\/algarve7.pt\/#organization"},"image":{"@id":"https:\/\/algarve7.pt\/index.php\/2023\/07\/pulseiras-de-livre-circulacao-para-a-feira-medieval-de-silves-em-pre-venda-a-partir-do-dia-31-de-julho\/cultura\/21\/19\/#primaryimage"},"thumbnailUrl":"https:\/\/algarve7.pt\/wp-content\/uploads\/2023\/07\/NOTICIA_pre-venda-de-pulseiras.jpg","keywords":["Algarve","Cultura","Feira Medieval de Silves","Silves"],"articleSection":["Cultura"],"inLanguage":"pt-PT"},{"@type":"WebPage","@id":"https:\/\/algarve7.pt\/index.php\/2023\/07\/pulseiras-de-livre-circulacao-para-a-feira-medieval-de-silves-em-pre-venda-a-partir-do-dia-31-de-julho\/cultura\/21\/19\/","url":"https:\/\/algarve7.pt\/index.php\/2023\/07\/pulseiras-de-livre-circulacao-para-a-feira-medieval-de-silves-em-pre-venda-a-partir-do-dia-31-de-julho\/cultura\/21\/19\/","name":"Pulseiras de livre circula\u00e7\u00e3o para a feira medieval de Silves em pr\u00e9-venda a partir do dia 31 de julho - Algarve 7","isPartOf":{"@id":"https:\/\/algarve7.pt\/#website"},"primaryImageOfPage":{"@id":"https:\/\/algarve7.pt\/index.php\/2023\/07\/pulseiras-de-livre-circulacao-para-a-feira-medieval-de-silves-em-pre-venda-a-partir-do-dia-31-de-julho\/cultura\/21\/19\/#primaryimage"},"image":{"@id":"https:\/\/algarve7.pt\/index.php\/2023\/07\/pulseiras-de-livre-circulacao-para-a-feira-medieval-de-silves-em-pre-venda-a-partir-do-dia-31-de-julho\/cultura\/21\/19\/#primaryimage"},"thumbnailUrl":"https:\/\/algarve7.pt\/wp-content\/uploads\/2023\/07\/NOTICIA_pre-venda-de-pulseiras.jpg","datePublished":"2023-07-29T20:19:45+00:00","dateModified":"2023-07-29T20:19:49+00:00","description":"Pulseiras de livre circula\u00e7\u00e3o para a feira medieval de Silves em pr\u00e9-venda a partir do dia 31 de julho Cultura","breadcrumb":{"@id":"https:\/\/algarve7.pt\/index.php\/2023\/07\/pulseiras-de-livre-circulacao-para-a-feira-medieval-de-silves-em-pre-venda-a-partir-do-dia-31-de-julho\/cultura\/21\/19\/#breadcrumb"},"inLanguage":"pt-PT","potentialAction":[{"@type":"ReadAction","target":["https:\/\/algarve7.pt\/index.php\/2023\/07\/pulseiras-de-livre-circulacao-para-a-feira-medieval-de-silves-em-pre-venda-a-partir-do-dia-31-de-julho\/cultura\/21\/19\/"]}]},{"@type":"ImageObject","inLanguage":"pt-PT","@id":"https:\/\/algarve7.pt\/index.php\/2023\/07\/pulseiras-de-livre-circulacao-para-a-feira-medieval-de-silves-em-pre-venda-a-partir-do-dia-31-de-julho\/cultura\/21\/19\/#primaryimage","url":"https:\/\/algarve7.pt\/wp-content\/uploads\/2023\/07\/NOTICIA_pre-venda-de-pulseiras.jpg","contentUrl":"https:\/\/algarve7.pt\/wp-content\/uploads\/2023\/07\/NOTICIA_pre-venda-de-pulseiras.jpg","width":1000,"height":484},{"@type":"BreadcrumbList","@id":"https:\/\/algarve7.pt\/index.php\/2023\/07\/pulseiras-de-livre-circulacao-para-a-feira-medieval-de-silves-em-pre-venda-a-partir-do-dia-31-de-julho\/cultura\/21\/19\/#breadcrumb","itemListElement":[{"@type":"ListItem","position":1,"name":"In\u00edcio","item":"https:\/\/algarve7.pt\/"},{"@type":"ListItem","position":2,"name":"Pulseiras de livre circula\u00e7\u00e3o para a feira medieval de Silves em pr\u00e9-venda a partir do dia 31 de julho"}]},{"@type":"WebSite","@id":"https:\/\/algarve7.pt\/#website","url":"https:\/\/algarve7.pt\/","name":"Algarve 7","description":"Informa\u00e7\u00e3o sobre o Algarve","publisher":{"@id":"https:\/\/algarve7.pt\/#organization"},"potentialAction":[{"@type":"SearchAction","target":{"@type":"EntryPoint","urlTemplate":"https:\/\/algarve7.pt\/?s={search_term_string}"},"query-input":{"@type":"PropertyValueSpecification","valueRequired":true,"valueName":"search_term_string"}}],"inLanguage":"pt-PT"},{"@type":"Organization","@id":"https:\/\/algarve7.pt\/#organization","name":"Algarve 7","url":"https:\/\/algarve7.pt\/","logo":{"@type":"ImageObject","inLanguage":"pt-PT","@id":"https:\/\/algarve7.pt\/#\/schema\/logo\/image\/","url":"https:\/\/algarve7.pt\/wp-content\/uploads\/2020\/10\/Logo-8.jpg","contentUrl":"https:\/\/algarve7.pt\/wp-content\/uploads\/2020\/10\/Logo-8.jpg","width":1680,"height":1186,"caption":"Algarve 7"},"image":{"@id":"https:\/\/algarve7.pt\/#\/schema\/logo\/image\/"},"sameAs":["https:\/\/www.facebook.com\/algarve7","https:\/\/x.com\/Algarvesete","https:\/\/www.instagram.com\/jornalalgarve7\/","https:\/\/www.linkedin.com\/company\/algarve7","https:\/\/www.pinterest.pt\/geral0939\/_created\/"]},{"@type":"Person","@id":"https:\/\/algarve7.pt\/#\/schema\/person\/23fa70681308e7b319a3204bcea45e0c","name":"Algarve 7","sameAs":["https:\/\/algarve7.pt","https:\/\/www.facebook.com\/algarve7"],"url":"https:\/\/algarve7.pt\/index.php\/author\/geralalgarve7-pt\/"}]}},"jetpack_publicize_connections":[],"jetpack_featured_media_url":"https:\/\/algarve7.pt\/wp-content\/uploads\/2023\/07\/NOTICIA_pre-venda-de-pulseiras.jpg","jetpack_shortlink":"https:\/\/wp.me\/pcezmW-7Ks","jetpack_sharing_enabled":true,"_links":{"self":[{"href":"https:\/\/algarve7.pt\/index.php\/wp-json\/wp\/v2\/posts\/29788","targetHints":{"allow":["GET"]}}],"collection":[{"href":"https:\/\/algarve7.pt\/index.php\/wp-json\/wp\/v2\/posts"}],"about":[{"href":"https:\/\/algarve7.pt\/index.php\/wp-json\/wp\/v2\/types\/post"}],"author":[{"embeddable":true,"href":"https:\/\/algarve7.pt\/index.php\/wp-json\/wp\/v2\/users\/1"}],"replies":[{"embeddable":true,"href":"https:\/\/algarve7.pt\/index.php\/wp-json\/wp\/v2\/comments?post=29788"}],"version-history":[{"count":0,"href":"https:\/\/algarve7.pt\/index.php\/wp-json\/wp\/v2\/posts\/29788\/revisions"}],"wp:featuredmedia":[{"embeddable":true,"href":"https:\/\/algarve7.pt\/index.php\/wp-json\/wp\/v2\/media\/29789"}],"wp:attachment":[{"href":"https:\/\/algarve7.pt\/index.php\/wp-json\/wp\/v2\/media?parent=29788"}],"wp:term":[{"taxonomy":"category","embeddable":true,"href":"https:\/\/algarve7.pt\/index.php\/wp-json\/wp\/v2\/categories?post=29788"},{"taxonomy":"post_tag","embeddable":true,"href":"https:\/\/algarve7.pt\/index.php\/wp-json\/wp\/v2\/tags?post=29788"}],"curies":[{"name":"wp","href":"https:\/\/api.w.org\/{rel}","templated":true}]}}