{"id":29745,"date":"2023-07-28T09:43:36","date_gmt":"2023-07-28T08:43:36","guid":{"rendered":"https:\/\/algarve7.pt\/?p=29745"},"modified":"2023-07-28T09:43:39","modified_gmt":"2023-07-28T08:43:39","slug":"feira-da-dieta-mediterranica-comemora-os-10-anos-da-inscricao-dos-7-paises-na-lista-do-pci","status":"publish","type":"post","link":"https:\/\/algarve7.pt\/index.php\/2023\/07\/feira-da-dieta-mediterranica-comemora-os-10-anos-da-inscricao-dos-7-paises-na-lista-do-pci\/cultura\/09\/43\/","title":{"rendered":"Feira da dieta mediterr\u00e2nica comemora os 10 anos da inscri\u00e7\u00e3o dos 7 pa\u00edses na lista do PCI"},"content":{"rendered":"\n<p>A Feira da Dieta Mediterr\u00e2nica regressa a Tavira, entre 07 e 10 de setembro.<\/p>\n\n\n\n<p>Este ano comemora-se o 10.\u00ba anivers\u00e1rio da aprova\u00e7\u00e3o da inscri\u00e7\u00e3o dos sete pa\u00edses que apresentaram a candidatura da Dieta Mediterr\u00e2nica a Patrim\u00f3nio Cultural Imaterial (PCI) da Humanidade, pela UNESCO, na cidade de Baku, Azerbaij\u00e3o, a 04 de dezembro de 2013, e os 20 anos da Conven\u00e7\u00e3o para a Salvaguarda do PCI, Paris 17 de outubro de 2003.<\/p>\n\n\n\n<p>A Dieta Mediterr\u00e2nica, cuja comunidade representativa de Portugal \u00e9 Tavira, \u00e9 um patrim\u00f3nio vivo de todo o pa\u00eds, em sintonia com as Conven\u00e7\u00f5es da UNESCO e com relev\u00e2ncia crescente nacional e internacional. \u00c9 investigada e estudada pelas diversas ci\u00eancias, sendo um legado das civiliza\u00e7\u00f5es que originaram a nossa identidade cultural, l\u00edngua e formas de viver, produzir e alimentar, essenciais \u00e0 valoriza\u00e7\u00e3o e ao fortalecimento das economias regionais.<\/p>\n\n\n\n<p>O programa deste ano reflete o trabalho de parceria alargada que tem vindo a ser desenvolvido, desde a primeira edi\u00e7\u00e3o, e que inclui feira institucional com presen\u00e7a de outros pa\u00edses, institui\u00e7\u00f5es nacionais, regionais e locais, de diversos patrim\u00f3nios culturais imateriais classificados pela UNESCO, expositores de artesanato e produtos tradicionais, mostras bot\u00e2nicas e de sementes, restaura\u00e7\u00e3o, demonstra\u00e7\u00f5es gastron\u00f3micas, provas e petiscos, m\u00fasica portuguesa e mediterr\u00e2nica com concertos ao vivo da Arg\u00e9lia, Fran\u00e7a, Espanha, Marrocos e It\u00e1lia. O vasto programa inclui, entre muitas outras atividades, oficinas, dan\u00e7as tradicionais e outras artes performativas, exposi\u00e7\u00f5es, visitas ao patrim\u00f3nio natural, semin\u00e1rios, com destaque para o que ter\u00e1 lugar, no dia 07 de setembro, sobre \u201cInova\u00e7\u00e3o na Dieta Mediterr\u00e2nica\u201d, no Centro de Experimenta\u00e7\u00e3o Agr\u00e1ria de Tavira.<\/p>\n\n\n\n<p>Viajar pelos sabores mediterr\u00e2nicos ser\u00e1 poss\u00edvel em qualquer um dos restaurantes instalados na Pra\u00e7a da Convivialidade, junto ao Castelo da cidade, e nos 18 restaurantes do concelho que prepararam menus mediterr\u00e2nicos.<\/p>\n\n\n\n<p>A Feira contar\u00e1, ainda, com a presen\u00e7a de v\u00e1rias manifesta\u00e7\u00f5es inscritas no Invent\u00e1rio Nacional do Patrim\u00f3nio Cultural Imaterial, como os Caretos de Podence, o Cavaquinho, os Bombos, o Fado, o Cante Alentejano, o Teatro Dom Roberto\u2026<\/p>\n\n\n\n<p>O programa dedicado ao p\u00fablico infantojuvenil conta com espet\u00e1culos educativos, jogos tradicionais e oficinas ambientais com a presen\u00e7a dos Jogos do Helder, das Companhias Krisalida, Historioscopio, M\u00e3ozorra, Rui Sousa Marionetas e Era uma vez Marionetas. Este ano teremos, tamb\u00e9m, a presen\u00e7a do Museu da Marioneta de Lisboa que garantir\u00e1 diversas oficinas e atividades para os mais pequenos, na Casa Andr\u00e9 Pilarte.<\/p>\n\n\n\n<p>No dia 10 de setembro, pelas 10h00, com partida e chegada \u00e0 Pra\u00e7a da Rep\u00fablica, ter\u00e1 lugar a marcha e corrida da Dieta Mediterr\u00e2nica, inserida no calend\u00e1rio do Algarve, numa organiza\u00e7\u00e3o conjunta do Munic\u00edpio de Tavira e do IPDJ.<\/p>\n\n\n\n<p>Nos Claustros do Convento do Carmo realizam-se tr\u00eas sess\u00f5es de Cinema do Mediterr\u00e2neo. Na sexta-feira, dia 08, o filme \u201cO Azul do Cafet\u00e3\u201d (<a href=\"https:\/\/www.imdb.com\/title\/tt17679584\/\">Le bleu du caftan<\/a>), de Maryam Touzani, no s\u00e1bado, dia 09, \u201cDias em Chamas\u201d, (Kurak G\u00fcnler), de Emin Alper e a finalizar, no domingo, dia 10, a obra \u201cA Conspira\u00e7\u00e3o do Cairo\u201d (Walad min al-janna), de Tarik Saleh.<\/p>\n\n\n\n<p>Destaque para os espet\u00e1culos que, durante os quatro dias, os visitantes poder\u00e3o assistir, de forma gratuita em alguns dos muitos espa\u00e7os existentes.<\/p>\n\n\n\n<p>No dia 07, no espa\u00e7o da antiga lota, junto ao Mercado da Ribeira, atuar\u00e3o os \u201cGalandum Galundaina\u201d com os Pauliteiros de Miranda. No palco do Castelo, os \u201cArs Nova Napoli\u201d de It\u00e1lia. No Jardim do Coreto, os \u201c\u00dalua\u201d de Espanha e, na Pra\u00e7a da Rep\u00fablica, o portugu\u00eas Rui Veloso.<\/p>\n\n\n\n<p>Na sexta-feira, dia 08, a fadista Carla Pires e o instrumentista do cavaquinho, Daniel Pereira Cristo, apresentam \u201cDa raiz ao Fado\u201d, no palco da lota. No palco do Castelo, \u00e9 a vez dos \u201cBarrut\u201d de Fran\u00e7a. No Jardim do Coreto, \u201cIskraria\u201d de It\u00e1lia e, na Pra\u00e7a da Rep\u00fablica, a espanhola Estrella Morente.<\/p>\n\n\n\n<p>No s\u00e1bado dia 9 de setembro, os \u201cDiabo a Sete\u201d, no espa\u00e7o da lota. O \u201cDuo Brotto Raibaud\u201d de Espanha, no Jardim do Coreto. Os \u201cGlobal Gnawa\u201d de Marrocos, no palco do Castelo e Caman\u00e9 com a Orquestra do Algarve, na Pra\u00e7a da Rep\u00fablica.<\/p>\n\n\n\n<p>A finalizar, no domingo, dia 10, \u201cOs Ganh\u00f5es de Castro Verde\u201d e Paulo Ribeiro apresentam \u201cO Cante n\u00e3o cai do c\u00e9u\u201d, no palco da lota. No palco do Castelo atua \u201cLemma\u201d da Arg\u00e9lia e, na Pra\u00e7a da Rep\u00fablica, a portuguesa Carolina Deslandes.&nbsp;&nbsp;&nbsp;&nbsp;<\/p>\n","protected":false},"excerpt":{"rendered":"<p>A Feira da Dieta Mediterr\u00e2nica regressa a Tavira, entre 07 e 10 de setembro. Este ano comemora-se o 10.\u00ba anivers\u00e1rio<\/p>\n","protected":false},"author":1,"featured_media":29746,"comment_status":"closed","ping_status":"open","sticky":false,"template":"","format":"standard","meta":{"colormag_page_container_layout":"default_layout","colormag_page_sidebar_layout":"default_layout","_monsterinsights_skip_tracking":false,"_monsterinsights_sitenote_active":false,"_monsterinsights_sitenote_note":"","_monsterinsights_sitenote_category":0,"jetpack_post_was_ever_published":false,"_jetpack_newsletter_access":"","_jetpack_dont_email_post_to_subs":false,"_jetpack_newsletter_tier_id":0,"_jetpack_memberships_contains_paywalled_content":false,"_jetpack_memberships_contains_paid_content":false,"footnotes":"","jetpack_publicize_message":"","jetpack_publicize_feature_enabled":true,"jetpack_social_post_already_shared":true,"jetpack_social_options":{"image_generator_settings":{"template":"highway","default_image_id":0,"font":"","enabled":false},"version":2}},"categories":[14],"tags":[36,35,406,54],"class_list":["post-29745","post","type-post","status-publish","format-standard","has-post-thumbnail","hentry","category-cultura","tag-algarve","tag-cultura","tag-dieta-mediterranica","tag-tavira"],"yoast_head":"<!-- This site is optimized with the Yoast SEO plugin v27.5 - https:\/\/yoast.com\/product\/yoast-seo-wordpress\/ -->\n<title>Feira da dieta mediterr\u00e2nica comemora os 10 anos da inscri\u00e7\u00e3o dos 7 pa\u00edses na lista do PCI - Algarve 7<\/title>\n<meta name=\"description\" content=\"Feira da dieta mediterr\u00e2nica comemora os 10 anos da inscri\u00e7\u00e3o dos 7 pa\u00edses na lista do PCI Cultura\" \/>\n<meta name=\"robots\" content=\"index, follow, max-snippet:-1, max-image-preview:large, max-video-preview:-1\" \/>\n<link rel=\"canonical\" href=\"https:\/\/algarve7.pt\/index.php\/2023\/07\/feira-da-dieta-mediterranica-comemora-os-10-anos-da-inscricao-dos-7-paises-na-lista-do-pci\/cultura\/09\/43\/\" \/>\n<meta property=\"og:locale\" content=\"pt_PT\" \/>\n<meta property=\"og:type\" content=\"article\" \/>\n<meta property=\"og:title\" content=\"Feira da dieta mediterr\u00e2nica comemora os 10 anos da inscri\u00e7\u00e3o dos 7 pa\u00edses na lista do PCI - Algarve 7\" \/>\n<meta property=\"og:description\" content=\"Feira da dieta mediterr\u00e2nica comemora os 10 anos da inscri\u00e7\u00e3o dos 7 pa\u00edses na lista do PCI Cultura\" \/>\n<meta property=\"og:url\" content=\"https:\/\/algarve7.pt\/index.php\/2023\/07\/feira-da-dieta-mediterranica-comemora-os-10-anos-da-inscricao-dos-7-paises-na-lista-do-pci\/cultura\/09\/43\/\" \/>\n<meta property=\"og:site_name\" content=\"Algarve 7\" \/>\n<meta property=\"article:publisher\" content=\"https:\/\/www.facebook.com\/algarve7\" \/>\n<meta property=\"article:author\" content=\"https:\/\/www.facebook.com\/algarve7\" \/>\n<meta property=\"article:published_time\" content=\"2023-07-28T08:43:36+00:00\" \/>\n<meta property=\"article:modified_time\" content=\"2023-07-28T08:43:39+00:00\" \/>\n<meta property=\"og:image\" content=\"https:\/\/algarve7.pt\/wp-content\/uploads\/2023\/07\/Apresentacao-Feira-da-Dieta-Mediterranica-Tavira-26-07-2023-24.jpg\" \/>\n\t<meta property=\"og:image:width\" content=\"1024\" \/>\n\t<meta property=\"og:image:height\" content=\"683\" \/>\n\t<meta property=\"og:image:type\" content=\"image\/jpeg\" \/>\n<meta name=\"author\" content=\"Algarve 7\" \/>\n<meta name=\"twitter:card\" content=\"summary_large_image\" \/>\n<meta name=\"twitter:creator\" content=\"@Algarvesete\" \/>\n<meta name=\"twitter:site\" content=\"@Algarvesete\" \/>\n<meta name=\"twitter:label1\" content=\"Escrito por\" \/>\n\t<meta name=\"twitter:data1\" content=\"Algarve 7\" \/>\n\t<meta name=\"twitter:label2\" content=\"Tempo estimado de leitura\" \/>\n\t<meta name=\"twitter:data2\" content=\"4 minutos\" \/>\n<script type=\"application\/ld+json\" class=\"yoast-schema-graph\">{\"@context\":\"https:\\\/\\\/schema.org\",\"@graph\":[{\"@type\":\"Article\",\"@id\":\"https:\\\/\\\/algarve7.pt\\\/index.php\\\/2023\\\/07\\\/feira-da-dieta-mediterranica-comemora-os-10-anos-da-inscricao-dos-7-paises-na-lista-do-pci\\\/cultura\\\/09\\\/43\\\/#article\",\"isPartOf\":{\"@id\":\"https:\\\/\\\/algarve7.pt\\\/index.php\\\/2023\\\/07\\\/feira-da-dieta-mediterranica-comemora-os-10-anos-da-inscricao-dos-7-paises-na-lista-do-pci\\\/cultura\\\/09\\\/43\\\/\"},\"author\":{\"name\":\"Algarve 7\",\"@id\":\"https:\\\/\\\/algarve7.pt\\\/#\\\/schema\\\/person\\\/23fa70681308e7b319a3204bcea45e0c\"},\"headline\":\"Feira da dieta mediterr\u00e2nica comemora os 10 anos da inscri\u00e7\u00e3o dos 7 pa\u00edses na lista do PCI\",\"datePublished\":\"2023-07-28T08:43:36+00:00\",\"dateModified\":\"2023-07-28T08:43:39+00:00\",\"mainEntityOfPage\":{\"@id\":\"https:\\\/\\\/algarve7.pt\\\/index.php\\\/2023\\\/07\\\/feira-da-dieta-mediterranica-comemora-os-10-anos-da-inscricao-dos-7-paises-na-lista-do-pci\\\/cultura\\\/09\\\/43\\\/\"},\"wordCount\":783,\"publisher\":{\"@id\":\"https:\\\/\\\/algarve7.pt\\\/#organization\"},\"image\":{\"@id\":\"https:\\\/\\\/algarve7.pt\\\/index.php\\\/2023\\\/07\\\/feira-da-dieta-mediterranica-comemora-os-10-anos-da-inscricao-dos-7-paises-na-lista-do-pci\\\/cultura\\\/09\\\/43\\\/#primaryimage\"},\"thumbnailUrl\":\"https:\\\/\\\/algarve7.pt\\\/wp-content\\\/uploads\\\/2023\\\/07\\\/Apresentacao-Feira-da-Dieta-Mediterranica-Tavira-26-07-2023-24.jpg\",\"keywords\":[\"Algarve\",\"Cultura\",\"Dieta Mediterr\u00e2nica\",\"Tavira\"],\"articleSection\":[\"Cultura\"],\"inLanguage\":\"pt-PT\"},{\"@type\":\"WebPage\",\"@id\":\"https:\\\/\\\/algarve7.pt\\\/index.php\\\/2023\\\/07\\\/feira-da-dieta-mediterranica-comemora-os-10-anos-da-inscricao-dos-7-paises-na-lista-do-pci\\\/cultura\\\/09\\\/43\\\/\",\"url\":\"https:\\\/\\\/algarve7.pt\\\/index.php\\\/2023\\\/07\\\/feira-da-dieta-mediterranica-comemora-os-10-anos-da-inscricao-dos-7-paises-na-lista-do-pci\\\/cultura\\\/09\\\/43\\\/\",\"name\":\"Feira da dieta mediterr\u00e2nica comemora os 10 anos da inscri\u00e7\u00e3o dos 7 pa\u00edses na lista do PCI - Algarve 7\",\"isPartOf\":{\"@id\":\"https:\\\/\\\/algarve7.pt\\\/#website\"},\"primaryImageOfPage\":{\"@id\":\"https:\\\/\\\/algarve7.pt\\\/index.php\\\/2023\\\/07\\\/feira-da-dieta-mediterranica-comemora-os-10-anos-da-inscricao-dos-7-paises-na-lista-do-pci\\\/cultura\\\/09\\\/43\\\/#primaryimage\"},\"image\":{\"@id\":\"https:\\\/\\\/algarve7.pt\\\/index.php\\\/2023\\\/07\\\/feira-da-dieta-mediterranica-comemora-os-10-anos-da-inscricao-dos-7-paises-na-lista-do-pci\\\/cultura\\\/09\\\/43\\\/#primaryimage\"},\"thumbnailUrl\":\"https:\\\/\\\/algarve7.pt\\\/wp-content\\\/uploads\\\/2023\\\/07\\\/Apresentacao-Feira-da-Dieta-Mediterranica-Tavira-26-07-2023-24.jpg\",\"datePublished\":\"2023-07-28T08:43:36+00:00\",\"dateModified\":\"2023-07-28T08:43:39+00:00\",\"description\":\"Feira da dieta mediterr\u00e2nica comemora os 10 anos da inscri\u00e7\u00e3o dos 7 pa\u00edses na lista do PCI Cultura\",\"breadcrumb\":{\"@id\":\"https:\\\/\\\/algarve7.pt\\\/index.php\\\/2023\\\/07\\\/feira-da-dieta-mediterranica-comemora-os-10-anos-da-inscricao-dos-7-paises-na-lista-do-pci\\\/cultura\\\/09\\\/43\\\/#breadcrumb\"},\"inLanguage\":\"pt-PT\",\"potentialAction\":[{\"@type\":\"ReadAction\",\"target\":[\"https:\\\/\\\/algarve7.pt\\\/index.php\\\/2023\\\/07\\\/feira-da-dieta-mediterranica-comemora-os-10-anos-da-inscricao-dos-7-paises-na-lista-do-pci\\\/cultura\\\/09\\\/43\\\/\"]}]},{\"@type\":\"ImageObject\",\"inLanguage\":\"pt-PT\",\"@id\":\"https:\\\/\\\/algarve7.pt\\\/index.php\\\/2023\\\/07\\\/feira-da-dieta-mediterranica-comemora-os-10-anos-da-inscricao-dos-7-paises-na-lista-do-pci\\\/cultura\\\/09\\\/43\\\/#primaryimage\",\"url\":\"https:\\\/\\\/algarve7.pt\\\/wp-content\\\/uploads\\\/2023\\\/07\\\/Apresentacao-Feira-da-Dieta-Mediterranica-Tavira-26-07-2023-24.jpg\",\"contentUrl\":\"https:\\\/\\\/algarve7.pt\\\/wp-content\\\/uploads\\\/2023\\\/07\\\/Apresentacao-Feira-da-Dieta-Mediterranica-Tavira-26-07-2023-24.jpg\",\"width\":1024,\"height\":683,\"caption\":\"Foto: Jorge Gomes - Click Time Photo\u00ae\u00a9\"},{\"@type\":\"BreadcrumbList\",\"@id\":\"https:\\\/\\\/algarve7.pt\\\/index.php\\\/2023\\\/07\\\/feira-da-dieta-mediterranica-comemora-os-10-anos-da-inscricao-dos-7-paises-na-lista-do-pci\\\/cultura\\\/09\\\/43\\\/#breadcrumb\",\"itemListElement\":[{\"@type\":\"ListItem\",\"position\":1,\"name\":\"In\u00edcio\",\"item\":\"https:\\\/\\\/algarve7.pt\\\/\"},{\"@type\":\"ListItem\",\"position\":2,\"name\":\"Feira da dieta mediterr\u00e2nica comemora os 10 anos da inscri\u00e7\u00e3o dos 7 pa\u00edses na lista do PCI\"}]},{\"@type\":\"WebSite\",\"@id\":\"https:\\\/\\\/algarve7.pt\\\/#website\",\"url\":\"https:\\\/\\\/algarve7.pt\\\/\",\"name\":\"Algarve 7\",\"description\":\"Informa\u00e7\u00e3o sobre o Algarve\",\"publisher\":{\"@id\":\"https:\\\/\\\/algarve7.pt\\\/#organization\"},\"potentialAction\":[{\"@type\":\"SearchAction\",\"target\":{\"@type\":\"EntryPoint\",\"urlTemplate\":\"https:\\\/\\\/algarve7.pt\\\/?s={search_term_string}\"},\"query-input\":{\"@type\":\"PropertyValueSpecification\",\"valueRequired\":true,\"valueName\":\"search_term_string\"}}],\"inLanguage\":\"pt-PT\"},{\"@type\":\"Organization\",\"@id\":\"https:\\\/\\\/algarve7.pt\\\/#organization\",\"name\":\"Algarve 7\",\"url\":\"https:\\\/\\\/algarve7.pt\\\/\",\"logo\":{\"@type\":\"ImageObject\",\"inLanguage\":\"pt-PT\",\"@id\":\"https:\\\/\\\/algarve7.pt\\\/#\\\/schema\\\/logo\\\/image\\\/\",\"url\":\"https:\\\/\\\/algarve7.pt\\\/wp-content\\\/uploads\\\/2020\\\/10\\\/Logo-8.jpg\",\"contentUrl\":\"https:\\\/\\\/algarve7.pt\\\/wp-content\\\/uploads\\\/2020\\\/10\\\/Logo-8.jpg\",\"width\":1680,\"height\":1186,\"caption\":\"Algarve 7\"},\"image\":{\"@id\":\"https:\\\/\\\/algarve7.pt\\\/#\\\/schema\\\/logo\\\/image\\\/\"},\"sameAs\":[\"https:\\\/\\\/www.facebook.com\\\/algarve7\",\"https:\\\/\\\/x.com\\\/Algarvesete\",\"https:\\\/\\\/www.instagram.com\\\/jornalalgarve7\\\/\",\"https:\\\/\\\/www.linkedin.com\\\/company\\\/algarve7\",\"https:\\\/\\\/www.pinterest.pt\\\/geral0939\\\/_created\\\/\"]},{\"@type\":\"Person\",\"@id\":\"https:\\\/\\\/algarve7.pt\\\/#\\\/schema\\\/person\\\/23fa70681308e7b319a3204bcea45e0c\",\"name\":\"Algarve 7\",\"sameAs\":[\"https:\\\/\\\/algarve7.pt\",\"https:\\\/\\\/www.facebook.com\\\/algarve7\"],\"url\":\"https:\\\/\\\/algarve7.pt\\\/index.php\\\/author\\\/geralalgarve7-pt\\\/\"}]}<\/script>\n<!-- \/ Yoast SEO plugin. -->","yoast_head_json":{"title":"Feira da dieta mediterr\u00e2nica comemora os 10 anos da inscri\u00e7\u00e3o dos 7 pa\u00edses na lista do PCI - Algarve 7","description":"Feira da dieta mediterr\u00e2nica comemora os 10 anos da inscri\u00e7\u00e3o dos 7 pa\u00edses na lista do PCI Cultura","robots":{"index":"index","follow":"follow","max-snippet":"max-snippet:-1","max-image-preview":"max-image-preview:large","max-video-preview":"max-video-preview:-1"},"canonical":"https:\/\/algarve7.pt\/index.php\/2023\/07\/feira-da-dieta-mediterranica-comemora-os-10-anos-da-inscricao-dos-7-paises-na-lista-do-pci\/cultura\/09\/43\/","og_locale":"pt_PT","og_type":"article","og_title":"Feira da dieta mediterr\u00e2nica comemora os 10 anos da inscri\u00e7\u00e3o dos 7 pa\u00edses na lista do PCI - Algarve 7","og_description":"Feira da dieta mediterr\u00e2nica comemora os 10 anos da inscri\u00e7\u00e3o dos 7 pa\u00edses na lista do PCI Cultura","og_url":"https:\/\/algarve7.pt\/index.php\/2023\/07\/feira-da-dieta-mediterranica-comemora-os-10-anos-da-inscricao-dos-7-paises-na-lista-do-pci\/cultura\/09\/43\/","og_site_name":"Algarve 7","article_publisher":"https:\/\/www.facebook.com\/algarve7","article_author":"https:\/\/www.facebook.com\/algarve7","article_published_time":"2023-07-28T08:43:36+00:00","article_modified_time":"2023-07-28T08:43:39+00:00","og_image":[{"width":1024,"height":683,"url":"https:\/\/algarve7.pt\/wp-content\/uploads\/2023\/07\/Apresentacao-Feira-da-Dieta-Mediterranica-Tavira-26-07-2023-24.jpg","type":"image\/jpeg"}],"author":"Algarve 7","twitter_card":"summary_large_image","twitter_creator":"@Algarvesete","twitter_site":"@Algarvesete","twitter_misc":{"Escrito por":"Algarve 7","Tempo estimado de leitura":"4 minutos"},"schema":{"@context":"https:\/\/schema.org","@graph":[{"@type":"Article","@id":"https:\/\/algarve7.pt\/index.php\/2023\/07\/feira-da-dieta-mediterranica-comemora-os-10-anos-da-inscricao-dos-7-paises-na-lista-do-pci\/cultura\/09\/43\/#article","isPartOf":{"@id":"https:\/\/algarve7.pt\/index.php\/2023\/07\/feira-da-dieta-mediterranica-comemora-os-10-anos-da-inscricao-dos-7-paises-na-lista-do-pci\/cultura\/09\/43\/"},"author":{"name":"Algarve 7","@id":"https:\/\/algarve7.pt\/#\/schema\/person\/23fa70681308e7b319a3204bcea45e0c"},"headline":"Feira da dieta mediterr\u00e2nica comemora os 10 anos da inscri\u00e7\u00e3o dos 7 pa\u00edses na lista do PCI","datePublished":"2023-07-28T08:43:36+00:00","dateModified":"2023-07-28T08:43:39+00:00","mainEntityOfPage":{"@id":"https:\/\/algarve7.pt\/index.php\/2023\/07\/feira-da-dieta-mediterranica-comemora-os-10-anos-da-inscricao-dos-7-paises-na-lista-do-pci\/cultura\/09\/43\/"},"wordCount":783,"publisher":{"@id":"https:\/\/algarve7.pt\/#organization"},"image":{"@id":"https:\/\/algarve7.pt\/index.php\/2023\/07\/feira-da-dieta-mediterranica-comemora-os-10-anos-da-inscricao-dos-7-paises-na-lista-do-pci\/cultura\/09\/43\/#primaryimage"},"thumbnailUrl":"https:\/\/algarve7.pt\/wp-content\/uploads\/2023\/07\/Apresentacao-Feira-da-Dieta-Mediterranica-Tavira-26-07-2023-24.jpg","keywords":["Algarve","Cultura","Dieta Mediterr\u00e2nica","Tavira"],"articleSection":["Cultura"],"inLanguage":"pt-PT"},{"@type":"WebPage","@id":"https:\/\/algarve7.pt\/index.php\/2023\/07\/feira-da-dieta-mediterranica-comemora-os-10-anos-da-inscricao-dos-7-paises-na-lista-do-pci\/cultura\/09\/43\/","url":"https:\/\/algarve7.pt\/index.php\/2023\/07\/feira-da-dieta-mediterranica-comemora-os-10-anos-da-inscricao-dos-7-paises-na-lista-do-pci\/cultura\/09\/43\/","name":"Feira da dieta mediterr\u00e2nica comemora os 10 anos da inscri\u00e7\u00e3o dos 7 pa\u00edses na lista do PCI - Algarve 7","isPartOf":{"@id":"https:\/\/algarve7.pt\/#website"},"primaryImageOfPage":{"@id":"https:\/\/algarve7.pt\/index.php\/2023\/07\/feira-da-dieta-mediterranica-comemora-os-10-anos-da-inscricao-dos-7-paises-na-lista-do-pci\/cultura\/09\/43\/#primaryimage"},"image":{"@id":"https:\/\/algarve7.pt\/index.php\/2023\/07\/feira-da-dieta-mediterranica-comemora-os-10-anos-da-inscricao-dos-7-paises-na-lista-do-pci\/cultura\/09\/43\/#primaryimage"},"thumbnailUrl":"https:\/\/algarve7.pt\/wp-content\/uploads\/2023\/07\/Apresentacao-Feira-da-Dieta-Mediterranica-Tavira-26-07-2023-24.jpg","datePublished":"2023-07-28T08:43:36+00:00","dateModified":"2023-07-28T08:43:39+00:00","description":"Feira da dieta mediterr\u00e2nica comemora os 10 anos da inscri\u00e7\u00e3o dos 7 pa\u00edses na lista do PCI Cultura","breadcrumb":{"@id":"https:\/\/algarve7.pt\/index.php\/2023\/07\/feira-da-dieta-mediterranica-comemora-os-10-anos-da-inscricao-dos-7-paises-na-lista-do-pci\/cultura\/09\/43\/#breadcrumb"},"inLanguage":"pt-PT","potentialAction":[{"@type":"ReadAction","target":["https:\/\/algarve7.pt\/index.php\/2023\/07\/feira-da-dieta-mediterranica-comemora-os-10-anos-da-inscricao-dos-7-paises-na-lista-do-pci\/cultura\/09\/43\/"]}]},{"@type":"ImageObject","inLanguage":"pt-PT","@id":"https:\/\/algarve7.pt\/index.php\/2023\/07\/feira-da-dieta-mediterranica-comemora-os-10-anos-da-inscricao-dos-7-paises-na-lista-do-pci\/cultura\/09\/43\/#primaryimage","url":"https:\/\/algarve7.pt\/wp-content\/uploads\/2023\/07\/Apresentacao-Feira-da-Dieta-Mediterranica-Tavira-26-07-2023-24.jpg","contentUrl":"https:\/\/algarve7.pt\/wp-content\/uploads\/2023\/07\/Apresentacao-Feira-da-Dieta-Mediterranica-Tavira-26-07-2023-24.jpg","width":1024,"height":683,"caption":"Foto: Jorge Gomes - Click Time Photo\u00ae\u00a9"},{"@type":"BreadcrumbList","@id":"https:\/\/algarve7.pt\/index.php\/2023\/07\/feira-da-dieta-mediterranica-comemora-os-10-anos-da-inscricao-dos-7-paises-na-lista-do-pci\/cultura\/09\/43\/#breadcrumb","itemListElement":[{"@type":"ListItem","position":1,"name":"In\u00edcio","item":"https:\/\/algarve7.pt\/"},{"@type":"ListItem","position":2,"name":"Feira da dieta mediterr\u00e2nica comemora os 10 anos da inscri\u00e7\u00e3o dos 7 pa\u00edses na lista do PCI"}]},{"@type":"WebSite","@id":"https:\/\/algarve7.pt\/#website","url":"https:\/\/algarve7.pt\/","name":"Algarve 7","description":"Informa\u00e7\u00e3o sobre o Algarve","publisher":{"@id":"https:\/\/algarve7.pt\/#organization"},"potentialAction":[{"@type":"SearchAction","target":{"@type":"EntryPoint","urlTemplate":"https:\/\/algarve7.pt\/?s={search_term_string}"},"query-input":{"@type":"PropertyValueSpecification","valueRequired":true,"valueName":"search_term_string"}}],"inLanguage":"pt-PT"},{"@type":"Organization","@id":"https:\/\/algarve7.pt\/#organization","name":"Algarve 7","url":"https:\/\/algarve7.pt\/","logo":{"@type":"ImageObject","inLanguage":"pt-PT","@id":"https:\/\/algarve7.pt\/#\/schema\/logo\/image\/","url":"https:\/\/algarve7.pt\/wp-content\/uploads\/2020\/10\/Logo-8.jpg","contentUrl":"https:\/\/algarve7.pt\/wp-content\/uploads\/2020\/10\/Logo-8.jpg","width":1680,"height":1186,"caption":"Algarve 7"},"image":{"@id":"https:\/\/algarve7.pt\/#\/schema\/logo\/image\/"},"sameAs":["https:\/\/www.facebook.com\/algarve7","https:\/\/x.com\/Algarvesete","https:\/\/www.instagram.com\/jornalalgarve7\/","https:\/\/www.linkedin.com\/company\/algarve7","https:\/\/www.pinterest.pt\/geral0939\/_created\/"]},{"@type":"Person","@id":"https:\/\/algarve7.pt\/#\/schema\/person\/23fa70681308e7b319a3204bcea45e0c","name":"Algarve 7","sameAs":["https:\/\/algarve7.pt","https:\/\/www.facebook.com\/algarve7"],"url":"https:\/\/algarve7.pt\/index.php\/author\/geralalgarve7-pt\/"}]}},"jetpack_publicize_connections":[],"jetpack_featured_media_url":"https:\/\/algarve7.pt\/wp-content\/uploads\/2023\/07\/Apresentacao-Feira-da-Dieta-Mediterranica-Tavira-26-07-2023-24.jpg","jetpack_shortlink":"https:\/\/wp.me\/pcezmW-7JL","jetpack_sharing_enabled":true,"_links":{"self":[{"href":"https:\/\/algarve7.pt\/index.php\/wp-json\/wp\/v2\/posts\/29745","targetHints":{"allow":["GET"]}}],"collection":[{"href":"https:\/\/algarve7.pt\/index.php\/wp-json\/wp\/v2\/posts"}],"about":[{"href":"https:\/\/algarve7.pt\/index.php\/wp-json\/wp\/v2\/types\/post"}],"author":[{"embeddable":true,"href":"https:\/\/algarve7.pt\/index.php\/wp-json\/wp\/v2\/users\/1"}],"replies":[{"embeddable":true,"href":"https:\/\/algarve7.pt\/index.php\/wp-json\/wp\/v2\/comments?post=29745"}],"version-history":[{"count":0,"href":"https:\/\/algarve7.pt\/index.php\/wp-json\/wp\/v2\/posts\/29745\/revisions"}],"wp:featuredmedia":[{"embeddable":true,"href":"https:\/\/algarve7.pt\/index.php\/wp-json\/wp\/v2\/media\/29746"}],"wp:attachment":[{"href":"https:\/\/algarve7.pt\/index.php\/wp-json\/wp\/v2\/media?parent=29745"}],"wp:term":[{"taxonomy":"category","embeddable":true,"href":"https:\/\/algarve7.pt\/index.php\/wp-json\/wp\/v2\/categories?post=29745"},{"taxonomy":"post_tag","embeddable":true,"href":"https:\/\/algarve7.pt\/index.php\/wp-json\/wp\/v2\/tags?post=29745"}],"curies":[{"name":"wp","href":"https:\/\/api.w.org\/{rel}","templated":true}]}}