{"id":29691,"date":"2023-07-25T12:57:46","date_gmt":"2023-07-25T11:57:46","guid":{"rendered":"https:\/\/algarve7.pt\/?p=29691"},"modified":"2023-07-25T12:57:49","modified_gmt":"2023-07-25T11:57:49","slug":"escoteiros-de-portugal-transformam-o-seu-acampamento-nacional-num-ecoevento-em-faro","status":"publish","type":"post","link":"https:\/\/algarve7.pt\/index.php\/2023\/07\/escoteiros-de-portugal-transformam-o-seu-acampamento-nacional-num-ecoevento-em-faro\/atualidade\/12\/57\/","title":{"rendered":"Escoteiros de Portugal transformam o seu acampamento nacional num Ecoevento em Faro"},"content":{"rendered":"\n<p>&nbsp;Milhares de escoteiros v\u00e3o participar no 26.\u00ba Acampamento Nacional (ACNAC) da Associa\u00e7\u00e3o dos Escoteiros de Portugal, que se realiza entre os dias 13 e 19 de agosto em Faro. Trata-se de um ecoevento que pretende ser um exemplo atrav\u00e9s da ado\u00e7\u00e3o de pr\u00e1ticas ambientais respons\u00e1veis, que v\u00e3o desde a utiliza\u00e7\u00e3o de detergentes biodegrad\u00e1veis, separa\u00e7\u00e3o de lixo e \u00e0 utiliza\u00e7\u00e3o de garrafas reutiliz\u00e1veis.<\/p>\n\n\n\n<p>A cidade de Faro vai receber milhares de escoteiros representantes de v\u00e1rias regi\u00f5es do pa\u00eds, incluindo as ilhas, num encontro que pretende promover a import\u00e2ncia da sustentabilidade no mundo atual e a import\u00e2ncia da constru\u00e7\u00e3o de uma sociedade mais equilibrada, recorrendo \u00e0 educa\u00e7\u00e3o ambiental como meio para sensibilizar os participantes e toda a comunidade envolvente.<\/p>\n\n\n\n<p>Com o mote&nbsp;\u201cEnvolve-te, n\u00e3o deixes ningu\u00e9m para tr\u00e1s\u201d,&nbsp;o acampamento organizado pela Associa\u00e7\u00e3o dos Escoteiros de Portugal (AEP) pretende dar destaque a um conjunto de prioridades e aspira\u00e7\u00f5es acordadas entre a maioria dos pa\u00edses da Organiza\u00e7\u00e3o das Na\u00e7\u00f5es Unidas: os Objetivos de Desenvolvimento Sustent\u00e1vel (ODS). Para isso, a iniciativa visa incentivar os participantes para a import\u00e2ncia da aplica\u00e7\u00e3o de pr\u00e1ticas sustent\u00e1veis, desde a gest\u00e3o de res\u00edduos \u00e0 escolha de materiais ecol\u00f3gicos, passando pela ado\u00e7\u00e3o de pr\u00e1ticas alimentares sustent\u00e1veis. Os jovens escoteiros, para al\u00e9m das habituais aventuras, como desportos radicais, desportos aqu\u00e1ticos, corridas com carrinhos de rolamento, caminhadas, entre outros, far\u00e3o tamb\u00e9m trabalho comunit\u00e1rio na regi\u00e3o que acolhe este grande acampamento.&nbsp;<\/p>\n\n\n\n<p>Todas as atividades, desde jogos,&nbsp;raids, constru\u00e7\u00f5es, entre outras, foram pensadas de modo a garantir o respeito pelo planeta, respeitando os seus recursos e ecossistemas.<\/p>\n\n\n\n<p>Para&nbsp;Ana Proen\u00e7a,&nbsp;Escoteira-Chefe Nacional da Associa\u00e7\u00e3o dos Escoteiros de Portugal, \u201co ACNAC \u00e9 uma oportunidade para os jovens escoteiros aprenderem a trabalhar em equipa, desenvolverem a sua criatividade e o seu esp\u00edrito de aventura, e ainda aprofundarem a sua liga\u00e7\u00e3o com a natureza, contribuindo assim para a promo\u00e7\u00e3o da sustentabilidade, um tema que j\u00e1 est\u00e1 intr\u00ednseco \u00e0 atividade e aos valores da AEP\u201d.<\/p>\n\n\n\n<p>\u201cPara a edi\u00e7\u00e3o deste ano, transformamos o nosso encontro num ecoevento, uma oportunidade para colocar em pr\u00e1tica os princ\u00edpios dos Objetivos de Desenvolvimento Sustent\u00e1vel e para sensibilizar para a import\u00e2ncia da sustentabilidade ambiental e social. Contamos com uma s\u00e9rie de parceiros e entidades que nos v\u00e3o ajudar a transformar este evento num encontro sustent\u00e1vel e amigo do ambiente\u201d, refor\u00e7a a respons\u00e1vel.<\/p>\n\n\n\n<p>\u201cTodas as atividades foram planeadas para dar palco \u00e0 educa\u00e7\u00e3o ambiental, por considerarmos que o movimento escotista deve contribuir de forma ativa para a promo\u00e7\u00e3o da lideran\u00e7a atrav\u00e9s da diferen\u00e7a, refor\u00e7ando a necessidade de comportamentos econ\u00f3mica e ecologicamente respons\u00e1veis e proativos\u201d, conclui a respons\u00e1vel.A edi\u00e7\u00e3o deste ano coincide com a celebra\u00e7\u00e3o dos 110 anos da AEP e o objetivo \u00e9 aproveitar o encontro para a alertar os jovens para a import\u00e2ncia da constru\u00e7\u00e3o de uma sociedade mais equilibrada, equitativa, verdadeira e justa, colocando o tema da sustentabilidade em destaque.<\/p>\n\n\n\n<p>O ACNAC \u00e9 um acampamento nacional de escoteiros, a maior e mais diversa atividade escotista em Portugal.<\/p>\n","protected":false},"excerpt":{"rendered":"<p>&nbsp;Milhares de escoteiros v\u00e3o participar no 26.\u00ba Acampamento Nacional (ACNAC) da Associa\u00e7\u00e3o dos Escoteiros de Portugal, que se realiza entre<\/p>\n","protected":false},"author":1,"featured_media":29692,"comment_status":"closed","ping_status":"open","sticky":false,"template":"","format":"standard","meta":{"colormag_page_container_layout":"default_layout","colormag_page_sidebar_layout":"default_layout","_monsterinsights_skip_tracking":false,"_monsterinsights_sitenote_active":false,"_monsterinsights_sitenote_note":"","_monsterinsights_sitenote_category":0,"jetpack_post_was_ever_published":false,"_jetpack_newsletter_access":"","_jetpack_dont_email_post_to_subs":false,"_jetpack_newsletter_tier_id":0,"_jetpack_memberships_contains_paywalled_content":false,"_jetpack_memberships_contains_paid_content":false,"footnotes":"","jetpack_publicize_message":"","jetpack_publicize_feature_enabled":true,"jetpack_social_post_already_shared":true,"jetpack_social_options":{"image_generator_settings":{"template":"highway","default_image_id":0,"font":"","enabled":false},"version":2}},"categories":[11],"tags":[36,62,1044,57],"class_list":["post-29691","post","type-post","status-publish","format-standard","has-post-thumbnail","hentry","category-atualidade","tag-algarve","tag-atualidade","tag-escoteiros-de-portugal","tag-faro"],"yoast_head":"<!-- This site is optimized with the Yoast SEO plugin v27.5 - https:\/\/yoast.com\/product\/yoast-seo-wordpress\/ -->\n<title>Escoteiros de Portugal transformam o seu acampamento nacional num Ecoevento em Faro - Algarve 7<\/title>\n<meta name=\"description\" content=\"Escoteiros de Portugal transformam o seu acampamento nacional num Ecoevento em Faro Atualidade\" \/>\n<meta name=\"robots\" content=\"index, follow, max-snippet:-1, max-image-preview:large, max-video-preview:-1\" \/>\n<link rel=\"canonical\" href=\"https:\/\/algarve7.pt\/index.php\/2023\/07\/escoteiros-de-portugal-transformam-o-seu-acampamento-nacional-num-ecoevento-em-faro\/atualidade\/12\/57\/\" \/>\n<meta property=\"og:locale\" content=\"pt_PT\" \/>\n<meta property=\"og:type\" content=\"article\" \/>\n<meta property=\"og:title\" content=\"Escoteiros de Portugal transformam o seu acampamento nacional num Ecoevento em Faro - Algarve 7\" \/>\n<meta property=\"og:description\" content=\"Escoteiros de Portugal transformam o seu acampamento nacional num Ecoevento em Faro Atualidade\" \/>\n<meta property=\"og:url\" content=\"https:\/\/algarve7.pt\/index.php\/2023\/07\/escoteiros-de-portugal-transformam-o-seu-acampamento-nacional-num-ecoevento-em-faro\/atualidade\/12\/57\/\" \/>\n<meta property=\"og:site_name\" content=\"Algarve 7\" \/>\n<meta property=\"article:publisher\" content=\"https:\/\/www.facebook.com\/algarve7\" \/>\n<meta property=\"article:author\" content=\"https:\/\/www.facebook.com\/algarve7\" \/>\n<meta property=\"article:published_time\" content=\"2023-07-25T11:57:46+00:00\" \/>\n<meta property=\"article:modified_time\" content=\"2023-07-25T11:57:49+00:00\" \/>\n<meta property=\"og:image\" content=\"https:\/\/algarve7.pt\/wp-content\/uploads\/2023\/07\/26.o-Acampamento-Nacional-da-Associ-acao-dos-Escoteiros-de-Portugal.png\" \/>\n\t<meta property=\"og:image:width\" content=\"1000\" \/>\n\t<meta property=\"og:image:height\" content=\"1042\" \/>\n\t<meta property=\"og:image:type\" content=\"image\/png\" \/>\n<meta name=\"author\" content=\"Algarve 7\" \/>\n<meta name=\"twitter:card\" content=\"summary_large_image\" \/>\n<meta name=\"twitter:creator\" content=\"@Algarvesete\" \/>\n<meta name=\"twitter:site\" content=\"@Algarvesete\" \/>\n<meta name=\"twitter:label1\" content=\"Escrito por\" \/>\n\t<meta name=\"twitter:data1\" content=\"Algarve 7\" \/>\n\t<meta name=\"twitter:label2\" content=\"Tempo estimado de leitura\" \/>\n\t<meta name=\"twitter:data2\" content=\"3 minutos\" \/>\n<script type=\"application\/ld+json\" class=\"yoast-schema-graph\">{\"@context\":\"https:\\\/\\\/schema.org\",\"@graph\":[{\"@type\":\"Article\",\"@id\":\"https:\\\/\\\/algarve7.pt\\\/index.php\\\/2023\\\/07\\\/escoteiros-de-portugal-transformam-o-seu-acampamento-nacional-num-ecoevento-em-faro\\\/atualidade\\\/12\\\/57\\\/#article\",\"isPartOf\":{\"@id\":\"https:\\\/\\\/algarve7.pt\\\/index.php\\\/2023\\\/07\\\/escoteiros-de-portugal-transformam-o-seu-acampamento-nacional-num-ecoevento-em-faro\\\/atualidade\\\/12\\\/57\\\/\"},\"author\":{\"name\":\"Algarve 7\",\"@id\":\"https:\\\/\\\/algarve7.pt\\\/#\\\/schema\\\/person\\\/23fa70681308e7b319a3204bcea45e0c\"},\"headline\":\"Escoteiros de Portugal transformam o seu acampamento nacional num Ecoevento em Faro\",\"datePublished\":\"2023-07-25T11:57:46+00:00\",\"dateModified\":\"2023-07-25T11:57:49+00:00\",\"mainEntityOfPage\":{\"@id\":\"https:\\\/\\\/algarve7.pt\\\/index.php\\\/2023\\\/07\\\/escoteiros-de-portugal-transformam-o-seu-acampamento-nacional-num-ecoevento-em-faro\\\/atualidade\\\/12\\\/57\\\/\"},\"wordCount\":566,\"publisher\":{\"@id\":\"https:\\\/\\\/algarve7.pt\\\/#organization\"},\"image\":{\"@id\":\"https:\\\/\\\/algarve7.pt\\\/index.php\\\/2023\\\/07\\\/escoteiros-de-portugal-transformam-o-seu-acampamento-nacional-num-ecoevento-em-faro\\\/atualidade\\\/12\\\/57\\\/#primaryimage\"},\"thumbnailUrl\":\"https:\\\/\\\/algarve7.pt\\\/wp-content\\\/uploads\\\/2023\\\/07\\\/26.o-Acampamento-Nacional-da-Associ-acao-dos-Escoteiros-de-Portugal.png\",\"keywords\":[\"Algarve\",\"Atualidade\",\"Escoteiros de Portugal\",\"Faro\"],\"articleSection\":[\"Atualidade\"],\"inLanguage\":\"pt-PT\"},{\"@type\":\"WebPage\",\"@id\":\"https:\\\/\\\/algarve7.pt\\\/index.php\\\/2023\\\/07\\\/escoteiros-de-portugal-transformam-o-seu-acampamento-nacional-num-ecoevento-em-faro\\\/atualidade\\\/12\\\/57\\\/\",\"url\":\"https:\\\/\\\/algarve7.pt\\\/index.php\\\/2023\\\/07\\\/escoteiros-de-portugal-transformam-o-seu-acampamento-nacional-num-ecoevento-em-faro\\\/atualidade\\\/12\\\/57\\\/\",\"name\":\"Escoteiros de Portugal transformam o seu acampamento nacional num Ecoevento em Faro - Algarve 7\",\"isPartOf\":{\"@id\":\"https:\\\/\\\/algarve7.pt\\\/#website\"},\"primaryImageOfPage\":{\"@id\":\"https:\\\/\\\/algarve7.pt\\\/index.php\\\/2023\\\/07\\\/escoteiros-de-portugal-transformam-o-seu-acampamento-nacional-num-ecoevento-em-faro\\\/atualidade\\\/12\\\/57\\\/#primaryimage\"},\"image\":{\"@id\":\"https:\\\/\\\/algarve7.pt\\\/index.php\\\/2023\\\/07\\\/escoteiros-de-portugal-transformam-o-seu-acampamento-nacional-num-ecoevento-em-faro\\\/atualidade\\\/12\\\/57\\\/#primaryimage\"},\"thumbnailUrl\":\"https:\\\/\\\/algarve7.pt\\\/wp-content\\\/uploads\\\/2023\\\/07\\\/26.o-Acampamento-Nacional-da-Associ-acao-dos-Escoteiros-de-Portugal.png\",\"datePublished\":\"2023-07-25T11:57:46+00:00\",\"dateModified\":\"2023-07-25T11:57:49+00:00\",\"description\":\"Escoteiros de Portugal transformam o seu acampamento nacional num Ecoevento em Faro Atualidade\",\"breadcrumb\":{\"@id\":\"https:\\\/\\\/algarve7.pt\\\/index.php\\\/2023\\\/07\\\/escoteiros-de-portugal-transformam-o-seu-acampamento-nacional-num-ecoevento-em-faro\\\/atualidade\\\/12\\\/57\\\/#breadcrumb\"},\"inLanguage\":\"pt-PT\",\"potentialAction\":[{\"@type\":\"ReadAction\",\"target\":[\"https:\\\/\\\/algarve7.pt\\\/index.php\\\/2023\\\/07\\\/escoteiros-de-portugal-transformam-o-seu-acampamento-nacional-num-ecoevento-em-faro\\\/atualidade\\\/12\\\/57\\\/\"]}]},{\"@type\":\"ImageObject\",\"inLanguage\":\"pt-PT\",\"@id\":\"https:\\\/\\\/algarve7.pt\\\/index.php\\\/2023\\\/07\\\/escoteiros-de-portugal-transformam-o-seu-acampamento-nacional-num-ecoevento-em-faro\\\/atualidade\\\/12\\\/57\\\/#primaryimage\",\"url\":\"https:\\\/\\\/algarve7.pt\\\/wp-content\\\/uploads\\\/2023\\\/07\\\/26.o-Acampamento-Nacional-da-Associ-acao-dos-Escoteiros-de-Portugal.png\",\"contentUrl\":\"https:\\\/\\\/algarve7.pt\\\/wp-content\\\/uploads\\\/2023\\\/07\\\/26.o-Acampamento-Nacional-da-Associ-acao-dos-Escoteiros-de-Portugal.png\",\"width\":1000,\"height\":1042},{\"@type\":\"BreadcrumbList\",\"@id\":\"https:\\\/\\\/algarve7.pt\\\/index.php\\\/2023\\\/07\\\/escoteiros-de-portugal-transformam-o-seu-acampamento-nacional-num-ecoevento-em-faro\\\/atualidade\\\/12\\\/57\\\/#breadcrumb\",\"itemListElement\":[{\"@type\":\"ListItem\",\"position\":1,\"name\":\"In\u00edcio\",\"item\":\"https:\\\/\\\/algarve7.pt\\\/\"},{\"@type\":\"ListItem\",\"position\":2,\"name\":\"Escoteiros de Portugal transformam o seu acampamento nacional num Ecoevento em Faro\"}]},{\"@type\":\"WebSite\",\"@id\":\"https:\\\/\\\/algarve7.pt\\\/#website\",\"url\":\"https:\\\/\\\/algarve7.pt\\\/\",\"name\":\"Algarve 7\",\"description\":\"Informa\u00e7\u00e3o sobre o Algarve\",\"publisher\":{\"@id\":\"https:\\\/\\\/algarve7.pt\\\/#organization\"},\"potentialAction\":[{\"@type\":\"SearchAction\",\"target\":{\"@type\":\"EntryPoint\",\"urlTemplate\":\"https:\\\/\\\/algarve7.pt\\\/?s={search_term_string}\"},\"query-input\":{\"@type\":\"PropertyValueSpecification\",\"valueRequired\":true,\"valueName\":\"search_term_string\"}}],\"inLanguage\":\"pt-PT\"},{\"@type\":\"Organization\",\"@id\":\"https:\\\/\\\/algarve7.pt\\\/#organization\",\"name\":\"Algarve 7\",\"url\":\"https:\\\/\\\/algarve7.pt\\\/\",\"logo\":{\"@type\":\"ImageObject\",\"inLanguage\":\"pt-PT\",\"@id\":\"https:\\\/\\\/algarve7.pt\\\/#\\\/schema\\\/logo\\\/image\\\/\",\"url\":\"https:\\\/\\\/algarve7.pt\\\/wp-content\\\/uploads\\\/2020\\\/10\\\/Logo-8.jpg\",\"contentUrl\":\"https:\\\/\\\/algarve7.pt\\\/wp-content\\\/uploads\\\/2020\\\/10\\\/Logo-8.jpg\",\"width\":1680,\"height\":1186,\"caption\":\"Algarve 7\"},\"image\":{\"@id\":\"https:\\\/\\\/algarve7.pt\\\/#\\\/schema\\\/logo\\\/image\\\/\"},\"sameAs\":[\"https:\\\/\\\/www.facebook.com\\\/algarve7\",\"https:\\\/\\\/x.com\\\/Algarvesete\",\"https:\\\/\\\/www.instagram.com\\\/jornalalgarve7\\\/\",\"https:\\\/\\\/www.linkedin.com\\\/company\\\/algarve7\",\"https:\\\/\\\/www.pinterest.pt\\\/geral0939\\\/_created\\\/\"]},{\"@type\":\"Person\",\"@id\":\"https:\\\/\\\/algarve7.pt\\\/#\\\/schema\\\/person\\\/23fa70681308e7b319a3204bcea45e0c\",\"name\":\"Algarve 7\",\"sameAs\":[\"https:\\\/\\\/algarve7.pt\",\"https:\\\/\\\/www.facebook.com\\\/algarve7\"],\"url\":\"https:\\\/\\\/algarve7.pt\\\/index.php\\\/author\\\/geralalgarve7-pt\\\/\"}]}<\/script>\n<!-- \/ Yoast SEO plugin. -->","yoast_head_json":{"title":"Escoteiros de Portugal transformam o seu acampamento nacional num Ecoevento em Faro - Algarve 7","description":"Escoteiros de Portugal transformam o seu acampamento nacional num Ecoevento em Faro Atualidade","robots":{"index":"index","follow":"follow","max-snippet":"max-snippet:-1","max-image-preview":"max-image-preview:large","max-video-preview":"max-video-preview:-1"},"canonical":"https:\/\/algarve7.pt\/index.php\/2023\/07\/escoteiros-de-portugal-transformam-o-seu-acampamento-nacional-num-ecoevento-em-faro\/atualidade\/12\/57\/","og_locale":"pt_PT","og_type":"article","og_title":"Escoteiros de Portugal transformam o seu acampamento nacional num Ecoevento em Faro - Algarve 7","og_description":"Escoteiros de Portugal transformam o seu acampamento nacional num Ecoevento em Faro Atualidade","og_url":"https:\/\/algarve7.pt\/index.php\/2023\/07\/escoteiros-de-portugal-transformam-o-seu-acampamento-nacional-num-ecoevento-em-faro\/atualidade\/12\/57\/","og_site_name":"Algarve 7","article_publisher":"https:\/\/www.facebook.com\/algarve7","article_author":"https:\/\/www.facebook.com\/algarve7","article_published_time":"2023-07-25T11:57:46+00:00","article_modified_time":"2023-07-25T11:57:49+00:00","og_image":[{"width":1000,"height":1042,"url":"https:\/\/algarve7.pt\/wp-content\/uploads\/2023\/07\/26.o-Acampamento-Nacional-da-Associ-acao-dos-Escoteiros-de-Portugal.png","type":"image\/png"}],"author":"Algarve 7","twitter_card":"summary_large_image","twitter_creator":"@Algarvesete","twitter_site":"@Algarvesete","twitter_misc":{"Escrito por":"Algarve 7","Tempo estimado de leitura":"3 minutos"},"schema":{"@context":"https:\/\/schema.org","@graph":[{"@type":"Article","@id":"https:\/\/algarve7.pt\/index.php\/2023\/07\/escoteiros-de-portugal-transformam-o-seu-acampamento-nacional-num-ecoevento-em-faro\/atualidade\/12\/57\/#article","isPartOf":{"@id":"https:\/\/algarve7.pt\/index.php\/2023\/07\/escoteiros-de-portugal-transformam-o-seu-acampamento-nacional-num-ecoevento-em-faro\/atualidade\/12\/57\/"},"author":{"name":"Algarve 7","@id":"https:\/\/algarve7.pt\/#\/schema\/person\/23fa70681308e7b319a3204bcea45e0c"},"headline":"Escoteiros de Portugal transformam o seu acampamento nacional num Ecoevento em Faro","datePublished":"2023-07-25T11:57:46+00:00","dateModified":"2023-07-25T11:57:49+00:00","mainEntityOfPage":{"@id":"https:\/\/algarve7.pt\/index.php\/2023\/07\/escoteiros-de-portugal-transformam-o-seu-acampamento-nacional-num-ecoevento-em-faro\/atualidade\/12\/57\/"},"wordCount":566,"publisher":{"@id":"https:\/\/algarve7.pt\/#organization"},"image":{"@id":"https:\/\/algarve7.pt\/index.php\/2023\/07\/escoteiros-de-portugal-transformam-o-seu-acampamento-nacional-num-ecoevento-em-faro\/atualidade\/12\/57\/#primaryimage"},"thumbnailUrl":"https:\/\/algarve7.pt\/wp-content\/uploads\/2023\/07\/26.o-Acampamento-Nacional-da-Associ-acao-dos-Escoteiros-de-Portugal.png","keywords":["Algarve","Atualidade","Escoteiros de Portugal","Faro"],"articleSection":["Atualidade"],"inLanguage":"pt-PT"},{"@type":"WebPage","@id":"https:\/\/algarve7.pt\/index.php\/2023\/07\/escoteiros-de-portugal-transformam-o-seu-acampamento-nacional-num-ecoevento-em-faro\/atualidade\/12\/57\/","url":"https:\/\/algarve7.pt\/index.php\/2023\/07\/escoteiros-de-portugal-transformam-o-seu-acampamento-nacional-num-ecoevento-em-faro\/atualidade\/12\/57\/","name":"Escoteiros de Portugal transformam o seu acampamento nacional num Ecoevento em Faro - Algarve 7","isPartOf":{"@id":"https:\/\/algarve7.pt\/#website"},"primaryImageOfPage":{"@id":"https:\/\/algarve7.pt\/index.php\/2023\/07\/escoteiros-de-portugal-transformam-o-seu-acampamento-nacional-num-ecoevento-em-faro\/atualidade\/12\/57\/#primaryimage"},"image":{"@id":"https:\/\/algarve7.pt\/index.php\/2023\/07\/escoteiros-de-portugal-transformam-o-seu-acampamento-nacional-num-ecoevento-em-faro\/atualidade\/12\/57\/#primaryimage"},"thumbnailUrl":"https:\/\/algarve7.pt\/wp-content\/uploads\/2023\/07\/26.o-Acampamento-Nacional-da-Associ-acao-dos-Escoteiros-de-Portugal.png","datePublished":"2023-07-25T11:57:46+00:00","dateModified":"2023-07-25T11:57:49+00:00","description":"Escoteiros de Portugal transformam o seu acampamento nacional num Ecoevento em Faro Atualidade","breadcrumb":{"@id":"https:\/\/algarve7.pt\/index.php\/2023\/07\/escoteiros-de-portugal-transformam-o-seu-acampamento-nacional-num-ecoevento-em-faro\/atualidade\/12\/57\/#breadcrumb"},"inLanguage":"pt-PT","potentialAction":[{"@type":"ReadAction","target":["https:\/\/algarve7.pt\/index.php\/2023\/07\/escoteiros-de-portugal-transformam-o-seu-acampamento-nacional-num-ecoevento-em-faro\/atualidade\/12\/57\/"]}]},{"@type":"ImageObject","inLanguage":"pt-PT","@id":"https:\/\/algarve7.pt\/index.php\/2023\/07\/escoteiros-de-portugal-transformam-o-seu-acampamento-nacional-num-ecoevento-em-faro\/atualidade\/12\/57\/#primaryimage","url":"https:\/\/algarve7.pt\/wp-content\/uploads\/2023\/07\/26.o-Acampamento-Nacional-da-Associ-acao-dos-Escoteiros-de-Portugal.png","contentUrl":"https:\/\/algarve7.pt\/wp-content\/uploads\/2023\/07\/26.o-Acampamento-Nacional-da-Associ-acao-dos-Escoteiros-de-Portugal.png","width":1000,"height":1042},{"@type":"BreadcrumbList","@id":"https:\/\/algarve7.pt\/index.php\/2023\/07\/escoteiros-de-portugal-transformam-o-seu-acampamento-nacional-num-ecoevento-em-faro\/atualidade\/12\/57\/#breadcrumb","itemListElement":[{"@type":"ListItem","position":1,"name":"In\u00edcio","item":"https:\/\/algarve7.pt\/"},{"@type":"ListItem","position":2,"name":"Escoteiros de Portugal transformam o seu acampamento nacional num Ecoevento em Faro"}]},{"@type":"WebSite","@id":"https:\/\/algarve7.pt\/#website","url":"https:\/\/algarve7.pt\/","name":"Algarve 7","description":"Informa\u00e7\u00e3o sobre o Algarve","publisher":{"@id":"https:\/\/algarve7.pt\/#organization"},"potentialAction":[{"@type":"SearchAction","target":{"@type":"EntryPoint","urlTemplate":"https:\/\/algarve7.pt\/?s={search_term_string}"},"query-input":{"@type":"PropertyValueSpecification","valueRequired":true,"valueName":"search_term_string"}}],"inLanguage":"pt-PT"},{"@type":"Organization","@id":"https:\/\/algarve7.pt\/#organization","name":"Algarve 7","url":"https:\/\/algarve7.pt\/","logo":{"@type":"ImageObject","inLanguage":"pt-PT","@id":"https:\/\/algarve7.pt\/#\/schema\/logo\/image\/","url":"https:\/\/algarve7.pt\/wp-content\/uploads\/2020\/10\/Logo-8.jpg","contentUrl":"https:\/\/algarve7.pt\/wp-content\/uploads\/2020\/10\/Logo-8.jpg","width":1680,"height":1186,"caption":"Algarve 7"},"image":{"@id":"https:\/\/algarve7.pt\/#\/schema\/logo\/image\/"},"sameAs":["https:\/\/www.facebook.com\/algarve7","https:\/\/x.com\/Algarvesete","https:\/\/www.instagram.com\/jornalalgarve7\/","https:\/\/www.linkedin.com\/company\/algarve7","https:\/\/www.pinterest.pt\/geral0939\/_created\/"]},{"@type":"Person","@id":"https:\/\/algarve7.pt\/#\/schema\/person\/23fa70681308e7b319a3204bcea45e0c","name":"Algarve 7","sameAs":["https:\/\/algarve7.pt","https:\/\/www.facebook.com\/algarve7"],"url":"https:\/\/algarve7.pt\/index.php\/author\/geralalgarve7-pt\/"}]}},"jetpack_publicize_connections":[],"jetpack_featured_media_url":"https:\/\/algarve7.pt\/wp-content\/uploads\/2023\/07\/26.o-Acampamento-Nacional-da-Associ-acao-dos-Escoteiros-de-Portugal.png","jetpack_shortlink":"https:\/\/wp.me\/pcezmW-7IT","jetpack_sharing_enabled":true,"_links":{"self":[{"href":"https:\/\/algarve7.pt\/index.php\/wp-json\/wp\/v2\/posts\/29691","targetHints":{"allow":["GET"]}}],"collection":[{"href":"https:\/\/algarve7.pt\/index.php\/wp-json\/wp\/v2\/posts"}],"about":[{"href":"https:\/\/algarve7.pt\/index.php\/wp-json\/wp\/v2\/types\/post"}],"author":[{"embeddable":true,"href":"https:\/\/algarve7.pt\/index.php\/wp-json\/wp\/v2\/users\/1"}],"replies":[{"embeddable":true,"href":"https:\/\/algarve7.pt\/index.php\/wp-json\/wp\/v2\/comments?post=29691"}],"version-history":[{"count":0,"href":"https:\/\/algarve7.pt\/index.php\/wp-json\/wp\/v2\/posts\/29691\/revisions"}],"wp:featuredmedia":[{"embeddable":true,"href":"https:\/\/algarve7.pt\/index.php\/wp-json\/wp\/v2\/media\/29692"}],"wp:attachment":[{"href":"https:\/\/algarve7.pt\/index.php\/wp-json\/wp\/v2\/media?parent=29691"}],"wp:term":[{"taxonomy":"category","embeddable":true,"href":"https:\/\/algarve7.pt\/index.php\/wp-json\/wp\/v2\/categories?post=29691"},{"taxonomy":"post_tag","embeddable":true,"href":"https:\/\/algarve7.pt\/index.php\/wp-json\/wp\/v2\/tags?post=29691"}],"curies":[{"name":"wp","href":"https:\/\/api.w.org\/{rel}","templated":true}]}}