{"id":29665,"date":"2023-07-23T14:17:00","date_gmt":"2023-07-23T13:17:00","guid":{"rendered":"https:\/\/algarve7.pt\/?p=29665"},"modified":"2023-07-23T12:19:28","modified_gmt":"2023-07-23T11:19:28","slug":"municipio-de-silves-promove-ciclo-de-teatro-ao-ar-livre-em-silves","status":"publish","type":"post","link":"https:\/\/algarve7.pt\/index.php\/2023\/07\/municipio-de-silves-promove-ciclo-de-teatro-ao-ar-livre-em-silves\/cultura\/14\/17\/","title":{"rendered":"Munic\u00edpio de Silves promove ciclo de teatro ao ar livre em Silves"},"content":{"rendered":"\n<p>A iniciativa Ciclo de Teatro ao Ar Livre, prossegue no dia 23 de julho, pelas 21h30, na Freguesia de Silves, com a pe\u00e7a \u201c\u00c0 Babuja\u201d em frente \u00e0s Piscinas Municipais.<\/p>\n\n\n\n<p>A iniciativa conta com o apoio da Junta de Freguesia de Silves.<\/p>\n\n\n\n<p>Contamos com a vossa presen\u00e7a!<\/p>\n\n\n\n<p>Entrada: Livre<\/p>\n\n\n\n<p>Classifica\u00e7\u00e3o et\u00e1ria: M\/6<\/p>\n\n\n\n<p>+ Info: Sector de Cultura do Munic\u00edpio de Silves | tel. 282 440\u00a0856 (ext. 2745) | email:\u00a0<a href=\"mailto:cultura@cm-silves.pt\" target=\"_blank\" rel=\"noreferrer noopener\">cultura@cm-silves.pt<\/a>\u00a0|\u00a0<a href=\"http:\/\/www.cm-silves.pt\/\" target=\"_blank\" rel=\"noreferrer noopener\">www.cm-silves.pt<\/a><\/p>\n\n\n\n<p>+ SOBRE \u201c\u00c0 BABUJA\u201d<\/p>\n\n\n\n<p>Este podia ser apenas um projeto \u00e0 beira-mar, como o pr\u00f3prio nome indica. A ideia, no entanto, \u00e9 guardar isso como ponto de partida, mas ser muito mais: um projeto itinerante, apelativo para muitos p\u00fablicos, de um grande rigor pl\u00e1stico, e que d\u00ea a conhecer alguns tesouros regionais.<\/p>\n\n\n\n<p>\u00c9 um espet\u00e1culo divertido, inspirado no cl\u00e1ssico de Cervantes, \u2018Dom Quixote de la Mancha\u2019. Entramos no imagin\u00e1rio deste her\u00f3i \u201calgarvio\u201d, onde as b\u00f3ias se transformam em armadura, os guarda-s\u00f3is em moinhos de vento e a carrinha em cavalo. Nesta aventura, dan\u00e7amos corridinho nas dunas, estacionamos o burro no restaurante e procuramos o p\u00e9 de donzela da Dulcineia. O espet\u00e1culo consiste numa cria\u00e7\u00e3o de raiz pensado para toda a fam\u00edlia, com uma forte componente musical, e nele ser\u00e1 explorada uma linguagem f\u00edsica, onomatopaica e clownesca. \u00c9 um espet\u00e1culo universalmente compreens\u00edvel pela sua linguagem f\u00edsica, musical e visual.<\/p>\n","protected":false},"excerpt":{"rendered":"<p>A iniciativa Ciclo de Teatro ao Ar Livre, prossegue no dia 23 de julho, pelas 21h30, na Freguesia de Silves,<\/p>\n","protected":false},"author":1,"featured_media":29666,"comment_status":"closed","ping_status":"open","sticky":false,"template":"","format":"standard","meta":{"colormag_page_container_layout":"default_layout","colormag_page_sidebar_layout":"default_layout","_monsterinsights_skip_tracking":false,"_monsterinsights_sitenote_active":false,"_monsterinsights_sitenote_note":"","_monsterinsights_sitenote_category":0,"jetpack_post_was_ever_published":false,"_jetpack_newsletter_access":"","_jetpack_dont_email_post_to_subs":false,"_jetpack_newsletter_tier_id":0,"_jetpack_memberships_contains_paywalled_content":false,"_jetpack_memberships_contains_paid_content":false,"footnotes":"","jetpack_publicize_message":"","jetpack_publicize_feature_enabled":true,"jetpack_social_post_already_shared":true,"jetpack_social_options":{"image_generator_settings":{"template":"highway","default_image_id":0,"font":"","enabled":false},"version":2}},"categories":[14],"tags":[36,35,42],"class_list":["post-29665","post","type-post","status-publish","format-standard","has-post-thumbnail","hentry","category-cultura","tag-algarve","tag-cultura","tag-silves"],"yoast_head":"<!-- This site is optimized with the Yoast SEO plugin v27.4 - https:\/\/yoast.com\/product\/yoast-seo-wordpress\/ -->\n<title>Munic\u00edpio de Silves promove ciclo de teatro ao ar livre em Silves - Algarve 7<\/title>\n<meta name=\"description\" content=\"Munic\u00edpio de Silves promove ciclo de teatro ao ar livre em Silves Cultura\" \/>\n<meta name=\"robots\" content=\"index, follow, max-snippet:-1, max-image-preview:large, max-video-preview:-1\" \/>\n<link rel=\"canonical\" href=\"https:\/\/algarve7.pt\/index.php\/2023\/07\/municipio-de-silves-promove-ciclo-de-teatro-ao-ar-livre-em-silves\/cultura\/14\/17\/\" \/>\n<meta property=\"og:locale\" content=\"pt_PT\" \/>\n<meta property=\"og:type\" content=\"article\" \/>\n<meta property=\"og:title\" content=\"Munic\u00edpio de Silves promove ciclo de teatro ao ar livre em Silves - Algarve 7\" \/>\n<meta property=\"og:description\" content=\"Munic\u00edpio de Silves promove ciclo de teatro ao ar livre em Silves Cultura\" \/>\n<meta property=\"og:url\" content=\"https:\/\/algarve7.pt\/index.php\/2023\/07\/municipio-de-silves-promove-ciclo-de-teatro-ao-ar-livre-em-silves\/cultura\/14\/17\/\" \/>\n<meta property=\"og:site_name\" content=\"Algarve 7\" \/>\n<meta property=\"article:publisher\" content=\"https:\/\/www.facebook.com\/algarve7\" \/>\n<meta property=\"article:author\" content=\"https:\/\/www.facebook.com\/algarve7\" \/>\n<meta property=\"article:published_time\" content=\"2023-07-23T13:17:00+00:00\" \/>\n<meta property=\"og:image\" content=\"https:\/\/algarve7.pt\/wp-content\/uploads\/2023\/07\/NOTICIA_04_Ciclo-de-teatro-ar-livre_Silves.jpg\" \/>\n\t<meta property=\"og:image:width\" content=\"1280\" \/>\n\t<meta property=\"og:image:height\" content=\"620\" \/>\n\t<meta property=\"og:image:type\" content=\"image\/jpeg\" \/>\n<meta name=\"author\" content=\"Algarve 7\" \/>\n<meta name=\"twitter:card\" content=\"summary_large_image\" \/>\n<meta name=\"twitter:creator\" content=\"@Algarvesete\" \/>\n<meta name=\"twitter:site\" content=\"@Algarvesete\" \/>\n<meta name=\"twitter:label1\" content=\"Escrito por\" \/>\n\t<meta name=\"twitter:data1\" content=\"Algarve 7\" \/>\n\t<meta name=\"twitter:label2\" content=\"Tempo estimado de leitura\" \/>\n\t<meta name=\"twitter:data2\" content=\"2 minutos\" \/>\n<script type=\"application\/ld+json\" class=\"yoast-schema-graph\">{\"@context\":\"https:\\\/\\\/schema.org\",\"@graph\":[{\"@type\":\"Article\",\"@id\":\"https:\\\/\\\/algarve7.pt\\\/index.php\\\/2023\\\/07\\\/municipio-de-silves-promove-ciclo-de-teatro-ao-ar-livre-em-silves\\\/cultura\\\/14\\\/17\\\/#article\",\"isPartOf\":{\"@id\":\"https:\\\/\\\/algarve7.pt\\\/index.php\\\/2023\\\/07\\\/municipio-de-silves-promove-ciclo-de-teatro-ao-ar-livre-em-silves\\\/cultura\\\/14\\\/17\\\/\"},\"author\":{\"name\":\"Algarve 7\",\"@id\":\"https:\\\/\\\/algarve7.pt\\\/#\\\/schema\\\/person\\\/23fa70681308e7b319a3204bcea45e0c\"},\"headline\":\"Munic\u00edpio de Silves promove ciclo de teatro ao ar livre em Silves\",\"datePublished\":\"2023-07-23T13:17:00+00:00\",\"mainEntityOfPage\":{\"@id\":\"https:\\\/\\\/algarve7.pt\\\/index.php\\\/2023\\\/07\\\/municipio-de-silves-promove-ciclo-de-teatro-ao-ar-livre-em-silves\\\/cultura\\\/14\\\/17\\\/\"},\"wordCount\":244,\"publisher\":{\"@id\":\"https:\\\/\\\/algarve7.pt\\\/#organization\"},\"image\":{\"@id\":\"https:\\\/\\\/algarve7.pt\\\/index.php\\\/2023\\\/07\\\/municipio-de-silves-promove-ciclo-de-teatro-ao-ar-livre-em-silves\\\/cultura\\\/14\\\/17\\\/#primaryimage\"},\"thumbnailUrl\":\"https:\\\/\\\/algarve7.pt\\\/wp-content\\\/uploads\\\/2023\\\/07\\\/NOTICIA_04_Ciclo-de-teatro-ar-livre_Silves.jpg\",\"keywords\":[\"Algarve\",\"Cultura\",\"Silves\"],\"articleSection\":[\"Cultura\"],\"inLanguage\":\"pt-PT\"},{\"@type\":\"WebPage\",\"@id\":\"https:\\\/\\\/algarve7.pt\\\/index.php\\\/2023\\\/07\\\/municipio-de-silves-promove-ciclo-de-teatro-ao-ar-livre-em-silves\\\/cultura\\\/14\\\/17\\\/\",\"url\":\"https:\\\/\\\/algarve7.pt\\\/index.php\\\/2023\\\/07\\\/municipio-de-silves-promove-ciclo-de-teatro-ao-ar-livre-em-silves\\\/cultura\\\/14\\\/17\\\/\",\"name\":\"Munic\u00edpio de Silves promove ciclo de teatro ao ar livre em Silves - Algarve 7\",\"isPartOf\":{\"@id\":\"https:\\\/\\\/algarve7.pt\\\/#website\"},\"primaryImageOfPage\":{\"@id\":\"https:\\\/\\\/algarve7.pt\\\/index.php\\\/2023\\\/07\\\/municipio-de-silves-promove-ciclo-de-teatro-ao-ar-livre-em-silves\\\/cultura\\\/14\\\/17\\\/#primaryimage\"},\"image\":{\"@id\":\"https:\\\/\\\/algarve7.pt\\\/index.php\\\/2023\\\/07\\\/municipio-de-silves-promove-ciclo-de-teatro-ao-ar-livre-em-silves\\\/cultura\\\/14\\\/17\\\/#primaryimage\"},\"thumbnailUrl\":\"https:\\\/\\\/algarve7.pt\\\/wp-content\\\/uploads\\\/2023\\\/07\\\/NOTICIA_04_Ciclo-de-teatro-ar-livre_Silves.jpg\",\"datePublished\":\"2023-07-23T13:17:00+00:00\",\"description\":\"Munic\u00edpio de Silves promove ciclo de teatro ao ar livre em Silves Cultura\",\"breadcrumb\":{\"@id\":\"https:\\\/\\\/algarve7.pt\\\/index.php\\\/2023\\\/07\\\/municipio-de-silves-promove-ciclo-de-teatro-ao-ar-livre-em-silves\\\/cultura\\\/14\\\/17\\\/#breadcrumb\"},\"inLanguage\":\"pt-PT\",\"potentialAction\":[{\"@type\":\"ReadAction\",\"target\":[\"https:\\\/\\\/algarve7.pt\\\/index.php\\\/2023\\\/07\\\/municipio-de-silves-promove-ciclo-de-teatro-ao-ar-livre-em-silves\\\/cultura\\\/14\\\/17\\\/\"]}]},{\"@type\":\"ImageObject\",\"inLanguage\":\"pt-PT\",\"@id\":\"https:\\\/\\\/algarve7.pt\\\/index.php\\\/2023\\\/07\\\/municipio-de-silves-promove-ciclo-de-teatro-ao-ar-livre-em-silves\\\/cultura\\\/14\\\/17\\\/#primaryimage\",\"url\":\"https:\\\/\\\/algarve7.pt\\\/wp-content\\\/uploads\\\/2023\\\/07\\\/NOTICIA_04_Ciclo-de-teatro-ar-livre_Silves.jpg\",\"contentUrl\":\"https:\\\/\\\/algarve7.pt\\\/wp-content\\\/uploads\\\/2023\\\/07\\\/NOTICIA_04_Ciclo-de-teatro-ar-livre_Silves.jpg\",\"width\":1280,\"height\":620},{\"@type\":\"BreadcrumbList\",\"@id\":\"https:\\\/\\\/algarve7.pt\\\/index.php\\\/2023\\\/07\\\/municipio-de-silves-promove-ciclo-de-teatro-ao-ar-livre-em-silves\\\/cultura\\\/14\\\/17\\\/#breadcrumb\",\"itemListElement\":[{\"@type\":\"ListItem\",\"position\":1,\"name\":\"In\u00edcio\",\"item\":\"https:\\\/\\\/algarve7.pt\\\/\"},{\"@type\":\"ListItem\",\"position\":2,\"name\":\"Munic\u00edpio de Silves promove ciclo de teatro ao ar livre em Silves\"}]},{\"@type\":\"WebSite\",\"@id\":\"https:\\\/\\\/algarve7.pt\\\/#website\",\"url\":\"https:\\\/\\\/algarve7.pt\\\/\",\"name\":\"Algarve 7\",\"description\":\"Informa\u00e7\u00e3o sobre o Algarve\",\"publisher\":{\"@id\":\"https:\\\/\\\/algarve7.pt\\\/#organization\"},\"potentialAction\":[{\"@type\":\"SearchAction\",\"target\":{\"@type\":\"EntryPoint\",\"urlTemplate\":\"https:\\\/\\\/algarve7.pt\\\/?s={search_term_string}\"},\"query-input\":{\"@type\":\"PropertyValueSpecification\",\"valueRequired\":true,\"valueName\":\"search_term_string\"}}],\"inLanguage\":\"pt-PT\"},{\"@type\":\"Organization\",\"@id\":\"https:\\\/\\\/algarve7.pt\\\/#organization\",\"name\":\"Algarve 7\",\"url\":\"https:\\\/\\\/algarve7.pt\\\/\",\"logo\":{\"@type\":\"ImageObject\",\"inLanguage\":\"pt-PT\",\"@id\":\"https:\\\/\\\/algarve7.pt\\\/#\\\/schema\\\/logo\\\/image\\\/\",\"url\":\"https:\\\/\\\/algarve7.pt\\\/wp-content\\\/uploads\\\/2020\\\/10\\\/Logo-8.jpg\",\"contentUrl\":\"https:\\\/\\\/algarve7.pt\\\/wp-content\\\/uploads\\\/2020\\\/10\\\/Logo-8.jpg\",\"width\":1680,\"height\":1186,\"caption\":\"Algarve 7\"},\"image\":{\"@id\":\"https:\\\/\\\/algarve7.pt\\\/#\\\/schema\\\/logo\\\/image\\\/\"},\"sameAs\":[\"https:\\\/\\\/www.facebook.com\\\/algarve7\",\"https:\\\/\\\/x.com\\\/Algarvesete\",\"https:\\\/\\\/www.instagram.com\\\/jornalalgarve7\\\/\",\"https:\\\/\\\/www.linkedin.com\\\/company\\\/algarve7\",\"https:\\\/\\\/www.pinterest.pt\\\/geral0939\\\/_created\\\/\"]},{\"@type\":\"Person\",\"@id\":\"https:\\\/\\\/algarve7.pt\\\/#\\\/schema\\\/person\\\/23fa70681308e7b319a3204bcea45e0c\",\"name\":\"Algarve 7\",\"sameAs\":[\"https:\\\/\\\/algarve7.pt\",\"https:\\\/\\\/www.facebook.com\\\/algarve7\"],\"url\":\"https:\\\/\\\/algarve7.pt\\\/index.php\\\/author\\\/geralalgarve7-pt\\\/\"}]}<\/script>\n<!-- \/ Yoast SEO plugin. -->","yoast_head_json":{"title":"Munic\u00edpio de Silves promove ciclo de teatro ao ar livre em Silves - Algarve 7","description":"Munic\u00edpio de Silves promove ciclo de teatro ao ar livre em Silves Cultura","robots":{"index":"index","follow":"follow","max-snippet":"max-snippet:-1","max-image-preview":"max-image-preview:large","max-video-preview":"max-video-preview:-1"},"canonical":"https:\/\/algarve7.pt\/index.php\/2023\/07\/municipio-de-silves-promove-ciclo-de-teatro-ao-ar-livre-em-silves\/cultura\/14\/17\/","og_locale":"pt_PT","og_type":"article","og_title":"Munic\u00edpio de Silves promove ciclo de teatro ao ar livre em Silves - Algarve 7","og_description":"Munic\u00edpio de Silves promove ciclo de teatro ao ar livre em Silves Cultura","og_url":"https:\/\/algarve7.pt\/index.php\/2023\/07\/municipio-de-silves-promove-ciclo-de-teatro-ao-ar-livre-em-silves\/cultura\/14\/17\/","og_site_name":"Algarve 7","article_publisher":"https:\/\/www.facebook.com\/algarve7","article_author":"https:\/\/www.facebook.com\/algarve7","article_published_time":"2023-07-23T13:17:00+00:00","og_image":[{"width":1280,"height":620,"url":"https:\/\/algarve7.pt\/wp-content\/uploads\/2023\/07\/NOTICIA_04_Ciclo-de-teatro-ar-livre_Silves.jpg","type":"image\/jpeg"}],"author":"Algarve 7","twitter_card":"summary_large_image","twitter_creator":"@Algarvesete","twitter_site":"@Algarvesete","twitter_misc":{"Escrito por":"Algarve 7","Tempo estimado de leitura":"2 minutos"},"schema":{"@context":"https:\/\/schema.org","@graph":[{"@type":"Article","@id":"https:\/\/algarve7.pt\/index.php\/2023\/07\/municipio-de-silves-promove-ciclo-de-teatro-ao-ar-livre-em-silves\/cultura\/14\/17\/#article","isPartOf":{"@id":"https:\/\/algarve7.pt\/index.php\/2023\/07\/municipio-de-silves-promove-ciclo-de-teatro-ao-ar-livre-em-silves\/cultura\/14\/17\/"},"author":{"name":"Algarve 7","@id":"https:\/\/algarve7.pt\/#\/schema\/person\/23fa70681308e7b319a3204bcea45e0c"},"headline":"Munic\u00edpio de Silves promove ciclo de teatro ao ar livre em Silves","datePublished":"2023-07-23T13:17:00+00:00","mainEntityOfPage":{"@id":"https:\/\/algarve7.pt\/index.php\/2023\/07\/municipio-de-silves-promove-ciclo-de-teatro-ao-ar-livre-em-silves\/cultura\/14\/17\/"},"wordCount":244,"publisher":{"@id":"https:\/\/algarve7.pt\/#organization"},"image":{"@id":"https:\/\/algarve7.pt\/index.php\/2023\/07\/municipio-de-silves-promove-ciclo-de-teatro-ao-ar-livre-em-silves\/cultura\/14\/17\/#primaryimage"},"thumbnailUrl":"https:\/\/algarve7.pt\/wp-content\/uploads\/2023\/07\/NOTICIA_04_Ciclo-de-teatro-ar-livre_Silves.jpg","keywords":["Algarve","Cultura","Silves"],"articleSection":["Cultura"],"inLanguage":"pt-PT"},{"@type":"WebPage","@id":"https:\/\/algarve7.pt\/index.php\/2023\/07\/municipio-de-silves-promove-ciclo-de-teatro-ao-ar-livre-em-silves\/cultura\/14\/17\/","url":"https:\/\/algarve7.pt\/index.php\/2023\/07\/municipio-de-silves-promove-ciclo-de-teatro-ao-ar-livre-em-silves\/cultura\/14\/17\/","name":"Munic\u00edpio de Silves promove ciclo de teatro ao ar livre em Silves - Algarve 7","isPartOf":{"@id":"https:\/\/algarve7.pt\/#website"},"primaryImageOfPage":{"@id":"https:\/\/algarve7.pt\/index.php\/2023\/07\/municipio-de-silves-promove-ciclo-de-teatro-ao-ar-livre-em-silves\/cultura\/14\/17\/#primaryimage"},"image":{"@id":"https:\/\/algarve7.pt\/index.php\/2023\/07\/municipio-de-silves-promove-ciclo-de-teatro-ao-ar-livre-em-silves\/cultura\/14\/17\/#primaryimage"},"thumbnailUrl":"https:\/\/algarve7.pt\/wp-content\/uploads\/2023\/07\/NOTICIA_04_Ciclo-de-teatro-ar-livre_Silves.jpg","datePublished":"2023-07-23T13:17:00+00:00","description":"Munic\u00edpio de Silves promove ciclo de teatro ao ar livre em Silves Cultura","breadcrumb":{"@id":"https:\/\/algarve7.pt\/index.php\/2023\/07\/municipio-de-silves-promove-ciclo-de-teatro-ao-ar-livre-em-silves\/cultura\/14\/17\/#breadcrumb"},"inLanguage":"pt-PT","potentialAction":[{"@type":"ReadAction","target":["https:\/\/algarve7.pt\/index.php\/2023\/07\/municipio-de-silves-promove-ciclo-de-teatro-ao-ar-livre-em-silves\/cultura\/14\/17\/"]}]},{"@type":"ImageObject","inLanguage":"pt-PT","@id":"https:\/\/algarve7.pt\/index.php\/2023\/07\/municipio-de-silves-promove-ciclo-de-teatro-ao-ar-livre-em-silves\/cultura\/14\/17\/#primaryimage","url":"https:\/\/algarve7.pt\/wp-content\/uploads\/2023\/07\/NOTICIA_04_Ciclo-de-teatro-ar-livre_Silves.jpg","contentUrl":"https:\/\/algarve7.pt\/wp-content\/uploads\/2023\/07\/NOTICIA_04_Ciclo-de-teatro-ar-livre_Silves.jpg","width":1280,"height":620},{"@type":"BreadcrumbList","@id":"https:\/\/algarve7.pt\/index.php\/2023\/07\/municipio-de-silves-promove-ciclo-de-teatro-ao-ar-livre-em-silves\/cultura\/14\/17\/#breadcrumb","itemListElement":[{"@type":"ListItem","position":1,"name":"In\u00edcio","item":"https:\/\/algarve7.pt\/"},{"@type":"ListItem","position":2,"name":"Munic\u00edpio de Silves promove ciclo de teatro ao ar livre em Silves"}]},{"@type":"WebSite","@id":"https:\/\/algarve7.pt\/#website","url":"https:\/\/algarve7.pt\/","name":"Algarve 7","description":"Informa\u00e7\u00e3o sobre o Algarve","publisher":{"@id":"https:\/\/algarve7.pt\/#organization"},"potentialAction":[{"@type":"SearchAction","target":{"@type":"EntryPoint","urlTemplate":"https:\/\/algarve7.pt\/?s={search_term_string}"},"query-input":{"@type":"PropertyValueSpecification","valueRequired":true,"valueName":"search_term_string"}}],"inLanguage":"pt-PT"},{"@type":"Organization","@id":"https:\/\/algarve7.pt\/#organization","name":"Algarve 7","url":"https:\/\/algarve7.pt\/","logo":{"@type":"ImageObject","inLanguage":"pt-PT","@id":"https:\/\/algarve7.pt\/#\/schema\/logo\/image\/","url":"https:\/\/algarve7.pt\/wp-content\/uploads\/2020\/10\/Logo-8.jpg","contentUrl":"https:\/\/algarve7.pt\/wp-content\/uploads\/2020\/10\/Logo-8.jpg","width":1680,"height":1186,"caption":"Algarve 7"},"image":{"@id":"https:\/\/algarve7.pt\/#\/schema\/logo\/image\/"},"sameAs":["https:\/\/www.facebook.com\/algarve7","https:\/\/x.com\/Algarvesete","https:\/\/www.instagram.com\/jornalalgarve7\/","https:\/\/www.linkedin.com\/company\/algarve7","https:\/\/www.pinterest.pt\/geral0939\/_created\/"]},{"@type":"Person","@id":"https:\/\/algarve7.pt\/#\/schema\/person\/23fa70681308e7b319a3204bcea45e0c","name":"Algarve 7","sameAs":["https:\/\/algarve7.pt","https:\/\/www.facebook.com\/algarve7"],"url":"https:\/\/algarve7.pt\/index.php\/author\/geralalgarve7-pt\/"}]}},"jetpack_publicize_connections":[],"jetpack_featured_media_url":"https:\/\/algarve7.pt\/wp-content\/uploads\/2023\/07\/NOTICIA_04_Ciclo-de-teatro-ar-livre_Silves.jpg","jetpack_shortlink":"https:\/\/wp.me\/pcezmW-7It","jetpack_sharing_enabled":true,"_links":{"self":[{"href":"https:\/\/algarve7.pt\/index.php\/wp-json\/wp\/v2\/posts\/29665","targetHints":{"allow":["GET"]}}],"collection":[{"href":"https:\/\/algarve7.pt\/index.php\/wp-json\/wp\/v2\/posts"}],"about":[{"href":"https:\/\/algarve7.pt\/index.php\/wp-json\/wp\/v2\/types\/post"}],"author":[{"embeddable":true,"href":"https:\/\/algarve7.pt\/index.php\/wp-json\/wp\/v2\/users\/1"}],"replies":[{"embeddable":true,"href":"https:\/\/algarve7.pt\/index.php\/wp-json\/wp\/v2\/comments?post=29665"}],"version-history":[{"count":0,"href":"https:\/\/algarve7.pt\/index.php\/wp-json\/wp\/v2\/posts\/29665\/revisions"}],"wp:featuredmedia":[{"embeddable":true,"href":"https:\/\/algarve7.pt\/index.php\/wp-json\/wp\/v2\/media\/29666"}],"wp:attachment":[{"href":"https:\/\/algarve7.pt\/index.php\/wp-json\/wp\/v2\/media?parent=29665"}],"wp:term":[{"taxonomy":"category","embeddable":true,"href":"https:\/\/algarve7.pt\/index.php\/wp-json\/wp\/v2\/categories?post=29665"},{"taxonomy":"post_tag","embeddable":true,"href":"https:\/\/algarve7.pt\/index.php\/wp-json\/wp\/v2\/tags?post=29665"}],"curies":[{"name":"wp","href":"https:\/\/api.w.org\/{rel}","templated":true}]}}