{"id":29648,"date":"2023-07-23T11:00:00","date_gmt":"2023-07-23T10:00:00","guid":{"rendered":"https:\/\/algarve7.pt\/?p=29648"},"modified":"2023-07-22T15:10:58","modified_gmt":"2023-07-22T14:10:58","slug":"sons-no-jardim-voltam-a-agitar-as-noites-de-vila-real-de-santo-antonio","status":"publish","type":"post","link":"https:\/\/algarve7.pt\/index.php\/2023\/07\/sons-no-jardim-voltam-a-agitar-as-noites-de-vila-real-de-santo-antonio\/cultura\/11\/00\/","title":{"rendered":"\u00abSons no Jardim\u00bb voltam a agitar as noites de Vila Real de Santo Ant\u00f3nio"},"content":{"rendered":"\n<p>O ciclo <strong>\u00abSons no Jardim\u00bb<\/strong> regressa a Vila Real de Santo Ant\u00f3nio e promete momentos inesquec\u00edveis no Jardim da Avenida da Rep\u00fablica (frente \u00e0 capitania), com duas noites de anima\u00e7\u00e3o, em julho e agosto.<\/p>\n\n\n\n<p>Com o rio Guadiana como cen\u00e1rio principal, a cidade vai transformar-se na melhor pista de dan\u00e7a ao ar livre, a partir das 22h00, ao som de <strong>Salto (29 de julho) e Bateu Matou (26 de agosto). <\/strong>A entrada \u00e9 livre.<\/p>\n\n\n\n<p><strong>Salto<\/strong><\/p>\n\n\n\n<p>Criada em 2007, a banda Salto \u00e9 composta por Guilherme Tom\u00e9 Ribeiro, Lu\u00eds Montenegro, Tito Rom\u00e3o e Filipe Louro, que adotaram desde logo um estilo muito pr\u00f3prio na forma de fazer m\u00fasica e de se apresentar em palco.<\/p>\n\n\n\n<p>Editaram o primeiro longa-dura\u00e7\u00e3o em 2012, com produ\u00e7\u00e3o de New Max, e j\u00e1 passaram por in\u00fameros festivais de renome como Nos Alive, Super Bock Super Rock, Meo Sudoeste, Vodafone MexeFest, Paredes de Coura ou Rock in Rio Lisboa.<\/p>\n\n\n\n<p><strong>Bateu Matou<\/strong><\/p>\n\n\n\n<p>Ivo Costa (Batida, Sara Tavares), Quim Albergaria (Paus) e Riot (Buraka Som Sistema) criaram os Bateu Matou, em 2018, assumindo-se como uma banda de baile com sonoridades pop, afro e dan\u00e7a, ao encontro de um pa\u00eds cada vez mais multicultural.<\/p>\n\n\n\n<p>\u00abChegou\u00bb, editado em 2021, \u00e9 o \u00e1lbum de estreia dos Bateu Matou que, desde ent\u00e3o, somam \u00eaxitos atr\u00e1s de \u00eaxitos, com direito a participa\u00e7\u00f5es nos maiores palcos de Portugal.<\/p>\n","protected":false},"excerpt":{"rendered":"<p>O ciclo \u00abSons no Jardim\u00bb regressa a Vila Real de Santo Ant\u00f3nio e promete momentos inesquec\u00edveis no Jardim da Avenida<\/p>\n","protected":false},"author":1,"featured_media":29649,"comment_status":"closed","ping_status":"open","sticky":false,"template":"","format":"standard","meta":{"colormag_page_container_layout":"default_layout","colormag_page_sidebar_layout":"default_layout","_monsterinsights_skip_tracking":false,"_monsterinsights_sitenote_active":false,"_monsterinsights_sitenote_note":"","_monsterinsights_sitenote_category":0,"jetpack_post_was_ever_published":false,"_jetpack_newsletter_access":"","_jetpack_dont_email_post_to_subs":false,"_jetpack_newsletter_tier_id":0,"_jetpack_memberships_contains_paywalled_content":false,"_jetpack_memberships_contains_paid_content":false,"footnotes":"","jetpack_publicize_message":"","jetpack_publicize_feature_enabled":true,"jetpack_social_post_already_shared":true,"jetpack_social_options":{"image_generator_settings":{"template":"highway","default_image_id":0,"font":"","enabled":false},"version":2}},"categories":[14],"tags":[36,52,35,1043,123],"class_list":["post-29648","post","type-post","status-publish","format-standard","has-post-thumbnail","hentry","category-cultura","tag-algarve","tag-concerto","tag-cultura","tag-sons-no-jardim","tag-vila-real-de-sto-antonio"],"yoast_head":"<!-- This site is optimized with the Yoast SEO plugin v27.5 - https:\/\/yoast.com\/product\/yoast-seo-wordpress\/ -->\n<title>\u00abSons no Jardim\u00bb voltam a agitar as noites de Vila Real de Santo Ant\u00f3nio - Algarve 7<\/title>\n<meta name=\"description\" content=\"\u00abSons no Jardim\u00bb voltam a agitar as noites de Vila Real de Santo Ant\u00f3nio Cultura\" \/>\n<meta name=\"robots\" content=\"index, follow, max-snippet:-1, max-image-preview:large, max-video-preview:-1\" \/>\n<link rel=\"canonical\" href=\"https:\/\/algarve7.pt\/index.php\/2023\/07\/sons-no-jardim-voltam-a-agitar-as-noites-de-vila-real-de-santo-antonio\/cultura\/11\/00\/\" \/>\n<meta property=\"og:locale\" content=\"pt_PT\" \/>\n<meta property=\"og:type\" content=\"article\" \/>\n<meta property=\"og:title\" content=\"\u00abSons no Jardim\u00bb voltam a agitar as noites de Vila Real de Santo Ant\u00f3nio - Algarve 7\" \/>\n<meta property=\"og:description\" content=\"\u00abSons no Jardim\u00bb voltam a agitar as noites de Vila Real de Santo Ant\u00f3nio Cultura\" \/>\n<meta property=\"og:url\" content=\"https:\/\/algarve7.pt\/index.php\/2023\/07\/sons-no-jardim-voltam-a-agitar-as-noites-de-vila-real-de-santo-antonio\/cultura\/11\/00\/\" \/>\n<meta property=\"og:site_name\" content=\"Algarve 7\" \/>\n<meta property=\"article:publisher\" content=\"https:\/\/www.facebook.com\/algarve7\" \/>\n<meta property=\"article:author\" content=\"https:\/\/www.facebook.com\/algarve7\" \/>\n<meta property=\"article:published_time\" content=\"2023-07-23T10:00:00+00:00\" \/>\n<meta property=\"og:image\" content=\"https:\/\/algarve7.pt\/wp-content\/uploads\/2023\/07\/Concerto-Bateu-Matou-Fest-Med-01-07-2023-76-1.jpg\" \/>\n\t<meta property=\"og:image:width\" content=\"1024\" \/>\n\t<meta property=\"og:image:height\" content=\"683\" \/>\n\t<meta property=\"og:image:type\" content=\"image\/jpeg\" \/>\n<meta name=\"author\" content=\"Algarve 7\" \/>\n<meta name=\"twitter:card\" content=\"summary_large_image\" \/>\n<meta name=\"twitter:creator\" content=\"@Algarvesete\" \/>\n<meta name=\"twitter:site\" content=\"@Algarvesete\" \/>\n<meta name=\"twitter:label1\" content=\"Escrito por\" \/>\n\t<meta name=\"twitter:data1\" content=\"Algarve 7\" \/>\n\t<meta name=\"twitter:label2\" content=\"Tempo estimado de leitura\" \/>\n\t<meta name=\"twitter:data2\" content=\"2 minutos\" \/>\n<script type=\"application\/ld+json\" class=\"yoast-schema-graph\">{\"@context\":\"https:\\\/\\\/schema.org\",\"@graph\":[{\"@type\":\"Article\",\"@id\":\"https:\\\/\\\/algarve7.pt\\\/index.php\\\/2023\\\/07\\\/sons-no-jardim-voltam-a-agitar-as-noites-de-vila-real-de-santo-antonio\\\/cultura\\\/11\\\/00\\\/#article\",\"isPartOf\":{\"@id\":\"https:\\\/\\\/algarve7.pt\\\/index.php\\\/2023\\\/07\\\/sons-no-jardim-voltam-a-agitar-as-noites-de-vila-real-de-santo-antonio\\\/cultura\\\/11\\\/00\\\/\"},\"author\":{\"name\":\"Algarve 7\",\"@id\":\"https:\\\/\\\/algarve7.pt\\\/#\\\/schema\\\/person\\\/23fa70681308e7b319a3204bcea45e0c\"},\"headline\":\"\u00abSons no Jardim\u00bb voltam a agitar as noites de Vila Real de Santo Ant\u00f3nio\",\"datePublished\":\"2023-07-23T10:00:00+00:00\",\"mainEntityOfPage\":{\"@id\":\"https:\\\/\\\/algarve7.pt\\\/index.php\\\/2023\\\/07\\\/sons-no-jardim-voltam-a-agitar-as-noites-de-vila-real-de-santo-antonio\\\/cultura\\\/11\\\/00\\\/\"},\"wordCount\":245,\"publisher\":{\"@id\":\"https:\\\/\\\/algarve7.pt\\\/#organization\"},\"image\":{\"@id\":\"https:\\\/\\\/algarve7.pt\\\/index.php\\\/2023\\\/07\\\/sons-no-jardim-voltam-a-agitar-as-noites-de-vila-real-de-santo-antonio\\\/cultura\\\/11\\\/00\\\/#primaryimage\"},\"thumbnailUrl\":\"https:\\\/\\\/algarve7.pt\\\/wp-content\\\/uploads\\\/2023\\\/07\\\/Concerto-Bateu-Matou-Fest-Med-01-07-2023-76-1.jpg\",\"keywords\":[\"Algarve\",\"Concerto\",\"Cultura\",\"Sons no Jardim\",\"Vila Real de St\u00ba Ant\u00f3nio\"],\"articleSection\":[\"Cultura\"],\"inLanguage\":\"pt-PT\"},{\"@type\":\"WebPage\",\"@id\":\"https:\\\/\\\/algarve7.pt\\\/index.php\\\/2023\\\/07\\\/sons-no-jardim-voltam-a-agitar-as-noites-de-vila-real-de-santo-antonio\\\/cultura\\\/11\\\/00\\\/\",\"url\":\"https:\\\/\\\/algarve7.pt\\\/index.php\\\/2023\\\/07\\\/sons-no-jardim-voltam-a-agitar-as-noites-de-vila-real-de-santo-antonio\\\/cultura\\\/11\\\/00\\\/\",\"name\":\"\u00abSons no Jardim\u00bb voltam a agitar as noites de Vila Real de Santo Ant\u00f3nio - Algarve 7\",\"isPartOf\":{\"@id\":\"https:\\\/\\\/algarve7.pt\\\/#website\"},\"primaryImageOfPage\":{\"@id\":\"https:\\\/\\\/algarve7.pt\\\/index.php\\\/2023\\\/07\\\/sons-no-jardim-voltam-a-agitar-as-noites-de-vila-real-de-santo-antonio\\\/cultura\\\/11\\\/00\\\/#primaryimage\"},\"image\":{\"@id\":\"https:\\\/\\\/algarve7.pt\\\/index.php\\\/2023\\\/07\\\/sons-no-jardim-voltam-a-agitar-as-noites-de-vila-real-de-santo-antonio\\\/cultura\\\/11\\\/00\\\/#primaryimage\"},\"thumbnailUrl\":\"https:\\\/\\\/algarve7.pt\\\/wp-content\\\/uploads\\\/2023\\\/07\\\/Concerto-Bateu-Matou-Fest-Med-01-07-2023-76-1.jpg\",\"datePublished\":\"2023-07-23T10:00:00+00:00\",\"description\":\"\u00abSons no Jardim\u00bb voltam a agitar as noites de Vila Real de Santo Ant\u00f3nio Cultura\",\"breadcrumb\":{\"@id\":\"https:\\\/\\\/algarve7.pt\\\/index.php\\\/2023\\\/07\\\/sons-no-jardim-voltam-a-agitar-as-noites-de-vila-real-de-santo-antonio\\\/cultura\\\/11\\\/00\\\/#breadcrumb\"},\"inLanguage\":\"pt-PT\",\"potentialAction\":[{\"@type\":\"ReadAction\",\"target\":[\"https:\\\/\\\/algarve7.pt\\\/index.php\\\/2023\\\/07\\\/sons-no-jardim-voltam-a-agitar-as-noites-de-vila-real-de-santo-antonio\\\/cultura\\\/11\\\/00\\\/\"]}]},{\"@type\":\"ImageObject\",\"inLanguage\":\"pt-PT\",\"@id\":\"https:\\\/\\\/algarve7.pt\\\/index.php\\\/2023\\\/07\\\/sons-no-jardim-voltam-a-agitar-as-noites-de-vila-real-de-santo-antonio\\\/cultura\\\/11\\\/00\\\/#primaryimage\",\"url\":\"https:\\\/\\\/algarve7.pt\\\/wp-content\\\/uploads\\\/2023\\\/07\\\/Concerto-Bateu-Matou-Fest-Med-01-07-2023-76-1.jpg\",\"contentUrl\":\"https:\\\/\\\/algarve7.pt\\\/wp-content\\\/uploads\\\/2023\\\/07\\\/Concerto-Bateu-Matou-Fest-Med-01-07-2023-76-1.jpg\",\"width\":1024,\"height\":683,\"caption\":\"Foto: Jorge Gomes - Click Time Photo\u00ae\u00a9\"},{\"@type\":\"BreadcrumbList\",\"@id\":\"https:\\\/\\\/algarve7.pt\\\/index.php\\\/2023\\\/07\\\/sons-no-jardim-voltam-a-agitar-as-noites-de-vila-real-de-santo-antonio\\\/cultura\\\/11\\\/00\\\/#breadcrumb\",\"itemListElement\":[{\"@type\":\"ListItem\",\"position\":1,\"name\":\"In\u00edcio\",\"item\":\"https:\\\/\\\/algarve7.pt\\\/\"},{\"@type\":\"ListItem\",\"position\":2,\"name\":\"\u00abSons no Jardim\u00bb voltam a agitar as noites de Vila Real de Santo Ant\u00f3nio\"}]},{\"@type\":\"WebSite\",\"@id\":\"https:\\\/\\\/algarve7.pt\\\/#website\",\"url\":\"https:\\\/\\\/algarve7.pt\\\/\",\"name\":\"Algarve 7\",\"description\":\"Informa\u00e7\u00e3o sobre o Algarve\",\"publisher\":{\"@id\":\"https:\\\/\\\/algarve7.pt\\\/#organization\"},\"potentialAction\":[{\"@type\":\"SearchAction\",\"target\":{\"@type\":\"EntryPoint\",\"urlTemplate\":\"https:\\\/\\\/algarve7.pt\\\/?s={search_term_string}\"},\"query-input\":{\"@type\":\"PropertyValueSpecification\",\"valueRequired\":true,\"valueName\":\"search_term_string\"}}],\"inLanguage\":\"pt-PT\"},{\"@type\":\"Organization\",\"@id\":\"https:\\\/\\\/algarve7.pt\\\/#organization\",\"name\":\"Algarve 7\",\"url\":\"https:\\\/\\\/algarve7.pt\\\/\",\"logo\":{\"@type\":\"ImageObject\",\"inLanguage\":\"pt-PT\",\"@id\":\"https:\\\/\\\/algarve7.pt\\\/#\\\/schema\\\/logo\\\/image\\\/\",\"url\":\"https:\\\/\\\/algarve7.pt\\\/wp-content\\\/uploads\\\/2020\\\/10\\\/Logo-8.jpg\",\"contentUrl\":\"https:\\\/\\\/algarve7.pt\\\/wp-content\\\/uploads\\\/2020\\\/10\\\/Logo-8.jpg\",\"width\":1680,\"height\":1186,\"caption\":\"Algarve 7\"},\"image\":{\"@id\":\"https:\\\/\\\/algarve7.pt\\\/#\\\/schema\\\/logo\\\/image\\\/\"},\"sameAs\":[\"https:\\\/\\\/www.facebook.com\\\/algarve7\",\"https:\\\/\\\/x.com\\\/Algarvesete\",\"https:\\\/\\\/www.instagram.com\\\/jornalalgarve7\\\/\",\"https:\\\/\\\/www.linkedin.com\\\/company\\\/algarve7\",\"https:\\\/\\\/www.pinterest.pt\\\/geral0939\\\/_created\\\/\"]},{\"@type\":\"Person\",\"@id\":\"https:\\\/\\\/algarve7.pt\\\/#\\\/schema\\\/person\\\/23fa70681308e7b319a3204bcea45e0c\",\"name\":\"Algarve 7\",\"sameAs\":[\"https:\\\/\\\/algarve7.pt\",\"https:\\\/\\\/www.facebook.com\\\/algarve7\"],\"url\":\"https:\\\/\\\/algarve7.pt\\\/index.php\\\/author\\\/geralalgarve7-pt\\\/\"}]}<\/script>\n<!-- \/ Yoast SEO plugin. -->","yoast_head_json":{"title":"\u00abSons no Jardim\u00bb voltam a agitar as noites de Vila Real de Santo Ant\u00f3nio - Algarve 7","description":"\u00abSons no Jardim\u00bb voltam a agitar as noites de Vila Real de Santo Ant\u00f3nio Cultura","robots":{"index":"index","follow":"follow","max-snippet":"max-snippet:-1","max-image-preview":"max-image-preview:large","max-video-preview":"max-video-preview:-1"},"canonical":"https:\/\/algarve7.pt\/index.php\/2023\/07\/sons-no-jardim-voltam-a-agitar-as-noites-de-vila-real-de-santo-antonio\/cultura\/11\/00\/","og_locale":"pt_PT","og_type":"article","og_title":"\u00abSons no Jardim\u00bb voltam a agitar as noites de Vila Real de Santo Ant\u00f3nio - Algarve 7","og_description":"\u00abSons no Jardim\u00bb voltam a agitar as noites de Vila Real de Santo Ant\u00f3nio Cultura","og_url":"https:\/\/algarve7.pt\/index.php\/2023\/07\/sons-no-jardim-voltam-a-agitar-as-noites-de-vila-real-de-santo-antonio\/cultura\/11\/00\/","og_site_name":"Algarve 7","article_publisher":"https:\/\/www.facebook.com\/algarve7","article_author":"https:\/\/www.facebook.com\/algarve7","article_published_time":"2023-07-23T10:00:00+00:00","og_image":[{"width":1024,"height":683,"url":"https:\/\/algarve7.pt\/wp-content\/uploads\/2023\/07\/Concerto-Bateu-Matou-Fest-Med-01-07-2023-76-1.jpg","type":"image\/jpeg"}],"author":"Algarve 7","twitter_card":"summary_large_image","twitter_creator":"@Algarvesete","twitter_site":"@Algarvesete","twitter_misc":{"Escrito por":"Algarve 7","Tempo estimado de leitura":"2 minutos"},"schema":{"@context":"https:\/\/schema.org","@graph":[{"@type":"Article","@id":"https:\/\/algarve7.pt\/index.php\/2023\/07\/sons-no-jardim-voltam-a-agitar-as-noites-de-vila-real-de-santo-antonio\/cultura\/11\/00\/#article","isPartOf":{"@id":"https:\/\/algarve7.pt\/index.php\/2023\/07\/sons-no-jardim-voltam-a-agitar-as-noites-de-vila-real-de-santo-antonio\/cultura\/11\/00\/"},"author":{"name":"Algarve 7","@id":"https:\/\/algarve7.pt\/#\/schema\/person\/23fa70681308e7b319a3204bcea45e0c"},"headline":"\u00abSons no Jardim\u00bb voltam a agitar as noites de Vila Real de Santo Ant\u00f3nio","datePublished":"2023-07-23T10:00:00+00:00","mainEntityOfPage":{"@id":"https:\/\/algarve7.pt\/index.php\/2023\/07\/sons-no-jardim-voltam-a-agitar-as-noites-de-vila-real-de-santo-antonio\/cultura\/11\/00\/"},"wordCount":245,"publisher":{"@id":"https:\/\/algarve7.pt\/#organization"},"image":{"@id":"https:\/\/algarve7.pt\/index.php\/2023\/07\/sons-no-jardim-voltam-a-agitar-as-noites-de-vila-real-de-santo-antonio\/cultura\/11\/00\/#primaryimage"},"thumbnailUrl":"https:\/\/algarve7.pt\/wp-content\/uploads\/2023\/07\/Concerto-Bateu-Matou-Fest-Med-01-07-2023-76-1.jpg","keywords":["Algarve","Concerto","Cultura","Sons no Jardim","Vila Real de St\u00ba Ant\u00f3nio"],"articleSection":["Cultura"],"inLanguage":"pt-PT"},{"@type":"WebPage","@id":"https:\/\/algarve7.pt\/index.php\/2023\/07\/sons-no-jardim-voltam-a-agitar-as-noites-de-vila-real-de-santo-antonio\/cultura\/11\/00\/","url":"https:\/\/algarve7.pt\/index.php\/2023\/07\/sons-no-jardim-voltam-a-agitar-as-noites-de-vila-real-de-santo-antonio\/cultura\/11\/00\/","name":"\u00abSons no Jardim\u00bb voltam a agitar as noites de Vila Real de Santo Ant\u00f3nio - Algarve 7","isPartOf":{"@id":"https:\/\/algarve7.pt\/#website"},"primaryImageOfPage":{"@id":"https:\/\/algarve7.pt\/index.php\/2023\/07\/sons-no-jardim-voltam-a-agitar-as-noites-de-vila-real-de-santo-antonio\/cultura\/11\/00\/#primaryimage"},"image":{"@id":"https:\/\/algarve7.pt\/index.php\/2023\/07\/sons-no-jardim-voltam-a-agitar-as-noites-de-vila-real-de-santo-antonio\/cultura\/11\/00\/#primaryimage"},"thumbnailUrl":"https:\/\/algarve7.pt\/wp-content\/uploads\/2023\/07\/Concerto-Bateu-Matou-Fest-Med-01-07-2023-76-1.jpg","datePublished":"2023-07-23T10:00:00+00:00","description":"\u00abSons no Jardim\u00bb voltam a agitar as noites de Vila Real de Santo Ant\u00f3nio Cultura","breadcrumb":{"@id":"https:\/\/algarve7.pt\/index.php\/2023\/07\/sons-no-jardim-voltam-a-agitar-as-noites-de-vila-real-de-santo-antonio\/cultura\/11\/00\/#breadcrumb"},"inLanguage":"pt-PT","potentialAction":[{"@type":"ReadAction","target":["https:\/\/algarve7.pt\/index.php\/2023\/07\/sons-no-jardim-voltam-a-agitar-as-noites-de-vila-real-de-santo-antonio\/cultura\/11\/00\/"]}]},{"@type":"ImageObject","inLanguage":"pt-PT","@id":"https:\/\/algarve7.pt\/index.php\/2023\/07\/sons-no-jardim-voltam-a-agitar-as-noites-de-vila-real-de-santo-antonio\/cultura\/11\/00\/#primaryimage","url":"https:\/\/algarve7.pt\/wp-content\/uploads\/2023\/07\/Concerto-Bateu-Matou-Fest-Med-01-07-2023-76-1.jpg","contentUrl":"https:\/\/algarve7.pt\/wp-content\/uploads\/2023\/07\/Concerto-Bateu-Matou-Fest-Med-01-07-2023-76-1.jpg","width":1024,"height":683,"caption":"Foto: Jorge Gomes - Click Time Photo\u00ae\u00a9"},{"@type":"BreadcrumbList","@id":"https:\/\/algarve7.pt\/index.php\/2023\/07\/sons-no-jardim-voltam-a-agitar-as-noites-de-vila-real-de-santo-antonio\/cultura\/11\/00\/#breadcrumb","itemListElement":[{"@type":"ListItem","position":1,"name":"In\u00edcio","item":"https:\/\/algarve7.pt\/"},{"@type":"ListItem","position":2,"name":"\u00abSons no Jardim\u00bb voltam a agitar as noites de Vila Real de Santo Ant\u00f3nio"}]},{"@type":"WebSite","@id":"https:\/\/algarve7.pt\/#website","url":"https:\/\/algarve7.pt\/","name":"Algarve 7","description":"Informa\u00e7\u00e3o sobre o Algarve","publisher":{"@id":"https:\/\/algarve7.pt\/#organization"},"potentialAction":[{"@type":"SearchAction","target":{"@type":"EntryPoint","urlTemplate":"https:\/\/algarve7.pt\/?s={search_term_string}"},"query-input":{"@type":"PropertyValueSpecification","valueRequired":true,"valueName":"search_term_string"}}],"inLanguage":"pt-PT"},{"@type":"Organization","@id":"https:\/\/algarve7.pt\/#organization","name":"Algarve 7","url":"https:\/\/algarve7.pt\/","logo":{"@type":"ImageObject","inLanguage":"pt-PT","@id":"https:\/\/algarve7.pt\/#\/schema\/logo\/image\/","url":"https:\/\/algarve7.pt\/wp-content\/uploads\/2020\/10\/Logo-8.jpg","contentUrl":"https:\/\/algarve7.pt\/wp-content\/uploads\/2020\/10\/Logo-8.jpg","width":1680,"height":1186,"caption":"Algarve 7"},"image":{"@id":"https:\/\/algarve7.pt\/#\/schema\/logo\/image\/"},"sameAs":["https:\/\/www.facebook.com\/algarve7","https:\/\/x.com\/Algarvesete","https:\/\/www.instagram.com\/jornalalgarve7\/","https:\/\/www.linkedin.com\/company\/algarve7","https:\/\/www.pinterest.pt\/geral0939\/_created\/"]},{"@type":"Person","@id":"https:\/\/algarve7.pt\/#\/schema\/person\/23fa70681308e7b319a3204bcea45e0c","name":"Algarve 7","sameAs":["https:\/\/algarve7.pt","https:\/\/www.facebook.com\/algarve7"],"url":"https:\/\/algarve7.pt\/index.php\/author\/geralalgarve7-pt\/"}]}},"jetpack_publicize_connections":[],"jetpack_featured_media_url":"https:\/\/algarve7.pt\/wp-content\/uploads\/2023\/07\/Concerto-Bateu-Matou-Fest-Med-01-07-2023-76-1.jpg","jetpack_shortlink":"https:\/\/wp.me\/pcezmW-7Ic","jetpack_sharing_enabled":true,"_links":{"self":[{"href":"https:\/\/algarve7.pt\/index.php\/wp-json\/wp\/v2\/posts\/29648","targetHints":{"allow":["GET"]}}],"collection":[{"href":"https:\/\/algarve7.pt\/index.php\/wp-json\/wp\/v2\/posts"}],"about":[{"href":"https:\/\/algarve7.pt\/index.php\/wp-json\/wp\/v2\/types\/post"}],"author":[{"embeddable":true,"href":"https:\/\/algarve7.pt\/index.php\/wp-json\/wp\/v2\/users\/1"}],"replies":[{"embeddable":true,"href":"https:\/\/algarve7.pt\/index.php\/wp-json\/wp\/v2\/comments?post=29648"}],"version-history":[{"count":0,"href":"https:\/\/algarve7.pt\/index.php\/wp-json\/wp\/v2\/posts\/29648\/revisions"}],"wp:featuredmedia":[{"embeddable":true,"href":"https:\/\/algarve7.pt\/index.php\/wp-json\/wp\/v2\/media\/29649"}],"wp:attachment":[{"href":"https:\/\/algarve7.pt\/index.php\/wp-json\/wp\/v2\/media?parent=29648"}],"wp:term":[{"taxonomy":"category","embeddable":true,"href":"https:\/\/algarve7.pt\/index.php\/wp-json\/wp\/v2\/categories?post=29648"},{"taxonomy":"post_tag","embeddable":true,"href":"https:\/\/algarve7.pt\/index.php\/wp-json\/wp\/v2\/tags?post=29648"}],"curies":[{"name":"wp","href":"https:\/\/api.w.org\/{rel}","templated":true}]}}