{"id":29639,"date":"2023-07-22T14:51:23","date_gmt":"2023-07-22T13:51:23","guid":{"rendered":"https:\/\/algarve7.pt\/?p=29639"},"modified":"2023-07-22T14:51:26","modified_gmt":"2023-07-22T13:51:26","slug":"a-s-roma-de-jose-mourinho-volta-a-estagiar-em-albufeira","status":"publish","type":"post","link":"https:\/\/algarve7.pt\/index.php\/2023\/07\/a-s-roma-de-jose-mourinho-volta-a-estagiar-em-albufeira\/desporto\/14\/51\/","title":{"rendered":"A.S. Roma de Jos\u00e9 Mourinho volta a estagiar em Albufeira"},"content":{"rendered":"\n<p>Jos\u00e9 Mourinho est\u00e1 de regresso a Albufeira, de 23 de julho a 2 de agosto, a fim de comandar os atletas do A.S. Roma num jogo amig\u00e1vel frente ao S.C. Braga. Trata-se do in\u00edcio do \u201cAlbufeira Summer Cup\u201923\u201d, uma competi\u00e7\u00e3o de car\u00e1ter amistoso que se realiza em Albufeira desde 2012 entre equipas nacionais e internacionais. O AS Roma vai defrontar o S.C. Braga na pr\u00f3xima quarta-feira, dia 26 de julho, \u00e0s 20h00 e os bilhetes j\u00e1 podem ser adquiridos atrav\u00e9s da Blueticket.pt, ou no dia do jogo, na bilheteira do Est\u00e1dio, a partir das 17h00. A vinda da comitiva italiana conta com a presen\u00e7a de dezenas de elementos, nomeadamente, jogadores, equipa t\u00e9cnica, m\u00e9dica, roupeiros e dirigentes, e ainda, imprensa nacional e italiana.<\/p>\n\n\n\n<p>Jos\u00e9 Carlos Rolo, presidente da C\u00e2mara Municipal de Albufeira, refere que \u201cesta \u00e9 uma iniciativa que tem um impacto muito grande na divulga\u00e7\u00e3o da marca Albufeira e que vem refor\u00e7ar aquela que ser\u00e1 a nossa candidatura a Cidade Europeia do Desporto 2026\u201d. \u201cDe referir tamb\u00e9m que, este \u00e9 um evento estrat\u00e9gico para o nosso turismo, reafirmando as nossas infraestruturas e os espa\u00e7os desportivos que dispomos para os atletas\u201d.<\/p>\n\n\n\n<p>Cristiano Cabrita, vice-presidente da autarquia e respons\u00e1vel pelo pelouro do Desporto, salienta que \u201co Albufeira Summer Cup \u00e9 um evento importante para o panorama desportivo nacional e internacional, \u00e9 um motivo muito grato de encontro de adeptos de futebol e traduz-se numa mais valia para a economia local, pois gera uma receita assinal\u00e1vel, especialmente ao n\u00edvel da hotelaria e da restaura\u00e7\u00e3o e bebidas. De resto, temos as condi\u00e7\u00f5es ideais para fazer deste g\u00e9nero de competi\u00e7\u00f5es uma experi\u00eancia memor\u00e1vel dada toda a oferta de lazer que tamb\u00e9m comporta para as equipas, seus familiares e adeptos\u201d.<\/p>\n\n\n\n<p>Os outros dois jogos do Albufeira Summer Cup\u201923 est\u00e3o agendados para os dias 29 de julho e 2 de agosto, com advers\u00e1rios ainda por definir.<\/p>\n","protected":false},"excerpt":{"rendered":"<p>Jos\u00e9 Mourinho est\u00e1 de regresso a Albufeira, de 23 de julho a 2 de agosto, a fim de comandar os<\/p>\n","protected":false},"author":1,"featured_media":29640,"comment_status":"closed","ping_status":"open","sticky":false,"template":"","format":"standard","meta":{"colormag_page_container_layout":"default_layout","colormag_page_sidebar_layout":"default_layout","_monsterinsights_skip_tracking":false,"_monsterinsights_sitenote_active":false,"_monsterinsights_sitenote_note":"","_monsterinsights_sitenote_category":0,"jetpack_post_was_ever_published":false,"_jetpack_newsletter_access":"","_jetpack_dont_email_post_to_subs":false,"_jetpack_newsletter_tier_id":0,"_jetpack_memberships_contains_paywalled_content":false,"_jetpack_memberships_contains_paid_content":false,"footnotes":"","jetpack_publicize_message":"","jetpack_publicize_feature_enabled":true,"jetpack_social_post_already_shared":true,"jetpack_social_options":{"image_generator_settings":{"template":"highway","default_image_id":0,"font":"","enabled":false},"version":2}},"categories":[15],"tags":[155,36,40,77,798],"class_list":["post-29639","post","type-post","status-publish","format-standard","has-post-thumbnail","hentry","category-desporto","tag-albufeira","tag-algarve","tag-desporto","tag-futebol","tag-jose-mourinho"],"yoast_head":"<!-- This site is optimized with the Yoast SEO plugin v27.5 - https:\/\/yoast.com\/product\/yoast-seo-wordpress\/ -->\n<title>A.S. Roma de Jos\u00e9 Mourinho volta a estagiar em Albufeira - Algarve 7<\/title>\n<meta name=\"description\" content=\"A.S. Roma de Jos\u00e9 Mourinho volta a estagiar em Albufeira Desporto\" \/>\n<meta name=\"robots\" content=\"index, follow, max-snippet:-1, max-image-preview:large, max-video-preview:-1\" \/>\n<link rel=\"canonical\" href=\"https:\/\/algarve7.pt\/index.php\/2023\/07\/a-s-roma-de-jose-mourinho-volta-a-estagiar-em-albufeira\/desporto\/14\/51\/\" \/>\n<meta property=\"og:locale\" content=\"pt_PT\" \/>\n<meta property=\"og:type\" content=\"article\" \/>\n<meta property=\"og:title\" content=\"A.S. Roma de Jos\u00e9 Mourinho volta a estagiar em Albufeira - Algarve 7\" \/>\n<meta property=\"og:description\" content=\"A.S. Roma de Jos\u00e9 Mourinho volta a estagiar em Albufeira Desporto\" \/>\n<meta property=\"og:url\" content=\"https:\/\/algarve7.pt\/index.php\/2023\/07\/a-s-roma-de-jose-mourinho-volta-a-estagiar-em-albufeira\/desporto\/14\/51\/\" \/>\n<meta property=\"og:site_name\" content=\"Algarve 7\" \/>\n<meta property=\"article:publisher\" content=\"https:\/\/www.facebook.com\/algarve7\" \/>\n<meta property=\"article:author\" content=\"https:\/\/www.facebook.com\/algarve7\" \/>\n<meta property=\"article:published_time\" content=\"2023-07-22T13:51:23+00:00\" \/>\n<meta property=\"article:modified_time\" content=\"2023-07-22T13:51:26+00:00\" \/>\n<meta property=\"og:image\" content=\"https:\/\/algarve7.pt\/wp-content\/uploads\/2023\/07\/AS-ROMA-26-de-julho-Albufeira.jpg\" \/>\n\t<meta property=\"og:image:width\" content=\"1000\" \/>\n\t<meta property=\"og:image:height\" content=\"666\" \/>\n\t<meta property=\"og:image:type\" content=\"image\/jpeg\" \/>\n<meta name=\"author\" content=\"Algarve 7\" \/>\n<meta name=\"twitter:card\" content=\"summary_large_image\" \/>\n<meta name=\"twitter:creator\" content=\"@Algarvesete\" \/>\n<meta name=\"twitter:site\" content=\"@Algarvesete\" \/>\n<meta name=\"twitter:label1\" content=\"Escrito por\" \/>\n\t<meta name=\"twitter:data1\" content=\"Algarve 7\" \/>\n\t<meta name=\"twitter:label2\" content=\"Tempo estimado de leitura\" \/>\n\t<meta name=\"twitter:data2\" content=\"2 minutos\" \/>\n<script type=\"application\/ld+json\" class=\"yoast-schema-graph\">{\"@context\":\"https:\\\/\\\/schema.org\",\"@graph\":[{\"@type\":\"Article\",\"@id\":\"https:\\\/\\\/algarve7.pt\\\/index.php\\\/2023\\\/07\\\/a-s-roma-de-jose-mourinho-volta-a-estagiar-em-albufeira\\\/desporto\\\/14\\\/51\\\/#article\",\"isPartOf\":{\"@id\":\"https:\\\/\\\/algarve7.pt\\\/index.php\\\/2023\\\/07\\\/a-s-roma-de-jose-mourinho-volta-a-estagiar-em-albufeira\\\/desporto\\\/14\\\/51\\\/\"},\"author\":{\"name\":\"Algarve 7\",\"@id\":\"https:\\\/\\\/algarve7.pt\\\/#\\\/schema\\\/person\\\/23fa70681308e7b319a3204bcea45e0c\"},\"headline\":\"A.S. Roma de Jos\u00e9 Mourinho volta a estagiar em Albufeira\",\"datePublished\":\"2023-07-22T13:51:23+00:00\",\"dateModified\":\"2023-07-22T13:51:26+00:00\",\"mainEntityOfPage\":{\"@id\":\"https:\\\/\\\/algarve7.pt\\\/index.php\\\/2023\\\/07\\\/a-s-roma-de-jose-mourinho-volta-a-estagiar-em-albufeira\\\/desporto\\\/14\\\/51\\\/\"},\"wordCount\":341,\"publisher\":{\"@id\":\"https:\\\/\\\/algarve7.pt\\\/#organization\"},\"image\":{\"@id\":\"https:\\\/\\\/algarve7.pt\\\/index.php\\\/2023\\\/07\\\/a-s-roma-de-jose-mourinho-volta-a-estagiar-em-albufeira\\\/desporto\\\/14\\\/51\\\/#primaryimage\"},\"thumbnailUrl\":\"https:\\\/\\\/algarve7.pt\\\/wp-content\\\/uploads\\\/2023\\\/07\\\/AS-ROMA-26-de-julho-Albufeira.jpg\",\"keywords\":[\"Albufeira\",\"Algarve\",\"Desporto\",\"Futebol\",\"Jos\u00e9 Mourinho\"],\"articleSection\":[\"Desporto\"],\"inLanguage\":\"pt-PT\"},{\"@type\":\"WebPage\",\"@id\":\"https:\\\/\\\/algarve7.pt\\\/index.php\\\/2023\\\/07\\\/a-s-roma-de-jose-mourinho-volta-a-estagiar-em-albufeira\\\/desporto\\\/14\\\/51\\\/\",\"url\":\"https:\\\/\\\/algarve7.pt\\\/index.php\\\/2023\\\/07\\\/a-s-roma-de-jose-mourinho-volta-a-estagiar-em-albufeira\\\/desporto\\\/14\\\/51\\\/\",\"name\":\"A.S. Roma de Jos\u00e9 Mourinho volta a estagiar em Albufeira - Algarve 7\",\"isPartOf\":{\"@id\":\"https:\\\/\\\/algarve7.pt\\\/#website\"},\"primaryImageOfPage\":{\"@id\":\"https:\\\/\\\/algarve7.pt\\\/index.php\\\/2023\\\/07\\\/a-s-roma-de-jose-mourinho-volta-a-estagiar-em-albufeira\\\/desporto\\\/14\\\/51\\\/#primaryimage\"},\"image\":{\"@id\":\"https:\\\/\\\/algarve7.pt\\\/index.php\\\/2023\\\/07\\\/a-s-roma-de-jose-mourinho-volta-a-estagiar-em-albufeira\\\/desporto\\\/14\\\/51\\\/#primaryimage\"},\"thumbnailUrl\":\"https:\\\/\\\/algarve7.pt\\\/wp-content\\\/uploads\\\/2023\\\/07\\\/AS-ROMA-26-de-julho-Albufeira.jpg\",\"datePublished\":\"2023-07-22T13:51:23+00:00\",\"dateModified\":\"2023-07-22T13:51:26+00:00\",\"description\":\"A.S. Roma de Jos\u00e9 Mourinho volta a estagiar em Albufeira Desporto\",\"breadcrumb\":{\"@id\":\"https:\\\/\\\/algarve7.pt\\\/index.php\\\/2023\\\/07\\\/a-s-roma-de-jose-mourinho-volta-a-estagiar-em-albufeira\\\/desporto\\\/14\\\/51\\\/#breadcrumb\"},\"inLanguage\":\"pt-PT\",\"potentialAction\":[{\"@type\":\"ReadAction\",\"target\":[\"https:\\\/\\\/algarve7.pt\\\/index.php\\\/2023\\\/07\\\/a-s-roma-de-jose-mourinho-volta-a-estagiar-em-albufeira\\\/desporto\\\/14\\\/51\\\/\"]}]},{\"@type\":\"ImageObject\",\"inLanguage\":\"pt-PT\",\"@id\":\"https:\\\/\\\/algarve7.pt\\\/index.php\\\/2023\\\/07\\\/a-s-roma-de-jose-mourinho-volta-a-estagiar-em-albufeira\\\/desporto\\\/14\\\/51\\\/#primaryimage\",\"url\":\"https:\\\/\\\/algarve7.pt\\\/wp-content\\\/uploads\\\/2023\\\/07\\\/AS-ROMA-26-de-julho-Albufeira.jpg\",\"contentUrl\":\"https:\\\/\\\/algarve7.pt\\\/wp-content\\\/uploads\\\/2023\\\/07\\\/AS-ROMA-26-de-julho-Albufeira.jpg\",\"width\":1000,\"height\":666},{\"@type\":\"BreadcrumbList\",\"@id\":\"https:\\\/\\\/algarve7.pt\\\/index.php\\\/2023\\\/07\\\/a-s-roma-de-jose-mourinho-volta-a-estagiar-em-albufeira\\\/desporto\\\/14\\\/51\\\/#breadcrumb\",\"itemListElement\":[{\"@type\":\"ListItem\",\"position\":1,\"name\":\"In\u00edcio\",\"item\":\"https:\\\/\\\/algarve7.pt\\\/\"},{\"@type\":\"ListItem\",\"position\":2,\"name\":\"A.S. Roma de Jos\u00e9 Mourinho volta a estagiar em Albufeira\"}]},{\"@type\":\"WebSite\",\"@id\":\"https:\\\/\\\/algarve7.pt\\\/#website\",\"url\":\"https:\\\/\\\/algarve7.pt\\\/\",\"name\":\"Algarve 7\",\"description\":\"Informa\u00e7\u00e3o sobre o Algarve\",\"publisher\":{\"@id\":\"https:\\\/\\\/algarve7.pt\\\/#organization\"},\"potentialAction\":[{\"@type\":\"SearchAction\",\"target\":{\"@type\":\"EntryPoint\",\"urlTemplate\":\"https:\\\/\\\/algarve7.pt\\\/?s={search_term_string}\"},\"query-input\":{\"@type\":\"PropertyValueSpecification\",\"valueRequired\":true,\"valueName\":\"search_term_string\"}}],\"inLanguage\":\"pt-PT\"},{\"@type\":\"Organization\",\"@id\":\"https:\\\/\\\/algarve7.pt\\\/#organization\",\"name\":\"Algarve 7\",\"url\":\"https:\\\/\\\/algarve7.pt\\\/\",\"logo\":{\"@type\":\"ImageObject\",\"inLanguage\":\"pt-PT\",\"@id\":\"https:\\\/\\\/algarve7.pt\\\/#\\\/schema\\\/logo\\\/image\\\/\",\"url\":\"https:\\\/\\\/algarve7.pt\\\/wp-content\\\/uploads\\\/2020\\\/10\\\/Logo-8.jpg\",\"contentUrl\":\"https:\\\/\\\/algarve7.pt\\\/wp-content\\\/uploads\\\/2020\\\/10\\\/Logo-8.jpg\",\"width\":1680,\"height\":1186,\"caption\":\"Algarve 7\"},\"image\":{\"@id\":\"https:\\\/\\\/algarve7.pt\\\/#\\\/schema\\\/logo\\\/image\\\/\"},\"sameAs\":[\"https:\\\/\\\/www.facebook.com\\\/algarve7\",\"https:\\\/\\\/x.com\\\/Algarvesete\",\"https:\\\/\\\/www.instagram.com\\\/jornalalgarve7\\\/\",\"https:\\\/\\\/www.linkedin.com\\\/company\\\/algarve7\",\"https:\\\/\\\/www.pinterest.pt\\\/geral0939\\\/_created\\\/\"]},{\"@type\":\"Person\",\"@id\":\"https:\\\/\\\/algarve7.pt\\\/#\\\/schema\\\/person\\\/23fa70681308e7b319a3204bcea45e0c\",\"name\":\"Algarve 7\",\"sameAs\":[\"https:\\\/\\\/algarve7.pt\",\"https:\\\/\\\/www.facebook.com\\\/algarve7\"],\"url\":\"https:\\\/\\\/algarve7.pt\\\/index.php\\\/author\\\/geralalgarve7-pt\\\/\"}]}<\/script>\n<!-- \/ Yoast SEO plugin. -->","yoast_head_json":{"title":"A.S. Roma de Jos\u00e9 Mourinho volta a estagiar em Albufeira - Algarve 7","description":"A.S. Roma de Jos\u00e9 Mourinho volta a estagiar em Albufeira Desporto","robots":{"index":"index","follow":"follow","max-snippet":"max-snippet:-1","max-image-preview":"max-image-preview:large","max-video-preview":"max-video-preview:-1"},"canonical":"https:\/\/algarve7.pt\/index.php\/2023\/07\/a-s-roma-de-jose-mourinho-volta-a-estagiar-em-albufeira\/desporto\/14\/51\/","og_locale":"pt_PT","og_type":"article","og_title":"A.S. Roma de Jos\u00e9 Mourinho volta a estagiar em Albufeira - Algarve 7","og_description":"A.S. Roma de Jos\u00e9 Mourinho volta a estagiar em Albufeira Desporto","og_url":"https:\/\/algarve7.pt\/index.php\/2023\/07\/a-s-roma-de-jose-mourinho-volta-a-estagiar-em-albufeira\/desporto\/14\/51\/","og_site_name":"Algarve 7","article_publisher":"https:\/\/www.facebook.com\/algarve7","article_author":"https:\/\/www.facebook.com\/algarve7","article_published_time":"2023-07-22T13:51:23+00:00","article_modified_time":"2023-07-22T13:51:26+00:00","og_image":[{"width":1000,"height":666,"url":"https:\/\/algarve7.pt\/wp-content\/uploads\/2023\/07\/AS-ROMA-26-de-julho-Albufeira.jpg","type":"image\/jpeg"}],"author":"Algarve 7","twitter_card":"summary_large_image","twitter_creator":"@Algarvesete","twitter_site":"@Algarvesete","twitter_misc":{"Escrito por":"Algarve 7","Tempo estimado de leitura":"2 minutos"},"schema":{"@context":"https:\/\/schema.org","@graph":[{"@type":"Article","@id":"https:\/\/algarve7.pt\/index.php\/2023\/07\/a-s-roma-de-jose-mourinho-volta-a-estagiar-em-albufeira\/desporto\/14\/51\/#article","isPartOf":{"@id":"https:\/\/algarve7.pt\/index.php\/2023\/07\/a-s-roma-de-jose-mourinho-volta-a-estagiar-em-albufeira\/desporto\/14\/51\/"},"author":{"name":"Algarve 7","@id":"https:\/\/algarve7.pt\/#\/schema\/person\/23fa70681308e7b319a3204bcea45e0c"},"headline":"A.S. Roma de Jos\u00e9 Mourinho volta a estagiar em Albufeira","datePublished":"2023-07-22T13:51:23+00:00","dateModified":"2023-07-22T13:51:26+00:00","mainEntityOfPage":{"@id":"https:\/\/algarve7.pt\/index.php\/2023\/07\/a-s-roma-de-jose-mourinho-volta-a-estagiar-em-albufeira\/desporto\/14\/51\/"},"wordCount":341,"publisher":{"@id":"https:\/\/algarve7.pt\/#organization"},"image":{"@id":"https:\/\/algarve7.pt\/index.php\/2023\/07\/a-s-roma-de-jose-mourinho-volta-a-estagiar-em-albufeira\/desporto\/14\/51\/#primaryimage"},"thumbnailUrl":"https:\/\/algarve7.pt\/wp-content\/uploads\/2023\/07\/AS-ROMA-26-de-julho-Albufeira.jpg","keywords":["Albufeira","Algarve","Desporto","Futebol","Jos\u00e9 Mourinho"],"articleSection":["Desporto"],"inLanguage":"pt-PT"},{"@type":"WebPage","@id":"https:\/\/algarve7.pt\/index.php\/2023\/07\/a-s-roma-de-jose-mourinho-volta-a-estagiar-em-albufeira\/desporto\/14\/51\/","url":"https:\/\/algarve7.pt\/index.php\/2023\/07\/a-s-roma-de-jose-mourinho-volta-a-estagiar-em-albufeira\/desporto\/14\/51\/","name":"A.S. Roma de Jos\u00e9 Mourinho volta a estagiar em Albufeira - Algarve 7","isPartOf":{"@id":"https:\/\/algarve7.pt\/#website"},"primaryImageOfPage":{"@id":"https:\/\/algarve7.pt\/index.php\/2023\/07\/a-s-roma-de-jose-mourinho-volta-a-estagiar-em-albufeira\/desporto\/14\/51\/#primaryimage"},"image":{"@id":"https:\/\/algarve7.pt\/index.php\/2023\/07\/a-s-roma-de-jose-mourinho-volta-a-estagiar-em-albufeira\/desporto\/14\/51\/#primaryimage"},"thumbnailUrl":"https:\/\/algarve7.pt\/wp-content\/uploads\/2023\/07\/AS-ROMA-26-de-julho-Albufeira.jpg","datePublished":"2023-07-22T13:51:23+00:00","dateModified":"2023-07-22T13:51:26+00:00","description":"A.S. Roma de Jos\u00e9 Mourinho volta a estagiar em Albufeira Desporto","breadcrumb":{"@id":"https:\/\/algarve7.pt\/index.php\/2023\/07\/a-s-roma-de-jose-mourinho-volta-a-estagiar-em-albufeira\/desporto\/14\/51\/#breadcrumb"},"inLanguage":"pt-PT","potentialAction":[{"@type":"ReadAction","target":["https:\/\/algarve7.pt\/index.php\/2023\/07\/a-s-roma-de-jose-mourinho-volta-a-estagiar-em-albufeira\/desporto\/14\/51\/"]}]},{"@type":"ImageObject","inLanguage":"pt-PT","@id":"https:\/\/algarve7.pt\/index.php\/2023\/07\/a-s-roma-de-jose-mourinho-volta-a-estagiar-em-albufeira\/desporto\/14\/51\/#primaryimage","url":"https:\/\/algarve7.pt\/wp-content\/uploads\/2023\/07\/AS-ROMA-26-de-julho-Albufeira.jpg","contentUrl":"https:\/\/algarve7.pt\/wp-content\/uploads\/2023\/07\/AS-ROMA-26-de-julho-Albufeira.jpg","width":1000,"height":666},{"@type":"BreadcrumbList","@id":"https:\/\/algarve7.pt\/index.php\/2023\/07\/a-s-roma-de-jose-mourinho-volta-a-estagiar-em-albufeira\/desporto\/14\/51\/#breadcrumb","itemListElement":[{"@type":"ListItem","position":1,"name":"In\u00edcio","item":"https:\/\/algarve7.pt\/"},{"@type":"ListItem","position":2,"name":"A.S. Roma de Jos\u00e9 Mourinho volta a estagiar em Albufeira"}]},{"@type":"WebSite","@id":"https:\/\/algarve7.pt\/#website","url":"https:\/\/algarve7.pt\/","name":"Algarve 7","description":"Informa\u00e7\u00e3o sobre o Algarve","publisher":{"@id":"https:\/\/algarve7.pt\/#organization"},"potentialAction":[{"@type":"SearchAction","target":{"@type":"EntryPoint","urlTemplate":"https:\/\/algarve7.pt\/?s={search_term_string}"},"query-input":{"@type":"PropertyValueSpecification","valueRequired":true,"valueName":"search_term_string"}}],"inLanguage":"pt-PT"},{"@type":"Organization","@id":"https:\/\/algarve7.pt\/#organization","name":"Algarve 7","url":"https:\/\/algarve7.pt\/","logo":{"@type":"ImageObject","inLanguage":"pt-PT","@id":"https:\/\/algarve7.pt\/#\/schema\/logo\/image\/","url":"https:\/\/algarve7.pt\/wp-content\/uploads\/2020\/10\/Logo-8.jpg","contentUrl":"https:\/\/algarve7.pt\/wp-content\/uploads\/2020\/10\/Logo-8.jpg","width":1680,"height":1186,"caption":"Algarve 7"},"image":{"@id":"https:\/\/algarve7.pt\/#\/schema\/logo\/image\/"},"sameAs":["https:\/\/www.facebook.com\/algarve7","https:\/\/x.com\/Algarvesete","https:\/\/www.instagram.com\/jornalalgarve7\/","https:\/\/www.linkedin.com\/company\/algarve7","https:\/\/www.pinterest.pt\/geral0939\/_created\/"]},{"@type":"Person","@id":"https:\/\/algarve7.pt\/#\/schema\/person\/23fa70681308e7b319a3204bcea45e0c","name":"Algarve 7","sameAs":["https:\/\/algarve7.pt","https:\/\/www.facebook.com\/algarve7"],"url":"https:\/\/algarve7.pt\/index.php\/author\/geralalgarve7-pt\/"}]}},"jetpack_publicize_connections":[],"jetpack_featured_media_url":"https:\/\/algarve7.pt\/wp-content\/uploads\/2023\/07\/AS-ROMA-26-de-julho-Albufeira.jpg","jetpack_shortlink":"https:\/\/wp.me\/pcezmW-7I3","jetpack_sharing_enabled":true,"_links":{"self":[{"href":"https:\/\/algarve7.pt\/index.php\/wp-json\/wp\/v2\/posts\/29639","targetHints":{"allow":["GET"]}}],"collection":[{"href":"https:\/\/algarve7.pt\/index.php\/wp-json\/wp\/v2\/posts"}],"about":[{"href":"https:\/\/algarve7.pt\/index.php\/wp-json\/wp\/v2\/types\/post"}],"author":[{"embeddable":true,"href":"https:\/\/algarve7.pt\/index.php\/wp-json\/wp\/v2\/users\/1"}],"replies":[{"embeddable":true,"href":"https:\/\/algarve7.pt\/index.php\/wp-json\/wp\/v2\/comments?post=29639"}],"version-history":[{"count":0,"href":"https:\/\/algarve7.pt\/index.php\/wp-json\/wp\/v2\/posts\/29639\/revisions"}],"wp:featuredmedia":[{"embeddable":true,"href":"https:\/\/algarve7.pt\/index.php\/wp-json\/wp\/v2\/media\/29640"}],"wp:attachment":[{"href":"https:\/\/algarve7.pt\/index.php\/wp-json\/wp\/v2\/media?parent=29639"}],"wp:term":[{"taxonomy":"category","embeddable":true,"href":"https:\/\/algarve7.pt\/index.php\/wp-json\/wp\/v2\/categories?post=29639"},{"taxonomy":"post_tag","embeddable":true,"href":"https:\/\/algarve7.pt\/index.php\/wp-json\/wp\/v2\/tags?post=29639"}],"curies":[{"name":"wp","href":"https:\/\/api.w.org\/{rel}","templated":true}]}}