{"id":29597,"date":"2023-07-20T09:30:00","date_gmt":"2023-07-20T08:30:00","guid":{"rendered":"https:\/\/algarve7.pt\/?p=29597"},"modified":"2023-07-20T09:17:22","modified_gmt":"2023-07-20T08:17:22","slug":"festival-do-marisco-2023-ja-tem-bilhetes-a-venda","status":"publish","type":"post","link":"https:\/\/algarve7.pt\/index.php\/2023\/07\/festival-do-marisco-2023-ja-tem-bilhetes-a-venda\/atualidade\/09\/30\/","title":{"rendered":"Festival do Marisco 2023 j\u00e1 tem bilhetes \u00e0 venda"},"content":{"rendered":"\n<p>O Festival do Marisco est\u00e1 de regresso a Olh\u00e3o j\u00e1 no pr\u00f3ximo m\u00eas de agosto, entre os dias 10 e 14. O evento gastron\u00f3mico a sul do pa\u00eds, como habitualmente, decorre no Jardim Pescador Olhanense, com vista para a Ria Formosa.<\/p>\n\n\n\n<p>O certame abre a 10 de agosto com a atua\u00e7\u00e3o de David Carreira, seguindo-se Tributo a Tina Turner (11), B\u00e1rbara Bandeira (12), Wet Bed Gang (13) e a fechar Vitor Kley, a 14 de agosto.<\/p>\n\n\n\n<p>Os bilhetes de um dos maiores festivais a sul do Tejo, j\u00e1 se encontram \u00e0 venda no site da Ticketline e sua rede de distribui\u00e7\u00e3o. Com entradas di\u00e1rias a 10\u20ac, as crian\u00e7as entre os sete e os 12 anos pagam 5\u20ac. At\u00e9 aos seis anos, desde que acompanhadas por um adulto, o acesso \u00e9 gratuito.<\/p>\n\n\n\n<p>O ingresso para os cinco dias do evento, dispon\u00edvel apenas atrav\u00e9s da compra online antecipada, fica-se pelos 45\u20ac (22,50\u20ac para os mais novos).<\/p>\n\n\n\n<p>Para quem preferir adquirir no pr\u00f3prio dia, as bilheteiras est\u00e3o abertas como usualmente.<\/p>\n","protected":false},"excerpt":{"rendered":"<p>O Festival do Marisco est\u00e1 de regresso a Olh\u00e3o j\u00e1 no pr\u00f3ximo m\u00eas de agosto, entre os dias 10 e<\/p>\n","protected":false},"author":1,"featured_media":29598,"comment_status":"closed","ping_status":"open","sticky":false,"template":"","format":"standard","meta":{"colormag_page_container_layout":"default_layout","colormag_page_sidebar_layout":"default_layout","_monsterinsights_skip_tracking":false,"_monsterinsights_sitenote_active":false,"_monsterinsights_sitenote_note":"","_monsterinsights_sitenote_category":0,"jetpack_post_was_ever_published":false,"_jetpack_newsletter_access":"","_jetpack_dont_email_post_to_subs":false,"_jetpack_newsletter_tier_id":0,"_jetpack_memberships_contains_paywalled_content":false,"_jetpack_memberships_contains_paid_content":false,"footnotes":"","jetpack_publicize_message":"","jetpack_publicize_feature_enabled":true,"jetpack_social_post_already_shared":true,"jetpack_social_options":{"image_generator_settings":{"template":"highway","default_image_id":0,"font":"","enabled":false},"version":2}},"categories":[11],"tags":[36,62,71,1011,37],"class_list":["post-29597","post","type-post","status-publish","format-standard","has-post-thumbnail","hentry","category-atualidade","tag-algarve","tag-atualidade","tag-festival","tag-festival-do-marisco","tag-olhao"],"yoast_head":"<!-- This site is optimized with the Yoast SEO plugin v27.4 - https:\/\/yoast.com\/product\/yoast-seo-wordpress\/ -->\n<title>Festival do Marisco 2023 j\u00e1 tem bilhetes \u00e0 venda - Algarve 7<\/title>\n<meta name=\"description\" content=\"Festival do Marisco 2023 j\u00e1 tem bilhetes \u00e0 venda Atualidade\" \/>\n<meta name=\"robots\" content=\"index, follow, max-snippet:-1, max-image-preview:large, max-video-preview:-1\" \/>\n<link rel=\"canonical\" href=\"https:\/\/algarve7.pt\/index.php\/2023\/07\/festival-do-marisco-2023-ja-tem-bilhetes-a-venda\/atualidade\/09\/30\/\" \/>\n<meta property=\"og:locale\" content=\"pt_PT\" \/>\n<meta property=\"og:type\" content=\"article\" \/>\n<meta property=\"og:title\" content=\"Festival do Marisco 2023 j\u00e1 tem bilhetes \u00e0 venda - Algarve 7\" \/>\n<meta property=\"og:description\" content=\"Festival do Marisco 2023 j\u00e1 tem bilhetes \u00e0 venda Atualidade\" \/>\n<meta property=\"og:url\" content=\"https:\/\/algarve7.pt\/index.php\/2023\/07\/festival-do-marisco-2023-ja-tem-bilhetes-a-venda\/atualidade\/09\/30\/\" \/>\n<meta property=\"og:site_name\" content=\"Algarve 7\" \/>\n<meta property=\"article:publisher\" content=\"https:\/\/www.facebook.com\/algarve7\" \/>\n<meta property=\"article:author\" content=\"https:\/\/www.facebook.com\/algarve7\" \/>\n<meta property=\"article:published_time\" content=\"2023-07-20T08:30:00+00:00\" \/>\n<meta property=\"og:image\" content=\"https:\/\/algarve7.pt\/wp-content\/uploads\/2023\/07\/Festival-do-Marisco-Olhao-2023-Logotipo-press-1.jpg\" \/>\n\t<meta property=\"og:image:width\" content=\"1000\" \/>\n\t<meta property=\"og:image:height\" content=\"633\" \/>\n\t<meta property=\"og:image:type\" content=\"image\/jpeg\" \/>\n<meta name=\"author\" content=\"Algarve 7\" \/>\n<meta name=\"twitter:card\" content=\"summary_large_image\" \/>\n<meta name=\"twitter:creator\" content=\"@Algarvesete\" \/>\n<meta name=\"twitter:site\" content=\"@Algarvesete\" \/>\n<meta name=\"twitter:label1\" content=\"Escrito por\" \/>\n\t<meta name=\"twitter:data1\" content=\"Algarve 7\" \/>\n\t<meta name=\"twitter:label2\" content=\"Tempo estimado de leitura\" \/>\n\t<meta name=\"twitter:data2\" content=\"1 minuto\" \/>\n<script type=\"application\/ld+json\" class=\"yoast-schema-graph\">{\"@context\":\"https:\\\/\\\/schema.org\",\"@graph\":[{\"@type\":\"Article\",\"@id\":\"https:\\\/\\\/algarve7.pt\\\/index.php\\\/2023\\\/07\\\/festival-do-marisco-2023-ja-tem-bilhetes-a-venda\\\/atualidade\\\/09\\\/30\\\/#article\",\"isPartOf\":{\"@id\":\"https:\\\/\\\/algarve7.pt\\\/index.php\\\/2023\\\/07\\\/festival-do-marisco-2023-ja-tem-bilhetes-a-venda\\\/atualidade\\\/09\\\/30\\\/\"},\"author\":{\"name\":\"Algarve 7\",\"@id\":\"https:\\\/\\\/algarve7.pt\\\/#\\\/schema\\\/person\\\/23fa70681308e7b319a3204bcea45e0c\"},\"headline\":\"Festival do Marisco 2023 j\u00e1 tem bilhetes \u00e0 venda\",\"datePublished\":\"2023-07-20T08:30:00+00:00\",\"mainEntityOfPage\":{\"@id\":\"https:\\\/\\\/algarve7.pt\\\/index.php\\\/2023\\\/07\\\/festival-do-marisco-2023-ja-tem-bilhetes-a-venda\\\/atualidade\\\/09\\\/30\\\/\"},\"wordCount\":174,\"publisher\":{\"@id\":\"https:\\\/\\\/algarve7.pt\\\/#organization\"},\"image\":{\"@id\":\"https:\\\/\\\/algarve7.pt\\\/index.php\\\/2023\\\/07\\\/festival-do-marisco-2023-ja-tem-bilhetes-a-venda\\\/atualidade\\\/09\\\/30\\\/#primaryimage\"},\"thumbnailUrl\":\"https:\\\/\\\/algarve7.pt\\\/wp-content\\\/uploads\\\/2023\\\/07\\\/Festival-do-Marisco-Olhao-2023-Logotipo-press-1.jpg\",\"keywords\":[\"Algarve\",\"Atualidade\",\"Festival\",\"Festival do Marisco\",\"Olh\u00e3o\"],\"articleSection\":[\"Atualidade\"],\"inLanguage\":\"pt-PT\"},{\"@type\":\"WebPage\",\"@id\":\"https:\\\/\\\/algarve7.pt\\\/index.php\\\/2023\\\/07\\\/festival-do-marisco-2023-ja-tem-bilhetes-a-venda\\\/atualidade\\\/09\\\/30\\\/\",\"url\":\"https:\\\/\\\/algarve7.pt\\\/index.php\\\/2023\\\/07\\\/festival-do-marisco-2023-ja-tem-bilhetes-a-venda\\\/atualidade\\\/09\\\/30\\\/\",\"name\":\"Festival do Marisco 2023 j\u00e1 tem bilhetes \u00e0 venda - Algarve 7\",\"isPartOf\":{\"@id\":\"https:\\\/\\\/algarve7.pt\\\/#website\"},\"primaryImageOfPage\":{\"@id\":\"https:\\\/\\\/algarve7.pt\\\/index.php\\\/2023\\\/07\\\/festival-do-marisco-2023-ja-tem-bilhetes-a-venda\\\/atualidade\\\/09\\\/30\\\/#primaryimage\"},\"image\":{\"@id\":\"https:\\\/\\\/algarve7.pt\\\/index.php\\\/2023\\\/07\\\/festival-do-marisco-2023-ja-tem-bilhetes-a-venda\\\/atualidade\\\/09\\\/30\\\/#primaryimage\"},\"thumbnailUrl\":\"https:\\\/\\\/algarve7.pt\\\/wp-content\\\/uploads\\\/2023\\\/07\\\/Festival-do-Marisco-Olhao-2023-Logotipo-press-1.jpg\",\"datePublished\":\"2023-07-20T08:30:00+00:00\",\"description\":\"Festival do Marisco 2023 j\u00e1 tem bilhetes \u00e0 venda Atualidade\",\"breadcrumb\":{\"@id\":\"https:\\\/\\\/algarve7.pt\\\/index.php\\\/2023\\\/07\\\/festival-do-marisco-2023-ja-tem-bilhetes-a-venda\\\/atualidade\\\/09\\\/30\\\/#breadcrumb\"},\"inLanguage\":\"pt-PT\",\"potentialAction\":[{\"@type\":\"ReadAction\",\"target\":[\"https:\\\/\\\/algarve7.pt\\\/index.php\\\/2023\\\/07\\\/festival-do-marisco-2023-ja-tem-bilhetes-a-venda\\\/atualidade\\\/09\\\/30\\\/\"]}]},{\"@type\":\"ImageObject\",\"inLanguage\":\"pt-PT\",\"@id\":\"https:\\\/\\\/algarve7.pt\\\/index.php\\\/2023\\\/07\\\/festival-do-marisco-2023-ja-tem-bilhetes-a-venda\\\/atualidade\\\/09\\\/30\\\/#primaryimage\",\"url\":\"https:\\\/\\\/algarve7.pt\\\/wp-content\\\/uploads\\\/2023\\\/07\\\/Festival-do-Marisco-Olhao-2023-Logotipo-press-1.jpg\",\"contentUrl\":\"https:\\\/\\\/algarve7.pt\\\/wp-content\\\/uploads\\\/2023\\\/07\\\/Festival-do-Marisco-Olhao-2023-Logotipo-press-1.jpg\",\"width\":1000,\"height\":633},{\"@type\":\"BreadcrumbList\",\"@id\":\"https:\\\/\\\/algarve7.pt\\\/index.php\\\/2023\\\/07\\\/festival-do-marisco-2023-ja-tem-bilhetes-a-venda\\\/atualidade\\\/09\\\/30\\\/#breadcrumb\",\"itemListElement\":[{\"@type\":\"ListItem\",\"position\":1,\"name\":\"In\u00edcio\",\"item\":\"https:\\\/\\\/algarve7.pt\\\/\"},{\"@type\":\"ListItem\",\"position\":2,\"name\":\"Festival do Marisco 2023 j\u00e1 tem bilhetes \u00e0 venda\"}]},{\"@type\":\"WebSite\",\"@id\":\"https:\\\/\\\/algarve7.pt\\\/#website\",\"url\":\"https:\\\/\\\/algarve7.pt\\\/\",\"name\":\"Algarve 7\",\"description\":\"Informa\u00e7\u00e3o sobre o Algarve\",\"publisher\":{\"@id\":\"https:\\\/\\\/algarve7.pt\\\/#organization\"},\"potentialAction\":[{\"@type\":\"SearchAction\",\"target\":{\"@type\":\"EntryPoint\",\"urlTemplate\":\"https:\\\/\\\/algarve7.pt\\\/?s={search_term_string}\"},\"query-input\":{\"@type\":\"PropertyValueSpecification\",\"valueRequired\":true,\"valueName\":\"search_term_string\"}}],\"inLanguage\":\"pt-PT\"},{\"@type\":\"Organization\",\"@id\":\"https:\\\/\\\/algarve7.pt\\\/#organization\",\"name\":\"Algarve 7\",\"url\":\"https:\\\/\\\/algarve7.pt\\\/\",\"logo\":{\"@type\":\"ImageObject\",\"inLanguage\":\"pt-PT\",\"@id\":\"https:\\\/\\\/algarve7.pt\\\/#\\\/schema\\\/logo\\\/image\\\/\",\"url\":\"https:\\\/\\\/algarve7.pt\\\/wp-content\\\/uploads\\\/2020\\\/10\\\/Logo-8.jpg\",\"contentUrl\":\"https:\\\/\\\/algarve7.pt\\\/wp-content\\\/uploads\\\/2020\\\/10\\\/Logo-8.jpg\",\"width\":1680,\"height\":1186,\"caption\":\"Algarve 7\"},\"image\":{\"@id\":\"https:\\\/\\\/algarve7.pt\\\/#\\\/schema\\\/logo\\\/image\\\/\"},\"sameAs\":[\"https:\\\/\\\/www.facebook.com\\\/algarve7\",\"https:\\\/\\\/x.com\\\/Algarvesete\",\"https:\\\/\\\/www.instagram.com\\\/jornalalgarve7\\\/\",\"https:\\\/\\\/www.linkedin.com\\\/company\\\/algarve7\",\"https:\\\/\\\/www.pinterest.pt\\\/geral0939\\\/_created\\\/\"]},{\"@type\":\"Person\",\"@id\":\"https:\\\/\\\/algarve7.pt\\\/#\\\/schema\\\/person\\\/23fa70681308e7b319a3204bcea45e0c\",\"name\":\"Algarve 7\",\"sameAs\":[\"https:\\\/\\\/algarve7.pt\",\"https:\\\/\\\/www.facebook.com\\\/algarve7\"],\"url\":\"https:\\\/\\\/algarve7.pt\\\/index.php\\\/author\\\/geralalgarve7-pt\\\/\"}]}<\/script>\n<!-- \/ Yoast SEO plugin. -->","yoast_head_json":{"title":"Festival do Marisco 2023 j\u00e1 tem bilhetes \u00e0 venda - Algarve 7","description":"Festival do Marisco 2023 j\u00e1 tem bilhetes \u00e0 venda Atualidade","robots":{"index":"index","follow":"follow","max-snippet":"max-snippet:-1","max-image-preview":"max-image-preview:large","max-video-preview":"max-video-preview:-1"},"canonical":"https:\/\/algarve7.pt\/index.php\/2023\/07\/festival-do-marisco-2023-ja-tem-bilhetes-a-venda\/atualidade\/09\/30\/","og_locale":"pt_PT","og_type":"article","og_title":"Festival do Marisco 2023 j\u00e1 tem bilhetes \u00e0 venda - Algarve 7","og_description":"Festival do Marisco 2023 j\u00e1 tem bilhetes \u00e0 venda Atualidade","og_url":"https:\/\/algarve7.pt\/index.php\/2023\/07\/festival-do-marisco-2023-ja-tem-bilhetes-a-venda\/atualidade\/09\/30\/","og_site_name":"Algarve 7","article_publisher":"https:\/\/www.facebook.com\/algarve7","article_author":"https:\/\/www.facebook.com\/algarve7","article_published_time":"2023-07-20T08:30:00+00:00","og_image":[{"width":1000,"height":633,"url":"https:\/\/algarve7.pt\/wp-content\/uploads\/2023\/07\/Festival-do-Marisco-Olhao-2023-Logotipo-press-1.jpg","type":"image\/jpeg"}],"author":"Algarve 7","twitter_card":"summary_large_image","twitter_creator":"@Algarvesete","twitter_site":"@Algarvesete","twitter_misc":{"Escrito por":"Algarve 7","Tempo estimado de leitura":"1 minuto"},"schema":{"@context":"https:\/\/schema.org","@graph":[{"@type":"Article","@id":"https:\/\/algarve7.pt\/index.php\/2023\/07\/festival-do-marisco-2023-ja-tem-bilhetes-a-venda\/atualidade\/09\/30\/#article","isPartOf":{"@id":"https:\/\/algarve7.pt\/index.php\/2023\/07\/festival-do-marisco-2023-ja-tem-bilhetes-a-venda\/atualidade\/09\/30\/"},"author":{"name":"Algarve 7","@id":"https:\/\/algarve7.pt\/#\/schema\/person\/23fa70681308e7b319a3204bcea45e0c"},"headline":"Festival do Marisco 2023 j\u00e1 tem bilhetes \u00e0 venda","datePublished":"2023-07-20T08:30:00+00:00","mainEntityOfPage":{"@id":"https:\/\/algarve7.pt\/index.php\/2023\/07\/festival-do-marisco-2023-ja-tem-bilhetes-a-venda\/atualidade\/09\/30\/"},"wordCount":174,"publisher":{"@id":"https:\/\/algarve7.pt\/#organization"},"image":{"@id":"https:\/\/algarve7.pt\/index.php\/2023\/07\/festival-do-marisco-2023-ja-tem-bilhetes-a-venda\/atualidade\/09\/30\/#primaryimage"},"thumbnailUrl":"https:\/\/algarve7.pt\/wp-content\/uploads\/2023\/07\/Festival-do-Marisco-Olhao-2023-Logotipo-press-1.jpg","keywords":["Algarve","Atualidade","Festival","Festival do Marisco","Olh\u00e3o"],"articleSection":["Atualidade"],"inLanguage":"pt-PT"},{"@type":"WebPage","@id":"https:\/\/algarve7.pt\/index.php\/2023\/07\/festival-do-marisco-2023-ja-tem-bilhetes-a-venda\/atualidade\/09\/30\/","url":"https:\/\/algarve7.pt\/index.php\/2023\/07\/festival-do-marisco-2023-ja-tem-bilhetes-a-venda\/atualidade\/09\/30\/","name":"Festival do Marisco 2023 j\u00e1 tem bilhetes \u00e0 venda - Algarve 7","isPartOf":{"@id":"https:\/\/algarve7.pt\/#website"},"primaryImageOfPage":{"@id":"https:\/\/algarve7.pt\/index.php\/2023\/07\/festival-do-marisco-2023-ja-tem-bilhetes-a-venda\/atualidade\/09\/30\/#primaryimage"},"image":{"@id":"https:\/\/algarve7.pt\/index.php\/2023\/07\/festival-do-marisco-2023-ja-tem-bilhetes-a-venda\/atualidade\/09\/30\/#primaryimage"},"thumbnailUrl":"https:\/\/algarve7.pt\/wp-content\/uploads\/2023\/07\/Festival-do-Marisco-Olhao-2023-Logotipo-press-1.jpg","datePublished":"2023-07-20T08:30:00+00:00","description":"Festival do Marisco 2023 j\u00e1 tem bilhetes \u00e0 venda Atualidade","breadcrumb":{"@id":"https:\/\/algarve7.pt\/index.php\/2023\/07\/festival-do-marisco-2023-ja-tem-bilhetes-a-venda\/atualidade\/09\/30\/#breadcrumb"},"inLanguage":"pt-PT","potentialAction":[{"@type":"ReadAction","target":["https:\/\/algarve7.pt\/index.php\/2023\/07\/festival-do-marisco-2023-ja-tem-bilhetes-a-venda\/atualidade\/09\/30\/"]}]},{"@type":"ImageObject","inLanguage":"pt-PT","@id":"https:\/\/algarve7.pt\/index.php\/2023\/07\/festival-do-marisco-2023-ja-tem-bilhetes-a-venda\/atualidade\/09\/30\/#primaryimage","url":"https:\/\/algarve7.pt\/wp-content\/uploads\/2023\/07\/Festival-do-Marisco-Olhao-2023-Logotipo-press-1.jpg","contentUrl":"https:\/\/algarve7.pt\/wp-content\/uploads\/2023\/07\/Festival-do-Marisco-Olhao-2023-Logotipo-press-1.jpg","width":1000,"height":633},{"@type":"BreadcrumbList","@id":"https:\/\/algarve7.pt\/index.php\/2023\/07\/festival-do-marisco-2023-ja-tem-bilhetes-a-venda\/atualidade\/09\/30\/#breadcrumb","itemListElement":[{"@type":"ListItem","position":1,"name":"In\u00edcio","item":"https:\/\/algarve7.pt\/"},{"@type":"ListItem","position":2,"name":"Festival do Marisco 2023 j\u00e1 tem bilhetes \u00e0 venda"}]},{"@type":"WebSite","@id":"https:\/\/algarve7.pt\/#website","url":"https:\/\/algarve7.pt\/","name":"Algarve 7","description":"Informa\u00e7\u00e3o sobre o Algarve","publisher":{"@id":"https:\/\/algarve7.pt\/#organization"},"potentialAction":[{"@type":"SearchAction","target":{"@type":"EntryPoint","urlTemplate":"https:\/\/algarve7.pt\/?s={search_term_string}"},"query-input":{"@type":"PropertyValueSpecification","valueRequired":true,"valueName":"search_term_string"}}],"inLanguage":"pt-PT"},{"@type":"Organization","@id":"https:\/\/algarve7.pt\/#organization","name":"Algarve 7","url":"https:\/\/algarve7.pt\/","logo":{"@type":"ImageObject","inLanguage":"pt-PT","@id":"https:\/\/algarve7.pt\/#\/schema\/logo\/image\/","url":"https:\/\/algarve7.pt\/wp-content\/uploads\/2020\/10\/Logo-8.jpg","contentUrl":"https:\/\/algarve7.pt\/wp-content\/uploads\/2020\/10\/Logo-8.jpg","width":1680,"height":1186,"caption":"Algarve 7"},"image":{"@id":"https:\/\/algarve7.pt\/#\/schema\/logo\/image\/"},"sameAs":["https:\/\/www.facebook.com\/algarve7","https:\/\/x.com\/Algarvesete","https:\/\/www.instagram.com\/jornalalgarve7\/","https:\/\/www.linkedin.com\/company\/algarve7","https:\/\/www.pinterest.pt\/geral0939\/_created\/"]},{"@type":"Person","@id":"https:\/\/algarve7.pt\/#\/schema\/person\/23fa70681308e7b319a3204bcea45e0c","name":"Algarve 7","sameAs":["https:\/\/algarve7.pt","https:\/\/www.facebook.com\/algarve7"],"url":"https:\/\/algarve7.pt\/index.php\/author\/geralalgarve7-pt\/"}]}},"jetpack_publicize_connections":[],"jetpack_featured_media_url":"https:\/\/algarve7.pt\/wp-content\/uploads\/2023\/07\/Festival-do-Marisco-Olhao-2023-Logotipo-press-1.jpg","jetpack_shortlink":"https:\/\/wp.me\/pcezmW-7Hn","jetpack_sharing_enabled":true,"_links":{"self":[{"href":"https:\/\/algarve7.pt\/index.php\/wp-json\/wp\/v2\/posts\/29597","targetHints":{"allow":["GET"]}}],"collection":[{"href":"https:\/\/algarve7.pt\/index.php\/wp-json\/wp\/v2\/posts"}],"about":[{"href":"https:\/\/algarve7.pt\/index.php\/wp-json\/wp\/v2\/types\/post"}],"author":[{"embeddable":true,"href":"https:\/\/algarve7.pt\/index.php\/wp-json\/wp\/v2\/users\/1"}],"replies":[{"embeddable":true,"href":"https:\/\/algarve7.pt\/index.php\/wp-json\/wp\/v2\/comments?post=29597"}],"version-history":[{"count":0,"href":"https:\/\/algarve7.pt\/index.php\/wp-json\/wp\/v2\/posts\/29597\/revisions"}],"wp:featuredmedia":[{"embeddable":true,"href":"https:\/\/algarve7.pt\/index.php\/wp-json\/wp\/v2\/media\/29598"}],"wp:attachment":[{"href":"https:\/\/algarve7.pt\/index.php\/wp-json\/wp\/v2\/media?parent=29597"}],"wp:term":[{"taxonomy":"category","embeddable":true,"href":"https:\/\/algarve7.pt\/index.php\/wp-json\/wp\/v2\/categories?post=29597"},{"taxonomy":"post_tag","embeddable":true,"href":"https:\/\/algarve7.pt\/index.php\/wp-json\/wp\/v2\/tags?post=29597"}],"curies":[{"name":"wp","href":"https:\/\/api.w.org\/{rel}","templated":true}]}}