{"id":29586,"date":"2023-07-20T09:50:00","date_gmt":"2023-07-20T08:50:00","guid":{"rendered":"https:\/\/algarve7.pt\/?p=29586"},"modified":"2023-07-19T17:26:07","modified_gmt":"2023-07-19T16:26:07","slug":"municipio-de-albufeira-entrega-carrinha-a-freguesia-da-guia-para-transporte-escolar","status":"publish","type":"post","link":"https:\/\/algarve7.pt\/index.php\/2023\/07\/municipio-de-albufeira-entrega-carrinha-a-freguesia-da-guia-para-transporte-escolar\/atualidade\/09\/50\/","title":{"rendered":"Munic\u00edpio de Albufeira entrega carrinha \u00e0 freguesia da Guia para transporte escolar"},"content":{"rendered":"\n<p>O Munic\u00edpio de Albufeira entregou na manh\u00e3 de ontem uma carrinha de transporte escolar de nove lugares \u00e0 Junta de Freguesia da Guia. Trata-se de um ve\u00edculo preparado com todas as exig\u00eancias legais para o transporte de crian\u00e7as e que vai colmatar a necessidade de recolher e entregar em casa, os alunos que vivem distantes das escolas. O ve\u00edculo hoje cedido encontra-se ao abrigo do Contrato Interadministrativo de Delega\u00e7\u00e3o de Compet\u00eancias e traduz-se num investimento superior a 50 mil euros. Far\u00e1 o transporte di\u00e1rio de sete crian\u00e7as de cada vez, assim que se iniciar o pr\u00f3ximo ano letivo.<\/p>\n\n\n\n<p>A Freguesia da Guia \u201ctem vindo a assistir a um aumento da popula\u00e7\u00e3o infantil, pelo que no pr\u00f3ximo ano letivo, altura em que esta carrinha come\u00e7a a funcionar, teremos cerca de 750 crian\u00e7as, mais meia centena que no ano letivo anterior\u201d, refere o presidente da Junta de Freguesia da Guia, Dinis Nascimento. A Freguesia tem estabelecimentos escolares desde a creche at\u00e9 ao ensino b\u00e1sico de terceiro ciclo, sendo que atualmente a necessidade mais premente no campo escolar \u00e9 \u201cproceder \u00e0s obras de amplia\u00e7\u00e3o do Jardim de Inf\u00e2ncia de Vale Rabelho\u201d, refere o autarca, adiantando que as dificuldades prendem-se com aquelas crian\u00e7as que j\u00e1 n\u00e3o podem estar nas creches, mas que n\u00e3o t\u00eam vagas nos jardins de Inf\u00e2ncia.<\/p>\n\n\n\n<p>Atento a esta quest\u00e3o, o presidente da C\u00e2mara Municipal referiu que \u201ca C\u00e2mara Municipal de Albufeira est\u00e1 empenhada em que as escolas do concelho tenham todas as condi\u00e7\u00f5es para acolher este acr\u00e9scimo de alunos, bem como para os professores e restante pessoal auxiliar desempenharem as suas fun\u00e7\u00f5es com a qualidade exigida, como \u00e9 o caso desta carrinha, que ter\u00e1 a expensas da Junta de Freguesia, um motorista habilitado para o efeito\u201d.<\/p>\n\n\n\n<p>Quanto \u00e0 amplia\u00e7\u00e3o do parque escolar, Jos\u00e9 Carlos Rolo salienta que \u201cem breve, faremos o lan\u00e7amento de mais uma s\u00e9rie de novas obras, entre as quais a amplia\u00e7\u00e3o do Jardim de Inf\u00e2ncia de Vale Rabelho, a par de outros jardins de inf\u00e2ncia, como o de Ferreiras, Correeira e Cali\u00e7os, bem como em outros equipamentos escolares, nomeadamente, a Escola Secund\u00e1ria e a Escola Francisco Cabrita\u201d. O autarca garante que os projetos para estes estabelecimentos escolares \u201cv\u00e3o avan\u00e7ar logo que haja financiamento, pelo que estamos a contar com algumas verbas do PRR\u201d.<\/p>\n\n\n\n<p>As creches na Freguesia da Guia funcionam ao abrigo de acordos com IPSS\u00b4s, sendo de lembrar que no passado dia 1 de mar\u00e7o foram inauguradas as obras de remodela\u00e7\u00e3o e amplia\u00e7\u00e3o da creche \u201cTempos de Inf\u00e2ncia\u201d, da Santa Casa da Miseric\u00f3rdia de Albufeira, cuja empreitada foi adjudicada por \u20ac 423.753,87 (valor com IVA) e apoiadas pelo PRR no valor de \u20ac 255.240, sendo que o valor remanescente foi pago pelo Munic\u00edpio de Albufeira. Tratou-se da primeira creche do pa\u00eds cujas obras foram executadas no \u00e2mbito do Plano de Recupera\u00e7\u00e3o e Resili\u00eancia (PRR). A Freguesia possui ainda a EB1,2 e 3 de Guia, a <a href=\"http:\/\/plantas.cm-albufeira.pt\/MapaInteractivo\/default.aspx?draw=true&amp;scale=3000&amp;tema=cartografia+ortofotos&amp;poiid=1214\" target=\"_blank\" rel=\"noreferrer noopener\">EB1 de Vale Parra<\/a> e os jardins de inf\u00e2ncia da Guia e de Vale Parra (Vale Rabelho).<\/p>\n","protected":false},"excerpt":{"rendered":"<p>O Munic\u00edpio de Albufeira entregou na manh\u00e3 de ontem uma carrinha de transporte escolar de nove lugares \u00e0 Junta de<\/p>\n","protected":false},"author":1,"featured_media":29587,"comment_status":"closed","ping_status":"open","sticky":false,"template":"","format":"standard","meta":{"colormag_page_container_layout":"default_layout","colormag_page_sidebar_layout":"default_layout","_monsterinsights_skip_tracking":false,"_monsterinsights_sitenote_active":false,"_monsterinsights_sitenote_note":"","_monsterinsights_sitenote_category":0,"jetpack_post_was_ever_published":false,"_jetpack_newsletter_access":"","_jetpack_dont_email_post_to_subs":false,"_jetpack_newsletter_tier_id":0,"_jetpack_memberships_contains_paywalled_content":false,"_jetpack_memberships_contains_paid_content":false,"footnotes":"","jetpack_publicize_message":"","jetpack_publicize_feature_enabled":true,"jetpack_social_post_already_shared":true,"jetpack_social_options":{"image_generator_settings":{"template":"highway","default_image_id":0,"font":"","enabled":false},"version":2}},"categories":[11],"tags":[155,36,62],"class_list":["post-29586","post","type-post","status-publish","format-standard","has-post-thumbnail","hentry","category-atualidade","tag-albufeira","tag-algarve","tag-atualidade"],"yoast_head":"<!-- This site is optimized with the Yoast SEO plugin v27.4 - https:\/\/yoast.com\/product\/yoast-seo-wordpress\/ -->\n<title>Munic\u00edpio de Albufeira entrega carrinha \u00e0 freguesia da Guia para transporte escolar - Algarve 7<\/title>\n<meta name=\"description\" content=\"Munic\u00edpio de Albufeira entrega carrinha \u00e0 freguesia da Guia para transporte escolar Atualidade\" \/>\n<meta name=\"robots\" content=\"index, follow, max-snippet:-1, max-image-preview:large, max-video-preview:-1\" \/>\n<link rel=\"canonical\" href=\"https:\/\/algarve7.pt\/index.php\/2023\/07\/municipio-de-albufeira-entrega-carrinha-a-freguesia-da-guia-para-transporte-escolar\/atualidade\/09\/50\/\" \/>\n<meta property=\"og:locale\" content=\"pt_PT\" \/>\n<meta property=\"og:type\" content=\"article\" \/>\n<meta property=\"og:title\" content=\"Munic\u00edpio de Albufeira entrega carrinha \u00e0 freguesia da Guia para transporte escolar - Algarve 7\" \/>\n<meta property=\"og:description\" content=\"Munic\u00edpio de Albufeira entrega carrinha \u00e0 freguesia da Guia para transporte escolar Atualidade\" \/>\n<meta property=\"og:url\" content=\"https:\/\/algarve7.pt\/index.php\/2023\/07\/municipio-de-albufeira-entrega-carrinha-a-freguesia-da-guia-para-transporte-escolar\/atualidade\/09\/50\/\" \/>\n<meta property=\"og:site_name\" content=\"Algarve 7\" \/>\n<meta property=\"article:publisher\" content=\"https:\/\/www.facebook.com\/algarve7\" \/>\n<meta property=\"article:author\" content=\"https:\/\/www.facebook.com\/algarve7\" \/>\n<meta property=\"article:published_time\" content=\"2023-07-20T08:50:00+00:00\" \/>\n<meta property=\"og:image\" content=\"https:\/\/algarve7.pt\/wp-content\/uploads\/2023\/07\/CMA\u00a9RuiGregorio_14040.jpg\" \/>\n\t<meta property=\"og:image:width\" content=\"1024\" \/>\n\t<meta property=\"og:image:height\" content=\"692\" \/>\n\t<meta property=\"og:image:type\" content=\"image\/jpeg\" \/>\n<meta name=\"author\" content=\"Algarve 7\" \/>\n<meta name=\"twitter:card\" content=\"summary_large_image\" \/>\n<meta name=\"twitter:creator\" content=\"@Algarvesete\" \/>\n<meta name=\"twitter:site\" content=\"@Algarvesete\" \/>\n<meta name=\"twitter:label1\" content=\"Escrito por\" \/>\n\t<meta name=\"twitter:data1\" content=\"Algarve 7\" \/>\n\t<meta name=\"twitter:label2\" content=\"Tempo estimado de leitura\" \/>\n\t<meta name=\"twitter:data2\" content=\"3 minutos\" \/>\n<script type=\"application\/ld+json\" class=\"yoast-schema-graph\">{\"@context\":\"https:\\\/\\\/schema.org\",\"@graph\":[{\"@type\":\"Article\",\"@id\":\"https:\\\/\\\/algarve7.pt\\\/index.php\\\/2023\\\/07\\\/municipio-de-albufeira-entrega-carrinha-a-freguesia-da-guia-para-transporte-escolar\\\/atualidade\\\/09\\\/50\\\/#article\",\"isPartOf\":{\"@id\":\"https:\\\/\\\/algarve7.pt\\\/index.php\\\/2023\\\/07\\\/municipio-de-albufeira-entrega-carrinha-a-freguesia-da-guia-para-transporte-escolar\\\/atualidade\\\/09\\\/50\\\/\"},\"author\":{\"name\":\"Algarve 7\",\"@id\":\"https:\\\/\\\/algarve7.pt\\\/#\\\/schema\\\/person\\\/23fa70681308e7b319a3204bcea45e0c\"},\"headline\":\"Munic\u00edpio de Albufeira entrega carrinha \u00e0 freguesia da Guia para transporte escolar\",\"datePublished\":\"2023-07-20T08:50:00+00:00\",\"mainEntityOfPage\":{\"@id\":\"https:\\\/\\\/algarve7.pt\\\/index.php\\\/2023\\\/07\\\/municipio-de-albufeira-entrega-carrinha-a-freguesia-da-guia-para-transporte-escolar\\\/atualidade\\\/09\\\/50\\\/\"},\"wordCount\":545,\"publisher\":{\"@id\":\"https:\\\/\\\/algarve7.pt\\\/#organization\"},\"image\":{\"@id\":\"https:\\\/\\\/algarve7.pt\\\/index.php\\\/2023\\\/07\\\/municipio-de-albufeira-entrega-carrinha-a-freguesia-da-guia-para-transporte-escolar\\\/atualidade\\\/09\\\/50\\\/#primaryimage\"},\"thumbnailUrl\":\"https:\\\/\\\/algarve7.pt\\\/wp-content\\\/uploads\\\/2023\\\/07\\\/CMA\u00a9RuiGregorio_14040.jpg\",\"keywords\":[\"Albufeira\",\"Algarve\",\"Atualidade\"],\"articleSection\":[\"Atualidade\"],\"inLanguage\":\"pt-PT\"},{\"@type\":\"WebPage\",\"@id\":\"https:\\\/\\\/algarve7.pt\\\/index.php\\\/2023\\\/07\\\/municipio-de-albufeira-entrega-carrinha-a-freguesia-da-guia-para-transporte-escolar\\\/atualidade\\\/09\\\/50\\\/\",\"url\":\"https:\\\/\\\/algarve7.pt\\\/index.php\\\/2023\\\/07\\\/municipio-de-albufeira-entrega-carrinha-a-freguesia-da-guia-para-transporte-escolar\\\/atualidade\\\/09\\\/50\\\/\",\"name\":\"Munic\u00edpio de Albufeira entrega carrinha \u00e0 freguesia da Guia para transporte escolar - Algarve 7\",\"isPartOf\":{\"@id\":\"https:\\\/\\\/algarve7.pt\\\/#website\"},\"primaryImageOfPage\":{\"@id\":\"https:\\\/\\\/algarve7.pt\\\/index.php\\\/2023\\\/07\\\/municipio-de-albufeira-entrega-carrinha-a-freguesia-da-guia-para-transporte-escolar\\\/atualidade\\\/09\\\/50\\\/#primaryimage\"},\"image\":{\"@id\":\"https:\\\/\\\/algarve7.pt\\\/index.php\\\/2023\\\/07\\\/municipio-de-albufeira-entrega-carrinha-a-freguesia-da-guia-para-transporte-escolar\\\/atualidade\\\/09\\\/50\\\/#primaryimage\"},\"thumbnailUrl\":\"https:\\\/\\\/algarve7.pt\\\/wp-content\\\/uploads\\\/2023\\\/07\\\/CMA\u00a9RuiGregorio_14040.jpg\",\"datePublished\":\"2023-07-20T08:50:00+00:00\",\"description\":\"Munic\u00edpio de Albufeira entrega carrinha \u00e0 freguesia da Guia para transporte escolar Atualidade\",\"breadcrumb\":{\"@id\":\"https:\\\/\\\/algarve7.pt\\\/index.php\\\/2023\\\/07\\\/municipio-de-albufeira-entrega-carrinha-a-freguesia-da-guia-para-transporte-escolar\\\/atualidade\\\/09\\\/50\\\/#breadcrumb\"},\"inLanguage\":\"pt-PT\",\"potentialAction\":[{\"@type\":\"ReadAction\",\"target\":[\"https:\\\/\\\/algarve7.pt\\\/index.php\\\/2023\\\/07\\\/municipio-de-albufeira-entrega-carrinha-a-freguesia-da-guia-para-transporte-escolar\\\/atualidade\\\/09\\\/50\\\/\"]}]},{\"@type\":\"ImageObject\",\"inLanguage\":\"pt-PT\",\"@id\":\"https:\\\/\\\/algarve7.pt\\\/index.php\\\/2023\\\/07\\\/municipio-de-albufeira-entrega-carrinha-a-freguesia-da-guia-para-transporte-escolar\\\/atualidade\\\/09\\\/50\\\/#primaryimage\",\"url\":\"https:\\\/\\\/algarve7.pt\\\/wp-content\\\/uploads\\\/2023\\\/07\\\/CMA\u00a9RuiGregorio_14040.jpg\",\"contentUrl\":\"https:\\\/\\\/algarve7.pt\\\/wp-content\\\/uploads\\\/2023\\\/07\\\/CMA\u00a9RuiGregorio_14040.jpg\",\"width\":1024,\"height\":692},{\"@type\":\"BreadcrumbList\",\"@id\":\"https:\\\/\\\/algarve7.pt\\\/index.php\\\/2023\\\/07\\\/municipio-de-albufeira-entrega-carrinha-a-freguesia-da-guia-para-transporte-escolar\\\/atualidade\\\/09\\\/50\\\/#breadcrumb\",\"itemListElement\":[{\"@type\":\"ListItem\",\"position\":1,\"name\":\"In\u00edcio\",\"item\":\"https:\\\/\\\/algarve7.pt\\\/\"},{\"@type\":\"ListItem\",\"position\":2,\"name\":\"Munic\u00edpio de Albufeira entrega carrinha \u00e0 freguesia da Guia para transporte escolar\"}]},{\"@type\":\"WebSite\",\"@id\":\"https:\\\/\\\/algarve7.pt\\\/#website\",\"url\":\"https:\\\/\\\/algarve7.pt\\\/\",\"name\":\"Algarve 7\",\"description\":\"Informa\u00e7\u00e3o sobre o Algarve\",\"publisher\":{\"@id\":\"https:\\\/\\\/algarve7.pt\\\/#organization\"},\"potentialAction\":[{\"@type\":\"SearchAction\",\"target\":{\"@type\":\"EntryPoint\",\"urlTemplate\":\"https:\\\/\\\/algarve7.pt\\\/?s={search_term_string}\"},\"query-input\":{\"@type\":\"PropertyValueSpecification\",\"valueRequired\":true,\"valueName\":\"search_term_string\"}}],\"inLanguage\":\"pt-PT\"},{\"@type\":\"Organization\",\"@id\":\"https:\\\/\\\/algarve7.pt\\\/#organization\",\"name\":\"Algarve 7\",\"url\":\"https:\\\/\\\/algarve7.pt\\\/\",\"logo\":{\"@type\":\"ImageObject\",\"inLanguage\":\"pt-PT\",\"@id\":\"https:\\\/\\\/algarve7.pt\\\/#\\\/schema\\\/logo\\\/image\\\/\",\"url\":\"https:\\\/\\\/algarve7.pt\\\/wp-content\\\/uploads\\\/2020\\\/10\\\/Logo-8.jpg\",\"contentUrl\":\"https:\\\/\\\/algarve7.pt\\\/wp-content\\\/uploads\\\/2020\\\/10\\\/Logo-8.jpg\",\"width\":1680,\"height\":1186,\"caption\":\"Algarve 7\"},\"image\":{\"@id\":\"https:\\\/\\\/algarve7.pt\\\/#\\\/schema\\\/logo\\\/image\\\/\"},\"sameAs\":[\"https:\\\/\\\/www.facebook.com\\\/algarve7\",\"https:\\\/\\\/x.com\\\/Algarvesete\",\"https:\\\/\\\/www.instagram.com\\\/jornalalgarve7\\\/\",\"https:\\\/\\\/www.linkedin.com\\\/company\\\/algarve7\",\"https:\\\/\\\/www.pinterest.pt\\\/geral0939\\\/_created\\\/\"]},{\"@type\":\"Person\",\"@id\":\"https:\\\/\\\/algarve7.pt\\\/#\\\/schema\\\/person\\\/23fa70681308e7b319a3204bcea45e0c\",\"name\":\"Algarve 7\",\"sameAs\":[\"https:\\\/\\\/algarve7.pt\",\"https:\\\/\\\/www.facebook.com\\\/algarve7\"],\"url\":\"https:\\\/\\\/algarve7.pt\\\/index.php\\\/author\\\/geralalgarve7-pt\\\/\"}]}<\/script>\n<!-- \/ Yoast SEO plugin. -->","yoast_head_json":{"title":"Munic\u00edpio de Albufeira entrega carrinha \u00e0 freguesia da Guia para transporte escolar - Algarve 7","description":"Munic\u00edpio de Albufeira entrega carrinha \u00e0 freguesia da Guia para transporte escolar Atualidade","robots":{"index":"index","follow":"follow","max-snippet":"max-snippet:-1","max-image-preview":"max-image-preview:large","max-video-preview":"max-video-preview:-1"},"canonical":"https:\/\/algarve7.pt\/index.php\/2023\/07\/municipio-de-albufeira-entrega-carrinha-a-freguesia-da-guia-para-transporte-escolar\/atualidade\/09\/50\/","og_locale":"pt_PT","og_type":"article","og_title":"Munic\u00edpio de Albufeira entrega carrinha \u00e0 freguesia da Guia para transporte escolar - Algarve 7","og_description":"Munic\u00edpio de Albufeira entrega carrinha \u00e0 freguesia da Guia para transporte escolar Atualidade","og_url":"https:\/\/algarve7.pt\/index.php\/2023\/07\/municipio-de-albufeira-entrega-carrinha-a-freguesia-da-guia-para-transporte-escolar\/atualidade\/09\/50\/","og_site_name":"Algarve 7","article_publisher":"https:\/\/www.facebook.com\/algarve7","article_author":"https:\/\/www.facebook.com\/algarve7","article_published_time":"2023-07-20T08:50:00+00:00","og_image":[{"width":1024,"height":692,"url":"https:\/\/algarve7.pt\/wp-content\/uploads\/2023\/07\/CMA\u00a9RuiGregorio_14040.jpg","type":"image\/jpeg"}],"author":"Algarve 7","twitter_card":"summary_large_image","twitter_creator":"@Algarvesete","twitter_site":"@Algarvesete","twitter_misc":{"Escrito por":"Algarve 7","Tempo estimado de leitura":"3 minutos"},"schema":{"@context":"https:\/\/schema.org","@graph":[{"@type":"Article","@id":"https:\/\/algarve7.pt\/index.php\/2023\/07\/municipio-de-albufeira-entrega-carrinha-a-freguesia-da-guia-para-transporte-escolar\/atualidade\/09\/50\/#article","isPartOf":{"@id":"https:\/\/algarve7.pt\/index.php\/2023\/07\/municipio-de-albufeira-entrega-carrinha-a-freguesia-da-guia-para-transporte-escolar\/atualidade\/09\/50\/"},"author":{"name":"Algarve 7","@id":"https:\/\/algarve7.pt\/#\/schema\/person\/23fa70681308e7b319a3204bcea45e0c"},"headline":"Munic\u00edpio de Albufeira entrega carrinha \u00e0 freguesia da Guia para transporte escolar","datePublished":"2023-07-20T08:50:00+00:00","mainEntityOfPage":{"@id":"https:\/\/algarve7.pt\/index.php\/2023\/07\/municipio-de-albufeira-entrega-carrinha-a-freguesia-da-guia-para-transporte-escolar\/atualidade\/09\/50\/"},"wordCount":545,"publisher":{"@id":"https:\/\/algarve7.pt\/#organization"},"image":{"@id":"https:\/\/algarve7.pt\/index.php\/2023\/07\/municipio-de-albufeira-entrega-carrinha-a-freguesia-da-guia-para-transporte-escolar\/atualidade\/09\/50\/#primaryimage"},"thumbnailUrl":"https:\/\/algarve7.pt\/wp-content\/uploads\/2023\/07\/CMA\u00a9RuiGregorio_14040.jpg","keywords":["Albufeira","Algarve","Atualidade"],"articleSection":["Atualidade"],"inLanguage":"pt-PT"},{"@type":"WebPage","@id":"https:\/\/algarve7.pt\/index.php\/2023\/07\/municipio-de-albufeira-entrega-carrinha-a-freguesia-da-guia-para-transporte-escolar\/atualidade\/09\/50\/","url":"https:\/\/algarve7.pt\/index.php\/2023\/07\/municipio-de-albufeira-entrega-carrinha-a-freguesia-da-guia-para-transporte-escolar\/atualidade\/09\/50\/","name":"Munic\u00edpio de Albufeira entrega carrinha \u00e0 freguesia da Guia para transporte escolar - Algarve 7","isPartOf":{"@id":"https:\/\/algarve7.pt\/#website"},"primaryImageOfPage":{"@id":"https:\/\/algarve7.pt\/index.php\/2023\/07\/municipio-de-albufeira-entrega-carrinha-a-freguesia-da-guia-para-transporte-escolar\/atualidade\/09\/50\/#primaryimage"},"image":{"@id":"https:\/\/algarve7.pt\/index.php\/2023\/07\/municipio-de-albufeira-entrega-carrinha-a-freguesia-da-guia-para-transporte-escolar\/atualidade\/09\/50\/#primaryimage"},"thumbnailUrl":"https:\/\/algarve7.pt\/wp-content\/uploads\/2023\/07\/CMA\u00a9RuiGregorio_14040.jpg","datePublished":"2023-07-20T08:50:00+00:00","description":"Munic\u00edpio de Albufeira entrega carrinha \u00e0 freguesia da Guia para transporte escolar Atualidade","breadcrumb":{"@id":"https:\/\/algarve7.pt\/index.php\/2023\/07\/municipio-de-albufeira-entrega-carrinha-a-freguesia-da-guia-para-transporte-escolar\/atualidade\/09\/50\/#breadcrumb"},"inLanguage":"pt-PT","potentialAction":[{"@type":"ReadAction","target":["https:\/\/algarve7.pt\/index.php\/2023\/07\/municipio-de-albufeira-entrega-carrinha-a-freguesia-da-guia-para-transporte-escolar\/atualidade\/09\/50\/"]}]},{"@type":"ImageObject","inLanguage":"pt-PT","@id":"https:\/\/algarve7.pt\/index.php\/2023\/07\/municipio-de-albufeira-entrega-carrinha-a-freguesia-da-guia-para-transporte-escolar\/atualidade\/09\/50\/#primaryimage","url":"https:\/\/algarve7.pt\/wp-content\/uploads\/2023\/07\/CMA\u00a9RuiGregorio_14040.jpg","contentUrl":"https:\/\/algarve7.pt\/wp-content\/uploads\/2023\/07\/CMA\u00a9RuiGregorio_14040.jpg","width":1024,"height":692},{"@type":"BreadcrumbList","@id":"https:\/\/algarve7.pt\/index.php\/2023\/07\/municipio-de-albufeira-entrega-carrinha-a-freguesia-da-guia-para-transporte-escolar\/atualidade\/09\/50\/#breadcrumb","itemListElement":[{"@type":"ListItem","position":1,"name":"In\u00edcio","item":"https:\/\/algarve7.pt\/"},{"@type":"ListItem","position":2,"name":"Munic\u00edpio de Albufeira entrega carrinha \u00e0 freguesia da Guia para transporte escolar"}]},{"@type":"WebSite","@id":"https:\/\/algarve7.pt\/#website","url":"https:\/\/algarve7.pt\/","name":"Algarve 7","description":"Informa\u00e7\u00e3o sobre o Algarve","publisher":{"@id":"https:\/\/algarve7.pt\/#organization"},"potentialAction":[{"@type":"SearchAction","target":{"@type":"EntryPoint","urlTemplate":"https:\/\/algarve7.pt\/?s={search_term_string}"},"query-input":{"@type":"PropertyValueSpecification","valueRequired":true,"valueName":"search_term_string"}}],"inLanguage":"pt-PT"},{"@type":"Organization","@id":"https:\/\/algarve7.pt\/#organization","name":"Algarve 7","url":"https:\/\/algarve7.pt\/","logo":{"@type":"ImageObject","inLanguage":"pt-PT","@id":"https:\/\/algarve7.pt\/#\/schema\/logo\/image\/","url":"https:\/\/algarve7.pt\/wp-content\/uploads\/2020\/10\/Logo-8.jpg","contentUrl":"https:\/\/algarve7.pt\/wp-content\/uploads\/2020\/10\/Logo-8.jpg","width":1680,"height":1186,"caption":"Algarve 7"},"image":{"@id":"https:\/\/algarve7.pt\/#\/schema\/logo\/image\/"},"sameAs":["https:\/\/www.facebook.com\/algarve7","https:\/\/x.com\/Algarvesete","https:\/\/www.instagram.com\/jornalalgarve7\/","https:\/\/www.linkedin.com\/company\/algarve7","https:\/\/www.pinterest.pt\/geral0939\/_created\/"]},{"@type":"Person","@id":"https:\/\/algarve7.pt\/#\/schema\/person\/23fa70681308e7b319a3204bcea45e0c","name":"Algarve 7","sameAs":["https:\/\/algarve7.pt","https:\/\/www.facebook.com\/algarve7"],"url":"https:\/\/algarve7.pt\/index.php\/author\/geralalgarve7-pt\/"}]}},"jetpack_publicize_connections":[],"jetpack_featured_media_url":"https:\/\/algarve7.pt\/wp-content\/uploads\/2023\/07\/CMA\u00a9RuiGregorio_14040.jpg","jetpack_shortlink":"https:\/\/wp.me\/pcezmW-7Hc","jetpack_sharing_enabled":true,"_links":{"self":[{"href":"https:\/\/algarve7.pt\/index.php\/wp-json\/wp\/v2\/posts\/29586","targetHints":{"allow":["GET"]}}],"collection":[{"href":"https:\/\/algarve7.pt\/index.php\/wp-json\/wp\/v2\/posts"}],"about":[{"href":"https:\/\/algarve7.pt\/index.php\/wp-json\/wp\/v2\/types\/post"}],"author":[{"embeddable":true,"href":"https:\/\/algarve7.pt\/index.php\/wp-json\/wp\/v2\/users\/1"}],"replies":[{"embeddable":true,"href":"https:\/\/algarve7.pt\/index.php\/wp-json\/wp\/v2\/comments?post=29586"}],"version-history":[{"count":0,"href":"https:\/\/algarve7.pt\/index.php\/wp-json\/wp\/v2\/posts\/29586\/revisions"}],"wp:featuredmedia":[{"embeddable":true,"href":"https:\/\/algarve7.pt\/index.php\/wp-json\/wp\/v2\/media\/29587"}],"wp:attachment":[{"href":"https:\/\/algarve7.pt\/index.php\/wp-json\/wp\/v2\/media?parent=29586"}],"wp:term":[{"taxonomy":"category","embeddable":true,"href":"https:\/\/algarve7.pt\/index.php\/wp-json\/wp\/v2\/categories?post=29586"},{"taxonomy":"post_tag","embeddable":true,"href":"https:\/\/algarve7.pt\/index.php\/wp-json\/wp\/v2\/tags?post=29586"}],"curies":[{"name":"wp","href":"https:\/\/api.w.org\/{rel}","templated":true}]}}