{"id":29554,"date":"2023-07-19T09:15:00","date_gmt":"2023-07-19T08:15:00","guid":{"rendered":"https:\/\/algarve7.pt\/?p=29554"},"modified":"2023-07-18T21:08:27","modified_gmt":"2023-07-18T20:08:27","slug":"viagem-pelo-clima-chegara-a-faro","status":"publish","type":"post","link":"https:\/\/algarve7.pt\/index.php\/2023\/07\/viagem-pelo-clima-chegara-a-faro\/ambiente\/09\/15\/","title":{"rendered":"\u201cViagem pelo clima\u201d chegar\u00e1 a Faro"},"content":{"rendered":"\n<p>O Munic\u00edpio de Faro ser\u00e1 um dos sete Munic\u00edpios participantes no projeto \u201cViagem pelo Clima\u201d, uma competi\u00e7\u00e3o que envolver\u00e1 tr\u00eas equipas, desenvolvida no \u00e2mbito do Cooler World &#8211; um movimento criado pela Get2C, com o objetivo de informar e inspirar a popula\u00e7\u00e3o rumo \u00e0 Neutralidade Carb\u00f3nica e a uma vida mais sustent\u00e1vel.<\/p>\n\n\n\n<p>As equipas de quatro pessoas, j\u00e1 selecionadas, percorrer\u00e3o o pa\u00eds de Norte a Sul, durante 10 dias, da forma mais sustent\u00e1vel poss\u00edvel e com o maior impacto positivo nas comunidades. Sendo um jogo, os participantes recorrer\u00e3o a uma moeda fict\u00edcia \u2013 que se chamar\u00e1 \u201cClima\u201d \u2013 para a gest\u00e3o de recursos e avalia\u00e7\u00e3o dos resultados. Ao longo do percurso enfrentar\u00e3o v\u00e1rios desafios, que ter\u00e3o lugar e contar\u00e3o com a colabora\u00e7\u00e3o dos munic\u00edpios parceiros, sagrando-se vencedora a equipa que gastar a menor quantidade de \u201cclimas\u201d, fazendo as op\u00e7\u00f5es mais sustent\u00e1veis de transportes, alimenta\u00e7\u00e3o, alojamento, etc. O pr\u00e9mio final ser\u00e1 a oportunidade de participar na Confer\u00eancia das Na\u00e7\u00f5es Unidas (ONU) sobre as Altera\u00e7\u00f5es Clim\u00e1ticas \u2013 COP28, no Dubai, que se realiza de 30 de novembro a 12 de dezembro deste ano<\/p>\n\n\n\n<p>O Munic\u00edpio de Faro ser\u00e1 um dos parceiros deste projeto e est\u00e1 j\u00e1 a pensar como estruturar\u00e1 o desafio que ter\u00e1 lugar no seu territ\u00f3rio, tendo em considera\u00e7\u00e3o as necessidades mais prementes do concelho, no que toca \u00e0 sustentabilidade. Para al\u00e9m do desafio, o projeto implicar\u00e1 o envolvimento de alunos (de 9\u00ba ano) das escolas do concelho, para que se possam realizar mini-COP\u2019s, \u00e0 semelhan\u00e7a do que acontece com a iniciativa organizada pela ONU. Os alunos de cada escola far\u00e3o o seu pr\u00f3prio debate de ideias e a escolhida competir\u00e1 com as demais, para, no final, ser apresentada \u00e0 autarquia uma proposta de melhoria do trabalho a desenvolver futuramente. Os vencedores concelhios ter\u00e3o, ainda, a oportunidade de participar, na Assembleia da Rep\u00fablica, num encontro com todos os intervenientes e um alto respons\u00e1vel do Minist\u00e9rio do Ambiente, para debater as v\u00e1rias sugest\u00f5es.<\/p>\n\n\n\n<p>J\u00e1 os t\u00e9cnicos da C\u00e2mara Municipal de Faro (CMF) receber\u00e3o forma\u00e7\u00e3o e, no final do projeto, a CMF dever\u00e1 assinar uma carta de compromisso \u201cViagem pelo Clima\u201d, na qual se comprometer\u00e1 a implementar medidas conducentes \u00e0 Neutralidade Carb\u00f3nica.<\/p>\n\n\n\n<p>Entre os objetivos da iniciativa, destacam-se os seguintes: mobilizar a sociedade portuguesa para a urgente transi\u00e7\u00e3o clim\u00e1tica, atrav\u00e9s de um convite \u00e0 participa\u00e7\u00e3o direta de uma forma apelativa e desafiante; contribuir para a mobiliza\u00e7\u00e3o dos Munic\u00edpios portugueses no caminho da descarboniza\u00e7\u00e3o; demonstrar a influ\u00eancia dos estilos de vida de cada pessoa na sua pegada de carbono e pegada h\u00eddrica, analisando o impacto das escolhas e comportamentos no dia a dia; demonstrar a viabilidade dos diferentes modos de transporte (em alternativa aos combust\u00edveis f\u00f3sseis), das escolhas alimentares e do consumo de \u00e1gua.<\/p>\n\n\n\n<p>O projeto permitir\u00e1, igualmente, que o trabalho da CMF neste campo ganhe uma visibilidade medi\u00e1tica significativa, dando a conhecer as boas pr\u00e1ticas j\u00e1 implementadas e proporcionar\u00e1, igualmente, uma sensibiliza\u00e7\u00e3o da popula\u00e7\u00e3o para estas tem\u00e1ticas, atrav\u00e9s do envolvimento da comunidade escolar e das iniciativas a desenvolver.<\/p>\n","protected":false},"excerpt":{"rendered":"<p>O Munic\u00edpio de Faro ser\u00e1 um dos sete Munic\u00edpios participantes no projeto \u201cViagem pelo Clima\u201d, uma competi\u00e7\u00e3o que envolver\u00e1 tr\u00eas<\/p>\n","protected":false},"author":1,"featured_media":29555,"comment_status":"closed","ping_status":"open","sticky":false,"template":"","format":"standard","meta":{"colormag_page_container_layout":"default_layout","colormag_page_sidebar_layout":"default_layout","_monsterinsights_skip_tracking":false,"_monsterinsights_sitenote_active":false,"_monsterinsights_sitenote_note":"","_monsterinsights_sitenote_category":0,"jetpack_post_was_ever_published":false,"_jetpack_newsletter_access":"","_jetpack_dont_email_post_to_subs":false,"_jetpack_newsletter_tier_id":0,"_jetpack_memberships_contains_paywalled_content":false,"_jetpack_memberships_contains_paid_content":false,"footnotes":"","jetpack_publicize_message":"","jetpack_publicize_feature_enabled":true,"jetpack_social_post_already_shared":true,"jetpack_social_options":{"image_generator_settings":{"template":"highway","default_image_id":0,"font":"","enabled":false},"version":2}},"categories":[5],"tags":[36,32,57],"class_list":["post-29554","post","type-post","status-publish","format-standard","has-post-thumbnail","hentry","category-ambiente","tag-algarve","tag-ambiente","tag-faro"],"yoast_head":"<!-- This site is optimized with the Yoast SEO plugin v27.5 - https:\/\/yoast.com\/product\/yoast-seo-wordpress\/ -->\n<title>\u201cViagem pelo clima\u201d chegar\u00e1 a Faro - Algarve 7<\/title>\n<meta name=\"description\" content=\"\u201cViagem pelo clima\u201d chegar\u00e1 a Faro Ambiente\" \/>\n<meta name=\"robots\" content=\"index, follow, max-snippet:-1, max-image-preview:large, max-video-preview:-1\" \/>\n<link rel=\"canonical\" href=\"https:\/\/algarve7.pt\/index.php\/2023\/07\/viagem-pelo-clima-chegara-a-faro\/ambiente\/09\/15\/\" \/>\n<meta property=\"og:locale\" content=\"pt_PT\" \/>\n<meta property=\"og:type\" content=\"article\" \/>\n<meta property=\"og:title\" content=\"\u201cViagem pelo clima\u201d chegar\u00e1 a Faro - Algarve 7\" \/>\n<meta property=\"og:description\" content=\"\u201cViagem pelo clima\u201d chegar\u00e1 a Faro Ambiente\" \/>\n<meta property=\"og:url\" content=\"https:\/\/algarve7.pt\/index.php\/2023\/07\/viagem-pelo-clima-chegara-a-faro\/ambiente\/09\/15\/\" \/>\n<meta property=\"og:site_name\" content=\"Algarve 7\" \/>\n<meta property=\"article:publisher\" content=\"https:\/\/www.facebook.com\/algarve7\" \/>\n<meta property=\"article:author\" content=\"https:\/\/www.facebook.com\/algarve7\" \/>\n<meta property=\"article:published_time\" content=\"2023-07-19T08:15:00+00:00\" \/>\n<meta property=\"og:image\" content=\"https:\/\/algarve7.pt\/wp-content\/uploads\/2023\/07\/viagem-pelo-clima.jpg\" \/>\n\t<meta property=\"og:image:width\" content=\"1080\" \/>\n\t<meta property=\"og:image:height\" content=\"765\" \/>\n\t<meta property=\"og:image:type\" content=\"image\/jpeg\" \/>\n<meta name=\"author\" content=\"Algarve 7\" \/>\n<meta name=\"twitter:card\" content=\"summary_large_image\" \/>\n<meta name=\"twitter:creator\" content=\"@Algarvesete\" \/>\n<meta name=\"twitter:site\" content=\"@Algarvesete\" \/>\n<meta name=\"twitter:label1\" content=\"Escrito por\" \/>\n\t<meta name=\"twitter:data1\" content=\"Algarve 7\" \/>\n\t<meta name=\"twitter:label2\" content=\"Tempo estimado de leitura\" \/>\n\t<meta name=\"twitter:data2\" content=\"3 minutos\" \/>\n<script type=\"application\/ld+json\" class=\"yoast-schema-graph\">{\"@context\":\"https:\\\/\\\/schema.org\",\"@graph\":[{\"@type\":\"Article\",\"@id\":\"https:\\\/\\\/algarve7.pt\\\/index.php\\\/2023\\\/07\\\/viagem-pelo-clima-chegara-a-faro\\\/ambiente\\\/09\\\/15\\\/#article\",\"isPartOf\":{\"@id\":\"https:\\\/\\\/algarve7.pt\\\/index.php\\\/2023\\\/07\\\/viagem-pelo-clima-chegara-a-faro\\\/ambiente\\\/09\\\/15\\\/\"},\"author\":{\"name\":\"Algarve 7\",\"@id\":\"https:\\\/\\\/algarve7.pt\\\/#\\\/schema\\\/person\\\/23fa70681308e7b319a3204bcea45e0c\"},\"headline\":\"\u201cViagem pelo clima\u201d chegar\u00e1 a Faro\",\"datePublished\":\"2023-07-19T08:15:00+00:00\",\"mainEntityOfPage\":{\"@id\":\"https:\\\/\\\/algarve7.pt\\\/index.php\\\/2023\\\/07\\\/viagem-pelo-clima-chegara-a-faro\\\/ambiente\\\/09\\\/15\\\/\"},\"wordCount\":555,\"publisher\":{\"@id\":\"https:\\\/\\\/algarve7.pt\\\/#organization\"},\"image\":{\"@id\":\"https:\\\/\\\/algarve7.pt\\\/index.php\\\/2023\\\/07\\\/viagem-pelo-clima-chegara-a-faro\\\/ambiente\\\/09\\\/15\\\/#primaryimage\"},\"thumbnailUrl\":\"https:\\\/\\\/algarve7.pt\\\/wp-content\\\/uploads\\\/2023\\\/07\\\/viagem-pelo-clima.jpg\",\"keywords\":[\"Algarve\",\"Ambiente\",\"Faro\"],\"articleSection\":[\"Ambiente\"],\"inLanguage\":\"pt-PT\"},{\"@type\":\"WebPage\",\"@id\":\"https:\\\/\\\/algarve7.pt\\\/index.php\\\/2023\\\/07\\\/viagem-pelo-clima-chegara-a-faro\\\/ambiente\\\/09\\\/15\\\/\",\"url\":\"https:\\\/\\\/algarve7.pt\\\/index.php\\\/2023\\\/07\\\/viagem-pelo-clima-chegara-a-faro\\\/ambiente\\\/09\\\/15\\\/\",\"name\":\"\u201cViagem pelo clima\u201d chegar\u00e1 a Faro - Algarve 7\",\"isPartOf\":{\"@id\":\"https:\\\/\\\/algarve7.pt\\\/#website\"},\"primaryImageOfPage\":{\"@id\":\"https:\\\/\\\/algarve7.pt\\\/index.php\\\/2023\\\/07\\\/viagem-pelo-clima-chegara-a-faro\\\/ambiente\\\/09\\\/15\\\/#primaryimage\"},\"image\":{\"@id\":\"https:\\\/\\\/algarve7.pt\\\/index.php\\\/2023\\\/07\\\/viagem-pelo-clima-chegara-a-faro\\\/ambiente\\\/09\\\/15\\\/#primaryimage\"},\"thumbnailUrl\":\"https:\\\/\\\/algarve7.pt\\\/wp-content\\\/uploads\\\/2023\\\/07\\\/viagem-pelo-clima.jpg\",\"datePublished\":\"2023-07-19T08:15:00+00:00\",\"description\":\"\u201cViagem pelo clima\u201d chegar\u00e1 a Faro Ambiente\",\"breadcrumb\":{\"@id\":\"https:\\\/\\\/algarve7.pt\\\/index.php\\\/2023\\\/07\\\/viagem-pelo-clima-chegara-a-faro\\\/ambiente\\\/09\\\/15\\\/#breadcrumb\"},\"inLanguage\":\"pt-PT\",\"potentialAction\":[{\"@type\":\"ReadAction\",\"target\":[\"https:\\\/\\\/algarve7.pt\\\/index.php\\\/2023\\\/07\\\/viagem-pelo-clima-chegara-a-faro\\\/ambiente\\\/09\\\/15\\\/\"]}]},{\"@type\":\"ImageObject\",\"inLanguage\":\"pt-PT\",\"@id\":\"https:\\\/\\\/algarve7.pt\\\/index.php\\\/2023\\\/07\\\/viagem-pelo-clima-chegara-a-faro\\\/ambiente\\\/09\\\/15\\\/#primaryimage\",\"url\":\"https:\\\/\\\/algarve7.pt\\\/wp-content\\\/uploads\\\/2023\\\/07\\\/viagem-pelo-clima.jpg\",\"contentUrl\":\"https:\\\/\\\/algarve7.pt\\\/wp-content\\\/uploads\\\/2023\\\/07\\\/viagem-pelo-clima.jpg\",\"width\":1080,\"height\":765},{\"@type\":\"BreadcrumbList\",\"@id\":\"https:\\\/\\\/algarve7.pt\\\/index.php\\\/2023\\\/07\\\/viagem-pelo-clima-chegara-a-faro\\\/ambiente\\\/09\\\/15\\\/#breadcrumb\",\"itemListElement\":[{\"@type\":\"ListItem\",\"position\":1,\"name\":\"In\u00edcio\",\"item\":\"https:\\\/\\\/algarve7.pt\\\/\"},{\"@type\":\"ListItem\",\"position\":2,\"name\":\"\u201cViagem pelo clima\u201d chegar\u00e1 a Faro\"}]},{\"@type\":\"WebSite\",\"@id\":\"https:\\\/\\\/algarve7.pt\\\/#website\",\"url\":\"https:\\\/\\\/algarve7.pt\\\/\",\"name\":\"Algarve 7\",\"description\":\"Informa\u00e7\u00e3o sobre o Algarve\",\"publisher\":{\"@id\":\"https:\\\/\\\/algarve7.pt\\\/#organization\"},\"potentialAction\":[{\"@type\":\"SearchAction\",\"target\":{\"@type\":\"EntryPoint\",\"urlTemplate\":\"https:\\\/\\\/algarve7.pt\\\/?s={search_term_string}\"},\"query-input\":{\"@type\":\"PropertyValueSpecification\",\"valueRequired\":true,\"valueName\":\"search_term_string\"}}],\"inLanguage\":\"pt-PT\"},{\"@type\":\"Organization\",\"@id\":\"https:\\\/\\\/algarve7.pt\\\/#organization\",\"name\":\"Algarve 7\",\"url\":\"https:\\\/\\\/algarve7.pt\\\/\",\"logo\":{\"@type\":\"ImageObject\",\"inLanguage\":\"pt-PT\",\"@id\":\"https:\\\/\\\/algarve7.pt\\\/#\\\/schema\\\/logo\\\/image\\\/\",\"url\":\"https:\\\/\\\/algarve7.pt\\\/wp-content\\\/uploads\\\/2020\\\/10\\\/Logo-8.jpg\",\"contentUrl\":\"https:\\\/\\\/algarve7.pt\\\/wp-content\\\/uploads\\\/2020\\\/10\\\/Logo-8.jpg\",\"width\":1680,\"height\":1186,\"caption\":\"Algarve 7\"},\"image\":{\"@id\":\"https:\\\/\\\/algarve7.pt\\\/#\\\/schema\\\/logo\\\/image\\\/\"},\"sameAs\":[\"https:\\\/\\\/www.facebook.com\\\/algarve7\",\"https:\\\/\\\/x.com\\\/Algarvesete\",\"https:\\\/\\\/www.instagram.com\\\/jornalalgarve7\\\/\",\"https:\\\/\\\/www.linkedin.com\\\/company\\\/algarve7\",\"https:\\\/\\\/www.pinterest.pt\\\/geral0939\\\/_created\\\/\"]},{\"@type\":\"Person\",\"@id\":\"https:\\\/\\\/algarve7.pt\\\/#\\\/schema\\\/person\\\/23fa70681308e7b319a3204bcea45e0c\",\"name\":\"Algarve 7\",\"sameAs\":[\"https:\\\/\\\/algarve7.pt\",\"https:\\\/\\\/www.facebook.com\\\/algarve7\"],\"url\":\"https:\\\/\\\/algarve7.pt\\\/index.php\\\/author\\\/geralalgarve7-pt\\\/\"}]}<\/script>\n<!-- \/ Yoast SEO plugin. -->","yoast_head_json":{"title":"\u201cViagem pelo clima\u201d chegar\u00e1 a Faro - Algarve 7","description":"\u201cViagem pelo clima\u201d chegar\u00e1 a Faro Ambiente","robots":{"index":"index","follow":"follow","max-snippet":"max-snippet:-1","max-image-preview":"max-image-preview:large","max-video-preview":"max-video-preview:-1"},"canonical":"https:\/\/algarve7.pt\/index.php\/2023\/07\/viagem-pelo-clima-chegara-a-faro\/ambiente\/09\/15\/","og_locale":"pt_PT","og_type":"article","og_title":"\u201cViagem pelo clima\u201d chegar\u00e1 a Faro - Algarve 7","og_description":"\u201cViagem pelo clima\u201d chegar\u00e1 a Faro Ambiente","og_url":"https:\/\/algarve7.pt\/index.php\/2023\/07\/viagem-pelo-clima-chegara-a-faro\/ambiente\/09\/15\/","og_site_name":"Algarve 7","article_publisher":"https:\/\/www.facebook.com\/algarve7","article_author":"https:\/\/www.facebook.com\/algarve7","article_published_time":"2023-07-19T08:15:00+00:00","og_image":[{"width":1080,"height":765,"url":"https:\/\/algarve7.pt\/wp-content\/uploads\/2023\/07\/viagem-pelo-clima.jpg","type":"image\/jpeg"}],"author":"Algarve 7","twitter_card":"summary_large_image","twitter_creator":"@Algarvesete","twitter_site":"@Algarvesete","twitter_misc":{"Escrito por":"Algarve 7","Tempo estimado de leitura":"3 minutos"},"schema":{"@context":"https:\/\/schema.org","@graph":[{"@type":"Article","@id":"https:\/\/algarve7.pt\/index.php\/2023\/07\/viagem-pelo-clima-chegara-a-faro\/ambiente\/09\/15\/#article","isPartOf":{"@id":"https:\/\/algarve7.pt\/index.php\/2023\/07\/viagem-pelo-clima-chegara-a-faro\/ambiente\/09\/15\/"},"author":{"name":"Algarve 7","@id":"https:\/\/algarve7.pt\/#\/schema\/person\/23fa70681308e7b319a3204bcea45e0c"},"headline":"\u201cViagem pelo clima\u201d chegar\u00e1 a Faro","datePublished":"2023-07-19T08:15:00+00:00","mainEntityOfPage":{"@id":"https:\/\/algarve7.pt\/index.php\/2023\/07\/viagem-pelo-clima-chegara-a-faro\/ambiente\/09\/15\/"},"wordCount":555,"publisher":{"@id":"https:\/\/algarve7.pt\/#organization"},"image":{"@id":"https:\/\/algarve7.pt\/index.php\/2023\/07\/viagem-pelo-clima-chegara-a-faro\/ambiente\/09\/15\/#primaryimage"},"thumbnailUrl":"https:\/\/algarve7.pt\/wp-content\/uploads\/2023\/07\/viagem-pelo-clima.jpg","keywords":["Algarve","Ambiente","Faro"],"articleSection":["Ambiente"],"inLanguage":"pt-PT"},{"@type":"WebPage","@id":"https:\/\/algarve7.pt\/index.php\/2023\/07\/viagem-pelo-clima-chegara-a-faro\/ambiente\/09\/15\/","url":"https:\/\/algarve7.pt\/index.php\/2023\/07\/viagem-pelo-clima-chegara-a-faro\/ambiente\/09\/15\/","name":"\u201cViagem pelo clima\u201d chegar\u00e1 a Faro - Algarve 7","isPartOf":{"@id":"https:\/\/algarve7.pt\/#website"},"primaryImageOfPage":{"@id":"https:\/\/algarve7.pt\/index.php\/2023\/07\/viagem-pelo-clima-chegara-a-faro\/ambiente\/09\/15\/#primaryimage"},"image":{"@id":"https:\/\/algarve7.pt\/index.php\/2023\/07\/viagem-pelo-clima-chegara-a-faro\/ambiente\/09\/15\/#primaryimage"},"thumbnailUrl":"https:\/\/algarve7.pt\/wp-content\/uploads\/2023\/07\/viagem-pelo-clima.jpg","datePublished":"2023-07-19T08:15:00+00:00","description":"\u201cViagem pelo clima\u201d chegar\u00e1 a Faro Ambiente","breadcrumb":{"@id":"https:\/\/algarve7.pt\/index.php\/2023\/07\/viagem-pelo-clima-chegara-a-faro\/ambiente\/09\/15\/#breadcrumb"},"inLanguage":"pt-PT","potentialAction":[{"@type":"ReadAction","target":["https:\/\/algarve7.pt\/index.php\/2023\/07\/viagem-pelo-clima-chegara-a-faro\/ambiente\/09\/15\/"]}]},{"@type":"ImageObject","inLanguage":"pt-PT","@id":"https:\/\/algarve7.pt\/index.php\/2023\/07\/viagem-pelo-clima-chegara-a-faro\/ambiente\/09\/15\/#primaryimage","url":"https:\/\/algarve7.pt\/wp-content\/uploads\/2023\/07\/viagem-pelo-clima.jpg","contentUrl":"https:\/\/algarve7.pt\/wp-content\/uploads\/2023\/07\/viagem-pelo-clima.jpg","width":1080,"height":765},{"@type":"BreadcrumbList","@id":"https:\/\/algarve7.pt\/index.php\/2023\/07\/viagem-pelo-clima-chegara-a-faro\/ambiente\/09\/15\/#breadcrumb","itemListElement":[{"@type":"ListItem","position":1,"name":"In\u00edcio","item":"https:\/\/algarve7.pt\/"},{"@type":"ListItem","position":2,"name":"\u201cViagem pelo clima\u201d chegar\u00e1 a Faro"}]},{"@type":"WebSite","@id":"https:\/\/algarve7.pt\/#website","url":"https:\/\/algarve7.pt\/","name":"Algarve 7","description":"Informa\u00e7\u00e3o sobre o Algarve","publisher":{"@id":"https:\/\/algarve7.pt\/#organization"},"potentialAction":[{"@type":"SearchAction","target":{"@type":"EntryPoint","urlTemplate":"https:\/\/algarve7.pt\/?s={search_term_string}"},"query-input":{"@type":"PropertyValueSpecification","valueRequired":true,"valueName":"search_term_string"}}],"inLanguage":"pt-PT"},{"@type":"Organization","@id":"https:\/\/algarve7.pt\/#organization","name":"Algarve 7","url":"https:\/\/algarve7.pt\/","logo":{"@type":"ImageObject","inLanguage":"pt-PT","@id":"https:\/\/algarve7.pt\/#\/schema\/logo\/image\/","url":"https:\/\/algarve7.pt\/wp-content\/uploads\/2020\/10\/Logo-8.jpg","contentUrl":"https:\/\/algarve7.pt\/wp-content\/uploads\/2020\/10\/Logo-8.jpg","width":1680,"height":1186,"caption":"Algarve 7"},"image":{"@id":"https:\/\/algarve7.pt\/#\/schema\/logo\/image\/"},"sameAs":["https:\/\/www.facebook.com\/algarve7","https:\/\/x.com\/Algarvesete","https:\/\/www.instagram.com\/jornalalgarve7\/","https:\/\/www.linkedin.com\/company\/algarve7","https:\/\/www.pinterest.pt\/geral0939\/_created\/"]},{"@type":"Person","@id":"https:\/\/algarve7.pt\/#\/schema\/person\/23fa70681308e7b319a3204bcea45e0c","name":"Algarve 7","sameAs":["https:\/\/algarve7.pt","https:\/\/www.facebook.com\/algarve7"],"url":"https:\/\/algarve7.pt\/index.php\/author\/geralalgarve7-pt\/"}]}},"jetpack_publicize_connections":[],"jetpack_featured_media_url":"https:\/\/algarve7.pt\/wp-content\/uploads\/2023\/07\/viagem-pelo-clima.jpg","jetpack_shortlink":"https:\/\/wp.me\/pcezmW-7GG","jetpack_sharing_enabled":true,"_links":{"self":[{"href":"https:\/\/algarve7.pt\/index.php\/wp-json\/wp\/v2\/posts\/29554","targetHints":{"allow":["GET"]}}],"collection":[{"href":"https:\/\/algarve7.pt\/index.php\/wp-json\/wp\/v2\/posts"}],"about":[{"href":"https:\/\/algarve7.pt\/index.php\/wp-json\/wp\/v2\/types\/post"}],"author":[{"embeddable":true,"href":"https:\/\/algarve7.pt\/index.php\/wp-json\/wp\/v2\/users\/1"}],"replies":[{"embeddable":true,"href":"https:\/\/algarve7.pt\/index.php\/wp-json\/wp\/v2\/comments?post=29554"}],"version-history":[{"count":0,"href":"https:\/\/algarve7.pt\/index.php\/wp-json\/wp\/v2\/posts\/29554\/revisions"}],"wp:featuredmedia":[{"embeddable":true,"href":"https:\/\/algarve7.pt\/index.php\/wp-json\/wp\/v2\/media\/29555"}],"wp:attachment":[{"href":"https:\/\/algarve7.pt\/index.php\/wp-json\/wp\/v2\/media?parent=29554"}],"wp:term":[{"taxonomy":"category","embeddable":true,"href":"https:\/\/algarve7.pt\/index.php\/wp-json\/wp\/v2\/categories?post=29554"},{"taxonomy":"post_tag","embeddable":true,"href":"https:\/\/algarve7.pt\/index.php\/wp-json\/wp\/v2\/tags?post=29554"}],"curies":[{"name":"wp","href":"https:\/\/api.w.org\/{rel}","templated":true}]}}