{"id":29509,"date":"2023-07-17T14:32:19","date_gmt":"2023-07-17T13:32:19","guid":{"rendered":"https:\/\/algarve7.pt\/?p=29509"},"modified":"2023-07-17T14:32:23","modified_gmt":"2023-07-17T13:32:23","slug":"governo-distingue-louletano-com-medalha-de-honra-ao-merito-desportivo","status":"publish","type":"post","link":"https:\/\/algarve7.pt\/index.php\/2023\/07\/governo-distingue-louletano-com-medalha-de-honra-ao-merito-desportivo\/desporto\/14\/32\/","title":{"rendered":"Governo distingue Louletano com medalha de honra ao m\u00e9rito desportivo"},"content":{"rendered":"\n<p class=\"wp-block-paragraph\">As portas do Sal\u00e3o Nobre dos Pa\u00e7os do Concelho abriram-se na manh\u00e3 de s\u00e1bado para receber a cerim\u00f3nia de atribui\u00e7\u00e3o da Medalha de Honra ao M\u00e9rito Desportivo ao Louletano Desportos Clube, pelo secret\u00e1rio de Estado da Juventude e do Desporto, Jo\u00e3o Paulo Correia.<\/p>\n\n\n\n<p class=\"wp-block-paragraph\">No ano em que a institui\u00e7\u00e3o assinala 100 anos de exist\u00eancia, o respons\u00e1vel pela pasta do Desporto justificou a distin\u00e7\u00e3o precisamente por esta \u201ccircunst\u00e2ncia especial\u201d. \u201cTemos seguido um crit\u00e9rio muito apertado, a do anivers\u00e1rio redondo quando os clubes cumprem 50, 75, 100 ou acima de 100 anos. O Louletano junta-se ao lote dos clubes desportivos centen\u00e1rios do nosso pa\u00eds\u201d, explicou.<\/p>\n\n\n\n<p class=\"wp-block-paragraph\">Este foi mais um momento simb\u00f3lico de reconhecimento ao clube pelos servi\u00e7os prestados em prol do desporto nacional e pelo contributo para prestigiar o nome de Loul\u00e9, do Algarve e do Pa\u00eds. Em maio, na Semana do Munic\u00edpio, o clube foi agraciado com a Medalha de M\u00e9rito Municipal \u2013 Grau Ouro. J\u00e1 este m\u00eas, a Associa\u00e7\u00e3o de Futebol do Algarve atribuiu o pr\u00e9mio de Dirigente do Ano ao seu presidente, Ant\u00f3nio do Adro.<\/p>\n\n\n\n<p class=\"wp-block-paragraph\">O Louletano foi fundado a 6 de junho de 1923, uma \u00e9poca rica em termos de surgimento de coletividades desportivas no pa\u00eds, como recordou Jo\u00e3o Paulo Correia. \u201cAs d\u00e9cadas de 20 e 30 do s\u00e9culo passado foram d\u00e9cadas muito virtuosas do ponto de vista da din\u00e2mica desportiva\u201d, relembrou o secret\u00e1rio de Estado. Homens da terra que, por contacto com outros territ\u00f3rios ou por serem emigrantes regressados a Portugal, tomaram a iniciativa de fundar clubes desportivos, disponibilizando \u00e0s popula\u00e7\u00f5es pobres e carentes a pr\u00e1tica desportiva.<\/p>\n\n\n\n<p class=\"wp-block-paragraph\">O ecletismo que caracterizou esse per\u00edodo esteve tamb\u00e9m na g\u00e9nese do clube algarvio \u2013 e do seu pr\u00f3prio nome \u2013 marcando o historial do Louletano at\u00e9 aos dias de hoje. Mas de entre as v\u00e1rias modalidades do clube, o Ciclismo \u00e9 a que tem dado mais \u201cmediatismo\u201d e pela qual o Louletano \u00e9 conhecido em todos os pontos do pa\u00eds, como foi destacado durante esta sess\u00e3o.<\/p>\n\n\n\n<p class=\"wp-block-paragraph\">Al\u00e9m de ser o mais antigo clube do concelho, com uma grande implanta\u00e7\u00e3o local, por onde passaram muitas gera\u00e7\u00f5es de louletanos e que \u201cdiz muito \u00e0s pessoas de Loul\u00e9\u201d, \u00e9 tamb\u00e9m na esfera regional que o LDC se destaca como um dos principais clubes algarvios. \u201c\u00c9 uma marca identit\u00e1ria do concelho de Loul\u00e9, refer\u00eancia regional e ao longo das d\u00e9cadas cumpre o des\u00edgnio da sua funda\u00e7\u00e3o que \u00e9 de ser um clube que disponibiliza mais do que uma modalidade aos jovens do seu concelho\u201d, afirmou Jo\u00e3o Paulo Correia.<\/p>\n\n\n\n<p class=\"wp-block-paragraph\">Ant\u00f3nio do Adro, presidente do clube h\u00e1 mais de duas d\u00e9cadas, expressou a sua alegria por receber esta distin\u00e7\u00e3o. \u201cEsta Medalha \u00e9 de todos os louletanos!\u201d. E neste momento real\u00e7ou tamb\u00e9m a import\u00e2ncia do clube em termos de forma\u00e7\u00e3o nas mais diversas modalidades, do Futebol ao Futsal, da Gin\u00e1stica \u00e0 Nata\u00e7\u00e3o, do Powerlifting ao Triatlo, sem esquecer obviamente a Escola de Ciclismo.<\/p>\n\n\n\n<p class=\"wp-block-paragraph\">Neste momento onde esteve reunida parte da \u201cfam\u00edlia LDC\u201d deixou um agradecimento especial ao Munic\u00edpio de Loul\u00e9 por todo o apoio prestado ao clube.<\/p>\n\n\n\n<p class=\"wp-block-paragraph\">J\u00e1 o autarca V\u00edtor Aleixo, sublinhou a import\u00e2ncia desta institui\u00e7\u00e3o para a comunidade, \u201cum clube por onde passaram muitas gera\u00e7\u00f5es de atletas\u201d.<\/p>\n\n\n\n<p class=\"wp-block-paragraph\">E se foi no Ciclismo que o Louletano se tornou mais conhecido at\u00e9 por ser uma modalidade que tem neste concelho \u201cuma falange de entusiastas muito antiga\u201d, o presidente da C\u00e2mara Municipal de Loul\u00e9 recordou o nome do ingl\u00eas Cayn Theakston, o ciclista que trouxe para o Louletano uma vit\u00f3ria na Volta a Portugal em Bicicleta\u201d.<\/p>\n\n\n\n<p class=\"wp-block-paragraph\">Durante esta homenagem ao clube de Loul\u00e9, o secret\u00e1rio de Estado teve ainda a oportunidade de visitar a sede do Louletano, perto da Avenida Jos\u00e9 da Costa Mealha.<\/p>\n","protected":false},"excerpt":{"rendered":"<p>As portas do Sal\u00e3o Nobre dos Pa\u00e7os do Concelho abriram-se na manh\u00e3 de s\u00e1bado para receber a cerim\u00f3nia de atribui\u00e7\u00e3o<\/p>\n","protected":false},"author":1,"featured_media":29510,"comment_status":"closed","ping_status":"open","sticky":false,"template":"","format":"standard","meta":{"colormag_page_container_layout":"default_layout","colormag_page_sidebar_layout":"default_layout","_monsterinsights_skip_tracking":false,"_jetpack_newsletter_access":"","_jetpack_dont_email_post_to_subs":false,"_jetpack_newsletter_tier_id":0,"_jetpack_memberships_contains_paywalled_content":false,"_jetpack_feature_clip_id":0,"_jetpack_memberships_contains_paid_content":false,"footnotes":"","jetpack_publicize_message":"","jetpack_publicize_feature_enabled":true,"jetpack_social_post_already_shared":true,"jetpack_social_options":{"image_generator_settings":{"template":"highway","default_image_id":0,"font":"","enabled":false},"version":2},"jetpack_post_was_ever_published":false},"categories":[15],"tags":[36,40,31,83],"class_list":["post-29509","post","type-post","status-publish","format-standard","has-post-thumbnail","hentry","category-desporto","tag-algarve","tag-desporto","tag-loule","tag-louletano"],"yoast_head":"<!-- This site is optimized with the Yoast SEO plugin v28.4 - https:\/\/yoast.com\/product\/yoast-seo-wordpress\/ -->\n<title>Governo distingue Louletano com medalha de honra ao m\u00e9rito desportivo - Algarve 7<\/title>\n<meta name=\"description\" content=\"Governo distingue Louletano com medalha de honra ao m\u00e9rito desportivo Desporto\" \/>\n<meta name=\"robots\" content=\"index, follow, max-snippet:-1, max-image-preview:large, max-video-preview:-1\" \/>\n<link rel=\"canonical\" href=\"https:\/\/algarve7.pt\/index.php\/2023\/07\/governo-distingue-louletano-com-medalha-de-honra-ao-merito-desportivo\/desporto\/14\/32\/\" \/>\n<meta property=\"og:locale\" content=\"pt_PT\" \/>\n<meta property=\"og:type\" content=\"article\" \/>\n<meta property=\"og:title\" content=\"Governo distingue Louletano com medalha de honra ao m\u00e9rito desportivo - Algarve 7\" \/>\n<meta property=\"og:description\" content=\"Governo distingue Louletano com medalha de honra ao m\u00e9rito desportivo Desporto\" \/>\n<meta property=\"og:url\" content=\"https:\/\/algarve7.pt\/index.php\/2023\/07\/governo-distingue-louletano-com-medalha-de-honra-ao-merito-desportivo\/desporto\/14\/32\/\" \/>\n<meta property=\"og:site_name\" content=\"Algarve 7\" \/>\n<meta property=\"article:publisher\" content=\"https:\/\/www.facebook.com\/algarve7\" \/>\n<meta property=\"article:author\" content=\"https:\/\/www.facebook.com\/algarve7\" \/>\n<meta property=\"article:published_time\" content=\"2023-07-17T13:32:19+00:00\" \/>\n<meta property=\"article:modified_time\" content=\"2023-07-17T13:32:23+00:00\" \/>\n<meta property=\"og:image\" content=\"https:\/\/algarve7.pt\/wp-content\/uploads\/2023\/07\/Medalha-Merito-Desportivo-LDC-2.jpg\" \/>\n\t<meta property=\"og:image:width\" content=\"1024\" \/>\n\t<meta property=\"og:image:height\" content=\"683\" \/>\n\t<meta property=\"og:image:type\" content=\"image\/jpeg\" \/>\n<meta name=\"author\" content=\"Algarve 7\" \/>\n<meta name=\"twitter:card\" content=\"summary_large_image\" \/>\n<meta name=\"twitter:creator\" content=\"@Algarvesete\" \/>\n<meta name=\"twitter:site\" content=\"@Algarvesete\" \/>\n<meta name=\"twitter:label1\" content=\"Escrito por\" \/>\n\t<meta name=\"twitter:data1\" content=\"Algarve 7\" \/>\n\t<meta name=\"twitter:label2\" content=\"Tempo estimado de leitura\" \/>\n\t<meta name=\"twitter:data2\" content=\"4 minutos\" \/>\n<script type=\"application\/ld+json\" class=\"yoast-schema-graph\">{\"@context\":\"https:\\\/\\\/schema.org\",\"@graph\":[{\"@type\":\"Article\",\"@id\":\"https:\\\/\\\/algarve7.pt\\\/index.php\\\/2023\\\/07\\\/governo-distingue-louletano-com-medalha-de-honra-ao-merito-desportivo\\\/desporto\\\/14\\\/32\\\/#article\",\"isPartOf\":{\"@id\":\"https:\\\/\\\/algarve7.pt\\\/index.php\\\/2023\\\/07\\\/governo-distingue-louletano-com-medalha-de-honra-ao-merito-desportivo\\\/desporto\\\/14\\\/32\\\/\"},\"author\":{\"name\":\"Algarve 7\",\"@id\":\"https:\\\/\\\/algarve7.pt\\\/#\\\/schema\\\/person\\\/23fa70681308e7b319a3204bcea45e0c\"},\"headline\":\"Governo distingue Louletano com medalha de honra ao m\u00e9rito desportivo\",\"datePublished\":\"2023-07-17T13:32:19+00:00\",\"dateModified\":\"2023-07-17T13:32:23+00:00\",\"mainEntityOfPage\":{\"@id\":\"https:\\\/\\\/algarve7.pt\\\/index.php\\\/2023\\\/07\\\/governo-distingue-louletano-com-medalha-de-honra-ao-merito-desportivo\\\/desporto\\\/14\\\/32\\\/\"},\"wordCount\":670,\"publisher\":{\"@id\":\"https:\\\/\\\/algarve7.pt\\\/#organization\"},\"image\":{\"@id\":\"https:\\\/\\\/algarve7.pt\\\/index.php\\\/2023\\\/07\\\/governo-distingue-louletano-com-medalha-de-honra-ao-merito-desportivo\\\/desporto\\\/14\\\/32\\\/#primaryimage\"},\"thumbnailUrl\":\"https:\\\/\\\/algarve7.pt\\\/wp-content\\\/uploads\\\/2023\\\/07\\\/Medalha-Merito-Desportivo-LDC-2.jpg\",\"keywords\":[\"Algarve\",\"Desporto\",\"Loul\u00e9\",\"Louletano\"],\"articleSection\":[\"Desporto\"],\"inLanguage\":\"pt-PT\"},{\"@type\":\"WebPage\",\"@id\":\"https:\\\/\\\/algarve7.pt\\\/index.php\\\/2023\\\/07\\\/governo-distingue-louletano-com-medalha-de-honra-ao-merito-desportivo\\\/desporto\\\/14\\\/32\\\/\",\"url\":\"https:\\\/\\\/algarve7.pt\\\/index.php\\\/2023\\\/07\\\/governo-distingue-louletano-com-medalha-de-honra-ao-merito-desportivo\\\/desporto\\\/14\\\/32\\\/\",\"name\":\"Governo distingue Louletano com medalha de honra ao m\u00e9rito desportivo - Algarve 7\",\"isPartOf\":{\"@id\":\"https:\\\/\\\/algarve7.pt\\\/#website\"},\"primaryImageOfPage\":{\"@id\":\"https:\\\/\\\/algarve7.pt\\\/index.php\\\/2023\\\/07\\\/governo-distingue-louletano-com-medalha-de-honra-ao-merito-desportivo\\\/desporto\\\/14\\\/32\\\/#primaryimage\"},\"image\":{\"@id\":\"https:\\\/\\\/algarve7.pt\\\/index.php\\\/2023\\\/07\\\/governo-distingue-louletano-com-medalha-de-honra-ao-merito-desportivo\\\/desporto\\\/14\\\/32\\\/#primaryimage\"},\"thumbnailUrl\":\"https:\\\/\\\/algarve7.pt\\\/wp-content\\\/uploads\\\/2023\\\/07\\\/Medalha-Merito-Desportivo-LDC-2.jpg\",\"datePublished\":\"2023-07-17T13:32:19+00:00\",\"dateModified\":\"2023-07-17T13:32:23+00:00\",\"description\":\"Governo distingue Louletano com medalha de honra ao m\u00e9rito desportivo Desporto\",\"breadcrumb\":{\"@id\":\"https:\\\/\\\/algarve7.pt\\\/index.php\\\/2023\\\/07\\\/governo-distingue-louletano-com-medalha-de-honra-ao-merito-desportivo\\\/desporto\\\/14\\\/32\\\/#breadcrumb\"},\"inLanguage\":\"pt-PT\",\"potentialAction\":[{\"@type\":\"ReadAction\",\"target\":[\"https:\\\/\\\/algarve7.pt\\\/index.php\\\/2023\\\/07\\\/governo-distingue-louletano-com-medalha-de-honra-ao-merito-desportivo\\\/desporto\\\/14\\\/32\\\/\"]}]},{\"@type\":\"ImageObject\",\"inLanguage\":\"pt-PT\",\"@id\":\"https:\\\/\\\/algarve7.pt\\\/index.php\\\/2023\\\/07\\\/governo-distingue-louletano-com-medalha-de-honra-ao-merito-desportivo\\\/desporto\\\/14\\\/32\\\/#primaryimage\",\"url\":\"https:\\\/\\\/algarve7.pt\\\/wp-content\\\/uploads\\\/2023\\\/07\\\/Medalha-Merito-Desportivo-LDC-2.jpg\",\"contentUrl\":\"https:\\\/\\\/algarve7.pt\\\/wp-content\\\/uploads\\\/2023\\\/07\\\/Medalha-Merito-Desportivo-LDC-2.jpg\",\"width\":1024,\"height\":683},{\"@type\":\"BreadcrumbList\",\"@id\":\"https:\\\/\\\/algarve7.pt\\\/index.php\\\/2023\\\/07\\\/governo-distingue-louletano-com-medalha-de-honra-ao-merito-desportivo\\\/desporto\\\/14\\\/32\\\/#breadcrumb\",\"itemListElement\":[{\"@type\":\"ListItem\",\"position\":1,\"name\":\"In\u00edcio\",\"item\":\"https:\\\/\\\/algarve7.pt\\\/\"},{\"@type\":\"ListItem\",\"position\":2,\"name\":\"Governo distingue Louletano com medalha de honra ao m\u00e9rito desportivo\"}]},{\"@type\":\"WebSite\",\"@id\":\"https:\\\/\\\/algarve7.pt\\\/#website\",\"url\":\"https:\\\/\\\/algarve7.pt\\\/\",\"name\":\"Algarve 7\",\"description\":\"Informa\u00e7\u00e3o sobre o Algarve\",\"publisher\":{\"@id\":\"https:\\\/\\\/algarve7.pt\\\/#organization\"},\"potentialAction\":[{\"@type\":\"SearchAction\",\"target\":{\"@type\":\"EntryPoint\",\"urlTemplate\":\"https:\\\/\\\/algarve7.pt\\\/?s={search_term_string}\"},\"query-input\":{\"@type\":\"PropertyValueSpecification\",\"valueRequired\":true,\"valueName\":\"search_term_string\"}}],\"inLanguage\":\"pt-PT\"},{\"@type\":\"Organization\",\"@id\":\"https:\\\/\\\/algarve7.pt\\\/#organization\",\"name\":\"Algarve 7\",\"url\":\"https:\\\/\\\/algarve7.pt\\\/\",\"logo\":{\"@type\":\"ImageObject\",\"inLanguage\":\"pt-PT\",\"@id\":\"https:\\\/\\\/algarve7.pt\\\/#\\\/schema\\\/logo\\\/image\\\/\",\"url\":\"https:\\\/\\\/algarve7.pt\\\/wp-content\\\/uploads\\\/2020\\\/10\\\/Logo-8.jpg\",\"contentUrl\":\"https:\\\/\\\/algarve7.pt\\\/wp-content\\\/uploads\\\/2020\\\/10\\\/Logo-8.jpg\",\"width\":1680,\"height\":1186,\"caption\":\"Algarve 7\"},\"image\":{\"@id\":\"https:\\\/\\\/algarve7.pt\\\/#\\\/schema\\\/logo\\\/image\\\/\"},\"sameAs\":[\"https:\\\/\\\/www.facebook.com\\\/algarve7\",\"https:\\\/\\\/x.com\\\/Algarvesete\",\"https:\\\/\\\/www.instagram.com\\\/jornalalgarve7\\\/\",\"https:\\\/\\\/www.linkedin.com\\\/company\\\/algarve7\",\"https:\\\/\\\/www.pinterest.pt\\\/geral0939\\\/_created\\\/\"]},{\"@type\":\"Person\",\"@id\":\"https:\\\/\\\/algarve7.pt\\\/#\\\/schema\\\/person\\\/23fa70681308e7b319a3204bcea45e0c\",\"name\":\"Algarve 7\",\"sameAs\":[\"https:\\\/\\\/algarve7.pt\",\"https:\\\/\\\/www.facebook.com\\\/algarve7\"],\"url\":\"https:\\\/\\\/algarve7.pt\\\/index.php\\\/author\\\/geralalgarve7-pt\\\/\"}]}<\/script>\n<!-- \/ Yoast SEO plugin. -->","yoast_head_json":{"title":"Governo distingue Louletano com medalha de honra ao m\u00e9rito desportivo - Algarve 7","description":"Governo distingue Louletano com medalha de honra ao m\u00e9rito desportivo Desporto","robots":{"index":"index","follow":"follow","max-snippet":"max-snippet:-1","max-image-preview":"max-image-preview:large","max-video-preview":"max-video-preview:-1"},"canonical":"https:\/\/algarve7.pt\/index.php\/2023\/07\/governo-distingue-louletano-com-medalha-de-honra-ao-merito-desportivo\/desporto\/14\/32\/","og_locale":"pt_PT","og_type":"article","og_title":"Governo distingue Louletano com medalha de honra ao m\u00e9rito desportivo - Algarve 7","og_description":"Governo distingue Louletano com medalha de honra ao m\u00e9rito desportivo Desporto","og_url":"https:\/\/algarve7.pt\/index.php\/2023\/07\/governo-distingue-louletano-com-medalha-de-honra-ao-merito-desportivo\/desporto\/14\/32\/","og_site_name":"Algarve 7","article_publisher":"https:\/\/www.facebook.com\/algarve7","article_author":"https:\/\/www.facebook.com\/algarve7","article_published_time":"2023-07-17T13:32:19+00:00","article_modified_time":"2023-07-17T13:32:23+00:00","og_image":[{"width":1024,"height":683,"url":"https:\/\/algarve7.pt\/wp-content\/uploads\/2023\/07\/Medalha-Merito-Desportivo-LDC-2.jpg","type":"image\/jpeg"}],"author":"Algarve 7","twitter_card":"summary_large_image","twitter_creator":"@Algarvesete","twitter_site":"@Algarvesete","twitter_misc":{"Escrito por":"Algarve 7","Tempo estimado de leitura":"4 minutos"},"schema":{"@context":"https:\/\/schema.org","@graph":[{"@type":"Article","@id":"https:\/\/algarve7.pt\/index.php\/2023\/07\/governo-distingue-louletano-com-medalha-de-honra-ao-merito-desportivo\/desporto\/14\/32\/#article","isPartOf":{"@id":"https:\/\/algarve7.pt\/index.php\/2023\/07\/governo-distingue-louletano-com-medalha-de-honra-ao-merito-desportivo\/desporto\/14\/32\/"},"author":{"name":"Algarve 7","@id":"https:\/\/algarve7.pt\/#\/schema\/person\/23fa70681308e7b319a3204bcea45e0c"},"headline":"Governo distingue Louletano com medalha de honra ao m\u00e9rito desportivo","datePublished":"2023-07-17T13:32:19+00:00","dateModified":"2023-07-17T13:32:23+00:00","mainEntityOfPage":{"@id":"https:\/\/algarve7.pt\/index.php\/2023\/07\/governo-distingue-louletano-com-medalha-de-honra-ao-merito-desportivo\/desporto\/14\/32\/"},"wordCount":670,"publisher":{"@id":"https:\/\/algarve7.pt\/#organization"},"image":{"@id":"https:\/\/algarve7.pt\/index.php\/2023\/07\/governo-distingue-louletano-com-medalha-de-honra-ao-merito-desportivo\/desporto\/14\/32\/#primaryimage"},"thumbnailUrl":"https:\/\/algarve7.pt\/wp-content\/uploads\/2023\/07\/Medalha-Merito-Desportivo-LDC-2.jpg","keywords":["Algarve","Desporto","Loul\u00e9","Louletano"],"articleSection":["Desporto"],"inLanguage":"pt-PT"},{"@type":"WebPage","@id":"https:\/\/algarve7.pt\/index.php\/2023\/07\/governo-distingue-louletano-com-medalha-de-honra-ao-merito-desportivo\/desporto\/14\/32\/","url":"https:\/\/algarve7.pt\/index.php\/2023\/07\/governo-distingue-louletano-com-medalha-de-honra-ao-merito-desportivo\/desporto\/14\/32\/","name":"Governo distingue Louletano com medalha de honra ao m\u00e9rito desportivo - Algarve 7","isPartOf":{"@id":"https:\/\/algarve7.pt\/#website"},"primaryImageOfPage":{"@id":"https:\/\/algarve7.pt\/index.php\/2023\/07\/governo-distingue-louletano-com-medalha-de-honra-ao-merito-desportivo\/desporto\/14\/32\/#primaryimage"},"image":{"@id":"https:\/\/algarve7.pt\/index.php\/2023\/07\/governo-distingue-louletano-com-medalha-de-honra-ao-merito-desportivo\/desporto\/14\/32\/#primaryimage"},"thumbnailUrl":"https:\/\/algarve7.pt\/wp-content\/uploads\/2023\/07\/Medalha-Merito-Desportivo-LDC-2.jpg","datePublished":"2023-07-17T13:32:19+00:00","dateModified":"2023-07-17T13:32:23+00:00","description":"Governo distingue Louletano com medalha de honra ao m\u00e9rito desportivo Desporto","breadcrumb":{"@id":"https:\/\/algarve7.pt\/index.php\/2023\/07\/governo-distingue-louletano-com-medalha-de-honra-ao-merito-desportivo\/desporto\/14\/32\/#breadcrumb"},"inLanguage":"pt-PT","potentialAction":[{"@type":"ReadAction","target":["https:\/\/algarve7.pt\/index.php\/2023\/07\/governo-distingue-louletano-com-medalha-de-honra-ao-merito-desportivo\/desporto\/14\/32\/"]}]},{"@type":"ImageObject","inLanguage":"pt-PT","@id":"https:\/\/algarve7.pt\/index.php\/2023\/07\/governo-distingue-louletano-com-medalha-de-honra-ao-merito-desportivo\/desporto\/14\/32\/#primaryimage","url":"https:\/\/algarve7.pt\/wp-content\/uploads\/2023\/07\/Medalha-Merito-Desportivo-LDC-2.jpg","contentUrl":"https:\/\/algarve7.pt\/wp-content\/uploads\/2023\/07\/Medalha-Merito-Desportivo-LDC-2.jpg","width":1024,"height":683},{"@type":"BreadcrumbList","@id":"https:\/\/algarve7.pt\/index.php\/2023\/07\/governo-distingue-louletano-com-medalha-de-honra-ao-merito-desportivo\/desporto\/14\/32\/#breadcrumb","itemListElement":[{"@type":"ListItem","position":1,"name":"In\u00edcio","item":"https:\/\/algarve7.pt\/"},{"@type":"ListItem","position":2,"name":"Governo distingue Louletano com medalha de honra ao m\u00e9rito desportivo"}]},{"@type":"WebSite","@id":"https:\/\/algarve7.pt\/#website","url":"https:\/\/algarve7.pt\/","name":"Algarve 7","description":"Informa\u00e7\u00e3o sobre o Algarve","publisher":{"@id":"https:\/\/algarve7.pt\/#organization"},"potentialAction":[{"@type":"SearchAction","target":{"@type":"EntryPoint","urlTemplate":"https:\/\/algarve7.pt\/?s={search_term_string}"},"query-input":{"@type":"PropertyValueSpecification","valueRequired":true,"valueName":"search_term_string"}}],"inLanguage":"pt-PT"},{"@type":"Organization","@id":"https:\/\/algarve7.pt\/#organization","name":"Algarve 7","url":"https:\/\/algarve7.pt\/","logo":{"@type":"ImageObject","inLanguage":"pt-PT","@id":"https:\/\/algarve7.pt\/#\/schema\/logo\/image\/","url":"https:\/\/algarve7.pt\/wp-content\/uploads\/2020\/10\/Logo-8.jpg","contentUrl":"https:\/\/algarve7.pt\/wp-content\/uploads\/2020\/10\/Logo-8.jpg","width":1680,"height":1186,"caption":"Algarve 7"},"image":{"@id":"https:\/\/algarve7.pt\/#\/schema\/logo\/image\/"},"sameAs":["https:\/\/www.facebook.com\/algarve7","https:\/\/x.com\/Algarvesete","https:\/\/www.instagram.com\/jornalalgarve7\/","https:\/\/www.linkedin.com\/company\/algarve7","https:\/\/www.pinterest.pt\/geral0939\/_created\/"]},{"@type":"Person","@id":"https:\/\/algarve7.pt\/#\/schema\/person\/23fa70681308e7b319a3204bcea45e0c","name":"Algarve 7","sameAs":["https:\/\/algarve7.pt","https:\/\/www.facebook.com\/algarve7"],"url":"https:\/\/algarve7.pt\/index.php\/author\/geralalgarve7-pt\/"}]}},"jetpack_publicize_connections":[],"jetpack_shortlink":"https:\/\/wp.me\/pcezmW-7FX","jetpack_sharing_enabled":true,"jetpack_featured_media_url":"https:\/\/algarve7.pt\/wp-content\/uploads\/2023\/07\/Medalha-Merito-Desportivo-LDC-2.jpg","_links":{"self":[{"href":"https:\/\/algarve7.pt\/index.php\/wp-json\/wp\/v2\/posts\/29509","targetHints":{"allow":["GET"]}}],"collection":[{"href":"https:\/\/algarve7.pt\/index.php\/wp-json\/wp\/v2\/posts"}],"about":[{"href":"https:\/\/algarve7.pt\/index.php\/wp-json\/wp\/v2\/types\/post"}],"author":[{"embeddable":true,"href":"https:\/\/algarve7.pt\/index.php\/wp-json\/wp\/v2\/users\/1"}],"replies":[{"embeddable":true,"href":"https:\/\/algarve7.pt\/index.php\/wp-json\/wp\/v2\/comments?post=29509"}],"version-history":[{"count":0,"href":"https:\/\/algarve7.pt\/index.php\/wp-json\/wp\/v2\/posts\/29509\/revisions"}],"wp:featuredmedia":[{"embeddable":true,"href":"https:\/\/algarve7.pt\/index.php\/wp-json\/wp\/v2\/media\/29510"}],"wp:attachment":[{"href":"https:\/\/algarve7.pt\/index.php\/wp-json\/wp\/v2\/media?parent=29509"}],"wp:term":[{"taxonomy":"category","embeddable":true,"href":"https:\/\/algarve7.pt\/index.php\/wp-json\/wp\/v2\/categories?post=29509"},{"taxonomy":"post_tag","embeddable":true,"href":"https:\/\/algarve7.pt\/index.php\/wp-json\/wp\/v2\/tags?post=29509"}],"curies":[{"name":"wp","href":"https:\/\/api.w.org\/{rel}","templated":true}]}}