{"id":2949,"date":"2020-10-26T12:08:15","date_gmt":"2020-10-26T12:08:15","guid":{"rendered":"https:\/\/algarve7.pt\/?p=2949"},"modified":"2020-10-26T12:08:15","modified_gmt":"2020-10-26T12:08:15","slug":"forcas-de-seguranca-centro-de-saude-de-lagos-e-agrupamentos-escolares-vao-receber-viaturas-no-dia-do-municipio","status":"publish","type":"post","link":"https:\/\/algarve7.pt\/index.php\/2020\/10\/forcas-de-seguranca-centro-de-saude-de-lagos-e-agrupamentos-escolares-vao-receber-viaturas-no-dia-do-municipio\/atualidade\/12\/08\/","title":{"rendered":"For\u00e7as de Seguran\u00e7a, Centro de Sa\u00fade de Lagos e Agrupamentos Escolares v\u00e3o receber viaturas no Dia do Munic\u00edpio"},"content":{"rendered":"\n<p>As Comemora\u00e7\u00f5es do Dia do Munic\u00edpio de Lagos, que ser\u00e3o assinaladas amanh\u00e3, dia 27 de outubro, v\u00e3o ser marcadas pela entrega de viaturas a diversas entidades com responsabilidades nos dom\u00ednios da Seguran\u00e7a, da Sa\u00fade e da Educa\u00e7\u00e3o.<\/p>\n\n\n\n<p>Num ano em que a situa\u00e7\u00e3o sanit\u00e1ria n\u00e3o convida a grandes festejos e concentra\u00e7\u00f5es, a C\u00e2mara Municipal de Lagos decidiu dedicar o Feriado Municipal ao refor\u00e7o dos recursos materiais das v\u00e1rias entidades que desempenham fun\u00e7\u00f5es estrat\u00e9gicas e servi\u00e7os indispens\u00e1veis \u00e0 comunidade, e que agora, mais do que nunca, s\u00e3o cruciais na assist\u00eancia \u00e0s popula\u00e7\u00f5es.<\/p>\n\n\n\n<p>Reconhecendo a necessidade de refor\u00e7o da frota autom\u00f3vel quer das for\u00e7as de seguran\u00e7a locais &#8211; Pol\u00edcia de Seguran\u00e7a P\u00fablica (PSP), Guarda Nacional Republicana (GNR) e Autoridade Mar\u00edtima Nacional (Pol\u00edcia Mar\u00edtima) \u2013 quer da ARS (Centro de Sa\u00fade de Lagos) e dos agrupamentos escolares (Agrupamento de Escolas Gil Eanes e Agrupamento de Escolas J\u00falio Dantas), o Munic\u00edpio ir\u00e1 ceder a cada uma destas entidades uma viatura ligeira devidamente caracterizada.<\/p>\n\n\n\n<p>O protocolo de coopera\u00e7\u00e3o a celebrar coloca no lado do munic\u00edpio a responsabilidade pela manuten\u00e7\u00e3o, inspe\u00e7\u00e3o e repara\u00e7\u00e3o, seguro autom\u00f3vel e imposto \u00fanico de circula\u00e7\u00e3o. As diferentes entidades suportar\u00e3o os custos de combust\u00edvel, portagens, limpeza e demais despesas relacionadas com as desloca\u00e7\u00f5es dos ve\u00edculos.<\/p>\n","protected":false},"excerpt":{"rendered":"<p>As Comemora\u00e7\u00f5es do Dia do Munic\u00edpio de Lagos, que ser\u00e3o assinaladas amanh\u00e3, dia 27 de outubro, v\u00e3o ser marcadas pela<\/p>\n","protected":false},"author":1,"featured_media":2098,"comment_status":"closed","ping_status":"open","sticky":false,"template":"","format":"standard","meta":{"colormag_page_container_layout":"default_layout","colormag_page_sidebar_layout":"default_layout","_monsterinsights_skip_tracking":false,"_monsterinsights_sitenote_active":false,"_monsterinsights_sitenote_note":"","_monsterinsights_sitenote_category":0,"jetpack_post_was_ever_published":false,"_jetpack_newsletter_access":"","_jetpack_dont_email_post_to_subs":false,"_jetpack_newsletter_tier_id":0,"_jetpack_memberships_contains_paywalled_content":false,"_jetpack_memberships_contains_paid_content":false,"footnotes":"","jetpack_publicize_message":"","jetpack_publicize_feature_enabled":true,"jetpack_social_post_already_shared":true,"jetpack_social_options":{"image_generator_settings":{"template":"highway","default_image_id":0,"font":"","enabled":false},"version":2}},"categories":[11],"tags":[36,62,68],"class_list":["post-2949","post","type-post","status-publish","format-standard","has-post-thumbnail","hentry","category-atualidade","tag-algarve","tag-atualidade","tag-lagos"],"yoast_head":"<!-- This site is optimized with the Yoast SEO plugin v27.5 - https:\/\/yoast.com\/product\/yoast-seo-wordpress\/ -->\n<title>For\u00e7as de Seguran\u00e7a, Centro de Sa\u00fade de Lagos e Agrupamentos Escolares v\u00e3o receber viaturas no Dia do Munic\u00edpio - Algarve 7<\/title>\n<meta name=\"description\" content=\"For\u00e7as de Seguran\u00e7a, Centro de Sa\u00fade de Lagos e Agrupamentos Escolares v\u00e3o receber viaturas no Dia do Munic\u00edpio\" \/>\n<meta name=\"robots\" content=\"index, follow, max-snippet:-1, max-image-preview:large, max-video-preview:-1\" \/>\n<link rel=\"canonical\" href=\"https:\/\/algarve7.pt\/index.php\/2020\/10\/forcas-de-seguranca-centro-de-saude-de-lagos-e-agrupamentos-escolares-vao-receber-viaturas-no-dia-do-municipio\/atualidade\/12\/08\/\" \/>\n<meta property=\"og:locale\" content=\"pt_PT\" \/>\n<meta property=\"og:type\" content=\"article\" \/>\n<meta property=\"og:title\" content=\"For\u00e7as de Seguran\u00e7a, Centro de Sa\u00fade de Lagos e Agrupamentos Escolares v\u00e3o receber viaturas no Dia do Munic\u00edpio - Algarve 7\" \/>\n<meta property=\"og:description\" content=\"For\u00e7as de Seguran\u00e7a, Centro de Sa\u00fade de Lagos e Agrupamentos Escolares v\u00e3o receber viaturas no Dia do Munic\u00edpio\" \/>\n<meta property=\"og:url\" content=\"https:\/\/algarve7.pt\/index.php\/2020\/10\/forcas-de-seguranca-centro-de-saude-de-lagos-e-agrupamentos-escolares-vao-receber-viaturas-no-dia-do-municipio\/atualidade\/12\/08\/\" \/>\n<meta property=\"og:site_name\" content=\"Algarve 7\" \/>\n<meta property=\"article:publisher\" content=\"https:\/\/www.facebook.com\/algarve7\" \/>\n<meta property=\"article:author\" content=\"https:\/\/www.facebook.com\/algarve7\" \/>\n<meta property=\"article:published_time\" content=\"2020-10-26T12:08:15+00:00\" \/>\n<meta property=\"og:image\" content=\"https:\/\/algarve7.pt\/wp-content\/uploads\/2020\/10\/Edificio-Pacos-do-Concelho-Sec-XXI-5-OCS.jpg\" \/>\n\t<meta property=\"og:image:width\" content=\"1200\" \/>\n\t<meta property=\"og:image:height\" content=\"786\" \/>\n\t<meta property=\"og:image:type\" content=\"image\/jpeg\" \/>\n<meta name=\"author\" content=\"Algarve 7\" \/>\n<meta name=\"twitter:card\" content=\"summary_large_image\" \/>\n<meta name=\"twitter:creator\" content=\"@Algarvesete\" \/>\n<meta name=\"twitter:site\" content=\"@Algarvesete\" \/>\n<meta name=\"twitter:label1\" content=\"Escrito por\" \/>\n\t<meta name=\"twitter:data1\" content=\"Algarve 7\" \/>\n\t<meta name=\"twitter:label2\" content=\"Tempo estimado de leitura\" \/>\n\t<meta name=\"twitter:data2\" content=\"1 minuto\" \/>\n<script type=\"application\/ld+json\" class=\"yoast-schema-graph\">{\"@context\":\"https:\\\/\\\/schema.org\",\"@graph\":[{\"@type\":\"Article\",\"@id\":\"https:\\\/\\\/algarve7.pt\\\/index.php\\\/2020\\\/10\\\/forcas-de-seguranca-centro-de-saude-de-lagos-e-agrupamentos-escolares-vao-receber-viaturas-no-dia-do-municipio\\\/atualidade\\\/12\\\/08\\\/#article\",\"isPartOf\":{\"@id\":\"https:\\\/\\\/algarve7.pt\\\/index.php\\\/2020\\\/10\\\/forcas-de-seguranca-centro-de-saude-de-lagos-e-agrupamentos-escolares-vao-receber-viaturas-no-dia-do-municipio\\\/atualidade\\\/12\\\/08\\\/\"},\"author\":{\"name\":\"Algarve 7\",\"@id\":\"https:\\\/\\\/algarve7.pt\\\/#\\\/schema\\\/person\\\/23fa70681308e7b319a3204bcea45e0c\"},\"headline\":\"For\u00e7as de Seguran\u00e7a, Centro de Sa\u00fade de Lagos e Agrupamentos Escolares v\u00e3o receber viaturas no Dia do Munic\u00edpio\",\"datePublished\":\"2020-10-26T12:08:15+00:00\",\"mainEntityOfPage\":{\"@id\":\"https:\\\/\\\/algarve7.pt\\\/index.php\\\/2020\\\/10\\\/forcas-de-seguranca-centro-de-saude-de-lagos-e-agrupamentos-escolares-vao-receber-viaturas-no-dia-do-municipio\\\/atualidade\\\/12\\\/08\\\/\"},\"wordCount\":269,\"publisher\":{\"@id\":\"https:\\\/\\\/algarve7.pt\\\/#organization\"},\"image\":{\"@id\":\"https:\\\/\\\/algarve7.pt\\\/index.php\\\/2020\\\/10\\\/forcas-de-seguranca-centro-de-saude-de-lagos-e-agrupamentos-escolares-vao-receber-viaturas-no-dia-do-municipio\\\/atualidade\\\/12\\\/08\\\/#primaryimage\"},\"thumbnailUrl\":\"https:\\\/\\\/algarve7.pt\\\/wp-content\\\/uploads\\\/2020\\\/10\\\/Edificio-Pacos-do-Concelho-Sec-XXI-5-OCS.jpg\",\"keywords\":[\"Algarve\",\"Atualidade\",\"Lagos\"],\"articleSection\":[\"Atualidade\"],\"inLanguage\":\"pt-PT\"},{\"@type\":\"WebPage\",\"@id\":\"https:\\\/\\\/algarve7.pt\\\/index.php\\\/2020\\\/10\\\/forcas-de-seguranca-centro-de-saude-de-lagos-e-agrupamentos-escolares-vao-receber-viaturas-no-dia-do-municipio\\\/atualidade\\\/12\\\/08\\\/\",\"url\":\"https:\\\/\\\/algarve7.pt\\\/index.php\\\/2020\\\/10\\\/forcas-de-seguranca-centro-de-saude-de-lagos-e-agrupamentos-escolares-vao-receber-viaturas-no-dia-do-municipio\\\/atualidade\\\/12\\\/08\\\/\",\"name\":\"For\u00e7as de Seguran\u00e7a, Centro de Sa\u00fade de Lagos e Agrupamentos Escolares v\u00e3o receber viaturas no Dia do Munic\u00edpio - Algarve 7\",\"isPartOf\":{\"@id\":\"https:\\\/\\\/algarve7.pt\\\/#website\"},\"primaryImageOfPage\":{\"@id\":\"https:\\\/\\\/algarve7.pt\\\/index.php\\\/2020\\\/10\\\/forcas-de-seguranca-centro-de-saude-de-lagos-e-agrupamentos-escolares-vao-receber-viaturas-no-dia-do-municipio\\\/atualidade\\\/12\\\/08\\\/#primaryimage\"},\"image\":{\"@id\":\"https:\\\/\\\/algarve7.pt\\\/index.php\\\/2020\\\/10\\\/forcas-de-seguranca-centro-de-saude-de-lagos-e-agrupamentos-escolares-vao-receber-viaturas-no-dia-do-municipio\\\/atualidade\\\/12\\\/08\\\/#primaryimage\"},\"thumbnailUrl\":\"https:\\\/\\\/algarve7.pt\\\/wp-content\\\/uploads\\\/2020\\\/10\\\/Edificio-Pacos-do-Concelho-Sec-XXI-5-OCS.jpg\",\"datePublished\":\"2020-10-26T12:08:15+00:00\",\"description\":\"For\u00e7as de Seguran\u00e7a, Centro de Sa\u00fade de Lagos e Agrupamentos Escolares v\u00e3o receber viaturas no Dia do Munic\u00edpio\",\"breadcrumb\":{\"@id\":\"https:\\\/\\\/algarve7.pt\\\/index.php\\\/2020\\\/10\\\/forcas-de-seguranca-centro-de-saude-de-lagos-e-agrupamentos-escolares-vao-receber-viaturas-no-dia-do-municipio\\\/atualidade\\\/12\\\/08\\\/#breadcrumb\"},\"inLanguage\":\"pt-PT\",\"potentialAction\":[{\"@type\":\"ReadAction\",\"target\":[\"https:\\\/\\\/algarve7.pt\\\/index.php\\\/2020\\\/10\\\/forcas-de-seguranca-centro-de-saude-de-lagos-e-agrupamentos-escolares-vao-receber-viaturas-no-dia-do-municipio\\\/atualidade\\\/12\\\/08\\\/\"]}]},{\"@type\":\"ImageObject\",\"inLanguage\":\"pt-PT\",\"@id\":\"https:\\\/\\\/algarve7.pt\\\/index.php\\\/2020\\\/10\\\/forcas-de-seguranca-centro-de-saude-de-lagos-e-agrupamentos-escolares-vao-receber-viaturas-no-dia-do-municipio\\\/atualidade\\\/12\\\/08\\\/#primaryimage\",\"url\":\"https:\\\/\\\/algarve7.pt\\\/wp-content\\\/uploads\\\/2020\\\/10\\\/Edificio-Pacos-do-Concelho-Sec-XXI-5-OCS.jpg\",\"contentUrl\":\"https:\\\/\\\/algarve7.pt\\\/wp-content\\\/uploads\\\/2020\\\/10\\\/Edificio-Pacos-do-Concelho-Sec-XXI-5-OCS.jpg\",\"width\":1200,\"height\":786},{\"@type\":\"BreadcrumbList\",\"@id\":\"https:\\\/\\\/algarve7.pt\\\/index.php\\\/2020\\\/10\\\/forcas-de-seguranca-centro-de-saude-de-lagos-e-agrupamentos-escolares-vao-receber-viaturas-no-dia-do-municipio\\\/atualidade\\\/12\\\/08\\\/#breadcrumb\",\"itemListElement\":[{\"@type\":\"ListItem\",\"position\":1,\"name\":\"In\u00edcio\",\"item\":\"https:\\\/\\\/algarve7.pt\\\/\"},{\"@type\":\"ListItem\",\"position\":2,\"name\":\"For\u00e7as de Seguran\u00e7a, Centro de Sa\u00fade de Lagos e Agrupamentos Escolares v\u00e3o receber viaturas no Dia do Munic\u00edpio\"}]},{\"@type\":\"WebSite\",\"@id\":\"https:\\\/\\\/algarve7.pt\\\/#website\",\"url\":\"https:\\\/\\\/algarve7.pt\\\/\",\"name\":\"Algarve 7\",\"description\":\"Informa\u00e7\u00e3o sobre o Algarve\",\"publisher\":{\"@id\":\"https:\\\/\\\/algarve7.pt\\\/#organization\"},\"potentialAction\":[{\"@type\":\"SearchAction\",\"target\":{\"@type\":\"EntryPoint\",\"urlTemplate\":\"https:\\\/\\\/algarve7.pt\\\/?s={search_term_string}\"},\"query-input\":{\"@type\":\"PropertyValueSpecification\",\"valueRequired\":true,\"valueName\":\"search_term_string\"}}],\"inLanguage\":\"pt-PT\"},{\"@type\":\"Organization\",\"@id\":\"https:\\\/\\\/algarve7.pt\\\/#organization\",\"name\":\"Algarve 7\",\"url\":\"https:\\\/\\\/algarve7.pt\\\/\",\"logo\":{\"@type\":\"ImageObject\",\"inLanguage\":\"pt-PT\",\"@id\":\"https:\\\/\\\/algarve7.pt\\\/#\\\/schema\\\/logo\\\/image\\\/\",\"url\":\"https:\\\/\\\/algarve7.pt\\\/wp-content\\\/uploads\\\/2020\\\/10\\\/Logo-8.jpg\",\"contentUrl\":\"https:\\\/\\\/algarve7.pt\\\/wp-content\\\/uploads\\\/2020\\\/10\\\/Logo-8.jpg\",\"width\":1680,\"height\":1186,\"caption\":\"Algarve 7\"},\"image\":{\"@id\":\"https:\\\/\\\/algarve7.pt\\\/#\\\/schema\\\/logo\\\/image\\\/\"},\"sameAs\":[\"https:\\\/\\\/www.facebook.com\\\/algarve7\",\"https:\\\/\\\/x.com\\\/Algarvesete\",\"https:\\\/\\\/www.instagram.com\\\/jornalalgarve7\\\/\",\"https:\\\/\\\/www.linkedin.com\\\/company\\\/algarve7\",\"https:\\\/\\\/www.pinterest.pt\\\/geral0939\\\/_created\\\/\"]},{\"@type\":\"Person\",\"@id\":\"https:\\\/\\\/algarve7.pt\\\/#\\\/schema\\\/person\\\/23fa70681308e7b319a3204bcea45e0c\",\"name\":\"Algarve 7\",\"sameAs\":[\"https:\\\/\\\/algarve7.pt\",\"https:\\\/\\\/www.facebook.com\\\/algarve7\"],\"url\":\"https:\\\/\\\/algarve7.pt\\\/index.php\\\/author\\\/geralalgarve7-pt\\\/\"}]}<\/script>\n<!-- \/ Yoast SEO plugin. -->","yoast_head_json":{"title":"For\u00e7as de Seguran\u00e7a, Centro de Sa\u00fade de Lagos e Agrupamentos Escolares v\u00e3o receber viaturas no Dia do Munic\u00edpio - Algarve 7","description":"For\u00e7as de Seguran\u00e7a, Centro de Sa\u00fade de Lagos e Agrupamentos Escolares v\u00e3o receber viaturas no Dia do Munic\u00edpio","robots":{"index":"index","follow":"follow","max-snippet":"max-snippet:-1","max-image-preview":"max-image-preview:large","max-video-preview":"max-video-preview:-1"},"canonical":"https:\/\/algarve7.pt\/index.php\/2020\/10\/forcas-de-seguranca-centro-de-saude-de-lagos-e-agrupamentos-escolares-vao-receber-viaturas-no-dia-do-municipio\/atualidade\/12\/08\/","og_locale":"pt_PT","og_type":"article","og_title":"For\u00e7as de Seguran\u00e7a, Centro de Sa\u00fade de Lagos e Agrupamentos Escolares v\u00e3o receber viaturas no Dia do Munic\u00edpio - Algarve 7","og_description":"For\u00e7as de Seguran\u00e7a, Centro de Sa\u00fade de Lagos e Agrupamentos Escolares v\u00e3o receber viaturas no Dia do Munic\u00edpio","og_url":"https:\/\/algarve7.pt\/index.php\/2020\/10\/forcas-de-seguranca-centro-de-saude-de-lagos-e-agrupamentos-escolares-vao-receber-viaturas-no-dia-do-municipio\/atualidade\/12\/08\/","og_site_name":"Algarve 7","article_publisher":"https:\/\/www.facebook.com\/algarve7","article_author":"https:\/\/www.facebook.com\/algarve7","article_published_time":"2020-10-26T12:08:15+00:00","og_image":[{"width":1200,"height":786,"url":"https:\/\/algarve7.pt\/wp-content\/uploads\/2020\/10\/Edificio-Pacos-do-Concelho-Sec-XXI-5-OCS.jpg","type":"image\/jpeg"}],"author":"Algarve 7","twitter_card":"summary_large_image","twitter_creator":"@Algarvesete","twitter_site":"@Algarvesete","twitter_misc":{"Escrito por":"Algarve 7","Tempo estimado de leitura":"1 minuto"},"schema":{"@context":"https:\/\/schema.org","@graph":[{"@type":"Article","@id":"https:\/\/algarve7.pt\/index.php\/2020\/10\/forcas-de-seguranca-centro-de-saude-de-lagos-e-agrupamentos-escolares-vao-receber-viaturas-no-dia-do-municipio\/atualidade\/12\/08\/#article","isPartOf":{"@id":"https:\/\/algarve7.pt\/index.php\/2020\/10\/forcas-de-seguranca-centro-de-saude-de-lagos-e-agrupamentos-escolares-vao-receber-viaturas-no-dia-do-municipio\/atualidade\/12\/08\/"},"author":{"name":"Algarve 7","@id":"https:\/\/algarve7.pt\/#\/schema\/person\/23fa70681308e7b319a3204bcea45e0c"},"headline":"For\u00e7as de Seguran\u00e7a, Centro de Sa\u00fade de Lagos e Agrupamentos Escolares v\u00e3o receber viaturas no Dia do Munic\u00edpio","datePublished":"2020-10-26T12:08:15+00:00","mainEntityOfPage":{"@id":"https:\/\/algarve7.pt\/index.php\/2020\/10\/forcas-de-seguranca-centro-de-saude-de-lagos-e-agrupamentos-escolares-vao-receber-viaturas-no-dia-do-municipio\/atualidade\/12\/08\/"},"wordCount":269,"publisher":{"@id":"https:\/\/algarve7.pt\/#organization"},"image":{"@id":"https:\/\/algarve7.pt\/index.php\/2020\/10\/forcas-de-seguranca-centro-de-saude-de-lagos-e-agrupamentos-escolares-vao-receber-viaturas-no-dia-do-municipio\/atualidade\/12\/08\/#primaryimage"},"thumbnailUrl":"https:\/\/algarve7.pt\/wp-content\/uploads\/2020\/10\/Edificio-Pacos-do-Concelho-Sec-XXI-5-OCS.jpg","keywords":["Algarve","Atualidade","Lagos"],"articleSection":["Atualidade"],"inLanguage":"pt-PT"},{"@type":"WebPage","@id":"https:\/\/algarve7.pt\/index.php\/2020\/10\/forcas-de-seguranca-centro-de-saude-de-lagos-e-agrupamentos-escolares-vao-receber-viaturas-no-dia-do-municipio\/atualidade\/12\/08\/","url":"https:\/\/algarve7.pt\/index.php\/2020\/10\/forcas-de-seguranca-centro-de-saude-de-lagos-e-agrupamentos-escolares-vao-receber-viaturas-no-dia-do-municipio\/atualidade\/12\/08\/","name":"For\u00e7as de Seguran\u00e7a, Centro de Sa\u00fade de Lagos e Agrupamentos Escolares v\u00e3o receber viaturas no Dia do Munic\u00edpio - Algarve 7","isPartOf":{"@id":"https:\/\/algarve7.pt\/#website"},"primaryImageOfPage":{"@id":"https:\/\/algarve7.pt\/index.php\/2020\/10\/forcas-de-seguranca-centro-de-saude-de-lagos-e-agrupamentos-escolares-vao-receber-viaturas-no-dia-do-municipio\/atualidade\/12\/08\/#primaryimage"},"image":{"@id":"https:\/\/algarve7.pt\/index.php\/2020\/10\/forcas-de-seguranca-centro-de-saude-de-lagos-e-agrupamentos-escolares-vao-receber-viaturas-no-dia-do-municipio\/atualidade\/12\/08\/#primaryimage"},"thumbnailUrl":"https:\/\/algarve7.pt\/wp-content\/uploads\/2020\/10\/Edificio-Pacos-do-Concelho-Sec-XXI-5-OCS.jpg","datePublished":"2020-10-26T12:08:15+00:00","description":"For\u00e7as de Seguran\u00e7a, Centro de Sa\u00fade de Lagos e Agrupamentos Escolares v\u00e3o receber viaturas no Dia do Munic\u00edpio","breadcrumb":{"@id":"https:\/\/algarve7.pt\/index.php\/2020\/10\/forcas-de-seguranca-centro-de-saude-de-lagos-e-agrupamentos-escolares-vao-receber-viaturas-no-dia-do-municipio\/atualidade\/12\/08\/#breadcrumb"},"inLanguage":"pt-PT","potentialAction":[{"@type":"ReadAction","target":["https:\/\/algarve7.pt\/index.php\/2020\/10\/forcas-de-seguranca-centro-de-saude-de-lagos-e-agrupamentos-escolares-vao-receber-viaturas-no-dia-do-municipio\/atualidade\/12\/08\/"]}]},{"@type":"ImageObject","inLanguage":"pt-PT","@id":"https:\/\/algarve7.pt\/index.php\/2020\/10\/forcas-de-seguranca-centro-de-saude-de-lagos-e-agrupamentos-escolares-vao-receber-viaturas-no-dia-do-municipio\/atualidade\/12\/08\/#primaryimage","url":"https:\/\/algarve7.pt\/wp-content\/uploads\/2020\/10\/Edificio-Pacos-do-Concelho-Sec-XXI-5-OCS.jpg","contentUrl":"https:\/\/algarve7.pt\/wp-content\/uploads\/2020\/10\/Edificio-Pacos-do-Concelho-Sec-XXI-5-OCS.jpg","width":1200,"height":786},{"@type":"BreadcrumbList","@id":"https:\/\/algarve7.pt\/index.php\/2020\/10\/forcas-de-seguranca-centro-de-saude-de-lagos-e-agrupamentos-escolares-vao-receber-viaturas-no-dia-do-municipio\/atualidade\/12\/08\/#breadcrumb","itemListElement":[{"@type":"ListItem","position":1,"name":"In\u00edcio","item":"https:\/\/algarve7.pt\/"},{"@type":"ListItem","position":2,"name":"For\u00e7as de Seguran\u00e7a, Centro de Sa\u00fade de Lagos e Agrupamentos Escolares v\u00e3o receber viaturas no Dia do Munic\u00edpio"}]},{"@type":"WebSite","@id":"https:\/\/algarve7.pt\/#website","url":"https:\/\/algarve7.pt\/","name":"Algarve 7","description":"Informa\u00e7\u00e3o sobre o Algarve","publisher":{"@id":"https:\/\/algarve7.pt\/#organization"},"potentialAction":[{"@type":"SearchAction","target":{"@type":"EntryPoint","urlTemplate":"https:\/\/algarve7.pt\/?s={search_term_string}"},"query-input":{"@type":"PropertyValueSpecification","valueRequired":true,"valueName":"search_term_string"}}],"inLanguage":"pt-PT"},{"@type":"Organization","@id":"https:\/\/algarve7.pt\/#organization","name":"Algarve 7","url":"https:\/\/algarve7.pt\/","logo":{"@type":"ImageObject","inLanguage":"pt-PT","@id":"https:\/\/algarve7.pt\/#\/schema\/logo\/image\/","url":"https:\/\/algarve7.pt\/wp-content\/uploads\/2020\/10\/Logo-8.jpg","contentUrl":"https:\/\/algarve7.pt\/wp-content\/uploads\/2020\/10\/Logo-8.jpg","width":1680,"height":1186,"caption":"Algarve 7"},"image":{"@id":"https:\/\/algarve7.pt\/#\/schema\/logo\/image\/"},"sameAs":["https:\/\/www.facebook.com\/algarve7","https:\/\/x.com\/Algarvesete","https:\/\/www.instagram.com\/jornalalgarve7\/","https:\/\/www.linkedin.com\/company\/algarve7","https:\/\/www.pinterest.pt\/geral0939\/_created\/"]},{"@type":"Person","@id":"https:\/\/algarve7.pt\/#\/schema\/person\/23fa70681308e7b319a3204bcea45e0c","name":"Algarve 7","sameAs":["https:\/\/algarve7.pt","https:\/\/www.facebook.com\/algarve7"],"url":"https:\/\/algarve7.pt\/index.php\/author\/geralalgarve7-pt\/"}]}},"jetpack_publicize_connections":[],"jetpack_featured_media_url":"https:\/\/algarve7.pt\/wp-content\/uploads\/2020\/10\/Edificio-Pacos-do-Concelho-Sec-XXI-5-OCS.jpg","jetpack_shortlink":"https:\/\/wp.me\/pcezmW-Lz","jetpack_sharing_enabled":true,"_links":{"self":[{"href":"https:\/\/algarve7.pt\/index.php\/wp-json\/wp\/v2\/posts\/2949","targetHints":{"allow":["GET"]}}],"collection":[{"href":"https:\/\/algarve7.pt\/index.php\/wp-json\/wp\/v2\/posts"}],"about":[{"href":"https:\/\/algarve7.pt\/index.php\/wp-json\/wp\/v2\/types\/post"}],"author":[{"embeddable":true,"href":"https:\/\/algarve7.pt\/index.php\/wp-json\/wp\/v2\/users\/1"}],"replies":[{"embeddable":true,"href":"https:\/\/algarve7.pt\/index.php\/wp-json\/wp\/v2\/comments?post=2949"}],"version-history":[{"count":0,"href":"https:\/\/algarve7.pt\/index.php\/wp-json\/wp\/v2\/posts\/2949\/revisions"}],"wp:featuredmedia":[{"embeddable":true,"href":"https:\/\/algarve7.pt\/index.php\/wp-json\/wp\/v2\/media\/2098"}],"wp:attachment":[{"href":"https:\/\/algarve7.pt\/index.php\/wp-json\/wp\/v2\/media?parent=2949"}],"wp:term":[{"taxonomy":"category","embeddable":true,"href":"https:\/\/algarve7.pt\/index.php\/wp-json\/wp\/v2\/categories?post=2949"},{"taxonomy":"post_tag","embeddable":true,"href":"https:\/\/algarve7.pt\/index.php\/wp-json\/wp\/v2\/tags?post=2949"}],"curies":[{"name":"wp","href":"https:\/\/api.w.org\/{rel}","templated":true}]}}