{"id":29430,"date":"2023-07-14T09:37:00","date_gmt":"2023-07-14T08:37:00","guid":{"rendered":"https:\/\/algarve7.pt\/?p=29430"},"modified":"2023-07-14T09:37:05","modified_gmt":"2023-07-14T08:37:05","slug":"regata-celebrou-ligacao-entre-palos-de-la-frontera-e-lagos","status":"publish","type":"post","link":"https:\/\/algarve7.pt\/index.php\/2023\/07\/regata-celebrou-ligacao-entre-palos-de-la-frontera-e-lagos\/desporto\/09\/37\/","title":{"rendered":"Regata celebrou liga\u00e7\u00e3o entre Palos de La Frontera e Lagos"},"content":{"rendered":"\n<p>Decorreu de 7 a 9 de julho a 32.\u00aa edi\u00e7\u00e3o da ic\u00f3nica \u201cRegata dos Portos dos Descobrimentos\u201d, que une, atrav\u00e9s da travessia mar\u00edtima de 90 milhas n\u00e1uticas, as cidades geminadas de Palos de La Frontera (Espanha) e Lagos, recordando o trajeto que as caravelas realizaram na \u00e9poca dos descobrimentos.<\/p>\n\n\n\n<p>Esta edi\u00e7\u00e3o teve a habitual organiza\u00e7\u00e3o do Clube de Vela de Lagos em parceria com o munic\u00edpio de Lagos, contando com a participa\u00e7\u00e3o da Vereadora Sandra Oliveira como tripulante do veleiro Clementina e o Ayuntamiento de Palos de La Frontera. Contou ainda com o apoio da Marina de Lagos, Centro N\u00e1utico Sopromar, Capitania do Porto de Lagos, Puerto Deportivo de Mazagon e Fundacion Cepsa.<\/p>\n\n\n\n<p>A edi\u00e7\u00e3o de 2023 contou com a presen\u00e7a de mais de 100 atletas, de diversas nacionalidades, entre as 19 embarca\u00e7\u00f5es participantes (portuguesas, espanholas e inglesas), nas classes Cruzeiro ORC e NHC, onde, num ambiente de s\u00e3o conv\u00edvio e competi\u00e7\u00e3o, as embarca\u00e7\u00f5es sa\u00edram do porto de Mazagon, em Espanha pelas 10h00 de dia 8, com rumo \u00e0 cidade de Lagos.<\/p>\n\n\n\n<p>O fraco vento do quadrante norte que se sentia \u00e0 largada da prova foi-se intensificado, chegando a rondar os 20 n\u00f3s, permitindo a todas as embarca\u00e7\u00f5es realizar a prova sem paragens, num tempo bastante r\u00e1pido quando comparado com algumas edi\u00e7\u00f5es anteriores.<\/p>\n\n\n\n<p>A primeira embarca\u00e7\u00e3o a chegar \u00e0 cidade de Lagos foi o Sayonara Light de bandeira Espanhola, pelas 1h25 da manh\u00e3 de dia 9, mas tendo em considera\u00e7\u00e3o o seu <em>rating<\/em> (que compensa a diferen\u00e7a de velocidade entre as embarca\u00e7\u00f5es), a embarca\u00e7\u00e3o Firefly, de bandeira inglesa, sagrou-se vencedora da edi\u00e7\u00e3o deste ano na classe Cruzeiro ORC. Na classe Cruzeiro NHC, foi uma prova bastante debatida entre todos, tendo a embarca\u00e7\u00e3o Marmeu conseguido a vit\u00f3ria por apenas tr\u00eas minutos.<\/p>\n\n\n\n<p>Todas as embarca\u00e7\u00f5es utilizaram o sistema de geo-localiza\u00e7\u00e3o fornecido pela organiza\u00e7\u00e3o que permite a todo o p\u00fablico, e em especial aos familiares e amigos dos marinheiros, conhecer a localiza\u00e7\u00e3o exata de cada embarca\u00e7\u00e3o e o percurso percorrido at\u00e9 ao momento.<\/p>\n\n\n\n<p>A prova terminou com a cerim\u00f3nia de entrega de trof\u00e9us e jantar, onde todos os participantes trocaram as suas hist\u00f3rias e aventuras em prova em mais um momento de agrad\u00e1vel de conv\u00edvio.<\/p>\n\n\n\n<p>A 33.\u00aa edi\u00e7\u00e3o ficou j\u00e1 agendada para 12 a 14 de Julho de 2024, com o percurso a ser realizado no sentido oposto ao da edi\u00e7\u00e3o de 2023 (Lagos -&gt; Palos de La Frontera). De assinalar que esta regata se mant\u00e9m como a mais importante atividade de celebra\u00e7\u00e3o do ato de gemina\u00e7\u00e3o (27 de outubro de 1992) entre as duas cidades ligadas ao per\u00edodo dos Descobrimentos.<\/p>\n","protected":false},"excerpt":{"rendered":"<p>Decorreu de 7 a 9 de julho a 32.\u00aa edi\u00e7\u00e3o da ic\u00f3nica \u201cRegata dos Portos dos Descobrimentos\u201d, que une, atrav\u00e9s<\/p>\n","protected":false},"author":1,"featured_media":29431,"comment_status":"closed","ping_status":"open","sticky":false,"template":"","format":"standard","meta":{"colormag_page_container_layout":"default_layout","colormag_page_sidebar_layout":"default_layout","_monsterinsights_skip_tracking":false,"_monsterinsights_sitenote_active":false,"_monsterinsights_sitenote_note":"","_monsterinsights_sitenote_category":0,"jetpack_post_was_ever_published":false,"_jetpack_newsletter_access":"","_jetpack_dont_email_post_to_subs":false,"_jetpack_newsletter_tier_id":0,"_jetpack_memberships_contains_paywalled_content":false,"_jetpack_memberships_contains_paid_content":false,"footnotes":"","jetpack_publicize_message":"","jetpack_publicize_feature_enabled":true,"jetpack_social_post_already_shared":true,"jetpack_social_options":{"image_generator_settings":{"template":"highway","default_image_id":0,"font":"","enabled":false},"version":2}},"categories":[15],"tags":[36,40,68,105],"class_list":["post-29430","post","type-post","status-publish","format-standard","has-post-thumbnail","hentry","category-desporto","tag-algarve","tag-desporto","tag-lagos","tag-vela"],"yoast_head":"<!-- This site is optimized with the Yoast SEO plugin v27.5 - https:\/\/yoast.com\/product\/yoast-seo-wordpress\/ -->\n<title>Regata celebrou liga\u00e7\u00e3o entre Palos de La Frontera e Lagos - Algarve 7<\/title>\n<meta name=\"description\" content=\"Regata celebrou liga\u00e7\u00e3o entre Palos de La Frontera e Lagos Desporto\" \/>\n<meta name=\"robots\" content=\"index, follow, max-snippet:-1, max-image-preview:large, max-video-preview:-1\" \/>\n<link rel=\"canonical\" href=\"https:\/\/algarve7.pt\/index.php\/2023\/07\/regata-celebrou-ligacao-entre-palos-de-la-frontera-e-lagos\/desporto\/09\/37\/\" \/>\n<meta property=\"og:locale\" content=\"pt_PT\" \/>\n<meta property=\"og:type\" content=\"article\" \/>\n<meta property=\"og:title\" content=\"Regata celebrou liga\u00e7\u00e3o entre Palos de La Frontera e Lagos - Algarve 7\" \/>\n<meta property=\"og:description\" content=\"Regata celebrou liga\u00e7\u00e3o entre Palos de La Frontera e Lagos Desporto\" \/>\n<meta property=\"og:url\" content=\"https:\/\/algarve7.pt\/index.php\/2023\/07\/regata-celebrou-ligacao-entre-palos-de-la-frontera-e-lagos\/desporto\/09\/37\/\" \/>\n<meta property=\"og:site_name\" content=\"Algarve 7\" \/>\n<meta property=\"article:publisher\" content=\"https:\/\/www.facebook.com\/algarve7\" \/>\n<meta property=\"article:author\" content=\"https:\/\/www.facebook.com\/algarve7\" \/>\n<meta property=\"article:published_time\" content=\"2023-07-14T08:37:00+00:00\" \/>\n<meta property=\"article:modified_time\" content=\"2023-07-14T08:37:05+00:00\" \/>\n<meta property=\"og:image\" content=\"https:\/\/algarve7.pt\/wp-content\/uploads\/2023\/07\/Regata-Portos-Descobrimentos_OCS-1.jpg\" \/>\n\t<meta property=\"og:image:width\" content=\"1000\" \/>\n\t<meta property=\"og:image:height\" content=\"667\" \/>\n\t<meta property=\"og:image:type\" content=\"image\/jpeg\" \/>\n<meta name=\"author\" content=\"Algarve 7\" \/>\n<meta name=\"twitter:card\" content=\"summary_large_image\" \/>\n<meta name=\"twitter:creator\" content=\"@Algarvesete\" \/>\n<meta name=\"twitter:site\" content=\"@Algarvesete\" \/>\n<meta name=\"twitter:label1\" content=\"Escrito por\" \/>\n\t<meta name=\"twitter:data1\" content=\"Algarve 7\" \/>\n\t<meta name=\"twitter:label2\" content=\"Tempo estimado de leitura\" \/>\n\t<meta name=\"twitter:data2\" content=\"3 minutos\" \/>\n<script type=\"application\/ld+json\" class=\"yoast-schema-graph\">{\"@context\":\"https:\\\/\\\/schema.org\",\"@graph\":[{\"@type\":\"Article\",\"@id\":\"https:\\\/\\\/algarve7.pt\\\/index.php\\\/2023\\\/07\\\/regata-celebrou-ligacao-entre-palos-de-la-frontera-e-lagos\\\/desporto\\\/09\\\/37\\\/#article\",\"isPartOf\":{\"@id\":\"https:\\\/\\\/algarve7.pt\\\/index.php\\\/2023\\\/07\\\/regata-celebrou-ligacao-entre-palos-de-la-frontera-e-lagos\\\/desporto\\\/09\\\/37\\\/\"},\"author\":{\"name\":\"Algarve 7\",\"@id\":\"https:\\\/\\\/algarve7.pt\\\/#\\\/schema\\\/person\\\/23fa70681308e7b319a3204bcea45e0c\"},\"headline\":\"Regata celebrou liga\u00e7\u00e3o entre Palos de La Frontera e Lagos\",\"datePublished\":\"2023-07-14T08:37:00+00:00\",\"dateModified\":\"2023-07-14T08:37:05+00:00\",\"mainEntityOfPage\":{\"@id\":\"https:\\\/\\\/algarve7.pt\\\/index.php\\\/2023\\\/07\\\/regata-celebrou-ligacao-entre-palos-de-la-frontera-e-lagos\\\/desporto\\\/09\\\/37\\\/\"},\"wordCount\":468,\"publisher\":{\"@id\":\"https:\\\/\\\/algarve7.pt\\\/#organization\"},\"image\":{\"@id\":\"https:\\\/\\\/algarve7.pt\\\/index.php\\\/2023\\\/07\\\/regata-celebrou-ligacao-entre-palos-de-la-frontera-e-lagos\\\/desporto\\\/09\\\/37\\\/#primaryimage\"},\"thumbnailUrl\":\"https:\\\/\\\/algarve7.pt\\\/wp-content\\\/uploads\\\/2023\\\/07\\\/Regata-Portos-Descobrimentos_OCS-1.jpg\",\"keywords\":[\"Algarve\",\"Desporto\",\"Lagos\",\"Vela\"],\"articleSection\":[\"Desporto\"],\"inLanguage\":\"pt-PT\"},{\"@type\":\"WebPage\",\"@id\":\"https:\\\/\\\/algarve7.pt\\\/index.php\\\/2023\\\/07\\\/regata-celebrou-ligacao-entre-palos-de-la-frontera-e-lagos\\\/desporto\\\/09\\\/37\\\/\",\"url\":\"https:\\\/\\\/algarve7.pt\\\/index.php\\\/2023\\\/07\\\/regata-celebrou-ligacao-entre-palos-de-la-frontera-e-lagos\\\/desporto\\\/09\\\/37\\\/\",\"name\":\"Regata celebrou liga\u00e7\u00e3o entre Palos de La Frontera e Lagos - Algarve 7\",\"isPartOf\":{\"@id\":\"https:\\\/\\\/algarve7.pt\\\/#website\"},\"primaryImageOfPage\":{\"@id\":\"https:\\\/\\\/algarve7.pt\\\/index.php\\\/2023\\\/07\\\/regata-celebrou-ligacao-entre-palos-de-la-frontera-e-lagos\\\/desporto\\\/09\\\/37\\\/#primaryimage\"},\"image\":{\"@id\":\"https:\\\/\\\/algarve7.pt\\\/index.php\\\/2023\\\/07\\\/regata-celebrou-ligacao-entre-palos-de-la-frontera-e-lagos\\\/desporto\\\/09\\\/37\\\/#primaryimage\"},\"thumbnailUrl\":\"https:\\\/\\\/algarve7.pt\\\/wp-content\\\/uploads\\\/2023\\\/07\\\/Regata-Portos-Descobrimentos_OCS-1.jpg\",\"datePublished\":\"2023-07-14T08:37:00+00:00\",\"dateModified\":\"2023-07-14T08:37:05+00:00\",\"description\":\"Regata celebrou liga\u00e7\u00e3o entre Palos de La Frontera e Lagos Desporto\",\"breadcrumb\":{\"@id\":\"https:\\\/\\\/algarve7.pt\\\/index.php\\\/2023\\\/07\\\/regata-celebrou-ligacao-entre-palos-de-la-frontera-e-lagos\\\/desporto\\\/09\\\/37\\\/#breadcrumb\"},\"inLanguage\":\"pt-PT\",\"potentialAction\":[{\"@type\":\"ReadAction\",\"target\":[\"https:\\\/\\\/algarve7.pt\\\/index.php\\\/2023\\\/07\\\/regata-celebrou-ligacao-entre-palos-de-la-frontera-e-lagos\\\/desporto\\\/09\\\/37\\\/\"]}]},{\"@type\":\"ImageObject\",\"inLanguage\":\"pt-PT\",\"@id\":\"https:\\\/\\\/algarve7.pt\\\/index.php\\\/2023\\\/07\\\/regata-celebrou-ligacao-entre-palos-de-la-frontera-e-lagos\\\/desporto\\\/09\\\/37\\\/#primaryimage\",\"url\":\"https:\\\/\\\/algarve7.pt\\\/wp-content\\\/uploads\\\/2023\\\/07\\\/Regata-Portos-Descobrimentos_OCS-1.jpg\",\"contentUrl\":\"https:\\\/\\\/algarve7.pt\\\/wp-content\\\/uploads\\\/2023\\\/07\\\/Regata-Portos-Descobrimentos_OCS-1.jpg\",\"width\":1000,\"height\":667},{\"@type\":\"BreadcrumbList\",\"@id\":\"https:\\\/\\\/algarve7.pt\\\/index.php\\\/2023\\\/07\\\/regata-celebrou-ligacao-entre-palos-de-la-frontera-e-lagos\\\/desporto\\\/09\\\/37\\\/#breadcrumb\",\"itemListElement\":[{\"@type\":\"ListItem\",\"position\":1,\"name\":\"In\u00edcio\",\"item\":\"https:\\\/\\\/algarve7.pt\\\/\"},{\"@type\":\"ListItem\",\"position\":2,\"name\":\"Regata celebrou liga\u00e7\u00e3o entre Palos de La Frontera e Lagos\"}]},{\"@type\":\"WebSite\",\"@id\":\"https:\\\/\\\/algarve7.pt\\\/#website\",\"url\":\"https:\\\/\\\/algarve7.pt\\\/\",\"name\":\"Algarve 7\",\"description\":\"Informa\u00e7\u00e3o sobre o Algarve\",\"publisher\":{\"@id\":\"https:\\\/\\\/algarve7.pt\\\/#organization\"},\"potentialAction\":[{\"@type\":\"SearchAction\",\"target\":{\"@type\":\"EntryPoint\",\"urlTemplate\":\"https:\\\/\\\/algarve7.pt\\\/?s={search_term_string}\"},\"query-input\":{\"@type\":\"PropertyValueSpecification\",\"valueRequired\":true,\"valueName\":\"search_term_string\"}}],\"inLanguage\":\"pt-PT\"},{\"@type\":\"Organization\",\"@id\":\"https:\\\/\\\/algarve7.pt\\\/#organization\",\"name\":\"Algarve 7\",\"url\":\"https:\\\/\\\/algarve7.pt\\\/\",\"logo\":{\"@type\":\"ImageObject\",\"inLanguage\":\"pt-PT\",\"@id\":\"https:\\\/\\\/algarve7.pt\\\/#\\\/schema\\\/logo\\\/image\\\/\",\"url\":\"https:\\\/\\\/algarve7.pt\\\/wp-content\\\/uploads\\\/2020\\\/10\\\/Logo-8.jpg\",\"contentUrl\":\"https:\\\/\\\/algarve7.pt\\\/wp-content\\\/uploads\\\/2020\\\/10\\\/Logo-8.jpg\",\"width\":1680,\"height\":1186,\"caption\":\"Algarve 7\"},\"image\":{\"@id\":\"https:\\\/\\\/algarve7.pt\\\/#\\\/schema\\\/logo\\\/image\\\/\"},\"sameAs\":[\"https:\\\/\\\/www.facebook.com\\\/algarve7\",\"https:\\\/\\\/x.com\\\/Algarvesete\",\"https:\\\/\\\/www.instagram.com\\\/jornalalgarve7\\\/\",\"https:\\\/\\\/www.linkedin.com\\\/company\\\/algarve7\",\"https:\\\/\\\/www.pinterest.pt\\\/geral0939\\\/_created\\\/\"]},{\"@type\":\"Person\",\"@id\":\"https:\\\/\\\/algarve7.pt\\\/#\\\/schema\\\/person\\\/23fa70681308e7b319a3204bcea45e0c\",\"name\":\"Algarve 7\",\"sameAs\":[\"https:\\\/\\\/algarve7.pt\",\"https:\\\/\\\/www.facebook.com\\\/algarve7\"],\"url\":\"https:\\\/\\\/algarve7.pt\\\/index.php\\\/author\\\/geralalgarve7-pt\\\/\"}]}<\/script>\n<!-- \/ Yoast SEO plugin. -->","yoast_head_json":{"title":"Regata celebrou liga\u00e7\u00e3o entre Palos de La Frontera e Lagos - Algarve 7","description":"Regata celebrou liga\u00e7\u00e3o entre Palos de La Frontera e Lagos Desporto","robots":{"index":"index","follow":"follow","max-snippet":"max-snippet:-1","max-image-preview":"max-image-preview:large","max-video-preview":"max-video-preview:-1"},"canonical":"https:\/\/algarve7.pt\/index.php\/2023\/07\/regata-celebrou-ligacao-entre-palos-de-la-frontera-e-lagos\/desporto\/09\/37\/","og_locale":"pt_PT","og_type":"article","og_title":"Regata celebrou liga\u00e7\u00e3o entre Palos de La Frontera e Lagos - Algarve 7","og_description":"Regata celebrou liga\u00e7\u00e3o entre Palos de La Frontera e Lagos Desporto","og_url":"https:\/\/algarve7.pt\/index.php\/2023\/07\/regata-celebrou-ligacao-entre-palos-de-la-frontera-e-lagos\/desporto\/09\/37\/","og_site_name":"Algarve 7","article_publisher":"https:\/\/www.facebook.com\/algarve7","article_author":"https:\/\/www.facebook.com\/algarve7","article_published_time":"2023-07-14T08:37:00+00:00","article_modified_time":"2023-07-14T08:37:05+00:00","og_image":[{"width":1000,"height":667,"url":"https:\/\/algarve7.pt\/wp-content\/uploads\/2023\/07\/Regata-Portos-Descobrimentos_OCS-1.jpg","type":"image\/jpeg"}],"author":"Algarve 7","twitter_card":"summary_large_image","twitter_creator":"@Algarvesete","twitter_site":"@Algarvesete","twitter_misc":{"Escrito por":"Algarve 7","Tempo estimado de leitura":"3 minutos"},"schema":{"@context":"https:\/\/schema.org","@graph":[{"@type":"Article","@id":"https:\/\/algarve7.pt\/index.php\/2023\/07\/regata-celebrou-ligacao-entre-palos-de-la-frontera-e-lagos\/desporto\/09\/37\/#article","isPartOf":{"@id":"https:\/\/algarve7.pt\/index.php\/2023\/07\/regata-celebrou-ligacao-entre-palos-de-la-frontera-e-lagos\/desporto\/09\/37\/"},"author":{"name":"Algarve 7","@id":"https:\/\/algarve7.pt\/#\/schema\/person\/23fa70681308e7b319a3204bcea45e0c"},"headline":"Regata celebrou liga\u00e7\u00e3o entre Palos de La Frontera e Lagos","datePublished":"2023-07-14T08:37:00+00:00","dateModified":"2023-07-14T08:37:05+00:00","mainEntityOfPage":{"@id":"https:\/\/algarve7.pt\/index.php\/2023\/07\/regata-celebrou-ligacao-entre-palos-de-la-frontera-e-lagos\/desporto\/09\/37\/"},"wordCount":468,"publisher":{"@id":"https:\/\/algarve7.pt\/#organization"},"image":{"@id":"https:\/\/algarve7.pt\/index.php\/2023\/07\/regata-celebrou-ligacao-entre-palos-de-la-frontera-e-lagos\/desporto\/09\/37\/#primaryimage"},"thumbnailUrl":"https:\/\/algarve7.pt\/wp-content\/uploads\/2023\/07\/Regata-Portos-Descobrimentos_OCS-1.jpg","keywords":["Algarve","Desporto","Lagos","Vela"],"articleSection":["Desporto"],"inLanguage":"pt-PT"},{"@type":"WebPage","@id":"https:\/\/algarve7.pt\/index.php\/2023\/07\/regata-celebrou-ligacao-entre-palos-de-la-frontera-e-lagos\/desporto\/09\/37\/","url":"https:\/\/algarve7.pt\/index.php\/2023\/07\/regata-celebrou-ligacao-entre-palos-de-la-frontera-e-lagos\/desporto\/09\/37\/","name":"Regata celebrou liga\u00e7\u00e3o entre Palos de La Frontera e Lagos - Algarve 7","isPartOf":{"@id":"https:\/\/algarve7.pt\/#website"},"primaryImageOfPage":{"@id":"https:\/\/algarve7.pt\/index.php\/2023\/07\/regata-celebrou-ligacao-entre-palos-de-la-frontera-e-lagos\/desporto\/09\/37\/#primaryimage"},"image":{"@id":"https:\/\/algarve7.pt\/index.php\/2023\/07\/regata-celebrou-ligacao-entre-palos-de-la-frontera-e-lagos\/desporto\/09\/37\/#primaryimage"},"thumbnailUrl":"https:\/\/algarve7.pt\/wp-content\/uploads\/2023\/07\/Regata-Portos-Descobrimentos_OCS-1.jpg","datePublished":"2023-07-14T08:37:00+00:00","dateModified":"2023-07-14T08:37:05+00:00","description":"Regata celebrou liga\u00e7\u00e3o entre Palos de La Frontera e Lagos Desporto","breadcrumb":{"@id":"https:\/\/algarve7.pt\/index.php\/2023\/07\/regata-celebrou-ligacao-entre-palos-de-la-frontera-e-lagos\/desporto\/09\/37\/#breadcrumb"},"inLanguage":"pt-PT","potentialAction":[{"@type":"ReadAction","target":["https:\/\/algarve7.pt\/index.php\/2023\/07\/regata-celebrou-ligacao-entre-palos-de-la-frontera-e-lagos\/desporto\/09\/37\/"]}]},{"@type":"ImageObject","inLanguage":"pt-PT","@id":"https:\/\/algarve7.pt\/index.php\/2023\/07\/regata-celebrou-ligacao-entre-palos-de-la-frontera-e-lagos\/desporto\/09\/37\/#primaryimage","url":"https:\/\/algarve7.pt\/wp-content\/uploads\/2023\/07\/Regata-Portos-Descobrimentos_OCS-1.jpg","contentUrl":"https:\/\/algarve7.pt\/wp-content\/uploads\/2023\/07\/Regata-Portos-Descobrimentos_OCS-1.jpg","width":1000,"height":667},{"@type":"BreadcrumbList","@id":"https:\/\/algarve7.pt\/index.php\/2023\/07\/regata-celebrou-ligacao-entre-palos-de-la-frontera-e-lagos\/desporto\/09\/37\/#breadcrumb","itemListElement":[{"@type":"ListItem","position":1,"name":"In\u00edcio","item":"https:\/\/algarve7.pt\/"},{"@type":"ListItem","position":2,"name":"Regata celebrou liga\u00e7\u00e3o entre Palos de La Frontera e Lagos"}]},{"@type":"WebSite","@id":"https:\/\/algarve7.pt\/#website","url":"https:\/\/algarve7.pt\/","name":"Algarve 7","description":"Informa\u00e7\u00e3o sobre o Algarve","publisher":{"@id":"https:\/\/algarve7.pt\/#organization"},"potentialAction":[{"@type":"SearchAction","target":{"@type":"EntryPoint","urlTemplate":"https:\/\/algarve7.pt\/?s={search_term_string}"},"query-input":{"@type":"PropertyValueSpecification","valueRequired":true,"valueName":"search_term_string"}}],"inLanguage":"pt-PT"},{"@type":"Organization","@id":"https:\/\/algarve7.pt\/#organization","name":"Algarve 7","url":"https:\/\/algarve7.pt\/","logo":{"@type":"ImageObject","inLanguage":"pt-PT","@id":"https:\/\/algarve7.pt\/#\/schema\/logo\/image\/","url":"https:\/\/algarve7.pt\/wp-content\/uploads\/2020\/10\/Logo-8.jpg","contentUrl":"https:\/\/algarve7.pt\/wp-content\/uploads\/2020\/10\/Logo-8.jpg","width":1680,"height":1186,"caption":"Algarve 7"},"image":{"@id":"https:\/\/algarve7.pt\/#\/schema\/logo\/image\/"},"sameAs":["https:\/\/www.facebook.com\/algarve7","https:\/\/x.com\/Algarvesete","https:\/\/www.instagram.com\/jornalalgarve7\/","https:\/\/www.linkedin.com\/company\/algarve7","https:\/\/www.pinterest.pt\/geral0939\/_created\/"]},{"@type":"Person","@id":"https:\/\/algarve7.pt\/#\/schema\/person\/23fa70681308e7b319a3204bcea45e0c","name":"Algarve 7","sameAs":["https:\/\/algarve7.pt","https:\/\/www.facebook.com\/algarve7"],"url":"https:\/\/algarve7.pt\/index.php\/author\/geralalgarve7-pt\/"}]}},"jetpack_publicize_connections":[],"jetpack_featured_media_url":"https:\/\/algarve7.pt\/wp-content\/uploads\/2023\/07\/Regata-Portos-Descobrimentos_OCS-1.jpg","jetpack_shortlink":"https:\/\/wp.me\/pcezmW-7EG","jetpack_sharing_enabled":true,"_links":{"self":[{"href":"https:\/\/algarve7.pt\/index.php\/wp-json\/wp\/v2\/posts\/29430","targetHints":{"allow":["GET"]}}],"collection":[{"href":"https:\/\/algarve7.pt\/index.php\/wp-json\/wp\/v2\/posts"}],"about":[{"href":"https:\/\/algarve7.pt\/index.php\/wp-json\/wp\/v2\/types\/post"}],"author":[{"embeddable":true,"href":"https:\/\/algarve7.pt\/index.php\/wp-json\/wp\/v2\/users\/1"}],"replies":[{"embeddable":true,"href":"https:\/\/algarve7.pt\/index.php\/wp-json\/wp\/v2\/comments?post=29430"}],"version-history":[{"count":0,"href":"https:\/\/algarve7.pt\/index.php\/wp-json\/wp\/v2\/posts\/29430\/revisions"}],"wp:featuredmedia":[{"embeddable":true,"href":"https:\/\/algarve7.pt\/index.php\/wp-json\/wp\/v2\/media\/29431"}],"wp:attachment":[{"href":"https:\/\/algarve7.pt\/index.php\/wp-json\/wp\/v2\/media?parent=29430"}],"wp:term":[{"taxonomy":"category","embeddable":true,"href":"https:\/\/algarve7.pt\/index.php\/wp-json\/wp\/v2\/categories?post=29430"},{"taxonomy":"post_tag","embeddable":true,"href":"https:\/\/algarve7.pt\/index.php\/wp-json\/wp\/v2\/tags?post=29430"}],"curies":[{"name":"wp","href":"https:\/\/api.w.org\/{rel}","templated":true}]}}