{"id":29427,"date":"2023-07-14T09:14:01","date_gmt":"2023-07-14T08:14:01","guid":{"rendered":"https:\/\/algarve7.pt\/?p=29427"},"modified":"2023-07-14T09:14:07","modified_gmt":"2023-07-14T08:14:07","slug":"ferragudo-reforca-a-colaboracao-no-projeto-ha-uv-na-praia","status":"publish","type":"post","link":"https:\/\/algarve7.pt\/index.php\/2023\/07\/ferragudo-reforca-a-colaboracao-no-projeto-ha-uv-na-praia\/ambiente\/09\/14\/","title":{"rendered":"Ferragudo refor\u00e7a a colabora\u00e7\u00e3o no projeto \u2018H\u00e1 UV na praia\u2019"},"content":{"rendered":"\n<p>Desde 2017 que a Junta de Freguesia de Ferragudo est\u00e1 com o projeto \u201c H\u00e1 UV na Praia \u201c que visa informar os banhistas, atrav\u00e9s de representa\u00e7\u00f5es visuais e bandeiras de grande dimens\u00e3o, acerca do grau de intensidade do \u00edndice ultravioleta, ao longo do dia, e das medidas a adotar.&nbsp;<\/p>\n\n\n\n<p>Na anuidade de 2023, mantendo a colabora\u00e7\u00e3o com o concession\u00e1rio da Praia Grande de Ferragudo,&nbsp;&nbsp;Mar Calmo de Vasco Rica,&nbsp;&nbsp;o projeto foi refor\u00e7ado com outdoor informativo de grandes dimens\u00f5es \u00e0 entrada da Praia , com pictogramas mais vis\u00edveis, para quem chegue \u00e1 praia, tenha conhecimento das diferentes escalas do \u00edndice UV e dos comportamentos a adotar para cada um.&nbsp;<\/p>\n\n\n\n<p>O grau de intensidade dos raios ultravioleta possuem cores padronizadas internacionalmente e adotadas pelo Instituto Portugu\u00eas do Mar e Atmosfera.&nbsp;<\/p>\n\n\n\n<p>A tecnologia n\u00e3o est\u00e1 alheada deste projeto, pois \u00e9 ela que permite que estes valores sejam conhecidos pela concess\u00e3o de forma a adequar a coloca\u00e7\u00e3o da bandeira com a cor respetiva&nbsp;&nbsp;em cada momento , bem como permitir aos banhistas descarregar uma aplica\u00e7\u00e3o para smartphone, criada por este projeto, atrav\u00e9s da qual s\u00e3o enviados por notifica\u00e7\u00e3o os dados do \u00edndice UV, medido em tempo real na esta\u00e7\u00e3o meteorol\u00f3gica escolar do agrupamento de escolas Manuel Teixeira Gomes,&nbsp;&nbsp;dados desses frequentemente&nbsp;&nbsp;calibrados e verificados com a esta\u00e7\u00e3o&nbsp;meteorol\u00f3gica&nbsp;existente no sitio das fontes em Est\u00f4mbar , no concelho de Lagoa&nbsp;<\/p>\n\n\n\n<p>&nbsp;A &#8216;app&#8217; est\u00e1 dispon\u00edvel na loja virtual da Google ou atrav\u00e9s de &#8216;QR Code&#8217; presente nos outdoors instalados nas praias aderentes, estando dispon\u00edvel em portugu\u00eas, mas facilmente traduzida para a l\u00edngua do utilizador atrav\u00e9s das normais plataformas de tradu\u00e7\u00e3o.&nbsp;<\/p>\n\n\n\n<p>O pr\u00f3ximo desafio ser\u00e1 , levar a todas as praias da freguesia o projeto, bem como colocar a aplica\u00e7\u00e3o na plataforma IOS, para a qual a Junta de Freguesia de Ferragudo j\u00e1 lan\u00e7ou o desafio ao agrupamento de escolas Manuel Teixeira Gomes, mentores deste projeto,&nbsp;&nbsp;criado por um grupo de professores das \u00e1reas de geografia, artes visuais e inform\u00e1tica.&nbsp;<\/p>\n\n\n\n<p>Nota-se que nesta anuidade o projeto est\u00e1&nbsp;&nbsp;implementado em Alvor, na Praia da Rocha, Vau e Praia Grande, em Ferragudo.&nbsp;<\/p>\n","protected":false},"excerpt":{"rendered":"<p>Desde 2017 que a Junta de Freguesia de Ferragudo est\u00e1 com o projeto \u201c H\u00e1 UV na Praia \u201c que<\/p>\n","protected":false},"author":1,"featured_media":29428,"comment_status":"closed","ping_status":"open","sticky":false,"template":"","format":"standard","meta":{"colormag_page_container_layout":"default_layout","colormag_page_sidebar_layout":"default_layout","_monsterinsights_skip_tracking":false,"_monsterinsights_sitenote_active":false,"_monsterinsights_sitenote_note":"","_monsterinsights_sitenote_category":0,"jetpack_post_was_ever_published":false,"_jetpack_newsletter_access":"","_jetpack_dont_email_post_to_subs":false,"_jetpack_newsletter_tier_id":0,"_jetpack_memberships_contains_paywalled_content":false,"_jetpack_memberships_contains_paid_content":false,"footnotes":"","jetpack_publicize_message":"","jetpack_publicize_feature_enabled":true,"jetpack_social_post_already_shared":true,"jetpack_social_options":{"image_generator_settings":{"template":"highway","default_image_id":0,"font":"","enabled":false},"version":2}},"categories":[5],"tags":[36,32,199],"class_list":["post-29427","post","type-post","status-publish","format-standard","has-post-thumbnail","hentry","category-ambiente","tag-algarve","tag-ambiente","tag-ferragudo"],"yoast_head":"<!-- This site is optimized with the Yoast SEO plugin v27.5 - https:\/\/yoast.com\/product\/yoast-seo-wordpress\/ -->\n<title>Ferragudo refor\u00e7a a colabora\u00e7\u00e3o no projeto \u2018H\u00e1 UV na praia\u2019 - Algarve 7<\/title>\n<meta name=\"description\" content=\"Ferragudo refor\u00e7a a colabora\u00e7\u00e3o no projeto \u2018H\u00e1 UV na praia\u2019 Ambiente\" \/>\n<meta name=\"robots\" content=\"index, follow, max-snippet:-1, max-image-preview:large, max-video-preview:-1\" \/>\n<link rel=\"canonical\" href=\"https:\/\/algarve7.pt\/index.php\/2023\/07\/ferragudo-reforca-a-colaboracao-no-projeto-ha-uv-na-praia\/ambiente\/09\/14\/\" \/>\n<meta property=\"og:locale\" content=\"pt_PT\" \/>\n<meta property=\"og:type\" content=\"article\" \/>\n<meta property=\"og:title\" content=\"Ferragudo refor\u00e7a a colabora\u00e7\u00e3o no projeto \u2018H\u00e1 UV na praia\u2019 - Algarve 7\" \/>\n<meta property=\"og:description\" content=\"Ferragudo refor\u00e7a a colabora\u00e7\u00e3o no projeto \u2018H\u00e1 UV na praia\u2019 Ambiente\" \/>\n<meta property=\"og:url\" content=\"https:\/\/algarve7.pt\/index.php\/2023\/07\/ferragudo-reforca-a-colaboracao-no-projeto-ha-uv-na-praia\/ambiente\/09\/14\/\" \/>\n<meta property=\"og:site_name\" content=\"Algarve 7\" \/>\n<meta property=\"article:publisher\" content=\"https:\/\/www.facebook.com\/algarve7\" \/>\n<meta property=\"article:author\" content=\"https:\/\/www.facebook.com\/algarve7\" \/>\n<meta property=\"article:published_time\" content=\"2023-07-14T08:14:01+00:00\" \/>\n<meta property=\"article:modified_time\" content=\"2023-07-14T08:14:07+00:00\" \/>\n<meta property=\"og:image\" content=\"https:\/\/algarve7.pt\/wp-content\/uploads\/2023\/07\/Uvs-Ferragudo-1.jpg\" \/>\n\t<meta property=\"og:image:width\" content=\"1000\" \/>\n\t<meta property=\"og:image:height\" content=\"750\" \/>\n\t<meta property=\"og:image:type\" content=\"image\/jpeg\" \/>\n<meta name=\"author\" content=\"Algarve 7\" \/>\n<meta name=\"twitter:card\" content=\"summary_large_image\" \/>\n<meta name=\"twitter:creator\" content=\"@Algarvesete\" \/>\n<meta name=\"twitter:site\" content=\"@Algarvesete\" \/>\n<meta name=\"twitter:label1\" content=\"Escrito por\" \/>\n\t<meta name=\"twitter:data1\" content=\"Algarve 7\" \/>\n\t<meta name=\"twitter:label2\" content=\"Tempo estimado de leitura\" \/>\n\t<meta name=\"twitter:data2\" content=\"2 minutos\" \/>\n<script type=\"application\/ld+json\" class=\"yoast-schema-graph\">{\"@context\":\"https:\\\/\\\/schema.org\",\"@graph\":[{\"@type\":\"Article\",\"@id\":\"https:\\\/\\\/algarve7.pt\\\/index.php\\\/2023\\\/07\\\/ferragudo-reforca-a-colaboracao-no-projeto-ha-uv-na-praia\\\/ambiente\\\/09\\\/14\\\/#article\",\"isPartOf\":{\"@id\":\"https:\\\/\\\/algarve7.pt\\\/index.php\\\/2023\\\/07\\\/ferragudo-reforca-a-colaboracao-no-projeto-ha-uv-na-praia\\\/ambiente\\\/09\\\/14\\\/\"},\"author\":{\"name\":\"Algarve 7\",\"@id\":\"https:\\\/\\\/algarve7.pt\\\/#\\\/schema\\\/person\\\/23fa70681308e7b319a3204bcea45e0c\"},\"headline\":\"Ferragudo refor\u00e7a a colabora\u00e7\u00e3o no projeto \u2018H\u00e1 UV na praia\u2019\",\"datePublished\":\"2023-07-14T08:14:01+00:00\",\"dateModified\":\"2023-07-14T08:14:07+00:00\",\"mainEntityOfPage\":{\"@id\":\"https:\\\/\\\/algarve7.pt\\\/index.php\\\/2023\\\/07\\\/ferragudo-reforca-a-colaboracao-no-projeto-ha-uv-na-praia\\\/ambiente\\\/09\\\/14\\\/\"},\"wordCount\":403,\"publisher\":{\"@id\":\"https:\\\/\\\/algarve7.pt\\\/#organization\"},\"image\":{\"@id\":\"https:\\\/\\\/algarve7.pt\\\/index.php\\\/2023\\\/07\\\/ferragudo-reforca-a-colaboracao-no-projeto-ha-uv-na-praia\\\/ambiente\\\/09\\\/14\\\/#primaryimage\"},\"thumbnailUrl\":\"https:\\\/\\\/algarve7.pt\\\/wp-content\\\/uploads\\\/2023\\\/07\\\/Uvs-Ferragudo-1.jpg\",\"keywords\":[\"Algarve\",\"Ambiente\",\"Ferragudo\"],\"articleSection\":[\"Ambiente\"],\"inLanguage\":\"pt-PT\"},{\"@type\":\"WebPage\",\"@id\":\"https:\\\/\\\/algarve7.pt\\\/index.php\\\/2023\\\/07\\\/ferragudo-reforca-a-colaboracao-no-projeto-ha-uv-na-praia\\\/ambiente\\\/09\\\/14\\\/\",\"url\":\"https:\\\/\\\/algarve7.pt\\\/index.php\\\/2023\\\/07\\\/ferragudo-reforca-a-colaboracao-no-projeto-ha-uv-na-praia\\\/ambiente\\\/09\\\/14\\\/\",\"name\":\"Ferragudo refor\u00e7a a colabora\u00e7\u00e3o no projeto \u2018H\u00e1 UV na praia\u2019 - Algarve 7\",\"isPartOf\":{\"@id\":\"https:\\\/\\\/algarve7.pt\\\/#website\"},\"primaryImageOfPage\":{\"@id\":\"https:\\\/\\\/algarve7.pt\\\/index.php\\\/2023\\\/07\\\/ferragudo-reforca-a-colaboracao-no-projeto-ha-uv-na-praia\\\/ambiente\\\/09\\\/14\\\/#primaryimage\"},\"image\":{\"@id\":\"https:\\\/\\\/algarve7.pt\\\/index.php\\\/2023\\\/07\\\/ferragudo-reforca-a-colaboracao-no-projeto-ha-uv-na-praia\\\/ambiente\\\/09\\\/14\\\/#primaryimage\"},\"thumbnailUrl\":\"https:\\\/\\\/algarve7.pt\\\/wp-content\\\/uploads\\\/2023\\\/07\\\/Uvs-Ferragudo-1.jpg\",\"datePublished\":\"2023-07-14T08:14:01+00:00\",\"dateModified\":\"2023-07-14T08:14:07+00:00\",\"description\":\"Ferragudo refor\u00e7a a colabora\u00e7\u00e3o no projeto \u2018H\u00e1 UV na praia\u2019 Ambiente\",\"breadcrumb\":{\"@id\":\"https:\\\/\\\/algarve7.pt\\\/index.php\\\/2023\\\/07\\\/ferragudo-reforca-a-colaboracao-no-projeto-ha-uv-na-praia\\\/ambiente\\\/09\\\/14\\\/#breadcrumb\"},\"inLanguage\":\"pt-PT\",\"potentialAction\":[{\"@type\":\"ReadAction\",\"target\":[\"https:\\\/\\\/algarve7.pt\\\/index.php\\\/2023\\\/07\\\/ferragudo-reforca-a-colaboracao-no-projeto-ha-uv-na-praia\\\/ambiente\\\/09\\\/14\\\/\"]}]},{\"@type\":\"ImageObject\",\"inLanguage\":\"pt-PT\",\"@id\":\"https:\\\/\\\/algarve7.pt\\\/index.php\\\/2023\\\/07\\\/ferragudo-reforca-a-colaboracao-no-projeto-ha-uv-na-praia\\\/ambiente\\\/09\\\/14\\\/#primaryimage\",\"url\":\"https:\\\/\\\/algarve7.pt\\\/wp-content\\\/uploads\\\/2023\\\/07\\\/Uvs-Ferragudo-1.jpg\",\"contentUrl\":\"https:\\\/\\\/algarve7.pt\\\/wp-content\\\/uploads\\\/2023\\\/07\\\/Uvs-Ferragudo-1.jpg\",\"width\":1000,\"height\":750},{\"@type\":\"BreadcrumbList\",\"@id\":\"https:\\\/\\\/algarve7.pt\\\/index.php\\\/2023\\\/07\\\/ferragudo-reforca-a-colaboracao-no-projeto-ha-uv-na-praia\\\/ambiente\\\/09\\\/14\\\/#breadcrumb\",\"itemListElement\":[{\"@type\":\"ListItem\",\"position\":1,\"name\":\"In\u00edcio\",\"item\":\"https:\\\/\\\/algarve7.pt\\\/\"},{\"@type\":\"ListItem\",\"position\":2,\"name\":\"Ferragudo refor\u00e7a a colabora\u00e7\u00e3o no projeto \u2018H\u00e1 UV na praia\u2019\"}]},{\"@type\":\"WebSite\",\"@id\":\"https:\\\/\\\/algarve7.pt\\\/#website\",\"url\":\"https:\\\/\\\/algarve7.pt\\\/\",\"name\":\"Algarve 7\",\"description\":\"Informa\u00e7\u00e3o sobre o Algarve\",\"publisher\":{\"@id\":\"https:\\\/\\\/algarve7.pt\\\/#organization\"},\"potentialAction\":[{\"@type\":\"SearchAction\",\"target\":{\"@type\":\"EntryPoint\",\"urlTemplate\":\"https:\\\/\\\/algarve7.pt\\\/?s={search_term_string}\"},\"query-input\":{\"@type\":\"PropertyValueSpecification\",\"valueRequired\":true,\"valueName\":\"search_term_string\"}}],\"inLanguage\":\"pt-PT\"},{\"@type\":\"Organization\",\"@id\":\"https:\\\/\\\/algarve7.pt\\\/#organization\",\"name\":\"Algarve 7\",\"url\":\"https:\\\/\\\/algarve7.pt\\\/\",\"logo\":{\"@type\":\"ImageObject\",\"inLanguage\":\"pt-PT\",\"@id\":\"https:\\\/\\\/algarve7.pt\\\/#\\\/schema\\\/logo\\\/image\\\/\",\"url\":\"https:\\\/\\\/algarve7.pt\\\/wp-content\\\/uploads\\\/2020\\\/10\\\/Logo-8.jpg\",\"contentUrl\":\"https:\\\/\\\/algarve7.pt\\\/wp-content\\\/uploads\\\/2020\\\/10\\\/Logo-8.jpg\",\"width\":1680,\"height\":1186,\"caption\":\"Algarve 7\"},\"image\":{\"@id\":\"https:\\\/\\\/algarve7.pt\\\/#\\\/schema\\\/logo\\\/image\\\/\"},\"sameAs\":[\"https:\\\/\\\/www.facebook.com\\\/algarve7\",\"https:\\\/\\\/x.com\\\/Algarvesete\",\"https:\\\/\\\/www.instagram.com\\\/jornalalgarve7\\\/\",\"https:\\\/\\\/www.linkedin.com\\\/company\\\/algarve7\",\"https:\\\/\\\/www.pinterest.pt\\\/geral0939\\\/_created\\\/\"]},{\"@type\":\"Person\",\"@id\":\"https:\\\/\\\/algarve7.pt\\\/#\\\/schema\\\/person\\\/23fa70681308e7b319a3204bcea45e0c\",\"name\":\"Algarve 7\",\"sameAs\":[\"https:\\\/\\\/algarve7.pt\",\"https:\\\/\\\/www.facebook.com\\\/algarve7\"],\"url\":\"https:\\\/\\\/algarve7.pt\\\/index.php\\\/author\\\/geralalgarve7-pt\\\/\"}]}<\/script>\n<!-- \/ Yoast SEO plugin. -->","yoast_head_json":{"title":"Ferragudo refor\u00e7a a colabora\u00e7\u00e3o no projeto \u2018H\u00e1 UV na praia\u2019 - Algarve 7","description":"Ferragudo refor\u00e7a a colabora\u00e7\u00e3o no projeto \u2018H\u00e1 UV na praia\u2019 Ambiente","robots":{"index":"index","follow":"follow","max-snippet":"max-snippet:-1","max-image-preview":"max-image-preview:large","max-video-preview":"max-video-preview:-1"},"canonical":"https:\/\/algarve7.pt\/index.php\/2023\/07\/ferragudo-reforca-a-colaboracao-no-projeto-ha-uv-na-praia\/ambiente\/09\/14\/","og_locale":"pt_PT","og_type":"article","og_title":"Ferragudo refor\u00e7a a colabora\u00e7\u00e3o no projeto \u2018H\u00e1 UV na praia\u2019 - Algarve 7","og_description":"Ferragudo refor\u00e7a a colabora\u00e7\u00e3o no projeto \u2018H\u00e1 UV na praia\u2019 Ambiente","og_url":"https:\/\/algarve7.pt\/index.php\/2023\/07\/ferragudo-reforca-a-colaboracao-no-projeto-ha-uv-na-praia\/ambiente\/09\/14\/","og_site_name":"Algarve 7","article_publisher":"https:\/\/www.facebook.com\/algarve7","article_author":"https:\/\/www.facebook.com\/algarve7","article_published_time":"2023-07-14T08:14:01+00:00","article_modified_time":"2023-07-14T08:14:07+00:00","og_image":[{"width":1000,"height":750,"url":"https:\/\/algarve7.pt\/wp-content\/uploads\/2023\/07\/Uvs-Ferragudo-1.jpg","type":"image\/jpeg"}],"author":"Algarve 7","twitter_card":"summary_large_image","twitter_creator":"@Algarvesete","twitter_site":"@Algarvesete","twitter_misc":{"Escrito por":"Algarve 7","Tempo estimado de leitura":"2 minutos"},"schema":{"@context":"https:\/\/schema.org","@graph":[{"@type":"Article","@id":"https:\/\/algarve7.pt\/index.php\/2023\/07\/ferragudo-reforca-a-colaboracao-no-projeto-ha-uv-na-praia\/ambiente\/09\/14\/#article","isPartOf":{"@id":"https:\/\/algarve7.pt\/index.php\/2023\/07\/ferragudo-reforca-a-colaboracao-no-projeto-ha-uv-na-praia\/ambiente\/09\/14\/"},"author":{"name":"Algarve 7","@id":"https:\/\/algarve7.pt\/#\/schema\/person\/23fa70681308e7b319a3204bcea45e0c"},"headline":"Ferragudo refor\u00e7a a colabora\u00e7\u00e3o no projeto \u2018H\u00e1 UV na praia\u2019","datePublished":"2023-07-14T08:14:01+00:00","dateModified":"2023-07-14T08:14:07+00:00","mainEntityOfPage":{"@id":"https:\/\/algarve7.pt\/index.php\/2023\/07\/ferragudo-reforca-a-colaboracao-no-projeto-ha-uv-na-praia\/ambiente\/09\/14\/"},"wordCount":403,"publisher":{"@id":"https:\/\/algarve7.pt\/#organization"},"image":{"@id":"https:\/\/algarve7.pt\/index.php\/2023\/07\/ferragudo-reforca-a-colaboracao-no-projeto-ha-uv-na-praia\/ambiente\/09\/14\/#primaryimage"},"thumbnailUrl":"https:\/\/algarve7.pt\/wp-content\/uploads\/2023\/07\/Uvs-Ferragudo-1.jpg","keywords":["Algarve","Ambiente","Ferragudo"],"articleSection":["Ambiente"],"inLanguage":"pt-PT"},{"@type":"WebPage","@id":"https:\/\/algarve7.pt\/index.php\/2023\/07\/ferragudo-reforca-a-colaboracao-no-projeto-ha-uv-na-praia\/ambiente\/09\/14\/","url":"https:\/\/algarve7.pt\/index.php\/2023\/07\/ferragudo-reforca-a-colaboracao-no-projeto-ha-uv-na-praia\/ambiente\/09\/14\/","name":"Ferragudo refor\u00e7a a colabora\u00e7\u00e3o no projeto \u2018H\u00e1 UV na praia\u2019 - Algarve 7","isPartOf":{"@id":"https:\/\/algarve7.pt\/#website"},"primaryImageOfPage":{"@id":"https:\/\/algarve7.pt\/index.php\/2023\/07\/ferragudo-reforca-a-colaboracao-no-projeto-ha-uv-na-praia\/ambiente\/09\/14\/#primaryimage"},"image":{"@id":"https:\/\/algarve7.pt\/index.php\/2023\/07\/ferragudo-reforca-a-colaboracao-no-projeto-ha-uv-na-praia\/ambiente\/09\/14\/#primaryimage"},"thumbnailUrl":"https:\/\/algarve7.pt\/wp-content\/uploads\/2023\/07\/Uvs-Ferragudo-1.jpg","datePublished":"2023-07-14T08:14:01+00:00","dateModified":"2023-07-14T08:14:07+00:00","description":"Ferragudo refor\u00e7a a colabora\u00e7\u00e3o no projeto \u2018H\u00e1 UV na praia\u2019 Ambiente","breadcrumb":{"@id":"https:\/\/algarve7.pt\/index.php\/2023\/07\/ferragudo-reforca-a-colaboracao-no-projeto-ha-uv-na-praia\/ambiente\/09\/14\/#breadcrumb"},"inLanguage":"pt-PT","potentialAction":[{"@type":"ReadAction","target":["https:\/\/algarve7.pt\/index.php\/2023\/07\/ferragudo-reforca-a-colaboracao-no-projeto-ha-uv-na-praia\/ambiente\/09\/14\/"]}]},{"@type":"ImageObject","inLanguage":"pt-PT","@id":"https:\/\/algarve7.pt\/index.php\/2023\/07\/ferragudo-reforca-a-colaboracao-no-projeto-ha-uv-na-praia\/ambiente\/09\/14\/#primaryimage","url":"https:\/\/algarve7.pt\/wp-content\/uploads\/2023\/07\/Uvs-Ferragudo-1.jpg","contentUrl":"https:\/\/algarve7.pt\/wp-content\/uploads\/2023\/07\/Uvs-Ferragudo-1.jpg","width":1000,"height":750},{"@type":"BreadcrumbList","@id":"https:\/\/algarve7.pt\/index.php\/2023\/07\/ferragudo-reforca-a-colaboracao-no-projeto-ha-uv-na-praia\/ambiente\/09\/14\/#breadcrumb","itemListElement":[{"@type":"ListItem","position":1,"name":"In\u00edcio","item":"https:\/\/algarve7.pt\/"},{"@type":"ListItem","position":2,"name":"Ferragudo refor\u00e7a a colabora\u00e7\u00e3o no projeto \u2018H\u00e1 UV na praia\u2019"}]},{"@type":"WebSite","@id":"https:\/\/algarve7.pt\/#website","url":"https:\/\/algarve7.pt\/","name":"Algarve 7","description":"Informa\u00e7\u00e3o sobre o Algarve","publisher":{"@id":"https:\/\/algarve7.pt\/#organization"},"potentialAction":[{"@type":"SearchAction","target":{"@type":"EntryPoint","urlTemplate":"https:\/\/algarve7.pt\/?s={search_term_string}"},"query-input":{"@type":"PropertyValueSpecification","valueRequired":true,"valueName":"search_term_string"}}],"inLanguage":"pt-PT"},{"@type":"Organization","@id":"https:\/\/algarve7.pt\/#organization","name":"Algarve 7","url":"https:\/\/algarve7.pt\/","logo":{"@type":"ImageObject","inLanguage":"pt-PT","@id":"https:\/\/algarve7.pt\/#\/schema\/logo\/image\/","url":"https:\/\/algarve7.pt\/wp-content\/uploads\/2020\/10\/Logo-8.jpg","contentUrl":"https:\/\/algarve7.pt\/wp-content\/uploads\/2020\/10\/Logo-8.jpg","width":1680,"height":1186,"caption":"Algarve 7"},"image":{"@id":"https:\/\/algarve7.pt\/#\/schema\/logo\/image\/"},"sameAs":["https:\/\/www.facebook.com\/algarve7","https:\/\/x.com\/Algarvesete","https:\/\/www.instagram.com\/jornalalgarve7\/","https:\/\/www.linkedin.com\/company\/algarve7","https:\/\/www.pinterest.pt\/geral0939\/_created\/"]},{"@type":"Person","@id":"https:\/\/algarve7.pt\/#\/schema\/person\/23fa70681308e7b319a3204bcea45e0c","name":"Algarve 7","sameAs":["https:\/\/algarve7.pt","https:\/\/www.facebook.com\/algarve7"],"url":"https:\/\/algarve7.pt\/index.php\/author\/geralalgarve7-pt\/"}]}},"jetpack_publicize_connections":[],"jetpack_featured_media_url":"https:\/\/algarve7.pt\/wp-content\/uploads\/2023\/07\/Uvs-Ferragudo-1.jpg","jetpack_shortlink":"https:\/\/wp.me\/pcezmW-7ED","jetpack_sharing_enabled":true,"_links":{"self":[{"href":"https:\/\/algarve7.pt\/index.php\/wp-json\/wp\/v2\/posts\/29427","targetHints":{"allow":["GET"]}}],"collection":[{"href":"https:\/\/algarve7.pt\/index.php\/wp-json\/wp\/v2\/posts"}],"about":[{"href":"https:\/\/algarve7.pt\/index.php\/wp-json\/wp\/v2\/types\/post"}],"author":[{"embeddable":true,"href":"https:\/\/algarve7.pt\/index.php\/wp-json\/wp\/v2\/users\/1"}],"replies":[{"embeddable":true,"href":"https:\/\/algarve7.pt\/index.php\/wp-json\/wp\/v2\/comments?post=29427"}],"version-history":[{"count":0,"href":"https:\/\/algarve7.pt\/index.php\/wp-json\/wp\/v2\/posts\/29427\/revisions"}],"wp:featuredmedia":[{"embeddable":true,"href":"https:\/\/algarve7.pt\/index.php\/wp-json\/wp\/v2\/media\/29428"}],"wp:attachment":[{"href":"https:\/\/algarve7.pt\/index.php\/wp-json\/wp\/v2\/media?parent=29427"}],"wp:term":[{"taxonomy":"category","embeddable":true,"href":"https:\/\/algarve7.pt\/index.php\/wp-json\/wp\/v2\/categories?post=29427"},{"taxonomy":"post_tag","embeddable":true,"href":"https:\/\/algarve7.pt\/index.php\/wp-json\/wp\/v2\/tags?post=29427"}],"curies":[{"name":"wp","href":"https:\/\/api.w.org\/{rel}","templated":true}]}}