{"id":29372,"date":"2023-07-12T11:45:00","date_gmt":"2023-07-12T10:45:00","guid":{"rendered":"https:\/\/algarve7.pt\/?p=29372"},"modified":"2023-07-11T19:11:19","modified_gmt":"2023-07-11T18:11:19","slug":"municipio-de-tavira-lanca-o-concurso-de-fotografia-turismo-verde","status":"publish","type":"post","link":"https:\/\/algarve7.pt\/index.php\/2023\/07\/municipio-de-tavira-lanca-o-concurso-de-fotografia-turismo-verde\/turismo\/11\/45\/","title":{"rendered":"Munic\u00edpio de Tavira lan\u00e7a o concurso de fotografia \u201cTurismo Verde\u201d"},"content":{"rendered":"\n<p>No \u00e2mbito das celebra\u00e7\u00f5es do Dia Mundial do Turismo (27 de setembro), o Munic\u00edpio de Tavira lan\u00e7a o concurso de fotografia \u201cTurismo Verde\u201d. Este surge com o objetivo de incentivar a atividade fotogr\u00e1fica, estimular a sensibilidade art\u00edstica, despertando m\u00faltiplos olhares sobre o concelho, nomeadamente, sobre o turismo, o seu impacto e potencial.<\/p>\n\n\n\n<p>Pretende-se com esta iniciativa registar diferentes perspetivas, designadamente, a natureza, o patrim\u00f3nio e as pessoas, a capta\u00e7\u00e3o da import\u00e2ncia de um patrim\u00f3nio natural preservado, a relev\u00e2ncia das comunidades e as pr\u00e1ticas para a sustentabilidade do destino Tavira, assim como um olhar cr\u00edtico sobre os investimentos verdes existentes e potenciais.<\/p>\n\n\n\n<p>As fotografias a concurso ser\u00e3o, obrigatoriamente, no concelho de Tavira, enquadradas nos seguintes temas:<\/p>\n\n\n\n<p>a) Tema A \u2013 A cor verde<\/p>\n\n\n\n<p>b) Tema B \u2013 Economia circular \/ Sustentabilidade<\/p>\n\n\n\n<p>Ser\u00e3o atribu\u00eddos tr\u00eas pr\u00e9mios e duas men\u00e7\u00f5es honrosas para cada um dos temas, com os seguintes valores:<\/p>\n\n\n\n<p>1\u00ba Pr\u00e9mio \u2013 \u20ac1000 (mil euros)<\/p>\n\n\n\n<p>2\u00ba Pr\u00e9mio \u2013 \u20ac500 (quinhentos euros)<\/p>\n\n\n\n<p>3\u00ba Pr\u00e9mio \u2013 \u20ac250 (duzentos e cinquenta euros)<\/p>\n\n\n\n<p>Os interessados em participar dever\u00e3o proceder \u00e0 <strong>entrega dos trabalhos at\u00e9 dia 20 de agosto.<\/strong> As imagens dever\u00e3o ser enviadas por e-mail (<a href=\"mailto:fotografia.turismo.cmtavira@gmail.com\" target=\"_blank\" rel=\"noreferrer noopener\">fotografia.turismo.cmtavira@gmail.com<\/a> \u00a0atrav\u00e9s de link para download), CTT com aviso de rece\u00e7\u00e3o, com refer\u00eancia ao concurso e ao cuidado do Departamento de Desenvolvimento Sociocultural &#8211; Servi\u00e7o de Turismo (Pra\u00e7a da Rep\u00fablica | 8800-951 Tavira) ou pessoalmente no Servi\u00e7o de Turismo da C\u00e2mara Municipal de Tavira (dispositivo USB entregue em sobrescrito fechado com indica\u00e7\u00e3o exterior do nome do concurso), no hor\u00e1rio de funcionamento dos servi\u00e7os.<\/p>\n\n\n\n<p>Adicionalmente, ser\u00e3o selecionadas 20 fotografias, incluindo os arquivos vencedores, para integrar uma exposi\u00e7\u00e3o a inaugurar no Dia Mundial de Turismo, 27 de setembro. Este concurso realiza-se no seguimento das comemora\u00e7\u00f5es desta efem\u00e9ride que promove a tomada de consci\u00eancia&nbsp;sobre o valor social, cultural, pol\u00edtico e econ\u00f3mico do turismo e a contribui\u00e7\u00e3o desta atividade&nbsp;para serem alcan\u00e7ados&nbsp;os Objetivos de Desenvolvimento Sustent\u00e1vel.\u200b<\/p>\n\n\n\n<p>A Organiza\u00e7\u00e3o Mundial do Turismo (OMT) definiu que o Dia Mundial do Turismo 2023 ser\u00e1 celebrado em torno do tema \u201cTurismo Verde e Investimento\u201d e destacou as prioridades desta retomada, entre elas, acelerar a a\u00e7\u00e3o clim\u00e1tica no turismo.<\/p>\n","protected":false},"excerpt":{"rendered":"<p>No \u00e2mbito das celebra\u00e7\u00f5es do Dia Mundial do Turismo (27 de setembro), o Munic\u00edpio de Tavira lan\u00e7a o concurso de<\/p>\n","protected":false},"author":1,"featured_media":29373,"comment_status":"closed","ping_status":"open","sticky":false,"template":"","format":"standard","meta":{"colormag_page_container_layout":"default_layout","colormag_page_sidebar_layout":"default_layout","_monsterinsights_skip_tracking":false,"_monsterinsights_sitenote_active":false,"_monsterinsights_sitenote_note":"","_monsterinsights_sitenote_category":0,"jetpack_post_was_ever_published":false,"_jetpack_newsletter_access":"","_jetpack_dont_email_post_to_subs":false,"_jetpack_newsletter_tier_id":0,"_jetpack_memberships_contains_paywalled_content":false,"_jetpack_memberships_contains_paid_content":false,"footnotes":"","jetpack_publicize_message":"","jetpack_publicize_feature_enabled":true,"jetpack_social_post_already_shared":true,"jetpack_social_options":{"image_generator_settings":{"template":"highway","default_image_id":0,"font":"","enabled":false},"version":2}},"categories":[17],"tags":[36,146,54,45],"class_list":["post-29372","post","type-post","status-publish","format-standard","has-post-thumbnail","hentry","category-turismo","tag-algarve","tag-concurso","tag-tavira","tag-turismo"],"yoast_head":"<!-- This site is optimized with the Yoast SEO plugin v27.5 - https:\/\/yoast.com\/product\/yoast-seo-wordpress\/ -->\n<title>Munic\u00edpio de Tavira lan\u00e7a o concurso de fotografia \u201cTurismo Verde\u201d - Algarve 7<\/title>\n<meta name=\"description\" content=\"Munic\u00edpio de Tavira lan\u00e7a o concurso de fotografia \u201cTurismo Verde\u201d Turismo\" \/>\n<meta name=\"robots\" content=\"index, follow, max-snippet:-1, max-image-preview:large, max-video-preview:-1\" \/>\n<link rel=\"canonical\" href=\"https:\/\/algarve7.pt\/index.php\/2023\/07\/municipio-de-tavira-lanca-o-concurso-de-fotografia-turismo-verde\/turismo\/11\/45\/\" \/>\n<meta property=\"og:locale\" content=\"pt_PT\" \/>\n<meta property=\"og:type\" content=\"article\" \/>\n<meta property=\"og:title\" content=\"Munic\u00edpio de Tavira lan\u00e7a o concurso de fotografia \u201cTurismo Verde\u201d - Algarve 7\" \/>\n<meta property=\"og:description\" content=\"Munic\u00edpio de Tavira lan\u00e7a o concurso de fotografia \u201cTurismo Verde\u201d Turismo\" \/>\n<meta property=\"og:url\" content=\"https:\/\/algarve7.pt\/index.php\/2023\/07\/municipio-de-tavira-lanca-o-concurso-de-fotografia-turismo-verde\/turismo\/11\/45\/\" \/>\n<meta property=\"og:site_name\" content=\"Algarve 7\" \/>\n<meta property=\"article:publisher\" content=\"https:\/\/www.facebook.com\/algarve7\" \/>\n<meta property=\"article:author\" content=\"https:\/\/www.facebook.com\/algarve7\" \/>\n<meta property=\"article:published_time\" content=\"2023-07-12T10:45:00+00:00\" \/>\n<meta property=\"og:image\" content=\"https:\/\/algarve7.pt\/wp-content\/uploads\/2023\/07\/Captura-de-ecra-2023-07-11-as-19.10.10.png\" \/>\n\t<meta property=\"og:image:width\" content=\"1024\" \/>\n\t<meta property=\"og:image:height\" content=\"715\" \/>\n\t<meta property=\"og:image:type\" content=\"image\/png\" \/>\n<meta name=\"author\" content=\"Algarve 7\" \/>\n<meta name=\"twitter:card\" content=\"summary_large_image\" \/>\n<meta name=\"twitter:creator\" content=\"@Algarvesete\" \/>\n<meta name=\"twitter:site\" content=\"@Algarvesete\" \/>\n<meta name=\"twitter:label1\" content=\"Escrito por\" \/>\n\t<meta name=\"twitter:data1\" content=\"Algarve 7\" \/>\n\t<meta name=\"twitter:label2\" content=\"Tempo estimado de leitura\" \/>\n\t<meta name=\"twitter:data2\" content=\"2 minutos\" \/>\n<script type=\"application\/ld+json\" class=\"yoast-schema-graph\">{\"@context\":\"https:\\\/\\\/schema.org\",\"@graph\":[{\"@type\":\"Article\",\"@id\":\"https:\\\/\\\/algarve7.pt\\\/index.php\\\/2023\\\/07\\\/municipio-de-tavira-lanca-o-concurso-de-fotografia-turismo-verde\\\/turismo\\\/11\\\/45\\\/#article\",\"isPartOf\":{\"@id\":\"https:\\\/\\\/algarve7.pt\\\/index.php\\\/2023\\\/07\\\/municipio-de-tavira-lanca-o-concurso-de-fotografia-turismo-verde\\\/turismo\\\/11\\\/45\\\/\"},\"author\":{\"name\":\"Algarve 7\",\"@id\":\"https:\\\/\\\/algarve7.pt\\\/#\\\/schema\\\/person\\\/23fa70681308e7b319a3204bcea45e0c\"},\"headline\":\"Munic\u00edpio de Tavira lan\u00e7a o concurso de fotografia \u201cTurismo Verde\u201d\",\"datePublished\":\"2023-07-12T10:45:00+00:00\",\"mainEntityOfPage\":{\"@id\":\"https:\\\/\\\/algarve7.pt\\\/index.php\\\/2023\\\/07\\\/municipio-de-tavira-lanca-o-concurso-de-fotografia-turismo-verde\\\/turismo\\\/11\\\/45\\\/\"},\"wordCount\":399,\"publisher\":{\"@id\":\"https:\\\/\\\/algarve7.pt\\\/#organization\"},\"image\":{\"@id\":\"https:\\\/\\\/algarve7.pt\\\/index.php\\\/2023\\\/07\\\/municipio-de-tavira-lanca-o-concurso-de-fotografia-turismo-verde\\\/turismo\\\/11\\\/45\\\/#primaryimage\"},\"thumbnailUrl\":\"https:\\\/\\\/algarve7.pt\\\/wp-content\\\/uploads\\\/2023\\\/07\\\/Captura-de-ecra-2023-07-11-as-19.10.10.png\",\"keywords\":[\"Algarve\",\"Concurso\",\"Tavira\",\"Turismo\"],\"articleSection\":[\"Turismo\"],\"inLanguage\":\"pt-PT\"},{\"@type\":\"WebPage\",\"@id\":\"https:\\\/\\\/algarve7.pt\\\/index.php\\\/2023\\\/07\\\/municipio-de-tavira-lanca-o-concurso-de-fotografia-turismo-verde\\\/turismo\\\/11\\\/45\\\/\",\"url\":\"https:\\\/\\\/algarve7.pt\\\/index.php\\\/2023\\\/07\\\/municipio-de-tavira-lanca-o-concurso-de-fotografia-turismo-verde\\\/turismo\\\/11\\\/45\\\/\",\"name\":\"Munic\u00edpio de Tavira lan\u00e7a o concurso de fotografia \u201cTurismo Verde\u201d - Algarve 7\",\"isPartOf\":{\"@id\":\"https:\\\/\\\/algarve7.pt\\\/#website\"},\"primaryImageOfPage\":{\"@id\":\"https:\\\/\\\/algarve7.pt\\\/index.php\\\/2023\\\/07\\\/municipio-de-tavira-lanca-o-concurso-de-fotografia-turismo-verde\\\/turismo\\\/11\\\/45\\\/#primaryimage\"},\"image\":{\"@id\":\"https:\\\/\\\/algarve7.pt\\\/index.php\\\/2023\\\/07\\\/municipio-de-tavira-lanca-o-concurso-de-fotografia-turismo-verde\\\/turismo\\\/11\\\/45\\\/#primaryimage\"},\"thumbnailUrl\":\"https:\\\/\\\/algarve7.pt\\\/wp-content\\\/uploads\\\/2023\\\/07\\\/Captura-de-ecra-2023-07-11-as-19.10.10.png\",\"datePublished\":\"2023-07-12T10:45:00+00:00\",\"description\":\"Munic\u00edpio de Tavira lan\u00e7a o concurso de fotografia \u201cTurismo Verde\u201d Turismo\",\"breadcrumb\":{\"@id\":\"https:\\\/\\\/algarve7.pt\\\/index.php\\\/2023\\\/07\\\/municipio-de-tavira-lanca-o-concurso-de-fotografia-turismo-verde\\\/turismo\\\/11\\\/45\\\/#breadcrumb\"},\"inLanguage\":\"pt-PT\",\"potentialAction\":[{\"@type\":\"ReadAction\",\"target\":[\"https:\\\/\\\/algarve7.pt\\\/index.php\\\/2023\\\/07\\\/municipio-de-tavira-lanca-o-concurso-de-fotografia-turismo-verde\\\/turismo\\\/11\\\/45\\\/\"]}]},{\"@type\":\"ImageObject\",\"inLanguage\":\"pt-PT\",\"@id\":\"https:\\\/\\\/algarve7.pt\\\/index.php\\\/2023\\\/07\\\/municipio-de-tavira-lanca-o-concurso-de-fotografia-turismo-verde\\\/turismo\\\/11\\\/45\\\/#primaryimage\",\"url\":\"https:\\\/\\\/algarve7.pt\\\/wp-content\\\/uploads\\\/2023\\\/07\\\/Captura-de-ecra-2023-07-11-as-19.10.10.png\",\"contentUrl\":\"https:\\\/\\\/algarve7.pt\\\/wp-content\\\/uploads\\\/2023\\\/07\\\/Captura-de-ecra-2023-07-11-as-19.10.10.png\",\"width\":1024,\"height\":715},{\"@type\":\"BreadcrumbList\",\"@id\":\"https:\\\/\\\/algarve7.pt\\\/index.php\\\/2023\\\/07\\\/municipio-de-tavira-lanca-o-concurso-de-fotografia-turismo-verde\\\/turismo\\\/11\\\/45\\\/#breadcrumb\",\"itemListElement\":[{\"@type\":\"ListItem\",\"position\":1,\"name\":\"In\u00edcio\",\"item\":\"https:\\\/\\\/algarve7.pt\\\/\"},{\"@type\":\"ListItem\",\"position\":2,\"name\":\"Munic\u00edpio de Tavira lan\u00e7a o concurso de fotografia \u201cTurismo Verde\u201d\"}]},{\"@type\":\"WebSite\",\"@id\":\"https:\\\/\\\/algarve7.pt\\\/#website\",\"url\":\"https:\\\/\\\/algarve7.pt\\\/\",\"name\":\"Algarve 7\",\"description\":\"Informa\u00e7\u00e3o sobre o Algarve\",\"publisher\":{\"@id\":\"https:\\\/\\\/algarve7.pt\\\/#organization\"},\"potentialAction\":[{\"@type\":\"SearchAction\",\"target\":{\"@type\":\"EntryPoint\",\"urlTemplate\":\"https:\\\/\\\/algarve7.pt\\\/?s={search_term_string}\"},\"query-input\":{\"@type\":\"PropertyValueSpecification\",\"valueRequired\":true,\"valueName\":\"search_term_string\"}}],\"inLanguage\":\"pt-PT\"},{\"@type\":\"Organization\",\"@id\":\"https:\\\/\\\/algarve7.pt\\\/#organization\",\"name\":\"Algarve 7\",\"url\":\"https:\\\/\\\/algarve7.pt\\\/\",\"logo\":{\"@type\":\"ImageObject\",\"inLanguage\":\"pt-PT\",\"@id\":\"https:\\\/\\\/algarve7.pt\\\/#\\\/schema\\\/logo\\\/image\\\/\",\"url\":\"https:\\\/\\\/algarve7.pt\\\/wp-content\\\/uploads\\\/2020\\\/10\\\/Logo-8.jpg\",\"contentUrl\":\"https:\\\/\\\/algarve7.pt\\\/wp-content\\\/uploads\\\/2020\\\/10\\\/Logo-8.jpg\",\"width\":1680,\"height\":1186,\"caption\":\"Algarve 7\"},\"image\":{\"@id\":\"https:\\\/\\\/algarve7.pt\\\/#\\\/schema\\\/logo\\\/image\\\/\"},\"sameAs\":[\"https:\\\/\\\/www.facebook.com\\\/algarve7\",\"https:\\\/\\\/x.com\\\/Algarvesete\",\"https:\\\/\\\/www.instagram.com\\\/jornalalgarve7\\\/\",\"https:\\\/\\\/www.linkedin.com\\\/company\\\/algarve7\",\"https:\\\/\\\/www.pinterest.pt\\\/geral0939\\\/_created\\\/\"]},{\"@type\":\"Person\",\"@id\":\"https:\\\/\\\/algarve7.pt\\\/#\\\/schema\\\/person\\\/23fa70681308e7b319a3204bcea45e0c\",\"name\":\"Algarve 7\",\"sameAs\":[\"https:\\\/\\\/algarve7.pt\",\"https:\\\/\\\/www.facebook.com\\\/algarve7\"],\"url\":\"https:\\\/\\\/algarve7.pt\\\/index.php\\\/author\\\/geralalgarve7-pt\\\/\"}]}<\/script>\n<!-- \/ Yoast SEO plugin. -->","yoast_head_json":{"title":"Munic\u00edpio de Tavira lan\u00e7a o concurso de fotografia \u201cTurismo Verde\u201d - Algarve 7","description":"Munic\u00edpio de Tavira lan\u00e7a o concurso de fotografia \u201cTurismo Verde\u201d Turismo","robots":{"index":"index","follow":"follow","max-snippet":"max-snippet:-1","max-image-preview":"max-image-preview:large","max-video-preview":"max-video-preview:-1"},"canonical":"https:\/\/algarve7.pt\/index.php\/2023\/07\/municipio-de-tavira-lanca-o-concurso-de-fotografia-turismo-verde\/turismo\/11\/45\/","og_locale":"pt_PT","og_type":"article","og_title":"Munic\u00edpio de Tavira lan\u00e7a o concurso de fotografia \u201cTurismo Verde\u201d - Algarve 7","og_description":"Munic\u00edpio de Tavira lan\u00e7a o concurso de fotografia \u201cTurismo Verde\u201d Turismo","og_url":"https:\/\/algarve7.pt\/index.php\/2023\/07\/municipio-de-tavira-lanca-o-concurso-de-fotografia-turismo-verde\/turismo\/11\/45\/","og_site_name":"Algarve 7","article_publisher":"https:\/\/www.facebook.com\/algarve7","article_author":"https:\/\/www.facebook.com\/algarve7","article_published_time":"2023-07-12T10:45:00+00:00","og_image":[{"width":1024,"height":715,"url":"https:\/\/algarve7.pt\/wp-content\/uploads\/2023\/07\/Captura-de-ecra-2023-07-11-as-19.10.10.png","type":"image\/png"}],"author":"Algarve 7","twitter_card":"summary_large_image","twitter_creator":"@Algarvesete","twitter_site":"@Algarvesete","twitter_misc":{"Escrito por":"Algarve 7","Tempo estimado de leitura":"2 minutos"},"schema":{"@context":"https:\/\/schema.org","@graph":[{"@type":"Article","@id":"https:\/\/algarve7.pt\/index.php\/2023\/07\/municipio-de-tavira-lanca-o-concurso-de-fotografia-turismo-verde\/turismo\/11\/45\/#article","isPartOf":{"@id":"https:\/\/algarve7.pt\/index.php\/2023\/07\/municipio-de-tavira-lanca-o-concurso-de-fotografia-turismo-verde\/turismo\/11\/45\/"},"author":{"name":"Algarve 7","@id":"https:\/\/algarve7.pt\/#\/schema\/person\/23fa70681308e7b319a3204bcea45e0c"},"headline":"Munic\u00edpio de Tavira lan\u00e7a o concurso de fotografia \u201cTurismo Verde\u201d","datePublished":"2023-07-12T10:45:00+00:00","mainEntityOfPage":{"@id":"https:\/\/algarve7.pt\/index.php\/2023\/07\/municipio-de-tavira-lanca-o-concurso-de-fotografia-turismo-verde\/turismo\/11\/45\/"},"wordCount":399,"publisher":{"@id":"https:\/\/algarve7.pt\/#organization"},"image":{"@id":"https:\/\/algarve7.pt\/index.php\/2023\/07\/municipio-de-tavira-lanca-o-concurso-de-fotografia-turismo-verde\/turismo\/11\/45\/#primaryimage"},"thumbnailUrl":"https:\/\/algarve7.pt\/wp-content\/uploads\/2023\/07\/Captura-de-ecra-2023-07-11-as-19.10.10.png","keywords":["Algarve","Concurso","Tavira","Turismo"],"articleSection":["Turismo"],"inLanguage":"pt-PT"},{"@type":"WebPage","@id":"https:\/\/algarve7.pt\/index.php\/2023\/07\/municipio-de-tavira-lanca-o-concurso-de-fotografia-turismo-verde\/turismo\/11\/45\/","url":"https:\/\/algarve7.pt\/index.php\/2023\/07\/municipio-de-tavira-lanca-o-concurso-de-fotografia-turismo-verde\/turismo\/11\/45\/","name":"Munic\u00edpio de Tavira lan\u00e7a o concurso de fotografia \u201cTurismo Verde\u201d - Algarve 7","isPartOf":{"@id":"https:\/\/algarve7.pt\/#website"},"primaryImageOfPage":{"@id":"https:\/\/algarve7.pt\/index.php\/2023\/07\/municipio-de-tavira-lanca-o-concurso-de-fotografia-turismo-verde\/turismo\/11\/45\/#primaryimage"},"image":{"@id":"https:\/\/algarve7.pt\/index.php\/2023\/07\/municipio-de-tavira-lanca-o-concurso-de-fotografia-turismo-verde\/turismo\/11\/45\/#primaryimage"},"thumbnailUrl":"https:\/\/algarve7.pt\/wp-content\/uploads\/2023\/07\/Captura-de-ecra-2023-07-11-as-19.10.10.png","datePublished":"2023-07-12T10:45:00+00:00","description":"Munic\u00edpio de Tavira lan\u00e7a o concurso de fotografia \u201cTurismo Verde\u201d Turismo","breadcrumb":{"@id":"https:\/\/algarve7.pt\/index.php\/2023\/07\/municipio-de-tavira-lanca-o-concurso-de-fotografia-turismo-verde\/turismo\/11\/45\/#breadcrumb"},"inLanguage":"pt-PT","potentialAction":[{"@type":"ReadAction","target":["https:\/\/algarve7.pt\/index.php\/2023\/07\/municipio-de-tavira-lanca-o-concurso-de-fotografia-turismo-verde\/turismo\/11\/45\/"]}]},{"@type":"ImageObject","inLanguage":"pt-PT","@id":"https:\/\/algarve7.pt\/index.php\/2023\/07\/municipio-de-tavira-lanca-o-concurso-de-fotografia-turismo-verde\/turismo\/11\/45\/#primaryimage","url":"https:\/\/algarve7.pt\/wp-content\/uploads\/2023\/07\/Captura-de-ecra-2023-07-11-as-19.10.10.png","contentUrl":"https:\/\/algarve7.pt\/wp-content\/uploads\/2023\/07\/Captura-de-ecra-2023-07-11-as-19.10.10.png","width":1024,"height":715},{"@type":"BreadcrumbList","@id":"https:\/\/algarve7.pt\/index.php\/2023\/07\/municipio-de-tavira-lanca-o-concurso-de-fotografia-turismo-verde\/turismo\/11\/45\/#breadcrumb","itemListElement":[{"@type":"ListItem","position":1,"name":"In\u00edcio","item":"https:\/\/algarve7.pt\/"},{"@type":"ListItem","position":2,"name":"Munic\u00edpio de Tavira lan\u00e7a o concurso de fotografia \u201cTurismo Verde\u201d"}]},{"@type":"WebSite","@id":"https:\/\/algarve7.pt\/#website","url":"https:\/\/algarve7.pt\/","name":"Algarve 7","description":"Informa\u00e7\u00e3o sobre o Algarve","publisher":{"@id":"https:\/\/algarve7.pt\/#organization"},"potentialAction":[{"@type":"SearchAction","target":{"@type":"EntryPoint","urlTemplate":"https:\/\/algarve7.pt\/?s={search_term_string}"},"query-input":{"@type":"PropertyValueSpecification","valueRequired":true,"valueName":"search_term_string"}}],"inLanguage":"pt-PT"},{"@type":"Organization","@id":"https:\/\/algarve7.pt\/#organization","name":"Algarve 7","url":"https:\/\/algarve7.pt\/","logo":{"@type":"ImageObject","inLanguage":"pt-PT","@id":"https:\/\/algarve7.pt\/#\/schema\/logo\/image\/","url":"https:\/\/algarve7.pt\/wp-content\/uploads\/2020\/10\/Logo-8.jpg","contentUrl":"https:\/\/algarve7.pt\/wp-content\/uploads\/2020\/10\/Logo-8.jpg","width":1680,"height":1186,"caption":"Algarve 7"},"image":{"@id":"https:\/\/algarve7.pt\/#\/schema\/logo\/image\/"},"sameAs":["https:\/\/www.facebook.com\/algarve7","https:\/\/x.com\/Algarvesete","https:\/\/www.instagram.com\/jornalalgarve7\/","https:\/\/www.linkedin.com\/company\/algarve7","https:\/\/www.pinterest.pt\/geral0939\/_created\/"]},{"@type":"Person","@id":"https:\/\/algarve7.pt\/#\/schema\/person\/23fa70681308e7b319a3204bcea45e0c","name":"Algarve 7","sameAs":["https:\/\/algarve7.pt","https:\/\/www.facebook.com\/algarve7"],"url":"https:\/\/algarve7.pt\/index.php\/author\/geralalgarve7-pt\/"}]}},"jetpack_publicize_connections":[],"jetpack_featured_media_url":"https:\/\/algarve7.pt\/wp-content\/uploads\/2023\/07\/Captura-de-ecra-2023-07-11-as-19.10.10.png","jetpack_shortlink":"https:\/\/wp.me\/pcezmW-7DK","jetpack_sharing_enabled":true,"_links":{"self":[{"href":"https:\/\/algarve7.pt\/index.php\/wp-json\/wp\/v2\/posts\/29372","targetHints":{"allow":["GET"]}}],"collection":[{"href":"https:\/\/algarve7.pt\/index.php\/wp-json\/wp\/v2\/posts"}],"about":[{"href":"https:\/\/algarve7.pt\/index.php\/wp-json\/wp\/v2\/types\/post"}],"author":[{"embeddable":true,"href":"https:\/\/algarve7.pt\/index.php\/wp-json\/wp\/v2\/users\/1"}],"replies":[{"embeddable":true,"href":"https:\/\/algarve7.pt\/index.php\/wp-json\/wp\/v2\/comments?post=29372"}],"version-history":[{"count":0,"href":"https:\/\/algarve7.pt\/index.php\/wp-json\/wp\/v2\/posts\/29372\/revisions"}],"wp:featuredmedia":[{"embeddable":true,"href":"https:\/\/algarve7.pt\/index.php\/wp-json\/wp\/v2\/media\/29373"}],"wp:attachment":[{"href":"https:\/\/algarve7.pt\/index.php\/wp-json\/wp\/v2\/media?parent=29372"}],"wp:term":[{"taxonomy":"category","embeddable":true,"href":"https:\/\/algarve7.pt\/index.php\/wp-json\/wp\/v2\/categories?post=29372"},{"taxonomy":"post_tag","embeddable":true,"href":"https:\/\/algarve7.pt\/index.php\/wp-json\/wp\/v2\/tags?post=29372"}],"curies":[{"name":"wp","href":"https:\/\/api.w.org\/{rel}","templated":true}]}}