{"id":29299,"date":"2023-07-10T08:58:25","date_gmt":"2023-07-10T07:58:25","guid":{"rendered":"https:\/\/algarve7.pt\/?p=29299"},"modified":"2023-07-10T08:59:34","modified_gmt":"2023-07-10T07:59:34","slug":"vai-ser-apresentado-hoje-simplex-diz-sim-as-pessoas-e-as-empresas","status":"publish","type":"post","link":"https:\/\/algarve7.pt\/index.php\/2023\/07\/vai-ser-apresentado-hoje-simplex-diz-sim-as-pessoas-e-as-empresas\/nacional\/08\/58\/","title":{"rendered":"Vai ser apresentado hoje, SIMPLEX diz SIM \u00e0s pessoas e \u00e0s empresas"},"content":{"rendered":"\n<p>O Governo apresenta esta segunda-feira, 10 de julho, o novo programa SIMPLEX composto por&nbsp;<strong>18 medidas de simplifica\u00e7\u00e3o administrativa<\/strong>. Esta edi\u00e7\u00e3o refor\u00e7a aquela que \u00e9 a nova vis\u00e3o desta iniciativa: medidas que refletem a import\u00e2ncia de inovar, de modernizar processos e de consagrar o digital como regra de atua\u00e7\u00e3o para melhorar a qualidade dos servi\u00e7os p\u00fablicos, centrando-os nos principais eventos de vida das pessoas e das empresas.<\/p>\n\n\n\n<p>Este programa abrange v\u00e1rias \u00e1reas governativas e destacam-se as seguintes medidas:<\/p>\n\n\n\n<ul class=\"wp-block-list\">\n<li><strong>Novo Cart\u00e3o de Cidad\u00e3o<\/strong>: disponibilizar um cart\u00e3o&nbsp;<em>contactless<\/em>&nbsp;e com um novo&nbsp;<em>design&nbsp;<\/em>com elementos nacionais, garantindo maior seguran\u00e7a e casos de uso, como bilhete de transporte; acesso a abertura de conta banc\u00e1ria em canais digitais e presenciais; e refor\u00e7o nos processos de autentica\u00e7\u00e3o.<\/li>\n\n\n\n<li><strong>Pesquisa de Emprego+\u00c1gil:&nbsp;<\/strong>criar um sistema de<strong>&nbsp;<\/strong>cruzamento autom\u00e1tico de ofertas e procura de emprego, para uma resposta mais ajustada \u00e0s necessidades das pessoas.<\/li>\n\n\n\n<li><strong>Atestado Multiuso Uma S\u00f3 Vez<\/strong>: implementar um processo integrado centrado na pessoa com incapacidade que integre todos os servi\u00e7os associados, garantindo a redu\u00e7\u00e3o das desloca\u00e7\u00f5es e considerando especialmente a situa\u00e7\u00e3o de fragilidade em que a pessoa utente se encontra.<\/li>\n\n\n\n<li><strong>Reforma dos Licenciamentos no Urbanismo, Ordenamento do Territ\u00f3rio e Ind\u00fastria:<\/strong>&nbsp;continuar a simplificar os procedimentos de licenciamento de opera\u00e7\u00f5es urban\u00edsticas, uniformizando procedimentos administrativos em todos os munic\u00edpios.<\/li>\n<\/ul>\n\n\n\n<p>O&nbsp;<strong>Secret\u00e1rio de Estado da Digitaliza\u00e7\u00e3o e da Moderniza\u00e7\u00e3o Administrativa<\/strong>, M\u00e1rio Campolargo, indica que \u201cEm 2023, com foco nos tr\u00eas eixos de a\u00e7\u00e3o &#8211; aproximar, antecipar e automatizar -, pretende-se que o SIMPLEX continue a melhorar a qualidade de vida das pessoas e das empresas. O Plano de Recupera\u00e7\u00e3o e Resili\u00eancia e a cocria\u00e7\u00e3o entre as v\u00e1rias \u00e1reas da Administra\u00e7\u00e3o P\u00fablica e as pessoas v\u00e3o potenciar a din\u00e2mica de inova\u00e7\u00e3o e de cria\u00e7\u00e3o de novos e melhores servi\u00e7os, com particular destaque para a simplifica\u00e7\u00e3o de processos e formas de intera\u00e7\u00e3o mais inclusivas\u201d.<\/p>\n\n\n\n<p>Mais informa\u00e7\u00e3o dispon\u00edvel em\u00a0<a href=\"http:\/\/www.simplex.gov.pt\/\" target=\"_blank\" rel=\"noreferrer noopener\">www.simplex.gov.pt<\/a>.<\/p>\n","protected":false},"excerpt":{"rendered":"<p>O Governo apresenta esta segunda-feira, 10 de julho, o novo programa SIMPLEX composto por&nbsp;18 medidas de simplifica\u00e7\u00e3o administrativa. Esta edi\u00e7\u00e3o<\/p>\n","protected":false},"author":1,"featured_media":29300,"comment_status":"closed","ping_status":"open","sticky":false,"template":"","format":"standard","meta":{"colormag_page_container_layout":"default_layout","colormag_page_sidebar_layout":"default_layout","_monsterinsights_skip_tracking":false,"_monsterinsights_sitenote_active":false,"_monsterinsights_sitenote_note":"","_monsterinsights_sitenote_category":0,"jetpack_post_was_ever_published":false,"_jetpack_newsletter_access":"","_jetpack_dont_email_post_to_subs":false,"_jetpack_newsletter_tier_id":0,"_jetpack_memberships_contains_paywalled_content":false,"_jetpack_memberships_contains_paid_content":false,"footnotes":"","jetpack_publicize_message":"","jetpack_publicize_feature_enabled":true,"jetpack_social_post_already_shared":true,"jetpack_social_options":{"image_generator_settings":{"template":"highway","default_image_id":0,"font":"","enabled":false},"version":2}},"categories":[189],"tags":[36,62,128,98],"class_list":["post-29299","post","type-post","status-publish","format-standard","has-post-thumbnail","hentry","category-nacional","tag-algarve","tag-atualidade","tag-governo","tag-nacional"],"yoast_head":"<!-- This site is optimized with the Yoast SEO plugin v27.5 - https:\/\/yoast.com\/product\/yoast-seo-wordpress\/ -->\n<title>Vai ser apresentado hoje, SIMPLEX diz SIM \u00e0s pessoas e \u00e0s empresas - Algarve 7<\/title>\n<meta name=\"description\" content=\"Vai ser apresentado hoje, SIMPLEX diz SIM \u00e0s pessoas e \u00e0s empresas Nacional\" \/>\n<meta name=\"robots\" content=\"index, follow, max-snippet:-1, max-image-preview:large, max-video-preview:-1\" \/>\n<link rel=\"canonical\" href=\"https:\/\/algarve7.pt\/index.php\/2023\/07\/vai-ser-apresentado-hoje-simplex-diz-sim-as-pessoas-e-as-empresas\/nacional\/08\/58\/\" \/>\n<meta property=\"og:locale\" content=\"pt_PT\" \/>\n<meta property=\"og:type\" content=\"article\" \/>\n<meta property=\"og:title\" content=\"Vai ser apresentado hoje, SIMPLEX diz SIM \u00e0s pessoas e \u00e0s empresas - Algarve 7\" \/>\n<meta property=\"og:description\" content=\"Vai ser apresentado hoje, SIMPLEX diz SIM \u00e0s pessoas e \u00e0s empresas Nacional\" \/>\n<meta property=\"og:url\" content=\"https:\/\/algarve7.pt\/index.php\/2023\/07\/vai-ser-apresentado-hoje-simplex-diz-sim-as-pessoas-e-as-empresas\/nacional\/08\/58\/\" \/>\n<meta property=\"og:site_name\" content=\"Algarve 7\" \/>\n<meta property=\"article:publisher\" content=\"https:\/\/www.facebook.com\/algarve7\" \/>\n<meta property=\"article:author\" content=\"https:\/\/www.facebook.com\/algarve7\" \/>\n<meta property=\"article:published_time\" content=\"2023-07-10T07:58:25+00:00\" \/>\n<meta property=\"article:modified_time\" content=\"2023-07-10T07:59:34+00:00\" \/>\n<meta property=\"og:image\" content=\"https:\/\/algarve7.pt\/wp-content\/uploads\/2023\/07\/i056362.jpg-e1688975964340.png\" \/>\n\t<meta property=\"og:image:width\" content=\"512\" \/>\n\t<meta property=\"og:image:height\" content=\"337\" \/>\n\t<meta property=\"og:image:type\" content=\"image\/png\" \/>\n<meta name=\"author\" content=\"Algarve 7\" \/>\n<meta name=\"twitter:card\" content=\"summary_large_image\" \/>\n<meta name=\"twitter:creator\" content=\"@Algarvesete\" \/>\n<meta name=\"twitter:site\" content=\"@Algarvesete\" \/>\n<meta name=\"twitter:label1\" content=\"Escrito por\" \/>\n\t<meta name=\"twitter:data1\" content=\"Algarve 7\" \/>\n\t<meta name=\"twitter:label2\" content=\"Tempo estimado de leitura\" \/>\n\t<meta name=\"twitter:data2\" content=\"2 minutos\" \/>\n<script type=\"application\/ld+json\" class=\"yoast-schema-graph\">{\"@context\":\"https:\\\/\\\/schema.org\",\"@graph\":[{\"@type\":\"Article\",\"@id\":\"https:\\\/\\\/algarve7.pt\\\/index.php\\\/2023\\\/07\\\/vai-ser-apresentado-hoje-simplex-diz-sim-as-pessoas-e-as-empresas\\\/nacional\\\/08\\\/58\\\/#article\",\"isPartOf\":{\"@id\":\"https:\\\/\\\/algarve7.pt\\\/index.php\\\/2023\\\/07\\\/vai-ser-apresentado-hoje-simplex-diz-sim-as-pessoas-e-as-empresas\\\/nacional\\\/08\\\/58\\\/\"},\"author\":{\"name\":\"Algarve 7\",\"@id\":\"https:\\\/\\\/algarve7.pt\\\/#\\\/schema\\\/person\\\/23fa70681308e7b319a3204bcea45e0c\"},\"headline\":\"Vai ser apresentado hoje, SIMPLEX diz SIM \u00e0s pessoas e \u00e0s empresas\",\"datePublished\":\"2023-07-10T07:58:25+00:00\",\"dateModified\":\"2023-07-10T07:59:34+00:00\",\"mainEntityOfPage\":{\"@id\":\"https:\\\/\\\/algarve7.pt\\\/index.php\\\/2023\\\/07\\\/vai-ser-apresentado-hoje-simplex-diz-sim-as-pessoas-e-as-empresas\\\/nacional\\\/08\\\/58\\\/\"},\"wordCount\":377,\"publisher\":{\"@id\":\"https:\\\/\\\/algarve7.pt\\\/#organization\"},\"image\":{\"@id\":\"https:\\\/\\\/algarve7.pt\\\/index.php\\\/2023\\\/07\\\/vai-ser-apresentado-hoje-simplex-diz-sim-as-pessoas-e-as-empresas\\\/nacional\\\/08\\\/58\\\/#primaryimage\"},\"thumbnailUrl\":\"https:\\\/\\\/algarve7.pt\\\/wp-content\\\/uploads\\\/2023\\\/07\\\/i056362.jpg-e1688975964340.png\",\"keywords\":[\"Algarve\",\"Atualidade\",\"Governo\",\"Nacional\"],\"articleSection\":[\"Nacional\"],\"inLanguage\":\"pt-PT\"},{\"@type\":\"WebPage\",\"@id\":\"https:\\\/\\\/algarve7.pt\\\/index.php\\\/2023\\\/07\\\/vai-ser-apresentado-hoje-simplex-diz-sim-as-pessoas-e-as-empresas\\\/nacional\\\/08\\\/58\\\/\",\"url\":\"https:\\\/\\\/algarve7.pt\\\/index.php\\\/2023\\\/07\\\/vai-ser-apresentado-hoje-simplex-diz-sim-as-pessoas-e-as-empresas\\\/nacional\\\/08\\\/58\\\/\",\"name\":\"Vai ser apresentado hoje, SIMPLEX diz SIM \u00e0s pessoas e \u00e0s empresas - Algarve 7\",\"isPartOf\":{\"@id\":\"https:\\\/\\\/algarve7.pt\\\/#website\"},\"primaryImageOfPage\":{\"@id\":\"https:\\\/\\\/algarve7.pt\\\/index.php\\\/2023\\\/07\\\/vai-ser-apresentado-hoje-simplex-diz-sim-as-pessoas-e-as-empresas\\\/nacional\\\/08\\\/58\\\/#primaryimage\"},\"image\":{\"@id\":\"https:\\\/\\\/algarve7.pt\\\/index.php\\\/2023\\\/07\\\/vai-ser-apresentado-hoje-simplex-diz-sim-as-pessoas-e-as-empresas\\\/nacional\\\/08\\\/58\\\/#primaryimage\"},\"thumbnailUrl\":\"https:\\\/\\\/algarve7.pt\\\/wp-content\\\/uploads\\\/2023\\\/07\\\/i056362.jpg-e1688975964340.png\",\"datePublished\":\"2023-07-10T07:58:25+00:00\",\"dateModified\":\"2023-07-10T07:59:34+00:00\",\"description\":\"Vai ser apresentado hoje, SIMPLEX diz SIM \u00e0s pessoas e \u00e0s empresas Nacional\",\"breadcrumb\":{\"@id\":\"https:\\\/\\\/algarve7.pt\\\/index.php\\\/2023\\\/07\\\/vai-ser-apresentado-hoje-simplex-diz-sim-as-pessoas-e-as-empresas\\\/nacional\\\/08\\\/58\\\/#breadcrumb\"},\"inLanguage\":\"pt-PT\",\"potentialAction\":[{\"@type\":\"ReadAction\",\"target\":[\"https:\\\/\\\/algarve7.pt\\\/index.php\\\/2023\\\/07\\\/vai-ser-apresentado-hoje-simplex-diz-sim-as-pessoas-e-as-empresas\\\/nacional\\\/08\\\/58\\\/\"]}]},{\"@type\":\"ImageObject\",\"inLanguage\":\"pt-PT\",\"@id\":\"https:\\\/\\\/algarve7.pt\\\/index.php\\\/2023\\\/07\\\/vai-ser-apresentado-hoje-simplex-diz-sim-as-pessoas-e-as-empresas\\\/nacional\\\/08\\\/58\\\/#primaryimage\",\"url\":\"https:\\\/\\\/algarve7.pt\\\/wp-content\\\/uploads\\\/2023\\\/07\\\/i056362.jpg-e1688975964340.png\",\"contentUrl\":\"https:\\\/\\\/algarve7.pt\\\/wp-content\\\/uploads\\\/2023\\\/07\\\/i056362.jpg-e1688975964340.png\",\"width\":512,\"height\":337},{\"@type\":\"BreadcrumbList\",\"@id\":\"https:\\\/\\\/algarve7.pt\\\/index.php\\\/2023\\\/07\\\/vai-ser-apresentado-hoje-simplex-diz-sim-as-pessoas-e-as-empresas\\\/nacional\\\/08\\\/58\\\/#breadcrumb\",\"itemListElement\":[{\"@type\":\"ListItem\",\"position\":1,\"name\":\"In\u00edcio\",\"item\":\"https:\\\/\\\/algarve7.pt\\\/\"},{\"@type\":\"ListItem\",\"position\":2,\"name\":\"Vai ser apresentado hoje, SIMPLEX diz SIM \u00e0s pessoas e \u00e0s empresas\"}]},{\"@type\":\"WebSite\",\"@id\":\"https:\\\/\\\/algarve7.pt\\\/#website\",\"url\":\"https:\\\/\\\/algarve7.pt\\\/\",\"name\":\"Algarve 7\",\"description\":\"Informa\u00e7\u00e3o sobre o Algarve\",\"publisher\":{\"@id\":\"https:\\\/\\\/algarve7.pt\\\/#organization\"},\"potentialAction\":[{\"@type\":\"SearchAction\",\"target\":{\"@type\":\"EntryPoint\",\"urlTemplate\":\"https:\\\/\\\/algarve7.pt\\\/?s={search_term_string}\"},\"query-input\":{\"@type\":\"PropertyValueSpecification\",\"valueRequired\":true,\"valueName\":\"search_term_string\"}}],\"inLanguage\":\"pt-PT\"},{\"@type\":\"Organization\",\"@id\":\"https:\\\/\\\/algarve7.pt\\\/#organization\",\"name\":\"Algarve 7\",\"url\":\"https:\\\/\\\/algarve7.pt\\\/\",\"logo\":{\"@type\":\"ImageObject\",\"inLanguage\":\"pt-PT\",\"@id\":\"https:\\\/\\\/algarve7.pt\\\/#\\\/schema\\\/logo\\\/image\\\/\",\"url\":\"https:\\\/\\\/algarve7.pt\\\/wp-content\\\/uploads\\\/2020\\\/10\\\/Logo-8.jpg\",\"contentUrl\":\"https:\\\/\\\/algarve7.pt\\\/wp-content\\\/uploads\\\/2020\\\/10\\\/Logo-8.jpg\",\"width\":1680,\"height\":1186,\"caption\":\"Algarve 7\"},\"image\":{\"@id\":\"https:\\\/\\\/algarve7.pt\\\/#\\\/schema\\\/logo\\\/image\\\/\"},\"sameAs\":[\"https:\\\/\\\/www.facebook.com\\\/algarve7\",\"https:\\\/\\\/x.com\\\/Algarvesete\",\"https:\\\/\\\/www.instagram.com\\\/jornalalgarve7\\\/\",\"https:\\\/\\\/www.linkedin.com\\\/company\\\/algarve7\",\"https:\\\/\\\/www.pinterest.pt\\\/geral0939\\\/_created\\\/\"]},{\"@type\":\"Person\",\"@id\":\"https:\\\/\\\/algarve7.pt\\\/#\\\/schema\\\/person\\\/23fa70681308e7b319a3204bcea45e0c\",\"name\":\"Algarve 7\",\"sameAs\":[\"https:\\\/\\\/algarve7.pt\",\"https:\\\/\\\/www.facebook.com\\\/algarve7\"],\"url\":\"https:\\\/\\\/algarve7.pt\\\/index.php\\\/author\\\/geralalgarve7-pt\\\/\"}]}<\/script>\n<!-- \/ Yoast SEO plugin. -->","yoast_head_json":{"title":"Vai ser apresentado hoje, SIMPLEX diz SIM \u00e0s pessoas e \u00e0s empresas - Algarve 7","description":"Vai ser apresentado hoje, SIMPLEX diz SIM \u00e0s pessoas e \u00e0s empresas Nacional","robots":{"index":"index","follow":"follow","max-snippet":"max-snippet:-1","max-image-preview":"max-image-preview:large","max-video-preview":"max-video-preview:-1"},"canonical":"https:\/\/algarve7.pt\/index.php\/2023\/07\/vai-ser-apresentado-hoje-simplex-diz-sim-as-pessoas-e-as-empresas\/nacional\/08\/58\/","og_locale":"pt_PT","og_type":"article","og_title":"Vai ser apresentado hoje, SIMPLEX diz SIM \u00e0s pessoas e \u00e0s empresas - Algarve 7","og_description":"Vai ser apresentado hoje, SIMPLEX diz SIM \u00e0s pessoas e \u00e0s empresas Nacional","og_url":"https:\/\/algarve7.pt\/index.php\/2023\/07\/vai-ser-apresentado-hoje-simplex-diz-sim-as-pessoas-e-as-empresas\/nacional\/08\/58\/","og_site_name":"Algarve 7","article_publisher":"https:\/\/www.facebook.com\/algarve7","article_author":"https:\/\/www.facebook.com\/algarve7","article_published_time":"2023-07-10T07:58:25+00:00","article_modified_time":"2023-07-10T07:59:34+00:00","og_image":[{"width":512,"height":337,"url":"https:\/\/algarve7.pt\/wp-content\/uploads\/2023\/07\/i056362.jpg-e1688975964340.png","type":"image\/png"}],"author":"Algarve 7","twitter_card":"summary_large_image","twitter_creator":"@Algarvesete","twitter_site":"@Algarvesete","twitter_misc":{"Escrito por":"Algarve 7","Tempo estimado de leitura":"2 minutos"},"schema":{"@context":"https:\/\/schema.org","@graph":[{"@type":"Article","@id":"https:\/\/algarve7.pt\/index.php\/2023\/07\/vai-ser-apresentado-hoje-simplex-diz-sim-as-pessoas-e-as-empresas\/nacional\/08\/58\/#article","isPartOf":{"@id":"https:\/\/algarve7.pt\/index.php\/2023\/07\/vai-ser-apresentado-hoje-simplex-diz-sim-as-pessoas-e-as-empresas\/nacional\/08\/58\/"},"author":{"name":"Algarve 7","@id":"https:\/\/algarve7.pt\/#\/schema\/person\/23fa70681308e7b319a3204bcea45e0c"},"headline":"Vai ser apresentado hoje, SIMPLEX diz SIM \u00e0s pessoas e \u00e0s empresas","datePublished":"2023-07-10T07:58:25+00:00","dateModified":"2023-07-10T07:59:34+00:00","mainEntityOfPage":{"@id":"https:\/\/algarve7.pt\/index.php\/2023\/07\/vai-ser-apresentado-hoje-simplex-diz-sim-as-pessoas-e-as-empresas\/nacional\/08\/58\/"},"wordCount":377,"publisher":{"@id":"https:\/\/algarve7.pt\/#organization"},"image":{"@id":"https:\/\/algarve7.pt\/index.php\/2023\/07\/vai-ser-apresentado-hoje-simplex-diz-sim-as-pessoas-e-as-empresas\/nacional\/08\/58\/#primaryimage"},"thumbnailUrl":"https:\/\/algarve7.pt\/wp-content\/uploads\/2023\/07\/i056362.jpg-e1688975964340.png","keywords":["Algarve","Atualidade","Governo","Nacional"],"articleSection":["Nacional"],"inLanguage":"pt-PT"},{"@type":"WebPage","@id":"https:\/\/algarve7.pt\/index.php\/2023\/07\/vai-ser-apresentado-hoje-simplex-diz-sim-as-pessoas-e-as-empresas\/nacional\/08\/58\/","url":"https:\/\/algarve7.pt\/index.php\/2023\/07\/vai-ser-apresentado-hoje-simplex-diz-sim-as-pessoas-e-as-empresas\/nacional\/08\/58\/","name":"Vai ser apresentado hoje, SIMPLEX diz SIM \u00e0s pessoas e \u00e0s empresas - Algarve 7","isPartOf":{"@id":"https:\/\/algarve7.pt\/#website"},"primaryImageOfPage":{"@id":"https:\/\/algarve7.pt\/index.php\/2023\/07\/vai-ser-apresentado-hoje-simplex-diz-sim-as-pessoas-e-as-empresas\/nacional\/08\/58\/#primaryimage"},"image":{"@id":"https:\/\/algarve7.pt\/index.php\/2023\/07\/vai-ser-apresentado-hoje-simplex-diz-sim-as-pessoas-e-as-empresas\/nacional\/08\/58\/#primaryimage"},"thumbnailUrl":"https:\/\/algarve7.pt\/wp-content\/uploads\/2023\/07\/i056362.jpg-e1688975964340.png","datePublished":"2023-07-10T07:58:25+00:00","dateModified":"2023-07-10T07:59:34+00:00","description":"Vai ser apresentado hoje, SIMPLEX diz SIM \u00e0s pessoas e \u00e0s empresas Nacional","breadcrumb":{"@id":"https:\/\/algarve7.pt\/index.php\/2023\/07\/vai-ser-apresentado-hoje-simplex-diz-sim-as-pessoas-e-as-empresas\/nacional\/08\/58\/#breadcrumb"},"inLanguage":"pt-PT","potentialAction":[{"@type":"ReadAction","target":["https:\/\/algarve7.pt\/index.php\/2023\/07\/vai-ser-apresentado-hoje-simplex-diz-sim-as-pessoas-e-as-empresas\/nacional\/08\/58\/"]}]},{"@type":"ImageObject","inLanguage":"pt-PT","@id":"https:\/\/algarve7.pt\/index.php\/2023\/07\/vai-ser-apresentado-hoje-simplex-diz-sim-as-pessoas-e-as-empresas\/nacional\/08\/58\/#primaryimage","url":"https:\/\/algarve7.pt\/wp-content\/uploads\/2023\/07\/i056362.jpg-e1688975964340.png","contentUrl":"https:\/\/algarve7.pt\/wp-content\/uploads\/2023\/07\/i056362.jpg-e1688975964340.png","width":512,"height":337},{"@type":"BreadcrumbList","@id":"https:\/\/algarve7.pt\/index.php\/2023\/07\/vai-ser-apresentado-hoje-simplex-diz-sim-as-pessoas-e-as-empresas\/nacional\/08\/58\/#breadcrumb","itemListElement":[{"@type":"ListItem","position":1,"name":"In\u00edcio","item":"https:\/\/algarve7.pt\/"},{"@type":"ListItem","position":2,"name":"Vai ser apresentado hoje, SIMPLEX diz SIM \u00e0s pessoas e \u00e0s empresas"}]},{"@type":"WebSite","@id":"https:\/\/algarve7.pt\/#website","url":"https:\/\/algarve7.pt\/","name":"Algarve 7","description":"Informa\u00e7\u00e3o sobre o Algarve","publisher":{"@id":"https:\/\/algarve7.pt\/#organization"},"potentialAction":[{"@type":"SearchAction","target":{"@type":"EntryPoint","urlTemplate":"https:\/\/algarve7.pt\/?s={search_term_string}"},"query-input":{"@type":"PropertyValueSpecification","valueRequired":true,"valueName":"search_term_string"}}],"inLanguage":"pt-PT"},{"@type":"Organization","@id":"https:\/\/algarve7.pt\/#organization","name":"Algarve 7","url":"https:\/\/algarve7.pt\/","logo":{"@type":"ImageObject","inLanguage":"pt-PT","@id":"https:\/\/algarve7.pt\/#\/schema\/logo\/image\/","url":"https:\/\/algarve7.pt\/wp-content\/uploads\/2020\/10\/Logo-8.jpg","contentUrl":"https:\/\/algarve7.pt\/wp-content\/uploads\/2020\/10\/Logo-8.jpg","width":1680,"height":1186,"caption":"Algarve 7"},"image":{"@id":"https:\/\/algarve7.pt\/#\/schema\/logo\/image\/"},"sameAs":["https:\/\/www.facebook.com\/algarve7","https:\/\/x.com\/Algarvesete","https:\/\/www.instagram.com\/jornalalgarve7\/","https:\/\/www.linkedin.com\/company\/algarve7","https:\/\/www.pinterest.pt\/geral0939\/_created\/"]},{"@type":"Person","@id":"https:\/\/algarve7.pt\/#\/schema\/person\/23fa70681308e7b319a3204bcea45e0c","name":"Algarve 7","sameAs":["https:\/\/algarve7.pt","https:\/\/www.facebook.com\/algarve7"],"url":"https:\/\/algarve7.pt\/index.php\/author\/geralalgarve7-pt\/"}]}},"jetpack_publicize_connections":[],"jetpack_featured_media_url":"https:\/\/algarve7.pt\/wp-content\/uploads\/2023\/07\/i056362.jpg-e1688975964340.png","jetpack_shortlink":"https:\/\/wp.me\/pcezmW-7Cz","jetpack_sharing_enabled":true,"_links":{"self":[{"href":"https:\/\/algarve7.pt\/index.php\/wp-json\/wp\/v2\/posts\/29299","targetHints":{"allow":["GET"]}}],"collection":[{"href":"https:\/\/algarve7.pt\/index.php\/wp-json\/wp\/v2\/posts"}],"about":[{"href":"https:\/\/algarve7.pt\/index.php\/wp-json\/wp\/v2\/types\/post"}],"author":[{"embeddable":true,"href":"https:\/\/algarve7.pt\/index.php\/wp-json\/wp\/v2\/users\/1"}],"replies":[{"embeddable":true,"href":"https:\/\/algarve7.pt\/index.php\/wp-json\/wp\/v2\/comments?post=29299"}],"version-history":[{"count":0,"href":"https:\/\/algarve7.pt\/index.php\/wp-json\/wp\/v2\/posts\/29299\/revisions"}],"wp:featuredmedia":[{"embeddable":true,"href":"https:\/\/algarve7.pt\/index.php\/wp-json\/wp\/v2\/media\/29300"}],"wp:attachment":[{"href":"https:\/\/algarve7.pt\/index.php\/wp-json\/wp\/v2\/media?parent=29299"}],"wp:term":[{"taxonomy":"category","embeddable":true,"href":"https:\/\/algarve7.pt\/index.php\/wp-json\/wp\/v2\/categories?post=29299"},{"taxonomy":"post_tag","embeddable":true,"href":"https:\/\/algarve7.pt\/index.php\/wp-json\/wp\/v2\/tags?post=29299"}],"curies":[{"name":"wp","href":"https:\/\/api.w.org\/{rel}","templated":true}]}}