{"id":29287,"date":"2023-07-09T09:30:04","date_gmt":"2023-07-09T08:30:04","guid":{"rendered":"https:\/\/algarve7.pt\/?p=29287"},"modified":"2023-07-09T09:30:07","modified_gmt":"2023-07-09T08:30:07","slug":"lagos-food-fest-de-regresso-com-o-melhor-do-street-food-nacional","status":"publish","type":"post","link":"https:\/\/algarve7.pt\/index.php\/2023\/07\/lagos-food-fest-de-regresso-com-o-melhor-do-street-food-nacional\/atualidade\/09\/30\/","title":{"rendered":"Lagos Food Fest de regresso com o melhor do street food nacional"},"content":{"rendered":"\n<p>A 8.\u00aa edi\u00e7\u00e3o do evento, que se assume como um dos maiores festivais do g\u00e9nero no Algarve, ter\u00e1 lugar na Pra\u00e7a do Infante e Jardim da Constitui\u00e7\u00e3o em Lagos, de 13 a 16 de julho, contando com vinte e seis marcas nacionais.<\/p>\n\n\n\n<p>Para al\u00e9m dos tradicionais cachorros e hamb\u00fargueres, o Lagos Food Fest ir\u00e1 ter comida bastante diversificada e para todos os gostos, como por exemplo:&nbsp; ostras da ria (OysterExperience), baos (Take a Bao), pok\u00e9s, empanadas, falafels, pizza de forno a lenha (Arte Bianca), entre outros. As famosas tostas de um metro do Autocarro Rock n Doll est\u00e3o de regresso, assim como v\u00e1rias op\u00e7\u00f5es vegetarianas e vegan com a Rejoice, Petite Marie e Aphrodite on Wheels.<\/p>\n\n\n\n<p>No que toca a bebidas, no evento ainda poder\u00e3o encontrar um <em>truck<\/em> s\u00f3 de vinhos naturais (Travia Natural Wines), as famosas Caipijocas e o patrocinador do evento, a Sagres, com cerveja bem fresca e Bandida do Pomar, ajudando com o calor, mas apelando a que se beba com modera\u00e7\u00e3o.&nbsp;&nbsp;<\/p>\n\n\n\n<p>Mas n\u00e3o s\u00f3 de comida vive este festival. Durante quatro dias, o Jardim da Constitui\u00e7\u00e3o ser\u00e1 palco para DJ&#8217;s internacionais, entre os quais&nbsp;Kierastoboy, Marc Hype, e alguns dos mais aclamados DJ&#8217;s nacionais, tais como Toz\u00e9 Diogo, Dedy Dread e TobyONE, para <em>sets<\/em> inteiramente em vinil ao longo dos quatro dias de evento.&nbsp;<\/p>\n\n\n\n<p>\u201cEste ano apost\u00e1mos em conceitos diferenciadores e investimos em empresas locais para mostrar, de uma forma diferente, o melhor que Lagos tem para oferecer\u201d, diz Maria Loureiro de Lemos, organizadora do&nbsp;evento.<\/p>\n\n\n\n<p>O&nbsp;recinto \u00e9 aberto ao p\u00fablico e com entrada livre. Comida, bebida e m\u00fasica estar\u00e3o dispon\u00edveis nos quatro dias, das 12h00 \u00e0 1h00, com atua\u00e7\u00f5es a partir das 17h00.&nbsp;&nbsp;<\/p>\n\n\n\n<p>O<strong>&nbsp;Lagos Food Fest<\/strong>&nbsp;\u00e9 uma iniciativa de Maria Loureiro de Lemos, em estreita parceria com o&nbsp;<strong>munic\u00edpio de Lagos<\/strong> e patroc\u00ednio da<strong> Sagres.<\/strong><\/p>\n","protected":false},"excerpt":{"rendered":"<p>A 8.\u00aa edi\u00e7\u00e3o do evento, que se assume como um dos maiores festivais do g\u00e9nero no Algarve, ter\u00e1 lugar na<\/p>\n","protected":false},"author":1,"featured_media":29288,"comment_status":"closed","ping_status":"open","sticky":false,"template":"","format":"standard","meta":{"colormag_page_container_layout":"default_layout","colormag_page_sidebar_layout":"default_layout","_monsterinsights_skip_tracking":false,"_monsterinsights_sitenote_active":false,"_monsterinsights_sitenote_note":"","_monsterinsights_sitenote_category":0,"jetpack_post_was_ever_published":false,"_jetpack_newsletter_access":"","_jetpack_dont_email_post_to_subs":false,"_jetpack_newsletter_tier_id":0,"_jetpack_memberships_contains_paywalled_content":false,"_jetpack_memberships_contains_paid_content":false,"footnotes":"","jetpack_publicize_message":"","jetpack_publicize_feature_enabled":true,"jetpack_social_post_already_shared":true,"jetpack_social_options":{"image_generator_settings":{"template":"highway","default_image_id":0,"font":"","enabled":false},"version":2}},"categories":[11],"tags":[36,62,68,1023],"class_list":["post-29287","post","type-post","status-publish","format-standard","has-post-thumbnail","hentry","category-atualidade","tag-algarve","tag-atualidade","tag-lagos","tag-lagos-food-fest"],"yoast_head":"<!-- This site is optimized with the Yoast SEO plugin v27.5 - https:\/\/yoast.com\/product\/yoast-seo-wordpress\/ -->\n<title>Lagos Food Fest de regresso com o melhor do street food nacional - Algarve 7<\/title>\n<meta name=\"description\" content=\"Lagos Food Fest de regresso com o melhor do street food nacional Atualidade\" \/>\n<meta name=\"robots\" content=\"index, follow, max-snippet:-1, max-image-preview:large, max-video-preview:-1\" \/>\n<link rel=\"canonical\" href=\"https:\/\/algarve7.pt\/index.php\/2023\/07\/lagos-food-fest-de-regresso-com-o-melhor-do-street-food-nacional\/atualidade\/09\/30\/\" \/>\n<meta property=\"og:locale\" content=\"pt_PT\" \/>\n<meta property=\"og:type\" content=\"article\" \/>\n<meta property=\"og:title\" content=\"Lagos Food Fest de regresso com o melhor do street food nacional - Algarve 7\" \/>\n<meta property=\"og:description\" content=\"Lagos Food Fest de regresso com o melhor do street food nacional Atualidade\" \/>\n<meta property=\"og:url\" content=\"https:\/\/algarve7.pt\/index.php\/2023\/07\/lagos-food-fest-de-regresso-com-o-melhor-do-street-food-nacional\/atualidade\/09\/30\/\" \/>\n<meta property=\"og:site_name\" content=\"Algarve 7\" \/>\n<meta property=\"article:publisher\" content=\"https:\/\/www.facebook.com\/algarve7\" \/>\n<meta property=\"article:author\" content=\"https:\/\/www.facebook.com\/algarve7\" \/>\n<meta property=\"article:published_time\" content=\"2023-07-09T08:30:04+00:00\" \/>\n<meta property=\"article:modified_time\" content=\"2023-07-09T08:30:07+00:00\" \/>\n<meta property=\"og:image\" content=\"https:\/\/algarve7.pt\/wp-content\/uploads\/2023\/07\/Lagos-Food-Fest-2023.png\" \/>\n\t<meta property=\"og:image:width\" content=\"1578\" \/>\n\t<meta property=\"og:image:height\" content=\"1126\" \/>\n\t<meta property=\"og:image:type\" content=\"image\/png\" \/>\n<meta name=\"author\" content=\"Algarve 7\" \/>\n<meta name=\"twitter:card\" content=\"summary_large_image\" \/>\n<meta name=\"twitter:creator\" content=\"@Algarvesete\" \/>\n<meta name=\"twitter:site\" content=\"@Algarvesete\" \/>\n<meta name=\"twitter:label1\" content=\"Escrito por\" \/>\n\t<meta name=\"twitter:data1\" content=\"Algarve 7\" \/>\n\t<meta name=\"twitter:label2\" content=\"Tempo estimado de leitura\" \/>\n\t<meta name=\"twitter:data2\" content=\"2 minutos\" \/>\n<script type=\"application\/ld+json\" class=\"yoast-schema-graph\">{\"@context\":\"https:\\\/\\\/schema.org\",\"@graph\":[{\"@type\":\"Article\",\"@id\":\"https:\\\/\\\/algarve7.pt\\\/index.php\\\/2023\\\/07\\\/lagos-food-fest-de-regresso-com-o-melhor-do-street-food-nacional\\\/atualidade\\\/09\\\/30\\\/#article\",\"isPartOf\":{\"@id\":\"https:\\\/\\\/algarve7.pt\\\/index.php\\\/2023\\\/07\\\/lagos-food-fest-de-regresso-com-o-melhor-do-street-food-nacional\\\/atualidade\\\/09\\\/30\\\/\"},\"author\":{\"name\":\"Algarve 7\",\"@id\":\"https:\\\/\\\/algarve7.pt\\\/#\\\/schema\\\/person\\\/23fa70681308e7b319a3204bcea45e0c\"},\"headline\":\"Lagos Food Fest de regresso com o melhor do street food nacional\",\"datePublished\":\"2023-07-09T08:30:04+00:00\",\"dateModified\":\"2023-07-09T08:30:07+00:00\",\"mainEntityOfPage\":{\"@id\":\"https:\\\/\\\/algarve7.pt\\\/index.php\\\/2023\\\/07\\\/lagos-food-fest-de-regresso-com-o-melhor-do-street-food-nacional\\\/atualidade\\\/09\\\/30\\\/\"},\"wordCount\":345,\"publisher\":{\"@id\":\"https:\\\/\\\/algarve7.pt\\\/#organization\"},\"image\":{\"@id\":\"https:\\\/\\\/algarve7.pt\\\/index.php\\\/2023\\\/07\\\/lagos-food-fest-de-regresso-com-o-melhor-do-street-food-nacional\\\/atualidade\\\/09\\\/30\\\/#primaryimage\"},\"thumbnailUrl\":\"https:\\\/\\\/algarve7.pt\\\/wp-content\\\/uploads\\\/2023\\\/07\\\/Lagos-Food-Fest-2023.png\",\"keywords\":[\"Algarve\",\"Atualidade\",\"Lagos\",\"Lagos Food Fest\"],\"articleSection\":[\"Atualidade\"],\"inLanguage\":\"pt-PT\"},{\"@type\":\"WebPage\",\"@id\":\"https:\\\/\\\/algarve7.pt\\\/index.php\\\/2023\\\/07\\\/lagos-food-fest-de-regresso-com-o-melhor-do-street-food-nacional\\\/atualidade\\\/09\\\/30\\\/\",\"url\":\"https:\\\/\\\/algarve7.pt\\\/index.php\\\/2023\\\/07\\\/lagos-food-fest-de-regresso-com-o-melhor-do-street-food-nacional\\\/atualidade\\\/09\\\/30\\\/\",\"name\":\"Lagos Food Fest de regresso com o melhor do street food nacional - Algarve 7\",\"isPartOf\":{\"@id\":\"https:\\\/\\\/algarve7.pt\\\/#website\"},\"primaryImageOfPage\":{\"@id\":\"https:\\\/\\\/algarve7.pt\\\/index.php\\\/2023\\\/07\\\/lagos-food-fest-de-regresso-com-o-melhor-do-street-food-nacional\\\/atualidade\\\/09\\\/30\\\/#primaryimage\"},\"image\":{\"@id\":\"https:\\\/\\\/algarve7.pt\\\/index.php\\\/2023\\\/07\\\/lagos-food-fest-de-regresso-com-o-melhor-do-street-food-nacional\\\/atualidade\\\/09\\\/30\\\/#primaryimage\"},\"thumbnailUrl\":\"https:\\\/\\\/algarve7.pt\\\/wp-content\\\/uploads\\\/2023\\\/07\\\/Lagos-Food-Fest-2023.png\",\"datePublished\":\"2023-07-09T08:30:04+00:00\",\"dateModified\":\"2023-07-09T08:30:07+00:00\",\"description\":\"Lagos Food Fest de regresso com o melhor do street food nacional Atualidade\",\"breadcrumb\":{\"@id\":\"https:\\\/\\\/algarve7.pt\\\/index.php\\\/2023\\\/07\\\/lagos-food-fest-de-regresso-com-o-melhor-do-street-food-nacional\\\/atualidade\\\/09\\\/30\\\/#breadcrumb\"},\"inLanguage\":\"pt-PT\",\"potentialAction\":[{\"@type\":\"ReadAction\",\"target\":[\"https:\\\/\\\/algarve7.pt\\\/index.php\\\/2023\\\/07\\\/lagos-food-fest-de-regresso-com-o-melhor-do-street-food-nacional\\\/atualidade\\\/09\\\/30\\\/\"]}]},{\"@type\":\"ImageObject\",\"inLanguage\":\"pt-PT\",\"@id\":\"https:\\\/\\\/algarve7.pt\\\/index.php\\\/2023\\\/07\\\/lagos-food-fest-de-regresso-com-o-melhor-do-street-food-nacional\\\/atualidade\\\/09\\\/30\\\/#primaryimage\",\"url\":\"https:\\\/\\\/algarve7.pt\\\/wp-content\\\/uploads\\\/2023\\\/07\\\/Lagos-Food-Fest-2023.png\",\"contentUrl\":\"https:\\\/\\\/algarve7.pt\\\/wp-content\\\/uploads\\\/2023\\\/07\\\/Lagos-Food-Fest-2023.png\",\"width\":1578,\"height\":1126},{\"@type\":\"BreadcrumbList\",\"@id\":\"https:\\\/\\\/algarve7.pt\\\/index.php\\\/2023\\\/07\\\/lagos-food-fest-de-regresso-com-o-melhor-do-street-food-nacional\\\/atualidade\\\/09\\\/30\\\/#breadcrumb\",\"itemListElement\":[{\"@type\":\"ListItem\",\"position\":1,\"name\":\"In\u00edcio\",\"item\":\"https:\\\/\\\/algarve7.pt\\\/\"},{\"@type\":\"ListItem\",\"position\":2,\"name\":\"Lagos Food Fest de regresso com o melhor do street food nacional\"}]},{\"@type\":\"WebSite\",\"@id\":\"https:\\\/\\\/algarve7.pt\\\/#website\",\"url\":\"https:\\\/\\\/algarve7.pt\\\/\",\"name\":\"Algarve 7\",\"description\":\"Informa\u00e7\u00e3o sobre o Algarve\",\"publisher\":{\"@id\":\"https:\\\/\\\/algarve7.pt\\\/#organization\"},\"potentialAction\":[{\"@type\":\"SearchAction\",\"target\":{\"@type\":\"EntryPoint\",\"urlTemplate\":\"https:\\\/\\\/algarve7.pt\\\/?s={search_term_string}\"},\"query-input\":{\"@type\":\"PropertyValueSpecification\",\"valueRequired\":true,\"valueName\":\"search_term_string\"}}],\"inLanguage\":\"pt-PT\"},{\"@type\":\"Organization\",\"@id\":\"https:\\\/\\\/algarve7.pt\\\/#organization\",\"name\":\"Algarve 7\",\"url\":\"https:\\\/\\\/algarve7.pt\\\/\",\"logo\":{\"@type\":\"ImageObject\",\"inLanguage\":\"pt-PT\",\"@id\":\"https:\\\/\\\/algarve7.pt\\\/#\\\/schema\\\/logo\\\/image\\\/\",\"url\":\"https:\\\/\\\/algarve7.pt\\\/wp-content\\\/uploads\\\/2020\\\/10\\\/Logo-8.jpg\",\"contentUrl\":\"https:\\\/\\\/algarve7.pt\\\/wp-content\\\/uploads\\\/2020\\\/10\\\/Logo-8.jpg\",\"width\":1680,\"height\":1186,\"caption\":\"Algarve 7\"},\"image\":{\"@id\":\"https:\\\/\\\/algarve7.pt\\\/#\\\/schema\\\/logo\\\/image\\\/\"},\"sameAs\":[\"https:\\\/\\\/www.facebook.com\\\/algarve7\",\"https:\\\/\\\/x.com\\\/Algarvesete\",\"https:\\\/\\\/www.instagram.com\\\/jornalalgarve7\\\/\",\"https:\\\/\\\/www.linkedin.com\\\/company\\\/algarve7\",\"https:\\\/\\\/www.pinterest.pt\\\/geral0939\\\/_created\\\/\"]},{\"@type\":\"Person\",\"@id\":\"https:\\\/\\\/algarve7.pt\\\/#\\\/schema\\\/person\\\/23fa70681308e7b319a3204bcea45e0c\",\"name\":\"Algarve 7\",\"sameAs\":[\"https:\\\/\\\/algarve7.pt\",\"https:\\\/\\\/www.facebook.com\\\/algarve7\"],\"url\":\"https:\\\/\\\/algarve7.pt\\\/index.php\\\/author\\\/geralalgarve7-pt\\\/\"}]}<\/script>\n<!-- \/ Yoast SEO plugin. -->","yoast_head_json":{"title":"Lagos Food Fest de regresso com o melhor do street food nacional - Algarve 7","description":"Lagos Food Fest de regresso com o melhor do street food nacional Atualidade","robots":{"index":"index","follow":"follow","max-snippet":"max-snippet:-1","max-image-preview":"max-image-preview:large","max-video-preview":"max-video-preview:-1"},"canonical":"https:\/\/algarve7.pt\/index.php\/2023\/07\/lagos-food-fest-de-regresso-com-o-melhor-do-street-food-nacional\/atualidade\/09\/30\/","og_locale":"pt_PT","og_type":"article","og_title":"Lagos Food Fest de regresso com o melhor do street food nacional - Algarve 7","og_description":"Lagos Food Fest de regresso com o melhor do street food nacional Atualidade","og_url":"https:\/\/algarve7.pt\/index.php\/2023\/07\/lagos-food-fest-de-regresso-com-o-melhor-do-street-food-nacional\/atualidade\/09\/30\/","og_site_name":"Algarve 7","article_publisher":"https:\/\/www.facebook.com\/algarve7","article_author":"https:\/\/www.facebook.com\/algarve7","article_published_time":"2023-07-09T08:30:04+00:00","article_modified_time":"2023-07-09T08:30:07+00:00","og_image":[{"width":1578,"height":1126,"url":"https:\/\/algarve7.pt\/wp-content\/uploads\/2023\/07\/Lagos-Food-Fest-2023.png","type":"image\/png"}],"author":"Algarve 7","twitter_card":"summary_large_image","twitter_creator":"@Algarvesete","twitter_site":"@Algarvesete","twitter_misc":{"Escrito por":"Algarve 7","Tempo estimado de leitura":"2 minutos"},"schema":{"@context":"https:\/\/schema.org","@graph":[{"@type":"Article","@id":"https:\/\/algarve7.pt\/index.php\/2023\/07\/lagos-food-fest-de-regresso-com-o-melhor-do-street-food-nacional\/atualidade\/09\/30\/#article","isPartOf":{"@id":"https:\/\/algarve7.pt\/index.php\/2023\/07\/lagos-food-fest-de-regresso-com-o-melhor-do-street-food-nacional\/atualidade\/09\/30\/"},"author":{"name":"Algarve 7","@id":"https:\/\/algarve7.pt\/#\/schema\/person\/23fa70681308e7b319a3204bcea45e0c"},"headline":"Lagos Food Fest de regresso com o melhor do street food nacional","datePublished":"2023-07-09T08:30:04+00:00","dateModified":"2023-07-09T08:30:07+00:00","mainEntityOfPage":{"@id":"https:\/\/algarve7.pt\/index.php\/2023\/07\/lagos-food-fest-de-regresso-com-o-melhor-do-street-food-nacional\/atualidade\/09\/30\/"},"wordCount":345,"publisher":{"@id":"https:\/\/algarve7.pt\/#organization"},"image":{"@id":"https:\/\/algarve7.pt\/index.php\/2023\/07\/lagos-food-fest-de-regresso-com-o-melhor-do-street-food-nacional\/atualidade\/09\/30\/#primaryimage"},"thumbnailUrl":"https:\/\/algarve7.pt\/wp-content\/uploads\/2023\/07\/Lagos-Food-Fest-2023.png","keywords":["Algarve","Atualidade","Lagos","Lagos Food Fest"],"articleSection":["Atualidade"],"inLanguage":"pt-PT"},{"@type":"WebPage","@id":"https:\/\/algarve7.pt\/index.php\/2023\/07\/lagos-food-fest-de-regresso-com-o-melhor-do-street-food-nacional\/atualidade\/09\/30\/","url":"https:\/\/algarve7.pt\/index.php\/2023\/07\/lagos-food-fest-de-regresso-com-o-melhor-do-street-food-nacional\/atualidade\/09\/30\/","name":"Lagos Food Fest de regresso com o melhor do street food nacional - Algarve 7","isPartOf":{"@id":"https:\/\/algarve7.pt\/#website"},"primaryImageOfPage":{"@id":"https:\/\/algarve7.pt\/index.php\/2023\/07\/lagos-food-fest-de-regresso-com-o-melhor-do-street-food-nacional\/atualidade\/09\/30\/#primaryimage"},"image":{"@id":"https:\/\/algarve7.pt\/index.php\/2023\/07\/lagos-food-fest-de-regresso-com-o-melhor-do-street-food-nacional\/atualidade\/09\/30\/#primaryimage"},"thumbnailUrl":"https:\/\/algarve7.pt\/wp-content\/uploads\/2023\/07\/Lagos-Food-Fest-2023.png","datePublished":"2023-07-09T08:30:04+00:00","dateModified":"2023-07-09T08:30:07+00:00","description":"Lagos Food Fest de regresso com o melhor do street food nacional Atualidade","breadcrumb":{"@id":"https:\/\/algarve7.pt\/index.php\/2023\/07\/lagos-food-fest-de-regresso-com-o-melhor-do-street-food-nacional\/atualidade\/09\/30\/#breadcrumb"},"inLanguage":"pt-PT","potentialAction":[{"@type":"ReadAction","target":["https:\/\/algarve7.pt\/index.php\/2023\/07\/lagos-food-fest-de-regresso-com-o-melhor-do-street-food-nacional\/atualidade\/09\/30\/"]}]},{"@type":"ImageObject","inLanguage":"pt-PT","@id":"https:\/\/algarve7.pt\/index.php\/2023\/07\/lagos-food-fest-de-regresso-com-o-melhor-do-street-food-nacional\/atualidade\/09\/30\/#primaryimage","url":"https:\/\/algarve7.pt\/wp-content\/uploads\/2023\/07\/Lagos-Food-Fest-2023.png","contentUrl":"https:\/\/algarve7.pt\/wp-content\/uploads\/2023\/07\/Lagos-Food-Fest-2023.png","width":1578,"height":1126},{"@type":"BreadcrumbList","@id":"https:\/\/algarve7.pt\/index.php\/2023\/07\/lagos-food-fest-de-regresso-com-o-melhor-do-street-food-nacional\/atualidade\/09\/30\/#breadcrumb","itemListElement":[{"@type":"ListItem","position":1,"name":"In\u00edcio","item":"https:\/\/algarve7.pt\/"},{"@type":"ListItem","position":2,"name":"Lagos Food Fest de regresso com o melhor do street food nacional"}]},{"@type":"WebSite","@id":"https:\/\/algarve7.pt\/#website","url":"https:\/\/algarve7.pt\/","name":"Algarve 7","description":"Informa\u00e7\u00e3o sobre o Algarve","publisher":{"@id":"https:\/\/algarve7.pt\/#organization"},"potentialAction":[{"@type":"SearchAction","target":{"@type":"EntryPoint","urlTemplate":"https:\/\/algarve7.pt\/?s={search_term_string}"},"query-input":{"@type":"PropertyValueSpecification","valueRequired":true,"valueName":"search_term_string"}}],"inLanguage":"pt-PT"},{"@type":"Organization","@id":"https:\/\/algarve7.pt\/#organization","name":"Algarve 7","url":"https:\/\/algarve7.pt\/","logo":{"@type":"ImageObject","inLanguage":"pt-PT","@id":"https:\/\/algarve7.pt\/#\/schema\/logo\/image\/","url":"https:\/\/algarve7.pt\/wp-content\/uploads\/2020\/10\/Logo-8.jpg","contentUrl":"https:\/\/algarve7.pt\/wp-content\/uploads\/2020\/10\/Logo-8.jpg","width":1680,"height":1186,"caption":"Algarve 7"},"image":{"@id":"https:\/\/algarve7.pt\/#\/schema\/logo\/image\/"},"sameAs":["https:\/\/www.facebook.com\/algarve7","https:\/\/x.com\/Algarvesete","https:\/\/www.instagram.com\/jornalalgarve7\/","https:\/\/www.linkedin.com\/company\/algarve7","https:\/\/www.pinterest.pt\/geral0939\/_created\/"]},{"@type":"Person","@id":"https:\/\/algarve7.pt\/#\/schema\/person\/23fa70681308e7b319a3204bcea45e0c","name":"Algarve 7","sameAs":["https:\/\/algarve7.pt","https:\/\/www.facebook.com\/algarve7"],"url":"https:\/\/algarve7.pt\/index.php\/author\/geralalgarve7-pt\/"}]}},"jetpack_publicize_connections":[],"jetpack_featured_media_url":"https:\/\/algarve7.pt\/wp-content\/uploads\/2023\/07\/Lagos-Food-Fest-2023.png","jetpack_shortlink":"https:\/\/wp.me\/pcezmW-7Cn","jetpack_sharing_enabled":true,"_links":{"self":[{"href":"https:\/\/algarve7.pt\/index.php\/wp-json\/wp\/v2\/posts\/29287","targetHints":{"allow":["GET"]}}],"collection":[{"href":"https:\/\/algarve7.pt\/index.php\/wp-json\/wp\/v2\/posts"}],"about":[{"href":"https:\/\/algarve7.pt\/index.php\/wp-json\/wp\/v2\/types\/post"}],"author":[{"embeddable":true,"href":"https:\/\/algarve7.pt\/index.php\/wp-json\/wp\/v2\/users\/1"}],"replies":[{"embeddable":true,"href":"https:\/\/algarve7.pt\/index.php\/wp-json\/wp\/v2\/comments?post=29287"}],"version-history":[{"count":0,"href":"https:\/\/algarve7.pt\/index.php\/wp-json\/wp\/v2\/posts\/29287\/revisions"}],"wp:featuredmedia":[{"embeddable":true,"href":"https:\/\/algarve7.pt\/index.php\/wp-json\/wp\/v2\/media\/29288"}],"wp:attachment":[{"href":"https:\/\/algarve7.pt\/index.php\/wp-json\/wp\/v2\/media?parent=29287"}],"wp:term":[{"taxonomy":"category","embeddable":true,"href":"https:\/\/algarve7.pt\/index.php\/wp-json\/wp\/v2\/categories?post=29287"},{"taxonomy":"post_tag","embeddable":true,"href":"https:\/\/algarve7.pt\/index.php\/wp-json\/wp\/v2\/tags?post=29287"}],"curies":[{"name":"wp","href":"https:\/\/api.w.org\/{rel}","templated":true}]}}