{"id":29269,"date":"2023-07-07T12:50:00","date_gmt":"2023-07-07T11:50:00","guid":{"rendered":"https:\/\/algarve7.pt\/?p=29269"},"modified":"2023-07-06T22:12:30","modified_gmt":"2023-07-06T21:12:30","slug":"quarteira-georges-melies-e-o-cinema-de-1900-em-exposicao-com-formato-inovador","status":"publish","type":"post","link":"https:\/\/algarve7.pt\/index.php\/2023\/07\/quarteira-georges-melies-e-o-cinema-de-1900-em-exposicao-com-formato-inovador\/cultura\/12\/50\/","title":{"rendered":"Quarteira: Georges M\u00e9li\u00e8s e o cinema de 1900 em exposi\u00e7\u00e3o com formato inovador"},"content":{"rendered":"\n<p>A Funda\u00e7\u00e3o \u201dla Caixa\u201d, com o apoio do Munic\u00edpio de Loul\u00e9, apresenta a exposi\u00e7\u00e3o \u201cSenhoras e senhores, o espet\u00e1culo vai come\u00e7ar\u201d, dedicada a Georges M\u00e9li\u00e8s e ao cinema de 1900, que pode ser vista at\u00e9 20 de julho, na Avenida Infante de Sagres, em Quarteira.<\/p>\n\n\n\n<p>Em colabora\u00e7\u00e3o com a Cin\u00e9math\u00e8que Fran\u00e7aise e o BPI, a exposi\u00e7\u00e3o aborda o contributo de Georges M\u00e9li\u00e8s para a s\u00e9tima arte. O cineasta franc\u00eas foi ilustrador, mago, encenador, ator, cen\u00f3grafo e t\u00e9cnico de cinema, al\u00e9m de produtor, realizador e distribuidor de mais de 500 filmes entre 1896 e 1912. Reinou no mundo do g\u00e9nero fant\u00e1stico e da trucagem cinematogr\u00e1fica durante quase vinte anos, para depois cair no esquecimento e na ru\u00edna financeira.<\/p>\n\n\n\n<p>A exposi\u00e7\u00e3o pode ser vista num inovador formato itinerante que, num espa\u00e7o de 200 metros quadrados, transporta os visitantes para o ambiente do in\u00edcio do s\u00e9culo XX para assim poder explicar-lhes o nascimento do cinema como fen\u00f3meno popular.<\/p>\n\n\n\n<p>Trata-se de uma viagem no tempo que transporta os visitantes para a \u00e9poca em que o cinema se transformou num espet\u00e1culo popular, devido, em grande parte, \u00e0s inven\u00e7\u00f5es e t\u00e9cnicas desenvolvidas por Georges M\u00e9li\u00e8s. Perante o cinema documental dos irm\u00e3os Lumi\u00e8re, o ato inovador de M\u00e9li\u00e8s consistiu em combinar o universo de Jean-Eug\u00e8ne Robert-Houdin, pai da magia moderna, com a cinematografia de Marey, e em dar impulso ao cinema como espet\u00e1culo.<\/p>\n\n\n\n<p>Como g\u00e9nio dos efeitos especiais, M\u00e9li\u00e8s aplicou ao cinema truques de magia, pirotecnia, ilus\u00f5es de \u00f3tica, desloca\u00e7\u00f5es horizontais e verticais, paragens de c\u00e2mara, transi\u00e7\u00f5es encadeadas, sobreposi\u00e7\u00e3o de imagens, efeitos de montagem e de cor, e a t\u00e9cnica da lanterna m\u00e1gica, entre outros.<\/p>\n\n\n\n<p>M\u00e9li\u00e8s gozou de uns bons anos de gl\u00f3ria, de extraordin\u00e1ria popularidade, que culminaram com a estreia, em 1902, de \u201cLe voyage dans la Lune\u201d (A Viagem \u00e0 Lua), filme visto por milh\u00f5es de espetadores. Infelizmente, a expans\u00e3o da ind\u00fastria cinematogr\u00e1fica e o surgimento de grandes produtoras como a Path\u00e9 e a Gaumont conduziram M\u00e9li\u00e8s \u00e0 ru\u00edna e ao esquecimento.<\/p>\n\n\n\n<p>Em 1923, totalmente arruinado, destruiu os negativos de todos os seus filmes e acabou a sua vida profissional a vender brinquedos na esta\u00e7\u00e3o parisiense de Montparnasse. O jornalista L\u00e9on Druhot reconheceu-o na esta\u00e7\u00e3o e foi ent\u00e3o que a sua obra come\u00e7ou a ser valorizada e recuperada.<\/p>\n\n\n\n<p>Uma viagem \u00e0 \u00e9poca em que o cinema se transformou num espet\u00e1culo popular \u201cSenhoras e senhores, o espet\u00e1culo vai come\u00e7ar\u201d transporta os visitantes para um ambiente de feira no virar do s\u00e9culo, com as suas barracas e o seu ambiente de festa. Foi precisamente neste contexto que o cinema ganhou forma como espet\u00e1culo de divers\u00e3o e de emo\u00e7\u00f5es. E, em grande medida, foi gra\u00e7as a um homem, Georges M\u00e9li\u00e8s, que soube entender o que as pessoas desejavam e como devia entret\u00ea-las e faz\u00ea-las sonhar.<\/p>\n\n\n\n<p>A exposi\u00e7\u00e3o inclui v\u00e1rios filmes de M\u00e9li\u00e8s (que s\u00e3o complementados com uma sele\u00e7\u00e3o de filmes dos irm\u00e3os Lumi\u00e8re), pe\u00e7as audiovisuais, c\u00f3pias de fotografias da \u00e9poca e reprodu\u00e7\u00f5es de cartazes, desenhos, uma maquete do est\u00fadio de M\u00e9li\u00e8s em Montreuil e alguns objetos da \u00e9poca, como a pasta fant\u00e1stica de Robert-Houdin, ou o cinemat\u00f3grafo dos irm\u00e3os Lumi\u00e8re.<\/p>\n\n\n\n<p>O comissariado da exposi\u00e7\u00e3o est\u00e1 a cargo de Sergi Mart\u00edn, guionista e escritor.<\/p>\n","protected":false},"excerpt":{"rendered":"<p>A Funda\u00e7\u00e3o \u201dla Caixa\u201d, com o apoio do Munic\u00edpio de Loul\u00e9, apresenta a exposi\u00e7\u00e3o \u201cSenhoras e senhores, o espet\u00e1culo vai<\/p>\n","protected":false},"author":1,"featured_media":29270,"comment_status":"closed","ping_status":"open","sticky":false,"template":"","format":"standard","meta":{"colormag_page_container_layout":"default_layout","colormag_page_sidebar_layout":"default_layout","_monsterinsights_skip_tracking":false,"_monsterinsights_sitenote_active":false,"_monsterinsights_sitenote_note":"","_monsterinsights_sitenote_category":0,"jetpack_post_was_ever_published":false,"_jetpack_newsletter_access":"","_jetpack_dont_email_post_to_subs":false,"_jetpack_newsletter_tier_id":0,"_jetpack_memberships_contains_paywalled_content":false,"_jetpack_memberships_contains_paid_content":false,"footnotes":"","jetpack_publicize_message":"","jetpack_publicize_feature_enabled":true,"jetpack_social_post_already_shared":true,"jetpack_social_options":{"image_generator_settings":{"template":"highway","default_image_id":0,"font":"","enabled":false},"version":2}},"categories":[14],"tags":[36,35,66,31,112],"class_list":["post-29269","post","type-post","status-publish","format-standard","has-post-thumbnail","hentry","category-cultura","tag-algarve","tag-cultura","tag-exposicao","tag-loule","tag-quarteira"],"yoast_head":"<!-- This site is optimized with the Yoast SEO plugin v27.4 - https:\/\/yoast.com\/product\/yoast-seo-wordpress\/ -->\n<title>Quarteira: Georges M\u00e9li\u00e8s e o cinema de 1900 em exposi\u00e7\u00e3o com formato inovador - Algarve 7<\/title>\n<meta name=\"description\" content=\"Quarteira: Georges M\u00e9li\u00e8s e o cinema de 1900 em exposi\u00e7\u00e3o com formato inovador Cultura\" \/>\n<meta name=\"robots\" content=\"index, follow, max-snippet:-1, max-image-preview:large, max-video-preview:-1\" \/>\n<link rel=\"canonical\" href=\"https:\/\/algarve7.pt\/index.php\/2023\/07\/quarteira-georges-melies-e-o-cinema-de-1900-em-exposicao-com-formato-inovador\/cultura\/12\/50\/\" \/>\n<meta property=\"og:locale\" content=\"pt_PT\" \/>\n<meta property=\"og:type\" content=\"article\" \/>\n<meta property=\"og:title\" content=\"Quarteira: Georges M\u00e9li\u00e8s e o cinema de 1900 em exposi\u00e7\u00e3o com formato inovador - Algarve 7\" \/>\n<meta property=\"og:description\" content=\"Quarteira: Georges M\u00e9li\u00e8s e o cinema de 1900 em exposi\u00e7\u00e3o com formato inovador Cultura\" \/>\n<meta property=\"og:url\" content=\"https:\/\/algarve7.pt\/index.php\/2023\/07\/quarteira-georges-melies-e-o-cinema-de-1900-em-exposicao-com-formato-inovador\/cultura\/12\/50\/\" \/>\n<meta property=\"og:site_name\" content=\"Algarve 7\" \/>\n<meta property=\"article:publisher\" content=\"https:\/\/www.facebook.com\/algarve7\" \/>\n<meta property=\"article:author\" content=\"https:\/\/www.facebook.com\/algarve7\" \/>\n<meta property=\"article:published_time\" content=\"2023-07-07T11:50:00+00:00\" \/>\n<meta property=\"og:image\" content=\"https:\/\/algarve7.pt\/wp-content\/uploads\/2023\/07\/Exposicao-Georges-Melies-e-o-cinema-de-1900-Fundaca-o-la-Caixa-.jpg\" \/>\n\t<meta property=\"og:image:width\" content=\"1024\" \/>\n\t<meta property=\"og:image:height\" content=\"683\" \/>\n\t<meta property=\"og:image:type\" content=\"image\/jpeg\" \/>\n<meta name=\"author\" content=\"Algarve 7\" \/>\n<meta name=\"twitter:card\" content=\"summary_large_image\" \/>\n<meta name=\"twitter:creator\" content=\"@Algarvesete\" \/>\n<meta name=\"twitter:site\" content=\"@Algarvesete\" \/>\n<meta name=\"twitter:label1\" content=\"Escrito por\" \/>\n\t<meta name=\"twitter:data1\" content=\"Algarve 7\" \/>\n\t<meta name=\"twitter:label2\" content=\"Tempo estimado de leitura\" \/>\n\t<meta name=\"twitter:data2\" content=\"3 minutos\" \/>\n<script type=\"application\/ld+json\" class=\"yoast-schema-graph\">{\"@context\":\"https:\\\/\\\/schema.org\",\"@graph\":[{\"@type\":\"Article\",\"@id\":\"https:\\\/\\\/algarve7.pt\\\/index.php\\\/2023\\\/07\\\/quarteira-georges-melies-e-o-cinema-de-1900-em-exposicao-com-formato-inovador\\\/cultura\\\/12\\\/50\\\/#article\",\"isPartOf\":{\"@id\":\"https:\\\/\\\/algarve7.pt\\\/index.php\\\/2023\\\/07\\\/quarteira-georges-melies-e-o-cinema-de-1900-em-exposicao-com-formato-inovador\\\/cultura\\\/12\\\/50\\\/\"},\"author\":{\"name\":\"Algarve 7\",\"@id\":\"https:\\\/\\\/algarve7.pt\\\/#\\\/schema\\\/person\\\/23fa70681308e7b319a3204bcea45e0c\"},\"headline\":\"Quarteira: Georges M\u00e9li\u00e8s e o cinema de 1900 em exposi\u00e7\u00e3o com formato inovador\",\"datePublished\":\"2023-07-07T11:50:00+00:00\",\"mainEntityOfPage\":{\"@id\":\"https:\\\/\\\/algarve7.pt\\\/index.php\\\/2023\\\/07\\\/quarteira-georges-melies-e-o-cinema-de-1900-em-exposicao-com-formato-inovador\\\/cultura\\\/12\\\/50\\\/\"},\"wordCount\":626,\"publisher\":{\"@id\":\"https:\\\/\\\/algarve7.pt\\\/#organization\"},\"image\":{\"@id\":\"https:\\\/\\\/algarve7.pt\\\/index.php\\\/2023\\\/07\\\/quarteira-georges-melies-e-o-cinema-de-1900-em-exposicao-com-formato-inovador\\\/cultura\\\/12\\\/50\\\/#primaryimage\"},\"thumbnailUrl\":\"https:\\\/\\\/algarve7.pt\\\/wp-content\\\/uploads\\\/2023\\\/07\\\/Exposicao-Georges-Melies-e-o-cinema-de-1900-Fundaca-o-la-Caixa-.jpg\",\"keywords\":[\"Algarve\",\"Cultura\",\"Exposi\u00e7\u00e3o\",\"Loul\u00e9\",\"Quarteira\"],\"articleSection\":[\"Cultura\"],\"inLanguage\":\"pt-PT\"},{\"@type\":\"WebPage\",\"@id\":\"https:\\\/\\\/algarve7.pt\\\/index.php\\\/2023\\\/07\\\/quarteira-georges-melies-e-o-cinema-de-1900-em-exposicao-com-formato-inovador\\\/cultura\\\/12\\\/50\\\/\",\"url\":\"https:\\\/\\\/algarve7.pt\\\/index.php\\\/2023\\\/07\\\/quarteira-georges-melies-e-o-cinema-de-1900-em-exposicao-com-formato-inovador\\\/cultura\\\/12\\\/50\\\/\",\"name\":\"Quarteira: Georges M\u00e9li\u00e8s e o cinema de 1900 em exposi\u00e7\u00e3o com formato inovador - Algarve 7\",\"isPartOf\":{\"@id\":\"https:\\\/\\\/algarve7.pt\\\/#website\"},\"primaryImageOfPage\":{\"@id\":\"https:\\\/\\\/algarve7.pt\\\/index.php\\\/2023\\\/07\\\/quarteira-georges-melies-e-o-cinema-de-1900-em-exposicao-com-formato-inovador\\\/cultura\\\/12\\\/50\\\/#primaryimage\"},\"image\":{\"@id\":\"https:\\\/\\\/algarve7.pt\\\/index.php\\\/2023\\\/07\\\/quarteira-georges-melies-e-o-cinema-de-1900-em-exposicao-com-formato-inovador\\\/cultura\\\/12\\\/50\\\/#primaryimage\"},\"thumbnailUrl\":\"https:\\\/\\\/algarve7.pt\\\/wp-content\\\/uploads\\\/2023\\\/07\\\/Exposicao-Georges-Melies-e-o-cinema-de-1900-Fundaca-o-la-Caixa-.jpg\",\"datePublished\":\"2023-07-07T11:50:00+00:00\",\"description\":\"Quarteira: Georges M\u00e9li\u00e8s e o cinema de 1900 em exposi\u00e7\u00e3o com formato inovador Cultura\",\"breadcrumb\":{\"@id\":\"https:\\\/\\\/algarve7.pt\\\/index.php\\\/2023\\\/07\\\/quarteira-georges-melies-e-o-cinema-de-1900-em-exposicao-com-formato-inovador\\\/cultura\\\/12\\\/50\\\/#breadcrumb\"},\"inLanguage\":\"pt-PT\",\"potentialAction\":[{\"@type\":\"ReadAction\",\"target\":[\"https:\\\/\\\/algarve7.pt\\\/index.php\\\/2023\\\/07\\\/quarteira-georges-melies-e-o-cinema-de-1900-em-exposicao-com-formato-inovador\\\/cultura\\\/12\\\/50\\\/\"]}]},{\"@type\":\"ImageObject\",\"inLanguage\":\"pt-PT\",\"@id\":\"https:\\\/\\\/algarve7.pt\\\/index.php\\\/2023\\\/07\\\/quarteira-georges-melies-e-o-cinema-de-1900-em-exposicao-com-formato-inovador\\\/cultura\\\/12\\\/50\\\/#primaryimage\",\"url\":\"https:\\\/\\\/algarve7.pt\\\/wp-content\\\/uploads\\\/2023\\\/07\\\/Exposicao-Georges-Melies-e-o-cinema-de-1900-Fundaca-o-la-Caixa-.jpg\",\"contentUrl\":\"https:\\\/\\\/algarve7.pt\\\/wp-content\\\/uploads\\\/2023\\\/07\\\/Exposicao-Georges-Melies-e-o-cinema-de-1900-Fundaca-o-la-Caixa-.jpg\",\"width\":1024,\"height\":683},{\"@type\":\"BreadcrumbList\",\"@id\":\"https:\\\/\\\/algarve7.pt\\\/index.php\\\/2023\\\/07\\\/quarteira-georges-melies-e-o-cinema-de-1900-em-exposicao-com-formato-inovador\\\/cultura\\\/12\\\/50\\\/#breadcrumb\",\"itemListElement\":[{\"@type\":\"ListItem\",\"position\":1,\"name\":\"In\u00edcio\",\"item\":\"https:\\\/\\\/algarve7.pt\\\/\"},{\"@type\":\"ListItem\",\"position\":2,\"name\":\"Quarteira: Georges M\u00e9li\u00e8s e o cinema de 1900 em exposi\u00e7\u00e3o com formato inovador\"}]},{\"@type\":\"WebSite\",\"@id\":\"https:\\\/\\\/algarve7.pt\\\/#website\",\"url\":\"https:\\\/\\\/algarve7.pt\\\/\",\"name\":\"Algarve 7\",\"description\":\"Informa\u00e7\u00e3o sobre o Algarve\",\"publisher\":{\"@id\":\"https:\\\/\\\/algarve7.pt\\\/#organization\"},\"potentialAction\":[{\"@type\":\"SearchAction\",\"target\":{\"@type\":\"EntryPoint\",\"urlTemplate\":\"https:\\\/\\\/algarve7.pt\\\/?s={search_term_string}\"},\"query-input\":{\"@type\":\"PropertyValueSpecification\",\"valueRequired\":true,\"valueName\":\"search_term_string\"}}],\"inLanguage\":\"pt-PT\"},{\"@type\":\"Organization\",\"@id\":\"https:\\\/\\\/algarve7.pt\\\/#organization\",\"name\":\"Algarve 7\",\"url\":\"https:\\\/\\\/algarve7.pt\\\/\",\"logo\":{\"@type\":\"ImageObject\",\"inLanguage\":\"pt-PT\",\"@id\":\"https:\\\/\\\/algarve7.pt\\\/#\\\/schema\\\/logo\\\/image\\\/\",\"url\":\"https:\\\/\\\/algarve7.pt\\\/wp-content\\\/uploads\\\/2020\\\/10\\\/Logo-8.jpg\",\"contentUrl\":\"https:\\\/\\\/algarve7.pt\\\/wp-content\\\/uploads\\\/2020\\\/10\\\/Logo-8.jpg\",\"width\":1680,\"height\":1186,\"caption\":\"Algarve 7\"},\"image\":{\"@id\":\"https:\\\/\\\/algarve7.pt\\\/#\\\/schema\\\/logo\\\/image\\\/\"},\"sameAs\":[\"https:\\\/\\\/www.facebook.com\\\/algarve7\",\"https:\\\/\\\/x.com\\\/Algarvesete\",\"https:\\\/\\\/www.instagram.com\\\/jornalalgarve7\\\/\",\"https:\\\/\\\/www.linkedin.com\\\/company\\\/algarve7\",\"https:\\\/\\\/www.pinterest.pt\\\/geral0939\\\/_created\\\/\"]},{\"@type\":\"Person\",\"@id\":\"https:\\\/\\\/algarve7.pt\\\/#\\\/schema\\\/person\\\/23fa70681308e7b319a3204bcea45e0c\",\"name\":\"Algarve 7\",\"sameAs\":[\"https:\\\/\\\/algarve7.pt\",\"https:\\\/\\\/www.facebook.com\\\/algarve7\"],\"url\":\"https:\\\/\\\/algarve7.pt\\\/index.php\\\/author\\\/geralalgarve7-pt\\\/\"}]}<\/script>\n<!-- \/ Yoast SEO plugin. -->","yoast_head_json":{"title":"Quarteira: Georges M\u00e9li\u00e8s e o cinema de 1900 em exposi\u00e7\u00e3o com formato inovador - Algarve 7","description":"Quarteira: Georges M\u00e9li\u00e8s e o cinema de 1900 em exposi\u00e7\u00e3o com formato inovador Cultura","robots":{"index":"index","follow":"follow","max-snippet":"max-snippet:-1","max-image-preview":"max-image-preview:large","max-video-preview":"max-video-preview:-1"},"canonical":"https:\/\/algarve7.pt\/index.php\/2023\/07\/quarteira-georges-melies-e-o-cinema-de-1900-em-exposicao-com-formato-inovador\/cultura\/12\/50\/","og_locale":"pt_PT","og_type":"article","og_title":"Quarteira: Georges M\u00e9li\u00e8s e o cinema de 1900 em exposi\u00e7\u00e3o com formato inovador - Algarve 7","og_description":"Quarteira: Georges M\u00e9li\u00e8s e o cinema de 1900 em exposi\u00e7\u00e3o com formato inovador Cultura","og_url":"https:\/\/algarve7.pt\/index.php\/2023\/07\/quarteira-georges-melies-e-o-cinema-de-1900-em-exposicao-com-formato-inovador\/cultura\/12\/50\/","og_site_name":"Algarve 7","article_publisher":"https:\/\/www.facebook.com\/algarve7","article_author":"https:\/\/www.facebook.com\/algarve7","article_published_time":"2023-07-07T11:50:00+00:00","og_image":[{"width":1024,"height":683,"url":"https:\/\/algarve7.pt\/wp-content\/uploads\/2023\/07\/Exposicao-Georges-Melies-e-o-cinema-de-1900-Fundaca-o-la-Caixa-.jpg","type":"image\/jpeg"}],"author":"Algarve 7","twitter_card":"summary_large_image","twitter_creator":"@Algarvesete","twitter_site":"@Algarvesete","twitter_misc":{"Escrito por":"Algarve 7","Tempo estimado de leitura":"3 minutos"},"schema":{"@context":"https:\/\/schema.org","@graph":[{"@type":"Article","@id":"https:\/\/algarve7.pt\/index.php\/2023\/07\/quarteira-georges-melies-e-o-cinema-de-1900-em-exposicao-com-formato-inovador\/cultura\/12\/50\/#article","isPartOf":{"@id":"https:\/\/algarve7.pt\/index.php\/2023\/07\/quarteira-georges-melies-e-o-cinema-de-1900-em-exposicao-com-formato-inovador\/cultura\/12\/50\/"},"author":{"name":"Algarve 7","@id":"https:\/\/algarve7.pt\/#\/schema\/person\/23fa70681308e7b319a3204bcea45e0c"},"headline":"Quarteira: Georges M\u00e9li\u00e8s e o cinema de 1900 em exposi\u00e7\u00e3o com formato inovador","datePublished":"2023-07-07T11:50:00+00:00","mainEntityOfPage":{"@id":"https:\/\/algarve7.pt\/index.php\/2023\/07\/quarteira-georges-melies-e-o-cinema-de-1900-em-exposicao-com-formato-inovador\/cultura\/12\/50\/"},"wordCount":626,"publisher":{"@id":"https:\/\/algarve7.pt\/#organization"},"image":{"@id":"https:\/\/algarve7.pt\/index.php\/2023\/07\/quarteira-georges-melies-e-o-cinema-de-1900-em-exposicao-com-formato-inovador\/cultura\/12\/50\/#primaryimage"},"thumbnailUrl":"https:\/\/algarve7.pt\/wp-content\/uploads\/2023\/07\/Exposicao-Georges-Melies-e-o-cinema-de-1900-Fundaca-o-la-Caixa-.jpg","keywords":["Algarve","Cultura","Exposi\u00e7\u00e3o","Loul\u00e9","Quarteira"],"articleSection":["Cultura"],"inLanguage":"pt-PT"},{"@type":"WebPage","@id":"https:\/\/algarve7.pt\/index.php\/2023\/07\/quarteira-georges-melies-e-o-cinema-de-1900-em-exposicao-com-formato-inovador\/cultura\/12\/50\/","url":"https:\/\/algarve7.pt\/index.php\/2023\/07\/quarteira-georges-melies-e-o-cinema-de-1900-em-exposicao-com-formato-inovador\/cultura\/12\/50\/","name":"Quarteira: Georges M\u00e9li\u00e8s e o cinema de 1900 em exposi\u00e7\u00e3o com formato inovador - Algarve 7","isPartOf":{"@id":"https:\/\/algarve7.pt\/#website"},"primaryImageOfPage":{"@id":"https:\/\/algarve7.pt\/index.php\/2023\/07\/quarteira-georges-melies-e-o-cinema-de-1900-em-exposicao-com-formato-inovador\/cultura\/12\/50\/#primaryimage"},"image":{"@id":"https:\/\/algarve7.pt\/index.php\/2023\/07\/quarteira-georges-melies-e-o-cinema-de-1900-em-exposicao-com-formato-inovador\/cultura\/12\/50\/#primaryimage"},"thumbnailUrl":"https:\/\/algarve7.pt\/wp-content\/uploads\/2023\/07\/Exposicao-Georges-Melies-e-o-cinema-de-1900-Fundaca-o-la-Caixa-.jpg","datePublished":"2023-07-07T11:50:00+00:00","description":"Quarteira: Georges M\u00e9li\u00e8s e o cinema de 1900 em exposi\u00e7\u00e3o com formato inovador Cultura","breadcrumb":{"@id":"https:\/\/algarve7.pt\/index.php\/2023\/07\/quarteira-georges-melies-e-o-cinema-de-1900-em-exposicao-com-formato-inovador\/cultura\/12\/50\/#breadcrumb"},"inLanguage":"pt-PT","potentialAction":[{"@type":"ReadAction","target":["https:\/\/algarve7.pt\/index.php\/2023\/07\/quarteira-georges-melies-e-o-cinema-de-1900-em-exposicao-com-formato-inovador\/cultura\/12\/50\/"]}]},{"@type":"ImageObject","inLanguage":"pt-PT","@id":"https:\/\/algarve7.pt\/index.php\/2023\/07\/quarteira-georges-melies-e-o-cinema-de-1900-em-exposicao-com-formato-inovador\/cultura\/12\/50\/#primaryimage","url":"https:\/\/algarve7.pt\/wp-content\/uploads\/2023\/07\/Exposicao-Georges-Melies-e-o-cinema-de-1900-Fundaca-o-la-Caixa-.jpg","contentUrl":"https:\/\/algarve7.pt\/wp-content\/uploads\/2023\/07\/Exposicao-Georges-Melies-e-o-cinema-de-1900-Fundaca-o-la-Caixa-.jpg","width":1024,"height":683},{"@type":"BreadcrumbList","@id":"https:\/\/algarve7.pt\/index.php\/2023\/07\/quarteira-georges-melies-e-o-cinema-de-1900-em-exposicao-com-formato-inovador\/cultura\/12\/50\/#breadcrumb","itemListElement":[{"@type":"ListItem","position":1,"name":"In\u00edcio","item":"https:\/\/algarve7.pt\/"},{"@type":"ListItem","position":2,"name":"Quarteira: Georges M\u00e9li\u00e8s e o cinema de 1900 em exposi\u00e7\u00e3o com formato inovador"}]},{"@type":"WebSite","@id":"https:\/\/algarve7.pt\/#website","url":"https:\/\/algarve7.pt\/","name":"Algarve 7","description":"Informa\u00e7\u00e3o sobre o Algarve","publisher":{"@id":"https:\/\/algarve7.pt\/#organization"},"potentialAction":[{"@type":"SearchAction","target":{"@type":"EntryPoint","urlTemplate":"https:\/\/algarve7.pt\/?s={search_term_string}"},"query-input":{"@type":"PropertyValueSpecification","valueRequired":true,"valueName":"search_term_string"}}],"inLanguage":"pt-PT"},{"@type":"Organization","@id":"https:\/\/algarve7.pt\/#organization","name":"Algarve 7","url":"https:\/\/algarve7.pt\/","logo":{"@type":"ImageObject","inLanguage":"pt-PT","@id":"https:\/\/algarve7.pt\/#\/schema\/logo\/image\/","url":"https:\/\/algarve7.pt\/wp-content\/uploads\/2020\/10\/Logo-8.jpg","contentUrl":"https:\/\/algarve7.pt\/wp-content\/uploads\/2020\/10\/Logo-8.jpg","width":1680,"height":1186,"caption":"Algarve 7"},"image":{"@id":"https:\/\/algarve7.pt\/#\/schema\/logo\/image\/"},"sameAs":["https:\/\/www.facebook.com\/algarve7","https:\/\/x.com\/Algarvesete","https:\/\/www.instagram.com\/jornalalgarve7\/","https:\/\/www.linkedin.com\/company\/algarve7","https:\/\/www.pinterest.pt\/geral0939\/_created\/"]},{"@type":"Person","@id":"https:\/\/algarve7.pt\/#\/schema\/person\/23fa70681308e7b319a3204bcea45e0c","name":"Algarve 7","sameAs":["https:\/\/algarve7.pt","https:\/\/www.facebook.com\/algarve7"],"url":"https:\/\/algarve7.pt\/index.php\/author\/geralalgarve7-pt\/"}]}},"jetpack_publicize_connections":[],"jetpack_featured_media_url":"https:\/\/algarve7.pt\/wp-content\/uploads\/2023\/07\/Exposicao-Georges-Melies-e-o-cinema-de-1900-Fundaca-o-la-Caixa-.jpg","jetpack_shortlink":"https:\/\/wp.me\/pcezmW-7C5","jetpack_sharing_enabled":true,"_links":{"self":[{"href":"https:\/\/algarve7.pt\/index.php\/wp-json\/wp\/v2\/posts\/29269","targetHints":{"allow":["GET"]}}],"collection":[{"href":"https:\/\/algarve7.pt\/index.php\/wp-json\/wp\/v2\/posts"}],"about":[{"href":"https:\/\/algarve7.pt\/index.php\/wp-json\/wp\/v2\/types\/post"}],"author":[{"embeddable":true,"href":"https:\/\/algarve7.pt\/index.php\/wp-json\/wp\/v2\/users\/1"}],"replies":[{"embeddable":true,"href":"https:\/\/algarve7.pt\/index.php\/wp-json\/wp\/v2\/comments?post=29269"}],"version-history":[{"count":0,"href":"https:\/\/algarve7.pt\/index.php\/wp-json\/wp\/v2\/posts\/29269\/revisions"}],"wp:featuredmedia":[{"embeddable":true,"href":"https:\/\/algarve7.pt\/index.php\/wp-json\/wp\/v2\/media\/29270"}],"wp:attachment":[{"href":"https:\/\/algarve7.pt\/index.php\/wp-json\/wp\/v2\/media?parent=29269"}],"wp:term":[{"taxonomy":"category","embeddable":true,"href":"https:\/\/algarve7.pt\/index.php\/wp-json\/wp\/v2\/categories?post=29269"},{"taxonomy":"post_tag","embeddable":true,"href":"https:\/\/algarve7.pt\/index.php\/wp-json\/wp\/v2\/tags?post=29269"}],"curies":[{"name":"wp","href":"https:\/\/api.w.org\/{rel}","templated":true}]}}