{"id":29219,"date":"2023-07-06T08:15:00","date_gmt":"2023-07-06T07:15:00","guid":{"rendered":"https:\/\/algarve7.pt\/?p=29219"},"modified":"2023-07-05T17:54:33","modified_gmt":"2023-07-05T16:54:33","slug":"municipio-de-vrsa-desaconselha-utilizacao-da-zona-de-cacela-velha-para-a-pratica-de-atividade-balnear","status":"publish","type":"post","link":"https:\/\/algarve7.pt\/index.php\/2023\/07\/municipio-de-vrsa-desaconselha-utilizacao-da-zona-de-cacela-velha-para-a-pratica-de-atividade-balnear\/atualidade\/08\/15\/","title":{"rendered":"Munic\u00edpio de VRSA desaconselha utiliza\u00e7\u00e3o da zona de Cacela Velha para a pr\u00e1tica de atividade balnear"},"content":{"rendered":"\n<p>O territ\u00f3rio de Cacela Velha &#8211; e toda a sua envolvente &#8211; representa um local de rara beleza e de diversidade ecol\u00f3gica que importa conservar e preservar.<\/p>\n\n\n\n<p>Apesar de muito procuradas, sobretudo no ver\u00e3o, as ilhas barreira, em frente \u00e0 aldeia de Cacela Velha, n\u00e3o s\u00e3o uma unidade balnear e, como tal, n\u00e3o est\u00e3o dotadas de um servi\u00e7o de Assist\u00eancia a Banhistas (nadadores salvadores).<\/p>\n\n\n\n<p>Os visitantes que atravessam a vau (a p\u00e9), para chegarem at\u00e9 junto do mar, colocam em causa a sua pr\u00f3pria seguran\u00e7a, principalmente quando a mar\u00e9 se encontra a vazar, uma vez que as correntes s\u00e3o fortes e puxam para o mar.<\/p>\n\n\n\n<p>N\u00e3o obstante os esfor\u00e7os das equipas m\u00f3veis do Instituto de Socorros a N\u00e1ufragos, a vigil\u00e2ncia n\u00e3o \u00e9 permanente e, por essa raz\u00e3o, o socorro a qualquer situa\u00e7\u00e3o de emerg\u00eancia pode n\u00e3o ser assegurado em tempo \u00fatil.<\/p>\n\n\n\n<p>Assim, e de modo a proteger a estabilidade do cord\u00e3o dunar e da arriba de Cacela, garantir a prote\u00e7\u00e3o da fauna e flora desta zona da Ria Formosa e assegurar a seguran\u00e7a dos moradores e visitantes de Cacela Velha, o munic\u00edpio de Vila Real de Santo Ant\u00f3nio desaconselha a utiliza\u00e7\u00e3o da zona em frente a Cacela Velha para a pr\u00e1tica balnear.<\/p>\n\n\n\n<p>Em alternativa, o munic\u00edpio prop\u00f5e uma visita \u00e0 Unidade Balnear da Praia da F\u00e1brica (coordenadas: 37\u00b0 9&#8217;14.61&#8243; N 7\u00b033\u201912.63&#8243;W), respeitando os condicionamentos de circula\u00e7\u00e3o e estacionamento, e fazendo a travessia com os operadores de embarca\u00e7\u00f5es licenciados para o efeito.<\/p>\n\n\n\n<p>A praia da Manta Rota \u00e9 outra das op\u00e7\u00f5es aconselhadas (coordenadas: 37\u00b0 9&#8217;54.54&#8243;N&nbsp; 7\u00b031&#8217;11.00&#8243;W,). Com uma vasta \u00e1rea e servi\u00e7os de apoio, disp\u00f5e de v\u00e1rias unidades balneares que oferecem todas as condi\u00e7\u00f5es de seguran\u00e7a e estacionamento para os veraneantes.<\/p>\n\n\n\n<p>A Praia da Fabrica e a Praia de Manta Rota, bem como todas as praias do munic\u00edpio de Vila Real de Santo Ant\u00f3nio, oferecem, para sua seguran\u00e7a, um servi\u00e7o de assist\u00eancia a banhistas, certificado e de acordo com a legisla\u00e7\u00e3o em vigor.<\/p>\n\n\n\n<p>\u00abAjude-nos a proteger este patrim\u00f3nio, que tamb\u00e9m \u00e9 seu, e garanta a sua seguran\u00e7a\u00bb.<\/p>\n","protected":false},"excerpt":{"rendered":"<p>O territ\u00f3rio de Cacela Velha &#8211; e toda a sua envolvente &#8211; representa um local de rara beleza e de<\/p>\n","protected":false},"author":1,"featured_media":29220,"comment_status":"closed","ping_status":"open","sticky":false,"template":"","format":"standard","meta":{"colormag_page_container_layout":"default_layout","colormag_page_sidebar_layout":"default_layout","_monsterinsights_skip_tracking":false,"_monsterinsights_sitenote_active":false,"_monsterinsights_sitenote_note":"","_monsterinsights_sitenote_category":0,"jetpack_post_was_ever_published":false,"_jetpack_newsletter_access":"","_jetpack_dont_email_post_to_subs":false,"_jetpack_newsletter_tier_id":0,"_jetpack_memberships_contains_paywalled_content":false,"_jetpack_memberships_contains_paid_content":false,"footnotes":"","jetpack_publicize_message":"","jetpack_publicize_feature_enabled":true,"jetpack_social_post_already_shared":true,"jetpack_social_options":{"image_generator_settings":{"template":"highway","default_image_id":0,"font":"","enabled":false},"version":2}},"categories":[11],"tags":[36,62,665,123],"class_list":["post-29219","post","type-post","status-publish","format-standard","has-post-thumbnail","hentry","category-atualidade","tag-algarve","tag-atualidade","tag-cacela-velha","tag-vila-real-de-sto-antonio"],"yoast_head":"<!-- This site is optimized with the Yoast SEO plugin v27.4 - https:\/\/yoast.com\/product\/yoast-seo-wordpress\/ -->\n<title>Munic\u00edpio de VRSA desaconselha utiliza\u00e7\u00e3o da zona de Cacela Velha para a pr\u00e1tica de atividade balnear - Algarve 7<\/title>\n<meta name=\"description\" content=\"Munic\u00edpio de VRSA desaconselha utiliza\u00e7\u00e3o da zona de Cacela Velha para a pr\u00e1tica de atividade balnear Atualidade\" \/>\n<meta name=\"robots\" content=\"index, follow, max-snippet:-1, max-image-preview:large, max-video-preview:-1\" \/>\n<link rel=\"canonical\" href=\"https:\/\/algarve7.pt\/index.php\/2023\/07\/municipio-de-vrsa-desaconselha-utilizacao-da-zona-de-cacela-velha-para-a-pratica-de-atividade-balnear\/atualidade\/08\/15\/\" \/>\n<meta property=\"og:locale\" content=\"pt_PT\" \/>\n<meta property=\"og:type\" content=\"article\" \/>\n<meta property=\"og:title\" content=\"Munic\u00edpio de VRSA desaconselha utiliza\u00e7\u00e3o da zona de Cacela Velha para a pr\u00e1tica de atividade balnear - Algarve 7\" \/>\n<meta property=\"og:description\" content=\"Munic\u00edpio de VRSA desaconselha utiliza\u00e7\u00e3o da zona de Cacela Velha para a pr\u00e1tica de atividade balnear Atualidade\" \/>\n<meta property=\"og:url\" content=\"https:\/\/algarve7.pt\/index.php\/2023\/07\/municipio-de-vrsa-desaconselha-utilizacao-da-zona-de-cacela-velha-para-a-pratica-de-atividade-balnear\/atualidade\/08\/15\/\" \/>\n<meta property=\"og:site_name\" content=\"Algarve 7\" \/>\n<meta property=\"article:publisher\" content=\"https:\/\/www.facebook.com\/algarve7\" \/>\n<meta property=\"article:author\" content=\"https:\/\/www.facebook.com\/algarve7\" \/>\n<meta property=\"article:published_time\" content=\"2023-07-06T07:15:00+00:00\" \/>\n<meta property=\"og:image\" content=\"https:\/\/algarve7.pt\/wp-content\/uploads\/2023\/07\/Cacela-Velha_CM-VRSA.jpg\" \/>\n\t<meta property=\"og:image:width\" content=\"1024\" \/>\n\t<meta property=\"og:image:height\" content=\"683\" \/>\n\t<meta property=\"og:image:type\" content=\"image\/jpeg\" \/>\n<meta name=\"author\" content=\"Algarve 7\" \/>\n<meta name=\"twitter:card\" content=\"summary_large_image\" \/>\n<meta name=\"twitter:creator\" content=\"@Algarvesete\" \/>\n<meta name=\"twitter:site\" content=\"@Algarvesete\" \/>\n<meta name=\"twitter:label1\" content=\"Escrito por\" \/>\n\t<meta name=\"twitter:data1\" content=\"Algarve 7\" \/>\n\t<meta name=\"twitter:label2\" content=\"Tempo estimado de leitura\" \/>\n\t<meta name=\"twitter:data2\" content=\"2 minutos\" \/>\n<script type=\"application\/ld+json\" class=\"yoast-schema-graph\">{\"@context\":\"https:\\\/\\\/schema.org\",\"@graph\":[{\"@type\":\"Article\",\"@id\":\"https:\\\/\\\/algarve7.pt\\\/index.php\\\/2023\\\/07\\\/municipio-de-vrsa-desaconselha-utilizacao-da-zona-de-cacela-velha-para-a-pratica-de-atividade-balnear\\\/atualidade\\\/08\\\/15\\\/#article\",\"isPartOf\":{\"@id\":\"https:\\\/\\\/algarve7.pt\\\/index.php\\\/2023\\\/07\\\/municipio-de-vrsa-desaconselha-utilizacao-da-zona-de-cacela-velha-para-a-pratica-de-atividade-balnear\\\/atualidade\\\/08\\\/15\\\/\"},\"author\":{\"name\":\"Algarve 7\",\"@id\":\"https:\\\/\\\/algarve7.pt\\\/#\\\/schema\\\/person\\\/23fa70681308e7b319a3204bcea45e0c\"},\"headline\":\"Munic\u00edpio de VRSA desaconselha utiliza\u00e7\u00e3o da zona de Cacela Velha para a pr\u00e1tica de atividade balnear\",\"datePublished\":\"2023-07-06T07:15:00+00:00\",\"mainEntityOfPage\":{\"@id\":\"https:\\\/\\\/algarve7.pt\\\/index.php\\\/2023\\\/07\\\/municipio-de-vrsa-desaconselha-utilizacao-da-zona-de-cacela-velha-para-a-pratica-de-atividade-balnear\\\/atualidade\\\/08\\\/15\\\/\"},\"wordCount\":397,\"publisher\":{\"@id\":\"https:\\\/\\\/algarve7.pt\\\/#organization\"},\"image\":{\"@id\":\"https:\\\/\\\/algarve7.pt\\\/index.php\\\/2023\\\/07\\\/municipio-de-vrsa-desaconselha-utilizacao-da-zona-de-cacela-velha-para-a-pratica-de-atividade-balnear\\\/atualidade\\\/08\\\/15\\\/#primaryimage\"},\"thumbnailUrl\":\"https:\\\/\\\/algarve7.pt\\\/wp-content\\\/uploads\\\/2023\\\/07\\\/Cacela-Velha_CM-VRSA.jpg\",\"keywords\":[\"Algarve\",\"Atualidade\",\"Cacela Velha\",\"Vila Real de St\u00ba Ant\u00f3nio\"],\"articleSection\":[\"Atualidade\"],\"inLanguage\":\"pt-PT\"},{\"@type\":\"WebPage\",\"@id\":\"https:\\\/\\\/algarve7.pt\\\/index.php\\\/2023\\\/07\\\/municipio-de-vrsa-desaconselha-utilizacao-da-zona-de-cacela-velha-para-a-pratica-de-atividade-balnear\\\/atualidade\\\/08\\\/15\\\/\",\"url\":\"https:\\\/\\\/algarve7.pt\\\/index.php\\\/2023\\\/07\\\/municipio-de-vrsa-desaconselha-utilizacao-da-zona-de-cacela-velha-para-a-pratica-de-atividade-balnear\\\/atualidade\\\/08\\\/15\\\/\",\"name\":\"Munic\u00edpio de VRSA desaconselha utiliza\u00e7\u00e3o da zona de Cacela Velha para a pr\u00e1tica de atividade balnear - Algarve 7\",\"isPartOf\":{\"@id\":\"https:\\\/\\\/algarve7.pt\\\/#website\"},\"primaryImageOfPage\":{\"@id\":\"https:\\\/\\\/algarve7.pt\\\/index.php\\\/2023\\\/07\\\/municipio-de-vrsa-desaconselha-utilizacao-da-zona-de-cacela-velha-para-a-pratica-de-atividade-balnear\\\/atualidade\\\/08\\\/15\\\/#primaryimage\"},\"image\":{\"@id\":\"https:\\\/\\\/algarve7.pt\\\/index.php\\\/2023\\\/07\\\/municipio-de-vrsa-desaconselha-utilizacao-da-zona-de-cacela-velha-para-a-pratica-de-atividade-balnear\\\/atualidade\\\/08\\\/15\\\/#primaryimage\"},\"thumbnailUrl\":\"https:\\\/\\\/algarve7.pt\\\/wp-content\\\/uploads\\\/2023\\\/07\\\/Cacela-Velha_CM-VRSA.jpg\",\"datePublished\":\"2023-07-06T07:15:00+00:00\",\"description\":\"Munic\u00edpio de VRSA desaconselha utiliza\u00e7\u00e3o da zona de Cacela Velha para a pr\u00e1tica de atividade balnear Atualidade\",\"breadcrumb\":{\"@id\":\"https:\\\/\\\/algarve7.pt\\\/index.php\\\/2023\\\/07\\\/municipio-de-vrsa-desaconselha-utilizacao-da-zona-de-cacela-velha-para-a-pratica-de-atividade-balnear\\\/atualidade\\\/08\\\/15\\\/#breadcrumb\"},\"inLanguage\":\"pt-PT\",\"potentialAction\":[{\"@type\":\"ReadAction\",\"target\":[\"https:\\\/\\\/algarve7.pt\\\/index.php\\\/2023\\\/07\\\/municipio-de-vrsa-desaconselha-utilizacao-da-zona-de-cacela-velha-para-a-pratica-de-atividade-balnear\\\/atualidade\\\/08\\\/15\\\/\"]}]},{\"@type\":\"ImageObject\",\"inLanguage\":\"pt-PT\",\"@id\":\"https:\\\/\\\/algarve7.pt\\\/index.php\\\/2023\\\/07\\\/municipio-de-vrsa-desaconselha-utilizacao-da-zona-de-cacela-velha-para-a-pratica-de-atividade-balnear\\\/atualidade\\\/08\\\/15\\\/#primaryimage\",\"url\":\"https:\\\/\\\/algarve7.pt\\\/wp-content\\\/uploads\\\/2023\\\/07\\\/Cacela-Velha_CM-VRSA.jpg\",\"contentUrl\":\"https:\\\/\\\/algarve7.pt\\\/wp-content\\\/uploads\\\/2023\\\/07\\\/Cacela-Velha_CM-VRSA.jpg\",\"width\":1024,\"height\":683},{\"@type\":\"BreadcrumbList\",\"@id\":\"https:\\\/\\\/algarve7.pt\\\/index.php\\\/2023\\\/07\\\/municipio-de-vrsa-desaconselha-utilizacao-da-zona-de-cacela-velha-para-a-pratica-de-atividade-balnear\\\/atualidade\\\/08\\\/15\\\/#breadcrumb\",\"itemListElement\":[{\"@type\":\"ListItem\",\"position\":1,\"name\":\"In\u00edcio\",\"item\":\"https:\\\/\\\/algarve7.pt\\\/\"},{\"@type\":\"ListItem\",\"position\":2,\"name\":\"Munic\u00edpio de VRSA desaconselha utiliza\u00e7\u00e3o da zona de Cacela Velha para a pr\u00e1tica de atividade balnear\"}]},{\"@type\":\"WebSite\",\"@id\":\"https:\\\/\\\/algarve7.pt\\\/#website\",\"url\":\"https:\\\/\\\/algarve7.pt\\\/\",\"name\":\"Algarve 7\",\"description\":\"Informa\u00e7\u00e3o sobre o Algarve\",\"publisher\":{\"@id\":\"https:\\\/\\\/algarve7.pt\\\/#organization\"},\"potentialAction\":[{\"@type\":\"SearchAction\",\"target\":{\"@type\":\"EntryPoint\",\"urlTemplate\":\"https:\\\/\\\/algarve7.pt\\\/?s={search_term_string}\"},\"query-input\":{\"@type\":\"PropertyValueSpecification\",\"valueRequired\":true,\"valueName\":\"search_term_string\"}}],\"inLanguage\":\"pt-PT\"},{\"@type\":\"Organization\",\"@id\":\"https:\\\/\\\/algarve7.pt\\\/#organization\",\"name\":\"Algarve 7\",\"url\":\"https:\\\/\\\/algarve7.pt\\\/\",\"logo\":{\"@type\":\"ImageObject\",\"inLanguage\":\"pt-PT\",\"@id\":\"https:\\\/\\\/algarve7.pt\\\/#\\\/schema\\\/logo\\\/image\\\/\",\"url\":\"https:\\\/\\\/algarve7.pt\\\/wp-content\\\/uploads\\\/2020\\\/10\\\/Logo-8.jpg\",\"contentUrl\":\"https:\\\/\\\/algarve7.pt\\\/wp-content\\\/uploads\\\/2020\\\/10\\\/Logo-8.jpg\",\"width\":1680,\"height\":1186,\"caption\":\"Algarve 7\"},\"image\":{\"@id\":\"https:\\\/\\\/algarve7.pt\\\/#\\\/schema\\\/logo\\\/image\\\/\"},\"sameAs\":[\"https:\\\/\\\/www.facebook.com\\\/algarve7\",\"https:\\\/\\\/x.com\\\/Algarvesete\",\"https:\\\/\\\/www.instagram.com\\\/jornalalgarve7\\\/\",\"https:\\\/\\\/www.linkedin.com\\\/company\\\/algarve7\",\"https:\\\/\\\/www.pinterest.pt\\\/geral0939\\\/_created\\\/\"]},{\"@type\":\"Person\",\"@id\":\"https:\\\/\\\/algarve7.pt\\\/#\\\/schema\\\/person\\\/23fa70681308e7b319a3204bcea45e0c\",\"name\":\"Algarve 7\",\"sameAs\":[\"https:\\\/\\\/algarve7.pt\",\"https:\\\/\\\/www.facebook.com\\\/algarve7\"],\"url\":\"https:\\\/\\\/algarve7.pt\\\/index.php\\\/author\\\/geralalgarve7-pt\\\/\"}]}<\/script>\n<!-- \/ Yoast SEO plugin. -->","yoast_head_json":{"title":"Munic\u00edpio de VRSA desaconselha utiliza\u00e7\u00e3o da zona de Cacela Velha para a pr\u00e1tica de atividade balnear - Algarve 7","description":"Munic\u00edpio de VRSA desaconselha utiliza\u00e7\u00e3o da zona de Cacela Velha para a pr\u00e1tica de atividade balnear Atualidade","robots":{"index":"index","follow":"follow","max-snippet":"max-snippet:-1","max-image-preview":"max-image-preview:large","max-video-preview":"max-video-preview:-1"},"canonical":"https:\/\/algarve7.pt\/index.php\/2023\/07\/municipio-de-vrsa-desaconselha-utilizacao-da-zona-de-cacela-velha-para-a-pratica-de-atividade-balnear\/atualidade\/08\/15\/","og_locale":"pt_PT","og_type":"article","og_title":"Munic\u00edpio de VRSA desaconselha utiliza\u00e7\u00e3o da zona de Cacela Velha para a pr\u00e1tica de atividade balnear - Algarve 7","og_description":"Munic\u00edpio de VRSA desaconselha utiliza\u00e7\u00e3o da zona de Cacela Velha para a pr\u00e1tica de atividade balnear Atualidade","og_url":"https:\/\/algarve7.pt\/index.php\/2023\/07\/municipio-de-vrsa-desaconselha-utilizacao-da-zona-de-cacela-velha-para-a-pratica-de-atividade-balnear\/atualidade\/08\/15\/","og_site_name":"Algarve 7","article_publisher":"https:\/\/www.facebook.com\/algarve7","article_author":"https:\/\/www.facebook.com\/algarve7","article_published_time":"2023-07-06T07:15:00+00:00","og_image":[{"width":1024,"height":683,"url":"https:\/\/algarve7.pt\/wp-content\/uploads\/2023\/07\/Cacela-Velha_CM-VRSA.jpg","type":"image\/jpeg"}],"author":"Algarve 7","twitter_card":"summary_large_image","twitter_creator":"@Algarvesete","twitter_site":"@Algarvesete","twitter_misc":{"Escrito por":"Algarve 7","Tempo estimado de leitura":"2 minutos"},"schema":{"@context":"https:\/\/schema.org","@graph":[{"@type":"Article","@id":"https:\/\/algarve7.pt\/index.php\/2023\/07\/municipio-de-vrsa-desaconselha-utilizacao-da-zona-de-cacela-velha-para-a-pratica-de-atividade-balnear\/atualidade\/08\/15\/#article","isPartOf":{"@id":"https:\/\/algarve7.pt\/index.php\/2023\/07\/municipio-de-vrsa-desaconselha-utilizacao-da-zona-de-cacela-velha-para-a-pratica-de-atividade-balnear\/atualidade\/08\/15\/"},"author":{"name":"Algarve 7","@id":"https:\/\/algarve7.pt\/#\/schema\/person\/23fa70681308e7b319a3204bcea45e0c"},"headline":"Munic\u00edpio de VRSA desaconselha utiliza\u00e7\u00e3o da zona de Cacela Velha para a pr\u00e1tica de atividade balnear","datePublished":"2023-07-06T07:15:00+00:00","mainEntityOfPage":{"@id":"https:\/\/algarve7.pt\/index.php\/2023\/07\/municipio-de-vrsa-desaconselha-utilizacao-da-zona-de-cacela-velha-para-a-pratica-de-atividade-balnear\/atualidade\/08\/15\/"},"wordCount":397,"publisher":{"@id":"https:\/\/algarve7.pt\/#organization"},"image":{"@id":"https:\/\/algarve7.pt\/index.php\/2023\/07\/municipio-de-vrsa-desaconselha-utilizacao-da-zona-de-cacela-velha-para-a-pratica-de-atividade-balnear\/atualidade\/08\/15\/#primaryimage"},"thumbnailUrl":"https:\/\/algarve7.pt\/wp-content\/uploads\/2023\/07\/Cacela-Velha_CM-VRSA.jpg","keywords":["Algarve","Atualidade","Cacela Velha","Vila Real de St\u00ba Ant\u00f3nio"],"articleSection":["Atualidade"],"inLanguage":"pt-PT"},{"@type":"WebPage","@id":"https:\/\/algarve7.pt\/index.php\/2023\/07\/municipio-de-vrsa-desaconselha-utilizacao-da-zona-de-cacela-velha-para-a-pratica-de-atividade-balnear\/atualidade\/08\/15\/","url":"https:\/\/algarve7.pt\/index.php\/2023\/07\/municipio-de-vrsa-desaconselha-utilizacao-da-zona-de-cacela-velha-para-a-pratica-de-atividade-balnear\/atualidade\/08\/15\/","name":"Munic\u00edpio de VRSA desaconselha utiliza\u00e7\u00e3o da zona de Cacela Velha para a pr\u00e1tica de atividade balnear - Algarve 7","isPartOf":{"@id":"https:\/\/algarve7.pt\/#website"},"primaryImageOfPage":{"@id":"https:\/\/algarve7.pt\/index.php\/2023\/07\/municipio-de-vrsa-desaconselha-utilizacao-da-zona-de-cacela-velha-para-a-pratica-de-atividade-balnear\/atualidade\/08\/15\/#primaryimage"},"image":{"@id":"https:\/\/algarve7.pt\/index.php\/2023\/07\/municipio-de-vrsa-desaconselha-utilizacao-da-zona-de-cacela-velha-para-a-pratica-de-atividade-balnear\/atualidade\/08\/15\/#primaryimage"},"thumbnailUrl":"https:\/\/algarve7.pt\/wp-content\/uploads\/2023\/07\/Cacela-Velha_CM-VRSA.jpg","datePublished":"2023-07-06T07:15:00+00:00","description":"Munic\u00edpio de VRSA desaconselha utiliza\u00e7\u00e3o da zona de Cacela Velha para a pr\u00e1tica de atividade balnear Atualidade","breadcrumb":{"@id":"https:\/\/algarve7.pt\/index.php\/2023\/07\/municipio-de-vrsa-desaconselha-utilizacao-da-zona-de-cacela-velha-para-a-pratica-de-atividade-balnear\/atualidade\/08\/15\/#breadcrumb"},"inLanguage":"pt-PT","potentialAction":[{"@type":"ReadAction","target":["https:\/\/algarve7.pt\/index.php\/2023\/07\/municipio-de-vrsa-desaconselha-utilizacao-da-zona-de-cacela-velha-para-a-pratica-de-atividade-balnear\/atualidade\/08\/15\/"]}]},{"@type":"ImageObject","inLanguage":"pt-PT","@id":"https:\/\/algarve7.pt\/index.php\/2023\/07\/municipio-de-vrsa-desaconselha-utilizacao-da-zona-de-cacela-velha-para-a-pratica-de-atividade-balnear\/atualidade\/08\/15\/#primaryimage","url":"https:\/\/algarve7.pt\/wp-content\/uploads\/2023\/07\/Cacela-Velha_CM-VRSA.jpg","contentUrl":"https:\/\/algarve7.pt\/wp-content\/uploads\/2023\/07\/Cacela-Velha_CM-VRSA.jpg","width":1024,"height":683},{"@type":"BreadcrumbList","@id":"https:\/\/algarve7.pt\/index.php\/2023\/07\/municipio-de-vrsa-desaconselha-utilizacao-da-zona-de-cacela-velha-para-a-pratica-de-atividade-balnear\/atualidade\/08\/15\/#breadcrumb","itemListElement":[{"@type":"ListItem","position":1,"name":"In\u00edcio","item":"https:\/\/algarve7.pt\/"},{"@type":"ListItem","position":2,"name":"Munic\u00edpio de VRSA desaconselha utiliza\u00e7\u00e3o da zona de Cacela Velha para a pr\u00e1tica de atividade balnear"}]},{"@type":"WebSite","@id":"https:\/\/algarve7.pt\/#website","url":"https:\/\/algarve7.pt\/","name":"Algarve 7","description":"Informa\u00e7\u00e3o sobre o Algarve","publisher":{"@id":"https:\/\/algarve7.pt\/#organization"},"potentialAction":[{"@type":"SearchAction","target":{"@type":"EntryPoint","urlTemplate":"https:\/\/algarve7.pt\/?s={search_term_string}"},"query-input":{"@type":"PropertyValueSpecification","valueRequired":true,"valueName":"search_term_string"}}],"inLanguage":"pt-PT"},{"@type":"Organization","@id":"https:\/\/algarve7.pt\/#organization","name":"Algarve 7","url":"https:\/\/algarve7.pt\/","logo":{"@type":"ImageObject","inLanguage":"pt-PT","@id":"https:\/\/algarve7.pt\/#\/schema\/logo\/image\/","url":"https:\/\/algarve7.pt\/wp-content\/uploads\/2020\/10\/Logo-8.jpg","contentUrl":"https:\/\/algarve7.pt\/wp-content\/uploads\/2020\/10\/Logo-8.jpg","width":1680,"height":1186,"caption":"Algarve 7"},"image":{"@id":"https:\/\/algarve7.pt\/#\/schema\/logo\/image\/"},"sameAs":["https:\/\/www.facebook.com\/algarve7","https:\/\/x.com\/Algarvesete","https:\/\/www.instagram.com\/jornalalgarve7\/","https:\/\/www.linkedin.com\/company\/algarve7","https:\/\/www.pinterest.pt\/geral0939\/_created\/"]},{"@type":"Person","@id":"https:\/\/algarve7.pt\/#\/schema\/person\/23fa70681308e7b319a3204bcea45e0c","name":"Algarve 7","sameAs":["https:\/\/algarve7.pt","https:\/\/www.facebook.com\/algarve7"],"url":"https:\/\/algarve7.pt\/index.php\/author\/geralalgarve7-pt\/"}]}},"jetpack_publicize_connections":[],"jetpack_featured_media_url":"https:\/\/algarve7.pt\/wp-content\/uploads\/2023\/07\/Cacela-Velha_CM-VRSA.jpg","jetpack_shortlink":"https:\/\/wp.me\/pcezmW-7Bh","jetpack_sharing_enabled":true,"_links":{"self":[{"href":"https:\/\/algarve7.pt\/index.php\/wp-json\/wp\/v2\/posts\/29219","targetHints":{"allow":["GET"]}}],"collection":[{"href":"https:\/\/algarve7.pt\/index.php\/wp-json\/wp\/v2\/posts"}],"about":[{"href":"https:\/\/algarve7.pt\/index.php\/wp-json\/wp\/v2\/types\/post"}],"author":[{"embeddable":true,"href":"https:\/\/algarve7.pt\/index.php\/wp-json\/wp\/v2\/users\/1"}],"replies":[{"embeddable":true,"href":"https:\/\/algarve7.pt\/index.php\/wp-json\/wp\/v2\/comments?post=29219"}],"version-history":[{"count":0,"href":"https:\/\/algarve7.pt\/index.php\/wp-json\/wp\/v2\/posts\/29219\/revisions"}],"wp:featuredmedia":[{"embeddable":true,"href":"https:\/\/algarve7.pt\/index.php\/wp-json\/wp\/v2\/media\/29220"}],"wp:attachment":[{"href":"https:\/\/algarve7.pt\/index.php\/wp-json\/wp\/v2\/media?parent=29219"}],"wp:term":[{"taxonomy":"category","embeddable":true,"href":"https:\/\/algarve7.pt\/index.php\/wp-json\/wp\/v2\/categories?post=29219"},{"taxonomy":"post_tag","embeddable":true,"href":"https:\/\/algarve7.pt\/index.php\/wp-json\/wp\/v2\/tags?post=29219"}],"curies":[{"name":"wp","href":"https:\/\/api.w.org\/{rel}","templated":true}]}}