{"id":29213,"date":"2023-07-05T16:30:28","date_gmt":"2023-07-05T15:30:28","guid":{"rendered":"https:\/\/algarve7.pt\/?p=29213"},"modified":"2023-07-05T16:30:29","modified_gmt":"2023-07-05T15:30:29","slug":"arte-publica-no-calcadao-de-quarteira","status":"publish","type":"post","link":"https:\/\/algarve7.pt\/index.php\/2023\/07\/arte-publica-no-calcadao-de-quarteira\/cultura\/16\/30\/","title":{"rendered":"Arte p\u00fablica no cal\u00e7ad\u00e3o de Quarteira"},"content":{"rendered":"\n<p>Sob o nome \u201cA Deriva Litoral\u201d, as instala\u00e7\u00f5es art\u00edsticas de \u00c2ngelo Gon\u00e7alves e Nuno Viegas inauguram esta quinta-feira, no Cal\u00e7ad\u00e3o de Quarteira (junto \u00e0 Geladaria Roma), pelas 19h00.<\/p>\n\n\n\n<p>Pelo terceiro ano consecutivo teremos a presen\u00e7a de arte p\u00fablica no Cal\u00e7ad\u00e3o de Quarteira, durante o per\u00edodo de ver\u00e3o. Levar projetos art\u00edsticos do campo das artes visuais para fora de galerias e museus e procurar estabelecer contacto com o p\u00fablico informal, em lugares de grande aflu\u00eancia \u00e9 tamb\u00e9m um dos des\u00edgnios desta programa\u00e7\u00e3o, que privilegia os encontros.<\/p>\n\n\n\n<p>Para esta edi\u00e7\u00e3o, a C\u00e2mara Municipal de Loul\u00e9 convidou dois artistas que conhecem bem o Algarve, a trabalhar sobre o tema \u201cA Deriva Litoral\u201d, um fen\u00f3meno que, pela interrup\u00e7\u00e3o do seu fluxo natural, \u00e9 cada vez mais noticiado pelas piores raz\u00f5es, com resultados que afetam toda a nossa orla costeira.<\/p>\n\n\n\n<p>A deriva litoral refere-se \u00e0s correntes mar\u00edtimas costeiras e \u00e0 ondula\u00e7\u00e3o respons\u00e1veis tamb\u00e9m pelo transporte e dep\u00f3sito de sedimentos, que contribuem para a forma\u00e7\u00e3o e abastecimento de areias das nossas praias. Sabemos hoje que esta deriva litoral tem sofrido altera\u00e7\u00f5es provocadas pela a\u00e7\u00e3o humana, atrav\u00e9s das suas constru\u00e7\u00f5es que interrompem este fluxo. Nos dias de hoje, muitos dos areais das praias do Algarve s\u00e3o alimentados de forma artificial. Presentemente o mar retira muito mais areia do que rep\u00f5e, a eros\u00e3o costeira \u00e9 bem vis\u00edvel quando atrav\u00e9s de um exerc\u00edcio de mem\u00f3ria recuamos algumas d\u00e9cadas apenas. O problema da reposi\u00e7\u00e3o natural da areia da praia come\u00e7a a montante, no leito dos rios, causado tamb\u00e9m pela escassa precipita\u00e7\u00e3o ou pela constru\u00e7\u00e3o de barragens que impedem que os sedimentos provenientes do interior, cheguem ao litoral para serem transportados pela referida deriva.<br>Segundo o respons\u00e1vel pela instala\u00e7\u00e3o, Miguel Cheta, \u201cos artistas n\u00e3o t\u00eam o poder de solucionar estes fen\u00f3menos, mas podem e devem question\u00e1-los atrav\u00e9s das suas propostas, enquanto nos inquietam\u201d.<\/p>\n\n\n\n<p>As obras poder\u00e3o ser vistas at\u00e9 ao dia 30 de setembro.<\/p>\n","protected":false},"excerpt":{"rendered":"<p>Sob o nome \u201cA Deriva Litoral\u201d, as instala\u00e7\u00f5es art\u00edsticas de \u00c2ngelo Gon\u00e7alves e Nuno Viegas inauguram esta quinta-feira, no Cal\u00e7ad\u00e3o<\/p>\n","protected":false},"author":1,"featured_media":29214,"comment_status":"closed","ping_status":"open","sticky":false,"template":"","format":"standard","meta":{"colormag_page_container_layout":"default_layout","colormag_page_sidebar_layout":"default_layout","_monsterinsights_skip_tracking":false,"_monsterinsights_sitenote_active":false,"_monsterinsights_sitenote_note":"","_monsterinsights_sitenote_category":0,"jetpack_post_was_ever_published":false,"_jetpack_newsletter_access":"","_jetpack_dont_email_post_to_subs":false,"_jetpack_newsletter_tier_id":0,"_jetpack_memberships_contains_paywalled_content":false,"_jetpack_memberships_contains_paid_content":false,"footnotes":"","jetpack_publicize_message":"","jetpack_publicize_feature_enabled":true,"jetpack_social_post_already_shared":true,"jetpack_social_options":{"image_generator_settings":{"template":"highway","default_image_id":0,"font":"","enabled":false},"version":2}},"categories":[14],"tags":[36,35,112],"class_list":["post-29213","post","type-post","status-publish","format-standard","has-post-thumbnail","hentry","category-cultura","tag-algarve","tag-cultura","tag-quarteira"],"yoast_head":"<!-- This site is optimized with the Yoast SEO plugin v27.5 - https:\/\/yoast.com\/product\/yoast-seo-wordpress\/ -->\n<title>Arte p\u00fablica no cal\u00e7ad\u00e3o de Quarteira - Algarve 7<\/title>\n<meta name=\"description\" content=\"Arte p\u00fablica no cal\u00e7ad\u00e3o de Quarteira Cultura\" \/>\n<meta name=\"robots\" content=\"index, follow, max-snippet:-1, max-image-preview:large, max-video-preview:-1\" \/>\n<link rel=\"canonical\" href=\"https:\/\/algarve7.pt\/index.php\/2023\/07\/arte-publica-no-calcadao-de-quarteira\/cultura\/16\/30\/\" \/>\n<meta property=\"og:locale\" content=\"pt_PT\" \/>\n<meta property=\"og:type\" content=\"article\" \/>\n<meta property=\"og:title\" content=\"Arte p\u00fablica no cal\u00e7ad\u00e3o de Quarteira - Algarve 7\" \/>\n<meta property=\"og:description\" content=\"Arte p\u00fablica no cal\u00e7ad\u00e3o de Quarteira Cultura\" \/>\n<meta property=\"og:url\" content=\"https:\/\/algarve7.pt\/index.php\/2023\/07\/arte-publica-no-calcadao-de-quarteira\/cultura\/16\/30\/\" \/>\n<meta property=\"og:site_name\" content=\"Algarve 7\" \/>\n<meta property=\"article:publisher\" content=\"https:\/\/www.facebook.com\/algarve7\" \/>\n<meta property=\"article:author\" content=\"https:\/\/www.facebook.com\/algarve7\" \/>\n<meta property=\"article:published_time\" content=\"2023-07-05T15:30:28+00:00\" \/>\n<meta property=\"article:modified_time\" content=\"2023-07-05T15:30:29+00:00\" \/>\n<meta property=\"og:image\" content=\"https:\/\/algarve7.pt\/wp-content\/uploads\/2023\/07\/Captura-de-ecra-2023-07-05-as-16.28.02.png\" \/>\n\t<meta property=\"og:image:width\" content=\"1024\" \/>\n\t<meta property=\"og:image:height\" content=\"563\" \/>\n\t<meta property=\"og:image:type\" content=\"image\/png\" \/>\n<meta name=\"author\" content=\"Algarve 7\" \/>\n<meta name=\"twitter:card\" content=\"summary_large_image\" \/>\n<meta name=\"twitter:creator\" content=\"@Algarvesete\" \/>\n<meta name=\"twitter:site\" content=\"@Algarvesete\" \/>\n<meta name=\"twitter:label1\" content=\"Escrito por\" \/>\n\t<meta name=\"twitter:data1\" content=\"Algarve 7\" \/>\n\t<meta name=\"twitter:label2\" content=\"Tempo estimado de leitura\" \/>\n\t<meta name=\"twitter:data2\" content=\"2 minutos\" \/>\n<script type=\"application\/ld+json\" class=\"yoast-schema-graph\">{\"@context\":\"https:\\\/\\\/schema.org\",\"@graph\":[{\"@type\":\"Article\",\"@id\":\"https:\\\/\\\/algarve7.pt\\\/index.php\\\/2023\\\/07\\\/arte-publica-no-calcadao-de-quarteira\\\/cultura\\\/16\\\/30\\\/#article\",\"isPartOf\":{\"@id\":\"https:\\\/\\\/algarve7.pt\\\/index.php\\\/2023\\\/07\\\/arte-publica-no-calcadao-de-quarteira\\\/cultura\\\/16\\\/30\\\/\"},\"author\":{\"name\":\"Algarve 7\",\"@id\":\"https:\\\/\\\/algarve7.pt\\\/#\\\/schema\\\/person\\\/23fa70681308e7b319a3204bcea45e0c\"},\"headline\":\"Arte p\u00fablica no cal\u00e7ad\u00e3o de Quarteira\",\"datePublished\":\"2023-07-05T15:30:28+00:00\",\"dateModified\":\"2023-07-05T15:30:29+00:00\",\"mainEntityOfPage\":{\"@id\":\"https:\\\/\\\/algarve7.pt\\\/index.php\\\/2023\\\/07\\\/arte-publica-no-calcadao-de-quarteira\\\/cultura\\\/16\\\/30\\\/\"},\"wordCount\":369,\"publisher\":{\"@id\":\"https:\\\/\\\/algarve7.pt\\\/#organization\"},\"image\":{\"@id\":\"https:\\\/\\\/algarve7.pt\\\/index.php\\\/2023\\\/07\\\/arte-publica-no-calcadao-de-quarteira\\\/cultura\\\/16\\\/30\\\/#primaryimage\"},\"thumbnailUrl\":\"https:\\\/\\\/algarve7.pt\\\/wp-content\\\/uploads\\\/2023\\\/07\\\/Captura-de-ecra-2023-07-05-as-16.28.02.png\",\"keywords\":[\"Algarve\",\"Cultura\",\"Quarteira\"],\"articleSection\":[\"Cultura\"],\"inLanguage\":\"pt-PT\"},{\"@type\":\"WebPage\",\"@id\":\"https:\\\/\\\/algarve7.pt\\\/index.php\\\/2023\\\/07\\\/arte-publica-no-calcadao-de-quarteira\\\/cultura\\\/16\\\/30\\\/\",\"url\":\"https:\\\/\\\/algarve7.pt\\\/index.php\\\/2023\\\/07\\\/arte-publica-no-calcadao-de-quarteira\\\/cultura\\\/16\\\/30\\\/\",\"name\":\"Arte p\u00fablica no cal\u00e7ad\u00e3o de Quarteira - Algarve 7\",\"isPartOf\":{\"@id\":\"https:\\\/\\\/algarve7.pt\\\/#website\"},\"primaryImageOfPage\":{\"@id\":\"https:\\\/\\\/algarve7.pt\\\/index.php\\\/2023\\\/07\\\/arte-publica-no-calcadao-de-quarteira\\\/cultura\\\/16\\\/30\\\/#primaryimage\"},\"image\":{\"@id\":\"https:\\\/\\\/algarve7.pt\\\/index.php\\\/2023\\\/07\\\/arte-publica-no-calcadao-de-quarteira\\\/cultura\\\/16\\\/30\\\/#primaryimage\"},\"thumbnailUrl\":\"https:\\\/\\\/algarve7.pt\\\/wp-content\\\/uploads\\\/2023\\\/07\\\/Captura-de-ecra-2023-07-05-as-16.28.02.png\",\"datePublished\":\"2023-07-05T15:30:28+00:00\",\"dateModified\":\"2023-07-05T15:30:29+00:00\",\"description\":\"Arte p\u00fablica no cal\u00e7ad\u00e3o de Quarteira Cultura\",\"breadcrumb\":{\"@id\":\"https:\\\/\\\/algarve7.pt\\\/index.php\\\/2023\\\/07\\\/arte-publica-no-calcadao-de-quarteira\\\/cultura\\\/16\\\/30\\\/#breadcrumb\"},\"inLanguage\":\"pt-PT\",\"potentialAction\":[{\"@type\":\"ReadAction\",\"target\":[\"https:\\\/\\\/algarve7.pt\\\/index.php\\\/2023\\\/07\\\/arte-publica-no-calcadao-de-quarteira\\\/cultura\\\/16\\\/30\\\/\"]}]},{\"@type\":\"ImageObject\",\"inLanguage\":\"pt-PT\",\"@id\":\"https:\\\/\\\/algarve7.pt\\\/index.php\\\/2023\\\/07\\\/arte-publica-no-calcadao-de-quarteira\\\/cultura\\\/16\\\/30\\\/#primaryimage\",\"url\":\"https:\\\/\\\/algarve7.pt\\\/wp-content\\\/uploads\\\/2023\\\/07\\\/Captura-de-ecra-2023-07-05-as-16.28.02.png\",\"contentUrl\":\"https:\\\/\\\/algarve7.pt\\\/wp-content\\\/uploads\\\/2023\\\/07\\\/Captura-de-ecra-2023-07-05-as-16.28.02.png\",\"width\":1024,\"height\":563},{\"@type\":\"BreadcrumbList\",\"@id\":\"https:\\\/\\\/algarve7.pt\\\/index.php\\\/2023\\\/07\\\/arte-publica-no-calcadao-de-quarteira\\\/cultura\\\/16\\\/30\\\/#breadcrumb\",\"itemListElement\":[{\"@type\":\"ListItem\",\"position\":1,\"name\":\"In\u00edcio\",\"item\":\"https:\\\/\\\/algarve7.pt\\\/\"},{\"@type\":\"ListItem\",\"position\":2,\"name\":\"Arte p\u00fablica no cal\u00e7ad\u00e3o de Quarteira\"}]},{\"@type\":\"WebSite\",\"@id\":\"https:\\\/\\\/algarve7.pt\\\/#website\",\"url\":\"https:\\\/\\\/algarve7.pt\\\/\",\"name\":\"Algarve 7\",\"description\":\"Informa\u00e7\u00e3o sobre o Algarve\",\"publisher\":{\"@id\":\"https:\\\/\\\/algarve7.pt\\\/#organization\"},\"potentialAction\":[{\"@type\":\"SearchAction\",\"target\":{\"@type\":\"EntryPoint\",\"urlTemplate\":\"https:\\\/\\\/algarve7.pt\\\/?s={search_term_string}\"},\"query-input\":{\"@type\":\"PropertyValueSpecification\",\"valueRequired\":true,\"valueName\":\"search_term_string\"}}],\"inLanguage\":\"pt-PT\"},{\"@type\":\"Organization\",\"@id\":\"https:\\\/\\\/algarve7.pt\\\/#organization\",\"name\":\"Algarve 7\",\"url\":\"https:\\\/\\\/algarve7.pt\\\/\",\"logo\":{\"@type\":\"ImageObject\",\"inLanguage\":\"pt-PT\",\"@id\":\"https:\\\/\\\/algarve7.pt\\\/#\\\/schema\\\/logo\\\/image\\\/\",\"url\":\"https:\\\/\\\/algarve7.pt\\\/wp-content\\\/uploads\\\/2020\\\/10\\\/Logo-8.jpg\",\"contentUrl\":\"https:\\\/\\\/algarve7.pt\\\/wp-content\\\/uploads\\\/2020\\\/10\\\/Logo-8.jpg\",\"width\":1680,\"height\":1186,\"caption\":\"Algarve 7\"},\"image\":{\"@id\":\"https:\\\/\\\/algarve7.pt\\\/#\\\/schema\\\/logo\\\/image\\\/\"},\"sameAs\":[\"https:\\\/\\\/www.facebook.com\\\/algarve7\",\"https:\\\/\\\/x.com\\\/Algarvesete\",\"https:\\\/\\\/www.instagram.com\\\/jornalalgarve7\\\/\",\"https:\\\/\\\/www.linkedin.com\\\/company\\\/algarve7\",\"https:\\\/\\\/www.pinterest.pt\\\/geral0939\\\/_created\\\/\"]},{\"@type\":\"Person\",\"@id\":\"https:\\\/\\\/algarve7.pt\\\/#\\\/schema\\\/person\\\/23fa70681308e7b319a3204bcea45e0c\",\"name\":\"Algarve 7\",\"sameAs\":[\"https:\\\/\\\/algarve7.pt\",\"https:\\\/\\\/www.facebook.com\\\/algarve7\"],\"url\":\"https:\\\/\\\/algarve7.pt\\\/index.php\\\/author\\\/geralalgarve7-pt\\\/\"}]}<\/script>\n<!-- \/ Yoast SEO plugin. -->","yoast_head_json":{"title":"Arte p\u00fablica no cal\u00e7ad\u00e3o de Quarteira - Algarve 7","description":"Arte p\u00fablica no cal\u00e7ad\u00e3o de Quarteira Cultura","robots":{"index":"index","follow":"follow","max-snippet":"max-snippet:-1","max-image-preview":"max-image-preview:large","max-video-preview":"max-video-preview:-1"},"canonical":"https:\/\/algarve7.pt\/index.php\/2023\/07\/arte-publica-no-calcadao-de-quarteira\/cultura\/16\/30\/","og_locale":"pt_PT","og_type":"article","og_title":"Arte p\u00fablica no cal\u00e7ad\u00e3o de Quarteira - Algarve 7","og_description":"Arte p\u00fablica no cal\u00e7ad\u00e3o de Quarteira Cultura","og_url":"https:\/\/algarve7.pt\/index.php\/2023\/07\/arte-publica-no-calcadao-de-quarteira\/cultura\/16\/30\/","og_site_name":"Algarve 7","article_publisher":"https:\/\/www.facebook.com\/algarve7","article_author":"https:\/\/www.facebook.com\/algarve7","article_published_time":"2023-07-05T15:30:28+00:00","article_modified_time":"2023-07-05T15:30:29+00:00","og_image":[{"width":1024,"height":563,"url":"https:\/\/algarve7.pt\/wp-content\/uploads\/2023\/07\/Captura-de-ecra-2023-07-05-as-16.28.02.png","type":"image\/png"}],"author":"Algarve 7","twitter_card":"summary_large_image","twitter_creator":"@Algarvesete","twitter_site":"@Algarvesete","twitter_misc":{"Escrito por":"Algarve 7","Tempo estimado de leitura":"2 minutos"},"schema":{"@context":"https:\/\/schema.org","@graph":[{"@type":"Article","@id":"https:\/\/algarve7.pt\/index.php\/2023\/07\/arte-publica-no-calcadao-de-quarteira\/cultura\/16\/30\/#article","isPartOf":{"@id":"https:\/\/algarve7.pt\/index.php\/2023\/07\/arte-publica-no-calcadao-de-quarteira\/cultura\/16\/30\/"},"author":{"name":"Algarve 7","@id":"https:\/\/algarve7.pt\/#\/schema\/person\/23fa70681308e7b319a3204bcea45e0c"},"headline":"Arte p\u00fablica no cal\u00e7ad\u00e3o de Quarteira","datePublished":"2023-07-05T15:30:28+00:00","dateModified":"2023-07-05T15:30:29+00:00","mainEntityOfPage":{"@id":"https:\/\/algarve7.pt\/index.php\/2023\/07\/arte-publica-no-calcadao-de-quarteira\/cultura\/16\/30\/"},"wordCount":369,"publisher":{"@id":"https:\/\/algarve7.pt\/#organization"},"image":{"@id":"https:\/\/algarve7.pt\/index.php\/2023\/07\/arte-publica-no-calcadao-de-quarteira\/cultura\/16\/30\/#primaryimage"},"thumbnailUrl":"https:\/\/algarve7.pt\/wp-content\/uploads\/2023\/07\/Captura-de-ecra-2023-07-05-as-16.28.02.png","keywords":["Algarve","Cultura","Quarteira"],"articleSection":["Cultura"],"inLanguage":"pt-PT"},{"@type":"WebPage","@id":"https:\/\/algarve7.pt\/index.php\/2023\/07\/arte-publica-no-calcadao-de-quarteira\/cultura\/16\/30\/","url":"https:\/\/algarve7.pt\/index.php\/2023\/07\/arte-publica-no-calcadao-de-quarteira\/cultura\/16\/30\/","name":"Arte p\u00fablica no cal\u00e7ad\u00e3o de Quarteira - Algarve 7","isPartOf":{"@id":"https:\/\/algarve7.pt\/#website"},"primaryImageOfPage":{"@id":"https:\/\/algarve7.pt\/index.php\/2023\/07\/arte-publica-no-calcadao-de-quarteira\/cultura\/16\/30\/#primaryimage"},"image":{"@id":"https:\/\/algarve7.pt\/index.php\/2023\/07\/arte-publica-no-calcadao-de-quarteira\/cultura\/16\/30\/#primaryimage"},"thumbnailUrl":"https:\/\/algarve7.pt\/wp-content\/uploads\/2023\/07\/Captura-de-ecra-2023-07-05-as-16.28.02.png","datePublished":"2023-07-05T15:30:28+00:00","dateModified":"2023-07-05T15:30:29+00:00","description":"Arte p\u00fablica no cal\u00e7ad\u00e3o de Quarteira Cultura","breadcrumb":{"@id":"https:\/\/algarve7.pt\/index.php\/2023\/07\/arte-publica-no-calcadao-de-quarteira\/cultura\/16\/30\/#breadcrumb"},"inLanguage":"pt-PT","potentialAction":[{"@type":"ReadAction","target":["https:\/\/algarve7.pt\/index.php\/2023\/07\/arte-publica-no-calcadao-de-quarteira\/cultura\/16\/30\/"]}]},{"@type":"ImageObject","inLanguage":"pt-PT","@id":"https:\/\/algarve7.pt\/index.php\/2023\/07\/arte-publica-no-calcadao-de-quarteira\/cultura\/16\/30\/#primaryimage","url":"https:\/\/algarve7.pt\/wp-content\/uploads\/2023\/07\/Captura-de-ecra-2023-07-05-as-16.28.02.png","contentUrl":"https:\/\/algarve7.pt\/wp-content\/uploads\/2023\/07\/Captura-de-ecra-2023-07-05-as-16.28.02.png","width":1024,"height":563},{"@type":"BreadcrumbList","@id":"https:\/\/algarve7.pt\/index.php\/2023\/07\/arte-publica-no-calcadao-de-quarteira\/cultura\/16\/30\/#breadcrumb","itemListElement":[{"@type":"ListItem","position":1,"name":"In\u00edcio","item":"https:\/\/algarve7.pt\/"},{"@type":"ListItem","position":2,"name":"Arte p\u00fablica no cal\u00e7ad\u00e3o de Quarteira"}]},{"@type":"WebSite","@id":"https:\/\/algarve7.pt\/#website","url":"https:\/\/algarve7.pt\/","name":"Algarve 7","description":"Informa\u00e7\u00e3o sobre o Algarve","publisher":{"@id":"https:\/\/algarve7.pt\/#organization"},"potentialAction":[{"@type":"SearchAction","target":{"@type":"EntryPoint","urlTemplate":"https:\/\/algarve7.pt\/?s={search_term_string}"},"query-input":{"@type":"PropertyValueSpecification","valueRequired":true,"valueName":"search_term_string"}}],"inLanguage":"pt-PT"},{"@type":"Organization","@id":"https:\/\/algarve7.pt\/#organization","name":"Algarve 7","url":"https:\/\/algarve7.pt\/","logo":{"@type":"ImageObject","inLanguage":"pt-PT","@id":"https:\/\/algarve7.pt\/#\/schema\/logo\/image\/","url":"https:\/\/algarve7.pt\/wp-content\/uploads\/2020\/10\/Logo-8.jpg","contentUrl":"https:\/\/algarve7.pt\/wp-content\/uploads\/2020\/10\/Logo-8.jpg","width":1680,"height":1186,"caption":"Algarve 7"},"image":{"@id":"https:\/\/algarve7.pt\/#\/schema\/logo\/image\/"},"sameAs":["https:\/\/www.facebook.com\/algarve7","https:\/\/x.com\/Algarvesete","https:\/\/www.instagram.com\/jornalalgarve7\/","https:\/\/www.linkedin.com\/company\/algarve7","https:\/\/www.pinterest.pt\/geral0939\/_created\/"]},{"@type":"Person","@id":"https:\/\/algarve7.pt\/#\/schema\/person\/23fa70681308e7b319a3204bcea45e0c","name":"Algarve 7","sameAs":["https:\/\/algarve7.pt","https:\/\/www.facebook.com\/algarve7"],"url":"https:\/\/algarve7.pt\/index.php\/author\/geralalgarve7-pt\/"}]}},"jetpack_publicize_connections":[],"jetpack_featured_media_url":"https:\/\/algarve7.pt\/wp-content\/uploads\/2023\/07\/Captura-de-ecra-2023-07-05-as-16.28.02.png","jetpack_shortlink":"https:\/\/wp.me\/pcezmW-7Bb","jetpack_sharing_enabled":true,"_links":{"self":[{"href":"https:\/\/algarve7.pt\/index.php\/wp-json\/wp\/v2\/posts\/29213","targetHints":{"allow":["GET"]}}],"collection":[{"href":"https:\/\/algarve7.pt\/index.php\/wp-json\/wp\/v2\/posts"}],"about":[{"href":"https:\/\/algarve7.pt\/index.php\/wp-json\/wp\/v2\/types\/post"}],"author":[{"embeddable":true,"href":"https:\/\/algarve7.pt\/index.php\/wp-json\/wp\/v2\/users\/1"}],"replies":[{"embeddable":true,"href":"https:\/\/algarve7.pt\/index.php\/wp-json\/wp\/v2\/comments?post=29213"}],"version-history":[{"count":0,"href":"https:\/\/algarve7.pt\/index.php\/wp-json\/wp\/v2\/posts\/29213\/revisions"}],"wp:featuredmedia":[{"embeddable":true,"href":"https:\/\/algarve7.pt\/index.php\/wp-json\/wp\/v2\/media\/29214"}],"wp:attachment":[{"href":"https:\/\/algarve7.pt\/index.php\/wp-json\/wp\/v2\/media?parent=29213"}],"wp:term":[{"taxonomy":"category","embeddable":true,"href":"https:\/\/algarve7.pt\/index.php\/wp-json\/wp\/v2\/categories?post=29213"},{"taxonomy":"post_tag","embeddable":true,"href":"https:\/\/algarve7.pt\/index.php\/wp-json\/wp\/v2\/tags?post=29213"}],"curies":[{"name":"wp","href":"https:\/\/api.w.org\/{rel}","templated":true}]}}