{"id":29198,"date":"2023-07-04T19:01:00","date_gmt":"2023-07-04T18:01:00","guid":{"rendered":"https:\/\/algarve7.pt\/?p=29198"},"modified":"2023-07-04T19:01:04","modified_gmt":"2023-07-04T18:01:04","slug":"castro-marim-ve-concretizado-o-projeto-de-agua-reciclada-que-garante-manutencao-dos-campos-de-golfe","status":"publish","type":"post","link":"https:\/\/algarve7.pt\/index.php\/2023\/07\/castro-marim-ve-concretizado-o-projeto-de-agua-reciclada-que-garante-manutencao-dos-campos-de-golfe\/ambiente\/19\/01\/","title":{"rendered":"Castro Marim v\u00ea concretizado o projeto de \u00e1gua reciclada que garante manuten\u00e7\u00e3o dos campos de golfe"},"content":{"rendered":"\n<p>Foi ontem assinado o primeiro contrato de manuten\u00e7\u00e3o dos campos de golfe atrav\u00e9s de \u00e1gua reciclada, um fornecimento pelo sistema multimunicipal de abastecimento de \u00e1gua em alta da \u00c1guas do Algarve.&nbsp;<\/p>\n\n\n\n<p>Castro Marim v\u00ea assim concretizado o compromisso assumido aquando da aprova\u00e7\u00e3o dos empreendimentos tur\u00edsticos de golfe, cerca de 2005, cuja execu\u00e7\u00e3o presumia, desde logo, que a nova ETAR, \u00e0 data uma obra deste munic\u00edpio e de VRSA, pudesse utilizar as \u00e1guas residuais para rega, particularmente da componente golfe.<\/p>\n\n\n\n<p>Hoje, o sistema de tratamento da ETAR de VRSA recebe efluentes das localidades de VRSA, mas tamb\u00e9m de Altura, Praia Verde, Cabe\u00e7o, S\u00e3o Bartolomeu, Junqueira, Monte Francisco e Casto Marim, conduzidos atrav\u00e9s de um sistema intercetor elevat\u00f3rio composto por 14 elevat\u00f3rias com 33 Km de extens\u00e3o, tendo ficado, desde logo, constru\u00edda a conduta elevat\u00f3ria de encaminhamento da \u00e1gua tratada para os campos de golfe de Castro Marim, atualmente Castro Marim Golfe &amp; Country Club e Quinta do Vale.<\/p>\n\n\n\n<p>Os dois empreendimentos em explora\u00e7\u00e3o, com consumos de \u00e1gua dependentes das barragens e com um volume que pode chegar at\u00e9 1 milh\u00e3o m<sup>3<\/sup>, e o agudizar da situa\u00e7\u00e3o de seca, determinaram a constitui\u00e7\u00e3o de um grupo de trabalho, por impulso da C\u00e2mara Municipal, com as \u00c1guas do Algarve, a Ag\u00eancia Portuguesa do Ambiente (APA) e os promotores dos empreendimentos. Este \u00e9 o primeiro empreendimento garantido, mas com compromissos futuros para o Empreendimento de Almada D\u2019Ouro, Corte Velho, e no sistema litoral, para o empreendimento Verdelago.<\/p>\n\n\n\n<p>Paralelamente a esta conjuga\u00e7\u00e3o de esfor\u00e7os, durante a discuss\u00e3o do emergente Plano de Efici\u00eancia H\u00eddrica do Algarve, esteve-se na emin\u00eancia de cortar no abastecimento aos campos de golfe, por parecer a medida p\u00fablica com maior aceita\u00e7\u00e3o. No entanto, em consci\u00eancia de que os campos de golfe representam apenas 7% do consumo da massa de \u00e1gua global da regi\u00e3o, a agricultura 56% e o consumo p\u00fablico a rondar os 33%, no sotavento, esta medida tornar-se-ia, a fal\u00eancia destes projetos tur\u00edsticos, outrora o que a regi\u00e3o considerara projetos de interesse nacional, hoje j\u00e1 grandes empregadores e com atividades econ\u00f3micas consolidadas.<\/p>\n\n\n\n<p>Para al\u00e9m da rega aos dois empreendimentos, na senda da efici\u00eancia h\u00eddrica, Castro Marim est\u00e1 tamb\u00e9m a trabalhar no sentido de que a \u00e1gua reciclada seja aproveitada para outros fins, como a rega de jardins e a agricultura.<\/p>\n\n\n\n<p>No \u00e2mbito da assinatura do contrato de fornecimento de ApR \u2013 \u00e1gua para Reutiliza\u00e7\u00e3o entre a \u00c1guas do Algarve e o Castro Marim Golfe, que aconteceu ontem, com a presen\u00e7a do Secretario de Estado do Ambiente, Hugo Pires, a vice-presidente do munic\u00edpio de Castro Marim, reiterou a necessidade de avan\u00e7ar com a reten\u00e7\u00e3o de \u00e1gua da Ribeira da Foupana, uma aposta na rede de charcas. \u201cHoje, a ribeira est\u00e1 quase seca e nem as esp\u00e9cies que supostamente acolhe t\u00eam condi\u00e7\u00f5es de sobreviv\u00eancia. \u00c9 uma inevitabilidade olhar para o nordeste algarvio com as suas especificidades, bem distantes da realidade do pa\u00eds\u201d, salientou ainda, acrescentando que a forma de combate \u00e0 desertifica\u00e7\u00e3o passaria por deixarmos de ter o estigma de uma nova barragem ou transvase da ribeira.<\/p>\n","protected":false},"excerpt":{"rendered":"<p>Foi ontem assinado o primeiro contrato de manuten\u00e7\u00e3o dos campos de golfe atrav\u00e9s de \u00e1gua reciclada, um fornecimento pelo sistema<\/p>\n","protected":false},"author":1,"featured_media":29199,"comment_status":"closed","ping_status":"open","sticky":false,"template":"","format":"standard","meta":{"colormag_page_container_layout":"default_layout","colormag_page_sidebar_layout":"default_layout","_monsterinsights_skip_tracking":false,"_monsterinsights_sitenote_active":false,"_monsterinsights_sitenote_note":"","_monsterinsights_sitenote_category":0,"jetpack_post_was_ever_published":false,"_jetpack_newsletter_access":"","_jetpack_dont_email_post_to_subs":false,"_jetpack_newsletter_tier_id":0,"_jetpack_memberships_contains_paywalled_content":false,"_jetpack_memberships_contains_paid_content":false,"footnotes":"","jetpack_publicize_message":"","jetpack_publicize_feature_enabled":true,"jetpack_social_post_already_shared":true,"jetpack_social_options":{"image_generator_settings":{"template":"highway","default_image_id":0,"font":"","enabled":false},"version":2}},"categories":[5],"tags":[36,32,136],"class_list":["post-29198","post","type-post","status-publish","format-standard","has-post-thumbnail","hentry","category-ambiente","tag-algarve","tag-ambiente","tag-castro-marim"],"yoast_head":"<!-- This site is optimized with the Yoast SEO plugin v27.5 - https:\/\/yoast.com\/product\/yoast-seo-wordpress\/ -->\n<title>Castro Marim v\u00ea concretizado o projeto de \u00e1gua reciclada que garante manuten\u00e7\u00e3o dos campos de golfe - Algarve 7<\/title>\n<meta name=\"description\" content=\"Castro Marim v\u00ea concretizado o projeto de \u00e1gua reciclada que garante manuten\u00e7\u00e3o dos campos de golfe Ambiente\" \/>\n<meta name=\"robots\" content=\"index, follow, max-snippet:-1, max-image-preview:large, max-video-preview:-1\" \/>\n<link rel=\"canonical\" href=\"https:\/\/algarve7.pt\/index.php\/2023\/07\/castro-marim-ve-concretizado-o-projeto-de-agua-reciclada-que-garante-manutencao-dos-campos-de-golfe\/ambiente\/19\/01\/\" \/>\n<meta property=\"og:locale\" content=\"pt_PT\" \/>\n<meta property=\"og:type\" content=\"article\" \/>\n<meta property=\"og:title\" content=\"Castro Marim v\u00ea concretizado o projeto de \u00e1gua reciclada que garante manuten\u00e7\u00e3o dos campos de golfe - Algarve 7\" \/>\n<meta property=\"og:description\" content=\"Castro Marim v\u00ea concretizado o projeto de \u00e1gua reciclada que garante manuten\u00e7\u00e3o dos campos de golfe Ambiente\" \/>\n<meta property=\"og:url\" content=\"https:\/\/algarve7.pt\/index.php\/2023\/07\/castro-marim-ve-concretizado-o-projeto-de-agua-reciclada-que-garante-manutencao-dos-campos-de-golfe\/ambiente\/19\/01\/\" \/>\n<meta property=\"og:site_name\" content=\"Algarve 7\" \/>\n<meta property=\"article:publisher\" content=\"https:\/\/www.facebook.com\/algarve7\" \/>\n<meta property=\"article:author\" content=\"https:\/\/www.facebook.com\/algarve7\" \/>\n<meta property=\"article:published_time\" content=\"2023-07-04T18:01:00+00:00\" \/>\n<meta property=\"article:modified_time\" content=\"2023-07-04T18:01:04+00:00\" \/>\n<meta property=\"og:image\" content=\"https:\/\/algarve7.pt\/wp-content\/uploads\/2023\/07\/Agua-e-Vida-no-CM-Golfe-1.jpg\" \/>\n\t<meta property=\"og:image:width\" content=\"1048\" \/>\n\t<meta property=\"og:image:height\" content=\"698\" \/>\n\t<meta property=\"og:image:type\" content=\"image\/jpeg\" \/>\n<meta name=\"author\" content=\"Algarve 7\" \/>\n<meta name=\"twitter:card\" content=\"summary_large_image\" \/>\n<meta name=\"twitter:creator\" content=\"@Algarvesete\" \/>\n<meta name=\"twitter:site\" content=\"@Algarvesete\" \/>\n<meta name=\"twitter:label1\" content=\"Escrito por\" \/>\n\t<meta name=\"twitter:data1\" content=\"Algarve 7\" \/>\n\t<meta name=\"twitter:label2\" content=\"Tempo estimado de leitura\" \/>\n\t<meta name=\"twitter:data2\" content=\"3 minutos\" \/>\n<script type=\"application\/ld+json\" class=\"yoast-schema-graph\">{\"@context\":\"https:\\\/\\\/schema.org\",\"@graph\":[{\"@type\":\"Article\",\"@id\":\"https:\\\/\\\/algarve7.pt\\\/index.php\\\/2023\\\/07\\\/castro-marim-ve-concretizado-o-projeto-de-agua-reciclada-que-garante-manutencao-dos-campos-de-golfe\\\/ambiente\\\/19\\\/01\\\/#article\",\"isPartOf\":{\"@id\":\"https:\\\/\\\/algarve7.pt\\\/index.php\\\/2023\\\/07\\\/castro-marim-ve-concretizado-o-projeto-de-agua-reciclada-que-garante-manutencao-dos-campos-de-golfe\\\/ambiente\\\/19\\\/01\\\/\"},\"author\":{\"name\":\"Algarve 7\",\"@id\":\"https:\\\/\\\/algarve7.pt\\\/#\\\/schema\\\/person\\\/23fa70681308e7b319a3204bcea45e0c\"},\"headline\":\"Castro Marim v\u00ea concretizado o projeto de \u00e1gua reciclada que garante manuten\u00e7\u00e3o dos campos de golfe\",\"datePublished\":\"2023-07-04T18:01:00+00:00\",\"dateModified\":\"2023-07-04T18:01:04+00:00\",\"mainEntityOfPage\":{\"@id\":\"https:\\\/\\\/algarve7.pt\\\/index.php\\\/2023\\\/07\\\/castro-marim-ve-concretizado-o-projeto-de-agua-reciclada-que-garante-manutencao-dos-campos-de-golfe\\\/ambiente\\\/19\\\/01\\\/\"},\"wordCount\":561,\"publisher\":{\"@id\":\"https:\\\/\\\/algarve7.pt\\\/#organization\"},\"image\":{\"@id\":\"https:\\\/\\\/algarve7.pt\\\/index.php\\\/2023\\\/07\\\/castro-marim-ve-concretizado-o-projeto-de-agua-reciclada-que-garante-manutencao-dos-campos-de-golfe\\\/ambiente\\\/19\\\/01\\\/#primaryimage\"},\"thumbnailUrl\":\"https:\\\/\\\/algarve7.pt\\\/wp-content\\\/uploads\\\/2023\\\/07\\\/Agua-e-Vida-no-CM-Golfe-1.jpg\",\"keywords\":[\"Algarve\",\"Ambiente\",\"Castro Marim\"],\"articleSection\":[\"Ambiente\"],\"inLanguage\":\"pt-PT\"},{\"@type\":\"WebPage\",\"@id\":\"https:\\\/\\\/algarve7.pt\\\/index.php\\\/2023\\\/07\\\/castro-marim-ve-concretizado-o-projeto-de-agua-reciclada-que-garante-manutencao-dos-campos-de-golfe\\\/ambiente\\\/19\\\/01\\\/\",\"url\":\"https:\\\/\\\/algarve7.pt\\\/index.php\\\/2023\\\/07\\\/castro-marim-ve-concretizado-o-projeto-de-agua-reciclada-que-garante-manutencao-dos-campos-de-golfe\\\/ambiente\\\/19\\\/01\\\/\",\"name\":\"Castro Marim v\u00ea concretizado o projeto de \u00e1gua reciclada que garante manuten\u00e7\u00e3o dos campos de golfe - Algarve 7\",\"isPartOf\":{\"@id\":\"https:\\\/\\\/algarve7.pt\\\/#website\"},\"primaryImageOfPage\":{\"@id\":\"https:\\\/\\\/algarve7.pt\\\/index.php\\\/2023\\\/07\\\/castro-marim-ve-concretizado-o-projeto-de-agua-reciclada-que-garante-manutencao-dos-campos-de-golfe\\\/ambiente\\\/19\\\/01\\\/#primaryimage\"},\"image\":{\"@id\":\"https:\\\/\\\/algarve7.pt\\\/index.php\\\/2023\\\/07\\\/castro-marim-ve-concretizado-o-projeto-de-agua-reciclada-que-garante-manutencao-dos-campos-de-golfe\\\/ambiente\\\/19\\\/01\\\/#primaryimage\"},\"thumbnailUrl\":\"https:\\\/\\\/algarve7.pt\\\/wp-content\\\/uploads\\\/2023\\\/07\\\/Agua-e-Vida-no-CM-Golfe-1.jpg\",\"datePublished\":\"2023-07-04T18:01:00+00:00\",\"dateModified\":\"2023-07-04T18:01:04+00:00\",\"description\":\"Castro Marim v\u00ea concretizado o projeto de \u00e1gua reciclada que garante manuten\u00e7\u00e3o dos campos de golfe Ambiente\",\"breadcrumb\":{\"@id\":\"https:\\\/\\\/algarve7.pt\\\/index.php\\\/2023\\\/07\\\/castro-marim-ve-concretizado-o-projeto-de-agua-reciclada-que-garante-manutencao-dos-campos-de-golfe\\\/ambiente\\\/19\\\/01\\\/#breadcrumb\"},\"inLanguage\":\"pt-PT\",\"potentialAction\":[{\"@type\":\"ReadAction\",\"target\":[\"https:\\\/\\\/algarve7.pt\\\/index.php\\\/2023\\\/07\\\/castro-marim-ve-concretizado-o-projeto-de-agua-reciclada-que-garante-manutencao-dos-campos-de-golfe\\\/ambiente\\\/19\\\/01\\\/\"]}]},{\"@type\":\"ImageObject\",\"inLanguage\":\"pt-PT\",\"@id\":\"https:\\\/\\\/algarve7.pt\\\/index.php\\\/2023\\\/07\\\/castro-marim-ve-concretizado-o-projeto-de-agua-reciclada-que-garante-manutencao-dos-campos-de-golfe\\\/ambiente\\\/19\\\/01\\\/#primaryimage\",\"url\":\"https:\\\/\\\/algarve7.pt\\\/wp-content\\\/uploads\\\/2023\\\/07\\\/Agua-e-Vida-no-CM-Golfe-1.jpg\",\"contentUrl\":\"https:\\\/\\\/algarve7.pt\\\/wp-content\\\/uploads\\\/2023\\\/07\\\/Agua-e-Vida-no-CM-Golfe-1.jpg\",\"width\":1048,\"height\":698},{\"@type\":\"BreadcrumbList\",\"@id\":\"https:\\\/\\\/algarve7.pt\\\/index.php\\\/2023\\\/07\\\/castro-marim-ve-concretizado-o-projeto-de-agua-reciclada-que-garante-manutencao-dos-campos-de-golfe\\\/ambiente\\\/19\\\/01\\\/#breadcrumb\",\"itemListElement\":[{\"@type\":\"ListItem\",\"position\":1,\"name\":\"In\u00edcio\",\"item\":\"https:\\\/\\\/algarve7.pt\\\/\"},{\"@type\":\"ListItem\",\"position\":2,\"name\":\"Castro Marim v\u00ea concretizado o projeto de \u00e1gua reciclada que garante manuten\u00e7\u00e3o dos campos de golfe\"}]},{\"@type\":\"WebSite\",\"@id\":\"https:\\\/\\\/algarve7.pt\\\/#website\",\"url\":\"https:\\\/\\\/algarve7.pt\\\/\",\"name\":\"Algarve 7\",\"description\":\"Informa\u00e7\u00e3o sobre o Algarve\",\"publisher\":{\"@id\":\"https:\\\/\\\/algarve7.pt\\\/#organization\"},\"potentialAction\":[{\"@type\":\"SearchAction\",\"target\":{\"@type\":\"EntryPoint\",\"urlTemplate\":\"https:\\\/\\\/algarve7.pt\\\/?s={search_term_string}\"},\"query-input\":{\"@type\":\"PropertyValueSpecification\",\"valueRequired\":true,\"valueName\":\"search_term_string\"}}],\"inLanguage\":\"pt-PT\"},{\"@type\":\"Organization\",\"@id\":\"https:\\\/\\\/algarve7.pt\\\/#organization\",\"name\":\"Algarve 7\",\"url\":\"https:\\\/\\\/algarve7.pt\\\/\",\"logo\":{\"@type\":\"ImageObject\",\"inLanguage\":\"pt-PT\",\"@id\":\"https:\\\/\\\/algarve7.pt\\\/#\\\/schema\\\/logo\\\/image\\\/\",\"url\":\"https:\\\/\\\/algarve7.pt\\\/wp-content\\\/uploads\\\/2020\\\/10\\\/Logo-8.jpg\",\"contentUrl\":\"https:\\\/\\\/algarve7.pt\\\/wp-content\\\/uploads\\\/2020\\\/10\\\/Logo-8.jpg\",\"width\":1680,\"height\":1186,\"caption\":\"Algarve 7\"},\"image\":{\"@id\":\"https:\\\/\\\/algarve7.pt\\\/#\\\/schema\\\/logo\\\/image\\\/\"},\"sameAs\":[\"https:\\\/\\\/www.facebook.com\\\/algarve7\",\"https:\\\/\\\/x.com\\\/Algarvesete\",\"https:\\\/\\\/www.instagram.com\\\/jornalalgarve7\\\/\",\"https:\\\/\\\/www.linkedin.com\\\/company\\\/algarve7\",\"https:\\\/\\\/www.pinterest.pt\\\/geral0939\\\/_created\\\/\"]},{\"@type\":\"Person\",\"@id\":\"https:\\\/\\\/algarve7.pt\\\/#\\\/schema\\\/person\\\/23fa70681308e7b319a3204bcea45e0c\",\"name\":\"Algarve 7\",\"sameAs\":[\"https:\\\/\\\/algarve7.pt\",\"https:\\\/\\\/www.facebook.com\\\/algarve7\"],\"url\":\"https:\\\/\\\/algarve7.pt\\\/index.php\\\/author\\\/geralalgarve7-pt\\\/\"}]}<\/script>\n<!-- \/ Yoast SEO plugin. -->","yoast_head_json":{"title":"Castro Marim v\u00ea concretizado o projeto de \u00e1gua reciclada que garante manuten\u00e7\u00e3o dos campos de golfe - Algarve 7","description":"Castro Marim v\u00ea concretizado o projeto de \u00e1gua reciclada que garante manuten\u00e7\u00e3o dos campos de golfe Ambiente","robots":{"index":"index","follow":"follow","max-snippet":"max-snippet:-1","max-image-preview":"max-image-preview:large","max-video-preview":"max-video-preview:-1"},"canonical":"https:\/\/algarve7.pt\/index.php\/2023\/07\/castro-marim-ve-concretizado-o-projeto-de-agua-reciclada-que-garante-manutencao-dos-campos-de-golfe\/ambiente\/19\/01\/","og_locale":"pt_PT","og_type":"article","og_title":"Castro Marim v\u00ea concretizado o projeto de \u00e1gua reciclada que garante manuten\u00e7\u00e3o dos campos de golfe - Algarve 7","og_description":"Castro Marim v\u00ea concretizado o projeto de \u00e1gua reciclada que garante manuten\u00e7\u00e3o dos campos de golfe Ambiente","og_url":"https:\/\/algarve7.pt\/index.php\/2023\/07\/castro-marim-ve-concretizado-o-projeto-de-agua-reciclada-que-garante-manutencao-dos-campos-de-golfe\/ambiente\/19\/01\/","og_site_name":"Algarve 7","article_publisher":"https:\/\/www.facebook.com\/algarve7","article_author":"https:\/\/www.facebook.com\/algarve7","article_published_time":"2023-07-04T18:01:00+00:00","article_modified_time":"2023-07-04T18:01:04+00:00","og_image":[{"width":1048,"height":698,"url":"https:\/\/algarve7.pt\/wp-content\/uploads\/2023\/07\/Agua-e-Vida-no-CM-Golfe-1.jpg","type":"image\/jpeg"}],"author":"Algarve 7","twitter_card":"summary_large_image","twitter_creator":"@Algarvesete","twitter_site":"@Algarvesete","twitter_misc":{"Escrito por":"Algarve 7","Tempo estimado de leitura":"3 minutos"},"schema":{"@context":"https:\/\/schema.org","@graph":[{"@type":"Article","@id":"https:\/\/algarve7.pt\/index.php\/2023\/07\/castro-marim-ve-concretizado-o-projeto-de-agua-reciclada-que-garante-manutencao-dos-campos-de-golfe\/ambiente\/19\/01\/#article","isPartOf":{"@id":"https:\/\/algarve7.pt\/index.php\/2023\/07\/castro-marim-ve-concretizado-o-projeto-de-agua-reciclada-que-garante-manutencao-dos-campos-de-golfe\/ambiente\/19\/01\/"},"author":{"name":"Algarve 7","@id":"https:\/\/algarve7.pt\/#\/schema\/person\/23fa70681308e7b319a3204bcea45e0c"},"headline":"Castro Marim v\u00ea concretizado o projeto de \u00e1gua reciclada que garante manuten\u00e7\u00e3o dos campos de golfe","datePublished":"2023-07-04T18:01:00+00:00","dateModified":"2023-07-04T18:01:04+00:00","mainEntityOfPage":{"@id":"https:\/\/algarve7.pt\/index.php\/2023\/07\/castro-marim-ve-concretizado-o-projeto-de-agua-reciclada-que-garante-manutencao-dos-campos-de-golfe\/ambiente\/19\/01\/"},"wordCount":561,"publisher":{"@id":"https:\/\/algarve7.pt\/#organization"},"image":{"@id":"https:\/\/algarve7.pt\/index.php\/2023\/07\/castro-marim-ve-concretizado-o-projeto-de-agua-reciclada-que-garante-manutencao-dos-campos-de-golfe\/ambiente\/19\/01\/#primaryimage"},"thumbnailUrl":"https:\/\/algarve7.pt\/wp-content\/uploads\/2023\/07\/Agua-e-Vida-no-CM-Golfe-1.jpg","keywords":["Algarve","Ambiente","Castro Marim"],"articleSection":["Ambiente"],"inLanguage":"pt-PT"},{"@type":"WebPage","@id":"https:\/\/algarve7.pt\/index.php\/2023\/07\/castro-marim-ve-concretizado-o-projeto-de-agua-reciclada-que-garante-manutencao-dos-campos-de-golfe\/ambiente\/19\/01\/","url":"https:\/\/algarve7.pt\/index.php\/2023\/07\/castro-marim-ve-concretizado-o-projeto-de-agua-reciclada-que-garante-manutencao-dos-campos-de-golfe\/ambiente\/19\/01\/","name":"Castro Marim v\u00ea concretizado o projeto de \u00e1gua reciclada que garante manuten\u00e7\u00e3o dos campos de golfe - Algarve 7","isPartOf":{"@id":"https:\/\/algarve7.pt\/#website"},"primaryImageOfPage":{"@id":"https:\/\/algarve7.pt\/index.php\/2023\/07\/castro-marim-ve-concretizado-o-projeto-de-agua-reciclada-que-garante-manutencao-dos-campos-de-golfe\/ambiente\/19\/01\/#primaryimage"},"image":{"@id":"https:\/\/algarve7.pt\/index.php\/2023\/07\/castro-marim-ve-concretizado-o-projeto-de-agua-reciclada-que-garante-manutencao-dos-campos-de-golfe\/ambiente\/19\/01\/#primaryimage"},"thumbnailUrl":"https:\/\/algarve7.pt\/wp-content\/uploads\/2023\/07\/Agua-e-Vida-no-CM-Golfe-1.jpg","datePublished":"2023-07-04T18:01:00+00:00","dateModified":"2023-07-04T18:01:04+00:00","description":"Castro Marim v\u00ea concretizado o projeto de \u00e1gua reciclada que garante manuten\u00e7\u00e3o dos campos de golfe Ambiente","breadcrumb":{"@id":"https:\/\/algarve7.pt\/index.php\/2023\/07\/castro-marim-ve-concretizado-o-projeto-de-agua-reciclada-que-garante-manutencao-dos-campos-de-golfe\/ambiente\/19\/01\/#breadcrumb"},"inLanguage":"pt-PT","potentialAction":[{"@type":"ReadAction","target":["https:\/\/algarve7.pt\/index.php\/2023\/07\/castro-marim-ve-concretizado-o-projeto-de-agua-reciclada-que-garante-manutencao-dos-campos-de-golfe\/ambiente\/19\/01\/"]}]},{"@type":"ImageObject","inLanguage":"pt-PT","@id":"https:\/\/algarve7.pt\/index.php\/2023\/07\/castro-marim-ve-concretizado-o-projeto-de-agua-reciclada-que-garante-manutencao-dos-campos-de-golfe\/ambiente\/19\/01\/#primaryimage","url":"https:\/\/algarve7.pt\/wp-content\/uploads\/2023\/07\/Agua-e-Vida-no-CM-Golfe-1.jpg","contentUrl":"https:\/\/algarve7.pt\/wp-content\/uploads\/2023\/07\/Agua-e-Vida-no-CM-Golfe-1.jpg","width":1048,"height":698},{"@type":"BreadcrumbList","@id":"https:\/\/algarve7.pt\/index.php\/2023\/07\/castro-marim-ve-concretizado-o-projeto-de-agua-reciclada-que-garante-manutencao-dos-campos-de-golfe\/ambiente\/19\/01\/#breadcrumb","itemListElement":[{"@type":"ListItem","position":1,"name":"In\u00edcio","item":"https:\/\/algarve7.pt\/"},{"@type":"ListItem","position":2,"name":"Castro Marim v\u00ea concretizado o projeto de \u00e1gua reciclada que garante manuten\u00e7\u00e3o dos campos de golfe"}]},{"@type":"WebSite","@id":"https:\/\/algarve7.pt\/#website","url":"https:\/\/algarve7.pt\/","name":"Algarve 7","description":"Informa\u00e7\u00e3o sobre o Algarve","publisher":{"@id":"https:\/\/algarve7.pt\/#organization"},"potentialAction":[{"@type":"SearchAction","target":{"@type":"EntryPoint","urlTemplate":"https:\/\/algarve7.pt\/?s={search_term_string}"},"query-input":{"@type":"PropertyValueSpecification","valueRequired":true,"valueName":"search_term_string"}}],"inLanguage":"pt-PT"},{"@type":"Organization","@id":"https:\/\/algarve7.pt\/#organization","name":"Algarve 7","url":"https:\/\/algarve7.pt\/","logo":{"@type":"ImageObject","inLanguage":"pt-PT","@id":"https:\/\/algarve7.pt\/#\/schema\/logo\/image\/","url":"https:\/\/algarve7.pt\/wp-content\/uploads\/2020\/10\/Logo-8.jpg","contentUrl":"https:\/\/algarve7.pt\/wp-content\/uploads\/2020\/10\/Logo-8.jpg","width":1680,"height":1186,"caption":"Algarve 7"},"image":{"@id":"https:\/\/algarve7.pt\/#\/schema\/logo\/image\/"},"sameAs":["https:\/\/www.facebook.com\/algarve7","https:\/\/x.com\/Algarvesete","https:\/\/www.instagram.com\/jornalalgarve7\/","https:\/\/www.linkedin.com\/company\/algarve7","https:\/\/www.pinterest.pt\/geral0939\/_created\/"]},{"@type":"Person","@id":"https:\/\/algarve7.pt\/#\/schema\/person\/23fa70681308e7b319a3204bcea45e0c","name":"Algarve 7","sameAs":["https:\/\/algarve7.pt","https:\/\/www.facebook.com\/algarve7"],"url":"https:\/\/algarve7.pt\/index.php\/author\/geralalgarve7-pt\/"}]}},"jetpack_publicize_connections":[],"jetpack_featured_media_url":"https:\/\/algarve7.pt\/wp-content\/uploads\/2023\/07\/Agua-e-Vida-no-CM-Golfe-1.jpg","jetpack_shortlink":"https:\/\/wp.me\/pcezmW-7AW","jetpack_sharing_enabled":true,"_links":{"self":[{"href":"https:\/\/algarve7.pt\/index.php\/wp-json\/wp\/v2\/posts\/29198","targetHints":{"allow":["GET"]}}],"collection":[{"href":"https:\/\/algarve7.pt\/index.php\/wp-json\/wp\/v2\/posts"}],"about":[{"href":"https:\/\/algarve7.pt\/index.php\/wp-json\/wp\/v2\/types\/post"}],"author":[{"embeddable":true,"href":"https:\/\/algarve7.pt\/index.php\/wp-json\/wp\/v2\/users\/1"}],"replies":[{"embeddable":true,"href":"https:\/\/algarve7.pt\/index.php\/wp-json\/wp\/v2\/comments?post=29198"}],"version-history":[{"count":0,"href":"https:\/\/algarve7.pt\/index.php\/wp-json\/wp\/v2\/posts\/29198\/revisions"}],"wp:featuredmedia":[{"embeddable":true,"href":"https:\/\/algarve7.pt\/index.php\/wp-json\/wp\/v2\/media\/29199"}],"wp:attachment":[{"href":"https:\/\/algarve7.pt\/index.php\/wp-json\/wp\/v2\/media?parent=29198"}],"wp:term":[{"taxonomy":"category","embeddable":true,"href":"https:\/\/algarve7.pt\/index.php\/wp-json\/wp\/v2\/categories?post=29198"},{"taxonomy":"post_tag","embeddable":true,"href":"https:\/\/algarve7.pt\/index.php\/wp-json\/wp\/v2\/tags?post=29198"}],"curies":[{"name":"wp","href":"https:\/\/api.w.org\/{rel}","templated":true}]}}