{"id":2919,"date":"2020-10-25T09:30:11","date_gmt":"2020-10-25T09:30:11","guid":{"rendered":"https:\/\/algarve7.pt\/?p=2919"},"modified":"2020-10-25T08:16:02","modified_gmt":"2020-10-25T08:16:02","slug":"dia-de-finados-regras-de-acesso-ao-cemiterio-de-loule","status":"publish","type":"post","link":"https:\/\/algarve7.pt\/index.php\/2020\/10\/dia-de-finados-regras-de-acesso-ao-cemiterio-de-loule\/atualidade\/09\/30\/","title":{"rendered":"Dia de finados: regras de acesso ao cemit\u00e9rio de Loul\u00e9"},"content":{"rendered":"\n<p><strong>Dura\u00e7\u00e3o da actividade<\/strong> de 31\/10\/2020 a 02\/11\/2020, das 8h00 \u00e0s 17h00<\/p>\n\n\n\n<p>Considerando o atual estado da pandemia, pretende-se estabelecer procedimentos que promovam a preven\u00e7\u00e3o do cont\u00e1gio por SARS-Cov-2 (COVID-19) para al\u00e9m daqueles que j\u00e1 se encontram definidos no Plano de Conting\u00eancia da C\u00e2mara Municipal de Loul\u00e9, com o objectivo de permitir que os mun\u00edcipes acedam em seguran\u00e7a ao Cemit\u00e9rio Municipal de Loul\u00e9 para prestar as suas honras aos seus entes queridos falecidos.<\/p>\n\n\n\n<p>Contudo, n\u00e3o se realizar\u00e3o as habituais cerim\u00f3nias religiosas previstas para estes dias no Cemit\u00e9rio Municipal de Loul\u00e9, com o intu\u00eddo de se dar cumprimento ao estipulado no n.o1 do Artigo 13o da Resolu\u00e7\u00e3o de Conselho de Ministros n.o88-A\/2020, de 14 de outubro.<\/p>\n\n\n\n<p>Assim, considerando o atual estado da pandemia, v\u00e3o ser impostas medidas suplementares de prote\u00e7\u00e3o, como a obrigatoriedade do uso de m\u00e1scaras, o condicionamento do n\u00famero de visitantes, estabelecendo-se um limite m\u00e1ximo de perman\u00eancia de pessoas em fun\u00e7\u00e3o da dimens\u00e3o do espa\u00e7o de cada cemit\u00e9rio.<\/p>\n\n\n\n<p><strong>Lota\u00e7\u00e3o m\u00e1xima<\/strong><\/p>\n\n\n\n<p>\u00c9 definida de forma dar cumprimento \u00e0 al\u00ednea a) do n.o1 do Artigo 7o da Resolu\u00e7\u00e3o de Conselho de Ministros n.o88-A\/2020, de 14 de outubro (regras de ocupa\u00e7\u00e3o, perman\u00eancia e distanciamento f\u00edsico) e de modo a garantir o distanciamento f\u00edsico entre os participantes, reduzindo a mesma para 0,05 pessoas por metro quadrado de \u00e1rea de circula\u00e7\u00e3o (n\u00e3o se inclu\u00ed os funcion\u00e1rios e prestadores de servi\u00e7os que se encontram a exercer fun\u00e7\u00f5es no espa\u00e7o), pelo que a ocupa\u00e7\u00e3o m\u00e1xima do Cemit\u00e9rio de Loul\u00e9 \u00e9 de 400 pessoas.De acordo com a al\u00ednea b) do n.o2 da Resolu\u00e7\u00e3o de Conselho de Ministros n.o88-A\/2020, de 14 de outubro fica limitada a circula\u00e7\u00e3o e perman\u00eancia de grupos superiores a 5 pessoas, salvo se pertencerem ao mesmo agregado familiar.<\/p>\n\n\n\n<p><strong>Medidas de Gerais<\/strong><\/p>\n\n\n\n<ul class=\"wp-block-list\"><li>\uf0b7 \u00a0\u00c9 obrigat\u00f3rio aos participantes a utiliza\u00e7\u00e3o de m\u00e1scara ou viseira a pessoas com idade superior a 10 anos;<\/li><li>\uf0b7 \u00a0Disponibiliza\u00e7\u00e3o de solu\u00e7\u00e3o desinfectante das m\u00e3os nas entradas e sa\u00eddas do cemit\u00e9rio;<\/li><li>\uf0b7 \u00a0As entradas e sa\u00eddas t\u00eam circuitos pr\u00f3prios e separados, devidamente sinalizados, evitando o contacto entre pessoas. A sa\u00edda dos participantes deve ser realizada, de prefer\u00eancia, por local diferente da entrada. O controlo das entradas e sa\u00eddas bem como a lota\u00e7\u00e3o do recinto ser\u00e1 efetuado por elementos dos Servi\u00e7os de Prote\u00e7\u00e3o Civil da C\u00e2mara Municipal de Loul\u00e9;<\/li><li>\uf0b7 \u00a0De forma a identificar precocemente sintomas de COVID-19, recomenda-se que, o(a) participante, antes de aceder ao local, efetue a automonitoriza\u00e7\u00e3o dos sintomas comuns de COVID-19, verificando se tem:\uf0a7\u00a0aumento da temperatura corporal (febre \u2265 38oC);<br>\uf0a7\u00a0tosse;<br>\uf0a7\u00a0dificuldade respirat\u00f3ria (ex: falta de ar);<br>\uf0a7\u00a0e\/ou outros sintomas como: a dor de garganta, o corrimento nasal, as dores decabe\u00e7a e\/ou musculares e o cansa\u00e7o;<\/li><li>\uf0b7 \u00a0O\/A mun\u00edcipe com sinais ou sintomas sugestivos de COVID-19 indicados no ponto anterior, n\u00e3o dever\u00e1 apresentar-se no local, e imediatamente contactar a Linha SNS24 (808 242424), procedendo de acordo com as indica\u00e7\u00f5es fornecidas, pelos profissionais de sa\u00fade;<\/li><li>\uf0b7 \u00a0Os espa\u00e7os, equipamentos, objectos e superf\u00edcies devem ser limpos e desinfectados de acordo com a Orienta\u00e7\u00e3o n.o 14\/2020 de 21\/03\/2020 \u2013 \u201cLimpeza e desinfec\u00e7\u00e3o de superf\u00edcies em estabelecimentos de atendimento ao p\u00fablico ou similares\u201d, emitida pela DGS.;<\/li><li>\uf0b7 \u00a0O cumprimento do estipulado no plano de conting\u00eancia, nomeadamente o uso de m\u00e1scara ou viseira e ajuntamentos nos setores definidos para o efeito (figura 1) ser\u00e1 assegurado por elementos dos Servi\u00e7os de Prote\u00e7\u00e3o Civil da C\u00e2mara Municipal de Loul\u00e9.<\/li><\/ul>\n","protected":false},"excerpt":{"rendered":"<p>Dura\u00e7\u00e3o da actividade de 31\/10\/2020 a 02\/11\/2020, das 8h00 \u00e0s 17h00 Considerando o atual estado da pandemia, pretende-se estabelecer procedimentos<\/p>\n","protected":false},"author":1,"featured_media":2798,"comment_status":"closed","ping_status":"open","sticky":false,"template":"","format":"standard","meta":{"colormag_page_container_layout":"default_layout","colormag_page_sidebar_layout":"default_layout","_monsterinsights_skip_tracking":false,"_monsterinsights_sitenote_active":false,"_monsterinsights_sitenote_note":"","_monsterinsights_sitenote_category":0,"jetpack_post_was_ever_published":false,"_jetpack_newsletter_access":"","_jetpack_dont_email_post_to_subs":false,"_jetpack_newsletter_tier_id":0,"_jetpack_memberships_contains_paywalled_content":false,"_jetpack_memberships_contains_paid_content":false,"footnotes":"","jetpack_publicize_message":"","jetpack_publicize_feature_enabled":true,"jetpack_social_post_already_shared":true,"jetpack_social_options":{"image_generator_settings":{"template":"highway","default_image_id":0,"font":"","enabled":false},"version":2}},"categories":[11],"tags":[62,31],"class_list":["post-2919","post","type-post","status-publish","format-standard","has-post-thumbnail","hentry","category-atualidade","tag-atualidade","tag-loule"],"yoast_head":"<!-- This site is optimized with the Yoast SEO plugin v27.5 - https:\/\/yoast.com\/product\/yoast-seo-wordpress\/ -->\n<title>Dia de finados: regras de acesso ao cemit\u00e9rio de Loul\u00e9 - Algarve 7<\/title>\n<meta name=\"description\" content=\"Dia de finados: regras de acesso ao cemit\u00e9rio de Loul\u00e9\" \/>\n<meta name=\"robots\" content=\"index, follow, max-snippet:-1, max-image-preview:large, max-video-preview:-1\" \/>\n<link rel=\"canonical\" href=\"https:\/\/algarve7.pt\/index.php\/2020\/10\/dia-de-finados-regras-de-acesso-ao-cemiterio-de-loule\/atualidade\/09\/30\/\" \/>\n<meta property=\"og:locale\" content=\"pt_PT\" \/>\n<meta property=\"og:type\" content=\"article\" \/>\n<meta property=\"og:title\" content=\"Dia de finados: regras de acesso ao cemit\u00e9rio de Loul\u00e9 - Algarve 7\" \/>\n<meta property=\"og:description\" content=\"Dia de finados: regras de acesso ao cemit\u00e9rio de Loul\u00e9\" \/>\n<meta property=\"og:url\" content=\"https:\/\/algarve7.pt\/index.php\/2020\/10\/dia-de-finados-regras-de-acesso-ao-cemiterio-de-loule\/atualidade\/09\/30\/\" \/>\n<meta property=\"og:site_name\" content=\"Algarve 7\" \/>\n<meta property=\"article:publisher\" content=\"https:\/\/www.facebook.com\/algarve7\" \/>\n<meta property=\"article:author\" content=\"https:\/\/www.facebook.com\/algarve7\" \/>\n<meta property=\"article:published_time\" content=\"2020-10-25T09:30:11+00:00\" \/>\n<meta property=\"og:image\" content=\"https:\/\/algarve7.pt\/wp-content\/uploads\/2020\/10\/Fachada-da-Camara-Municipal-d-e-Loule-C.M.Loule-Mira.jpg\" \/>\n\t<meta property=\"og:image:width\" content=\"2100\" \/>\n\t<meta property=\"og:image:height\" content=\"1385\" \/>\n\t<meta property=\"og:image:type\" content=\"image\/jpeg\" \/>\n<meta name=\"author\" content=\"Algarve 7\" \/>\n<meta name=\"twitter:card\" content=\"summary_large_image\" \/>\n<meta name=\"twitter:creator\" content=\"@Algarvesete\" \/>\n<meta name=\"twitter:site\" content=\"@Algarvesete\" \/>\n<meta name=\"twitter:label1\" content=\"Escrito por\" \/>\n\t<meta name=\"twitter:data1\" content=\"Algarve 7\" \/>\n\t<meta name=\"twitter:label2\" content=\"Tempo estimado de leitura\" \/>\n\t<meta name=\"twitter:data2\" content=\"3 minutos\" \/>\n<script type=\"application\/ld+json\" class=\"yoast-schema-graph\">{\"@context\":\"https:\\\/\\\/schema.org\",\"@graph\":[{\"@type\":\"Article\",\"@id\":\"https:\\\/\\\/algarve7.pt\\\/index.php\\\/2020\\\/10\\\/dia-de-finados-regras-de-acesso-ao-cemiterio-de-loule\\\/atualidade\\\/09\\\/30\\\/#article\",\"isPartOf\":{\"@id\":\"https:\\\/\\\/algarve7.pt\\\/index.php\\\/2020\\\/10\\\/dia-de-finados-regras-de-acesso-ao-cemiterio-de-loule\\\/atualidade\\\/09\\\/30\\\/\"},\"author\":{\"name\":\"Algarve 7\",\"@id\":\"https:\\\/\\\/algarve7.pt\\\/#\\\/schema\\\/person\\\/23fa70681308e7b319a3204bcea45e0c\"},\"headline\":\"Dia de finados: regras de acesso ao cemit\u00e9rio de Loul\u00e9\",\"datePublished\":\"2020-10-25T09:30:11+00:00\",\"mainEntityOfPage\":{\"@id\":\"https:\\\/\\\/algarve7.pt\\\/index.php\\\/2020\\\/10\\\/dia-de-finados-regras-de-acesso-ao-cemiterio-de-loule\\\/atualidade\\\/09\\\/30\\\/\"},\"wordCount\":635,\"publisher\":{\"@id\":\"https:\\\/\\\/algarve7.pt\\\/#organization\"},\"image\":{\"@id\":\"https:\\\/\\\/algarve7.pt\\\/index.php\\\/2020\\\/10\\\/dia-de-finados-regras-de-acesso-ao-cemiterio-de-loule\\\/atualidade\\\/09\\\/30\\\/#primaryimage\"},\"thumbnailUrl\":\"https:\\\/\\\/algarve7.pt\\\/wp-content\\\/uploads\\\/2020\\\/10\\\/Fachada-da-Camara-Municipal-d-e-Loule-C.M.Loule-Mira.jpg\",\"keywords\":[\"Atualidade\",\"Loul\u00e9\"],\"articleSection\":[\"Atualidade\"],\"inLanguage\":\"pt-PT\"},{\"@type\":\"WebPage\",\"@id\":\"https:\\\/\\\/algarve7.pt\\\/index.php\\\/2020\\\/10\\\/dia-de-finados-regras-de-acesso-ao-cemiterio-de-loule\\\/atualidade\\\/09\\\/30\\\/\",\"url\":\"https:\\\/\\\/algarve7.pt\\\/index.php\\\/2020\\\/10\\\/dia-de-finados-regras-de-acesso-ao-cemiterio-de-loule\\\/atualidade\\\/09\\\/30\\\/\",\"name\":\"Dia de finados: regras de acesso ao cemit\u00e9rio de Loul\u00e9 - Algarve 7\",\"isPartOf\":{\"@id\":\"https:\\\/\\\/algarve7.pt\\\/#website\"},\"primaryImageOfPage\":{\"@id\":\"https:\\\/\\\/algarve7.pt\\\/index.php\\\/2020\\\/10\\\/dia-de-finados-regras-de-acesso-ao-cemiterio-de-loule\\\/atualidade\\\/09\\\/30\\\/#primaryimage\"},\"image\":{\"@id\":\"https:\\\/\\\/algarve7.pt\\\/index.php\\\/2020\\\/10\\\/dia-de-finados-regras-de-acesso-ao-cemiterio-de-loule\\\/atualidade\\\/09\\\/30\\\/#primaryimage\"},\"thumbnailUrl\":\"https:\\\/\\\/algarve7.pt\\\/wp-content\\\/uploads\\\/2020\\\/10\\\/Fachada-da-Camara-Municipal-d-e-Loule-C.M.Loule-Mira.jpg\",\"datePublished\":\"2020-10-25T09:30:11+00:00\",\"description\":\"Dia de finados: regras de acesso ao cemit\u00e9rio de Loul\u00e9\",\"breadcrumb\":{\"@id\":\"https:\\\/\\\/algarve7.pt\\\/index.php\\\/2020\\\/10\\\/dia-de-finados-regras-de-acesso-ao-cemiterio-de-loule\\\/atualidade\\\/09\\\/30\\\/#breadcrumb\"},\"inLanguage\":\"pt-PT\",\"potentialAction\":[{\"@type\":\"ReadAction\",\"target\":[\"https:\\\/\\\/algarve7.pt\\\/index.php\\\/2020\\\/10\\\/dia-de-finados-regras-de-acesso-ao-cemiterio-de-loule\\\/atualidade\\\/09\\\/30\\\/\"]}]},{\"@type\":\"ImageObject\",\"inLanguage\":\"pt-PT\",\"@id\":\"https:\\\/\\\/algarve7.pt\\\/index.php\\\/2020\\\/10\\\/dia-de-finados-regras-de-acesso-ao-cemiterio-de-loule\\\/atualidade\\\/09\\\/30\\\/#primaryimage\",\"url\":\"https:\\\/\\\/algarve7.pt\\\/wp-content\\\/uploads\\\/2020\\\/10\\\/Fachada-da-Camara-Municipal-d-e-Loule-C.M.Loule-Mira.jpg\",\"contentUrl\":\"https:\\\/\\\/algarve7.pt\\\/wp-content\\\/uploads\\\/2020\\\/10\\\/Fachada-da-Camara-Municipal-d-e-Loule-C.M.Loule-Mira.jpg\",\"width\":2100,\"height\":1385},{\"@type\":\"BreadcrumbList\",\"@id\":\"https:\\\/\\\/algarve7.pt\\\/index.php\\\/2020\\\/10\\\/dia-de-finados-regras-de-acesso-ao-cemiterio-de-loule\\\/atualidade\\\/09\\\/30\\\/#breadcrumb\",\"itemListElement\":[{\"@type\":\"ListItem\",\"position\":1,\"name\":\"In\u00edcio\",\"item\":\"https:\\\/\\\/algarve7.pt\\\/\"},{\"@type\":\"ListItem\",\"position\":2,\"name\":\"Dia de finados: regras de acesso ao cemit\u00e9rio de Loul\u00e9\"}]},{\"@type\":\"WebSite\",\"@id\":\"https:\\\/\\\/algarve7.pt\\\/#website\",\"url\":\"https:\\\/\\\/algarve7.pt\\\/\",\"name\":\"Algarve 7\",\"description\":\"Informa\u00e7\u00e3o sobre o Algarve\",\"publisher\":{\"@id\":\"https:\\\/\\\/algarve7.pt\\\/#organization\"},\"potentialAction\":[{\"@type\":\"SearchAction\",\"target\":{\"@type\":\"EntryPoint\",\"urlTemplate\":\"https:\\\/\\\/algarve7.pt\\\/?s={search_term_string}\"},\"query-input\":{\"@type\":\"PropertyValueSpecification\",\"valueRequired\":true,\"valueName\":\"search_term_string\"}}],\"inLanguage\":\"pt-PT\"},{\"@type\":\"Organization\",\"@id\":\"https:\\\/\\\/algarve7.pt\\\/#organization\",\"name\":\"Algarve 7\",\"url\":\"https:\\\/\\\/algarve7.pt\\\/\",\"logo\":{\"@type\":\"ImageObject\",\"inLanguage\":\"pt-PT\",\"@id\":\"https:\\\/\\\/algarve7.pt\\\/#\\\/schema\\\/logo\\\/image\\\/\",\"url\":\"https:\\\/\\\/algarve7.pt\\\/wp-content\\\/uploads\\\/2020\\\/10\\\/Logo-8.jpg\",\"contentUrl\":\"https:\\\/\\\/algarve7.pt\\\/wp-content\\\/uploads\\\/2020\\\/10\\\/Logo-8.jpg\",\"width\":1680,\"height\":1186,\"caption\":\"Algarve 7\"},\"image\":{\"@id\":\"https:\\\/\\\/algarve7.pt\\\/#\\\/schema\\\/logo\\\/image\\\/\"},\"sameAs\":[\"https:\\\/\\\/www.facebook.com\\\/algarve7\",\"https:\\\/\\\/x.com\\\/Algarvesete\",\"https:\\\/\\\/www.instagram.com\\\/jornalalgarve7\\\/\",\"https:\\\/\\\/www.linkedin.com\\\/company\\\/algarve7\",\"https:\\\/\\\/www.pinterest.pt\\\/geral0939\\\/_created\\\/\"]},{\"@type\":\"Person\",\"@id\":\"https:\\\/\\\/algarve7.pt\\\/#\\\/schema\\\/person\\\/23fa70681308e7b319a3204bcea45e0c\",\"name\":\"Algarve 7\",\"sameAs\":[\"https:\\\/\\\/algarve7.pt\",\"https:\\\/\\\/www.facebook.com\\\/algarve7\"],\"url\":\"https:\\\/\\\/algarve7.pt\\\/index.php\\\/author\\\/geralalgarve7-pt\\\/\"}]}<\/script>\n<!-- \/ Yoast SEO plugin. -->","yoast_head_json":{"title":"Dia de finados: regras de acesso ao cemit\u00e9rio de Loul\u00e9 - Algarve 7","description":"Dia de finados: regras de acesso ao cemit\u00e9rio de Loul\u00e9","robots":{"index":"index","follow":"follow","max-snippet":"max-snippet:-1","max-image-preview":"max-image-preview:large","max-video-preview":"max-video-preview:-1"},"canonical":"https:\/\/algarve7.pt\/index.php\/2020\/10\/dia-de-finados-regras-de-acesso-ao-cemiterio-de-loule\/atualidade\/09\/30\/","og_locale":"pt_PT","og_type":"article","og_title":"Dia de finados: regras de acesso ao cemit\u00e9rio de Loul\u00e9 - Algarve 7","og_description":"Dia de finados: regras de acesso ao cemit\u00e9rio de Loul\u00e9","og_url":"https:\/\/algarve7.pt\/index.php\/2020\/10\/dia-de-finados-regras-de-acesso-ao-cemiterio-de-loule\/atualidade\/09\/30\/","og_site_name":"Algarve 7","article_publisher":"https:\/\/www.facebook.com\/algarve7","article_author":"https:\/\/www.facebook.com\/algarve7","article_published_time":"2020-10-25T09:30:11+00:00","og_image":[{"width":2100,"height":1385,"url":"https:\/\/algarve7.pt\/wp-content\/uploads\/2020\/10\/Fachada-da-Camara-Municipal-d-e-Loule-C.M.Loule-Mira.jpg","type":"image\/jpeg"}],"author":"Algarve 7","twitter_card":"summary_large_image","twitter_creator":"@Algarvesete","twitter_site":"@Algarvesete","twitter_misc":{"Escrito por":"Algarve 7","Tempo estimado de leitura":"3 minutos"},"schema":{"@context":"https:\/\/schema.org","@graph":[{"@type":"Article","@id":"https:\/\/algarve7.pt\/index.php\/2020\/10\/dia-de-finados-regras-de-acesso-ao-cemiterio-de-loule\/atualidade\/09\/30\/#article","isPartOf":{"@id":"https:\/\/algarve7.pt\/index.php\/2020\/10\/dia-de-finados-regras-de-acesso-ao-cemiterio-de-loule\/atualidade\/09\/30\/"},"author":{"name":"Algarve 7","@id":"https:\/\/algarve7.pt\/#\/schema\/person\/23fa70681308e7b319a3204bcea45e0c"},"headline":"Dia de finados: regras de acesso ao cemit\u00e9rio de Loul\u00e9","datePublished":"2020-10-25T09:30:11+00:00","mainEntityOfPage":{"@id":"https:\/\/algarve7.pt\/index.php\/2020\/10\/dia-de-finados-regras-de-acesso-ao-cemiterio-de-loule\/atualidade\/09\/30\/"},"wordCount":635,"publisher":{"@id":"https:\/\/algarve7.pt\/#organization"},"image":{"@id":"https:\/\/algarve7.pt\/index.php\/2020\/10\/dia-de-finados-regras-de-acesso-ao-cemiterio-de-loule\/atualidade\/09\/30\/#primaryimage"},"thumbnailUrl":"https:\/\/algarve7.pt\/wp-content\/uploads\/2020\/10\/Fachada-da-Camara-Municipal-d-e-Loule-C.M.Loule-Mira.jpg","keywords":["Atualidade","Loul\u00e9"],"articleSection":["Atualidade"],"inLanguage":"pt-PT"},{"@type":"WebPage","@id":"https:\/\/algarve7.pt\/index.php\/2020\/10\/dia-de-finados-regras-de-acesso-ao-cemiterio-de-loule\/atualidade\/09\/30\/","url":"https:\/\/algarve7.pt\/index.php\/2020\/10\/dia-de-finados-regras-de-acesso-ao-cemiterio-de-loule\/atualidade\/09\/30\/","name":"Dia de finados: regras de acesso ao cemit\u00e9rio de Loul\u00e9 - Algarve 7","isPartOf":{"@id":"https:\/\/algarve7.pt\/#website"},"primaryImageOfPage":{"@id":"https:\/\/algarve7.pt\/index.php\/2020\/10\/dia-de-finados-regras-de-acesso-ao-cemiterio-de-loule\/atualidade\/09\/30\/#primaryimage"},"image":{"@id":"https:\/\/algarve7.pt\/index.php\/2020\/10\/dia-de-finados-regras-de-acesso-ao-cemiterio-de-loule\/atualidade\/09\/30\/#primaryimage"},"thumbnailUrl":"https:\/\/algarve7.pt\/wp-content\/uploads\/2020\/10\/Fachada-da-Camara-Municipal-d-e-Loule-C.M.Loule-Mira.jpg","datePublished":"2020-10-25T09:30:11+00:00","description":"Dia de finados: regras de acesso ao cemit\u00e9rio de Loul\u00e9","breadcrumb":{"@id":"https:\/\/algarve7.pt\/index.php\/2020\/10\/dia-de-finados-regras-de-acesso-ao-cemiterio-de-loule\/atualidade\/09\/30\/#breadcrumb"},"inLanguage":"pt-PT","potentialAction":[{"@type":"ReadAction","target":["https:\/\/algarve7.pt\/index.php\/2020\/10\/dia-de-finados-regras-de-acesso-ao-cemiterio-de-loule\/atualidade\/09\/30\/"]}]},{"@type":"ImageObject","inLanguage":"pt-PT","@id":"https:\/\/algarve7.pt\/index.php\/2020\/10\/dia-de-finados-regras-de-acesso-ao-cemiterio-de-loule\/atualidade\/09\/30\/#primaryimage","url":"https:\/\/algarve7.pt\/wp-content\/uploads\/2020\/10\/Fachada-da-Camara-Municipal-d-e-Loule-C.M.Loule-Mira.jpg","contentUrl":"https:\/\/algarve7.pt\/wp-content\/uploads\/2020\/10\/Fachada-da-Camara-Municipal-d-e-Loule-C.M.Loule-Mira.jpg","width":2100,"height":1385},{"@type":"BreadcrumbList","@id":"https:\/\/algarve7.pt\/index.php\/2020\/10\/dia-de-finados-regras-de-acesso-ao-cemiterio-de-loule\/atualidade\/09\/30\/#breadcrumb","itemListElement":[{"@type":"ListItem","position":1,"name":"In\u00edcio","item":"https:\/\/algarve7.pt\/"},{"@type":"ListItem","position":2,"name":"Dia de finados: regras de acesso ao cemit\u00e9rio de Loul\u00e9"}]},{"@type":"WebSite","@id":"https:\/\/algarve7.pt\/#website","url":"https:\/\/algarve7.pt\/","name":"Algarve 7","description":"Informa\u00e7\u00e3o sobre o Algarve","publisher":{"@id":"https:\/\/algarve7.pt\/#organization"},"potentialAction":[{"@type":"SearchAction","target":{"@type":"EntryPoint","urlTemplate":"https:\/\/algarve7.pt\/?s={search_term_string}"},"query-input":{"@type":"PropertyValueSpecification","valueRequired":true,"valueName":"search_term_string"}}],"inLanguage":"pt-PT"},{"@type":"Organization","@id":"https:\/\/algarve7.pt\/#organization","name":"Algarve 7","url":"https:\/\/algarve7.pt\/","logo":{"@type":"ImageObject","inLanguage":"pt-PT","@id":"https:\/\/algarve7.pt\/#\/schema\/logo\/image\/","url":"https:\/\/algarve7.pt\/wp-content\/uploads\/2020\/10\/Logo-8.jpg","contentUrl":"https:\/\/algarve7.pt\/wp-content\/uploads\/2020\/10\/Logo-8.jpg","width":1680,"height":1186,"caption":"Algarve 7"},"image":{"@id":"https:\/\/algarve7.pt\/#\/schema\/logo\/image\/"},"sameAs":["https:\/\/www.facebook.com\/algarve7","https:\/\/x.com\/Algarvesete","https:\/\/www.instagram.com\/jornalalgarve7\/","https:\/\/www.linkedin.com\/company\/algarve7","https:\/\/www.pinterest.pt\/geral0939\/_created\/"]},{"@type":"Person","@id":"https:\/\/algarve7.pt\/#\/schema\/person\/23fa70681308e7b319a3204bcea45e0c","name":"Algarve 7","sameAs":["https:\/\/algarve7.pt","https:\/\/www.facebook.com\/algarve7"],"url":"https:\/\/algarve7.pt\/index.php\/author\/geralalgarve7-pt\/"}]}},"jetpack_publicize_connections":[],"jetpack_featured_media_url":"https:\/\/algarve7.pt\/wp-content\/uploads\/2020\/10\/Fachada-da-Camara-Municipal-d-e-Loule-C.M.Loule-Mira.jpg","jetpack_shortlink":"https:\/\/wp.me\/pcezmW-L5","jetpack_sharing_enabled":true,"_links":{"self":[{"href":"https:\/\/algarve7.pt\/index.php\/wp-json\/wp\/v2\/posts\/2919","targetHints":{"allow":["GET"]}}],"collection":[{"href":"https:\/\/algarve7.pt\/index.php\/wp-json\/wp\/v2\/posts"}],"about":[{"href":"https:\/\/algarve7.pt\/index.php\/wp-json\/wp\/v2\/types\/post"}],"author":[{"embeddable":true,"href":"https:\/\/algarve7.pt\/index.php\/wp-json\/wp\/v2\/users\/1"}],"replies":[{"embeddable":true,"href":"https:\/\/algarve7.pt\/index.php\/wp-json\/wp\/v2\/comments?post=2919"}],"version-history":[{"count":0,"href":"https:\/\/algarve7.pt\/index.php\/wp-json\/wp\/v2\/posts\/2919\/revisions"}],"wp:featuredmedia":[{"embeddable":true,"href":"https:\/\/algarve7.pt\/index.php\/wp-json\/wp\/v2\/media\/2798"}],"wp:attachment":[{"href":"https:\/\/algarve7.pt\/index.php\/wp-json\/wp\/v2\/media?parent=2919"}],"wp:term":[{"taxonomy":"category","embeddable":true,"href":"https:\/\/algarve7.pt\/index.php\/wp-json\/wp\/v2\/categories?post=2919"},{"taxonomy":"post_tag","embeddable":true,"href":"https:\/\/algarve7.pt\/index.php\/wp-json\/wp\/v2\/tags?post=2919"}],"curies":[{"name":"wp","href":"https:\/\/api.w.org\/{rel}","templated":true}]}}