{"id":2915,"date":"2020-10-24T19:26:40","date_gmt":"2020-10-24T18:26:40","guid":{"rendered":"https:\/\/algarve7.pt\/?p=2915"},"modified":"2020-10-24T19:28:24","modified_gmt":"2020-10-24T18:28:24","slug":"tomada-de-posse-de-antonio-jose-silva-como-presidente-da-federacao-portuguesa-de-natacao","status":"publish","type":"post","link":"https:\/\/algarve7.pt\/index.php\/2020\/10\/tomada-de-posse-de-antonio-jose-silva-como-presidente-da-federacao-portuguesa-de-natacao\/desporto\/19\/26\/","title":{"rendered":"Tomada de posse de Ant\u00f3nio Jos\u00e9 Silva como Presidente da Federa\u00e7\u00e3o Portuguesa de Nata\u00e7\u00e3o"},"content":{"rendered":"\n<p>Ant\u00f3nio Jos\u00e9 Silva tomou posse este s\u00e1bado como Presidente da Federa\u00e7\u00e3o Portuguesa de Nata\u00e7\u00e3o para o seu \u00faltimo mandato \u00e0 frente da organiza\u00e7\u00e3o que tutela a modalidade em Portugal.<\/p>\n\n\n\n<p>Na cerim\u00f3nia, que decorreu no Sheraton Porto Hotel na cidade do Porto, foram respeitadas todas as medidas de seguran\u00e7a sanit\u00e1ria impostas pela DGS. O ato solene foi dirigido pelo presidente da Assembleia Geral, Alberto Mota Borges, que deu posse aos novos membros dos \u00f3rg\u00e3os sociais da Federa\u00e7\u00e3o Portuguesa de Nata\u00e7\u00e3o.<\/p>\n\n\n\n<p>No discurso de tomada de posse dos \u00f3rg\u00e3os sociais, Ant\u00f3nio Jos\u00e9 Silva real\u00e7ou o trabalho desenvolvido no \u00faltimo mandato, ao destacar as classifica\u00e7\u00f5es obtidas pelos nadadores portugueses em campeonatos da Europa e do Mundo em pista longa (50m) e em pista curta (25m). Ant\u00f3nio Jos\u00e9 Silva reconheceu que este salto qualitativo tamb\u00e9m se reflete nos 5 atletas j\u00e1 apurados para os Jogos Ol\u00edmpicos de T\u00f3quio do pr\u00f3ximo ano, havendo a possibilidade deste n\u00famero quase duplicar.<\/p>\n\n\n\n<p>O presidente considerou que todas as disciplinas tiveram um aumento consider\u00e1vel, quer a n\u00edvel de nadadores que a n\u00edvel de resultados. Neste \u00faltimo mandato, as \u00c1guas Abertas conquistaram as melhores classifica\u00e7\u00f5es e resultados de sempre, no Polo Aqu\u00e1tico as equipas absolutas participaram em todas as qualifica\u00e7\u00f5es para o Campeonato da Europa. A Nata\u00e7\u00e3o Art\u00edstica assistiu a uma evolu\u00e7\u00e3o sem precedentes nos \u00faltimos 4 anos, ao alcan\u00e7ar as melhores marcas de sempre na hist\u00f3ria da disciplina em Portugal. A Nata\u00e7\u00e3o Adaptada assistiu \u00e0 consolida\u00e7\u00e3o das suas Sele\u00e7\u00f5es Nacionais. Este salto qualificativo teve como resultado a conquista de 71 medalhas para Portugal.<\/p>\n\n\n\n<p>No discurso da tomada de posse para o terceiro e \u00faltimo mandato \u00e0 frente da Federa\u00e7\u00e3o Portuguesa de Nata\u00e7\u00e3o, Ant\u00f3nio Jos\u00e9 Silva, apelou \u00e0 interven\u00e7\u00e3o do Governo porque \u201c<strong>Urge colmatar o severo impacto das medidas de conting\u00eancia e controlo da pandemia por COVID-19 no desporto, a exemplo do que sucedeu nos restantes pa\u00edses europeus onde o desporto \u00e9 atendido e reconhecido com medidas concretas, extraordin\u00e1rias e espec\u00edficas de combate aos preju\u00edzos, conforme diretivas europeias: do Conselho, da Comiss\u00e3o e do Parlamento Europeu, para mitigar o impacto da crise, fundamentalmente ao n\u00edvel dos clubes, completamente ignorados no Programa de Estabiliza\u00e7\u00e3o Econ\u00f3mica e Social, onde foram enquadrados nos regimes aplic\u00e1veis a quaisquer outras empresas.<\/strong>\u201d<\/p>\n\n\n\n<p>No final da interven\u00e7\u00e3o, o presidente eleito afirmou que iria ter in\u00edcio de um novo ciclo na institui\u00e7\u00e3o, ao propor 10 prioridades para o pr\u00f3ximo quadri\u00e9nio. Entre as medidas anunciadas, destacam-se a inten\u00e7\u00e3o de \u201c<strong>Assumir a nata\u00e7\u00e3o em Portugal como a atividade desportiva com os maiores valores de pr\u00e1tica sistem\u00e1tica a n\u00edvel nacional, quer pelo aumento do no pessoas no universo da pr\u00e1tica, para a meta dos 200.000 Praticantes, mas tamb\u00e9m pela institucionaliza\u00e7\u00e3o, nos diferentes n\u00edveis de interven\u00e7\u00e3o pol\u00edtica, da compet\u00eancia aqu\u00e1tica como conte\u00fado curricular obrigat\u00f3rio na rede escolar do 1o ciclo do ensino b\u00e1sico, dos subsistemas p\u00fablico e privado<\/strong>.\u201d<\/p>\n\n\n\n<p>A dire\u00e7\u00e3o rec\u00e9m eleita assumiu tamb\u00e9m como prioridade \u201c\u00a0<strong>promover uma pol\u00edtica de coopera\u00e7\u00e3o nacional com restantes organiza\u00e7\u00f5es desportivas com utilidade p\u00fablica desportiva, no \u00e2mbito da plataforma do desporto federado refor\u00e7ando o reconhecimento da import\u00e2ncia educativa, social e econ\u00f3mica do desporto em termos globais e da nata\u00e7\u00e3o em termos espec\u00edfico<\/strong>\u201d.<\/p>\n\n\n\n<p>Foto: Lu\u00eds Filipe Nunes\/ FPN<\/p>\n","protected":false},"excerpt":{"rendered":"<p>Ant\u00f3nio Jos\u00e9 Silva tomou posse este s\u00e1bado como Presidente da Federa\u00e7\u00e3o Portuguesa de Nata\u00e7\u00e3o para o seu \u00faltimo mandato \u00e0<\/p>\n","protected":false},"author":1,"featured_media":2916,"comment_status":"closed","ping_status":"open","sticky":false,"template":"","format":"standard","meta":{"colormag_page_container_layout":"default_layout","colormag_page_sidebar_layout":"default_layout","_monsterinsights_skip_tracking":false,"_monsterinsights_sitenote_active":false,"_monsterinsights_sitenote_note":"","_monsterinsights_sitenote_category":0,"jetpack_post_was_ever_published":false,"_jetpack_newsletter_access":"","_jetpack_dont_email_post_to_subs":false,"_jetpack_newsletter_tier_id":0,"_jetpack_memberships_contains_paywalled_content":false,"_jetpack_memberships_contains_paid_content":false,"footnotes":"","jetpack_publicize_message":"","jetpack_publicize_feature_enabled":true,"jetpack_social_post_already_shared":true,"jetpack_social_options":{"image_generator_settings":{"template":"highway","default_image_id":0,"font":"","enabled":false},"version":2}},"categories":[15],"tags":[40,98,41,46],"class_list":["post-2915","post","type-post","status-publish","format-standard","has-post-thumbnail","hentry","category-desporto","tag-desporto","tag-nacional","tag-natacao","tag-portugal"],"yoast_head":"<!-- This site is optimized with the Yoast SEO plugin v27.5 - https:\/\/yoast.com\/product\/yoast-seo-wordpress\/ -->\n<title>Tomada de posse de Ant\u00f3nio Jos\u00e9 Silva como Presidente da Federa\u00e7\u00e3o Portuguesa de Nata\u00e7\u00e3o - Algarve 7<\/title>\n<meta name=\"description\" content=\"Tomada de posse de Ant\u00f3nio Jos\u00e9 Silva como Presidente da Federa\u00e7\u00e3o Portuguesa de Nata\u00e7\u00e3o\" \/>\n<meta name=\"robots\" content=\"index, follow, max-snippet:-1, max-image-preview:large, max-video-preview:-1\" \/>\n<link rel=\"canonical\" href=\"https:\/\/algarve7.pt\/index.php\/2020\/10\/tomada-de-posse-de-antonio-jose-silva-como-presidente-da-federacao-portuguesa-de-natacao\/desporto\/19\/26\/\" \/>\n<meta property=\"og:locale\" content=\"pt_PT\" \/>\n<meta property=\"og:type\" content=\"article\" \/>\n<meta property=\"og:title\" content=\"Tomada de posse de Ant\u00f3nio Jos\u00e9 Silva como Presidente da Federa\u00e7\u00e3o Portuguesa de Nata\u00e7\u00e3o - Algarve 7\" \/>\n<meta property=\"og:description\" content=\"Tomada de posse de Ant\u00f3nio Jos\u00e9 Silva como Presidente da Federa\u00e7\u00e3o Portuguesa de Nata\u00e7\u00e3o\" \/>\n<meta property=\"og:url\" content=\"https:\/\/algarve7.pt\/index.php\/2020\/10\/tomada-de-posse-de-antonio-jose-silva-como-presidente-da-federacao-portuguesa-de-natacao\/desporto\/19\/26\/\" \/>\n<meta property=\"og:site_name\" content=\"Algarve 7\" \/>\n<meta property=\"article:publisher\" content=\"https:\/\/www.facebook.com\/algarve7\" \/>\n<meta property=\"article:author\" content=\"https:\/\/www.facebook.com\/algarve7\" \/>\n<meta property=\"article:published_time\" content=\"2020-10-24T18:26:40+00:00\" \/>\n<meta property=\"article:modified_time\" content=\"2020-10-24T18:28:24+00:00\" \/>\n<meta property=\"og:image\" content=\"https:\/\/algarve7.pt\/wp-content\/uploads\/2020\/10\/4A2A9550-e1603563969548.jpeg\" \/>\n\t<meta property=\"og:image:width\" content=\"1024\" \/>\n\t<meta property=\"og:image:height\" content=\"634\" \/>\n\t<meta property=\"og:image:type\" content=\"image\/jpeg\" \/>\n<meta name=\"author\" content=\"Algarve 7\" \/>\n<meta name=\"twitter:card\" content=\"summary_large_image\" \/>\n<meta name=\"twitter:creator\" content=\"@Algarvesete\" \/>\n<meta name=\"twitter:site\" content=\"@Algarvesete\" \/>\n<meta name=\"twitter:label1\" content=\"Escrito por\" \/>\n\t<meta name=\"twitter:data1\" content=\"Algarve 7\" \/>\n\t<meta name=\"twitter:label2\" content=\"Tempo estimado de leitura\" \/>\n\t<meta name=\"twitter:data2\" content=\"3 minutos\" \/>\n<script type=\"application\/ld+json\" class=\"yoast-schema-graph\">{\"@context\":\"https:\\\/\\\/schema.org\",\"@graph\":[{\"@type\":\"Article\",\"@id\":\"https:\\\/\\\/algarve7.pt\\\/index.php\\\/2020\\\/10\\\/tomada-de-posse-de-antonio-jose-silva-como-presidente-da-federacao-portuguesa-de-natacao\\\/desporto\\\/19\\\/26\\\/#article\",\"isPartOf\":{\"@id\":\"https:\\\/\\\/algarve7.pt\\\/index.php\\\/2020\\\/10\\\/tomada-de-posse-de-antonio-jose-silva-como-presidente-da-federacao-portuguesa-de-natacao\\\/desporto\\\/19\\\/26\\\/\"},\"author\":{\"name\":\"Algarve 7\",\"@id\":\"https:\\\/\\\/algarve7.pt\\\/#\\\/schema\\\/person\\\/23fa70681308e7b319a3204bcea45e0c\"},\"headline\":\"Tomada de posse de Ant\u00f3nio Jos\u00e9 Silva como Presidente da Federa\u00e7\u00e3o Portuguesa de Nata\u00e7\u00e3o\",\"datePublished\":\"2020-10-24T18:26:40+00:00\",\"dateModified\":\"2020-10-24T18:28:24+00:00\",\"mainEntityOfPage\":{\"@id\":\"https:\\\/\\\/algarve7.pt\\\/index.php\\\/2020\\\/10\\\/tomada-de-posse-de-antonio-jose-silva-como-presidente-da-federacao-portuguesa-de-natacao\\\/desporto\\\/19\\\/26\\\/\"},\"wordCount\":611,\"publisher\":{\"@id\":\"https:\\\/\\\/algarve7.pt\\\/#organization\"},\"image\":{\"@id\":\"https:\\\/\\\/algarve7.pt\\\/index.php\\\/2020\\\/10\\\/tomada-de-posse-de-antonio-jose-silva-como-presidente-da-federacao-portuguesa-de-natacao\\\/desporto\\\/19\\\/26\\\/#primaryimage\"},\"thumbnailUrl\":\"https:\\\/\\\/algarve7.pt\\\/wp-content\\\/uploads\\\/2020\\\/10\\\/4A2A9550-e1603563969548.jpeg\",\"keywords\":[\"Desporto\",\"Nacional\",\"Nata\u00e7\u00e3o\",\"Portugal\"],\"articleSection\":[\"Desporto\"],\"inLanguage\":\"pt-PT\"},{\"@type\":\"WebPage\",\"@id\":\"https:\\\/\\\/algarve7.pt\\\/index.php\\\/2020\\\/10\\\/tomada-de-posse-de-antonio-jose-silva-como-presidente-da-federacao-portuguesa-de-natacao\\\/desporto\\\/19\\\/26\\\/\",\"url\":\"https:\\\/\\\/algarve7.pt\\\/index.php\\\/2020\\\/10\\\/tomada-de-posse-de-antonio-jose-silva-como-presidente-da-federacao-portuguesa-de-natacao\\\/desporto\\\/19\\\/26\\\/\",\"name\":\"Tomada de posse de Ant\u00f3nio Jos\u00e9 Silva como Presidente da Federa\u00e7\u00e3o Portuguesa de Nata\u00e7\u00e3o - Algarve 7\",\"isPartOf\":{\"@id\":\"https:\\\/\\\/algarve7.pt\\\/#website\"},\"primaryImageOfPage\":{\"@id\":\"https:\\\/\\\/algarve7.pt\\\/index.php\\\/2020\\\/10\\\/tomada-de-posse-de-antonio-jose-silva-como-presidente-da-federacao-portuguesa-de-natacao\\\/desporto\\\/19\\\/26\\\/#primaryimage\"},\"image\":{\"@id\":\"https:\\\/\\\/algarve7.pt\\\/index.php\\\/2020\\\/10\\\/tomada-de-posse-de-antonio-jose-silva-como-presidente-da-federacao-portuguesa-de-natacao\\\/desporto\\\/19\\\/26\\\/#primaryimage\"},\"thumbnailUrl\":\"https:\\\/\\\/algarve7.pt\\\/wp-content\\\/uploads\\\/2020\\\/10\\\/4A2A9550-e1603563969548.jpeg\",\"datePublished\":\"2020-10-24T18:26:40+00:00\",\"dateModified\":\"2020-10-24T18:28:24+00:00\",\"description\":\"Tomada de posse de Ant\u00f3nio Jos\u00e9 Silva como Presidente da Federa\u00e7\u00e3o Portuguesa de Nata\u00e7\u00e3o\",\"breadcrumb\":{\"@id\":\"https:\\\/\\\/algarve7.pt\\\/index.php\\\/2020\\\/10\\\/tomada-de-posse-de-antonio-jose-silva-como-presidente-da-federacao-portuguesa-de-natacao\\\/desporto\\\/19\\\/26\\\/#breadcrumb\"},\"inLanguage\":\"pt-PT\",\"potentialAction\":[{\"@type\":\"ReadAction\",\"target\":[\"https:\\\/\\\/algarve7.pt\\\/index.php\\\/2020\\\/10\\\/tomada-de-posse-de-antonio-jose-silva-como-presidente-da-federacao-portuguesa-de-natacao\\\/desporto\\\/19\\\/26\\\/\"]}]},{\"@type\":\"ImageObject\",\"inLanguage\":\"pt-PT\",\"@id\":\"https:\\\/\\\/algarve7.pt\\\/index.php\\\/2020\\\/10\\\/tomada-de-posse-de-antonio-jose-silva-como-presidente-da-federacao-portuguesa-de-natacao\\\/desporto\\\/19\\\/26\\\/#primaryimage\",\"url\":\"https:\\\/\\\/algarve7.pt\\\/wp-content\\\/uploads\\\/2020\\\/10\\\/4A2A9550-e1603563969548.jpeg\",\"contentUrl\":\"https:\\\/\\\/algarve7.pt\\\/wp-content\\\/uploads\\\/2020\\\/10\\\/4A2A9550-e1603563969548.jpeg\",\"width\":1024,\"height\":634},{\"@type\":\"BreadcrumbList\",\"@id\":\"https:\\\/\\\/algarve7.pt\\\/index.php\\\/2020\\\/10\\\/tomada-de-posse-de-antonio-jose-silva-como-presidente-da-federacao-portuguesa-de-natacao\\\/desporto\\\/19\\\/26\\\/#breadcrumb\",\"itemListElement\":[{\"@type\":\"ListItem\",\"position\":1,\"name\":\"In\u00edcio\",\"item\":\"https:\\\/\\\/algarve7.pt\\\/\"},{\"@type\":\"ListItem\",\"position\":2,\"name\":\"Tomada de posse de Ant\u00f3nio Jos\u00e9 Silva como Presidente da Federa\u00e7\u00e3o Portuguesa de Nata\u00e7\u00e3o\"}]},{\"@type\":\"WebSite\",\"@id\":\"https:\\\/\\\/algarve7.pt\\\/#website\",\"url\":\"https:\\\/\\\/algarve7.pt\\\/\",\"name\":\"Algarve 7\",\"description\":\"Informa\u00e7\u00e3o sobre o Algarve\",\"publisher\":{\"@id\":\"https:\\\/\\\/algarve7.pt\\\/#organization\"},\"potentialAction\":[{\"@type\":\"SearchAction\",\"target\":{\"@type\":\"EntryPoint\",\"urlTemplate\":\"https:\\\/\\\/algarve7.pt\\\/?s={search_term_string}\"},\"query-input\":{\"@type\":\"PropertyValueSpecification\",\"valueRequired\":true,\"valueName\":\"search_term_string\"}}],\"inLanguage\":\"pt-PT\"},{\"@type\":\"Organization\",\"@id\":\"https:\\\/\\\/algarve7.pt\\\/#organization\",\"name\":\"Algarve 7\",\"url\":\"https:\\\/\\\/algarve7.pt\\\/\",\"logo\":{\"@type\":\"ImageObject\",\"inLanguage\":\"pt-PT\",\"@id\":\"https:\\\/\\\/algarve7.pt\\\/#\\\/schema\\\/logo\\\/image\\\/\",\"url\":\"https:\\\/\\\/algarve7.pt\\\/wp-content\\\/uploads\\\/2020\\\/10\\\/Logo-8.jpg\",\"contentUrl\":\"https:\\\/\\\/algarve7.pt\\\/wp-content\\\/uploads\\\/2020\\\/10\\\/Logo-8.jpg\",\"width\":1680,\"height\":1186,\"caption\":\"Algarve 7\"},\"image\":{\"@id\":\"https:\\\/\\\/algarve7.pt\\\/#\\\/schema\\\/logo\\\/image\\\/\"},\"sameAs\":[\"https:\\\/\\\/www.facebook.com\\\/algarve7\",\"https:\\\/\\\/x.com\\\/Algarvesete\",\"https:\\\/\\\/www.instagram.com\\\/jornalalgarve7\\\/\",\"https:\\\/\\\/www.linkedin.com\\\/company\\\/algarve7\",\"https:\\\/\\\/www.pinterest.pt\\\/geral0939\\\/_created\\\/\"]},{\"@type\":\"Person\",\"@id\":\"https:\\\/\\\/algarve7.pt\\\/#\\\/schema\\\/person\\\/23fa70681308e7b319a3204bcea45e0c\",\"name\":\"Algarve 7\",\"sameAs\":[\"https:\\\/\\\/algarve7.pt\",\"https:\\\/\\\/www.facebook.com\\\/algarve7\"],\"url\":\"https:\\\/\\\/algarve7.pt\\\/index.php\\\/author\\\/geralalgarve7-pt\\\/\"}]}<\/script>\n<!-- \/ Yoast SEO plugin. -->","yoast_head_json":{"title":"Tomada de posse de Ant\u00f3nio Jos\u00e9 Silva como Presidente da Federa\u00e7\u00e3o Portuguesa de Nata\u00e7\u00e3o - Algarve 7","description":"Tomada de posse de Ant\u00f3nio Jos\u00e9 Silva como Presidente da Federa\u00e7\u00e3o Portuguesa de Nata\u00e7\u00e3o","robots":{"index":"index","follow":"follow","max-snippet":"max-snippet:-1","max-image-preview":"max-image-preview:large","max-video-preview":"max-video-preview:-1"},"canonical":"https:\/\/algarve7.pt\/index.php\/2020\/10\/tomada-de-posse-de-antonio-jose-silva-como-presidente-da-federacao-portuguesa-de-natacao\/desporto\/19\/26\/","og_locale":"pt_PT","og_type":"article","og_title":"Tomada de posse de Ant\u00f3nio Jos\u00e9 Silva como Presidente da Federa\u00e7\u00e3o Portuguesa de Nata\u00e7\u00e3o - Algarve 7","og_description":"Tomada de posse de Ant\u00f3nio Jos\u00e9 Silva como Presidente da Federa\u00e7\u00e3o Portuguesa de Nata\u00e7\u00e3o","og_url":"https:\/\/algarve7.pt\/index.php\/2020\/10\/tomada-de-posse-de-antonio-jose-silva-como-presidente-da-federacao-portuguesa-de-natacao\/desporto\/19\/26\/","og_site_name":"Algarve 7","article_publisher":"https:\/\/www.facebook.com\/algarve7","article_author":"https:\/\/www.facebook.com\/algarve7","article_published_time":"2020-10-24T18:26:40+00:00","article_modified_time":"2020-10-24T18:28:24+00:00","og_image":[{"width":1024,"height":634,"url":"https:\/\/algarve7.pt\/wp-content\/uploads\/2020\/10\/4A2A9550-e1603563969548.jpeg","type":"image\/jpeg"}],"author":"Algarve 7","twitter_card":"summary_large_image","twitter_creator":"@Algarvesete","twitter_site":"@Algarvesete","twitter_misc":{"Escrito por":"Algarve 7","Tempo estimado de leitura":"3 minutos"},"schema":{"@context":"https:\/\/schema.org","@graph":[{"@type":"Article","@id":"https:\/\/algarve7.pt\/index.php\/2020\/10\/tomada-de-posse-de-antonio-jose-silva-como-presidente-da-federacao-portuguesa-de-natacao\/desporto\/19\/26\/#article","isPartOf":{"@id":"https:\/\/algarve7.pt\/index.php\/2020\/10\/tomada-de-posse-de-antonio-jose-silva-como-presidente-da-federacao-portuguesa-de-natacao\/desporto\/19\/26\/"},"author":{"name":"Algarve 7","@id":"https:\/\/algarve7.pt\/#\/schema\/person\/23fa70681308e7b319a3204bcea45e0c"},"headline":"Tomada de posse de Ant\u00f3nio Jos\u00e9 Silva como Presidente da Federa\u00e7\u00e3o Portuguesa de Nata\u00e7\u00e3o","datePublished":"2020-10-24T18:26:40+00:00","dateModified":"2020-10-24T18:28:24+00:00","mainEntityOfPage":{"@id":"https:\/\/algarve7.pt\/index.php\/2020\/10\/tomada-de-posse-de-antonio-jose-silva-como-presidente-da-federacao-portuguesa-de-natacao\/desporto\/19\/26\/"},"wordCount":611,"publisher":{"@id":"https:\/\/algarve7.pt\/#organization"},"image":{"@id":"https:\/\/algarve7.pt\/index.php\/2020\/10\/tomada-de-posse-de-antonio-jose-silva-como-presidente-da-federacao-portuguesa-de-natacao\/desporto\/19\/26\/#primaryimage"},"thumbnailUrl":"https:\/\/algarve7.pt\/wp-content\/uploads\/2020\/10\/4A2A9550-e1603563969548.jpeg","keywords":["Desporto","Nacional","Nata\u00e7\u00e3o","Portugal"],"articleSection":["Desporto"],"inLanguage":"pt-PT"},{"@type":"WebPage","@id":"https:\/\/algarve7.pt\/index.php\/2020\/10\/tomada-de-posse-de-antonio-jose-silva-como-presidente-da-federacao-portuguesa-de-natacao\/desporto\/19\/26\/","url":"https:\/\/algarve7.pt\/index.php\/2020\/10\/tomada-de-posse-de-antonio-jose-silva-como-presidente-da-federacao-portuguesa-de-natacao\/desporto\/19\/26\/","name":"Tomada de posse de Ant\u00f3nio Jos\u00e9 Silva como Presidente da Federa\u00e7\u00e3o Portuguesa de Nata\u00e7\u00e3o - Algarve 7","isPartOf":{"@id":"https:\/\/algarve7.pt\/#website"},"primaryImageOfPage":{"@id":"https:\/\/algarve7.pt\/index.php\/2020\/10\/tomada-de-posse-de-antonio-jose-silva-como-presidente-da-federacao-portuguesa-de-natacao\/desporto\/19\/26\/#primaryimage"},"image":{"@id":"https:\/\/algarve7.pt\/index.php\/2020\/10\/tomada-de-posse-de-antonio-jose-silva-como-presidente-da-federacao-portuguesa-de-natacao\/desporto\/19\/26\/#primaryimage"},"thumbnailUrl":"https:\/\/algarve7.pt\/wp-content\/uploads\/2020\/10\/4A2A9550-e1603563969548.jpeg","datePublished":"2020-10-24T18:26:40+00:00","dateModified":"2020-10-24T18:28:24+00:00","description":"Tomada de posse de Ant\u00f3nio Jos\u00e9 Silva como Presidente da Federa\u00e7\u00e3o Portuguesa de Nata\u00e7\u00e3o","breadcrumb":{"@id":"https:\/\/algarve7.pt\/index.php\/2020\/10\/tomada-de-posse-de-antonio-jose-silva-como-presidente-da-federacao-portuguesa-de-natacao\/desporto\/19\/26\/#breadcrumb"},"inLanguage":"pt-PT","potentialAction":[{"@type":"ReadAction","target":["https:\/\/algarve7.pt\/index.php\/2020\/10\/tomada-de-posse-de-antonio-jose-silva-como-presidente-da-federacao-portuguesa-de-natacao\/desporto\/19\/26\/"]}]},{"@type":"ImageObject","inLanguage":"pt-PT","@id":"https:\/\/algarve7.pt\/index.php\/2020\/10\/tomada-de-posse-de-antonio-jose-silva-como-presidente-da-federacao-portuguesa-de-natacao\/desporto\/19\/26\/#primaryimage","url":"https:\/\/algarve7.pt\/wp-content\/uploads\/2020\/10\/4A2A9550-e1603563969548.jpeg","contentUrl":"https:\/\/algarve7.pt\/wp-content\/uploads\/2020\/10\/4A2A9550-e1603563969548.jpeg","width":1024,"height":634},{"@type":"BreadcrumbList","@id":"https:\/\/algarve7.pt\/index.php\/2020\/10\/tomada-de-posse-de-antonio-jose-silva-como-presidente-da-federacao-portuguesa-de-natacao\/desporto\/19\/26\/#breadcrumb","itemListElement":[{"@type":"ListItem","position":1,"name":"In\u00edcio","item":"https:\/\/algarve7.pt\/"},{"@type":"ListItem","position":2,"name":"Tomada de posse de Ant\u00f3nio Jos\u00e9 Silva como Presidente da Federa\u00e7\u00e3o Portuguesa de Nata\u00e7\u00e3o"}]},{"@type":"WebSite","@id":"https:\/\/algarve7.pt\/#website","url":"https:\/\/algarve7.pt\/","name":"Algarve 7","description":"Informa\u00e7\u00e3o sobre o Algarve","publisher":{"@id":"https:\/\/algarve7.pt\/#organization"},"potentialAction":[{"@type":"SearchAction","target":{"@type":"EntryPoint","urlTemplate":"https:\/\/algarve7.pt\/?s={search_term_string}"},"query-input":{"@type":"PropertyValueSpecification","valueRequired":true,"valueName":"search_term_string"}}],"inLanguage":"pt-PT"},{"@type":"Organization","@id":"https:\/\/algarve7.pt\/#organization","name":"Algarve 7","url":"https:\/\/algarve7.pt\/","logo":{"@type":"ImageObject","inLanguage":"pt-PT","@id":"https:\/\/algarve7.pt\/#\/schema\/logo\/image\/","url":"https:\/\/algarve7.pt\/wp-content\/uploads\/2020\/10\/Logo-8.jpg","contentUrl":"https:\/\/algarve7.pt\/wp-content\/uploads\/2020\/10\/Logo-8.jpg","width":1680,"height":1186,"caption":"Algarve 7"},"image":{"@id":"https:\/\/algarve7.pt\/#\/schema\/logo\/image\/"},"sameAs":["https:\/\/www.facebook.com\/algarve7","https:\/\/x.com\/Algarvesete","https:\/\/www.instagram.com\/jornalalgarve7\/","https:\/\/www.linkedin.com\/company\/algarve7","https:\/\/www.pinterest.pt\/geral0939\/_created\/"]},{"@type":"Person","@id":"https:\/\/algarve7.pt\/#\/schema\/person\/23fa70681308e7b319a3204bcea45e0c","name":"Algarve 7","sameAs":["https:\/\/algarve7.pt","https:\/\/www.facebook.com\/algarve7"],"url":"https:\/\/algarve7.pt\/index.php\/author\/geralalgarve7-pt\/"}]}},"jetpack_publicize_connections":[],"jetpack_featured_media_url":"https:\/\/algarve7.pt\/wp-content\/uploads\/2020\/10\/4A2A9550-e1603563969548.jpeg","jetpack_shortlink":"https:\/\/wp.me\/pcezmW-L1","jetpack_sharing_enabled":true,"_links":{"self":[{"href":"https:\/\/algarve7.pt\/index.php\/wp-json\/wp\/v2\/posts\/2915","targetHints":{"allow":["GET"]}}],"collection":[{"href":"https:\/\/algarve7.pt\/index.php\/wp-json\/wp\/v2\/posts"}],"about":[{"href":"https:\/\/algarve7.pt\/index.php\/wp-json\/wp\/v2\/types\/post"}],"author":[{"embeddable":true,"href":"https:\/\/algarve7.pt\/index.php\/wp-json\/wp\/v2\/users\/1"}],"replies":[{"embeddable":true,"href":"https:\/\/algarve7.pt\/index.php\/wp-json\/wp\/v2\/comments?post=2915"}],"version-history":[{"count":0,"href":"https:\/\/algarve7.pt\/index.php\/wp-json\/wp\/v2\/posts\/2915\/revisions"}],"wp:featuredmedia":[{"embeddable":true,"href":"https:\/\/algarve7.pt\/index.php\/wp-json\/wp\/v2\/media\/2916"}],"wp:attachment":[{"href":"https:\/\/algarve7.pt\/index.php\/wp-json\/wp\/v2\/media?parent=2915"}],"wp:term":[{"taxonomy":"category","embeddable":true,"href":"https:\/\/algarve7.pt\/index.php\/wp-json\/wp\/v2\/categories?post=2915"},{"taxonomy":"post_tag","embeddable":true,"href":"https:\/\/algarve7.pt\/index.php\/wp-json\/wp\/v2\/tags?post=2915"}],"curies":[{"name":"wp","href":"https:\/\/api.w.org\/{rel}","templated":true}]}}