{"id":28964,"date":"2023-06-23T23:47:18","date_gmt":"2023-06-23T22:47:18","guid":{"rendered":"https:\/\/algarve7.pt\/?p=28964"},"modified":"2023-06-23T23:47:21","modified_gmt":"2023-06-23T22:47:21","slug":"municipio-feliz-com-classificacao-de-banhos-islamicos-de-loule-como-monumento-nacional","status":"publish","type":"post","link":"https:\/\/algarve7.pt\/index.php\/2023\/06\/municipio-feliz-com-classificacao-de-banhos-islamicos-de-loule-como-monumento-nacional\/cultura\/23\/47\/","title":{"rendered":"Munic\u00edpio feliz com classifica\u00e7\u00e3o de banhos isl\u00e2micos de Loul\u00e9 como monumento nacional"},"content":{"rendered":"\n<p>Foi aprovada esta quinta-feira, na reuni\u00e3o do Conselho de Ministros realizada em \u00c9vora, a classifica\u00e7\u00e3o dos Banhos Isl\u00e2micos de Loul\u00e9 como Monumento Nacional. Esta era uma decis\u00e3o aguardada com muita expetativa pela Autarquia e que, naturalmente, deixa o executivo municipal e toda a equipa respons\u00e1vel por este projeto de musealiza\u00e7\u00e3o bastante felizes.<\/p>\n\n\n\n<p>\u201c\u00c9 a consagra\u00e7\u00e3o de um trabalho que come\u00e7ou h\u00e1 alguns anos, que teve v\u00e1rios atores, mas sobretudo um empenho coletivo para resgatar um elemento t\u00e3o importante ligado \u00e0 g\u00e9nese desta cidade e, no fundo, da regi\u00e3o e do pa\u00eds. \u00c9 tamb\u00e9m a valoriza\u00e7\u00e3o da nossa Hist\u00f3ria e do nosso passado enquanto comunidade que ganha agora ainda mais relevo. Na senda do que tem sido feito desde o ano de 2022, altura em que se deu a conhecer ao p\u00fablico este trabalho museol\u00f3gico, com um n\u00famero bastante significativo de visitantes neste local desde esse momento, al\u00e9m do interesse que despertou junto dos meios de comunica\u00e7\u00e3o social, temos agora uma responsabilidade acrescida para continuarmos a divulgar este peda\u00e7o t\u00e3o importante da nossa cultura, junto de todos os que nos visitam, mas tamb\u00e9m das nossas comunidades e em especial dos nossos jovens\u201d, considera o autarca V\u00edtor Aleixo.<\/p>\n\n\n\n<p>Os <em>Hammam<\/em> de Loul\u00e9 destacam-se por serem \u201cos primeiros, e at\u00e9 agora, \u00fanicos edif\u00edcios desta tipologia arqueologicamente documentados em Portugal, bem como um dos mais completos complexos do g\u00e9nero identificados na Pen\u00ednsula Ib\u00e9rica, sendo dignos de uma classifica\u00e7\u00e3o de \u00e2mbito nacional\u201d, justifica o Governo.<\/p>\n\n\n\n<p>Recorde-se que dois elementos do atual Governo que assinaram a aprova\u00e7\u00e3o desta classifica\u00e7\u00e3o como \u201cMonumento Nacional\u201d marcaram presen\u00e7a na inaugura\u00e7\u00e3o do trabalho de musealiza\u00e7\u00e3o dos Banhos Isl\u00e2micos de Loul\u00e9, Pedro Ad\u00e3o e Silva, Ministro da Cultura, e Jo\u00e3o Gomes Cravinho, Ministro dos Neg\u00f3cios Estrangeiros.<\/p>\n\n\n\n<p>Da autoria do arquiteto V\u00edtor Mestre, especialista em reabilita\u00e7\u00e3o do patrim\u00f3nio arquitet\u00f3nico, a interven\u00e7\u00e3o levada a cabo nos Banhos Isl\u00e2micos de Loul\u00e9 foi um trabalho de valoriza\u00e7\u00e3o patrimonial e tur\u00edstico em pleno Centro Hist\u00f3rico da cidade, no Largo D. Pedro I. Trata-se de um complexo p\u00fablico de banhos do final do per\u00edodo da ocupa\u00e7\u00e3o isl\u00e2mica do Algarve (ter\u00e3o funcionado entre os s\u00e9culos XII e XIII), tendo sido ocupados no s\u00e9culo XV como habita\u00e7\u00e3o. Deste modo, esta interven\u00e7\u00e3o pretendeu igualmente valorizar os vest\u00edgios arqueol\u00f3gicos da casa nobre do final do s\u00e9culo XV e da muralha medieval e moderna.<\/p>\n\n\n\n<p>Os Banhos Isl\u00e2micos foram recentemente distinguidos com o Pr\u00e9mio de \u201cProjeto de Museografia\u201d e o Pr\u00e9mio de \u201cSalvaguarda, Conserva\u00e7\u00e3o e Restauro em Patrim\u00f3nio Cultural\u201d, atribu\u00eddo pela Associa\u00e7\u00e3o Portuguesa de Museologia, e com o Pr\u00e9mio Nacional de Reabilita\u00e7\u00e3o Urbana, na categoria de \u201cMelhor Interven\u00e7\u00e3o Inferior a 1.000 M2\u201d.<\/p>\n\n\n\n<p>Este monumento nacional integra o futuro Quarteir\u00e3o Cultural, que ir\u00e1 nascer na Zona Hist\u00f3rica de Loul\u00e9.<\/p>\n","protected":false},"excerpt":{"rendered":"<p>Foi aprovada esta quinta-feira, na reuni\u00e3o do Conselho de Ministros realizada em \u00c9vora, a classifica\u00e7\u00e3o dos Banhos Isl\u00e2micos de Loul\u00e9<\/p>\n","protected":false},"author":1,"featured_media":28965,"comment_status":"closed","ping_status":"open","sticky":false,"template":"","format":"standard","meta":{"colormag_page_container_layout":"default_layout","colormag_page_sidebar_layout":"default_layout","_monsterinsights_skip_tracking":false,"_monsterinsights_sitenote_active":false,"_monsterinsights_sitenote_note":"","_monsterinsights_sitenote_category":0,"jetpack_post_was_ever_published":false,"_jetpack_newsletter_access":"","_jetpack_dont_email_post_to_subs":false,"_jetpack_newsletter_tier_id":0,"_jetpack_memberships_contains_paywalled_content":false,"_jetpack_memberships_contains_paid_content":false,"footnotes":"","jetpack_publicize_message":"","jetpack_publicize_feature_enabled":true,"jetpack_social_post_already_shared":true,"jetpack_social_options":{"image_generator_settings":{"template":"highway","default_image_id":0,"font":"","enabled":false},"version":2}},"categories":[14],"tags":[36,649,35,31],"class_list":["post-28964","post","type-post","status-publish","format-standard","has-post-thumbnail","hentry","category-cultura","tag-algarve","tag-banhos-islamicos","tag-cultura","tag-loule"],"yoast_head":"<!-- This site is optimized with the Yoast SEO plugin v27.5 - https:\/\/yoast.com\/product\/yoast-seo-wordpress\/ -->\n<title>Munic\u00edpio feliz com classifica\u00e7\u00e3o de banhos isl\u00e2micos de Loul\u00e9 como monumento nacional - Algarve 7<\/title>\n<meta name=\"description\" content=\"Munic\u00edpio feliz com classifica\u00e7\u00e3o de banhos isl\u00e2micos de Loul\u00e9 como monumento nacional Cultura\" \/>\n<meta name=\"robots\" content=\"index, follow, max-snippet:-1, max-image-preview:large, max-video-preview:-1\" \/>\n<link rel=\"canonical\" href=\"https:\/\/algarve7.pt\/index.php\/2023\/06\/municipio-feliz-com-classificacao-de-banhos-islamicos-de-loule-como-monumento-nacional\/cultura\/23\/47\/\" \/>\n<meta property=\"og:locale\" content=\"pt_PT\" \/>\n<meta property=\"og:type\" content=\"article\" \/>\n<meta property=\"og:title\" content=\"Munic\u00edpio feliz com classifica\u00e7\u00e3o de banhos isl\u00e2micos de Loul\u00e9 como monumento nacional - Algarve 7\" \/>\n<meta property=\"og:description\" content=\"Munic\u00edpio feliz com classifica\u00e7\u00e3o de banhos isl\u00e2micos de Loul\u00e9 como monumento nacional Cultura\" \/>\n<meta property=\"og:url\" content=\"https:\/\/algarve7.pt\/index.php\/2023\/06\/municipio-feliz-com-classificacao-de-banhos-islamicos-de-loule-como-monumento-nacional\/cultura\/23\/47\/\" \/>\n<meta property=\"og:site_name\" content=\"Algarve 7\" \/>\n<meta property=\"article:publisher\" content=\"https:\/\/www.facebook.com\/algarve7\" \/>\n<meta property=\"article:author\" content=\"https:\/\/www.facebook.com\/algarve7\" \/>\n<meta property=\"article:published_time\" content=\"2023-06-23T22:47:18+00:00\" \/>\n<meta property=\"article:modified_time\" content=\"2023-06-23T22:47:21+00:00\" \/>\n<meta property=\"og:image\" content=\"https:\/\/algarve7.pt\/wp-content\/uploads\/2023\/06\/Banhos-Islamicos-3.jpg\" \/>\n\t<meta property=\"og:image:width\" content=\"1024\" \/>\n\t<meta property=\"og:image:height\" content=\"683\" \/>\n\t<meta property=\"og:image:type\" content=\"image\/jpeg\" \/>\n<meta name=\"author\" content=\"Algarve 7\" \/>\n<meta name=\"twitter:card\" content=\"summary_large_image\" \/>\n<meta name=\"twitter:creator\" content=\"@Algarvesete\" \/>\n<meta name=\"twitter:site\" content=\"@Algarvesete\" \/>\n<meta name=\"twitter:label1\" content=\"Escrito por\" \/>\n\t<meta name=\"twitter:data1\" content=\"Algarve 7\" \/>\n\t<meta name=\"twitter:label2\" content=\"Tempo estimado de leitura\" \/>\n\t<meta name=\"twitter:data2\" content=\"3 minutos\" \/>\n<script type=\"application\/ld+json\" class=\"yoast-schema-graph\">{\"@context\":\"https:\\\/\\\/schema.org\",\"@graph\":[{\"@type\":\"Article\",\"@id\":\"https:\\\/\\\/algarve7.pt\\\/index.php\\\/2023\\\/06\\\/municipio-feliz-com-classificacao-de-banhos-islamicos-de-loule-como-monumento-nacional\\\/cultura\\\/23\\\/47\\\/#article\",\"isPartOf\":{\"@id\":\"https:\\\/\\\/algarve7.pt\\\/index.php\\\/2023\\\/06\\\/municipio-feliz-com-classificacao-de-banhos-islamicos-de-loule-como-monumento-nacional\\\/cultura\\\/23\\\/47\\\/\"},\"author\":{\"name\":\"Algarve 7\",\"@id\":\"https:\\\/\\\/algarve7.pt\\\/#\\\/schema\\\/person\\\/23fa70681308e7b319a3204bcea45e0c\"},\"headline\":\"Munic\u00edpio feliz com classifica\u00e7\u00e3o de banhos isl\u00e2micos de Loul\u00e9 como monumento nacional\",\"datePublished\":\"2023-06-23T22:47:18+00:00\",\"dateModified\":\"2023-06-23T22:47:21+00:00\",\"mainEntityOfPage\":{\"@id\":\"https:\\\/\\\/algarve7.pt\\\/index.php\\\/2023\\\/06\\\/municipio-feliz-com-classificacao-de-banhos-islamicos-de-loule-como-monumento-nacional\\\/cultura\\\/23\\\/47\\\/\"},\"wordCount\":526,\"publisher\":{\"@id\":\"https:\\\/\\\/algarve7.pt\\\/#organization\"},\"image\":{\"@id\":\"https:\\\/\\\/algarve7.pt\\\/index.php\\\/2023\\\/06\\\/municipio-feliz-com-classificacao-de-banhos-islamicos-de-loule-como-monumento-nacional\\\/cultura\\\/23\\\/47\\\/#primaryimage\"},\"thumbnailUrl\":\"https:\\\/\\\/algarve7.pt\\\/wp-content\\\/uploads\\\/2023\\\/06\\\/Banhos-Islamicos-3.jpg\",\"keywords\":[\"Algarve\",\"Banhos Isl\u00e2micos\",\"Cultura\",\"Loul\u00e9\"],\"articleSection\":[\"Cultura\"],\"inLanguage\":\"pt-PT\"},{\"@type\":\"WebPage\",\"@id\":\"https:\\\/\\\/algarve7.pt\\\/index.php\\\/2023\\\/06\\\/municipio-feliz-com-classificacao-de-banhos-islamicos-de-loule-como-monumento-nacional\\\/cultura\\\/23\\\/47\\\/\",\"url\":\"https:\\\/\\\/algarve7.pt\\\/index.php\\\/2023\\\/06\\\/municipio-feliz-com-classificacao-de-banhos-islamicos-de-loule-como-monumento-nacional\\\/cultura\\\/23\\\/47\\\/\",\"name\":\"Munic\u00edpio feliz com classifica\u00e7\u00e3o de banhos isl\u00e2micos de Loul\u00e9 como monumento nacional - Algarve 7\",\"isPartOf\":{\"@id\":\"https:\\\/\\\/algarve7.pt\\\/#website\"},\"primaryImageOfPage\":{\"@id\":\"https:\\\/\\\/algarve7.pt\\\/index.php\\\/2023\\\/06\\\/municipio-feliz-com-classificacao-de-banhos-islamicos-de-loule-como-monumento-nacional\\\/cultura\\\/23\\\/47\\\/#primaryimage\"},\"image\":{\"@id\":\"https:\\\/\\\/algarve7.pt\\\/index.php\\\/2023\\\/06\\\/municipio-feliz-com-classificacao-de-banhos-islamicos-de-loule-como-monumento-nacional\\\/cultura\\\/23\\\/47\\\/#primaryimage\"},\"thumbnailUrl\":\"https:\\\/\\\/algarve7.pt\\\/wp-content\\\/uploads\\\/2023\\\/06\\\/Banhos-Islamicos-3.jpg\",\"datePublished\":\"2023-06-23T22:47:18+00:00\",\"dateModified\":\"2023-06-23T22:47:21+00:00\",\"description\":\"Munic\u00edpio feliz com classifica\u00e7\u00e3o de banhos isl\u00e2micos de Loul\u00e9 como monumento nacional Cultura\",\"breadcrumb\":{\"@id\":\"https:\\\/\\\/algarve7.pt\\\/index.php\\\/2023\\\/06\\\/municipio-feliz-com-classificacao-de-banhos-islamicos-de-loule-como-monumento-nacional\\\/cultura\\\/23\\\/47\\\/#breadcrumb\"},\"inLanguage\":\"pt-PT\",\"potentialAction\":[{\"@type\":\"ReadAction\",\"target\":[\"https:\\\/\\\/algarve7.pt\\\/index.php\\\/2023\\\/06\\\/municipio-feliz-com-classificacao-de-banhos-islamicos-de-loule-como-monumento-nacional\\\/cultura\\\/23\\\/47\\\/\"]}]},{\"@type\":\"ImageObject\",\"inLanguage\":\"pt-PT\",\"@id\":\"https:\\\/\\\/algarve7.pt\\\/index.php\\\/2023\\\/06\\\/municipio-feliz-com-classificacao-de-banhos-islamicos-de-loule-como-monumento-nacional\\\/cultura\\\/23\\\/47\\\/#primaryimage\",\"url\":\"https:\\\/\\\/algarve7.pt\\\/wp-content\\\/uploads\\\/2023\\\/06\\\/Banhos-Islamicos-3.jpg\",\"contentUrl\":\"https:\\\/\\\/algarve7.pt\\\/wp-content\\\/uploads\\\/2023\\\/06\\\/Banhos-Islamicos-3.jpg\",\"width\":1024,\"height\":683},{\"@type\":\"BreadcrumbList\",\"@id\":\"https:\\\/\\\/algarve7.pt\\\/index.php\\\/2023\\\/06\\\/municipio-feliz-com-classificacao-de-banhos-islamicos-de-loule-como-monumento-nacional\\\/cultura\\\/23\\\/47\\\/#breadcrumb\",\"itemListElement\":[{\"@type\":\"ListItem\",\"position\":1,\"name\":\"In\u00edcio\",\"item\":\"https:\\\/\\\/algarve7.pt\\\/\"},{\"@type\":\"ListItem\",\"position\":2,\"name\":\"Munic\u00edpio feliz com classifica\u00e7\u00e3o de banhos isl\u00e2micos de Loul\u00e9 como monumento nacional\"}]},{\"@type\":\"WebSite\",\"@id\":\"https:\\\/\\\/algarve7.pt\\\/#website\",\"url\":\"https:\\\/\\\/algarve7.pt\\\/\",\"name\":\"Algarve 7\",\"description\":\"Informa\u00e7\u00e3o sobre o Algarve\",\"publisher\":{\"@id\":\"https:\\\/\\\/algarve7.pt\\\/#organization\"},\"potentialAction\":[{\"@type\":\"SearchAction\",\"target\":{\"@type\":\"EntryPoint\",\"urlTemplate\":\"https:\\\/\\\/algarve7.pt\\\/?s={search_term_string}\"},\"query-input\":{\"@type\":\"PropertyValueSpecification\",\"valueRequired\":true,\"valueName\":\"search_term_string\"}}],\"inLanguage\":\"pt-PT\"},{\"@type\":\"Organization\",\"@id\":\"https:\\\/\\\/algarve7.pt\\\/#organization\",\"name\":\"Algarve 7\",\"url\":\"https:\\\/\\\/algarve7.pt\\\/\",\"logo\":{\"@type\":\"ImageObject\",\"inLanguage\":\"pt-PT\",\"@id\":\"https:\\\/\\\/algarve7.pt\\\/#\\\/schema\\\/logo\\\/image\\\/\",\"url\":\"https:\\\/\\\/algarve7.pt\\\/wp-content\\\/uploads\\\/2020\\\/10\\\/Logo-8.jpg\",\"contentUrl\":\"https:\\\/\\\/algarve7.pt\\\/wp-content\\\/uploads\\\/2020\\\/10\\\/Logo-8.jpg\",\"width\":1680,\"height\":1186,\"caption\":\"Algarve 7\"},\"image\":{\"@id\":\"https:\\\/\\\/algarve7.pt\\\/#\\\/schema\\\/logo\\\/image\\\/\"},\"sameAs\":[\"https:\\\/\\\/www.facebook.com\\\/algarve7\",\"https:\\\/\\\/x.com\\\/Algarvesete\",\"https:\\\/\\\/www.instagram.com\\\/jornalalgarve7\\\/\",\"https:\\\/\\\/www.linkedin.com\\\/company\\\/algarve7\",\"https:\\\/\\\/www.pinterest.pt\\\/geral0939\\\/_created\\\/\"]},{\"@type\":\"Person\",\"@id\":\"https:\\\/\\\/algarve7.pt\\\/#\\\/schema\\\/person\\\/23fa70681308e7b319a3204bcea45e0c\",\"name\":\"Algarve 7\",\"sameAs\":[\"https:\\\/\\\/algarve7.pt\",\"https:\\\/\\\/www.facebook.com\\\/algarve7\"],\"url\":\"https:\\\/\\\/algarve7.pt\\\/index.php\\\/author\\\/geralalgarve7-pt\\\/\"}]}<\/script>\n<!-- \/ Yoast SEO plugin. -->","yoast_head_json":{"title":"Munic\u00edpio feliz com classifica\u00e7\u00e3o de banhos isl\u00e2micos de Loul\u00e9 como monumento nacional - Algarve 7","description":"Munic\u00edpio feliz com classifica\u00e7\u00e3o de banhos isl\u00e2micos de Loul\u00e9 como monumento nacional Cultura","robots":{"index":"index","follow":"follow","max-snippet":"max-snippet:-1","max-image-preview":"max-image-preview:large","max-video-preview":"max-video-preview:-1"},"canonical":"https:\/\/algarve7.pt\/index.php\/2023\/06\/municipio-feliz-com-classificacao-de-banhos-islamicos-de-loule-como-monumento-nacional\/cultura\/23\/47\/","og_locale":"pt_PT","og_type":"article","og_title":"Munic\u00edpio feliz com classifica\u00e7\u00e3o de banhos isl\u00e2micos de Loul\u00e9 como monumento nacional - Algarve 7","og_description":"Munic\u00edpio feliz com classifica\u00e7\u00e3o de banhos isl\u00e2micos de Loul\u00e9 como monumento nacional Cultura","og_url":"https:\/\/algarve7.pt\/index.php\/2023\/06\/municipio-feliz-com-classificacao-de-banhos-islamicos-de-loule-como-monumento-nacional\/cultura\/23\/47\/","og_site_name":"Algarve 7","article_publisher":"https:\/\/www.facebook.com\/algarve7","article_author":"https:\/\/www.facebook.com\/algarve7","article_published_time":"2023-06-23T22:47:18+00:00","article_modified_time":"2023-06-23T22:47:21+00:00","og_image":[{"width":1024,"height":683,"url":"https:\/\/algarve7.pt\/wp-content\/uploads\/2023\/06\/Banhos-Islamicos-3.jpg","type":"image\/jpeg"}],"author":"Algarve 7","twitter_card":"summary_large_image","twitter_creator":"@Algarvesete","twitter_site":"@Algarvesete","twitter_misc":{"Escrito por":"Algarve 7","Tempo estimado de leitura":"3 minutos"},"schema":{"@context":"https:\/\/schema.org","@graph":[{"@type":"Article","@id":"https:\/\/algarve7.pt\/index.php\/2023\/06\/municipio-feliz-com-classificacao-de-banhos-islamicos-de-loule-como-monumento-nacional\/cultura\/23\/47\/#article","isPartOf":{"@id":"https:\/\/algarve7.pt\/index.php\/2023\/06\/municipio-feliz-com-classificacao-de-banhos-islamicos-de-loule-como-monumento-nacional\/cultura\/23\/47\/"},"author":{"name":"Algarve 7","@id":"https:\/\/algarve7.pt\/#\/schema\/person\/23fa70681308e7b319a3204bcea45e0c"},"headline":"Munic\u00edpio feliz com classifica\u00e7\u00e3o de banhos isl\u00e2micos de Loul\u00e9 como monumento nacional","datePublished":"2023-06-23T22:47:18+00:00","dateModified":"2023-06-23T22:47:21+00:00","mainEntityOfPage":{"@id":"https:\/\/algarve7.pt\/index.php\/2023\/06\/municipio-feliz-com-classificacao-de-banhos-islamicos-de-loule-como-monumento-nacional\/cultura\/23\/47\/"},"wordCount":526,"publisher":{"@id":"https:\/\/algarve7.pt\/#organization"},"image":{"@id":"https:\/\/algarve7.pt\/index.php\/2023\/06\/municipio-feliz-com-classificacao-de-banhos-islamicos-de-loule-como-monumento-nacional\/cultura\/23\/47\/#primaryimage"},"thumbnailUrl":"https:\/\/algarve7.pt\/wp-content\/uploads\/2023\/06\/Banhos-Islamicos-3.jpg","keywords":["Algarve","Banhos Isl\u00e2micos","Cultura","Loul\u00e9"],"articleSection":["Cultura"],"inLanguage":"pt-PT"},{"@type":"WebPage","@id":"https:\/\/algarve7.pt\/index.php\/2023\/06\/municipio-feliz-com-classificacao-de-banhos-islamicos-de-loule-como-monumento-nacional\/cultura\/23\/47\/","url":"https:\/\/algarve7.pt\/index.php\/2023\/06\/municipio-feliz-com-classificacao-de-banhos-islamicos-de-loule-como-monumento-nacional\/cultura\/23\/47\/","name":"Munic\u00edpio feliz com classifica\u00e7\u00e3o de banhos isl\u00e2micos de Loul\u00e9 como monumento nacional - Algarve 7","isPartOf":{"@id":"https:\/\/algarve7.pt\/#website"},"primaryImageOfPage":{"@id":"https:\/\/algarve7.pt\/index.php\/2023\/06\/municipio-feliz-com-classificacao-de-banhos-islamicos-de-loule-como-monumento-nacional\/cultura\/23\/47\/#primaryimage"},"image":{"@id":"https:\/\/algarve7.pt\/index.php\/2023\/06\/municipio-feliz-com-classificacao-de-banhos-islamicos-de-loule-como-monumento-nacional\/cultura\/23\/47\/#primaryimage"},"thumbnailUrl":"https:\/\/algarve7.pt\/wp-content\/uploads\/2023\/06\/Banhos-Islamicos-3.jpg","datePublished":"2023-06-23T22:47:18+00:00","dateModified":"2023-06-23T22:47:21+00:00","description":"Munic\u00edpio feliz com classifica\u00e7\u00e3o de banhos isl\u00e2micos de Loul\u00e9 como monumento nacional Cultura","breadcrumb":{"@id":"https:\/\/algarve7.pt\/index.php\/2023\/06\/municipio-feliz-com-classificacao-de-banhos-islamicos-de-loule-como-monumento-nacional\/cultura\/23\/47\/#breadcrumb"},"inLanguage":"pt-PT","potentialAction":[{"@type":"ReadAction","target":["https:\/\/algarve7.pt\/index.php\/2023\/06\/municipio-feliz-com-classificacao-de-banhos-islamicos-de-loule-como-monumento-nacional\/cultura\/23\/47\/"]}]},{"@type":"ImageObject","inLanguage":"pt-PT","@id":"https:\/\/algarve7.pt\/index.php\/2023\/06\/municipio-feliz-com-classificacao-de-banhos-islamicos-de-loule-como-monumento-nacional\/cultura\/23\/47\/#primaryimage","url":"https:\/\/algarve7.pt\/wp-content\/uploads\/2023\/06\/Banhos-Islamicos-3.jpg","contentUrl":"https:\/\/algarve7.pt\/wp-content\/uploads\/2023\/06\/Banhos-Islamicos-3.jpg","width":1024,"height":683},{"@type":"BreadcrumbList","@id":"https:\/\/algarve7.pt\/index.php\/2023\/06\/municipio-feliz-com-classificacao-de-banhos-islamicos-de-loule-como-monumento-nacional\/cultura\/23\/47\/#breadcrumb","itemListElement":[{"@type":"ListItem","position":1,"name":"In\u00edcio","item":"https:\/\/algarve7.pt\/"},{"@type":"ListItem","position":2,"name":"Munic\u00edpio feliz com classifica\u00e7\u00e3o de banhos isl\u00e2micos de Loul\u00e9 como monumento nacional"}]},{"@type":"WebSite","@id":"https:\/\/algarve7.pt\/#website","url":"https:\/\/algarve7.pt\/","name":"Algarve 7","description":"Informa\u00e7\u00e3o sobre o Algarve","publisher":{"@id":"https:\/\/algarve7.pt\/#organization"},"potentialAction":[{"@type":"SearchAction","target":{"@type":"EntryPoint","urlTemplate":"https:\/\/algarve7.pt\/?s={search_term_string}"},"query-input":{"@type":"PropertyValueSpecification","valueRequired":true,"valueName":"search_term_string"}}],"inLanguage":"pt-PT"},{"@type":"Organization","@id":"https:\/\/algarve7.pt\/#organization","name":"Algarve 7","url":"https:\/\/algarve7.pt\/","logo":{"@type":"ImageObject","inLanguage":"pt-PT","@id":"https:\/\/algarve7.pt\/#\/schema\/logo\/image\/","url":"https:\/\/algarve7.pt\/wp-content\/uploads\/2020\/10\/Logo-8.jpg","contentUrl":"https:\/\/algarve7.pt\/wp-content\/uploads\/2020\/10\/Logo-8.jpg","width":1680,"height":1186,"caption":"Algarve 7"},"image":{"@id":"https:\/\/algarve7.pt\/#\/schema\/logo\/image\/"},"sameAs":["https:\/\/www.facebook.com\/algarve7","https:\/\/x.com\/Algarvesete","https:\/\/www.instagram.com\/jornalalgarve7\/","https:\/\/www.linkedin.com\/company\/algarve7","https:\/\/www.pinterest.pt\/geral0939\/_created\/"]},{"@type":"Person","@id":"https:\/\/algarve7.pt\/#\/schema\/person\/23fa70681308e7b319a3204bcea45e0c","name":"Algarve 7","sameAs":["https:\/\/algarve7.pt","https:\/\/www.facebook.com\/algarve7"],"url":"https:\/\/algarve7.pt\/index.php\/author\/geralalgarve7-pt\/"}]}},"jetpack_publicize_connections":[],"jetpack_featured_media_url":"https:\/\/algarve7.pt\/wp-content\/uploads\/2023\/06\/Banhos-Islamicos-3.jpg","jetpack_shortlink":"https:\/\/wp.me\/pcezmW-7xa","jetpack_sharing_enabled":true,"_links":{"self":[{"href":"https:\/\/algarve7.pt\/index.php\/wp-json\/wp\/v2\/posts\/28964","targetHints":{"allow":["GET"]}}],"collection":[{"href":"https:\/\/algarve7.pt\/index.php\/wp-json\/wp\/v2\/posts"}],"about":[{"href":"https:\/\/algarve7.pt\/index.php\/wp-json\/wp\/v2\/types\/post"}],"author":[{"embeddable":true,"href":"https:\/\/algarve7.pt\/index.php\/wp-json\/wp\/v2\/users\/1"}],"replies":[{"embeddable":true,"href":"https:\/\/algarve7.pt\/index.php\/wp-json\/wp\/v2\/comments?post=28964"}],"version-history":[{"count":0,"href":"https:\/\/algarve7.pt\/index.php\/wp-json\/wp\/v2\/posts\/28964\/revisions"}],"wp:featuredmedia":[{"embeddable":true,"href":"https:\/\/algarve7.pt\/index.php\/wp-json\/wp\/v2\/media\/28965"}],"wp:attachment":[{"href":"https:\/\/algarve7.pt\/index.php\/wp-json\/wp\/v2\/media?parent=28964"}],"wp:term":[{"taxonomy":"category","embeddable":true,"href":"https:\/\/algarve7.pt\/index.php\/wp-json\/wp\/v2\/categories?post=28964"},{"taxonomy":"post_tag","embeddable":true,"href":"https:\/\/algarve7.pt\/index.php\/wp-json\/wp\/v2\/tags?post=28964"}],"curies":[{"name":"wp","href":"https:\/\/api.w.org\/{rel}","templated":true}]}}