{"id":28955,"date":"2023-06-24T14:00:00","date_gmt":"2023-06-24T13:00:00","guid":{"rendered":"https:\/\/algarve7.pt\/?p=28955"},"modified":"2023-06-23T23:27:10","modified_gmt":"2023-06-23T22:27:10","slug":"municipio-reforca-transportes-urbanos-de-lagos","status":"publish","type":"post","link":"https:\/\/algarve7.pt\/index.php\/2023\/06\/municipio-reforca-transportes-urbanos-de-lagos\/atualidade\/14\/00\/","title":{"rendered":"Munic\u00edpio refor\u00e7a transportes urbanos de Lagos"},"content":{"rendered":"\n<p>A ONDA vai passar, a partir do pr\u00f3ximo dia 1 de julho, a circular com mais frequ\u00eancia em v\u00e1rias linhas urbanas de Lagos. As altera\u00e7\u00f5es, que visam ajustar o servi\u00e7o p\u00fablico urbano de transportes \u00e0s din\u00e2micas de crescimento da popula\u00e7\u00e3o, ao aumento da procura e \u00e0s suas necessidades, vai ter impacto, sobretudo, nas carreiras que servem o Sarga\u00e7al (Linha 5 \u2013 A ONDA Laranja), Bar\u00e3o de S\u00e3o Jo\u00e3o e Bensafrim (Linha 6 \u2013 A ONDA Verde), Monte Judeu e Col\u00e9gio (Linha 7 \u2013 A ONDA Castanha) e as povoa\u00e7\u00f5es do Cotifo e Monte Ruivo (Linha 8 \u2013 A ONDA Lil\u00e1s).<\/p>\n\n\n\n<p>Criar mais hor\u00e1rios aos s\u00e1bados, domingos e feriados, alguns em perman\u00eancia e outros durante o ver\u00e3o, e aumentar o n\u00famero de circula\u00e7\u00f5es durante a semana s\u00e3o as principais medidas de refor\u00e7o. Nesta oportunidade, foram ainda efetuados alguns ajustamentos aos hor\u00e1rios de passagem nas carreiras que servem os estabelecimentos escolares de 2.\u00ba e 3.\u00ba ciclos e ensino secund\u00e1rio.<\/p>\n\n\n\n<p>Em sentido oposto, numa \u00f3tica de gest\u00e3o sustent\u00e1vel dos recursos afetos a este servi\u00e7o, ser\u00e3o suprimidos os hor\u00e1rios de domingo da Linha 10 (A ONDA cinza) que circula na cidade, uma vez que, de acordo com a an\u00e1lise aos n\u00fameros de ocupa\u00e7\u00e3o e a informa\u00e7\u00e3o prestada pela empresa prestadora\/operadora do servi\u00e7o, os autocarros andam vazios ao fim-de-semana e especialmente ao domingo, n\u00e3o justificando a manuten\u00e7\u00e3o dos hor\u00e1rios nesse dia em particular.<\/p>\n\n\n\n<p>Esta altera\u00e7\u00e3o foi ratificada na \u00faltima reuni\u00e3o de c\u00e2mara, sess\u00e3o onde foi igualmente aprovada a redu\u00e7\u00e3o do tarif\u00e1rio aplic\u00e1vel aos bilhetes tur\u00edsticos de 1, 3, 5, ou 7 dias, e respetiva renova\u00e7\u00e3o de imagem, medidas que visam tornar mais atrativas, para quem visita a cidade e o concelho, esta modalidade de utiliza\u00e7\u00e3o dos transportes urbanos de Lagos. A aquisi\u00e7\u00e3o dos bilhetes tur\u00edsticos nos postos de venda em detrimento da aquisi\u00e7\u00e3o de bilhetes a bordo facilita a opera\u00e7\u00e3o nas carreiras e a mobilidade para os utilizadores do servi\u00e7o, que passam, assim, a ter uma alternativa bastante competitiva ao uso do transporte particular e ambientalmente mais sustent\u00e1vel.<\/p>\n\n\n\n<p>Estas inova\u00e7\u00f5es acompanham o esfor\u00e7o de atualiza\u00e7\u00e3o e moderniza\u00e7\u00e3o que tem estado a ser feito no \u00e2mbito da gest\u00e3o do contrato de presta\u00e7\u00e3o de servi\u00e7os com a empresa Translagos, o qual determinou a mudan\u00e7a de bilh\u00e9tica para um sistema mais atual e ecol\u00f3gico, com valida\u00e7\u00e3o por tecnologia <em>contact less<\/em>, sem emiss\u00e3o de t\u00edtulos de transporte e utiliza\u00e7\u00e3o de cart\u00f5es com v\u00e1rias modalidades de carregamento.<\/p>\n\n\n\n<p><strong><em>Informa\u00e7\u00e3o complementar:<\/em><\/strong><\/p>\n\n\n\n<ol class=\"wp-block-list\" type=\"A\">\n<li><strong>Altera\u00e7\u00f5es de hor\u00e1rios<\/strong><\/li>\n<\/ol>\n\n\n\n<p>Linha 5 (A ONDA laranja): s\u00e3o criados hor\u00e1rios aos domingos e feriados nos meses de julho e agosto, at\u00e9 agora inexistentes.<\/p>\n\n\n\n<p>Linha 6 (A ONDA verde): aumenta a frequ\u00eancia, nos dias \u00fateis e ao s\u00e1bado (durante todo o ano), sendo criados novos hor\u00e1rios aos domingos e feriados (nos meses de julho e agosto).<\/p>\n\n\n\n<p>Linha 7 (A ONDA castanha): aumento do n\u00famero de circula\u00e7\u00f5es durante a semana e cria\u00e7\u00e3o de novos hor\u00e1rios ao s\u00e1bado.<\/p>\n\n\n\n<p>Linha 8 (A ONDA lil\u00e1s): aumento do n\u00famero de circula\u00e7\u00f5es ao s\u00e1bado.<\/p>\n\n\n\n<p>Linha 10 (A ONDA cinza): supress\u00e3o dos hor\u00e1rios de domingo e feriados, otimiza\u00e7\u00e3o dos hor\u00e1rios de s\u00e1bado, com a supress\u00e3o de algumas passagens, e elimina\u00e7\u00e3o do \u00faltimo hor\u00e1rio (20:00) nos dias \u00fateis.<\/p>\n\n\n\n<p>Nota: <a href=\"https:\/\/www.cm-lagos.pt\/municipio\/noticias\/11176-municipio-reforca-transportes-publicos-urbanos-de-lagos\" target=\"_blank\" rel=\"noreferrer noopener\">hor\u00e1rios atualizados<\/a><\/p>\n","protected":false},"excerpt":{"rendered":"<p>A ONDA vai passar, a partir do pr\u00f3ximo dia 1 de julho, a circular com mais frequ\u00eancia em v\u00e1rias linhas<\/p>\n","protected":false},"author":1,"featured_media":28956,"comment_status":"closed","ping_status":"open","sticky":false,"template":"","format":"standard","meta":{"colormag_page_container_layout":"default_layout","colormag_page_sidebar_layout":"default_layout","_monsterinsights_skip_tracking":false,"_monsterinsights_sitenote_active":false,"_monsterinsights_sitenote_note":"","_monsterinsights_sitenote_category":0,"jetpack_post_was_ever_published":false,"_jetpack_newsletter_access":"","_jetpack_dont_email_post_to_subs":false,"_jetpack_newsletter_tier_id":0,"_jetpack_memberships_contains_paywalled_content":false,"_jetpack_memberships_contains_paid_content":false,"footnotes":"","jetpack_publicize_message":"","jetpack_publicize_feature_enabled":true,"jetpack_social_post_already_shared":true,"jetpack_social_options":{"image_generator_settings":{"template":"highway","default_image_id":0,"font":"","enabled":false},"version":2}},"categories":[11],"tags":[36,62,68,229],"class_list":["post-28955","post","type-post","status-publish","format-standard","has-post-thumbnail","hentry","category-atualidade","tag-algarve","tag-atualidade","tag-lagos","tag-transporte"],"yoast_head":"<!-- This site is optimized with the Yoast SEO plugin v27.5 - https:\/\/yoast.com\/product\/yoast-seo-wordpress\/ -->\n<title>Munic\u00edpio refor\u00e7a transportes urbanos de Lagos - Algarve 7<\/title>\n<meta name=\"description\" content=\"Munic\u00edpio refor\u00e7a transportes urbanos de Lagos Atualidade\" \/>\n<meta name=\"robots\" content=\"index, follow, max-snippet:-1, max-image-preview:large, max-video-preview:-1\" \/>\n<link rel=\"canonical\" href=\"https:\/\/algarve7.pt\/index.php\/2023\/06\/municipio-reforca-transportes-urbanos-de-lagos\/atualidade\/14\/00\/\" \/>\n<meta property=\"og:locale\" content=\"pt_PT\" \/>\n<meta property=\"og:type\" content=\"article\" \/>\n<meta property=\"og:title\" content=\"Munic\u00edpio refor\u00e7a transportes urbanos de Lagos - Algarve 7\" \/>\n<meta property=\"og:description\" content=\"Munic\u00edpio refor\u00e7a transportes urbanos de Lagos Atualidade\" \/>\n<meta property=\"og:url\" content=\"https:\/\/algarve7.pt\/index.php\/2023\/06\/municipio-reforca-transportes-urbanos-de-lagos\/atualidade\/14\/00\/\" \/>\n<meta property=\"og:site_name\" content=\"Algarve 7\" \/>\n<meta property=\"article:publisher\" content=\"https:\/\/www.facebook.com\/algarve7\" \/>\n<meta property=\"article:author\" content=\"https:\/\/www.facebook.com\/algarve7\" \/>\n<meta property=\"article:published_time\" content=\"2023-06-24T13:00:00+00:00\" \/>\n<meta property=\"og:image\" content=\"https:\/\/algarve7.pt\/wp-content\/uploads\/2023\/06\/Autocarros-ONDA-1-OCS.jpg\" \/>\n\t<meta property=\"og:image:width\" content=\"1024\" \/>\n\t<meta property=\"og:image:height\" content=\"683\" \/>\n\t<meta property=\"og:image:type\" content=\"image\/jpeg\" \/>\n<meta name=\"author\" content=\"Algarve 7\" \/>\n<meta name=\"twitter:card\" content=\"summary_large_image\" \/>\n<meta name=\"twitter:creator\" content=\"@Algarvesete\" \/>\n<meta name=\"twitter:site\" content=\"@Algarvesete\" \/>\n<meta name=\"twitter:label1\" content=\"Escrito por\" \/>\n\t<meta name=\"twitter:data1\" content=\"Algarve 7\" \/>\n\t<meta name=\"twitter:label2\" content=\"Tempo estimado de leitura\" \/>\n\t<meta name=\"twitter:data2\" content=\"3 minutos\" \/>\n<script type=\"application\/ld+json\" class=\"yoast-schema-graph\">{\"@context\":\"https:\\\/\\\/schema.org\",\"@graph\":[{\"@type\":\"Article\",\"@id\":\"https:\\\/\\\/algarve7.pt\\\/index.php\\\/2023\\\/06\\\/municipio-reforca-transportes-urbanos-de-lagos\\\/atualidade\\\/14\\\/00\\\/#article\",\"isPartOf\":{\"@id\":\"https:\\\/\\\/algarve7.pt\\\/index.php\\\/2023\\\/06\\\/municipio-reforca-transportes-urbanos-de-lagos\\\/atualidade\\\/14\\\/00\\\/\"},\"author\":{\"name\":\"Algarve 7\",\"@id\":\"https:\\\/\\\/algarve7.pt\\\/#\\\/schema\\\/person\\\/23fa70681308e7b319a3204bcea45e0c\"},\"headline\":\"Munic\u00edpio refor\u00e7a transportes urbanos de Lagos\",\"datePublished\":\"2023-06-24T13:00:00+00:00\",\"mainEntityOfPage\":{\"@id\":\"https:\\\/\\\/algarve7.pt\\\/index.php\\\/2023\\\/06\\\/municipio-reforca-transportes-urbanos-de-lagos\\\/atualidade\\\/14\\\/00\\\/\"},\"wordCount\":605,\"publisher\":{\"@id\":\"https:\\\/\\\/algarve7.pt\\\/#organization\"},\"image\":{\"@id\":\"https:\\\/\\\/algarve7.pt\\\/index.php\\\/2023\\\/06\\\/municipio-reforca-transportes-urbanos-de-lagos\\\/atualidade\\\/14\\\/00\\\/#primaryimage\"},\"thumbnailUrl\":\"https:\\\/\\\/algarve7.pt\\\/wp-content\\\/uploads\\\/2023\\\/06\\\/Autocarros-ONDA-1-OCS.jpg\",\"keywords\":[\"Algarve\",\"Atualidade\",\"Lagos\",\"Transporte\"],\"articleSection\":[\"Atualidade\"],\"inLanguage\":\"pt-PT\"},{\"@type\":\"WebPage\",\"@id\":\"https:\\\/\\\/algarve7.pt\\\/index.php\\\/2023\\\/06\\\/municipio-reforca-transportes-urbanos-de-lagos\\\/atualidade\\\/14\\\/00\\\/\",\"url\":\"https:\\\/\\\/algarve7.pt\\\/index.php\\\/2023\\\/06\\\/municipio-reforca-transportes-urbanos-de-lagos\\\/atualidade\\\/14\\\/00\\\/\",\"name\":\"Munic\u00edpio refor\u00e7a transportes urbanos de Lagos - Algarve 7\",\"isPartOf\":{\"@id\":\"https:\\\/\\\/algarve7.pt\\\/#website\"},\"primaryImageOfPage\":{\"@id\":\"https:\\\/\\\/algarve7.pt\\\/index.php\\\/2023\\\/06\\\/municipio-reforca-transportes-urbanos-de-lagos\\\/atualidade\\\/14\\\/00\\\/#primaryimage\"},\"image\":{\"@id\":\"https:\\\/\\\/algarve7.pt\\\/index.php\\\/2023\\\/06\\\/municipio-reforca-transportes-urbanos-de-lagos\\\/atualidade\\\/14\\\/00\\\/#primaryimage\"},\"thumbnailUrl\":\"https:\\\/\\\/algarve7.pt\\\/wp-content\\\/uploads\\\/2023\\\/06\\\/Autocarros-ONDA-1-OCS.jpg\",\"datePublished\":\"2023-06-24T13:00:00+00:00\",\"description\":\"Munic\u00edpio refor\u00e7a transportes urbanos de Lagos Atualidade\",\"breadcrumb\":{\"@id\":\"https:\\\/\\\/algarve7.pt\\\/index.php\\\/2023\\\/06\\\/municipio-reforca-transportes-urbanos-de-lagos\\\/atualidade\\\/14\\\/00\\\/#breadcrumb\"},\"inLanguage\":\"pt-PT\",\"potentialAction\":[{\"@type\":\"ReadAction\",\"target\":[\"https:\\\/\\\/algarve7.pt\\\/index.php\\\/2023\\\/06\\\/municipio-reforca-transportes-urbanos-de-lagos\\\/atualidade\\\/14\\\/00\\\/\"]}]},{\"@type\":\"ImageObject\",\"inLanguage\":\"pt-PT\",\"@id\":\"https:\\\/\\\/algarve7.pt\\\/index.php\\\/2023\\\/06\\\/municipio-reforca-transportes-urbanos-de-lagos\\\/atualidade\\\/14\\\/00\\\/#primaryimage\",\"url\":\"https:\\\/\\\/algarve7.pt\\\/wp-content\\\/uploads\\\/2023\\\/06\\\/Autocarros-ONDA-1-OCS.jpg\",\"contentUrl\":\"https:\\\/\\\/algarve7.pt\\\/wp-content\\\/uploads\\\/2023\\\/06\\\/Autocarros-ONDA-1-OCS.jpg\",\"width\":1024,\"height\":683,\"caption\":\"transportes Municipais ONDA\"},{\"@type\":\"BreadcrumbList\",\"@id\":\"https:\\\/\\\/algarve7.pt\\\/index.php\\\/2023\\\/06\\\/municipio-reforca-transportes-urbanos-de-lagos\\\/atualidade\\\/14\\\/00\\\/#breadcrumb\",\"itemListElement\":[{\"@type\":\"ListItem\",\"position\":1,\"name\":\"In\u00edcio\",\"item\":\"https:\\\/\\\/algarve7.pt\\\/\"},{\"@type\":\"ListItem\",\"position\":2,\"name\":\"Munic\u00edpio refor\u00e7a transportes urbanos de Lagos\"}]},{\"@type\":\"WebSite\",\"@id\":\"https:\\\/\\\/algarve7.pt\\\/#website\",\"url\":\"https:\\\/\\\/algarve7.pt\\\/\",\"name\":\"Algarve 7\",\"description\":\"Informa\u00e7\u00e3o sobre o Algarve\",\"publisher\":{\"@id\":\"https:\\\/\\\/algarve7.pt\\\/#organization\"},\"potentialAction\":[{\"@type\":\"SearchAction\",\"target\":{\"@type\":\"EntryPoint\",\"urlTemplate\":\"https:\\\/\\\/algarve7.pt\\\/?s={search_term_string}\"},\"query-input\":{\"@type\":\"PropertyValueSpecification\",\"valueRequired\":true,\"valueName\":\"search_term_string\"}}],\"inLanguage\":\"pt-PT\"},{\"@type\":\"Organization\",\"@id\":\"https:\\\/\\\/algarve7.pt\\\/#organization\",\"name\":\"Algarve 7\",\"url\":\"https:\\\/\\\/algarve7.pt\\\/\",\"logo\":{\"@type\":\"ImageObject\",\"inLanguage\":\"pt-PT\",\"@id\":\"https:\\\/\\\/algarve7.pt\\\/#\\\/schema\\\/logo\\\/image\\\/\",\"url\":\"https:\\\/\\\/algarve7.pt\\\/wp-content\\\/uploads\\\/2020\\\/10\\\/Logo-8.jpg\",\"contentUrl\":\"https:\\\/\\\/algarve7.pt\\\/wp-content\\\/uploads\\\/2020\\\/10\\\/Logo-8.jpg\",\"width\":1680,\"height\":1186,\"caption\":\"Algarve 7\"},\"image\":{\"@id\":\"https:\\\/\\\/algarve7.pt\\\/#\\\/schema\\\/logo\\\/image\\\/\"},\"sameAs\":[\"https:\\\/\\\/www.facebook.com\\\/algarve7\",\"https:\\\/\\\/x.com\\\/Algarvesete\",\"https:\\\/\\\/www.instagram.com\\\/jornalalgarve7\\\/\",\"https:\\\/\\\/www.linkedin.com\\\/company\\\/algarve7\",\"https:\\\/\\\/www.pinterest.pt\\\/geral0939\\\/_created\\\/\"]},{\"@type\":\"Person\",\"@id\":\"https:\\\/\\\/algarve7.pt\\\/#\\\/schema\\\/person\\\/23fa70681308e7b319a3204bcea45e0c\",\"name\":\"Algarve 7\",\"sameAs\":[\"https:\\\/\\\/algarve7.pt\",\"https:\\\/\\\/www.facebook.com\\\/algarve7\"],\"url\":\"https:\\\/\\\/algarve7.pt\\\/index.php\\\/author\\\/geralalgarve7-pt\\\/\"}]}<\/script>\n<!-- \/ Yoast SEO plugin. -->","yoast_head_json":{"title":"Munic\u00edpio refor\u00e7a transportes urbanos de Lagos - Algarve 7","description":"Munic\u00edpio refor\u00e7a transportes urbanos de Lagos Atualidade","robots":{"index":"index","follow":"follow","max-snippet":"max-snippet:-1","max-image-preview":"max-image-preview:large","max-video-preview":"max-video-preview:-1"},"canonical":"https:\/\/algarve7.pt\/index.php\/2023\/06\/municipio-reforca-transportes-urbanos-de-lagos\/atualidade\/14\/00\/","og_locale":"pt_PT","og_type":"article","og_title":"Munic\u00edpio refor\u00e7a transportes urbanos de Lagos - Algarve 7","og_description":"Munic\u00edpio refor\u00e7a transportes urbanos de Lagos Atualidade","og_url":"https:\/\/algarve7.pt\/index.php\/2023\/06\/municipio-reforca-transportes-urbanos-de-lagos\/atualidade\/14\/00\/","og_site_name":"Algarve 7","article_publisher":"https:\/\/www.facebook.com\/algarve7","article_author":"https:\/\/www.facebook.com\/algarve7","article_published_time":"2023-06-24T13:00:00+00:00","og_image":[{"width":1024,"height":683,"url":"https:\/\/algarve7.pt\/wp-content\/uploads\/2023\/06\/Autocarros-ONDA-1-OCS.jpg","type":"image\/jpeg"}],"author":"Algarve 7","twitter_card":"summary_large_image","twitter_creator":"@Algarvesete","twitter_site":"@Algarvesete","twitter_misc":{"Escrito por":"Algarve 7","Tempo estimado de leitura":"3 minutos"},"schema":{"@context":"https:\/\/schema.org","@graph":[{"@type":"Article","@id":"https:\/\/algarve7.pt\/index.php\/2023\/06\/municipio-reforca-transportes-urbanos-de-lagos\/atualidade\/14\/00\/#article","isPartOf":{"@id":"https:\/\/algarve7.pt\/index.php\/2023\/06\/municipio-reforca-transportes-urbanos-de-lagos\/atualidade\/14\/00\/"},"author":{"name":"Algarve 7","@id":"https:\/\/algarve7.pt\/#\/schema\/person\/23fa70681308e7b319a3204bcea45e0c"},"headline":"Munic\u00edpio refor\u00e7a transportes urbanos de Lagos","datePublished":"2023-06-24T13:00:00+00:00","mainEntityOfPage":{"@id":"https:\/\/algarve7.pt\/index.php\/2023\/06\/municipio-reforca-transportes-urbanos-de-lagos\/atualidade\/14\/00\/"},"wordCount":605,"publisher":{"@id":"https:\/\/algarve7.pt\/#organization"},"image":{"@id":"https:\/\/algarve7.pt\/index.php\/2023\/06\/municipio-reforca-transportes-urbanos-de-lagos\/atualidade\/14\/00\/#primaryimage"},"thumbnailUrl":"https:\/\/algarve7.pt\/wp-content\/uploads\/2023\/06\/Autocarros-ONDA-1-OCS.jpg","keywords":["Algarve","Atualidade","Lagos","Transporte"],"articleSection":["Atualidade"],"inLanguage":"pt-PT"},{"@type":"WebPage","@id":"https:\/\/algarve7.pt\/index.php\/2023\/06\/municipio-reforca-transportes-urbanos-de-lagos\/atualidade\/14\/00\/","url":"https:\/\/algarve7.pt\/index.php\/2023\/06\/municipio-reforca-transportes-urbanos-de-lagos\/atualidade\/14\/00\/","name":"Munic\u00edpio refor\u00e7a transportes urbanos de Lagos - Algarve 7","isPartOf":{"@id":"https:\/\/algarve7.pt\/#website"},"primaryImageOfPage":{"@id":"https:\/\/algarve7.pt\/index.php\/2023\/06\/municipio-reforca-transportes-urbanos-de-lagos\/atualidade\/14\/00\/#primaryimage"},"image":{"@id":"https:\/\/algarve7.pt\/index.php\/2023\/06\/municipio-reforca-transportes-urbanos-de-lagos\/atualidade\/14\/00\/#primaryimage"},"thumbnailUrl":"https:\/\/algarve7.pt\/wp-content\/uploads\/2023\/06\/Autocarros-ONDA-1-OCS.jpg","datePublished":"2023-06-24T13:00:00+00:00","description":"Munic\u00edpio refor\u00e7a transportes urbanos de Lagos Atualidade","breadcrumb":{"@id":"https:\/\/algarve7.pt\/index.php\/2023\/06\/municipio-reforca-transportes-urbanos-de-lagos\/atualidade\/14\/00\/#breadcrumb"},"inLanguage":"pt-PT","potentialAction":[{"@type":"ReadAction","target":["https:\/\/algarve7.pt\/index.php\/2023\/06\/municipio-reforca-transportes-urbanos-de-lagos\/atualidade\/14\/00\/"]}]},{"@type":"ImageObject","inLanguage":"pt-PT","@id":"https:\/\/algarve7.pt\/index.php\/2023\/06\/municipio-reforca-transportes-urbanos-de-lagos\/atualidade\/14\/00\/#primaryimage","url":"https:\/\/algarve7.pt\/wp-content\/uploads\/2023\/06\/Autocarros-ONDA-1-OCS.jpg","contentUrl":"https:\/\/algarve7.pt\/wp-content\/uploads\/2023\/06\/Autocarros-ONDA-1-OCS.jpg","width":1024,"height":683,"caption":"transportes Municipais ONDA"},{"@type":"BreadcrumbList","@id":"https:\/\/algarve7.pt\/index.php\/2023\/06\/municipio-reforca-transportes-urbanos-de-lagos\/atualidade\/14\/00\/#breadcrumb","itemListElement":[{"@type":"ListItem","position":1,"name":"In\u00edcio","item":"https:\/\/algarve7.pt\/"},{"@type":"ListItem","position":2,"name":"Munic\u00edpio refor\u00e7a transportes urbanos de Lagos"}]},{"@type":"WebSite","@id":"https:\/\/algarve7.pt\/#website","url":"https:\/\/algarve7.pt\/","name":"Algarve 7","description":"Informa\u00e7\u00e3o sobre o Algarve","publisher":{"@id":"https:\/\/algarve7.pt\/#organization"},"potentialAction":[{"@type":"SearchAction","target":{"@type":"EntryPoint","urlTemplate":"https:\/\/algarve7.pt\/?s={search_term_string}"},"query-input":{"@type":"PropertyValueSpecification","valueRequired":true,"valueName":"search_term_string"}}],"inLanguage":"pt-PT"},{"@type":"Organization","@id":"https:\/\/algarve7.pt\/#organization","name":"Algarve 7","url":"https:\/\/algarve7.pt\/","logo":{"@type":"ImageObject","inLanguage":"pt-PT","@id":"https:\/\/algarve7.pt\/#\/schema\/logo\/image\/","url":"https:\/\/algarve7.pt\/wp-content\/uploads\/2020\/10\/Logo-8.jpg","contentUrl":"https:\/\/algarve7.pt\/wp-content\/uploads\/2020\/10\/Logo-8.jpg","width":1680,"height":1186,"caption":"Algarve 7"},"image":{"@id":"https:\/\/algarve7.pt\/#\/schema\/logo\/image\/"},"sameAs":["https:\/\/www.facebook.com\/algarve7","https:\/\/x.com\/Algarvesete","https:\/\/www.instagram.com\/jornalalgarve7\/","https:\/\/www.linkedin.com\/company\/algarve7","https:\/\/www.pinterest.pt\/geral0939\/_created\/"]},{"@type":"Person","@id":"https:\/\/algarve7.pt\/#\/schema\/person\/23fa70681308e7b319a3204bcea45e0c","name":"Algarve 7","sameAs":["https:\/\/algarve7.pt","https:\/\/www.facebook.com\/algarve7"],"url":"https:\/\/algarve7.pt\/index.php\/author\/geralalgarve7-pt\/"}]}},"jetpack_publicize_connections":[],"jetpack_featured_media_url":"https:\/\/algarve7.pt\/wp-content\/uploads\/2023\/06\/Autocarros-ONDA-1-OCS.jpg","jetpack_shortlink":"https:\/\/wp.me\/pcezmW-7x1","jetpack_sharing_enabled":true,"_links":{"self":[{"href":"https:\/\/algarve7.pt\/index.php\/wp-json\/wp\/v2\/posts\/28955","targetHints":{"allow":["GET"]}}],"collection":[{"href":"https:\/\/algarve7.pt\/index.php\/wp-json\/wp\/v2\/posts"}],"about":[{"href":"https:\/\/algarve7.pt\/index.php\/wp-json\/wp\/v2\/types\/post"}],"author":[{"embeddable":true,"href":"https:\/\/algarve7.pt\/index.php\/wp-json\/wp\/v2\/users\/1"}],"replies":[{"embeddable":true,"href":"https:\/\/algarve7.pt\/index.php\/wp-json\/wp\/v2\/comments?post=28955"}],"version-history":[{"count":0,"href":"https:\/\/algarve7.pt\/index.php\/wp-json\/wp\/v2\/posts\/28955\/revisions"}],"wp:featuredmedia":[{"embeddable":true,"href":"https:\/\/algarve7.pt\/index.php\/wp-json\/wp\/v2\/media\/28956"}],"wp:attachment":[{"href":"https:\/\/algarve7.pt\/index.php\/wp-json\/wp\/v2\/media?parent=28955"}],"wp:term":[{"taxonomy":"category","embeddable":true,"href":"https:\/\/algarve7.pt\/index.php\/wp-json\/wp\/v2\/categories?post=28955"},{"taxonomy":"post_tag","embeddable":true,"href":"https:\/\/algarve7.pt\/index.php\/wp-json\/wp\/v2\/tags?post=28955"}],"curies":[{"name":"wp","href":"https:\/\/api.w.org\/{rel}","templated":true}]}}