{"id":28901,"date":"2023-06-22T10:05:00","date_gmt":"2023-06-22T09:05:00","guid":{"rendered":"https:\/\/algarve7.pt\/?p=28901"},"modified":"2023-06-21T20:38:32","modified_gmt":"2023-06-21T19:38:32","slug":"olhao-celebra-dia-da-cidade-de-olhos-postos-no-futuro","status":"publish","type":"post","link":"https:\/\/algarve7.pt\/index.php\/2023\/06\/olhao-celebra-dia-da-cidade-de-olhos-postos-no-futuro\/atualidade\/10\/05\/","title":{"rendered":"Olh\u00e3o celebra Dia da Cidade de olhos postos no futuro"},"content":{"rendered":"\n<p>Assinalaram-se na sexta feira, 16 de junho, os 215 anos sobre o levantamento popular que, em 1808, aquando da ocupa\u00e7\u00e3o francesa, culminou na expuls\u00e3o das tropas napole\u00f3nicas de Olh\u00e3o.<\/p>\n\n\n\n<p>Essa revolta viria a valer ao lugar de Olh\u00e3o o reconhecimento por parte do rei, e a consequente eleva\u00e7\u00e3o a Vila da Restaura\u00e7\u00e3o, que anualmente o Munic\u00edpio evoca e celebra.<\/p>\n\n\n\n<p>O dia come\u00e7ou com a cerim\u00f3nia do hastear das bandeiras, a que se seguiu a habitual homenagem aos her\u00f3is de 1808, na Pra\u00e7a da Restaura\u00e7\u00e3o.<\/p>\n\n\n\n<p>Antes da sess\u00e3o solene, que decorreu no Audit\u00f3rio Municipal, houve, tamb\u00e9m, lugar \u00e0 visita a diversos espa\u00e7os do concelho, com destaque para a inaugura\u00e7\u00e3o da requalifica\u00e7\u00e3o da Avenida 16 de Junho, que alarga a frente ribeirinha da cidade.<\/p>\n\n\n\n<p>Um investimento de 1,85 milh\u00f5es de euros que o presidente da autarquia, Ant\u00f3nio Miguel Pina, caracteriza como \u201cum salto em termos de qualidade urban\u00edstica para esta zona da cidade\u201d, com a cria\u00e7\u00e3o de novas zonas verdes, moderniza\u00e7\u00e3o da ilumina\u00e7\u00e3o p\u00fablica, ordenamento do estacionamento e constru\u00e7\u00e3o de novas infraestruturas de saneamento e de \u00e1guas pluviais.<\/p>\n\n\n\n<p>A manh\u00e3 contemplou, ainda, uma visita \u00e0 primeira fase da habita\u00e7\u00e3o a custos controlados no concelho de Olh\u00e3o, situada na Rua Ant\u00f3nio Henrique Cabrita, na freguesia de Quelfes, que se encontra conclu\u00edda, e \u00e0 requalifica\u00e7\u00e3o da Escola EB1\/JI N.\u00ba4.<\/p>\n\n\n\n<p>Durante o seu discurso na sess\u00e3o solene, Ant\u00f3nio Miguel Pina sublinhou que \u201ceste dia de festa\u201d que \u00e9 assinalado anualmente \u201cdeve constituir uma oportunidade para refletirmos sobre o caminho percorrido e sobre o futuro que queremos para o nosso concelho\u201d.<\/p>\n\n\n\n<p>Olhando para o passado recente e para a sua vis\u00e3o do que ser\u00e1 o futuro, o autarca referiu que o trabalho desenvolvido nos \u00faltimos anos na requalifica\u00e7\u00e3o do concelho valorizou a cidade e atraiu investimentos ligados, de forma direta ou indireta, ao turismo.<\/p>\n\n\n\n<p>\u201cFoi uma aposta ganha, pois dinamizou o turismo e baixou drasticamente os n\u00fameros do desemprego no concelho\u201d, concluiu o autarca, que antev\u00ea o futuro deste setor \u201cbaseado no crescimento e na consolida\u00e7\u00e3o, mas na qualidade\u201d.<\/p>\n\n\n\n<p>Uma qualidade que, nos pr\u00f3ximos tempos, se estender\u00e1 \u00e0 zona nascente da cidade, e onde a requalifica\u00e7\u00e3o do antigo edif\u00edcio da BelaOlh\u00e3o ser\u00e1 \u201cum projeto-\u00e2ncora\u201d.<\/p>\n\n\n\n<p>De acordo com Ant\u00f3nio Miguel Pina, \u201ca zona nascente de Olh\u00e3o daqui a 10 anos ter\u00e1 o mesmo processo evolutivo que teve a zona poente nos \u00faltimos 10 anos.<\/p>\n\n\n\n<p>Mas \u201cse o Olh\u00e3o do turismo \u00e9 o Olh\u00e3o 2.0, o Olh\u00e3o 3.0 \u00e9 o Olh\u00e3o da inova\u00e7\u00e3o, da investiga\u00e7\u00e3o, da cria\u00e7\u00e3o de postos de trabalho bem remunerados que fixem a atraiam os jovens altamente qualificados\u201d.<\/p>\n\n\n\n<p>O autarca referia-se, entre outros projetos, \u00e0 cria\u00e7\u00e3o do Polo HUB Azul do Algarve, infraestrutura que vai nascer porto de pesca j\u00e1 a partir de 2025, e que funcionar\u00e1 como um laborat\u00f3rio vivo, essencial para o desenvolvimento de servi\u00e7os, bens e produtos nas \u00e1reas da biotecnologia, alimenta\u00e7\u00e3o e valoriza\u00e7\u00e3o de recursos end\u00f3genos do mar.<\/p>\n\n\n\n<p>Outro investimento que vir\u00e1 contribuir para a fixa\u00e7\u00e3o de emprego qualificado no concelho vai nascer em Pech\u00e3o: \u201catra\u00edmos um investidor que vai construir um parque tecnol\u00f3gico com uma \u00e1rea de 40 hectares, onde se v\u00e3o instalar empresas ligadas \u00e0 ci\u00eancia, \u00e0 tecnologia e \u00e0 inova\u00e7\u00e3o\u201d, anunciou o edil.<\/p>\n\n\n\n<p>Ant\u00f3nio Miguel Pina aproveitou, ainda, o Dia da Cidade para elencar aqueles que considera serem os restantes pilares do desenvolvimento do concelho, onde t\u00eam vindo a ser feitos investimentos avultados, que se prolongar\u00e3o pelos pr\u00f3ximos anos.<\/p>\n\n\n\n<p>O autarca referia-se \u00e0 aposta na constru\u00e7\u00e3o de habita\u00e7\u00e3o a custos controlados, \u00e0 requalifica\u00e7\u00e3o do parque escolar do concelho, \u00e0 mobilidade e ao ambiente. Neste \u00faltimo dom\u00ednio, o presidente da autarquia destacou a requalifica\u00e7\u00e3o da zona poente da cidade e o parque urbano de Quelfes, um projeto de 50 hectares.<\/p>\n\n\n\n<p>\u201c\u00c9 este o caminho para que vos convoco; \u00e9 este caminho que queremos fazer; \u00e9 este caminho que queremos que fa\u00e7am connosco\u201d, concluiu Ant\u00f3nio Miguel Pina.<\/p>\n\n\n\n<p>J\u00e1 o presidente da Assembleia Municipal, Ant\u00f3nio Cabrita, come\u00e7ou por recordar os eventos de 1808 que culminaram, anos depois, na institui\u00e7\u00e3o do concelho de Olh\u00e3o.<\/p>\n\n\n\n<p>Em rela\u00e7\u00e3o \u00e0 evolu\u00e7\u00e3o dos \u00faltimos anos, o autarca referiu que o concelho se apresenta \u201ccom um novo e refrescante aspeto, e vai-se projetando no futuro. Veja-se a quest\u00e3o da limpeza urbana e a remodela\u00e7\u00e3o das redes de \u00e1guas residuais e pluviais, o crescimento do n\u00famero de lugares de estacionamento, os melhoramentos na rede vi\u00e1ria e no parque escolar, o crescimento da oferta da habita\u00e7\u00e3o, as obras p\u00fablicas que se t\u00eam levado a cabo e os progressos no dom\u00ednio da causa animal\u201d.<\/p>\n\n\n\n<p>O autarca concluiu que \u201co que sobressai de uma reflex\u00e3o s\u00e9ria e desapaixonada, tanto quanto pode permitir o meu amor \u00e0 minha terra, \u00e9 um prof\u00edcuo trabalho dos atores municipais no crescimento previsto e controlado da nossa terra e na melhoria da vida das nossas gentes\u201d.<\/p>\n\n\n\n<p>A sess\u00e3o solene contemplou, ainda, a entrega das habituais distin\u00e7\u00f5es aos olhanenses que se t\u00eam distinguido no seu percurso escolar e profissional.<\/p>\n\n\n\n<p>Este ano, foram galardoados com a Medalha Municipal de M\u00e9rito \u2013 Grau Ouro o futebolista Gon\u00e7alo Ramos e o m\u00fasico e compositor J\u00falio Resende.<\/p>\n\n\n\n<p>Quanto aos colaboradores do Munic\u00edpio que completaram este ano 25 anos de servi\u00e7o, foram agraciados com a Medalha de Bons Servi\u00e7os e Dedica\u00e7\u00e3o \u2013 Grau Ouro Ana Cristina Gaiv\u00e9u, Ant\u00f3nio Augusto, Carlos Alberto Carmo, Carlos Estrela, C\u00e9lia Jesus, Clarisse Albino, Donaldo In\u00e1cio, Duarte Santos, Dulce Furtado, Elvira Martins, Em\u00edlia Cruz, Gualter Farroba, H\u00e9lder Carvalho, Helondina Estev\u00e3o, Joaquim Po\u00e7o, Rui Marcelino, Sandra Rousselle, S\u00edlvia Louren\u00e7o e V\u00edtor Rodrigues.<\/p>\n\n\n\n<p>Finalmente, e no que diz respeito ao m\u00e9rito escolar, foram distinguidos os melhores alunos do ensino secund\u00e1rio e cursos profissionais: Carolina Sancho, Jo\u00e3o Santana, \u00c2ngela Santos, Leoni Rodrigues, Sira Jesus e Anastasiia Boichuck.<\/p>\n\n\n\n<p>As comemora\u00e7\u00f5es do Dia da Cidade de Olh\u00e3o culminaram no Jardim Pescador Olhanense, com a cerim\u00f3nia do Compromisso de Honra e Imposi\u00e7\u00e3o de Ins\u00edgnias dos Bombeiros Recrutas a Sapadores Bombeiros e a inaugura\u00e7\u00e3o do novo ve\u00edculo plataforma elevat\u00f3ria VP-44.<\/p>\n\n\n\n<p>A cerim\u00f3nia foi o culminar de um processo que enriquece o Corpo dos Bombeiros Municipais de Olh\u00e3o com 15 novos efetivos.<\/p>\n\n\n\n<p>A plataforma elevat\u00f3ria VP-44, no valor de 200 mil euros, suportados a 100% pela autarquia, vem refor\u00e7ar a capacidade operacional da corpora\u00e7\u00e3o e colmatar uma necessidade sentida no combate a inc\u00eandios urbanos, industriais e no salvamento de pessoas.<\/p>\n\n\n\n<p>O ve\u00edculo, \u00fanico no Sul do Pa\u00eds, assume-se como uma solu\u00e7\u00e3o operacional diferenciada que at\u00e9 agora n\u00e3o existia na regi\u00e3o.<\/p>\n\n\n\n<p>Quanto \u00e0s Festas da Cidade, que decorreram de 15 a 17 de junho, passaram pelo palco do Jardim Pescador Olhanense Micaela, Cuca Roseta, \u00cdris, Tributo a Michael Jackson, Bubba Brothers e Jo\u00e3o Paulo Sousa.<\/p>\n","protected":false},"excerpt":{"rendered":"<p>Assinalaram-se na sexta feira, 16 de junho, os 215 anos sobre o levantamento popular que, em 1808, aquando da ocupa\u00e7\u00e3o<\/p>\n","protected":false},"author":1,"featured_media":28902,"comment_status":"closed","ping_status":"open","sticky":false,"template":"","format":"standard","meta":{"colormag_page_container_layout":"default_layout","colormag_page_sidebar_layout":"default_layout","_monsterinsights_skip_tracking":false,"_monsterinsights_sitenote_active":false,"_monsterinsights_sitenote_note":"","_monsterinsights_sitenote_category":0,"jetpack_post_was_ever_published":false,"_jetpack_newsletter_access":"","_jetpack_dont_email_post_to_subs":false,"_jetpack_newsletter_tier_id":0,"_jetpack_memberships_contains_paywalled_content":false,"_jetpack_memberships_contains_paid_content":false,"footnotes":"","jetpack_publicize_message":"","jetpack_publicize_feature_enabled":true,"jetpack_social_post_already_shared":true,"jetpack_social_options":{"image_generator_settings":{"template":"highway","default_image_id":0,"font":"","enabled":false},"version":2}},"categories":[11],"tags":[36,62,691,37],"class_list":["post-28901","post","type-post","status-publish","format-standard","has-post-thumbnail","hentry","category-atualidade","tag-algarve","tag-atualidade","tag-dia-do-municipio","tag-olhao"],"yoast_head":"<!-- This site is optimized with the Yoast SEO plugin v27.5 - https:\/\/yoast.com\/product\/yoast-seo-wordpress\/ -->\n<title>Olh\u00e3o celebra Dia da Cidade de olhos postos no futuro - Algarve 7<\/title>\n<meta name=\"description\" content=\"Olh\u00e3o celebra Dia da Cidade de olhos postos no futuro Atualidade\" \/>\n<meta name=\"robots\" content=\"index, follow, max-snippet:-1, max-image-preview:large, max-video-preview:-1\" \/>\n<link rel=\"canonical\" href=\"https:\/\/algarve7.pt\/index.php\/2023\/06\/olhao-celebra-dia-da-cidade-de-olhos-postos-no-futuro\/atualidade\/10\/05\/\" \/>\n<meta property=\"og:locale\" content=\"pt_PT\" \/>\n<meta property=\"og:type\" content=\"article\" \/>\n<meta property=\"og:title\" content=\"Olh\u00e3o celebra Dia da Cidade de olhos postos no futuro - Algarve 7\" \/>\n<meta property=\"og:description\" content=\"Olh\u00e3o celebra Dia da Cidade de olhos postos no futuro Atualidade\" \/>\n<meta property=\"og:url\" content=\"https:\/\/algarve7.pt\/index.php\/2023\/06\/olhao-celebra-dia-da-cidade-de-olhos-postos-no-futuro\/atualidade\/10\/05\/\" \/>\n<meta property=\"og:site_name\" content=\"Algarve 7\" \/>\n<meta property=\"article:publisher\" content=\"https:\/\/www.facebook.com\/algarve7\" \/>\n<meta property=\"article:author\" content=\"https:\/\/www.facebook.com\/algarve7\" \/>\n<meta property=\"article:published_time\" content=\"2023-06-22T09:05:00+00:00\" \/>\n<meta property=\"og:image\" content=\"https:\/\/algarve7.pt\/wp-content\/uploads\/2023\/06\/Dia-da-cidade-de-Olhao-16-06-2023-18.jpg\" \/>\n\t<meta property=\"og:image:width\" content=\"1024\" \/>\n\t<meta property=\"og:image:height\" content=\"683\" \/>\n\t<meta property=\"og:image:type\" content=\"image\/jpeg\" \/>\n<meta name=\"author\" content=\"Algarve 7\" \/>\n<meta name=\"twitter:card\" content=\"summary_large_image\" \/>\n<meta name=\"twitter:creator\" content=\"@Algarvesete\" \/>\n<meta name=\"twitter:site\" content=\"@Algarvesete\" \/>\n<meta name=\"twitter:label1\" content=\"Escrito por\" \/>\n\t<meta name=\"twitter:data1\" content=\"Algarve 7\" \/>\n\t<meta name=\"twitter:label2\" content=\"Tempo estimado de leitura\" \/>\n\t<meta name=\"twitter:data2\" content=\"6 minutos\" \/>\n<script type=\"application\/ld+json\" class=\"yoast-schema-graph\">{\"@context\":\"https:\\\/\\\/schema.org\",\"@graph\":[{\"@type\":\"Article\",\"@id\":\"https:\\\/\\\/algarve7.pt\\\/index.php\\\/2023\\\/06\\\/olhao-celebra-dia-da-cidade-de-olhos-postos-no-futuro\\\/atualidade\\\/10\\\/05\\\/#article\",\"isPartOf\":{\"@id\":\"https:\\\/\\\/algarve7.pt\\\/index.php\\\/2023\\\/06\\\/olhao-celebra-dia-da-cidade-de-olhos-postos-no-futuro\\\/atualidade\\\/10\\\/05\\\/\"},\"author\":{\"name\":\"Algarve 7\",\"@id\":\"https:\\\/\\\/algarve7.pt\\\/#\\\/schema\\\/person\\\/23fa70681308e7b319a3204bcea45e0c\"},\"headline\":\"Olh\u00e3o celebra Dia da Cidade de olhos postos no futuro\",\"datePublished\":\"2023-06-22T09:05:00+00:00\",\"mainEntityOfPage\":{\"@id\":\"https:\\\/\\\/algarve7.pt\\\/index.php\\\/2023\\\/06\\\/olhao-celebra-dia-da-cidade-de-olhos-postos-no-futuro\\\/atualidade\\\/10\\\/05\\\/\"},\"wordCount\":1196,\"publisher\":{\"@id\":\"https:\\\/\\\/algarve7.pt\\\/#organization\"},\"image\":{\"@id\":\"https:\\\/\\\/algarve7.pt\\\/index.php\\\/2023\\\/06\\\/olhao-celebra-dia-da-cidade-de-olhos-postos-no-futuro\\\/atualidade\\\/10\\\/05\\\/#primaryimage\"},\"thumbnailUrl\":\"https:\\\/\\\/algarve7.pt\\\/wp-content\\\/uploads\\\/2023\\\/06\\\/Dia-da-cidade-de-Olhao-16-06-2023-18.jpg\",\"keywords\":[\"Algarve\",\"Atualidade\",\"Dia do Munic\u00edpio\",\"Olh\u00e3o\"],\"articleSection\":[\"Atualidade\"],\"inLanguage\":\"pt-PT\"},{\"@type\":\"WebPage\",\"@id\":\"https:\\\/\\\/algarve7.pt\\\/index.php\\\/2023\\\/06\\\/olhao-celebra-dia-da-cidade-de-olhos-postos-no-futuro\\\/atualidade\\\/10\\\/05\\\/\",\"url\":\"https:\\\/\\\/algarve7.pt\\\/index.php\\\/2023\\\/06\\\/olhao-celebra-dia-da-cidade-de-olhos-postos-no-futuro\\\/atualidade\\\/10\\\/05\\\/\",\"name\":\"Olh\u00e3o celebra Dia da Cidade de olhos postos no futuro - Algarve 7\",\"isPartOf\":{\"@id\":\"https:\\\/\\\/algarve7.pt\\\/#website\"},\"primaryImageOfPage\":{\"@id\":\"https:\\\/\\\/algarve7.pt\\\/index.php\\\/2023\\\/06\\\/olhao-celebra-dia-da-cidade-de-olhos-postos-no-futuro\\\/atualidade\\\/10\\\/05\\\/#primaryimage\"},\"image\":{\"@id\":\"https:\\\/\\\/algarve7.pt\\\/index.php\\\/2023\\\/06\\\/olhao-celebra-dia-da-cidade-de-olhos-postos-no-futuro\\\/atualidade\\\/10\\\/05\\\/#primaryimage\"},\"thumbnailUrl\":\"https:\\\/\\\/algarve7.pt\\\/wp-content\\\/uploads\\\/2023\\\/06\\\/Dia-da-cidade-de-Olhao-16-06-2023-18.jpg\",\"datePublished\":\"2023-06-22T09:05:00+00:00\",\"description\":\"Olh\u00e3o celebra Dia da Cidade de olhos postos no futuro Atualidade\",\"breadcrumb\":{\"@id\":\"https:\\\/\\\/algarve7.pt\\\/index.php\\\/2023\\\/06\\\/olhao-celebra-dia-da-cidade-de-olhos-postos-no-futuro\\\/atualidade\\\/10\\\/05\\\/#breadcrumb\"},\"inLanguage\":\"pt-PT\",\"potentialAction\":[{\"@type\":\"ReadAction\",\"target\":[\"https:\\\/\\\/algarve7.pt\\\/index.php\\\/2023\\\/06\\\/olhao-celebra-dia-da-cidade-de-olhos-postos-no-futuro\\\/atualidade\\\/10\\\/05\\\/\"]}]},{\"@type\":\"ImageObject\",\"inLanguage\":\"pt-PT\",\"@id\":\"https:\\\/\\\/algarve7.pt\\\/index.php\\\/2023\\\/06\\\/olhao-celebra-dia-da-cidade-de-olhos-postos-no-futuro\\\/atualidade\\\/10\\\/05\\\/#primaryimage\",\"url\":\"https:\\\/\\\/algarve7.pt\\\/wp-content\\\/uploads\\\/2023\\\/06\\\/Dia-da-cidade-de-Olhao-16-06-2023-18.jpg\",\"contentUrl\":\"https:\\\/\\\/algarve7.pt\\\/wp-content\\\/uploads\\\/2023\\\/06\\\/Dia-da-cidade-de-Olhao-16-06-2023-18.jpg\",\"width\":1024,\"height\":683,\"caption\":\"Foto: Jorge Gomes - Click Time Photo\u00ae\u00a9\"},{\"@type\":\"BreadcrumbList\",\"@id\":\"https:\\\/\\\/algarve7.pt\\\/index.php\\\/2023\\\/06\\\/olhao-celebra-dia-da-cidade-de-olhos-postos-no-futuro\\\/atualidade\\\/10\\\/05\\\/#breadcrumb\",\"itemListElement\":[{\"@type\":\"ListItem\",\"position\":1,\"name\":\"In\u00edcio\",\"item\":\"https:\\\/\\\/algarve7.pt\\\/\"},{\"@type\":\"ListItem\",\"position\":2,\"name\":\"Olh\u00e3o celebra Dia da Cidade de olhos postos no futuro\"}]},{\"@type\":\"WebSite\",\"@id\":\"https:\\\/\\\/algarve7.pt\\\/#website\",\"url\":\"https:\\\/\\\/algarve7.pt\\\/\",\"name\":\"Algarve 7\",\"description\":\"Informa\u00e7\u00e3o sobre o Algarve\",\"publisher\":{\"@id\":\"https:\\\/\\\/algarve7.pt\\\/#organization\"},\"potentialAction\":[{\"@type\":\"SearchAction\",\"target\":{\"@type\":\"EntryPoint\",\"urlTemplate\":\"https:\\\/\\\/algarve7.pt\\\/?s={search_term_string}\"},\"query-input\":{\"@type\":\"PropertyValueSpecification\",\"valueRequired\":true,\"valueName\":\"search_term_string\"}}],\"inLanguage\":\"pt-PT\"},{\"@type\":\"Organization\",\"@id\":\"https:\\\/\\\/algarve7.pt\\\/#organization\",\"name\":\"Algarve 7\",\"url\":\"https:\\\/\\\/algarve7.pt\\\/\",\"logo\":{\"@type\":\"ImageObject\",\"inLanguage\":\"pt-PT\",\"@id\":\"https:\\\/\\\/algarve7.pt\\\/#\\\/schema\\\/logo\\\/image\\\/\",\"url\":\"https:\\\/\\\/algarve7.pt\\\/wp-content\\\/uploads\\\/2020\\\/10\\\/Logo-8.jpg\",\"contentUrl\":\"https:\\\/\\\/algarve7.pt\\\/wp-content\\\/uploads\\\/2020\\\/10\\\/Logo-8.jpg\",\"width\":1680,\"height\":1186,\"caption\":\"Algarve 7\"},\"image\":{\"@id\":\"https:\\\/\\\/algarve7.pt\\\/#\\\/schema\\\/logo\\\/image\\\/\"},\"sameAs\":[\"https:\\\/\\\/www.facebook.com\\\/algarve7\",\"https:\\\/\\\/x.com\\\/Algarvesete\",\"https:\\\/\\\/www.instagram.com\\\/jornalalgarve7\\\/\",\"https:\\\/\\\/www.linkedin.com\\\/company\\\/algarve7\",\"https:\\\/\\\/www.pinterest.pt\\\/geral0939\\\/_created\\\/\"]},{\"@type\":\"Person\",\"@id\":\"https:\\\/\\\/algarve7.pt\\\/#\\\/schema\\\/person\\\/23fa70681308e7b319a3204bcea45e0c\",\"name\":\"Algarve 7\",\"sameAs\":[\"https:\\\/\\\/algarve7.pt\",\"https:\\\/\\\/www.facebook.com\\\/algarve7\"],\"url\":\"https:\\\/\\\/algarve7.pt\\\/index.php\\\/author\\\/geralalgarve7-pt\\\/\"}]}<\/script>\n<!-- \/ Yoast SEO plugin. -->","yoast_head_json":{"title":"Olh\u00e3o celebra Dia da Cidade de olhos postos no futuro - Algarve 7","description":"Olh\u00e3o celebra Dia da Cidade de olhos postos no futuro Atualidade","robots":{"index":"index","follow":"follow","max-snippet":"max-snippet:-1","max-image-preview":"max-image-preview:large","max-video-preview":"max-video-preview:-1"},"canonical":"https:\/\/algarve7.pt\/index.php\/2023\/06\/olhao-celebra-dia-da-cidade-de-olhos-postos-no-futuro\/atualidade\/10\/05\/","og_locale":"pt_PT","og_type":"article","og_title":"Olh\u00e3o celebra Dia da Cidade de olhos postos no futuro - Algarve 7","og_description":"Olh\u00e3o celebra Dia da Cidade de olhos postos no futuro Atualidade","og_url":"https:\/\/algarve7.pt\/index.php\/2023\/06\/olhao-celebra-dia-da-cidade-de-olhos-postos-no-futuro\/atualidade\/10\/05\/","og_site_name":"Algarve 7","article_publisher":"https:\/\/www.facebook.com\/algarve7","article_author":"https:\/\/www.facebook.com\/algarve7","article_published_time":"2023-06-22T09:05:00+00:00","og_image":[{"width":1024,"height":683,"url":"https:\/\/algarve7.pt\/wp-content\/uploads\/2023\/06\/Dia-da-cidade-de-Olhao-16-06-2023-18.jpg","type":"image\/jpeg"}],"author":"Algarve 7","twitter_card":"summary_large_image","twitter_creator":"@Algarvesete","twitter_site":"@Algarvesete","twitter_misc":{"Escrito por":"Algarve 7","Tempo estimado de leitura":"6 minutos"},"schema":{"@context":"https:\/\/schema.org","@graph":[{"@type":"Article","@id":"https:\/\/algarve7.pt\/index.php\/2023\/06\/olhao-celebra-dia-da-cidade-de-olhos-postos-no-futuro\/atualidade\/10\/05\/#article","isPartOf":{"@id":"https:\/\/algarve7.pt\/index.php\/2023\/06\/olhao-celebra-dia-da-cidade-de-olhos-postos-no-futuro\/atualidade\/10\/05\/"},"author":{"name":"Algarve 7","@id":"https:\/\/algarve7.pt\/#\/schema\/person\/23fa70681308e7b319a3204bcea45e0c"},"headline":"Olh\u00e3o celebra Dia da Cidade de olhos postos no futuro","datePublished":"2023-06-22T09:05:00+00:00","mainEntityOfPage":{"@id":"https:\/\/algarve7.pt\/index.php\/2023\/06\/olhao-celebra-dia-da-cidade-de-olhos-postos-no-futuro\/atualidade\/10\/05\/"},"wordCount":1196,"publisher":{"@id":"https:\/\/algarve7.pt\/#organization"},"image":{"@id":"https:\/\/algarve7.pt\/index.php\/2023\/06\/olhao-celebra-dia-da-cidade-de-olhos-postos-no-futuro\/atualidade\/10\/05\/#primaryimage"},"thumbnailUrl":"https:\/\/algarve7.pt\/wp-content\/uploads\/2023\/06\/Dia-da-cidade-de-Olhao-16-06-2023-18.jpg","keywords":["Algarve","Atualidade","Dia do Munic\u00edpio","Olh\u00e3o"],"articleSection":["Atualidade"],"inLanguage":"pt-PT"},{"@type":"WebPage","@id":"https:\/\/algarve7.pt\/index.php\/2023\/06\/olhao-celebra-dia-da-cidade-de-olhos-postos-no-futuro\/atualidade\/10\/05\/","url":"https:\/\/algarve7.pt\/index.php\/2023\/06\/olhao-celebra-dia-da-cidade-de-olhos-postos-no-futuro\/atualidade\/10\/05\/","name":"Olh\u00e3o celebra Dia da Cidade de olhos postos no futuro - Algarve 7","isPartOf":{"@id":"https:\/\/algarve7.pt\/#website"},"primaryImageOfPage":{"@id":"https:\/\/algarve7.pt\/index.php\/2023\/06\/olhao-celebra-dia-da-cidade-de-olhos-postos-no-futuro\/atualidade\/10\/05\/#primaryimage"},"image":{"@id":"https:\/\/algarve7.pt\/index.php\/2023\/06\/olhao-celebra-dia-da-cidade-de-olhos-postos-no-futuro\/atualidade\/10\/05\/#primaryimage"},"thumbnailUrl":"https:\/\/algarve7.pt\/wp-content\/uploads\/2023\/06\/Dia-da-cidade-de-Olhao-16-06-2023-18.jpg","datePublished":"2023-06-22T09:05:00+00:00","description":"Olh\u00e3o celebra Dia da Cidade de olhos postos no futuro Atualidade","breadcrumb":{"@id":"https:\/\/algarve7.pt\/index.php\/2023\/06\/olhao-celebra-dia-da-cidade-de-olhos-postos-no-futuro\/atualidade\/10\/05\/#breadcrumb"},"inLanguage":"pt-PT","potentialAction":[{"@type":"ReadAction","target":["https:\/\/algarve7.pt\/index.php\/2023\/06\/olhao-celebra-dia-da-cidade-de-olhos-postos-no-futuro\/atualidade\/10\/05\/"]}]},{"@type":"ImageObject","inLanguage":"pt-PT","@id":"https:\/\/algarve7.pt\/index.php\/2023\/06\/olhao-celebra-dia-da-cidade-de-olhos-postos-no-futuro\/atualidade\/10\/05\/#primaryimage","url":"https:\/\/algarve7.pt\/wp-content\/uploads\/2023\/06\/Dia-da-cidade-de-Olhao-16-06-2023-18.jpg","contentUrl":"https:\/\/algarve7.pt\/wp-content\/uploads\/2023\/06\/Dia-da-cidade-de-Olhao-16-06-2023-18.jpg","width":1024,"height":683,"caption":"Foto: Jorge Gomes - Click Time Photo\u00ae\u00a9"},{"@type":"BreadcrumbList","@id":"https:\/\/algarve7.pt\/index.php\/2023\/06\/olhao-celebra-dia-da-cidade-de-olhos-postos-no-futuro\/atualidade\/10\/05\/#breadcrumb","itemListElement":[{"@type":"ListItem","position":1,"name":"In\u00edcio","item":"https:\/\/algarve7.pt\/"},{"@type":"ListItem","position":2,"name":"Olh\u00e3o celebra Dia da Cidade de olhos postos no futuro"}]},{"@type":"WebSite","@id":"https:\/\/algarve7.pt\/#website","url":"https:\/\/algarve7.pt\/","name":"Algarve 7","description":"Informa\u00e7\u00e3o sobre o Algarve","publisher":{"@id":"https:\/\/algarve7.pt\/#organization"},"potentialAction":[{"@type":"SearchAction","target":{"@type":"EntryPoint","urlTemplate":"https:\/\/algarve7.pt\/?s={search_term_string}"},"query-input":{"@type":"PropertyValueSpecification","valueRequired":true,"valueName":"search_term_string"}}],"inLanguage":"pt-PT"},{"@type":"Organization","@id":"https:\/\/algarve7.pt\/#organization","name":"Algarve 7","url":"https:\/\/algarve7.pt\/","logo":{"@type":"ImageObject","inLanguage":"pt-PT","@id":"https:\/\/algarve7.pt\/#\/schema\/logo\/image\/","url":"https:\/\/algarve7.pt\/wp-content\/uploads\/2020\/10\/Logo-8.jpg","contentUrl":"https:\/\/algarve7.pt\/wp-content\/uploads\/2020\/10\/Logo-8.jpg","width":1680,"height":1186,"caption":"Algarve 7"},"image":{"@id":"https:\/\/algarve7.pt\/#\/schema\/logo\/image\/"},"sameAs":["https:\/\/www.facebook.com\/algarve7","https:\/\/x.com\/Algarvesete","https:\/\/www.instagram.com\/jornalalgarve7\/","https:\/\/www.linkedin.com\/company\/algarve7","https:\/\/www.pinterest.pt\/geral0939\/_created\/"]},{"@type":"Person","@id":"https:\/\/algarve7.pt\/#\/schema\/person\/23fa70681308e7b319a3204bcea45e0c","name":"Algarve 7","sameAs":["https:\/\/algarve7.pt","https:\/\/www.facebook.com\/algarve7"],"url":"https:\/\/algarve7.pt\/index.php\/author\/geralalgarve7-pt\/"}]}},"jetpack_publicize_connections":[],"jetpack_featured_media_url":"https:\/\/algarve7.pt\/wp-content\/uploads\/2023\/06\/Dia-da-cidade-de-Olhao-16-06-2023-18.jpg","jetpack_shortlink":"https:\/\/wp.me\/pcezmW-7w9","jetpack_sharing_enabled":true,"_links":{"self":[{"href":"https:\/\/algarve7.pt\/index.php\/wp-json\/wp\/v2\/posts\/28901","targetHints":{"allow":["GET"]}}],"collection":[{"href":"https:\/\/algarve7.pt\/index.php\/wp-json\/wp\/v2\/posts"}],"about":[{"href":"https:\/\/algarve7.pt\/index.php\/wp-json\/wp\/v2\/types\/post"}],"author":[{"embeddable":true,"href":"https:\/\/algarve7.pt\/index.php\/wp-json\/wp\/v2\/users\/1"}],"replies":[{"embeddable":true,"href":"https:\/\/algarve7.pt\/index.php\/wp-json\/wp\/v2\/comments?post=28901"}],"version-history":[{"count":0,"href":"https:\/\/algarve7.pt\/index.php\/wp-json\/wp\/v2\/posts\/28901\/revisions"}],"wp:featuredmedia":[{"embeddable":true,"href":"https:\/\/algarve7.pt\/index.php\/wp-json\/wp\/v2\/media\/28902"}],"wp:attachment":[{"href":"https:\/\/algarve7.pt\/index.php\/wp-json\/wp\/v2\/media?parent=28901"}],"wp:term":[{"taxonomy":"category","embeddable":true,"href":"https:\/\/algarve7.pt\/index.php\/wp-json\/wp\/v2\/categories?post=28901"},{"taxonomy":"post_tag","embeddable":true,"href":"https:\/\/algarve7.pt\/index.php\/wp-json\/wp\/v2\/tags?post=28901"}],"curies":[{"name":"wp","href":"https:\/\/api.w.org\/{rel}","templated":true}]}}