{"id":28883,"date":"2023-06-21T15:24:59","date_gmt":"2023-06-21T14:24:59","guid":{"rendered":"https:\/\/algarve7.pt\/?p=28883"},"modified":"2023-06-21T15:25:03","modified_gmt":"2023-06-21T14:25:03","slug":"presidente-da-ccdr-algarve-reforca-a-prioridade-a-execucao-do-cresc-algarve-2020-na-abertura-do-algarve-tech-hub-summit","status":"publish","type":"post","link":"https:\/\/algarve7.pt\/index.php\/2023\/06\/presidente-da-ccdr-algarve-reforca-a-prioridade-a-execucao-do-cresc-algarve-2020-na-abertura-do-algarve-tech-hub-summit\/atualidade\/15\/24\/","title":{"rendered":"Presidente da CCDR Algarve refor\u00e7a a prioridade \u00e0 execu\u00e7\u00e3o do CRESC ALGARVE 2020 na abertura do Algarve Tech Hub Summit"},"content":{"rendered":"\n<p><strong>O Presidente da Comiss\u00e3o de Coordena\u00e7\u00e3o e Desenvolvimento Regional (CCDR) do Algarve, I.P. e da Comiss\u00e3o Diretiva do Programa Regional do Algarve, Jos\u00e9 Apolin\u00e1rio, pediu hoje \u00e0s empresas da regi\u00e3o \u201cum esfor\u00e7o suplementar na execu\u00e7\u00e3o do Programa Regional CRESC ALGARVE 2020, realizando e apresentando o investimento com os financiamentos aprovados e comprometidos at\u00e9 final do corrente ano de 2023.\u201d<\/strong><\/p>\n\n\n\n<p>Sublinhando que a regi\u00e3o tem de executar 58% do total do Programa CRESC ALGARVE 2020 no tri\u00e9nio 2021-2022-2023, o Presidente da CCDR Algarve exortou assim as empresas presentes na abertura do <strong><em>Algarve Tech Hub Summit<\/em><\/strong> a uma efetiva prioridade na execu\u00e7\u00e3o dos fundos europeus geridos na regi\u00e3o em projetos j\u00e1 comprometidos e aprovados.<\/p>\n\n\n\n<p>Com 76 680 empresas sediadas na Regi\u00e3o (dados de 2021), o Algarve tem 121 empresas de alta e m\u00e9dia tecnologia com sede na Regi\u00e3o com 469 pessoas ao seu servi\u00e7o. Jos\u00e9 Apolin\u00e1rio exortou por isso ao desenvolvimento e consolida\u00e7\u00e3o de um ecossistema de inova\u00e7\u00e3o tecnol\u00f3gico e digital, sublinhando o papel da CCDR no planeamento e defini\u00e7\u00e3o estrat\u00e9gica de pol\u00edticas p\u00fablicas e no impulsionar da diversifica\u00e7\u00e3o econ\u00f3mica.<\/p>\n\n\n\n<p>Como aposta estrat\u00e9gica, o Presidente da CCDR Algarve destacou a escolha na forma\u00e7\u00e3o ao n\u00edvel de ensino superior e quadros qualificados, em articula\u00e7\u00e3o com a Universidade, mobilizando o ALGARVE 2030, no \u00e2mbito do PORTUGAL 2030 , cerca de 15 milh\u00f5es de euros do Fundo Social Europeu para financiar cerca de 460 Cursos T\u00e9cnicos Superiores Profissionais (CTeSP) por ano, quando o atual ponto de partida \u00e9 de 250 formandos\/ano.<\/p>\n\n\n\n<p>Os cursos CTeSP que se pretendem apoiar s\u00e3o em \u00e1reas STEAM (ci\u00eancias, engenharias, tecnologia, digital, matem\u00e1tica e sa\u00fade), com foco na diversifica\u00e7\u00e3o econ\u00f3mica e na Estrat\u00e9gia Regional de Especializa\u00e7\u00e3o Inteligente do Algarve (RIS3Algarve).<\/p>\n","protected":false},"excerpt":{"rendered":"<p>O Presidente da Comiss\u00e3o de Coordena\u00e7\u00e3o e Desenvolvimento Regional (CCDR) do Algarve, I.P. e da Comiss\u00e3o Diretiva do Programa Regional<\/p>\n","protected":false},"author":1,"featured_media":28884,"comment_status":"closed","ping_status":"open","sticky":false,"template":"","format":"standard","meta":{"colormag_page_container_layout":"default_layout","colormag_page_sidebar_layout":"default_layout","_monsterinsights_skip_tracking":false,"_monsterinsights_sitenote_active":false,"_monsterinsights_sitenote_note":"","_monsterinsights_sitenote_category":0,"jetpack_post_was_ever_published":false,"_jetpack_newsletter_access":"","_jetpack_dont_email_post_to_subs":false,"_jetpack_newsletter_tier_id":0,"_jetpack_memberships_contains_paywalled_content":false,"_jetpack_memberships_contains_paid_content":false,"footnotes":"","jetpack_publicize_message":"","jetpack_publicize_feature_enabled":true,"jetpack_social_post_already_shared":true,"jetpack_social_options":{"image_generator_settings":{"template":"highway","default_image_id":0,"font":"","enabled":false},"version":2}},"categories":[11],"tags":[36,613,62,143,57],"class_list":["post-28883","post","type-post","status-publish","format-standard","has-post-thumbnail","hentry","category-atualidade","tag-algarve","tag-algarve-tech-hub-summit","tag-atualidade","tag-ccdr-algarve","tag-faro"],"yoast_head":"<!-- This site is optimized with the Yoast SEO plugin v27.5 - https:\/\/yoast.com\/product\/yoast-seo-wordpress\/ -->\n<title>Presidente da CCDR Algarve refor\u00e7a a prioridade \u00e0 execu\u00e7\u00e3o do CRESC ALGARVE 2020 na abertura do Algarve Tech Hub Summit - Algarve 7<\/title>\n<meta name=\"description\" content=\"Presidente da CCDR Algarve refor\u00e7a a prioridade \u00e0 execu\u00e7\u00e3o do CRESC ALGARVE 2020 na abertura do Algarve Tech Hub Summit Atualidade\" \/>\n<meta name=\"robots\" content=\"index, follow, max-snippet:-1, max-image-preview:large, max-video-preview:-1\" \/>\n<link rel=\"canonical\" href=\"https:\/\/algarve7.pt\/index.php\/2023\/06\/presidente-da-ccdr-algarve-reforca-a-prioridade-a-execucao-do-cresc-algarve-2020-na-abertura-do-algarve-tech-hub-summit\/atualidade\/15\/24\/\" \/>\n<meta property=\"og:locale\" content=\"pt_PT\" \/>\n<meta property=\"og:type\" content=\"article\" \/>\n<meta property=\"og:title\" content=\"Presidente da CCDR Algarve refor\u00e7a a prioridade \u00e0 execu\u00e7\u00e3o do CRESC ALGARVE 2020 na abertura do Algarve Tech Hub Summit - Algarve 7\" \/>\n<meta property=\"og:description\" content=\"Presidente da CCDR Algarve refor\u00e7a a prioridade \u00e0 execu\u00e7\u00e3o do CRESC ALGARVE 2020 na abertura do Algarve Tech Hub Summit Atualidade\" \/>\n<meta property=\"og:url\" content=\"https:\/\/algarve7.pt\/index.php\/2023\/06\/presidente-da-ccdr-algarve-reforca-a-prioridade-a-execucao-do-cresc-algarve-2020-na-abertura-do-algarve-tech-hub-summit\/atualidade\/15\/24\/\" \/>\n<meta property=\"og:site_name\" content=\"Algarve 7\" \/>\n<meta property=\"article:publisher\" content=\"https:\/\/www.facebook.com\/algarve7\" \/>\n<meta property=\"article:author\" content=\"https:\/\/www.facebook.com\/algarve7\" \/>\n<meta property=\"article:published_time\" content=\"2023-06-21T14:24:59+00:00\" \/>\n<meta property=\"article:modified_time\" content=\"2023-06-21T14:25:03+00:00\" \/>\n<meta property=\"og:image\" content=\"https:\/\/algarve7.pt\/wp-content\/uploads\/2023\/06\/CCDR.gif\" \/>\n\t<meta property=\"og:image:width\" content=\"1024\" \/>\n\t<meta property=\"og:image:height\" content=\"683\" \/>\n\t<meta property=\"og:image:type\" content=\"image\/gif\" \/>\n<meta name=\"author\" content=\"Algarve 7\" \/>\n<meta name=\"twitter:card\" content=\"summary_large_image\" \/>\n<meta name=\"twitter:creator\" content=\"@Algarvesete\" \/>\n<meta name=\"twitter:site\" content=\"@Algarvesete\" \/>\n<meta name=\"twitter:label1\" content=\"Escrito por\" \/>\n\t<meta name=\"twitter:data1\" content=\"Algarve 7\" \/>\n\t<meta name=\"twitter:label2\" content=\"Tempo estimado de leitura\" \/>\n\t<meta name=\"twitter:data2\" content=\"2 minutos\" \/>\n<script type=\"application\/ld+json\" class=\"yoast-schema-graph\">{\"@context\":\"https:\\\/\\\/schema.org\",\"@graph\":[{\"@type\":\"Article\",\"@id\":\"https:\\\/\\\/algarve7.pt\\\/index.php\\\/2023\\\/06\\\/presidente-da-ccdr-algarve-reforca-a-prioridade-a-execucao-do-cresc-algarve-2020-na-abertura-do-algarve-tech-hub-summit\\\/atualidade\\\/15\\\/24\\\/#article\",\"isPartOf\":{\"@id\":\"https:\\\/\\\/algarve7.pt\\\/index.php\\\/2023\\\/06\\\/presidente-da-ccdr-algarve-reforca-a-prioridade-a-execucao-do-cresc-algarve-2020-na-abertura-do-algarve-tech-hub-summit\\\/atualidade\\\/15\\\/24\\\/\"},\"author\":{\"name\":\"Algarve 7\",\"@id\":\"https:\\\/\\\/algarve7.pt\\\/#\\\/schema\\\/person\\\/23fa70681308e7b319a3204bcea45e0c\"},\"headline\":\"Presidente da CCDR Algarve refor\u00e7a a prioridade \u00e0 execu\u00e7\u00e3o do CRESC ALGARVE 2020 na abertura do Algarve Tech Hub Summit\",\"datePublished\":\"2023-06-21T14:24:59+00:00\",\"dateModified\":\"2023-06-21T14:25:03+00:00\",\"mainEntityOfPage\":{\"@id\":\"https:\\\/\\\/algarve7.pt\\\/index.php\\\/2023\\\/06\\\/presidente-da-ccdr-algarve-reforca-a-prioridade-a-execucao-do-cresc-algarve-2020-na-abertura-do-algarve-tech-hub-summit\\\/atualidade\\\/15\\\/24\\\/\"},\"wordCount\":326,\"publisher\":{\"@id\":\"https:\\\/\\\/algarve7.pt\\\/#organization\"},\"image\":{\"@id\":\"https:\\\/\\\/algarve7.pt\\\/index.php\\\/2023\\\/06\\\/presidente-da-ccdr-algarve-reforca-a-prioridade-a-execucao-do-cresc-algarve-2020-na-abertura-do-algarve-tech-hub-summit\\\/atualidade\\\/15\\\/24\\\/#primaryimage\"},\"thumbnailUrl\":\"https:\\\/\\\/algarve7.pt\\\/wp-content\\\/uploads\\\/2023\\\/06\\\/CCDR.gif\",\"keywords\":[\"Algarve\",\"Algarve Tech Hub Summit\",\"Atualidade\",\"CCDR Algarve\",\"Faro\"],\"articleSection\":[\"Atualidade\"],\"inLanguage\":\"pt-PT\"},{\"@type\":\"WebPage\",\"@id\":\"https:\\\/\\\/algarve7.pt\\\/index.php\\\/2023\\\/06\\\/presidente-da-ccdr-algarve-reforca-a-prioridade-a-execucao-do-cresc-algarve-2020-na-abertura-do-algarve-tech-hub-summit\\\/atualidade\\\/15\\\/24\\\/\",\"url\":\"https:\\\/\\\/algarve7.pt\\\/index.php\\\/2023\\\/06\\\/presidente-da-ccdr-algarve-reforca-a-prioridade-a-execucao-do-cresc-algarve-2020-na-abertura-do-algarve-tech-hub-summit\\\/atualidade\\\/15\\\/24\\\/\",\"name\":\"Presidente da CCDR Algarve refor\u00e7a a prioridade \u00e0 execu\u00e7\u00e3o do CRESC ALGARVE 2020 na abertura do Algarve Tech Hub Summit - Algarve 7\",\"isPartOf\":{\"@id\":\"https:\\\/\\\/algarve7.pt\\\/#website\"},\"primaryImageOfPage\":{\"@id\":\"https:\\\/\\\/algarve7.pt\\\/index.php\\\/2023\\\/06\\\/presidente-da-ccdr-algarve-reforca-a-prioridade-a-execucao-do-cresc-algarve-2020-na-abertura-do-algarve-tech-hub-summit\\\/atualidade\\\/15\\\/24\\\/#primaryimage\"},\"image\":{\"@id\":\"https:\\\/\\\/algarve7.pt\\\/index.php\\\/2023\\\/06\\\/presidente-da-ccdr-algarve-reforca-a-prioridade-a-execucao-do-cresc-algarve-2020-na-abertura-do-algarve-tech-hub-summit\\\/atualidade\\\/15\\\/24\\\/#primaryimage\"},\"thumbnailUrl\":\"https:\\\/\\\/algarve7.pt\\\/wp-content\\\/uploads\\\/2023\\\/06\\\/CCDR.gif\",\"datePublished\":\"2023-06-21T14:24:59+00:00\",\"dateModified\":\"2023-06-21T14:25:03+00:00\",\"description\":\"Presidente da CCDR Algarve refor\u00e7a a prioridade \u00e0 execu\u00e7\u00e3o do CRESC ALGARVE 2020 na abertura do Algarve Tech Hub Summit Atualidade\",\"breadcrumb\":{\"@id\":\"https:\\\/\\\/algarve7.pt\\\/index.php\\\/2023\\\/06\\\/presidente-da-ccdr-algarve-reforca-a-prioridade-a-execucao-do-cresc-algarve-2020-na-abertura-do-algarve-tech-hub-summit\\\/atualidade\\\/15\\\/24\\\/#breadcrumb\"},\"inLanguage\":\"pt-PT\",\"potentialAction\":[{\"@type\":\"ReadAction\",\"target\":[\"https:\\\/\\\/algarve7.pt\\\/index.php\\\/2023\\\/06\\\/presidente-da-ccdr-algarve-reforca-a-prioridade-a-execucao-do-cresc-algarve-2020-na-abertura-do-algarve-tech-hub-summit\\\/atualidade\\\/15\\\/24\\\/\"]}]},{\"@type\":\"ImageObject\",\"inLanguage\":\"pt-PT\",\"@id\":\"https:\\\/\\\/algarve7.pt\\\/index.php\\\/2023\\\/06\\\/presidente-da-ccdr-algarve-reforca-a-prioridade-a-execucao-do-cresc-algarve-2020-na-abertura-do-algarve-tech-hub-summit\\\/atualidade\\\/15\\\/24\\\/#primaryimage\",\"url\":\"https:\\\/\\\/algarve7.pt\\\/wp-content\\\/uploads\\\/2023\\\/06\\\/CCDR.gif\",\"contentUrl\":\"https:\\\/\\\/algarve7.pt\\\/wp-content\\\/uploads\\\/2023\\\/06\\\/CCDR.gif\",\"width\":1024,\"height\":683,\"caption\":\"Fotos: Jorge Gomes - Click Time Photo\u00ae\u00a9\"},{\"@type\":\"BreadcrumbList\",\"@id\":\"https:\\\/\\\/algarve7.pt\\\/index.php\\\/2023\\\/06\\\/presidente-da-ccdr-algarve-reforca-a-prioridade-a-execucao-do-cresc-algarve-2020-na-abertura-do-algarve-tech-hub-summit\\\/atualidade\\\/15\\\/24\\\/#breadcrumb\",\"itemListElement\":[{\"@type\":\"ListItem\",\"position\":1,\"name\":\"In\u00edcio\",\"item\":\"https:\\\/\\\/algarve7.pt\\\/\"},{\"@type\":\"ListItem\",\"position\":2,\"name\":\"Presidente da CCDR Algarve refor\u00e7a a prioridade \u00e0 execu\u00e7\u00e3o do CRESC ALGARVE 2020 na abertura do Algarve Tech Hub Summit\"}]},{\"@type\":\"WebSite\",\"@id\":\"https:\\\/\\\/algarve7.pt\\\/#website\",\"url\":\"https:\\\/\\\/algarve7.pt\\\/\",\"name\":\"Algarve 7\",\"description\":\"Informa\u00e7\u00e3o sobre o Algarve\",\"publisher\":{\"@id\":\"https:\\\/\\\/algarve7.pt\\\/#organization\"},\"potentialAction\":[{\"@type\":\"SearchAction\",\"target\":{\"@type\":\"EntryPoint\",\"urlTemplate\":\"https:\\\/\\\/algarve7.pt\\\/?s={search_term_string}\"},\"query-input\":{\"@type\":\"PropertyValueSpecification\",\"valueRequired\":true,\"valueName\":\"search_term_string\"}}],\"inLanguage\":\"pt-PT\"},{\"@type\":\"Organization\",\"@id\":\"https:\\\/\\\/algarve7.pt\\\/#organization\",\"name\":\"Algarve 7\",\"url\":\"https:\\\/\\\/algarve7.pt\\\/\",\"logo\":{\"@type\":\"ImageObject\",\"inLanguage\":\"pt-PT\",\"@id\":\"https:\\\/\\\/algarve7.pt\\\/#\\\/schema\\\/logo\\\/image\\\/\",\"url\":\"https:\\\/\\\/algarve7.pt\\\/wp-content\\\/uploads\\\/2020\\\/10\\\/Logo-8.jpg\",\"contentUrl\":\"https:\\\/\\\/algarve7.pt\\\/wp-content\\\/uploads\\\/2020\\\/10\\\/Logo-8.jpg\",\"width\":1680,\"height\":1186,\"caption\":\"Algarve 7\"},\"image\":{\"@id\":\"https:\\\/\\\/algarve7.pt\\\/#\\\/schema\\\/logo\\\/image\\\/\"},\"sameAs\":[\"https:\\\/\\\/www.facebook.com\\\/algarve7\",\"https:\\\/\\\/x.com\\\/Algarvesete\",\"https:\\\/\\\/www.instagram.com\\\/jornalalgarve7\\\/\",\"https:\\\/\\\/www.linkedin.com\\\/company\\\/algarve7\",\"https:\\\/\\\/www.pinterest.pt\\\/geral0939\\\/_created\\\/\"]},{\"@type\":\"Person\",\"@id\":\"https:\\\/\\\/algarve7.pt\\\/#\\\/schema\\\/person\\\/23fa70681308e7b319a3204bcea45e0c\",\"name\":\"Algarve 7\",\"sameAs\":[\"https:\\\/\\\/algarve7.pt\",\"https:\\\/\\\/www.facebook.com\\\/algarve7\"],\"url\":\"https:\\\/\\\/algarve7.pt\\\/index.php\\\/author\\\/geralalgarve7-pt\\\/\"}]}<\/script>\n<!-- \/ Yoast SEO plugin. -->","yoast_head_json":{"title":"Presidente da CCDR Algarve refor\u00e7a a prioridade \u00e0 execu\u00e7\u00e3o do CRESC ALGARVE 2020 na abertura do Algarve Tech Hub Summit - Algarve 7","description":"Presidente da CCDR Algarve refor\u00e7a a prioridade \u00e0 execu\u00e7\u00e3o do CRESC ALGARVE 2020 na abertura do Algarve Tech Hub Summit Atualidade","robots":{"index":"index","follow":"follow","max-snippet":"max-snippet:-1","max-image-preview":"max-image-preview:large","max-video-preview":"max-video-preview:-1"},"canonical":"https:\/\/algarve7.pt\/index.php\/2023\/06\/presidente-da-ccdr-algarve-reforca-a-prioridade-a-execucao-do-cresc-algarve-2020-na-abertura-do-algarve-tech-hub-summit\/atualidade\/15\/24\/","og_locale":"pt_PT","og_type":"article","og_title":"Presidente da CCDR Algarve refor\u00e7a a prioridade \u00e0 execu\u00e7\u00e3o do CRESC ALGARVE 2020 na abertura do Algarve Tech Hub Summit - Algarve 7","og_description":"Presidente da CCDR Algarve refor\u00e7a a prioridade \u00e0 execu\u00e7\u00e3o do CRESC ALGARVE 2020 na abertura do Algarve Tech Hub Summit Atualidade","og_url":"https:\/\/algarve7.pt\/index.php\/2023\/06\/presidente-da-ccdr-algarve-reforca-a-prioridade-a-execucao-do-cresc-algarve-2020-na-abertura-do-algarve-tech-hub-summit\/atualidade\/15\/24\/","og_site_name":"Algarve 7","article_publisher":"https:\/\/www.facebook.com\/algarve7","article_author":"https:\/\/www.facebook.com\/algarve7","article_published_time":"2023-06-21T14:24:59+00:00","article_modified_time":"2023-06-21T14:25:03+00:00","og_image":[{"width":1024,"height":683,"url":"https:\/\/algarve7.pt\/wp-content\/uploads\/2023\/06\/CCDR.gif","type":"image\/gif"}],"author":"Algarve 7","twitter_card":"summary_large_image","twitter_creator":"@Algarvesete","twitter_site":"@Algarvesete","twitter_misc":{"Escrito por":"Algarve 7","Tempo estimado de leitura":"2 minutos"},"schema":{"@context":"https:\/\/schema.org","@graph":[{"@type":"Article","@id":"https:\/\/algarve7.pt\/index.php\/2023\/06\/presidente-da-ccdr-algarve-reforca-a-prioridade-a-execucao-do-cresc-algarve-2020-na-abertura-do-algarve-tech-hub-summit\/atualidade\/15\/24\/#article","isPartOf":{"@id":"https:\/\/algarve7.pt\/index.php\/2023\/06\/presidente-da-ccdr-algarve-reforca-a-prioridade-a-execucao-do-cresc-algarve-2020-na-abertura-do-algarve-tech-hub-summit\/atualidade\/15\/24\/"},"author":{"name":"Algarve 7","@id":"https:\/\/algarve7.pt\/#\/schema\/person\/23fa70681308e7b319a3204bcea45e0c"},"headline":"Presidente da CCDR Algarve refor\u00e7a a prioridade \u00e0 execu\u00e7\u00e3o do CRESC ALGARVE 2020 na abertura do Algarve Tech Hub Summit","datePublished":"2023-06-21T14:24:59+00:00","dateModified":"2023-06-21T14:25:03+00:00","mainEntityOfPage":{"@id":"https:\/\/algarve7.pt\/index.php\/2023\/06\/presidente-da-ccdr-algarve-reforca-a-prioridade-a-execucao-do-cresc-algarve-2020-na-abertura-do-algarve-tech-hub-summit\/atualidade\/15\/24\/"},"wordCount":326,"publisher":{"@id":"https:\/\/algarve7.pt\/#organization"},"image":{"@id":"https:\/\/algarve7.pt\/index.php\/2023\/06\/presidente-da-ccdr-algarve-reforca-a-prioridade-a-execucao-do-cresc-algarve-2020-na-abertura-do-algarve-tech-hub-summit\/atualidade\/15\/24\/#primaryimage"},"thumbnailUrl":"https:\/\/algarve7.pt\/wp-content\/uploads\/2023\/06\/CCDR.gif","keywords":["Algarve","Algarve Tech Hub Summit","Atualidade","CCDR Algarve","Faro"],"articleSection":["Atualidade"],"inLanguage":"pt-PT"},{"@type":"WebPage","@id":"https:\/\/algarve7.pt\/index.php\/2023\/06\/presidente-da-ccdr-algarve-reforca-a-prioridade-a-execucao-do-cresc-algarve-2020-na-abertura-do-algarve-tech-hub-summit\/atualidade\/15\/24\/","url":"https:\/\/algarve7.pt\/index.php\/2023\/06\/presidente-da-ccdr-algarve-reforca-a-prioridade-a-execucao-do-cresc-algarve-2020-na-abertura-do-algarve-tech-hub-summit\/atualidade\/15\/24\/","name":"Presidente da CCDR Algarve refor\u00e7a a prioridade \u00e0 execu\u00e7\u00e3o do CRESC ALGARVE 2020 na abertura do Algarve Tech Hub Summit - Algarve 7","isPartOf":{"@id":"https:\/\/algarve7.pt\/#website"},"primaryImageOfPage":{"@id":"https:\/\/algarve7.pt\/index.php\/2023\/06\/presidente-da-ccdr-algarve-reforca-a-prioridade-a-execucao-do-cresc-algarve-2020-na-abertura-do-algarve-tech-hub-summit\/atualidade\/15\/24\/#primaryimage"},"image":{"@id":"https:\/\/algarve7.pt\/index.php\/2023\/06\/presidente-da-ccdr-algarve-reforca-a-prioridade-a-execucao-do-cresc-algarve-2020-na-abertura-do-algarve-tech-hub-summit\/atualidade\/15\/24\/#primaryimage"},"thumbnailUrl":"https:\/\/algarve7.pt\/wp-content\/uploads\/2023\/06\/CCDR.gif","datePublished":"2023-06-21T14:24:59+00:00","dateModified":"2023-06-21T14:25:03+00:00","description":"Presidente da CCDR Algarve refor\u00e7a a prioridade \u00e0 execu\u00e7\u00e3o do CRESC ALGARVE 2020 na abertura do Algarve Tech Hub Summit Atualidade","breadcrumb":{"@id":"https:\/\/algarve7.pt\/index.php\/2023\/06\/presidente-da-ccdr-algarve-reforca-a-prioridade-a-execucao-do-cresc-algarve-2020-na-abertura-do-algarve-tech-hub-summit\/atualidade\/15\/24\/#breadcrumb"},"inLanguage":"pt-PT","potentialAction":[{"@type":"ReadAction","target":["https:\/\/algarve7.pt\/index.php\/2023\/06\/presidente-da-ccdr-algarve-reforca-a-prioridade-a-execucao-do-cresc-algarve-2020-na-abertura-do-algarve-tech-hub-summit\/atualidade\/15\/24\/"]}]},{"@type":"ImageObject","inLanguage":"pt-PT","@id":"https:\/\/algarve7.pt\/index.php\/2023\/06\/presidente-da-ccdr-algarve-reforca-a-prioridade-a-execucao-do-cresc-algarve-2020-na-abertura-do-algarve-tech-hub-summit\/atualidade\/15\/24\/#primaryimage","url":"https:\/\/algarve7.pt\/wp-content\/uploads\/2023\/06\/CCDR.gif","contentUrl":"https:\/\/algarve7.pt\/wp-content\/uploads\/2023\/06\/CCDR.gif","width":1024,"height":683,"caption":"Fotos: Jorge Gomes - Click Time Photo\u00ae\u00a9"},{"@type":"BreadcrumbList","@id":"https:\/\/algarve7.pt\/index.php\/2023\/06\/presidente-da-ccdr-algarve-reforca-a-prioridade-a-execucao-do-cresc-algarve-2020-na-abertura-do-algarve-tech-hub-summit\/atualidade\/15\/24\/#breadcrumb","itemListElement":[{"@type":"ListItem","position":1,"name":"In\u00edcio","item":"https:\/\/algarve7.pt\/"},{"@type":"ListItem","position":2,"name":"Presidente da CCDR Algarve refor\u00e7a a prioridade \u00e0 execu\u00e7\u00e3o do CRESC ALGARVE 2020 na abertura do Algarve Tech Hub Summit"}]},{"@type":"WebSite","@id":"https:\/\/algarve7.pt\/#website","url":"https:\/\/algarve7.pt\/","name":"Algarve 7","description":"Informa\u00e7\u00e3o sobre o Algarve","publisher":{"@id":"https:\/\/algarve7.pt\/#organization"},"potentialAction":[{"@type":"SearchAction","target":{"@type":"EntryPoint","urlTemplate":"https:\/\/algarve7.pt\/?s={search_term_string}"},"query-input":{"@type":"PropertyValueSpecification","valueRequired":true,"valueName":"search_term_string"}}],"inLanguage":"pt-PT"},{"@type":"Organization","@id":"https:\/\/algarve7.pt\/#organization","name":"Algarve 7","url":"https:\/\/algarve7.pt\/","logo":{"@type":"ImageObject","inLanguage":"pt-PT","@id":"https:\/\/algarve7.pt\/#\/schema\/logo\/image\/","url":"https:\/\/algarve7.pt\/wp-content\/uploads\/2020\/10\/Logo-8.jpg","contentUrl":"https:\/\/algarve7.pt\/wp-content\/uploads\/2020\/10\/Logo-8.jpg","width":1680,"height":1186,"caption":"Algarve 7"},"image":{"@id":"https:\/\/algarve7.pt\/#\/schema\/logo\/image\/"},"sameAs":["https:\/\/www.facebook.com\/algarve7","https:\/\/x.com\/Algarvesete","https:\/\/www.instagram.com\/jornalalgarve7\/","https:\/\/www.linkedin.com\/company\/algarve7","https:\/\/www.pinterest.pt\/geral0939\/_created\/"]},{"@type":"Person","@id":"https:\/\/algarve7.pt\/#\/schema\/person\/23fa70681308e7b319a3204bcea45e0c","name":"Algarve 7","sameAs":["https:\/\/algarve7.pt","https:\/\/www.facebook.com\/algarve7"],"url":"https:\/\/algarve7.pt\/index.php\/author\/geralalgarve7-pt\/"}]}},"jetpack_publicize_connections":[],"jetpack_featured_media_url":"https:\/\/algarve7.pt\/wp-content\/uploads\/2023\/06\/CCDR.gif","jetpack_shortlink":"https:\/\/wp.me\/pcezmW-7vR","jetpack_sharing_enabled":true,"_links":{"self":[{"href":"https:\/\/algarve7.pt\/index.php\/wp-json\/wp\/v2\/posts\/28883","targetHints":{"allow":["GET"]}}],"collection":[{"href":"https:\/\/algarve7.pt\/index.php\/wp-json\/wp\/v2\/posts"}],"about":[{"href":"https:\/\/algarve7.pt\/index.php\/wp-json\/wp\/v2\/types\/post"}],"author":[{"embeddable":true,"href":"https:\/\/algarve7.pt\/index.php\/wp-json\/wp\/v2\/users\/1"}],"replies":[{"embeddable":true,"href":"https:\/\/algarve7.pt\/index.php\/wp-json\/wp\/v2\/comments?post=28883"}],"version-history":[{"count":0,"href":"https:\/\/algarve7.pt\/index.php\/wp-json\/wp\/v2\/posts\/28883\/revisions"}],"wp:featuredmedia":[{"embeddable":true,"href":"https:\/\/algarve7.pt\/index.php\/wp-json\/wp\/v2\/media\/28884"}],"wp:attachment":[{"href":"https:\/\/algarve7.pt\/index.php\/wp-json\/wp\/v2\/media?parent=28883"}],"wp:term":[{"taxonomy":"category","embeddable":true,"href":"https:\/\/algarve7.pt\/index.php\/wp-json\/wp\/v2\/categories?post=28883"},{"taxonomy":"post_tag","embeddable":true,"href":"https:\/\/algarve7.pt\/index.php\/wp-json\/wp\/v2\/tags?post=28883"}],"curies":[{"name":"wp","href":"https:\/\/api.w.org\/{rel}","templated":true}]}}