{"id":2887,"date":"2020-10-23T22:21:45","date_gmt":"2020-10-23T21:21:45","guid":{"rendered":"https:\/\/algarve7.pt\/?p=2887"},"modified":"2020-10-23T22:21:46","modified_gmt":"2020-10-23T21:21:46","slug":"municipio-mostra-mais-documentos-da-historia-de-olhao-na-av-da-republica","status":"publish","type":"post","link":"https:\/\/algarve7.pt\/index.php\/2020\/10\/municipio-mostra-mais-documentos-da-historia-de-olhao-na-av-da-republica\/cultura\/22\/21\/","title":{"rendered":"Munic\u00edpio mostra mais documentos da hist\u00f3ria de Olh\u00e3o na Av. da Rep\u00fablica"},"content":{"rendered":"\n<p>No \u00e2mbito das comemora\u00e7\u00f5es dos 325 anos da Par\u00f3quia de Nossa Senhora do Ros\u00e1rio de Olh\u00e3o, est\u00e1 patente no passeio central da Avenida da Rep\u00fablica, uma exposi\u00e7\u00e3o de rua da autoria do Arquivo Municipal, que mostra mais alguns documentos que fazem parte do esp\u00f3lio dos \u00faltimos tr\u00eas s\u00e9culos da Par\u00f3quia olhanense.<\/p>\n\n\n\n<p>A mostra d\u00e1 a conhecer um conjunto de oito documentos pertencentes ao Arquivo Municipal, Arquivo da Par\u00f3quia de Olh\u00e3o e Arquivo Nacional da Torre do Tombo, cujas datas se situam entre 1695 e 1983.&nbsp;<\/p>\n\n\n\n<p>Aqui, durante aproximadamente um ano, tal como acontece com a exposi\u00e7\u00e3o patente no Museu Municipal, \u00e9 poss\u00edvel encontrar, por exemplo, o alvar\u00e1 r\u00e9gio de eleva\u00e7\u00e3o da Feira de Olh\u00e3o a feira franca, datado de 1753, que vem revelar e confirmar a leg\u00edtima antiguidade e import\u00e2ncia da Feira de Olh\u00e3o que, curiosamente, desde essa data se realiza nos dias 28, 29 e 30 de setembro, um pedido do povo olhanense que foi concedido pelo Rei.<\/p>\n\n\n\n<p>Destaca-se, igualmente, o decreto de passagem da jurisdi\u00e7\u00e3o eclesi\u00e1stica da Ilha da Culatra para a Par\u00f3quia de Olh\u00e3o, datado de 1983, ou o Testamento de Jo\u00e3o da Rosa (1816), antigo escriv\u00e3o do Compromisso Mar\u00edtimo e autor do testemunho da revolta contra os franceses, ocorrida a 16 de junho de 1808.<\/p>\n","protected":false},"excerpt":{"rendered":"<p>No \u00e2mbito das comemora\u00e7\u00f5es dos 325 anos da Par\u00f3quia de Nossa Senhora do Ros\u00e1rio de Olh\u00e3o, est\u00e1 patente no passeio<\/p>\n","protected":false},"author":1,"featured_media":2888,"comment_status":"closed","ping_status":"open","sticky":false,"template":"","format":"standard","meta":{"colormag_page_container_layout":"default_layout","colormag_page_sidebar_layout":"default_layout","_monsterinsights_skip_tracking":false,"_monsterinsights_sitenote_active":false,"_monsterinsights_sitenote_note":"","_monsterinsights_sitenote_category":0,"jetpack_post_was_ever_published":false,"_jetpack_newsletter_access":"","_jetpack_dont_email_post_to_subs":false,"_jetpack_newsletter_tier_id":0,"_jetpack_memberships_contains_paywalled_content":false,"_jetpack_memberships_contains_paid_content":false,"footnotes":"","jetpack_publicize_message":"","jetpack_publicize_feature_enabled":true,"jetpack_social_post_already_shared":true,"jetpack_social_options":{"image_generator_settings":{"template":"highway","default_image_id":0,"font":"","enabled":false},"version":2}},"categories":[14],"tags":[36,35,66,37],"class_list":["post-2887","post","type-post","status-publish","format-standard","has-post-thumbnail","hentry","category-cultura","tag-algarve","tag-cultura","tag-exposicao","tag-olhao"],"yoast_head":"<!-- This site is optimized with the Yoast SEO plugin v27.5 - https:\/\/yoast.com\/product\/yoast-seo-wordpress\/ -->\n<title>Munic\u00edpio mostra mais documentos da hist\u00f3ria de Olh\u00e3o na Av. da Rep\u00fablica - Algarve 7<\/title>\n<meta name=\"description\" content=\"Munic\u00edpio mostra mais documentos da hist\u00f3ria de Olh\u00e3o na Av. da Rep\u00fablica\" \/>\n<meta name=\"robots\" content=\"index, follow, max-snippet:-1, max-image-preview:large, max-video-preview:-1\" \/>\n<link rel=\"canonical\" href=\"https:\/\/algarve7.pt\/index.php\/2020\/10\/municipio-mostra-mais-documentos-da-historia-de-olhao-na-av-da-republica\/cultura\/22\/21\/\" \/>\n<meta property=\"og:locale\" content=\"pt_PT\" \/>\n<meta property=\"og:type\" content=\"article\" \/>\n<meta property=\"og:title\" content=\"Munic\u00edpio mostra mais documentos da hist\u00f3ria de Olh\u00e3o na Av. da Rep\u00fablica - Algarve 7\" \/>\n<meta property=\"og:description\" content=\"Munic\u00edpio mostra mais documentos da hist\u00f3ria de Olh\u00e3o na Av. da Rep\u00fablica\" \/>\n<meta property=\"og:url\" content=\"https:\/\/algarve7.pt\/index.php\/2020\/10\/municipio-mostra-mais-documentos-da-historia-de-olhao-na-av-da-republica\/cultura\/22\/21\/\" \/>\n<meta property=\"og:site_name\" content=\"Algarve 7\" \/>\n<meta property=\"article:publisher\" content=\"https:\/\/www.facebook.com\/algarve7\" \/>\n<meta property=\"article:author\" content=\"https:\/\/www.facebook.com\/algarve7\" \/>\n<meta property=\"article:published_time\" content=\"2020-10-23T21:21:45+00:00\" \/>\n<meta property=\"article:modified_time\" content=\"2020-10-23T21:21:46+00:00\" \/>\n<meta property=\"og:image\" content=\"https:\/\/algarve7.pt\/wp-content\/uploads\/2020\/10\/2020-123-exposicao-rua-325-paroquia-olhao-04a.jpg\" \/>\n\t<meta property=\"og:image:width\" content=\"1500\" \/>\n\t<meta property=\"og:image:height\" content=\"1000\" \/>\n\t<meta property=\"og:image:type\" content=\"image\/jpeg\" \/>\n<meta name=\"author\" content=\"Algarve 7\" \/>\n<meta name=\"twitter:card\" content=\"summary_large_image\" \/>\n<meta name=\"twitter:creator\" content=\"@Algarvesete\" \/>\n<meta name=\"twitter:site\" content=\"@Algarvesete\" \/>\n<meta name=\"twitter:label1\" content=\"Escrito por\" \/>\n\t<meta name=\"twitter:data1\" content=\"Algarve 7\" \/>\n\t<meta name=\"twitter:label2\" content=\"Tempo estimado de leitura\" \/>\n\t<meta name=\"twitter:data2\" content=\"1 minuto\" \/>\n<script type=\"application\/ld+json\" class=\"yoast-schema-graph\">{\"@context\":\"https:\\\/\\\/schema.org\",\"@graph\":[{\"@type\":\"Article\",\"@id\":\"https:\\\/\\\/algarve7.pt\\\/index.php\\\/2020\\\/10\\\/municipio-mostra-mais-documentos-da-historia-de-olhao-na-av-da-republica\\\/cultura\\\/22\\\/21\\\/#article\",\"isPartOf\":{\"@id\":\"https:\\\/\\\/algarve7.pt\\\/index.php\\\/2020\\\/10\\\/municipio-mostra-mais-documentos-da-historia-de-olhao-na-av-da-republica\\\/cultura\\\/22\\\/21\\\/\"},\"author\":{\"name\":\"Algarve 7\",\"@id\":\"https:\\\/\\\/algarve7.pt\\\/#\\\/schema\\\/person\\\/23fa70681308e7b319a3204bcea45e0c\"},\"headline\":\"Munic\u00edpio mostra mais documentos da hist\u00f3ria de Olh\u00e3o na Av. da Rep\u00fablica\",\"datePublished\":\"2020-10-23T21:21:45+00:00\",\"dateModified\":\"2020-10-23T21:21:46+00:00\",\"mainEntityOfPage\":{\"@id\":\"https:\\\/\\\/algarve7.pt\\\/index.php\\\/2020\\\/10\\\/municipio-mostra-mais-documentos-da-historia-de-olhao-na-av-da-republica\\\/cultura\\\/22\\\/21\\\/\"},\"wordCount\":241,\"publisher\":{\"@id\":\"https:\\\/\\\/algarve7.pt\\\/#organization\"},\"image\":{\"@id\":\"https:\\\/\\\/algarve7.pt\\\/index.php\\\/2020\\\/10\\\/municipio-mostra-mais-documentos-da-historia-de-olhao-na-av-da-republica\\\/cultura\\\/22\\\/21\\\/#primaryimage\"},\"thumbnailUrl\":\"https:\\\/\\\/algarve7.pt\\\/wp-content\\\/uploads\\\/2020\\\/10\\\/2020-123-exposicao-rua-325-paroquia-olhao-04a.jpg\",\"keywords\":[\"Algarve\",\"Cultura\",\"Exposi\u00e7\u00e3o\",\"Olh\u00e3o\"],\"articleSection\":[\"Cultura\"],\"inLanguage\":\"pt-PT\"},{\"@type\":\"WebPage\",\"@id\":\"https:\\\/\\\/algarve7.pt\\\/index.php\\\/2020\\\/10\\\/municipio-mostra-mais-documentos-da-historia-de-olhao-na-av-da-republica\\\/cultura\\\/22\\\/21\\\/\",\"url\":\"https:\\\/\\\/algarve7.pt\\\/index.php\\\/2020\\\/10\\\/municipio-mostra-mais-documentos-da-historia-de-olhao-na-av-da-republica\\\/cultura\\\/22\\\/21\\\/\",\"name\":\"Munic\u00edpio mostra mais documentos da hist\u00f3ria de Olh\u00e3o na Av. da Rep\u00fablica - Algarve 7\",\"isPartOf\":{\"@id\":\"https:\\\/\\\/algarve7.pt\\\/#website\"},\"primaryImageOfPage\":{\"@id\":\"https:\\\/\\\/algarve7.pt\\\/index.php\\\/2020\\\/10\\\/municipio-mostra-mais-documentos-da-historia-de-olhao-na-av-da-republica\\\/cultura\\\/22\\\/21\\\/#primaryimage\"},\"image\":{\"@id\":\"https:\\\/\\\/algarve7.pt\\\/index.php\\\/2020\\\/10\\\/municipio-mostra-mais-documentos-da-historia-de-olhao-na-av-da-republica\\\/cultura\\\/22\\\/21\\\/#primaryimage\"},\"thumbnailUrl\":\"https:\\\/\\\/algarve7.pt\\\/wp-content\\\/uploads\\\/2020\\\/10\\\/2020-123-exposicao-rua-325-paroquia-olhao-04a.jpg\",\"datePublished\":\"2020-10-23T21:21:45+00:00\",\"dateModified\":\"2020-10-23T21:21:46+00:00\",\"description\":\"Munic\u00edpio mostra mais documentos da hist\u00f3ria de Olh\u00e3o na Av. da Rep\u00fablica\",\"breadcrumb\":{\"@id\":\"https:\\\/\\\/algarve7.pt\\\/index.php\\\/2020\\\/10\\\/municipio-mostra-mais-documentos-da-historia-de-olhao-na-av-da-republica\\\/cultura\\\/22\\\/21\\\/#breadcrumb\"},\"inLanguage\":\"pt-PT\",\"potentialAction\":[{\"@type\":\"ReadAction\",\"target\":[\"https:\\\/\\\/algarve7.pt\\\/index.php\\\/2020\\\/10\\\/municipio-mostra-mais-documentos-da-historia-de-olhao-na-av-da-republica\\\/cultura\\\/22\\\/21\\\/\"]}]},{\"@type\":\"ImageObject\",\"inLanguage\":\"pt-PT\",\"@id\":\"https:\\\/\\\/algarve7.pt\\\/index.php\\\/2020\\\/10\\\/municipio-mostra-mais-documentos-da-historia-de-olhao-na-av-da-republica\\\/cultura\\\/22\\\/21\\\/#primaryimage\",\"url\":\"https:\\\/\\\/algarve7.pt\\\/wp-content\\\/uploads\\\/2020\\\/10\\\/2020-123-exposicao-rua-325-paroquia-olhao-04a.jpg\",\"contentUrl\":\"https:\\\/\\\/algarve7.pt\\\/wp-content\\\/uploads\\\/2020\\\/10\\\/2020-123-exposicao-rua-325-paroquia-olhao-04a.jpg\",\"width\":1500,\"height\":1000},{\"@type\":\"BreadcrumbList\",\"@id\":\"https:\\\/\\\/algarve7.pt\\\/index.php\\\/2020\\\/10\\\/municipio-mostra-mais-documentos-da-historia-de-olhao-na-av-da-republica\\\/cultura\\\/22\\\/21\\\/#breadcrumb\",\"itemListElement\":[{\"@type\":\"ListItem\",\"position\":1,\"name\":\"In\u00edcio\",\"item\":\"https:\\\/\\\/algarve7.pt\\\/\"},{\"@type\":\"ListItem\",\"position\":2,\"name\":\"Munic\u00edpio mostra mais documentos da hist\u00f3ria de Olh\u00e3o na Av. da Rep\u00fablica\"}]},{\"@type\":\"WebSite\",\"@id\":\"https:\\\/\\\/algarve7.pt\\\/#website\",\"url\":\"https:\\\/\\\/algarve7.pt\\\/\",\"name\":\"Algarve 7\",\"description\":\"Informa\u00e7\u00e3o sobre o Algarve\",\"publisher\":{\"@id\":\"https:\\\/\\\/algarve7.pt\\\/#organization\"},\"potentialAction\":[{\"@type\":\"SearchAction\",\"target\":{\"@type\":\"EntryPoint\",\"urlTemplate\":\"https:\\\/\\\/algarve7.pt\\\/?s={search_term_string}\"},\"query-input\":{\"@type\":\"PropertyValueSpecification\",\"valueRequired\":true,\"valueName\":\"search_term_string\"}}],\"inLanguage\":\"pt-PT\"},{\"@type\":\"Organization\",\"@id\":\"https:\\\/\\\/algarve7.pt\\\/#organization\",\"name\":\"Algarve 7\",\"url\":\"https:\\\/\\\/algarve7.pt\\\/\",\"logo\":{\"@type\":\"ImageObject\",\"inLanguage\":\"pt-PT\",\"@id\":\"https:\\\/\\\/algarve7.pt\\\/#\\\/schema\\\/logo\\\/image\\\/\",\"url\":\"https:\\\/\\\/algarve7.pt\\\/wp-content\\\/uploads\\\/2020\\\/10\\\/Logo-8.jpg\",\"contentUrl\":\"https:\\\/\\\/algarve7.pt\\\/wp-content\\\/uploads\\\/2020\\\/10\\\/Logo-8.jpg\",\"width\":1680,\"height\":1186,\"caption\":\"Algarve 7\"},\"image\":{\"@id\":\"https:\\\/\\\/algarve7.pt\\\/#\\\/schema\\\/logo\\\/image\\\/\"},\"sameAs\":[\"https:\\\/\\\/www.facebook.com\\\/algarve7\",\"https:\\\/\\\/x.com\\\/Algarvesete\",\"https:\\\/\\\/www.instagram.com\\\/jornalalgarve7\\\/\",\"https:\\\/\\\/www.linkedin.com\\\/company\\\/algarve7\",\"https:\\\/\\\/www.pinterest.pt\\\/geral0939\\\/_created\\\/\"]},{\"@type\":\"Person\",\"@id\":\"https:\\\/\\\/algarve7.pt\\\/#\\\/schema\\\/person\\\/23fa70681308e7b319a3204bcea45e0c\",\"name\":\"Algarve 7\",\"sameAs\":[\"https:\\\/\\\/algarve7.pt\",\"https:\\\/\\\/www.facebook.com\\\/algarve7\"],\"url\":\"https:\\\/\\\/algarve7.pt\\\/index.php\\\/author\\\/geralalgarve7-pt\\\/\"}]}<\/script>\n<!-- \/ Yoast SEO plugin. -->","yoast_head_json":{"title":"Munic\u00edpio mostra mais documentos da hist\u00f3ria de Olh\u00e3o na Av. da Rep\u00fablica - Algarve 7","description":"Munic\u00edpio mostra mais documentos da hist\u00f3ria de Olh\u00e3o na Av. da Rep\u00fablica","robots":{"index":"index","follow":"follow","max-snippet":"max-snippet:-1","max-image-preview":"max-image-preview:large","max-video-preview":"max-video-preview:-1"},"canonical":"https:\/\/algarve7.pt\/index.php\/2020\/10\/municipio-mostra-mais-documentos-da-historia-de-olhao-na-av-da-republica\/cultura\/22\/21\/","og_locale":"pt_PT","og_type":"article","og_title":"Munic\u00edpio mostra mais documentos da hist\u00f3ria de Olh\u00e3o na Av. da Rep\u00fablica - Algarve 7","og_description":"Munic\u00edpio mostra mais documentos da hist\u00f3ria de Olh\u00e3o na Av. da Rep\u00fablica","og_url":"https:\/\/algarve7.pt\/index.php\/2020\/10\/municipio-mostra-mais-documentos-da-historia-de-olhao-na-av-da-republica\/cultura\/22\/21\/","og_site_name":"Algarve 7","article_publisher":"https:\/\/www.facebook.com\/algarve7","article_author":"https:\/\/www.facebook.com\/algarve7","article_published_time":"2020-10-23T21:21:45+00:00","article_modified_time":"2020-10-23T21:21:46+00:00","og_image":[{"width":1500,"height":1000,"url":"https:\/\/algarve7.pt\/wp-content\/uploads\/2020\/10\/2020-123-exposicao-rua-325-paroquia-olhao-04a.jpg","type":"image\/jpeg"}],"author":"Algarve 7","twitter_card":"summary_large_image","twitter_creator":"@Algarvesete","twitter_site":"@Algarvesete","twitter_misc":{"Escrito por":"Algarve 7","Tempo estimado de leitura":"1 minuto"},"schema":{"@context":"https:\/\/schema.org","@graph":[{"@type":"Article","@id":"https:\/\/algarve7.pt\/index.php\/2020\/10\/municipio-mostra-mais-documentos-da-historia-de-olhao-na-av-da-republica\/cultura\/22\/21\/#article","isPartOf":{"@id":"https:\/\/algarve7.pt\/index.php\/2020\/10\/municipio-mostra-mais-documentos-da-historia-de-olhao-na-av-da-republica\/cultura\/22\/21\/"},"author":{"name":"Algarve 7","@id":"https:\/\/algarve7.pt\/#\/schema\/person\/23fa70681308e7b319a3204bcea45e0c"},"headline":"Munic\u00edpio mostra mais documentos da hist\u00f3ria de Olh\u00e3o na Av. da Rep\u00fablica","datePublished":"2020-10-23T21:21:45+00:00","dateModified":"2020-10-23T21:21:46+00:00","mainEntityOfPage":{"@id":"https:\/\/algarve7.pt\/index.php\/2020\/10\/municipio-mostra-mais-documentos-da-historia-de-olhao-na-av-da-republica\/cultura\/22\/21\/"},"wordCount":241,"publisher":{"@id":"https:\/\/algarve7.pt\/#organization"},"image":{"@id":"https:\/\/algarve7.pt\/index.php\/2020\/10\/municipio-mostra-mais-documentos-da-historia-de-olhao-na-av-da-republica\/cultura\/22\/21\/#primaryimage"},"thumbnailUrl":"https:\/\/algarve7.pt\/wp-content\/uploads\/2020\/10\/2020-123-exposicao-rua-325-paroquia-olhao-04a.jpg","keywords":["Algarve","Cultura","Exposi\u00e7\u00e3o","Olh\u00e3o"],"articleSection":["Cultura"],"inLanguage":"pt-PT"},{"@type":"WebPage","@id":"https:\/\/algarve7.pt\/index.php\/2020\/10\/municipio-mostra-mais-documentos-da-historia-de-olhao-na-av-da-republica\/cultura\/22\/21\/","url":"https:\/\/algarve7.pt\/index.php\/2020\/10\/municipio-mostra-mais-documentos-da-historia-de-olhao-na-av-da-republica\/cultura\/22\/21\/","name":"Munic\u00edpio mostra mais documentos da hist\u00f3ria de Olh\u00e3o na Av. da Rep\u00fablica - Algarve 7","isPartOf":{"@id":"https:\/\/algarve7.pt\/#website"},"primaryImageOfPage":{"@id":"https:\/\/algarve7.pt\/index.php\/2020\/10\/municipio-mostra-mais-documentos-da-historia-de-olhao-na-av-da-republica\/cultura\/22\/21\/#primaryimage"},"image":{"@id":"https:\/\/algarve7.pt\/index.php\/2020\/10\/municipio-mostra-mais-documentos-da-historia-de-olhao-na-av-da-republica\/cultura\/22\/21\/#primaryimage"},"thumbnailUrl":"https:\/\/algarve7.pt\/wp-content\/uploads\/2020\/10\/2020-123-exposicao-rua-325-paroquia-olhao-04a.jpg","datePublished":"2020-10-23T21:21:45+00:00","dateModified":"2020-10-23T21:21:46+00:00","description":"Munic\u00edpio mostra mais documentos da hist\u00f3ria de Olh\u00e3o na Av. da Rep\u00fablica","breadcrumb":{"@id":"https:\/\/algarve7.pt\/index.php\/2020\/10\/municipio-mostra-mais-documentos-da-historia-de-olhao-na-av-da-republica\/cultura\/22\/21\/#breadcrumb"},"inLanguage":"pt-PT","potentialAction":[{"@type":"ReadAction","target":["https:\/\/algarve7.pt\/index.php\/2020\/10\/municipio-mostra-mais-documentos-da-historia-de-olhao-na-av-da-republica\/cultura\/22\/21\/"]}]},{"@type":"ImageObject","inLanguage":"pt-PT","@id":"https:\/\/algarve7.pt\/index.php\/2020\/10\/municipio-mostra-mais-documentos-da-historia-de-olhao-na-av-da-republica\/cultura\/22\/21\/#primaryimage","url":"https:\/\/algarve7.pt\/wp-content\/uploads\/2020\/10\/2020-123-exposicao-rua-325-paroquia-olhao-04a.jpg","contentUrl":"https:\/\/algarve7.pt\/wp-content\/uploads\/2020\/10\/2020-123-exposicao-rua-325-paroquia-olhao-04a.jpg","width":1500,"height":1000},{"@type":"BreadcrumbList","@id":"https:\/\/algarve7.pt\/index.php\/2020\/10\/municipio-mostra-mais-documentos-da-historia-de-olhao-na-av-da-republica\/cultura\/22\/21\/#breadcrumb","itemListElement":[{"@type":"ListItem","position":1,"name":"In\u00edcio","item":"https:\/\/algarve7.pt\/"},{"@type":"ListItem","position":2,"name":"Munic\u00edpio mostra mais documentos da hist\u00f3ria de Olh\u00e3o na Av. da Rep\u00fablica"}]},{"@type":"WebSite","@id":"https:\/\/algarve7.pt\/#website","url":"https:\/\/algarve7.pt\/","name":"Algarve 7","description":"Informa\u00e7\u00e3o sobre o Algarve","publisher":{"@id":"https:\/\/algarve7.pt\/#organization"},"potentialAction":[{"@type":"SearchAction","target":{"@type":"EntryPoint","urlTemplate":"https:\/\/algarve7.pt\/?s={search_term_string}"},"query-input":{"@type":"PropertyValueSpecification","valueRequired":true,"valueName":"search_term_string"}}],"inLanguage":"pt-PT"},{"@type":"Organization","@id":"https:\/\/algarve7.pt\/#organization","name":"Algarve 7","url":"https:\/\/algarve7.pt\/","logo":{"@type":"ImageObject","inLanguage":"pt-PT","@id":"https:\/\/algarve7.pt\/#\/schema\/logo\/image\/","url":"https:\/\/algarve7.pt\/wp-content\/uploads\/2020\/10\/Logo-8.jpg","contentUrl":"https:\/\/algarve7.pt\/wp-content\/uploads\/2020\/10\/Logo-8.jpg","width":1680,"height":1186,"caption":"Algarve 7"},"image":{"@id":"https:\/\/algarve7.pt\/#\/schema\/logo\/image\/"},"sameAs":["https:\/\/www.facebook.com\/algarve7","https:\/\/x.com\/Algarvesete","https:\/\/www.instagram.com\/jornalalgarve7\/","https:\/\/www.linkedin.com\/company\/algarve7","https:\/\/www.pinterest.pt\/geral0939\/_created\/"]},{"@type":"Person","@id":"https:\/\/algarve7.pt\/#\/schema\/person\/23fa70681308e7b319a3204bcea45e0c","name":"Algarve 7","sameAs":["https:\/\/algarve7.pt","https:\/\/www.facebook.com\/algarve7"],"url":"https:\/\/algarve7.pt\/index.php\/author\/geralalgarve7-pt\/"}]}},"jetpack_publicize_connections":[],"jetpack_featured_media_url":"https:\/\/algarve7.pt\/wp-content\/uploads\/2020\/10\/2020-123-exposicao-rua-325-paroquia-olhao-04a.jpg","jetpack_shortlink":"https:\/\/wp.me\/pcezmW-Kz","jetpack_sharing_enabled":true,"_links":{"self":[{"href":"https:\/\/algarve7.pt\/index.php\/wp-json\/wp\/v2\/posts\/2887","targetHints":{"allow":["GET"]}}],"collection":[{"href":"https:\/\/algarve7.pt\/index.php\/wp-json\/wp\/v2\/posts"}],"about":[{"href":"https:\/\/algarve7.pt\/index.php\/wp-json\/wp\/v2\/types\/post"}],"author":[{"embeddable":true,"href":"https:\/\/algarve7.pt\/index.php\/wp-json\/wp\/v2\/users\/1"}],"replies":[{"embeddable":true,"href":"https:\/\/algarve7.pt\/index.php\/wp-json\/wp\/v2\/comments?post=2887"}],"version-history":[{"count":0,"href":"https:\/\/algarve7.pt\/index.php\/wp-json\/wp\/v2\/posts\/2887\/revisions"}],"wp:featuredmedia":[{"embeddable":true,"href":"https:\/\/algarve7.pt\/index.php\/wp-json\/wp\/v2\/media\/2888"}],"wp:attachment":[{"href":"https:\/\/algarve7.pt\/index.php\/wp-json\/wp\/v2\/media?parent=2887"}],"wp:term":[{"taxonomy":"category","embeddable":true,"href":"https:\/\/algarve7.pt\/index.php\/wp-json\/wp\/v2\/categories?post=2887"},{"taxonomy":"post_tag","embeddable":true,"href":"https:\/\/algarve7.pt\/index.php\/wp-json\/wp\/v2\/tags?post=2887"}],"curies":[{"name":"wp","href":"https:\/\/api.w.org\/{rel}","templated":true}]}}