{"id":28849,"date":"2023-06-20T18:45:22","date_gmt":"2023-06-20T17:45:22","guid":{"rendered":"https:\/\/algarve7.pt\/?p=28849"},"modified":"2023-06-20T18:45:24","modified_gmt":"2023-06-20T17:45:24","slug":"reforco-de-5-milhoes-de-euros-para-a-promocao-turistica-externa-regional","status":"publish","type":"post","link":"https:\/\/algarve7.pt\/index.php\/2023\/06\/reforco-de-5-milhoes-de-euros-para-a-promocao-turistica-externa-regional\/turismo\/18\/45\/","title":{"rendered":"Refor\u00e7o de 5 milh\u00f5es de euros para a Promo\u00e7\u00e3o Tur\u00edstica Externa Regional"},"content":{"rendered":"\n<p>No decorrer do Conselho Estrat\u00e9gico para a Promo\u00e7\u00e3o Tur\u00edstica (CEPT), reunido, hoje, no Porto, foram apresentadas as linhas de orienta\u00e7\u00e3o para acesso das ag\u00eancias regionais de promo\u00e7\u00e3o tur\u00edstica \u00e0 dota\u00e7\u00e3o adicional de 5 milh\u00f5es de euros para a realiza\u00e7\u00e3o de Planos Extraordin\u00e1rios de Promo\u00e7\u00e3o Externa. O an\u00fancio foi feito pelo Secret\u00e1rio de Estado do Turismo, Com\u00e9rcio e Servi\u00e7os, Nuno Fazenda.<\/p>\n\n\n\n<p>A implementar pelas 7 Ag\u00eancias Regionais de Promo\u00e7\u00e3o Tur\u00edstica (ARPT), para refor\u00e7o da opera\u00e7\u00e3o das empresas portuguesas nos mercados externos, a dota\u00e7\u00e3o agora anunciada inscreve-se numa estrat\u00e9gia de crescimento sustent\u00e1vel do turismo nacional a n\u00edvel global.<\/p>\n\n\n\n<p>Esta reuni\u00e3o do CEPT n\u00e3o s\u00f3 foi o primeiro evento oficial em que participou o novo Conselho Diretivo do Turismo de Portugal, como foi, pela primeira vez, realizada fora de Lisboa, sinalizando, assim, a import\u00e2ncia da proximidade com os destinos regionais.<\/p>\n\n\n\n<p>No encontro estiveram em destaque os resultados tur\u00edsticos dos primeiros 4 meses de 2023. Em compara\u00e7\u00e3o com o per\u00edodo hom\u00f3logo de 2019, os n\u00fameros comprovam o contributo do Turismo para a recupera\u00e7\u00e3o da economia nacional, traduzido, entre outros registos, no aumento do n\u00famero de dormidas (14,2%), no incremento do indicador h\u00f3spedes (15,1%) e das receitas geradas (43%). No que reporta ao contributo dos mercados para este desempenho, os principais pa\u00edses emissores foram, por esta ordem, Reino Unido, Alemanha, Espanha, Fran\u00e7a e Estados Unidos.<\/p>\n\n\n\n<p>A aposta em mercados que permitam um maior crescimento em valor e na redu\u00e7\u00e3o da sazonalidade ser\u00e1 tamb\u00e9m uma das prioridades estrat\u00e9gicas a seguir neste ano, com particular \u00eanfase nos mercados maduros &#8211; Reino Unido, Espanha, Alemanha e Fran\u00e7a -, onde se pretende refor\u00e7ar a convers\u00e3o em vendas. Nos mercados de crescimento e de diversifica\u00e7\u00e3o ser\u00e3o refor\u00e7adas as a\u00e7\u00f5es de notoriedade de Portugal e dos seus destinos regionais, a par de uma atua\u00e7\u00e3o mais seletiva e de oportunidades.<\/p>\n\n\n\n<p>Na sua interven\u00e7\u00e3o, o Secret\u00e1rio de Estado do Turismo, Com\u00e9rcio e Servi\u00e7os, sublinhou que \u00absem preju\u00edzo de uma vis\u00e3o nacional, \u00e9 muito importante que as regi\u00f5es possam trabalhar e divulgar os seus ativos tur\u00edsticos territoriais espec\u00edficos. Ser\u00e1 com estrat\u00e9gia concertada e estreita colabora\u00e7\u00e3o que todos conseguiremos refor\u00e7ar o crescimento do turismo nacional\u00bb.<\/p>\n\n\n\n<p>O CEPT mant\u00e9m, portanto, no topo das prioridades estrat\u00e9gicas o crescimento da atividade tur\u00edstica, atrav\u00e9s de iniciativas que potenciem a internacionaliza\u00e7\u00e3o das empresas e das marcas portuguesas. O objetivo \u00e9 refor\u00e7ar o papel do turismo como fator de coes\u00e3o territorial e social do Pa\u00eds, atrav\u00e9s do refor\u00e7o da promo\u00e7\u00e3o dos destinos tur\u00edsticos regionais.<\/p>\n","protected":false},"excerpt":{"rendered":"<p>No decorrer do Conselho Estrat\u00e9gico para a Promo\u00e7\u00e3o Tur\u00edstica (CEPT), reunido, hoje, no Porto, foram apresentadas as linhas de orienta\u00e7\u00e3o<\/p>\n","protected":false},"author":1,"featured_media":25597,"comment_status":"closed","ping_status":"open","sticky":false,"template":"","format":"standard","meta":{"colormag_page_container_layout":"default_layout","colormag_page_sidebar_layout":"default_layout","_monsterinsights_skip_tracking":false,"_monsterinsights_sitenote_active":false,"_monsterinsights_sitenote_note":"","_monsterinsights_sitenote_category":0,"jetpack_post_was_ever_published":false,"_jetpack_newsletter_access":"","_jetpack_dont_email_post_to_subs":false,"_jetpack_newsletter_tier_id":0,"_jetpack_memberships_contains_paywalled_content":false,"_jetpack_memberships_contains_paid_content":false,"footnotes":"","jetpack_publicize_message":"","jetpack_publicize_feature_enabled":true,"jetpack_social_post_already_shared":true,"jetpack_social_options":{"image_generator_settings":{"template":"highway","default_image_id":0,"font":"","enabled":false},"version":2}},"categories":[17],"tags":[98,887,45],"class_list":["post-28849","post","type-post","status-publish","format-standard","has-post-thumbnail","hentry","category-turismo","tag-nacional","tag-nuno-fazenda","tag-turismo"],"yoast_head":"<!-- This site is optimized with the Yoast SEO plugin v27.4 - https:\/\/yoast.com\/product\/yoast-seo-wordpress\/ -->\n<title>Refor\u00e7o de 5 milh\u00f5es de euros para a Promo\u00e7\u00e3o Tur\u00edstica Externa Regional - Algarve 7<\/title>\n<meta name=\"description\" content=\"Refor\u00e7o de 5 milh\u00f5es de euros para a Promo\u00e7\u00e3o Tur\u00edstica Externa Regional Turismo\" \/>\n<meta name=\"robots\" content=\"index, follow, max-snippet:-1, max-image-preview:large, max-video-preview:-1\" \/>\n<link rel=\"canonical\" href=\"https:\/\/algarve7.pt\/index.php\/2023\/06\/reforco-de-5-milhoes-de-euros-para-a-promocao-turistica-externa-regional\/turismo\/18\/45\/\" \/>\n<meta property=\"og:locale\" content=\"pt_PT\" \/>\n<meta property=\"og:type\" content=\"article\" \/>\n<meta property=\"og:title\" content=\"Refor\u00e7o de 5 milh\u00f5es de euros para a Promo\u00e7\u00e3o Tur\u00edstica Externa Regional - Algarve 7\" \/>\n<meta property=\"og:description\" content=\"Refor\u00e7o de 5 milh\u00f5es de euros para a Promo\u00e7\u00e3o Tur\u00edstica Externa Regional Turismo\" \/>\n<meta property=\"og:url\" content=\"https:\/\/algarve7.pt\/index.php\/2023\/06\/reforco-de-5-milhoes-de-euros-para-a-promocao-turistica-externa-regional\/turismo\/18\/45\/\" \/>\n<meta property=\"og:site_name\" content=\"Algarve 7\" \/>\n<meta property=\"article:publisher\" content=\"https:\/\/www.facebook.com\/algarve7\" \/>\n<meta property=\"article:author\" content=\"https:\/\/www.facebook.com\/algarve7\" \/>\n<meta property=\"article:published_time\" content=\"2023-06-20T17:45:22+00:00\" \/>\n<meta property=\"article:modified_time\" content=\"2023-06-20T17:45:24+00:00\" \/>\n<meta property=\"og:image\" content=\"https:\/\/algarve7.pt\/wp-content\/uploads\/2023\/02\/Praia_vale_homens_m.jpg\" \/>\n\t<meta property=\"og:image:width\" content=\"1600\" \/>\n\t<meta property=\"og:image:height\" content=\"900\" \/>\n\t<meta property=\"og:image:type\" content=\"image\/jpeg\" \/>\n<meta name=\"author\" content=\"Algarve 7\" \/>\n<meta name=\"twitter:card\" content=\"summary_large_image\" \/>\n<meta name=\"twitter:creator\" content=\"@Algarvesete\" \/>\n<meta name=\"twitter:site\" content=\"@Algarvesete\" \/>\n<meta name=\"twitter:label1\" content=\"Escrito por\" \/>\n\t<meta name=\"twitter:data1\" content=\"Algarve 7\" \/>\n\t<meta name=\"twitter:label2\" content=\"Tempo estimado de leitura\" \/>\n\t<meta name=\"twitter:data2\" content=\"3 minutos\" \/>\n<script type=\"application\/ld+json\" class=\"yoast-schema-graph\">{\"@context\":\"https:\\\/\\\/schema.org\",\"@graph\":[{\"@type\":\"Article\",\"@id\":\"https:\\\/\\\/algarve7.pt\\\/index.php\\\/2023\\\/06\\\/reforco-de-5-milhoes-de-euros-para-a-promocao-turistica-externa-regional\\\/turismo\\\/18\\\/45\\\/#article\",\"isPartOf\":{\"@id\":\"https:\\\/\\\/algarve7.pt\\\/index.php\\\/2023\\\/06\\\/reforco-de-5-milhoes-de-euros-para-a-promocao-turistica-externa-regional\\\/turismo\\\/18\\\/45\\\/\"},\"author\":{\"name\":\"Algarve 7\",\"@id\":\"https:\\\/\\\/algarve7.pt\\\/#\\\/schema\\\/person\\\/23fa70681308e7b319a3204bcea45e0c\"},\"headline\":\"Refor\u00e7o de 5 milh\u00f5es de euros para a Promo\u00e7\u00e3o Tur\u00edstica Externa Regional\",\"datePublished\":\"2023-06-20T17:45:22+00:00\",\"dateModified\":\"2023-06-20T17:45:24+00:00\",\"mainEntityOfPage\":{\"@id\":\"https:\\\/\\\/algarve7.pt\\\/index.php\\\/2023\\\/06\\\/reforco-de-5-milhoes-de-euros-para-a-promocao-turistica-externa-regional\\\/turismo\\\/18\\\/45\\\/\"},\"wordCount\":480,\"publisher\":{\"@id\":\"https:\\\/\\\/algarve7.pt\\\/#organization\"},\"image\":{\"@id\":\"https:\\\/\\\/algarve7.pt\\\/index.php\\\/2023\\\/06\\\/reforco-de-5-milhoes-de-euros-para-a-promocao-turistica-externa-regional\\\/turismo\\\/18\\\/45\\\/#primaryimage\"},\"thumbnailUrl\":\"https:\\\/\\\/algarve7.pt\\\/wp-content\\\/uploads\\\/2023\\\/02\\\/Praia_vale_homens_m.jpg\",\"keywords\":[\"Nacional\",\"Nuno Fazenda\",\"Turismo\"],\"articleSection\":[\"Turismo\"],\"inLanguage\":\"pt-PT\"},{\"@type\":\"WebPage\",\"@id\":\"https:\\\/\\\/algarve7.pt\\\/index.php\\\/2023\\\/06\\\/reforco-de-5-milhoes-de-euros-para-a-promocao-turistica-externa-regional\\\/turismo\\\/18\\\/45\\\/\",\"url\":\"https:\\\/\\\/algarve7.pt\\\/index.php\\\/2023\\\/06\\\/reforco-de-5-milhoes-de-euros-para-a-promocao-turistica-externa-regional\\\/turismo\\\/18\\\/45\\\/\",\"name\":\"Refor\u00e7o de 5 milh\u00f5es de euros para a Promo\u00e7\u00e3o Tur\u00edstica Externa Regional - Algarve 7\",\"isPartOf\":{\"@id\":\"https:\\\/\\\/algarve7.pt\\\/#website\"},\"primaryImageOfPage\":{\"@id\":\"https:\\\/\\\/algarve7.pt\\\/index.php\\\/2023\\\/06\\\/reforco-de-5-milhoes-de-euros-para-a-promocao-turistica-externa-regional\\\/turismo\\\/18\\\/45\\\/#primaryimage\"},\"image\":{\"@id\":\"https:\\\/\\\/algarve7.pt\\\/index.php\\\/2023\\\/06\\\/reforco-de-5-milhoes-de-euros-para-a-promocao-turistica-externa-regional\\\/turismo\\\/18\\\/45\\\/#primaryimage\"},\"thumbnailUrl\":\"https:\\\/\\\/algarve7.pt\\\/wp-content\\\/uploads\\\/2023\\\/02\\\/Praia_vale_homens_m.jpg\",\"datePublished\":\"2023-06-20T17:45:22+00:00\",\"dateModified\":\"2023-06-20T17:45:24+00:00\",\"description\":\"Refor\u00e7o de 5 milh\u00f5es de euros para a Promo\u00e7\u00e3o Tur\u00edstica Externa Regional Turismo\",\"breadcrumb\":{\"@id\":\"https:\\\/\\\/algarve7.pt\\\/index.php\\\/2023\\\/06\\\/reforco-de-5-milhoes-de-euros-para-a-promocao-turistica-externa-regional\\\/turismo\\\/18\\\/45\\\/#breadcrumb\"},\"inLanguage\":\"pt-PT\",\"potentialAction\":[{\"@type\":\"ReadAction\",\"target\":[\"https:\\\/\\\/algarve7.pt\\\/index.php\\\/2023\\\/06\\\/reforco-de-5-milhoes-de-euros-para-a-promocao-turistica-externa-regional\\\/turismo\\\/18\\\/45\\\/\"]}]},{\"@type\":\"ImageObject\",\"inLanguage\":\"pt-PT\",\"@id\":\"https:\\\/\\\/algarve7.pt\\\/index.php\\\/2023\\\/06\\\/reforco-de-5-milhoes-de-euros-para-a-promocao-turistica-externa-regional\\\/turismo\\\/18\\\/45\\\/#primaryimage\",\"url\":\"https:\\\/\\\/algarve7.pt\\\/wp-content\\\/uploads\\\/2023\\\/02\\\/Praia_vale_homens_m.jpg\",\"contentUrl\":\"https:\\\/\\\/algarve7.pt\\\/wp-content\\\/uploads\\\/2023\\\/02\\\/Praia_vale_homens_m.jpg\",\"width\":1600,\"height\":900},{\"@type\":\"BreadcrumbList\",\"@id\":\"https:\\\/\\\/algarve7.pt\\\/index.php\\\/2023\\\/06\\\/reforco-de-5-milhoes-de-euros-para-a-promocao-turistica-externa-regional\\\/turismo\\\/18\\\/45\\\/#breadcrumb\",\"itemListElement\":[{\"@type\":\"ListItem\",\"position\":1,\"name\":\"In\u00edcio\",\"item\":\"https:\\\/\\\/algarve7.pt\\\/\"},{\"@type\":\"ListItem\",\"position\":2,\"name\":\"Refor\u00e7o de 5 milh\u00f5es de euros para a Promo\u00e7\u00e3o Tur\u00edstica Externa Regional\"}]},{\"@type\":\"WebSite\",\"@id\":\"https:\\\/\\\/algarve7.pt\\\/#website\",\"url\":\"https:\\\/\\\/algarve7.pt\\\/\",\"name\":\"Algarve 7\",\"description\":\"Informa\u00e7\u00e3o sobre o Algarve\",\"publisher\":{\"@id\":\"https:\\\/\\\/algarve7.pt\\\/#organization\"},\"potentialAction\":[{\"@type\":\"SearchAction\",\"target\":{\"@type\":\"EntryPoint\",\"urlTemplate\":\"https:\\\/\\\/algarve7.pt\\\/?s={search_term_string}\"},\"query-input\":{\"@type\":\"PropertyValueSpecification\",\"valueRequired\":true,\"valueName\":\"search_term_string\"}}],\"inLanguage\":\"pt-PT\"},{\"@type\":\"Organization\",\"@id\":\"https:\\\/\\\/algarve7.pt\\\/#organization\",\"name\":\"Algarve 7\",\"url\":\"https:\\\/\\\/algarve7.pt\\\/\",\"logo\":{\"@type\":\"ImageObject\",\"inLanguage\":\"pt-PT\",\"@id\":\"https:\\\/\\\/algarve7.pt\\\/#\\\/schema\\\/logo\\\/image\\\/\",\"url\":\"https:\\\/\\\/algarve7.pt\\\/wp-content\\\/uploads\\\/2020\\\/10\\\/Logo-8.jpg\",\"contentUrl\":\"https:\\\/\\\/algarve7.pt\\\/wp-content\\\/uploads\\\/2020\\\/10\\\/Logo-8.jpg\",\"width\":1680,\"height\":1186,\"caption\":\"Algarve 7\"},\"image\":{\"@id\":\"https:\\\/\\\/algarve7.pt\\\/#\\\/schema\\\/logo\\\/image\\\/\"},\"sameAs\":[\"https:\\\/\\\/www.facebook.com\\\/algarve7\",\"https:\\\/\\\/x.com\\\/Algarvesete\",\"https:\\\/\\\/www.instagram.com\\\/jornalalgarve7\\\/\",\"https:\\\/\\\/www.linkedin.com\\\/company\\\/algarve7\",\"https:\\\/\\\/www.pinterest.pt\\\/geral0939\\\/_created\\\/\"]},{\"@type\":\"Person\",\"@id\":\"https:\\\/\\\/algarve7.pt\\\/#\\\/schema\\\/person\\\/23fa70681308e7b319a3204bcea45e0c\",\"name\":\"Algarve 7\",\"sameAs\":[\"https:\\\/\\\/algarve7.pt\",\"https:\\\/\\\/www.facebook.com\\\/algarve7\"],\"url\":\"https:\\\/\\\/algarve7.pt\\\/index.php\\\/author\\\/geralalgarve7-pt\\\/\"}]}<\/script>\n<!-- \/ Yoast SEO plugin. -->","yoast_head_json":{"title":"Refor\u00e7o de 5 milh\u00f5es de euros para a Promo\u00e7\u00e3o Tur\u00edstica Externa Regional - Algarve 7","description":"Refor\u00e7o de 5 milh\u00f5es de euros para a Promo\u00e7\u00e3o Tur\u00edstica Externa Regional Turismo","robots":{"index":"index","follow":"follow","max-snippet":"max-snippet:-1","max-image-preview":"max-image-preview:large","max-video-preview":"max-video-preview:-1"},"canonical":"https:\/\/algarve7.pt\/index.php\/2023\/06\/reforco-de-5-milhoes-de-euros-para-a-promocao-turistica-externa-regional\/turismo\/18\/45\/","og_locale":"pt_PT","og_type":"article","og_title":"Refor\u00e7o de 5 milh\u00f5es de euros para a Promo\u00e7\u00e3o Tur\u00edstica Externa Regional - Algarve 7","og_description":"Refor\u00e7o de 5 milh\u00f5es de euros para a Promo\u00e7\u00e3o Tur\u00edstica Externa Regional Turismo","og_url":"https:\/\/algarve7.pt\/index.php\/2023\/06\/reforco-de-5-milhoes-de-euros-para-a-promocao-turistica-externa-regional\/turismo\/18\/45\/","og_site_name":"Algarve 7","article_publisher":"https:\/\/www.facebook.com\/algarve7","article_author":"https:\/\/www.facebook.com\/algarve7","article_published_time":"2023-06-20T17:45:22+00:00","article_modified_time":"2023-06-20T17:45:24+00:00","og_image":[{"width":1600,"height":900,"url":"https:\/\/algarve7.pt\/wp-content\/uploads\/2023\/02\/Praia_vale_homens_m.jpg","type":"image\/jpeg"}],"author":"Algarve 7","twitter_card":"summary_large_image","twitter_creator":"@Algarvesete","twitter_site":"@Algarvesete","twitter_misc":{"Escrito por":"Algarve 7","Tempo estimado de leitura":"3 minutos"},"schema":{"@context":"https:\/\/schema.org","@graph":[{"@type":"Article","@id":"https:\/\/algarve7.pt\/index.php\/2023\/06\/reforco-de-5-milhoes-de-euros-para-a-promocao-turistica-externa-regional\/turismo\/18\/45\/#article","isPartOf":{"@id":"https:\/\/algarve7.pt\/index.php\/2023\/06\/reforco-de-5-milhoes-de-euros-para-a-promocao-turistica-externa-regional\/turismo\/18\/45\/"},"author":{"name":"Algarve 7","@id":"https:\/\/algarve7.pt\/#\/schema\/person\/23fa70681308e7b319a3204bcea45e0c"},"headline":"Refor\u00e7o de 5 milh\u00f5es de euros para a Promo\u00e7\u00e3o Tur\u00edstica Externa Regional","datePublished":"2023-06-20T17:45:22+00:00","dateModified":"2023-06-20T17:45:24+00:00","mainEntityOfPage":{"@id":"https:\/\/algarve7.pt\/index.php\/2023\/06\/reforco-de-5-milhoes-de-euros-para-a-promocao-turistica-externa-regional\/turismo\/18\/45\/"},"wordCount":480,"publisher":{"@id":"https:\/\/algarve7.pt\/#organization"},"image":{"@id":"https:\/\/algarve7.pt\/index.php\/2023\/06\/reforco-de-5-milhoes-de-euros-para-a-promocao-turistica-externa-regional\/turismo\/18\/45\/#primaryimage"},"thumbnailUrl":"https:\/\/algarve7.pt\/wp-content\/uploads\/2023\/02\/Praia_vale_homens_m.jpg","keywords":["Nacional","Nuno Fazenda","Turismo"],"articleSection":["Turismo"],"inLanguage":"pt-PT"},{"@type":"WebPage","@id":"https:\/\/algarve7.pt\/index.php\/2023\/06\/reforco-de-5-milhoes-de-euros-para-a-promocao-turistica-externa-regional\/turismo\/18\/45\/","url":"https:\/\/algarve7.pt\/index.php\/2023\/06\/reforco-de-5-milhoes-de-euros-para-a-promocao-turistica-externa-regional\/turismo\/18\/45\/","name":"Refor\u00e7o de 5 milh\u00f5es de euros para a Promo\u00e7\u00e3o Tur\u00edstica Externa Regional - Algarve 7","isPartOf":{"@id":"https:\/\/algarve7.pt\/#website"},"primaryImageOfPage":{"@id":"https:\/\/algarve7.pt\/index.php\/2023\/06\/reforco-de-5-milhoes-de-euros-para-a-promocao-turistica-externa-regional\/turismo\/18\/45\/#primaryimage"},"image":{"@id":"https:\/\/algarve7.pt\/index.php\/2023\/06\/reforco-de-5-milhoes-de-euros-para-a-promocao-turistica-externa-regional\/turismo\/18\/45\/#primaryimage"},"thumbnailUrl":"https:\/\/algarve7.pt\/wp-content\/uploads\/2023\/02\/Praia_vale_homens_m.jpg","datePublished":"2023-06-20T17:45:22+00:00","dateModified":"2023-06-20T17:45:24+00:00","description":"Refor\u00e7o de 5 milh\u00f5es de euros para a Promo\u00e7\u00e3o Tur\u00edstica Externa Regional Turismo","breadcrumb":{"@id":"https:\/\/algarve7.pt\/index.php\/2023\/06\/reforco-de-5-milhoes-de-euros-para-a-promocao-turistica-externa-regional\/turismo\/18\/45\/#breadcrumb"},"inLanguage":"pt-PT","potentialAction":[{"@type":"ReadAction","target":["https:\/\/algarve7.pt\/index.php\/2023\/06\/reforco-de-5-milhoes-de-euros-para-a-promocao-turistica-externa-regional\/turismo\/18\/45\/"]}]},{"@type":"ImageObject","inLanguage":"pt-PT","@id":"https:\/\/algarve7.pt\/index.php\/2023\/06\/reforco-de-5-milhoes-de-euros-para-a-promocao-turistica-externa-regional\/turismo\/18\/45\/#primaryimage","url":"https:\/\/algarve7.pt\/wp-content\/uploads\/2023\/02\/Praia_vale_homens_m.jpg","contentUrl":"https:\/\/algarve7.pt\/wp-content\/uploads\/2023\/02\/Praia_vale_homens_m.jpg","width":1600,"height":900},{"@type":"BreadcrumbList","@id":"https:\/\/algarve7.pt\/index.php\/2023\/06\/reforco-de-5-milhoes-de-euros-para-a-promocao-turistica-externa-regional\/turismo\/18\/45\/#breadcrumb","itemListElement":[{"@type":"ListItem","position":1,"name":"In\u00edcio","item":"https:\/\/algarve7.pt\/"},{"@type":"ListItem","position":2,"name":"Refor\u00e7o de 5 milh\u00f5es de euros para a Promo\u00e7\u00e3o Tur\u00edstica Externa Regional"}]},{"@type":"WebSite","@id":"https:\/\/algarve7.pt\/#website","url":"https:\/\/algarve7.pt\/","name":"Algarve 7","description":"Informa\u00e7\u00e3o sobre o Algarve","publisher":{"@id":"https:\/\/algarve7.pt\/#organization"},"potentialAction":[{"@type":"SearchAction","target":{"@type":"EntryPoint","urlTemplate":"https:\/\/algarve7.pt\/?s={search_term_string}"},"query-input":{"@type":"PropertyValueSpecification","valueRequired":true,"valueName":"search_term_string"}}],"inLanguage":"pt-PT"},{"@type":"Organization","@id":"https:\/\/algarve7.pt\/#organization","name":"Algarve 7","url":"https:\/\/algarve7.pt\/","logo":{"@type":"ImageObject","inLanguage":"pt-PT","@id":"https:\/\/algarve7.pt\/#\/schema\/logo\/image\/","url":"https:\/\/algarve7.pt\/wp-content\/uploads\/2020\/10\/Logo-8.jpg","contentUrl":"https:\/\/algarve7.pt\/wp-content\/uploads\/2020\/10\/Logo-8.jpg","width":1680,"height":1186,"caption":"Algarve 7"},"image":{"@id":"https:\/\/algarve7.pt\/#\/schema\/logo\/image\/"},"sameAs":["https:\/\/www.facebook.com\/algarve7","https:\/\/x.com\/Algarvesete","https:\/\/www.instagram.com\/jornalalgarve7\/","https:\/\/www.linkedin.com\/company\/algarve7","https:\/\/www.pinterest.pt\/geral0939\/_created\/"]},{"@type":"Person","@id":"https:\/\/algarve7.pt\/#\/schema\/person\/23fa70681308e7b319a3204bcea45e0c","name":"Algarve 7","sameAs":["https:\/\/algarve7.pt","https:\/\/www.facebook.com\/algarve7"],"url":"https:\/\/algarve7.pt\/index.php\/author\/geralalgarve7-pt\/"}]}},"jetpack_publicize_connections":[],"jetpack_featured_media_url":"https:\/\/algarve7.pt\/wp-content\/uploads\/2023\/02\/Praia_vale_homens_m.jpg","jetpack_shortlink":"https:\/\/wp.me\/pcezmW-7vj","jetpack_sharing_enabled":true,"_links":{"self":[{"href":"https:\/\/algarve7.pt\/index.php\/wp-json\/wp\/v2\/posts\/28849","targetHints":{"allow":["GET"]}}],"collection":[{"href":"https:\/\/algarve7.pt\/index.php\/wp-json\/wp\/v2\/posts"}],"about":[{"href":"https:\/\/algarve7.pt\/index.php\/wp-json\/wp\/v2\/types\/post"}],"author":[{"embeddable":true,"href":"https:\/\/algarve7.pt\/index.php\/wp-json\/wp\/v2\/users\/1"}],"replies":[{"embeddable":true,"href":"https:\/\/algarve7.pt\/index.php\/wp-json\/wp\/v2\/comments?post=28849"}],"version-history":[{"count":0,"href":"https:\/\/algarve7.pt\/index.php\/wp-json\/wp\/v2\/posts\/28849\/revisions"}],"wp:featuredmedia":[{"embeddable":true,"href":"https:\/\/algarve7.pt\/index.php\/wp-json\/wp\/v2\/media\/25597"}],"wp:attachment":[{"href":"https:\/\/algarve7.pt\/index.php\/wp-json\/wp\/v2\/media?parent=28849"}],"wp:term":[{"taxonomy":"category","embeddable":true,"href":"https:\/\/algarve7.pt\/index.php\/wp-json\/wp\/v2\/categories?post=28849"},{"taxonomy":"post_tag","embeddable":true,"href":"https:\/\/algarve7.pt\/index.php\/wp-json\/wp\/v2\/tags?post=28849"}],"curies":[{"name":"wp","href":"https:\/\/api.w.org\/{rel}","templated":true}]}}