{"id":28842,"date":"2023-06-20T17:24:08","date_gmt":"2023-06-20T16:24:08","guid":{"rendered":"https:\/\/algarve7.pt\/?p=28842"},"modified":"2023-06-20T17:24:11","modified_gmt":"2023-06-20T16:24:11","slug":"caminhadas-ao-luar-estao-de-regresso-ao-concelho-de-lagoa","status":"publish","type":"post","link":"https:\/\/algarve7.pt\/index.php\/2023\/06\/caminhadas-ao-luar-estao-de-regresso-ao-concelho-de-lagoa\/desporto\/17\/24\/","title":{"rendered":"Caminhadas ao Luar\u00a0est\u00e3o de regresso ao concelho de Lagoa"},"content":{"rendered":"\n<p>Em 2023 as&nbsp;<strong>Caminhadas ao Luar<\/strong>&nbsp;est\u00e3o de regresso para mais seis sess\u00f5es de caminhada, ou corrida, iluminadas pela Lua!<\/p>\n\n\n\n<p>Sinopse: Este evento sem fins competitivos tem como objetivo incentivar os mun\u00edcipes a aumentar os seus n\u00edveis de atividade f\u00edsica de forma a melhorar a sua sa\u00fade geral. As marchas\/corridas s\u00e3o atividades que podem ser realizadas por pessoas de todas as idades, e que se adaptam a todos os estilos de vida.<\/p>\n\n\n\n<p>Nos meses de julho e agosto, \u00e0s 4\u00aas feiras, \u00e0s 20h30, iremos percorrer as v\u00e1rias freguesias do concelho, bem como os seus pontos mais emblem\u00e1ticos.<\/p>\n\n\n\n<p><strong>Programa:<\/strong><\/p>\n\n\n\n<p>12 de&nbsp;julho \u2013 Lagoa (Pavilh\u00e3o Municipal Jacinto Correia)<\/p>\n\n\n\n<p>19&nbsp;de julho \u2013 Porches (Largo da Igreja da Sra. da Rocha)<\/p>\n\n\n\n<p>26&nbsp;de julho \u2013 Parchal (Est\u00e1dio da Belavista)<\/p>\n\n\n\n<p>02&nbsp;de agosto \u2013 Ferragudo (Largo Rainha D. Leonor)<\/p>\n\n\n\n<p>09&nbsp;de agosto \u2013 Est\u00f4mbar (Jardim Municipal)<\/p>\n\n\n\n<p>16&nbsp;de agosto \u2013 Carvoeiro (Largo da Praia)<\/p>\n\n\n\n<p>As&nbsp;<strong>Caminhadas ao Luar<\/strong>disp\u00f5em de dois percursos com, aproximadamente,<strong><u>5km<\/u><\/strong>&nbsp;para quem opte por fazer Marcha \/ Caminhadae de&nbsp;<strong><u>10km<\/u><\/strong>&nbsp;para os adeptos da Corrida.<\/p>\n\n\n\n<p>As inscri\u00e7\u00f5es poder\u00e3o ser realizadas online no formul\u00e1rio pr\u00f3prio no site do munic\u00edpio (dispon\u00edvel a partir do dia 01 de julho), ou de forma presencial nas Secretarias dos Servi\u00e7os Municipais, nas Uni\u00f5es e Junta de Freguesia, ou no pr\u00f3prio dia no local da caminhada.<\/p>\n\n\n\n<p>Aconselha-se o uso individual de dispositivo port\u00e1til de luz.<\/p>\n\n\n\n<p>O acesso \u00e0s caminhadas ao luar \u00e9 gratuito.<\/p>\n","protected":false},"excerpt":{"rendered":"<p>Em 2023 as&nbsp;Caminhadas ao Luar&nbsp;est\u00e3o de regresso para mais seis sess\u00f5es de caminhada, ou corrida, iluminadas pela Lua! Sinopse: Este<\/p>\n","protected":false},"author":1,"featured_media":28843,"comment_status":"closed","ping_status":"open","sticky":false,"template":"","format":"standard","meta":{"colormag_page_container_layout":"default_layout","colormag_page_sidebar_layout":"default_layout","_monsterinsights_skip_tracking":false,"_monsterinsights_sitenote_active":false,"_monsterinsights_sitenote_note":"","_monsterinsights_sitenote_category":0,"jetpack_post_was_ever_published":false,"_jetpack_newsletter_access":"","_jetpack_dont_email_post_to_subs":false,"_jetpack_newsletter_tier_id":0,"_jetpack_memberships_contains_paywalled_content":false,"_jetpack_memberships_contains_paid_content":false,"footnotes":"","jetpack_publicize_message":"","jetpack_publicize_feature_enabled":true,"jetpack_social_post_already_shared":true,"jetpack_social_options":{"image_generator_settings":{"template":"highway","default_image_id":0,"font":"","enabled":false},"version":2}},"categories":[15],"tags":[36,377,40,48],"class_list":["post-28842","post","type-post","status-publish","format-standard","has-post-thumbnail","hentry","category-desporto","tag-algarve","tag-caminhadas","tag-desporto","tag-lagoa"],"yoast_head":"<!-- This site is optimized with the Yoast SEO plugin v27.4 - https:\/\/yoast.com\/product\/yoast-seo-wordpress\/ -->\n<title>Caminhadas ao Luar\u00a0est\u00e3o de regresso ao concelho de Lagoa - Algarve 7<\/title>\n<meta name=\"description\" content=\"Caminhadas ao Luar\u00a0est\u00e3o de regresso ao concelho de Lagoa Desporto\" \/>\n<meta name=\"robots\" content=\"index, follow, max-snippet:-1, max-image-preview:large, max-video-preview:-1\" \/>\n<link rel=\"canonical\" href=\"https:\/\/algarve7.pt\/index.php\/2023\/06\/caminhadas-ao-luar-estao-de-regresso-ao-concelho-de-lagoa\/desporto\/17\/24\/\" \/>\n<meta property=\"og:locale\" content=\"pt_PT\" \/>\n<meta property=\"og:type\" content=\"article\" \/>\n<meta property=\"og:title\" content=\"Caminhadas ao Luar\u00a0est\u00e3o de regresso ao concelho de Lagoa - Algarve 7\" \/>\n<meta property=\"og:description\" content=\"Caminhadas ao Luar\u00a0est\u00e3o de regresso ao concelho de Lagoa Desporto\" \/>\n<meta property=\"og:url\" content=\"https:\/\/algarve7.pt\/index.php\/2023\/06\/caminhadas-ao-luar-estao-de-regresso-ao-concelho-de-lagoa\/desporto\/17\/24\/\" \/>\n<meta property=\"og:site_name\" content=\"Algarve 7\" \/>\n<meta property=\"article:publisher\" content=\"https:\/\/www.facebook.com\/algarve7\" \/>\n<meta property=\"article:author\" content=\"https:\/\/www.facebook.com\/algarve7\" \/>\n<meta property=\"article:published_time\" content=\"2023-06-20T16:24:08+00:00\" \/>\n<meta property=\"article:modified_time\" content=\"2023-06-20T16:24:11+00:00\" \/>\n<meta property=\"og:image\" content=\"https:\/\/algarve7.pt\/wp-content\/uploads\/2023\/06\/Captura-de-ecra-2023-06-20-as-17.20.12.png\" \/>\n\t<meta property=\"og:image:width\" content=\"1024\" \/>\n\t<meta property=\"og:image:height\" content=\"789\" \/>\n\t<meta property=\"og:image:type\" content=\"image\/png\" \/>\n<meta name=\"author\" content=\"Algarve 7\" \/>\n<meta name=\"twitter:card\" content=\"summary_large_image\" \/>\n<meta name=\"twitter:creator\" content=\"@Algarvesete\" \/>\n<meta name=\"twitter:site\" content=\"@Algarvesete\" \/>\n<meta name=\"twitter:label1\" content=\"Escrito por\" \/>\n\t<meta name=\"twitter:data1\" content=\"Algarve 7\" \/>\n\t<meta name=\"twitter:label2\" content=\"Tempo estimado de leitura\" \/>\n\t<meta name=\"twitter:data2\" content=\"2 minutos\" \/>\n<script type=\"application\/ld+json\" class=\"yoast-schema-graph\">{\"@context\":\"https:\\\/\\\/schema.org\",\"@graph\":[{\"@type\":\"Article\",\"@id\":\"https:\\\/\\\/algarve7.pt\\\/index.php\\\/2023\\\/06\\\/caminhadas-ao-luar-estao-de-regresso-ao-concelho-de-lagoa\\\/desporto\\\/17\\\/24\\\/#article\",\"isPartOf\":{\"@id\":\"https:\\\/\\\/algarve7.pt\\\/index.php\\\/2023\\\/06\\\/caminhadas-ao-luar-estao-de-regresso-ao-concelho-de-lagoa\\\/desporto\\\/17\\\/24\\\/\"},\"author\":{\"name\":\"Algarve 7\",\"@id\":\"https:\\\/\\\/algarve7.pt\\\/#\\\/schema\\\/person\\\/23fa70681308e7b319a3204bcea45e0c\"},\"headline\":\"Caminhadas ao Luar\u00a0est\u00e3o de regresso ao concelho de Lagoa\",\"datePublished\":\"2023-06-20T16:24:08+00:00\",\"dateModified\":\"2023-06-20T16:24:11+00:00\",\"mainEntityOfPage\":{\"@id\":\"https:\\\/\\\/algarve7.pt\\\/index.php\\\/2023\\\/06\\\/caminhadas-ao-luar-estao-de-regresso-ao-concelho-de-lagoa\\\/desporto\\\/17\\\/24\\\/\"},\"wordCount\":268,\"publisher\":{\"@id\":\"https:\\\/\\\/algarve7.pt\\\/#organization\"},\"image\":{\"@id\":\"https:\\\/\\\/algarve7.pt\\\/index.php\\\/2023\\\/06\\\/caminhadas-ao-luar-estao-de-regresso-ao-concelho-de-lagoa\\\/desporto\\\/17\\\/24\\\/#primaryimage\"},\"thumbnailUrl\":\"https:\\\/\\\/algarve7.pt\\\/wp-content\\\/uploads\\\/2023\\\/06\\\/Captura-de-ecra-2023-06-20-as-17.20.12.png\",\"keywords\":[\"Algarve\",\"Caminhadas\",\"Desporto\",\"Lagoa\"],\"articleSection\":[\"Desporto\"],\"inLanguage\":\"pt-PT\"},{\"@type\":\"WebPage\",\"@id\":\"https:\\\/\\\/algarve7.pt\\\/index.php\\\/2023\\\/06\\\/caminhadas-ao-luar-estao-de-regresso-ao-concelho-de-lagoa\\\/desporto\\\/17\\\/24\\\/\",\"url\":\"https:\\\/\\\/algarve7.pt\\\/index.php\\\/2023\\\/06\\\/caminhadas-ao-luar-estao-de-regresso-ao-concelho-de-lagoa\\\/desporto\\\/17\\\/24\\\/\",\"name\":\"Caminhadas ao Luar\u00a0est\u00e3o de regresso ao concelho de Lagoa - Algarve 7\",\"isPartOf\":{\"@id\":\"https:\\\/\\\/algarve7.pt\\\/#website\"},\"primaryImageOfPage\":{\"@id\":\"https:\\\/\\\/algarve7.pt\\\/index.php\\\/2023\\\/06\\\/caminhadas-ao-luar-estao-de-regresso-ao-concelho-de-lagoa\\\/desporto\\\/17\\\/24\\\/#primaryimage\"},\"image\":{\"@id\":\"https:\\\/\\\/algarve7.pt\\\/index.php\\\/2023\\\/06\\\/caminhadas-ao-luar-estao-de-regresso-ao-concelho-de-lagoa\\\/desporto\\\/17\\\/24\\\/#primaryimage\"},\"thumbnailUrl\":\"https:\\\/\\\/algarve7.pt\\\/wp-content\\\/uploads\\\/2023\\\/06\\\/Captura-de-ecra-2023-06-20-as-17.20.12.png\",\"datePublished\":\"2023-06-20T16:24:08+00:00\",\"dateModified\":\"2023-06-20T16:24:11+00:00\",\"description\":\"Caminhadas ao Luar\u00a0est\u00e3o de regresso ao concelho de Lagoa Desporto\",\"breadcrumb\":{\"@id\":\"https:\\\/\\\/algarve7.pt\\\/index.php\\\/2023\\\/06\\\/caminhadas-ao-luar-estao-de-regresso-ao-concelho-de-lagoa\\\/desporto\\\/17\\\/24\\\/#breadcrumb\"},\"inLanguage\":\"pt-PT\",\"potentialAction\":[{\"@type\":\"ReadAction\",\"target\":[\"https:\\\/\\\/algarve7.pt\\\/index.php\\\/2023\\\/06\\\/caminhadas-ao-luar-estao-de-regresso-ao-concelho-de-lagoa\\\/desporto\\\/17\\\/24\\\/\"]}]},{\"@type\":\"ImageObject\",\"inLanguage\":\"pt-PT\",\"@id\":\"https:\\\/\\\/algarve7.pt\\\/index.php\\\/2023\\\/06\\\/caminhadas-ao-luar-estao-de-regresso-ao-concelho-de-lagoa\\\/desporto\\\/17\\\/24\\\/#primaryimage\",\"url\":\"https:\\\/\\\/algarve7.pt\\\/wp-content\\\/uploads\\\/2023\\\/06\\\/Captura-de-ecra-2023-06-20-as-17.20.12.png\",\"contentUrl\":\"https:\\\/\\\/algarve7.pt\\\/wp-content\\\/uploads\\\/2023\\\/06\\\/Captura-de-ecra-2023-06-20-as-17.20.12.png\",\"width\":1024,\"height\":789},{\"@type\":\"BreadcrumbList\",\"@id\":\"https:\\\/\\\/algarve7.pt\\\/index.php\\\/2023\\\/06\\\/caminhadas-ao-luar-estao-de-regresso-ao-concelho-de-lagoa\\\/desporto\\\/17\\\/24\\\/#breadcrumb\",\"itemListElement\":[{\"@type\":\"ListItem\",\"position\":1,\"name\":\"In\u00edcio\",\"item\":\"https:\\\/\\\/algarve7.pt\\\/\"},{\"@type\":\"ListItem\",\"position\":2,\"name\":\"Caminhadas ao Luar\u00a0est\u00e3o de regresso ao concelho de Lagoa\"}]},{\"@type\":\"WebSite\",\"@id\":\"https:\\\/\\\/algarve7.pt\\\/#website\",\"url\":\"https:\\\/\\\/algarve7.pt\\\/\",\"name\":\"Algarve 7\",\"description\":\"Informa\u00e7\u00e3o sobre o Algarve\",\"publisher\":{\"@id\":\"https:\\\/\\\/algarve7.pt\\\/#organization\"},\"potentialAction\":[{\"@type\":\"SearchAction\",\"target\":{\"@type\":\"EntryPoint\",\"urlTemplate\":\"https:\\\/\\\/algarve7.pt\\\/?s={search_term_string}\"},\"query-input\":{\"@type\":\"PropertyValueSpecification\",\"valueRequired\":true,\"valueName\":\"search_term_string\"}}],\"inLanguage\":\"pt-PT\"},{\"@type\":\"Organization\",\"@id\":\"https:\\\/\\\/algarve7.pt\\\/#organization\",\"name\":\"Algarve 7\",\"url\":\"https:\\\/\\\/algarve7.pt\\\/\",\"logo\":{\"@type\":\"ImageObject\",\"inLanguage\":\"pt-PT\",\"@id\":\"https:\\\/\\\/algarve7.pt\\\/#\\\/schema\\\/logo\\\/image\\\/\",\"url\":\"https:\\\/\\\/algarve7.pt\\\/wp-content\\\/uploads\\\/2020\\\/10\\\/Logo-8.jpg\",\"contentUrl\":\"https:\\\/\\\/algarve7.pt\\\/wp-content\\\/uploads\\\/2020\\\/10\\\/Logo-8.jpg\",\"width\":1680,\"height\":1186,\"caption\":\"Algarve 7\"},\"image\":{\"@id\":\"https:\\\/\\\/algarve7.pt\\\/#\\\/schema\\\/logo\\\/image\\\/\"},\"sameAs\":[\"https:\\\/\\\/www.facebook.com\\\/algarve7\",\"https:\\\/\\\/x.com\\\/Algarvesete\",\"https:\\\/\\\/www.instagram.com\\\/jornalalgarve7\\\/\",\"https:\\\/\\\/www.linkedin.com\\\/company\\\/algarve7\",\"https:\\\/\\\/www.pinterest.pt\\\/geral0939\\\/_created\\\/\"]},{\"@type\":\"Person\",\"@id\":\"https:\\\/\\\/algarve7.pt\\\/#\\\/schema\\\/person\\\/23fa70681308e7b319a3204bcea45e0c\",\"name\":\"Algarve 7\",\"sameAs\":[\"https:\\\/\\\/algarve7.pt\",\"https:\\\/\\\/www.facebook.com\\\/algarve7\"],\"url\":\"https:\\\/\\\/algarve7.pt\\\/index.php\\\/author\\\/geralalgarve7-pt\\\/\"}]}<\/script>\n<!-- \/ Yoast SEO plugin. -->","yoast_head_json":{"title":"Caminhadas ao Luar\u00a0est\u00e3o de regresso ao concelho de Lagoa - Algarve 7","description":"Caminhadas ao Luar\u00a0est\u00e3o de regresso ao concelho de Lagoa Desporto","robots":{"index":"index","follow":"follow","max-snippet":"max-snippet:-1","max-image-preview":"max-image-preview:large","max-video-preview":"max-video-preview:-1"},"canonical":"https:\/\/algarve7.pt\/index.php\/2023\/06\/caminhadas-ao-luar-estao-de-regresso-ao-concelho-de-lagoa\/desporto\/17\/24\/","og_locale":"pt_PT","og_type":"article","og_title":"Caminhadas ao Luar\u00a0est\u00e3o de regresso ao concelho de Lagoa - Algarve 7","og_description":"Caminhadas ao Luar\u00a0est\u00e3o de regresso ao concelho de Lagoa Desporto","og_url":"https:\/\/algarve7.pt\/index.php\/2023\/06\/caminhadas-ao-luar-estao-de-regresso-ao-concelho-de-lagoa\/desporto\/17\/24\/","og_site_name":"Algarve 7","article_publisher":"https:\/\/www.facebook.com\/algarve7","article_author":"https:\/\/www.facebook.com\/algarve7","article_published_time":"2023-06-20T16:24:08+00:00","article_modified_time":"2023-06-20T16:24:11+00:00","og_image":[{"width":1024,"height":789,"url":"https:\/\/algarve7.pt\/wp-content\/uploads\/2023\/06\/Captura-de-ecra-2023-06-20-as-17.20.12.png","type":"image\/png"}],"author":"Algarve 7","twitter_card":"summary_large_image","twitter_creator":"@Algarvesete","twitter_site":"@Algarvesete","twitter_misc":{"Escrito por":"Algarve 7","Tempo estimado de leitura":"2 minutos"},"schema":{"@context":"https:\/\/schema.org","@graph":[{"@type":"Article","@id":"https:\/\/algarve7.pt\/index.php\/2023\/06\/caminhadas-ao-luar-estao-de-regresso-ao-concelho-de-lagoa\/desporto\/17\/24\/#article","isPartOf":{"@id":"https:\/\/algarve7.pt\/index.php\/2023\/06\/caminhadas-ao-luar-estao-de-regresso-ao-concelho-de-lagoa\/desporto\/17\/24\/"},"author":{"name":"Algarve 7","@id":"https:\/\/algarve7.pt\/#\/schema\/person\/23fa70681308e7b319a3204bcea45e0c"},"headline":"Caminhadas ao Luar\u00a0est\u00e3o de regresso ao concelho de Lagoa","datePublished":"2023-06-20T16:24:08+00:00","dateModified":"2023-06-20T16:24:11+00:00","mainEntityOfPage":{"@id":"https:\/\/algarve7.pt\/index.php\/2023\/06\/caminhadas-ao-luar-estao-de-regresso-ao-concelho-de-lagoa\/desporto\/17\/24\/"},"wordCount":268,"publisher":{"@id":"https:\/\/algarve7.pt\/#organization"},"image":{"@id":"https:\/\/algarve7.pt\/index.php\/2023\/06\/caminhadas-ao-luar-estao-de-regresso-ao-concelho-de-lagoa\/desporto\/17\/24\/#primaryimage"},"thumbnailUrl":"https:\/\/algarve7.pt\/wp-content\/uploads\/2023\/06\/Captura-de-ecra-2023-06-20-as-17.20.12.png","keywords":["Algarve","Caminhadas","Desporto","Lagoa"],"articleSection":["Desporto"],"inLanguage":"pt-PT"},{"@type":"WebPage","@id":"https:\/\/algarve7.pt\/index.php\/2023\/06\/caminhadas-ao-luar-estao-de-regresso-ao-concelho-de-lagoa\/desporto\/17\/24\/","url":"https:\/\/algarve7.pt\/index.php\/2023\/06\/caminhadas-ao-luar-estao-de-regresso-ao-concelho-de-lagoa\/desporto\/17\/24\/","name":"Caminhadas ao Luar\u00a0est\u00e3o de regresso ao concelho de Lagoa - Algarve 7","isPartOf":{"@id":"https:\/\/algarve7.pt\/#website"},"primaryImageOfPage":{"@id":"https:\/\/algarve7.pt\/index.php\/2023\/06\/caminhadas-ao-luar-estao-de-regresso-ao-concelho-de-lagoa\/desporto\/17\/24\/#primaryimage"},"image":{"@id":"https:\/\/algarve7.pt\/index.php\/2023\/06\/caminhadas-ao-luar-estao-de-regresso-ao-concelho-de-lagoa\/desporto\/17\/24\/#primaryimage"},"thumbnailUrl":"https:\/\/algarve7.pt\/wp-content\/uploads\/2023\/06\/Captura-de-ecra-2023-06-20-as-17.20.12.png","datePublished":"2023-06-20T16:24:08+00:00","dateModified":"2023-06-20T16:24:11+00:00","description":"Caminhadas ao Luar\u00a0est\u00e3o de regresso ao concelho de Lagoa Desporto","breadcrumb":{"@id":"https:\/\/algarve7.pt\/index.php\/2023\/06\/caminhadas-ao-luar-estao-de-regresso-ao-concelho-de-lagoa\/desporto\/17\/24\/#breadcrumb"},"inLanguage":"pt-PT","potentialAction":[{"@type":"ReadAction","target":["https:\/\/algarve7.pt\/index.php\/2023\/06\/caminhadas-ao-luar-estao-de-regresso-ao-concelho-de-lagoa\/desporto\/17\/24\/"]}]},{"@type":"ImageObject","inLanguage":"pt-PT","@id":"https:\/\/algarve7.pt\/index.php\/2023\/06\/caminhadas-ao-luar-estao-de-regresso-ao-concelho-de-lagoa\/desporto\/17\/24\/#primaryimage","url":"https:\/\/algarve7.pt\/wp-content\/uploads\/2023\/06\/Captura-de-ecra-2023-06-20-as-17.20.12.png","contentUrl":"https:\/\/algarve7.pt\/wp-content\/uploads\/2023\/06\/Captura-de-ecra-2023-06-20-as-17.20.12.png","width":1024,"height":789},{"@type":"BreadcrumbList","@id":"https:\/\/algarve7.pt\/index.php\/2023\/06\/caminhadas-ao-luar-estao-de-regresso-ao-concelho-de-lagoa\/desporto\/17\/24\/#breadcrumb","itemListElement":[{"@type":"ListItem","position":1,"name":"In\u00edcio","item":"https:\/\/algarve7.pt\/"},{"@type":"ListItem","position":2,"name":"Caminhadas ao Luar\u00a0est\u00e3o de regresso ao concelho de Lagoa"}]},{"@type":"WebSite","@id":"https:\/\/algarve7.pt\/#website","url":"https:\/\/algarve7.pt\/","name":"Algarve 7","description":"Informa\u00e7\u00e3o sobre o Algarve","publisher":{"@id":"https:\/\/algarve7.pt\/#organization"},"potentialAction":[{"@type":"SearchAction","target":{"@type":"EntryPoint","urlTemplate":"https:\/\/algarve7.pt\/?s={search_term_string}"},"query-input":{"@type":"PropertyValueSpecification","valueRequired":true,"valueName":"search_term_string"}}],"inLanguage":"pt-PT"},{"@type":"Organization","@id":"https:\/\/algarve7.pt\/#organization","name":"Algarve 7","url":"https:\/\/algarve7.pt\/","logo":{"@type":"ImageObject","inLanguage":"pt-PT","@id":"https:\/\/algarve7.pt\/#\/schema\/logo\/image\/","url":"https:\/\/algarve7.pt\/wp-content\/uploads\/2020\/10\/Logo-8.jpg","contentUrl":"https:\/\/algarve7.pt\/wp-content\/uploads\/2020\/10\/Logo-8.jpg","width":1680,"height":1186,"caption":"Algarve 7"},"image":{"@id":"https:\/\/algarve7.pt\/#\/schema\/logo\/image\/"},"sameAs":["https:\/\/www.facebook.com\/algarve7","https:\/\/x.com\/Algarvesete","https:\/\/www.instagram.com\/jornalalgarve7\/","https:\/\/www.linkedin.com\/company\/algarve7","https:\/\/www.pinterest.pt\/geral0939\/_created\/"]},{"@type":"Person","@id":"https:\/\/algarve7.pt\/#\/schema\/person\/23fa70681308e7b319a3204bcea45e0c","name":"Algarve 7","sameAs":["https:\/\/algarve7.pt","https:\/\/www.facebook.com\/algarve7"],"url":"https:\/\/algarve7.pt\/index.php\/author\/geralalgarve7-pt\/"}]}},"jetpack_publicize_connections":[],"jetpack_featured_media_url":"https:\/\/algarve7.pt\/wp-content\/uploads\/2023\/06\/Captura-de-ecra-2023-06-20-as-17.20.12.png","jetpack_shortlink":"https:\/\/wp.me\/pcezmW-7vc","jetpack_sharing_enabled":true,"_links":{"self":[{"href":"https:\/\/algarve7.pt\/index.php\/wp-json\/wp\/v2\/posts\/28842","targetHints":{"allow":["GET"]}}],"collection":[{"href":"https:\/\/algarve7.pt\/index.php\/wp-json\/wp\/v2\/posts"}],"about":[{"href":"https:\/\/algarve7.pt\/index.php\/wp-json\/wp\/v2\/types\/post"}],"author":[{"embeddable":true,"href":"https:\/\/algarve7.pt\/index.php\/wp-json\/wp\/v2\/users\/1"}],"replies":[{"embeddable":true,"href":"https:\/\/algarve7.pt\/index.php\/wp-json\/wp\/v2\/comments?post=28842"}],"version-history":[{"count":0,"href":"https:\/\/algarve7.pt\/index.php\/wp-json\/wp\/v2\/posts\/28842\/revisions"}],"wp:featuredmedia":[{"embeddable":true,"href":"https:\/\/algarve7.pt\/index.php\/wp-json\/wp\/v2\/media\/28843"}],"wp:attachment":[{"href":"https:\/\/algarve7.pt\/index.php\/wp-json\/wp\/v2\/media?parent=28842"}],"wp:term":[{"taxonomy":"category","embeddable":true,"href":"https:\/\/algarve7.pt\/index.php\/wp-json\/wp\/v2\/categories?post=28842"},{"taxonomy":"post_tag","embeddable":true,"href":"https:\/\/algarve7.pt\/index.php\/wp-json\/wp\/v2\/tags?post=28842"}],"curies":[{"name":"wp","href":"https:\/\/api.w.org\/{rel}","templated":true}]}}