{"id":28833,"date":"2023-06-20T10:00:00","date_gmt":"2023-06-20T09:00:00","guid":{"rendered":"https:\/\/algarve7.pt\/?p=28833"},"modified":"2023-06-19T22:11:51","modified_gmt":"2023-06-19T21:11:51","slug":"projeto-letras-ao-sol-em-tavira","status":"publish","type":"post","link":"https:\/\/algarve7.pt\/index.php\/2023\/06\/projeto-letras-ao-sol-em-tavira\/cultura\/10\/00\/","title":{"rendered":"Projeto Letras ao Sol, em Tavira"},"content":{"rendered":"\n<p>A Biblioteca Municipal \u00c1lvaro de Campos (BMAC) dinamiza, durante os meses de julho e agosto, o Projeto <em>Letras ao Sol<\/em>, com o objetivo de incentivar os mais novos \u00e0 leitura, um processo cognitivo que pode revelar-se prazeroso, divertido e potenciador de novas aprendizagens.<\/p>\n\n\n\n<p>Atrav\u00e9s de atividades de promo\u00e7\u00e3o do livro, de autores nacionais e estrangeiros, ser\u00e3o dinamizadas hist\u00f3rias divertidas para crian\u00e7as, entre os 04 e os 12 anos, recorrendo a temas que ajudam \u00e0 reflex\u00e3o, descoberta e partilha de opini\u00f5es (emo\u00e7\u00f5es, valores, sentimentos, direitos humanos, nacionalidades e educa\u00e7\u00e3o ambiental).<\/p>\n\n\n\n<p><strong>Hist\u00f3rias e ateli\u00eas<\/strong><\/p>\n\n\n\n<p>Ter\u00e7as e quintas, 10h30 \u2013 15h00<\/p>\n\n\n\n<p><strong>Julho<\/strong><\/p>\n\n\n\n<p>04, 06, 11 e 13<\/p>\n\n\n\n<p>Hist\u00f3ria: \u201cMensagem numa garrafa\u201d de Abi Pattende, Maria Baker e Vikky Gunn | public. Funda\u00e7\u00e3o Total<\/p>\n\n\n\n<p>Ateli\u00ea: Vamos salvar o nosso planeta!<\/p>\n\n\n\n<p>18, 20 e 25<\/p>\n\n\n\n<p>Hist\u00f3ria: \u201cOrelhas de borboleta\u201d de Lu\u00edsa Aguilar | ed. Kalandraka<\/p>\n\n\n\n<p>Ateli\u00ea: Respeitar a diferen\u00e7a!<\/p>\n\n\n\n<p><strong>Agosto<\/strong><\/p>\n\n\n\n<p>17 e 22<\/p>\n\n\n\n<p>Hist\u00f3ria: \u201cSe eu fosse\u2026 nacionalidades\u201d de Francisco Jos\u00e9 Viegas | ed. Booksmile<\/p>\n\n\n\n<p>Ateli\u00ea: Quem \u00e9s tu?<\/p>\n\n\n\n<p>24, 29 e 31<\/p>\n\n\n\n<p>Hist\u00f3ria: \u201cO monstro das cores\u201d de Anna Llenas | ed. Nuvem de Letras<\/p>\n\n\n\n<p>Ateli\u00ea: D\u00e1 cor \u00e0s tuas emo\u00e7\u00f5es!<\/p>\n\n\n\n<p>Participantes: M\u00ednimo: 6 | M\u00e1ximo: 15<\/p>\n\n\n\n<p>As inscri\u00e7\u00f5es dever\u00e3o ser efetuadas para o e-mail <a href=\"mailto:biblioteca@cm-tavira.pt\" target=\"_blank\" rel=\"noreferrer noopener\">biblioteca@cm-tavira.pt<\/a> \u00a0ou atrav\u00e9s do n\u00famero 281\u00a0320\u00a0585, at\u00e9 \u00e0 sexta-feira anterior \u00e0 semana da atividade.<\/p>\n","protected":false},"excerpt":{"rendered":"<p>A Biblioteca Municipal \u00c1lvaro de Campos (BMAC) dinamiza, durante os meses de julho e agosto, o Projeto Letras ao Sol,<\/p>\n","protected":false},"author":1,"featured_media":28834,"comment_status":"closed","ping_status":"open","sticky":false,"template":"","format":"standard","meta":{"colormag_page_container_layout":"default_layout","colormag_page_sidebar_layout":"default_layout","_monsterinsights_skip_tracking":false,"_monsterinsights_sitenote_active":false,"_monsterinsights_sitenote_note":"","_monsterinsights_sitenote_category":0,"jetpack_post_was_ever_published":false,"_jetpack_newsletter_access":"","_jetpack_dont_email_post_to_subs":false,"_jetpack_newsletter_tier_id":0,"_jetpack_memberships_contains_paywalled_content":false,"_jetpack_memberships_contains_paid_content":false,"footnotes":"","jetpack_publicize_message":"","jetpack_publicize_feature_enabled":true,"jetpack_social_post_already_shared":true,"jetpack_social_options":{"image_generator_settings":{"template":"highway","default_image_id":0,"font":"","enabled":false},"version":2}},"categories":[14],"tags":[36,527,35,54],"class_list":["post-28833","post","type-post","status-publish","format-standard","has-post-thumbnail","hentry","category-cultura","tag-algarve","tag-biblioteca-municipal-alvaro-de-campos","tag-cultura","tag-tavira"],"yoast_head":"<!-- This site is optimized with the Yoast SEO plugin v27.5 - https:\/\/yoast.com\/product\/yoast-seo-wordpress\/ -->\n<title>Projeto Letras ao Sol, em Tavira - Algarve 7<\/title>\n<meta name=\"description\" content=\"Projeto Letras ao Sol, em Tavira Cultura\" \/>\n<meta name=\"robots\" content=\"index, follow, max-snippet:-1, max-image-preview:large, max-video-preview:-1\" \/>\n<link rel=\"canonical\" href=\"https:\/\/algarve7.pt\/index.php\/2023\/06\/projeto-letras-ao-sol-em-tavira\/cultura\/10\/00\/\" \/>\n<meta property=\"og:locale\" content=\"pt_PT\" \/>\n<meta property=\"og:type\" content=\"article\" \/>\n<meta property=\"og:title\" content=\"Projeto Letras ao Sol, em Tavira - Algarve 7\" \/>\n<meta property=\"og:description\" content=\"Projeto Letras ao Sol, em Tavira Cultura\" \/>\n<meta property=\"og:url\" content=\"https:\/\/algarve7.pt\/index.php\/2023\/06\/projeto-letras-ao-sol-em-tavira\/cultura\/10\/00\/\" \/>\n<meta property=\"og:site_name\" content=\"Algarve 7\" \/>\n<meta property=\"article:publisher\" content=\"https:\/\/www.facebook.com\/algarve7\" \/>\n<meta property=\"article:author\" content=\"https:\/\/www.facebook.com\/algarve7\" \/>\n<meta property=\"article:published_time\" content=\"2023-06-20T09:00:00+00:00\" \/>\n<meta property=\"og:image\" content=\"https:\/\/algarve7.pt\/wp-content\/uploads\/2023\/06\/Captura-de-ecra-2023-06-19-as-22.07.52.png\" \/>\n\t<meta property=\"og:image:width\" content=\"1024\" \/>\n\t<meta property=\"og:image:height\" content=\"808\" \/>\n\t<meta property=\"og:image:type\" content=\"image\/png\" \/>\n<meta name=\"author\" content=\"Algarve 7\" \/>\n<meta name=\"twitter:card\" content=\"summary_large_image\" \/>\n<meta name=\"twitter:creator\" content=\"@Algarvesete\" \/>\n<meta name=\"twitter:site\" content=\"@Algarvesete\" \/>\n<meta name=\"twitter:label1\" content=\"Escrito por\" \/>\n\t<meta name=\"twitter:data1\" content=\"Algarve 7\" \/>\n\t<meta name=\"twitter:label2\" content=\"Tempo estimado de leitura\" \/>\n\t<meta name=\"twitter:data2\" content=\"2 minutos\" \/>\n<script type=\"application\/ld+json\" class=\"yoast-schema-graph\">{\"@context\":\"https:\\\/\\\/schema.org\",\"@graph\":[{\"@type\":\"Article\",\"@id\":\"https:\\\/\\\/algarve7.pt\\\/index.php\\\/2023\\\/06\\\/projeto-letras-ao-sol-em-tavira\\\/cultura\\\/10\\\/00\\\/#article\",\"isPartOf\":{\"@id\":\"https:\\\/\\\/algarve7.pt\\\/index.php\\\/2023\\\/06\\\/projeto-letras-ao-sol-em-tavira\\\/cultura\\\/10\\\/00\\\/\"},\"author\":{\"name\":\"Algarve 7\",\"@id\":\"https:\\\/\\\/algarve7.pt\\\/#\\\/schema\\\/person\\\/23fa70681308e7b319a3204bcea45e0c\"},\"headline\":\"Projeto Letras ao Sol, em Tavira\",\"datePublished\":\"2023-06-20T09:00:00+00:00\",\"mainEntityOfPage\":{\"@id\":\"https:\\\/\\\/algarve7.pt\\\/index.php\\\/2023\\\/06\\\/projeto-letras-ao-sol-em-tavira\\\/cultura\\\/10\\\/00\\\/\"},\"wordCount\":222,\"publisher\":{\"@id\":\"https:\\\/\\\/algarve7.pt\\\/#organization\"},\"image\":{\"@id\":\"https:\\\/\\\/algarve7.pt\\\/index.php\\\/2023\\\/06\\\/projeto-letras-ao-sol-em-tavira\\\/cultura\\\/10\\\/00\\\/#primaryimage\"},\"thumbnailUrl\":\"https:\\\/\\\/algarve7.pt\\\/wp-content\\\/uploads\\\/2023\\\/06\\\/Captura-de-ecra-2023-06-19-as-22.07.52.png\",\"keywords\":[\"Algarve\",\"Biblioteca Municipal \u00c1lvaro de Campos\",\"Cultura\",\"Tavira\"],\"articleSection\":[\"Cultura\"],\"inLanguage\":\"pt-PT\"},{\"@type\":\"WebPage\",\"@id\":\"https:\\\/\\\/algarve7.pt\\\/index.php\\\/2023\\\/06\\\/projeto-letras-ao-sol-em-tavira\\\/cultura\\\/10\\\/00\\\/\",\"url\":\"https:\\\/\\\/algarve7.pt\\\/index.php\\\/2023\\\/06\\\/projeto-letras-ao-sol-em-tavira\\\/cultura\\\/10\\\/00\\\/\",\"name\":\"Projeto Letras ao Sol, em Tavira - Algarve 7\",\"isPartOf\":{\"@id\":\"https:\\\/\\\/algarve7.pt\\\/#website\"},\"primaryImageOfPage\":{\"@id\":\"https:\\\/\\\/algarve7.pt\\\/index.php\\\/2023\\\/06\\\/projeto-letras-ao-sol-em-tavira\\\/cultura\\\/10\\\/00\\\/#primaryimage\"},\"image\":{\"@id\":\"https:\\\/\\\/algarve7.pt\\\/index.php\\\/2023\\\/06\\\/projeto-letras-ao-sol-em-tavira\\\/cultura\\\/10\\\/00\\\/#primaryimage\"},\"thumbnailUrl\":\"https:\\\/\\\/algarve7.pt\\\/wp-content\\\/uploads\\\/2023\\\/06\\\/Captura-de-ecra-2023-06-19-as-22.07.52.png\",\"datePublished\":\"2023-06-20T09:00:00+00:00\",\"description\":\"Projeto Letras ao Sol, em Tavira Cultura\",\"breadcrumb\":{\"@id\":\"https:\\\/\\\/algarve7.pt\\\/index.php\\\/2023\\\/06\\\/projeto-letras-ao-sol-em-tavira\\\/cultura\\\/10\\\/00\\\/#breadcrumb\"},\"inLanguage\":\"pt-PT\",\"potentialAction\":[{\"@type\":\"ReadAction\",\"target\":[\"https:\\\/\\\/algarve7.pt\\\/index.php\\\/2023\\\/06\\\/projeto-letras-ao-sol-em-tavira\\\/cultura\\\/10\\\/00\\\/\"]}]},{\"@type\":\"ImageObject\",\"inLanguage\":\"pt-PT\",\"@id\":\"https:\\\/\\\/algarve7.pt\\\/index.php\\\/2023\\\/06\\\/projeto-letras-ao-sol-em-tavira\\\/cultura\\\/10\\\/00\\\/#primaryimage\",\"url\":\"https:\\\/\\\/algarve7.pt\\\/wp-content\\\/uploads\\\/2023\\\/06\\\/Captura-de-ecra-2023-06-19-as-22.07.52.png\",\"contentUrl\":\"https:\\\/\\\/algarve7.pt\\\/wp-content\\\/uploads\\\/2023\\\/06\\\/Captura-de-ecra-2023-06-19-as-22.07.52.png\",\"width\":1024,\"height\":808},{\"@type\":\"BreadcrumbList\",\"@id\":\"https:\\\/\\\/algarve7.pt\\\/index.php\\\/2023\\\/06\\\/projeto-letras-ao-sol-em-tavira\\\/cultura\\\/10\\\/00\\\/#breadcrumb\",\"itemListElement\":[{\"@type\":\"ListItem\",\"position\":1,\"name\":\"In\u00edcio\",\"item\":\"https:\\\/\\\/algarve7.pt\\\/\"},{\"@type\":\"ListItem\",\"position\":2,\"name\":\"Projeto Letras ao Sol, em Tavira\"}]},{\"@type\":\"WebSite\",\"@id\":\"https:\\\/\\\/algarve7.pt\\\/#website\",\"url\":\"https:\\\/\\\/algarve7.pt\\\/\",\"name\":\"Algarve 7\",\"description\":\"Informa\u00e7\u00e3o sobre o Algarve\",\"publisher\":{\"@id\":\"https:\\\/\\\/algarve7.pt\\\/#organization\"},\"potentialAction\":[{\"@type\":\"SearchAction\",\"target\":{\"@type\":\"EntryPoint\",\"urlTemplate\":\"https:\\\/\\\/algarve7.pt\\\/?s={search_term_string}\"},\"query-input\":{\"@type\":\"PropertyValueSpecification\",\"valueRequired\":true,\"valueName\":\"search_term_string\"}}],\"inLanguage\":\"pt-PT\"},{\"@type\":\"Organization\",\"@id\":\"https:\\\/\\\/algarve7.pt\\\/#organization\",\"name\":\"Algarve 7\",\"url\":\"https:\\\/\\\/algarve7.pt\\\/\",\"logo\":{\"@type\":\"ImageObject\",\"inLanguage\":\"pt-PT\",\"@id\":\"https:\\\/\\\/algarve7.pt\\\/#\\\/schema\\\/logo\\\/image\\\/\",\"url\":\"https:\\\/\\\/algarve7.pt\\\/wp-content\\\/uploads\\\/2020\\\/10\\\/Logo-8.jpg\",\"contentUrl\":\"https:\\\/\\\/algarve7.pt\\\/wp-content\\\/uploads\\\/2020\\\/10\\\/Logo-8.jpg\",\"width\":1680,\"height\":1186,\"caption\":\"Algarve 7\"},\"image\":{\"@id\":\"https:\\\/\\\/algarve7.pt\\\/#\\\/schema\\\/logo\\\/image\\\/\"},\"sameAs\":[\"https:\\\/\\\/www.facebook.com\\\/algarve7\",\"https:\\\/\\\/x.com\\\/Algarvesete\",\"https:\\\/\\\/www.instagram.com\\\/jornalalgarve7\\\/\",\"https:\\\/\\\/www.linkedin.com\\\/company\\\/algarve7\",\"https:\\\/\\\/www.pinterest.pt\\\/geral0939\\\/_created\\\/\"]},{\"@type\":\"Person\",\"@id\":\"https:\\\/\\\/algarve7.pt\\\/#\\\/schema\\\/person\\\/23fa70681308e7b319a3204bcea45e0c\",\"name\":\"Algarve 7\",\"sameAs\":[\"https:\\\/\\\/algarve7.pt\",\"https:\\\/\\\/www.facebook.com\\\/algarve7\"],\"url\":\"https:\\\/\\\/algarve7.pt\\\/index.php\\\/author\\\/geralalgarve7-pt\\\/\"}]}<\/script>\n<!-- \/ Yoast SEO plugin. -->","yoast_head_json":{"title":"Projeto Letras ao Sol, em Tavira - Algarve 7","description":"Projeto Letras ao Sol, em Tavira Cultura","robots":{"index":"index","follow":"follow","max-snippet":"max-snippet:-1","max-image-preview":"max-image-preview:large","max-video-preview":"max-video-preview:-1"},"canonical":"https:\/\/algarve7.pt\/index.php\/2023\/06\/projeto-letras-ao-sol-em-tavira\/cultura\/10\/00\/","og_locale":"pt_PT","og_type":"article","og_title":"Projeto Letras ao Sol, em Tavira - Algarve 7","og_description":"Projeto Letras ao Sol, em Tavira Cultura","og_url":"https:\/\/algarve7.pt\/index.php\/2023\/06\/projeto-letras-ao-sol-em-tavira\/cultura\/10\/00\/","og_site_name":"Algarve 7","article_publisher":"https:\/\/www.facebook.com\/algarve7","article_author":"https:\/\/www.facebook.com\/algarve7","article_published_time":"2023-06-20T09:00:00+00:00","og_image":[{"width":1024,"height":808,"url":"https:\/\/algarve7.pt\/wp-content\/uploads\/2023\/06\/Captura-de-ecra-2023-06-19-as-22.07.52.png","type":"image\/png"}],"author":"Algarve 7","twitter_card":"summary_large_image","twitter_creator":"@Algarvesete","twitter_site":"@Algarvesete","twitter_misc":{"Escrito por":"Algarve 7","Tempo estimado de leitura":"2 minutos"},"schema":{"@context":"https:\/\/schema.org","@graph":[{"@type":"Article","@id":"https:\/\/algarve7.pt\/index.php\/2023\/06\/projeto-letras-ao-sol-em-tavira\/cultura\/10\/00\/#article","isPartOf":{"@id":"https:\/\/algarve7.pt\/index.php\/2023\/06\/projeto-letras-ao-sol-em-tavira\/cultura\/10\/00\/"},"author":{"name":"Algarve 7","@id":"https:\/\/algarve7.pt\/#\/schema\/person\/23fa70681308e7b319a3204bcea45e0c"},"headline":"Projeto Letras ao Sol, em Tavira","datePublished":"2023-06-20T09:00:00+00:00","mainEntityOfPage":{"@id":"https:\/\/algarve7.pt\/index.php\/2023\/06\/projeto-letras-ao-sol-em-tavira\/cultura\/10\/00\/"},"wordCount":222,"publisher":{"@id":"https:\/\/algarve7.pt\/#organization"},"image":{"@id":"https:\/\/algarve7.pt\/index.php\/2023\/06\/projeto-letras-ao-sol-em-tavira\/cultura\/10\/00\/#primaryimage"},"thumbnailUrl":"https:\/\/algarve7.pt\/wp-content\/uploads\/2023\/06\/Captura-de-ecra-2023-06-19-as-22.07.52.png","keywords":["Algarve","Biblioteca Municipal \u00c1lvaro de Campos","Cultura","Tavira"],"articleSection":["Cultura"],"inLanguage":"pt-PT"},{"@type":"WebPage","@id":"https:\/\/algarve7.pt\/index.php\/2023\/06\/projeto-letras-ao-sol-em-tavira\/cultura\/10\/00\/","url":"https:\/\/algarve7.pt\/index.php\/2023\/06\/projeto-letras-ao-sol-em-tavira\/cultura\/10\/00\/","name":"Projeto Letras ao Sol, em Tavira - Algarve 7","isPartOf":{"@id":"https:\/\/algarve7.pt\/#website"},"primaryImageOfPage":{"@id":"https:\/\/algarve7.pt\/index.php\/2023\/06\/projeto-letras-ao-sol-em-tavira\/cultura\/10\/00\/#primaryimage"},"image":{"@id":"https:\/\/algarve7.pt\/index.php\/2023\/06\/projeto-letras-ao-sol-em-tavira\/cultura\/10\/00\/#primaryimage"},"thumbnailUrl":"https:\/\/algarve7.pt\/wp-content\/uploads\/2023\/06\/Captura-de-ecra-2023-06-19-as-22.07.52.png","datePublished":"2023-06-20T09:00:00+00:00","description":"Projeto Letras ao Sol, em Tavira Cultura","breadcrumb":{"@id":"https:\/\/algarve7.pt\/index.php\/2023\/06\/projeto-letras-ao-sol-em-tavira\/cultura\/10\/00\/#breadcrumb"},"inLanguage":"pt-PT","potentialAction":[{"@type":"ReadAction","target":["https:\/\/algarve7.pt\/index.php\/2023\/06\/projeto-letras-ao-sol-em-tavira\/cultura\/10\/00\/"]}]},{"@type":"ImageObject","inLanguage":"pt-PT","@id":"https:\/\/algarve7.pt\/index.php\/2023\/06\/projeto-letras-ao-sol-em-tavira\/cultura\/10\/00\/#primaryimage","url":"https:\/\/algarve7.pt\/wp-content\/uploads\/2023\/06\/Captura-de-ecra-2023-06-19-as-22.07.52.png","contentUrl":"https:\/\/algarve7.pt\/wp-content\/uploads\/2023\/06\/Captura-de-ecra-2023-06-19-as-22.07.52.png","width":1024,"height":808},{"@type":"BreadcrumbList","@id":"https:\/\/algarve7.pt\/index.php\/2023\/06\/projeto-letras-ao-sol-em-tavira\/cultura\/10\/00\/#breadcrumb","itemListElement":[{"@type":"ListItem","position":1,"name":"In\u00edcio","item":"https:\/\/algarve7.pt\/"},{"@type":"ListItem","position":2,"name":"Projeto Letras ao Sol, em Tavira"}]},{"@type":"WebSite","@id":"https:\/\/algarve7.pt\/#website","url":"https:\/\/algarve7.pt\/","name":"Algarve 7","description":"Informa\u00e7\u00e3o sobre o Algarve","publisher":{"@id":"https:\/\/algarve7.pt\/#organization"},"potentialAction":[{"@type":"SearchAction","target":{"@type":"EntryPoint","urlTemplate":"https:\/\/algarve7.pt\/?s={search_term_string}"},"query-input":{"@type":"PropertyValueSpecification","valueRequired":true,"valueName":"search_term_string"}}],"inLanguage":"pt-PT"},{"@type":"Organization","@id":"https:\/\/algarve7.pt\/#organization","name":"Algarve 7","url":"https:\/\/algarve7.pt\/","logo":{"@type":"ImageObject","inLanguage":"pt-PT","@id":"https:\/\/algarve7.pt\/#\/schema\/logo\/image\/","url":"https:\/\/algarve7.pt\/wp-content\/uploads\/2020\/10\/Logo-8.jpg","contentUrl":"https:\/\/algarve7.pt\/wp-content\/uploads\/2020\/10\/Logo-8.jpg","width":1680,"height":1186,"caption":"Algarve 7"},"image":{"@id":"https:\/\/algarve7.pt\/#\/schema\/logo\/image\/"},"sameAs":["https:\/\/www.facebook.com\/algarve7","https:\/\/x.com\/Algarvesete","https:\/\/www.instagram.com\/jornalalgarve7\/","https:\/\/www.linkedin.com\/company\/algarve7","https:\/\/www.pinterest.pt\/geral0939\/_created\/"]},{"@type":"Person","@id":"https:\/\/algarve7.pt\/#\/schema\/person\/23fa70681308e7b319a3204bcea45e0c","name":"Algarve 7","sameAs":["https:\/\/algarve7.pt","https:\/\/www.facebook.com\/algarve7"],"url":"https:\/\/algarve7.pt\/index.php\/author\/geralalgarve7-pt\/"}]}},"jetpack_publicize_connections":[],"jetpack_featured_media_url":"https:\/\/algarve7.pt\/wp-content\/uploads\/2023\/06\/Captura-de-ecra-2023-06-19-as-22.07.52.png","jetpack_shortlink":"https:\/\/wp.me\/pcezmW-7v3","jetpack_sharing_enabled":true,"_links":{"self":[{"href":"https:\/\/algarve7.pt\/index.php\/wp-json\/wp\/v2\/posts\/28833","targetHints":{"allow":["GET"]}}],"collection":[{"href":"https:\/\/algarve7.pt\/index.php\/wp-json\/wp\/v2\/posts"}],"about":[{"href":"https:\/\/algarve7.pt\/index.php\/wp-json\/wp\/v2\/types\/post"}],"author":[{"embeddable":true,"href":"https:\/\/algarve7.pt\/index.php\/wp-json\/wp\/v2\/users\/1"}],"replies":[{"embeddable":true,"href":"https:\/\/algarve7.pt\/index.php\/wp-json\/wp\/v2\/comments?post=28833"}],"version-history":[{"count":0,"href":"https:\/\/algarve7.pt\/index.php\/wp-json\/wp\/v2\/posts\/28833\/revisions"}],"wp:featuredmedia":[{"embeddable":true,"href":"https:\/\/algarve7.pt\/index.php\/wp-json\/wp\/v2\/media\/28834"}],"wp:attachment":[{"href":"https:\/\/algarve7.pt\/index.php\/wp-json\/wp\/v2\/media?parent=28833"}],"wp:term":[{"taxonomy":"category","embeddable":true,"href":"https:\/\/algarve7.pt\/index.php\/wp-json\/wp\/v2\/categories?post=28833"},{"taxonomy":"post_tag","embeddable":true,"href":"https:\/\/algarve7.pt\/index.php\/wp-json\/wp\/v2\/tags?post=28833"}],"curies":[{"name":"wp","href":"https:\/\/api.w.org\/{rel}","templated":true}]}}