{"id":28805,"date":"2023-06-19T10:46:55","date_gmt":"2023-06-19T09:46:55","guid":{"rendered":"https:\/\/algarve7.pt\/?p=28805"},"modified":"2023-06-19T10:46:58","modified_gmt":"2023-06-19T09:46:58","slug":"abertas-inscricoes-para-o-1-o-concurso-de-bandas-de-garagem-de-albufeira","status":"publish","type":"post","link":"https:\/\/algarve7.pt\/index.php\/2023\/06\/abertas-inscricoes-para-o-1-o-concurso-de-bandas-de-garagem-de-albufeira\/cultura\/10\/46\/","title":{"rendered":"Abertas inscri\u00e7\u00f5es para o 1.\u00ba concurso de bandas de garagem de Albufeira"},"content":{"rendered":"\n<p>Se tens entre 12 (idade m\u00ednima) e 35 anos (idade m\u00e1xima at\u00e9 31 de dezembro de 2023) e fazes parte de uma Banda que ainda n\u00e3o tenha um projeto discogr\u00e1fico contratualizado, participa no 1.\u00ba Concurso de Bandas de Garagem de Albufeira. A banda vencedora ir\u00e1 receber um pr\u00e9mio no valor de \u20ac 2,500 e tem atua\u00e7\u00e3o garantida na Gala da Juventude, a decorrer no pr\u00f3ximo dia 24 de novembro. O per\u00edodo de inscri\u00e7\u00f5es come\u00e7a j\u00e1 esta segunda-feira, dia 19 de junho, e termina a 31 de agosto. <\/p>\n\n\n\n<p>O 1.\u00ba Concurso de Bandas de Garagem de Albufeira, uma organiza\u00e7\u00e3o do Munic\u00edpio atrav\u00e9s do GAJ \u2013 Gabinete da Juventude de Albufeira, \u00e9 uma iniciativa que tem por objetivo tornar p\u00fablica a produ\u00e7\u00e3o musical das bandas de garagem e, simultaneamente, estimular a cria\u00e7\u00e3o art\u00edstica dos jovens.<\/p>\n\n\n\n<p>Podem concorrer todos os projetos coletivos que ainda n\u00e3o tenham qualquer contrato discogr\u00e1fico aprovado.<\/p>\n\n\n\n<p>Para participar, os interessados devem apresentar dois temas da sua autoria em registo digital com demo (mp3 ou mp4), o qual deve ser entregue em pen, sendo que os temas podem ser escritos e cantados em qualquer idioma. Refira-se que, pelo menos 50 por cento dos elementos da banda t\u00eam que, obrigatoriamente, ser residentes em Albufeira.<\/p>\n\n\n\n<p>As inscri\u00e7\u00f5es para o 1.\u00ba Concurso de Bandas de Garagem de Albufeira t\u00eam in\u00edcio hoje, dia 19 de junho, e prolongam-se at\u00e9 ao pr\u00f3ximo dia 31 de agosto.<\/p>\n\n\n\n<p>Os interessados devem enviar a ficha de inscri\u00e7\u00e3o devidamente preenchida, conforme modelo constante do Regulamento, dispon\u00edvel atrav\u00e9s do seguinte link: <a href=\"https:\/\/www.cm-albufeira.pt\/content\/1-concurso-de-bandas-de-garagem-de-albufeira\" target=\"_blank\" rel=\"noreferrer noopener\">https:\/\/www.cm-albufeira.pt\/content\/1-concurso-de-bandas-de-garagem-de-albufeira<\/a>.<\/p>\n\n\n\n<p>Paralelamente, as letras das m\u00fasicas devem ser impressas, referindo o nome do autor da letra e da m\u00fasica, enviada uma fotografia da Banda e um breve historial da mesma. Os elementos anteriormente referidos podem ser entregues em m\u00e3o, em envelope fechado excluindo a ficha de inscri\u00e7\u00e3o, que dever\u00e1 ser agrafada ao envelope, nas Piscinas Municipais de Albufeira, at\u00e9 ao fecho do expediente, at\u00e9 ao pr\u00f3ximo dia 31 de agosto.<\/p>\n\n\n\n<p>Os crit\u00e9rios de avalia\u00e7\u00e3o das bandas incidem sobre os seguintes aspetos: originalidade e criatividade; presen\u00e7a em palco; interatividade com o p\u00fablico, execu\u00e7\u00e3o t\u00e9cnica e musical e composi\u00e7\u00e3o (letra e m\u00fasica).<\/p>\n\n\n\n<p>Ap\u00f3s an\u00e1lise do j\u00fari ser\u00e3o selecionados os participantes para uma audi\u00e7\u00e3o ao vivo, com vista a escolher o vencedor. A Banda vencedora do concurso recebe um pr\u00e9mio de \u20ac 2,500 e ser\u00e1 convidada a atuar na Gala da Juventude, a decorrer no pr\u00f3ximo dia 24 de novembro. Todas as bandas concorrentes ir\u00e3o receber, tamb\u00e9m, um Diploma de Participa\u00e7\u00e3o.<\/p>\n","protected":false},"excerpt":{"rendered":"<p>Se tens entre 12 (idade m\u00ednima) e 35 anos (idade m\u00e1xima at\u00e9 31 de dezembro de 2023) e fazes parte<\/p>\n","protected":false},"author":1,"featured_media":28806,"comment_status":"closed","ping_status":"open","sticky":false,"template":"","format":"standard","meta":{"colormag_page_container_layout":"default_layout","colormag_page_sidebar_layout":"default_layout","_monsterinsights_skip_tracking":false,"_monsterinsights_sitenote_active":false,"_monsterinsights_sitenote_note":"","_monsterinsights_sitenote_category":0,"jetpack_post_was_ever_published":false,"_jetpack_newsletter_access":"","_jetpack_dont_email_post_to_subs":false,"_jetpack_newsletter_tier_id":0,"_jetpack_memberships_contains_paywalled_content":false,"_jetpack_memberships_contains_paid_content":false,"footnotes":"","jetpack_publicize_message":"","jetpack_publicize_feature_enabled":true,"jetpack_social_post_already_shared":true,"jetpack_social_options":{"image_generator_settings":{"template":"highway","default_image_id":0,"font":"","enabled":false},"version":2}},"categories":[14],"tags":[155,36,35],"class_list":["post-28805","post","type-post","status-publish","format-standard","has-post-thumbnail","hentry","category-cultura","tag-albufeira","tag-algarve","tag-cultura"],"yoast_head":"<!-- This site is optimized with the Yoast SEO plugin v27.5 - https:\/\/yoast.com\/product\/yoast-seo-wordpress\/ -->\n<title>Abertas inscri\u00e7\u00f5es para o 1.\u00ba concurso de bandas de garagem de Albufeira - Algarve 7<\/title>\n<meta name=\"description\" content=\"Abertas inscri\u00e7\u00f5es para o 1.\u00ba concurso de bandas de garagem de Albufeira Cultura\" \/>\n<meta name=\"robots\" content=\"index, follow, max-snippet:-1, max-image-preview:large, max-video-preview:-1\" \/>\n<link rel=\"canonical\" href=\"https:\/\/algarve7.pt\/index.php\/2023\/06\/abertas-inscricoes-para-o-1-o-concurso-de-bandas-de-garagem-de-albufeira\/cultura\/10\/46\/\" \/>\n<meta property=\"og:locale\" content=\"pt_PT\" \/>\n<meta property=\"og:type\" content=\"article\" \/>\n<meta property=\"og:title\" content=\"Abertas inscri\u00e7\u00f5es para o 1.\u00ba concurso de bandas de garagem de Albufeira - Algarve 7\" \/>\n<meta property=\"og:description\" content=\"Abertas inscri\u00e7\u00f5es para o 1.\u00ba concurso de bandas de garagem de Albufeira Cultura\" \/>\n<meta property=\"og:url\" content=\"https:\/\/algarve7.pt\/index.php\/2023\/06\/abertas-inscricoes-para-o-1-o-concurso-de-bandas-de-garagem-de-albufeira\/cultura\/10\/46\/\" \/>\n<meta property=\"og:site_name\" content=\"Algarve 7\" \/>\n<meta property=\"article:publisher\" content=\"https:\/\/www.facebook.com\/algarve7\" \/>\n<meta property=\"article:author\" content=\"https:\/\/www.facebook.com\/algarve7\" \/>\n<meta property=\"article:published_time\" content=\"2023-06-19T09:46:55+00:00\" \/>\n<meta property=\"article:modified_time\" content=\"2023-06-19T09:46:58+00:00\" \/>\n<meta property=\"og:image\" content=\"https:\/\/algarve7.pt\/wp-content\/uploads\/2023\/06\/Captura-de-ecra-2023-06-19-as-10.43.19.png\" \/>\n\t<meta property=\"og:image:width\" content=\"1024\" \/>\n\t<meta property=\"og:image:height\" content=\"992\" \/>\n\t<meta property=\"og:image:type\" content=\"image\/png\" \/>\n<meta name=\"author\" content=\"Algarve 7\" \/>\n<meta name=\"twitter:card\" content=\"summary_large_image\" \/>\n<meta name=\"twitter:creator\" content=\"@Algarvesete\" \/>\n<meta name=\"twitter:site\" content=\"@Algarvesete\" \/>\n<meta name=\"twitter:label1\" content=\"Escrito por\" \/>\n\t<meta name=\"twitter:data1\" content=\"Algarve 7\" \/>\n\t<meta name=\"twitter:label2\" content=\"Tempo estimado de leitura\" \/>\n\t<meta name=\"twitter:data2\" content=\"3 minutos\" \/>\n<script type=\"application\/ld+json\" class=\"yoast-schema-graph\">{\"@context\":\"https:\\\/\\\/schema.org\",\"@graph\":[{\"@type\":\"Article\",\"@id\":\"https:\\\/\\\/algarve7.pt\\\/index.php\\\/2023\\\/06\\\/abertas-inscricoes-para-o-1-o-concurso-de-bandas-de-garagem-de-albufeira\\\/cultura\\\/10\\\/46\\\/#article\",\"isPartOf\":{\"@id\":\"https:\\\/\\\/algarve7.pt\\\/index.php\\\/2023\\\/06\\\/abertas-inscricoes-para-o-1-o-concurso-de-bandas-de-garagem-de-albufeira\\\/cultura\\\/10\\\/46\\\/\"},\"author\":{\"name\":\"Algarve 7\",\"@id\":\"https:\\\/\\\/algarve7.pt\\\/#\\\/schema\\\/person\\\/23fa70681308e7b319a3204bcea45e0c\"},\"headline\":\"Abertas inscri\u00e7\u00f5es para o 1.\u00ba concurso de bandas de garagem de Albufeira\",\"datePublished\":\"2023-06-19T09:46:55+00:00\",\"dateModified\":\"2023-06-19T09:46:58+00:00\",\"mainEntityOfPage\":{\"@id\":\"https:\\\/\\\/algarve7.pt\\\/index.php\\\/2023\\\/06\\\/abertas-inscricoes-para-o-1-o-concurso-de-bandas-de-garagem-de-albufeira\\\/cultura\\\/10\\\/46\\\/\"},\"wordCount\":455,\"publisher\":{\"@id\":\"https:\\\/\\\/algarve7.pt\\\/#organization\"},\"image\":{\"@id\":\"https:\\\/\\\/algarve7.pt\\\/index.php\\\/2023\\\/06\\\/abertas-inscricoes-para-o-1-o-concurso-de-bandas-de-garagem-de-albufeira\\\/cultura\\\/10\\\/46\\\/#primaryimage\"},\"thumbnailUrl\":\"https:\\\/\\\/algarve7.pt\\\/wp-content\\\/uploads\\\/2023\\\/06\\\/Captura-de-ecra-2023-06-19-as-10.43.19.png\",\"keywords\":[\"Albufeira\",\"Algarve\",\"Cultura\"],\"articleSection\":[\"Cultura\"],\"inLanguage\":\"pt-PT\"},{\"@type\":\"WebPage\",\"@id\":\"https:\\\/\\\/algarve7.pt\\\/index.php\\\/2023\\\/06\\\/abertas-inscricoes-para-o-1-o-concurso-de-bandas-de-garagem-de-albufeira\\\/cultura\\\/10\\\/46\\\/\",\"url\":\"https:\\\/\\\/algarve7.pt\\\/index.php\\\/2023\\\/06\\\/abertas-inscricoes-para-o-1-o-concurso-de-bandas-de-garagem-de-albufeira\\\/cultura\\\/10\\\/46\\\/\",\"name\":\"Abertas inscri\u00e7\u00f5es para o 1.\u00ba concurso de bandas de garagem de Albufeira - Algarve 7\",\"isPartOf\":{\"@id\":\"https:\\\/\\\/algarve7.pt\\\/#website\"},\"primaryImageOfPage\":{\"@id\":\"https:\\\/\\\/algarve7.pt\\\/index.php\\\/2023\\\/06\\\/abertas-inscricoes-para-o-1-o-concurso-de-bandas-de-garagem-de-albufeira\\\/cultura\\\/10\\\/46\\\/#primaryimage\"},\"image\":{\"@id\":\"https:\\\/\\\/algarve7.pt\\\/index.php\\\/2023\\\/06\\\/abertas-inscricoes-para-o-1-o-concurso-de-bandas-de-garagem-de-albufeira\\\/cultura\\\/10\\\/46\\\/#primaryimage\"},\"thumbnailUrl\":\"https:\\\/\\\/algarve7.pt\\\/wp-content\\\/uploads\\\/2023\\\/06\\\/Captura-de-ecra-2023-06-19-as-10.43.19.png\",\"datePublished\":\"2023-06-19T09:46:55+00:00\",\"dateModified\":\"2023-06-19T09:46:58+00:00\",\"description\":\"Abertas inscri\u00e7\u00f5es para o 1.\u00ba concurso de bandas de garagem de Albufeira Cultura\",\"breadcrumb\":{\"@id\":\"https:\\\/\\\/algarve7.pt\\\/index.php\\\/2023\\\/06\\\/abertas-inscricoes-para-o-1-o-concurso-de-bandas-de-garagem-de-albufeira\\\/cultura\\\/10\\\/46\\\/#breadcrumb\"},\"inLanguage\":\"pt-PT\",\"potentialAction\":[{\"@type\":\"ReadAction\",\"target\":[\"https:\\\/\\\/algarve7.pt\\\/index.php\\\/2023\\\/06\\\/abertas-inscricoes-para-o-1-o-concurso-de-bandas-de-garagem-de-albufeira\\\/cultura\\\/10\\\/46\\\/\"]}]},{\"@type\":\"ImageObject\",\"inLanguage\":\"pt-PT\",\"@id\":\"https:\\\/\\\/algarve7.pt\\\/index.php\\\/2023\\\/06\\\/abertas-inscricoes-para-o-1-o-concurso-de-bandas-de-garagem-de-albufeira\\\/cultura\\\/10\\\/46\\\/#primaryimage\",\"url\":\"https:\\\/\\\/algarve7.pt\\\/wp-content\\\/uploads\\\/2023\\\/06\\\/Captura-de-ecra-2023-06-19-as-10.43.19.png\",\"contentUrl\":\"https:\\\/\\\/algarve7.pt\\\/wp-content\\\/uploads\\\/2023\\\/06\\\/Captura-de-ecra-2023-06-19-as-10.43.19.png\",\"width\":1024,\"height\":992},{\"@type\":\"BreadcrumbList\",\"@id\":\"https:\\\/\\\/algarve7.pt\\\/index.php\\\/2023\\\/06\\\/abertas-inscricoes-para-o-1-o-concurso-de-bandas-de-garagem-de-albufeira\\\/cultura\\\/10\\\/46\\\/#breadcrumb\",\"itemListElement\":[{\"@type\":\"ListItem\",\"position\":1,\"name\":\"In\u00edcio\",\"item\":\"https:\\\/\\\/algarve7.pt\\\/\"},{\"@type\":\"ListItem\",\"position\":2,\"name\":\"Abertas inscri\u00e7\u00f5es para o 1.\u00ba concurso de bandas de garagem de Albufeira\"}]},{\"@type\":\"WebSite\",\"@id\":\"https:\\\/\\\/algarve7.pt\\\/#website\",\"url\":\"https:\\\/\\\/algarve7.pt\\\/\",\"name\":\"Algarve 7\",\"description\":\"Informa\u00e7\u00e3o sobre o Algarve\",\"publisher\":{\"@id\":\"https:\\\/\\\/algarve7.pt\\\/#organization\"},\"potentialAction\":[{\"@type\":\"SearchAction\",\"target\":{\"@type\":\"EntryPoint\",\"urlTemplate\":\"https:\\\/\\\/algarve7.pt\\\/?s={search_term_string}\"},\"query-input\":{\"@type\":\"PropertyValueSpecification\",\"valueRequired\":true,\"valueName\":\"search_term_string\"}}],\"inLanguage\":\"pt-PT\"},{\"@type\":\"Organization\",\"@id\":\"https:\\\/\\\/algarve7.pt\\\/#organization\",\"name\":\"Algarve 7\",\"url\":\"https:\\\/\\\/algarve7.pt\\\/\",\"logo\":{\"@type\":\"ImageObject\",\"inLanguage\":\"pt-PT\",\"@id\":\"https:\\\/\\\/algarve7.pt\\\/#\\\/schema\\\/logo\\\/image\\\/\",\"url\":\"https:\\\/\\\/algarve7.pt\\\/wp-content\\\/uploads\\\/2020\\\/10\\\/Logo-8.jpg\",\"contentUrl\":\"https:\\\/\\\/algarve7.pt\\\/wp-content\\\/uploads\\\/2020\\\/10\\\/Logo-8.jpg\",\"width\":1680,\"height\":1186,\"caption\":\"Algarve 7\"},\"image\":{\"@id\":\"https:\\\/\\\/algarve7.pt\\\/#\\\/schema\\\/logo\\\/image\\\/\"},\"sameAs\":[\"https:\\\/\\\/www.facebook.com\\\/algarve7\",\"https:\\\/\\\/x.com\\\/Algarvesete\",\"https:\\\/\\\/www.instagram.com\\\/jornalalgarve7\\\/\",\"https:\\\/\\\/www.linkedin.com\\\/company\\\/algarve7\",\"https:\\\/\\\/www.pinterest.pt\\\/geral0939\\\/_created\\\/\"]},{\"@type\":\"Person\",\"@id\":\"https:\\\/\\\/algarve7.pt\\\/#\\\/schema\\\/person\\\/23fa70681308e7b319a3204bcea45e0c\",\"name\":\"Algarve 7\",\"sameAs\":[\"https:\\\/\\\/algarve7.pt\",\"https:\\\/\\\/www.facebook.com\\\/algarve7\"],\"url\":\"https:\\\/\\\/algarve7.pt\\\/index.php\\\/author\\\/geralalgarve7-pt\\\/\"}]}<\/script>\n<!-- \/ Yoast SEO plugin. -->","yoast_head_json":{"title":"Abertas inscri\u00e7\u00f5es para o 1.\u00ba concurso de bandas de garagem de Albufeira - Algarve 7","description":"Abertas inscri\u00e7\u00f5es para o 1.\u00ba concurso de bandas de garagem de Albufeira Cultura","robots":{"index":"index","follow":"follow","max-snippet":"max-snippet:-1","max-image-preview":"max-image-preview:large","max-video-preview":"max-video-preview:-1"},"canonical":"https:\/\/algarve7.pt\/index.php\/2023\/06\/abertas-inscricoes-para-o-1-o-concurso-de-bandas-de-garagem-de-albufeira\/cultura\/10\/46\/","og_locale":"pt_PT","og_type":"article","og_title":"Abertas inscri\u00e7\u00f5es para o 1.\u00ba concurso de bandas de garagem de Albufeira - Algarve 7","og_description":"Abertas inscri\u00e7\u00f5es para o 1.\u00ba concurso de bandas de garagem de Albufeira Cultura","og_url":"https:\/\/algarve7.pt\/index.php\/2023\/06\/abertas-inscricoes-para-o-1-o-concurso-de-bandas-de-garagem-de-albufeira\/cultura\/10\/46\/","og_site_name":"Algarve 7","article_publisher":"https:\/\/www.facebook.com\/algarve7","article_author":"https:\/\/www.facebook.com\/algarve7","article_published_time":"2023-06-19T09:46:55+00:00","article_modified_time":"2023-06-19T09:46:58+00:00","og_image":[{"width":1024,"height":992,"url":"https:\/\/algarve7.pt\/wp-content\/uploads\/2023\/06\/Captura-de-ecra-2023-06-19-as-10.43.19.png","type":"image\/png"}],"author":"Algarve 7","twitter_card":"summary_large_image","twitter_creator":"@Algarvesete","twitter_site":"@Algarvesete","twitter_misc":{"Escrito por":"Algarve 7","Tempo estimado de leitura":"3 minutos"},"schema":{"@context":"https:\/\/schema.org","@graph":[{"@type":"Article","@id":"https:\/\/algarve7.pt\/index.php\/2023\/06\/abertas-inscricoes-para-o-1-o-concurso-de-bandas-de-garagem-de-albufeira\/cultura\/10\/46\/#article","isPartOf":{"@id":"https:\/\/algarve7.pt\/index.php\/2023\/06\/abertas-inscricoes-para-o-1-o-concurso-de-bandas-de-garagem-de-albufeira\/cultura\/10\/46\/"},"author":{"name":"Algarve 7","@id":"https:\/\/algarve7.pt\/#\/schema\/person\/23fa70681308e7b319a3204bcea45e0c"},"headline":"Abertas inscri\u00e7\u00f5es para o 1.\u00ba concurso de bandas de garagem de Albufeira","datePublished":"2023-06-19T09:46:55+00:00","dateModified":"2023-06-19T09:46:58+00:00","mainEntityOfPage":{"@id":"https:\/\/algarve7.pt\/index.php\/2023\/06\/abertas-inscricoes-para-o-1-o-concurso-de-bandas-de-garagem-de-albufeira\/cultura\/10\/46\/"},"wordCount":455,"publisher":{"@id":"https:\/\/algarve7.pt\/#organization"},"image":{"@id":"https:\/\/algarve7.pt\/index.php\/2023\/06\/abertas-inscricoes-para-o-1-o-concurso-de-bandas-de-garagem-de-albufeira\/cultura\/10\/46\/#primaryimage"},"thumbnailUrl":"https:\/\/algarve7.pt\/wp-content\/uploads\/2023\/06\/Captura-de-ecra-2023-06-19-as-10.43.19.png","keywords":["Albufeira","Algarve","Cultura"],"articleSection":["Cultura"],"inLanguage":"pt-PT"},{"@type":"WebPage","@id":"https:\/\/algarve7.pt\/index.php\/2023\/06\/abertas-inscricoes-para-o-1-o-concurso-de-bandas-de-garagem-de-albufeira\/cultura\/10\/46\/","url":"https:\/\/algarve7.pt\/index.php\/2023\/06\/abertas-inscricoes-para-o-1-o-concurso-de-bandas-de-garagem-de-albufeira\/cultura\/10\/46\/","name":"Abertas inscri\u00e7\u00f5es para o 1.\u00ba concurso de bandas de garagem de Albufeira - Algarve 7","isPartOf":{"@id":"https:\/\/algarve7.pt\/#website"},"primaryImageOfPage":{"@id":"https:\/\/algarve7.pt\/index.php\/2023\/06\/abertas-inscricoes-para-o-1-o-concurso-de-bandas-de-garagem-de-albufeira\/cultura\/10\/46\/#primaryimage"},"image":{"@id":"https:\/\/algarve7.pt\/index.php\/2023\/06\/abertas-inscricoes-para-o-1-o-concurso-de-bandas-de-garagem-de-albufeira\/cultura\/10\/46\/#primaryimage"},"thumbnailUrl":"https:\/\/algarve7.pt\/wp-content\/uploads\/2023\/06\/Captura-de-ecra-2023-06-19-as-10.43.19.png","datePublished":"2023-06-19T09:46:55+00:00","dateModified":"2023-06-19T09:46:58+00:00","description":"Abertas inscri\u00e7\u00f5es para o 1.\u00ba concurso de bandas de garagem de Albufeira Cultura","breadcrumb":{"@id":"https:\/\/algarve7.pt\/index.php\/2023\/06\/abertas-inscricoes-para-o-1-o-concurso-de-bandas-de-garagem-de-albufeira\/cultura\/10\/46\/#breadcrumb"},"inLanguage":"pt-PT","potentialAction":[{"@type":"ReadAction","target":["https:\/\/algarve7.pt\/index.php\/2023\/06\/abertas-inscricoes-para-o-1-o-concurso-de-bandas-de-garagem-de-albufeira\/cultura\/10\/46\/"]}]},{"@type":"ImageObject","inLanguage":"pt-PT","@id":"https:\/\/algarve7.pt\/index.php\/2023\/06\/abertas-inscricoes-para-o-1-o-concurso-de-bandas-de-garagem-de-albufeira\/cultura\/10\/46\/#primaryimage","url":"https:\/\/algarve7.pt\/wp-content\/uploads\/2023\/06\/Captura-de-ecra-2023-06-19-as-10.43.19.png","contentUrl":"https:\/\/algarve7.pt\/wp-content\/uploads\/2023\/06\/Captura-de-ecra-2023-06-19-as-10.43.19.png","width":1024,"height":992},{"@type":"BreadcrumbList","@id":"https:\/\/algarve7.pt\/index.php\/2023\/06\/abertas-inscricoes-para-o-1-o-concurso-de-bandas-de-garagem-de-albufeira\/cultura\/10\/46\/#breadcrumb","itemListElement":[{"@type":"ListItem","position":1,"name":"In\u00edcio","item":"https:\/\/algarve7.pt\/"},{"@type":"ListItem","position":2,"name":"Abertas inscri\u00e7\u00f5es para o 1.\u00ba concurso de bandas de garagem de Albufeira"}]},{"@type":"WebSite","@id":"https:\/\/algarve7.pt\/#website","url":"https:\/\/algarve7.pt\/","name":"Algarve 7","description":"Informa\u00e7\u00e3o sobre o Algarve","publisher":{"@id":"https:\/\/algarve7.pt\/#organization"},"potentialAction":[{"@type":"SearchAction","target":{"@type":"EntryPoint","urlTemplate":"https:\/\/algarve7.pt\/?s={search_term_string}"},"query-input":{"@type":"PropertyValueSpecification","valueRequired":true,"valueName":"search_term_string"}}],"inLanguage":"pt-PT"},{"@type":"Organization","@id":"https:\/\/algarve7.pt\/#organization","name":"Algarve 7","url":"https:\/\/algarve7.pt\/","logo":{"@type":"ImageObject","inLanguage":"pt-PT","@id":"https:\/\/algarve7.pt\/#\/schema\/logo\/image\/","url":"https:\/\/algarve7.pt\/wp-content\/uploads\/2020\/10\/Logo-8.jpg","contentUrl":"https:\/\/algarve7.pt\/wp-content\/uploads\/2020\/10\/Logo-8.jpg","width":1680,"height":1186,"caption":"Algarve 7"},"image":{"@id":"https:\/\/algarve7.pt\/#\/schema\/logo\/image\/"},"sameAs":["https:\/\/www.facebook.com\/algarve7","https:\/\/x.com\/Algarvesete","https:\/\/www.instagram.com\/jornalalgarve7\/","https:\/\/www.linkedin.com\/company\/algarve7","https:\/\/www.pinterest.pt\/geral0939\/_created\/"]},{"@type":"Person","@id":"https:\/\/algarve7.pt\/#\/schema\/person\/23fa70681308e7b319a3204bcea45e0c","name":"Algarve 7","sameAs":["https:\/\/algarve7.pt","https:\/\/www.facebook.com\/algarve7"],"url":"https:\/\/algarve7.pt\/index.php\/author\/geralalgarve7-pt\/"}]}},"jetpack_publicize_connections":[],"jetpack_featured_media_url":"https:\/\/algarve7.pt\/wp-content\/uploads\/2023\/06\/Captura-de-ecra-2023-06-19-as-10.43.19.png","jetpack_shortlink":"https:\/\/wp.me\/pcezmW-7uB","jetpack_sharing_enabled":true,"_links":{"self":[{"href":"https:\/\/algarve7.pt\/index.php\/wp-json\/wp\/v2\/posts\/28805","targetHints":{"allow":["GET"]}}],"collection":[{"href":"https:\/\/algarve7.pt\/index.php\/wp-json\/wp\/v2\/posts"}],"about":[{"href":"https:\/\/algarve7.pt\/index.php\/wp-json\/wp\/v2\/types\/post"}],"author":[{"embeddable":true,"href":"https:\/\/algarve7.pt\/index.php\/wp-json\/wp\/v2\/users\/1"}],"replies":[{"embeddable":true,"href":"https:\/\/algarve7.pt\/index.php\/wp-json\/wp\/v2\/comments?post=28805"}],"version-history":[{"count":0,"href":"https:\/\/algarve7.pt\/index.php\/wp-json\/wp\/v2\/posts\/28805\/revisions"}],"wp:featuredmedia":[{"embeddable":true,"href":"https:\/\/algarve7.pt\/index.php\/wp-json\/wp\/v2\/media\/28806"}],"wp:attachment":[{"href":"https:\/\/algarve7.pt\/index.php\/wp-json\/wp\/v2\/media?parent=28805"}],"wp:term":[{"taxonomy":"category","embeddable":true,"href":"https:\/\/algarve7.pt\/index.php\/wp-json\/wp\/v2\/categories?post=28805"},{"taxonomy":"post_tag","embeddable":true,"href":"https:\/\/algarve7.pt\/index.php\/wp-json\/wp\/v2\/tags?post=28805"}],"curies":[{"name":"wp","href":"https:\/\/api.w.org\/{rel}","templated":true}]}}