{"id":28685,"date":"2023-06-16T09:20:00","date_gmt":"2023-06-16T08:20:00","guid":{"rendered":"https:\/\/algarve7.pt\/?p=28685"},"modified":"2023-06-15T17:40:06","modified_gmt":"2023-06-15T16:40:06","slug":"comite-olimpico-de-portugal-celebra-protocolo-com-autarquia-de-vila-real-de-santo-antonio","status":"publish","type":"post","link":"https:\/\/algarve7.pt\/index.php\/2023\/06\/comite-olimpico-de-portugal-celebra-protocolo-com-autarquia-de-vila-real-de-santo-antonio\/desporto\/09\/20\/","title":{"rendered":"Comit\u00e9 Ol\u00edmpico de Portugal celebra protocolo com autarquia de Vila Real de Santo Ant\u00f3nio"},"content":{"rendered":"\n<p>O Comit\u00e9 Ol\u00edmpico de Portugal e a C\u00e2mara Municipal de Vila Real de Santo Ant\u00f3nio assinaram, esta quinta-feira, no Sal\u00e3o Nobre dos Pa\u00e7os do Concelho, um protocolo atrav\u00e9s do qual se comprometem a organizar iniciativas relacionadas com a promo\u00e7\u00e3o e desenvolvimento da atividade desportiva e dos valores ol\u00edmpicos, no \u00e2mbito do Programa de Educa\u00e7\u00e3o Ol\u00edmpica.<\/p>\n\n\n\n<p>De acordo com o presidente da C\u00e2mara Municipal de VRSA, \u00c1lvaro Ara\u00fajo, esta parceria reconhece \u00aba excel\u00eancia\u00bb do Centro de Alto Rendimento de VRSA e resulta do trabalho que \u00e9 feito diariamente para promover a qualidade do desporto no concelho.<\/p>\n\n\n\n<p>\u00abSomos e queremos continuar a ser a capital do desporto e dos campe\u00f5es, tendo sempre por base os valores do programa de educa\u00e7\u00e3o ol\u00edmpica, que s\u00e3o a excel\u00eancia, o respeito e a amizade\u00bb, prossegue \u00c1lvaro Ara\u00fajo.<\/p>\n\n\n\n<p>Para o presidente do Comit\u00e9 Ol\u00edmpico de Portugal, Jos\u00e9 Manuel Constantino, \u00abeste protocolo insere-se num contexto de envolvimento das C\u00e2maras Municipais no Programa de Educa\u00e7\u00e3o Ol\u00edmpica, cujo objetivo fundamental \u00e9 permitir \u00e0s crian\u00e7as, em idade escolar, uma apropria\u00e7\u00e3o dos conte\u00fados culturais que est\u00e3o subjacentes \u00e0 mensagem ol\u00edmpica\u00bb.<\/p>\n\n\n\n<p>\u00ab\u00c9 com satisfa\u00e7\u00e3o que vejo o munic\u00edpio de Vila Real de Santo Ant\u00f3nio associar-se a este projeto\u00bb, afirmou Jos\u00e9 Manuel Constantino, sublinhando que \u00aba longevidade do Centro de Alto Rendimento de VRSA e sua constante procura por atletas de topo nacionais e internacionais justificam uma constante aposta na sua proje\u00e7\u00e3o e promo\u00e7\u00e3o\u00bb.<\/p>\n\n\n\n<p>A cerim\u00f3nia contou ainda com a presen\u00e7a do diretor regional do IPDJ, Cust\u00f3dio Moreno, do vice-presidente do munic\u00edpio, Ricardo Cipriano, e da diretora do departamento de Educa\u00e7\u00e3o e Mem\u00f3ria Ol\u00edmpica, Rita Nunes, que fez a apresenta\u00e7\u00e3o do Programa de Educa\u00e7\u00e3o Ol\u00edmpica.<\/p>\n\n\n\n<p><strong>Ana Cabecinha distinguida pela sua presta\u00e7\u00e3o nos Jogos Ol\u00edmpicos de Londres<\/strong><\/p>\n\n\n\n<p>A atleta algarvia Ana Cabecinha, que reside atualmente no concelho de Vila Real de Santo Ant\u00f3nio, foi distinguida com um Diploma de Finalista referente \u00e0 prova de 20 quil\u00f3metros marcha nos Jogos Ol\u00edmpicos de Londres, em 2012, onde ficou em 6\u00ba lugar, alcan\u00e7ando a sua melhor marca da \u00e9poca.<\/p>\n\n\n\n<p>O distintivo foi entregue, durante a cerim\u00f3nia, pelo presidente da C\u00e2mara Municipal de VRSA, \u00c1lvaro Ara\u00fajo, e pelo presidente do Comit\u00e9 Ol\u00edmpico de Portugal, Jos\u00e9 Manuel Constantino.<\/p>\n\n\n\n<p><strong>Programa de Educa\u00e7\u00e3o Ol\u00edmpica<\/strong><\/p>\n\n\n\n<p>Criado em 2015, pelo Comit\u00e9 Ol\u00edmpico de Portugal, o Programa de Educa\u00e7\u00e3o Ol\u00edmpica tem como principal objetivo promover o olimpismo, os Jogos Ol\u00edmpicos, o gosto pela pr\u00e1tica desportiva e os h\u00e1bitos de vida saud\u00e1vel, atrav\u00e9s dos valores ol\u00edmpicos: excel\u00eancia, amizade e respeito.<\/p>\n\n\n\n<p>\u00c9 um programa educativo que visa contribuir para a forma\u00e7\u00e3o de crian\u00e7as e jovens, atrav\u00e9s de uma abordagem motivante e divertida, para a transmiss\u00e3o de conhecimentos sobre o movimento ol\u00edmpico, os seus valores, s\u00edmbolos, modalidades e atletas, ao mesmo tempo que promove a aprendizagem nas diversas \u00e1reas disciplinares.<\/p>\n\n\n\n<p>O Programa de Educa\u00e7\u00e3o Ol\u00edmpica conta j\u00e1 com 281 escolas, 921 professores e 208.485 alunos envolvidos.<\/p>\n","protected":false},"excerpt":{"rendered":"<p>O Comit\u00e9 Ol\u00edmpico de Portugal e a C\u00e2mara Municipal de Vila Real de Santo Ant\u00f3nio assinaram, esta quinta-feira, no Sal\u00e3o<\/p>\n","protected":false},"author":1,"featured_media":28686,"comment_status":"closed","ping_status":"open","sticky":false,"template":"","format":"standard","meta":{"colormag_page_container_layout":"default_layout","colormag_page_sidebar_layout":"default_layout","_monsterinsights_skip_tracking":false,"_monsterinsights_sitenote_active":false,"_monsterinsights_sitenote_note":"","_monsterinsights_sitenote_category":0,"jetpack_post_was_ever_published":false,"_jetpack_newsletter_access":"","_jetpack_dont_email_post_to_subs":false,"_jetpack_newsletter_tier_id":0,"_jetpack_memberships_contains_paywalled_content":false,"_jetpack_memberships_contains_paid_content":false,"footnotes":"","jetpack_publicize_message":"","jetpack_publicize_feature_enabled":true,"jetpack_social_post_already_shared":true,"jetpack_social_options":{"image_generator_settings":{"template":"highway","default_image_id":0,"font":"","enabled":false},"version":2}},"categories":[15],"tags":[36,40,123],"class_list":["post-28685","post","type-post","status-publish","format-standard","has-post-thumbnail","hentry","category-desporto","tag-algarve","tag-desporto","tag-vila-real-de-sto-antonio"],"yoast_head":"<!-- This site is optimized with the Yoast SEO plugin v27.5 - https:\/\/yoast.com\/product\/yoast-seo-wordpress\/ -->\n<title>Comit\u00e9 Ol\u00edmpico de Portugal celebra protocolo com autarquia de Vila Real de Santo Ant\u00f3nio - Algarve 7<\/title>\n<meta name=\"description\" content=\"Comit\u00e9 Ol\u00edmpico de Portugal celebra protocolo com autarquia de Vila Real de Santo Ant\u00f3nio Desporto\" \/>\n<meta name=\"robots\" content=\"index, follow, max-snippet:-1, max-image-preview:large, max-video-preview:-1\" \/>\n<link rel=\"canonical\" href=\"https:\/\/algarve7.pt\/index.php\/2023\/06\/comite-olimpico-de-portugal-celebra-protocolo-com-autarquia-de-vila-real-de-santo-antonio\/desporto\/09\/20\/\" \/>\n<meta property=\"og:locale\" content=\"pt_PT\" \/>\n<meta property=\"og:type\" content=\"article\" \/>\n<meta property=\"og:title\" content=\"Comit\u00e9 Ol\u00edmpico de Portugal celebra protocolo com autarquia de Vila Real de Santo Ant\u00f3nio - Algarve 7\" \/>\n<meta property=\"og:description\" content=\"Comit\u00e9 Ol\u00edmpico de Portugal celebra protocolo com autarquia de Vila Real de Santo Ant\u00f3nio Desporto\" \/>\n<meta property=\"og:url\" content=\"https:\/\/algarve7.pt\/index.php\/2023\/06\/comite-olimpico-de-portugal-celebra-protocolo-com-autarquia-de-vila-real-de-santo-antonio\/desporto\/09\/20\/\" \/>\n<meta property=\"og:site_name\" content=\"Algarve 7\" \/>\n<meta property=\"article:publisher\" content=\"https:\/\/www.facebook.com\/algarve7\" \/>\n<meta property=\"article:author\" content=\"https:\/\/www.facebook.com\/algarve7\" \/>\n<meta property=\"article:published_time\" content=\"2023-06-16T08:20:00+00:00\" \/>\n<meta property=\"og:image\" content=\"https:\/\/algarve7.pt\/wp-content\/uploads\/2023\/06\/2023_0615_Protocolo_CM-VRSA_Comite-Olimpico-de-Portugal-4.jpg\" \/>\n\t<meta property=\"og:image:width\" content=\"1024\" \/>\n\t<meta property=\"og:image:height\" content=\"682\" \/>\n\t<meta property=\"og:image:type\" content=\"image\/jpeg\" \/>\n<meta name=\"author\" content=\"Algarve 7\" \/>\n<meta name=\"twitter:card\" content=\"summary_large_image\" \/>\n<meta name=\"twitter:creator\" content=\"@Algarvesete\" \/>\n<meta name=\"twitter:site\" content=\"@Algarvesete\" \/>\n<meta name=\"twitter:label1\" content=\"Escrito por\" \/>\n\t<meta name=\"twitter:data1\" content=\"Algarve 7\" \/>\n\t<meta name=\"twitter:label2\" content=\"Tempo estimado de leitura\" \/>\n\t<meta name=\"twitter:data2\" content=\"3 minutos\" \/>\n<script type=\"application\/ld+json\" class=\"yoast-schema-graph\">{\"@context\":\"https:\\\/\\\/schema.org\",\"@graph\":[{\"@type\":\"Article\",\"@id\":\"https:\\\/\\\/algarve7.pt\\\/index.php\\\/2023\\\/06\\\/comite-olimpico-de-portugal-celebra-protocolo-com-autarquia-de-vila-real-de-santo-antonio\\\/desporto\\\/09\\\/20\\\/#article\",\"isPartOf\":{\"@id\":\"https:\\\/\\\/algarve7.pt\\\/index.php\\\/2023\\\/06\\\/comite-olimpico-de-portugal-celebra-protocolo-com-autarquia-de-vila-real-de-santo-antonio\\\/desporto\\\/09\\\/20\\\/\"},\"author\":{\"name\":\"Algarve 7\",\"@id\":\"https:\\\/\\\/algarve7.pt\\\/#\\\/schema\\\/person\\\/23fa70681308e7b319a3204bcea45e0c\"},\"headline\":\"Comit\u00e9 Ol\u00edmpico de Portugal celebra protocolo com autarquia de Vila Real de Santo Ant\u00f3nio\",\"datePublished\":\"2023-06-16T08:20:00+00:00\",\"mainEntityOfPage\":{\"@id\":\"https:\\\/\\\/algarve7.pt\\\/index.php\\\/2023\\\/06\\\/comite-olimpico-de-portugal-celebra-protocolo-com-autarquia-de-vila-real-de-santo-antonio\\\/desporto\\\/09\\\/20\\\/\"},\"wordCount\":544,\"publisher\":{\"@id\":\"https:\\\/\\\/algarve7.pt\\\/#organization\"},\"image\":{\"@id\":\"https:\\\/\\\/algarve7.pt\\\/index.php\\\/2023\\\/06\\\/comite-olimpico-de-portugal-celebra-protocolo-com-autarquia-de-vila-real-de-santo-antonio\\\/desporto\\\/09\\\/20\\\/#primaryimage\"},\"thumbnailUrl\":\"https:\\\/\\\/algarve7.pt\\\/wp-content\\\/uploads\\\/2023\\\/06\\\/2023_0615_Protocolo_CM-VRSA_Comite-Olimpico-de-Portugal-4.jpg\",\"keywords\":[\"Algarve\",\"Desporto\",\"Vila Real de St\u00ba Ant\u00f3nio\"],\"articleSection\":[\"Desporto\"],\"inLanguage\":\"pt-PT\"},{\"@type\":\"WebPage\",\"@id\":\"https:\\\/\\\/algarve7.pt\\\/index.php\\\/2023\\\/06\\\/comite-olimpico-de-portugal-celebra-protocolo-com-autarquia-de-vila-real-de-santo-antonio\\\/desporto\\\/09\\\/20\\\/\",\"url\":\"https:\\\/\\\/algarve7.pt\\\/index.php\\\/2023\\\/06\\\/comite-olimpico-de-portugal-celebra-protocolo-com-autarquia-de-vila-real-de-santo-antonio\\\/desporto\\\/09\\\/20\\\/\",\"name\":\"Comit\u00e9 Ol\u00edmpico de Portugal celebra protocolo com autarquia de Vila Real de Santo Ant\u00f3nio - Algarve 7\",\"isPartOf\":{\"@id\":\"https:\\\/\\\/algarve7.pt\\\/#website\"},\"primaryImageOfPage\":{\"@id\":\"https:\\\/\\\/algarve7.pt\\\/index.php\\\/2023\\\/06\\\/comite-olimpico-de-portugal-celebra-protocolo-com-autarquia-de-vila-real-de-santo-antonio\\\/desporto\\\/09\\\/20\\\/#primaryimage\"},\"image\":{\"@id\":\"https:\\\/\\\/algarve7.pt\\\/index.php\\\/2023\\\/06\\\/comite-olimpico-de-portugal-celebra-protocolo-com-autarquia-de-vila-real-de-santo-antonio\\\/desporto\\\/09\\\/20\\\/#primaryimage\"},\"thumbnailUrl\":\"https:\\\/\\\/algarve7.pt\\\/wp-content\\\/uploads\\\/2023\\\/06\\\/2023_0615_Protocolo_CM-VRSA_Comite-Olimpico-de-Portugal-4.jpg\",\"datePublished\":\"2023-06-16T08:20:00+00:00\",\"description\":\"Comit\u00e9 Ol\u00edmpico de Portugal celebra protocolo com autarquia de Vila Real de Santo Ant\u00f3nio Desporto\",\"breadcrumb\":{\"@id\":\"https:\\\/\\\/algarve7.pt\\\/index.php\\\/2023\\\/06\\\/comite-olimpico-de-portugal-celebra-protocolo-com-autarquia-de-vila-real-de-santo-antonio\\\/desporto\\\/09\\\/20\\\/#breadcrumb\"},\"inLanguage\":\"pt-PT\",\"potentialAction\":[{\"@type\":\"ReadAction\",\"target\":[\"https:\\\/\\\/algarve7.pt\\\/index.php\\\/2023\\\/06\\\/comite-olimpico-de-portugal-celebra-protocolo-com-autarquia-de-vila-real-de-santo-antonio\\\/desporto\\\/09\\\/20\\\/\"]}]},{\"@type\":\"ImageObject\",\"inLanguage\":\"pt-PT\",\"@id\":\"https:\\\/\\\/algarve7.pt\\\/index.php\\\/2023\\\/06\\\/comite-olimpico-de-portugal-celebra-protocolo-com-autarquia-de-vila-real-de-santo-antonio\\\/desporto\\\/09\\\/20\\\/#primaryimage\",\"url\":\"https:\\\/\\\/algarve7.pt\\\/wp-content\\\/uploads\\\/2023\\\/06\\\/2023_0615_Protocolo_CM-VRSA_Comite-Olimpico-de-Portugal-4.jpg\",\"contentUrl\":\"https:\\\/\\\/algarve7.pt\\\/wp-content\\\/uploads\\\/2023\\\/06\\\/2023_0615_Protocolo_CM-VRSA_Comite-Olimpico-de-Portugal-4.jpg\",\"width\":1024,\"height\":682},{\"@type\":\"BreadcrumbList\",\"@id\":\"https:\\\/\\\/algarve7.pt\\\/index.php\\\/2023\\\/06\\\/comite-olimpico-de-portugal-celebra-protocolo-com-autarquia-de-vila-real-de-santo-antonio\\\/desporto\\\/09\\\/20\\\/#breadcrumb\",\"itemListElement\":[{\"@type\":\"ListItem\",\"position\":1,\"name\":\"In\u00edcio\",\"item\":\"https:\\\/\\\/algarve7.pt\\\/\"},{\"@type\":\"ListItem\",\"position\":2,\"name\":\"Comit\u00e9 Ol\u00edmpico de Portugal celebra protocolo com autarquia de Vila Real de Santo Ant\u00f3nio\"}]},{\"@type\":\"WebSite\",\"@id\":\"https:\\\/\\\/algarve7.pt\\\/#website\",\"url\":\"https:\\\/\\\/algarve7.pt\\\/\",\"name\":\"Algarve 7\",\"description\":\"Informa\u00e7\u00e3o sobre o Algarve\",\"publisher\":{\"@id\":\"https:\\\/\\\/algarve7.pt\\\/#organization\"},\"potentialAction\":[{\"@type\":\"SearchAction\",\"target\":{\"@type\":\"EntryPoint\",\"urlTemplate\":\"https:\\\/\\\/algarve7.pt\\\/?s={search_term_string}\"},\"query-input\":{\"@type\":\"PropertyValueSpecification\",\"valueRequired\":true,\"valueName\":\"search_term_string\"}}],\"inLanguage\":\"pt-PT\"},{\"@type\":\"Organization\",\"@id\":\"https:\\\/\\\/algarve7.pt\\\/#organization\",\"name\":\"Algarve 7\",\"url\":\"https:\\\/\\\/algarve7.pt\\\/\",\"logo\":{\"@type\":\"ImageObject\",\"inLanguage\":\"pt-PT\",\"@id\":\"https:\\\/\\\/algarve7.pt\\\/#\\\/schema\\\/logo\\\/image\\\/\",\"url\":\"https:\\\/\\\/algarve7.pt\\\/wp-content\\\/uploads\\\/2020\\\/10\\\/Logo-8.jpg\",\"contentUrl\":\"https:\\\/\\\/algarve7.pt\\\/wp-content\\\/uploads\\\/2020\\\/10\\\/Logo-8.jpg\",\"width\":1680,\"height\":1186,\"caption\":\"Algarve 7\"},\"image\":{\"@id\":\"https:\\\/\\\/algarve7.pt\\\/#\\\/schema\\\/logo\\\/image\\\/\"},\"sameAs\":[\"https:\\\/\\\/www.facebook.com\\\/algarve7\",\"https:\\\/\\\/x.com\\\/Algarvesete\",\"https:\\\/\\\/www.instagram.com\\\/jornalalgarve7\\\/\",\"https:\\\/\\\/www.linkedin.com\\\/company\\\/algarve7\",\"https:\\\/\\\/www.pinterest.pt\\\/geral0939\\\/_created\\\/\"]},{\"@type\":\"Person\",\"@id\":\"https:\\\/\\\/algarve7.pt\\\/#\\\/schema\\\/person\\\/23fa70681308e7b319a3204bcea45e0c\",\"name\":\"Algarve 7\",\"sameAs\":[\"https:\\\/\\\/algarve7.pt\",\"https:\\\/\\\/www.facebook.com\\\/algarve7\"],\"url\":\"https:\\\/\\\/algarve7.pt\\\/index.php\\\/author\\\/geralalgarve7-pt\\\/\"}]}<\/script>\n<!-- \/ Yoast SEO plugin. -->","yoast_head_json":{"title":"Comit\u00e9 Ol\u00edmpico de Portugal celebra protocolo com autarquia de Vila Real de Santo Ant\u00f3nio - Algarve 7","description":"Comit\u00e9 Ol\u00edmpico de Portugal celebra protocolo com autarquia de Vila Real de Santo Ant\u00f3nio Desporto","robots":{"index":"index","follow":"follow","max-snippet":"max-snippet:-1","max-image-preview":"max-image-preview:large","max-video-preview":"max-video-preview:-1"},"canonical":"https:\/\/algarve7.pt\/index.php\/2023\/06\/comite-olimpico-de-portugal-celebra-protocolo-com-autarquia-de-vila-real-de-santo-antonio\/desporto\/09\/20\/","og_locale":"pt_PT","og_type":"article","og_title":"Comit\u00e9 Ol\u00edmpico de Portugal celebra protocolo com autarquia de Vila Real de Santo Ant\u00f3nio - Algarve 7","og_description":"Comit\u00e9 Ol\u00edmpico de Portugal celebra protocolo com autarquia de Vila Real de Santo Ant\u00f3nio Desporto","og_url":"https:\/\/algarve7.pt\/index.php\/2023\/06\/comite-olimpico-de-portugal-celebra-protocolo-com-autarquia-de-vila-real-de-santo-antonio\/desporto\/09\/20\/","og_site_name":"Algarve 7","article_publisher":"https:\/\/www.facebook.com\/algarve7","article_author":"https:\/\/www.facebook.com\/algarve7","article_published_time":"2023-06-16T08:20:00+00:00","og_image":[{"width":1024,"height":682,"url":"https:\/\/algarve7.pt\/wp-content\/uploads\/2023\/06\/2023_0615_Protocolo_CM-VRSA_Comite-Olimpico-de-Portugal-4.jpg","type":"image\/jpeg"}],"author":"Algarve 7","twitter_card":"summary_large_image","twitter_creator":"@Algarvesete","twitter_site":"@Algarvesete","twitter_misc":{"Escrito por":"Algarve 7","Tempo estimado de leitura":"3 minutos"},"schema":{"@context":"https:\/\/schema.org","@graph":[{"@type":"Article","@id":"https:\/\/algarve7.pt\/index.php\/2023\/06\/comite-olimpico-de-portugal-celebra-protocolo-com-autarquia-de-vila-real-de-santo-antonio\/desporto\/09\/20\/#article","isPartOf":{"@id":"https:\/\/algarve7.pt\/index.php\/2023\/06\/comite-olimpico-de-portugal-celebra-protocolo-com-autarquia-de-vila-real-de-santo-antonio\/desporto\/09\/20\/"},"author":{"name":"Algarve 7","@id":"https:\/\/algarve7.pt\/#\/schema\/person\/23fa70681308e7b319a3204bcea45e0c"},"headline":"Comit\u00e9 Ol\u00edmpico de Portugal celebra protocolo com autarquia de Vila Real de Santo Ant\u00f3nio","datePublished":"2023-06-16T08:20:00+00:00","mainEntityOfPage":{"@id":"https:\/\/algarve7.pt\/index.php\/2023\/06\/comite-olimpico-de-portugal-celebra-protocolo-com-autarquia-de-vila-real-de-santo-antonio\/desporto\/09\/20\/"},"wordCount":544,"publisher":{"@id":"https:\/\/algarve7.pt\/#organization"},"image":{"@id":"https:\/\/algarve7.pt\/index.php\/2023\/06\/comite-olimpico-de-portugal-celebra-protocolo-com-autarquia-de-vila-real-de-santo-antonio\/desporto\/09\/20\/#primaryimage"},"thumbnailUrl":"https:\/\/algarve7.pt\/wp-content\/uploads\/2023\/06\/2023_0615_Protocolo_CM-VRSA_Comite-Olimpico-de-Portugal-4.jpg","keywords":["Algarve","Desporto","Vila Real de St\u00ba Ant\u00f3nio"],"articleSection":["Desporto"],"inLanguage":"pt-PT"},{"@type":"WebPage","@id":"https:\/\/algarve7.pt\/index.php\/2023\/06\/comite-olimpico-de-portugal-celebra-protocolo-com-autarquia-de-vila-real-de-santo-antonio\/desporto\/09\/20\/","url":"https:\/\/algarve7.pt\/index.php\/2023\/06\/comite-olimpico-de-portugal-celebra-protocolo-com-autarquia-de-vila-real-de-santo-antonio\/desporto\/09\/20\/","name":"Comit\u00e9 Ol\u00edmpico de Portugal celebra protocolo com autarquia de Vila Real de Santo Ant\u00f3nio - Algarve 7","isPartOf":{"@id":"https:\/\/algarve7.pt\/#website"},"primaryImageOfPage":{"@id":"https:\/\/algarve7.pt\/index.php\/2023\/06\/comite-olimpico-de-portugal-celebra-protocolo-com-autarquia-de-vila-real-de-santo-antonio\/desporto\/09\/20\/#primaryimage"},"image":{"@id":"https:\/\/algarve7.pt\/index.php\/2023\/06\/comite-olimpico-de-portugal-celebra-protocolo-com-autarquia-de-vila-real-de-santo-antonio\/desporto\/09\/20\/#primaryimage"},"thumbnailUrl":"https:\/\/algarve7.pt\/wp-content\/uploads\/2023\/06\/2023_0615_Protocolo_CM-VRSA_Comite-Olimpico-de-Portugal-4.jpg","datePublished":"2023-06-16T08:20:00+00:00","description":"Comit\u00e9 Ol\u00edmpico de Portugal celebra protocolo com autarquia de Vila Real de Santo Ant\u00f3nio Desporto","breadcrumb":{"@id":"https:\/\/algarve7.pt\/index.php\/2023\/06\/comite-olimpico-de-portugal-celebra-protocolo-com-autarquia-de-vila-real-de-santo-antonio\/desporto\/09\/20\/#breadcrumb"},"inLanguage":"pt-PT","potentialAction":[{"@type":"ReadAction","target":["https:\/\/algarve7.pt\/index.php\/2023\/06\/comite-olimpico-de-portugal-celebra-protocolo-com-autarquia-de-vila-real-de-santo-antonio\/desporto\/09\/20\/"]}]},{"@type":"ImageObject","inLanguage":"pt-PT","@id":"https:\/\/algarve7.pt\/index.php\/2023\/06\/comite-olimpico-de-portugal-celebra-protocolo-com-autarquia-de-vila-real-de-santo-antonio\/desporto\/09\/20\/#primaryimage","url":"https:\/\/algarve7.pt\/wp-content\/uploads\/2023\/06\/2023_0615_Protocolo_CM-VRSA_Comite-Olimpico-de-Portugal-4.jpg","contentUrl":"https:\/\/algarve7.pt\/wp-content\/uploads\/2023\/06\/2023_0615_Protocolo_CM-VRSA_Comite-Olimpico-de-Portugal-4.jpg","width":1024,"height":682},{"@type":"BreadcrumbList","@id":"https:\/\/algarve7.pt\/index.php\/2023\/06\/comite-olimpico-de-portugal-celebra-protocolo-com-autarquia-de-vila-real-de-santo-antonio\/desporto\/09\/20\/#breadcrumb","itemListElement":[{"@type":"ListItem","position":1,"name":"In\u00edcio","item":"https:\/\/algarve7.pt\/"},{"@type":"ListItem","position":2,"name":"Comit\u00e9 Ol\u00edmpico de Portugal celebra protocolo com autarquia de Vila Real de Santo Ant\u00f3nio"}]},{"@type":"WebSite","@id":"https:\/\/algarve7.pt\/#website","url":"https:\/\/algarve7.pt\/","name":"Algarve 7","description":"Informa\u00e7\u00e3o sobre o Algarve","publisher":{"@id":"https:\/\/algarve7.pt\/#organization"},"potentialAction":[{"@type":"SearchAction","target":{"@type":"EntryPoint","urlTemplate":"https:\/\/algarve7.pt\/?s={search_term_string}"},"query-input":{"@type":"PropertyValueSpecification","valueRequired":true,"valueName":"search_term_string"}}],"inLanguage":"pt-PT"},{"@type":"Organization","@id":"https:\/\/algarve7.pt\/#organization","name":"Algarve 7","url":"https:\/\/algarve7.pt\/","logo":{"@type":"ImageObject","inLanguage":"pt-PT","@id":"https:\/\/algarve7.pt\/#\/schema\/logo\/image\/","url":"https:\/\/algarve7.pt\/wp-content\/uploads\/2020\/10\/Logo-8.jpg","contentUrl":"https:\/\/algarve7.pt\/wp-content\/uploads\/2020\/10\/Logo-8.jpg","width":1680,"height":1186,"caption":"Algarve 7"},"image":{"@id":"https:\/\/algarve7.pt\/#\/schema\/logo\/image\/"},"sameAs":["https:\/\/www.facebook.com\/algarve7","https:\/\/x.com\/Algarvesete","https:\/\/www.instagram.com\/jornalalgarve7\/","https:\/\/www.linkedin.com\/company\/algarve7","https:\/\/www.pinterest.pt\/geral0939\/_created\/"]},{"@type":"Person","@id":"https:\/\/algarve7.pt\/#\/schema\/person\/23fa70681308e7b319a3204bcea45e0c","name":"Algarve 7","sameAs":["https:\/\/algarve7.pt","https:\/\/www.facebook.com\/algarve7"],"url":"https:\/\/algarve7.pt\/index.php\/author\/geralalgarve7-pt\/"}]}},"jetpack_publicize_connections":[],"jetpack_featured_media_url":"https:\/\/algarve7.pt\/wp-content\/uploads\/2023\/06\/2023_0615_Protocolo_CM-VRSA_Comite-Olimpico-de-Portugal-4.jpg","jetpack_shortlink":"https:\/\/wp.me\/pcezmW-7sF","jetpack_sharing_enabled":true,"_links":{"self":[{"href":"https:\/\/algarve7.pt\/index.php\/wp-json\/wp\/v2\/posts\/28685","targetHints":{"allow":["GET"]}}],"collection":[{"href":"https:\/\/algarve7.pt\/index.php\/wp-json\/wp\/v2\/posts"}],"about":[{"href":"https:\/\/algarve7.pt\/index.php\/wp-json\/wp\/v2\/types\/post"}],"author":[{"embeddable":true,"href":"https:\/\/algarve7.pt\/index.php\/wp-json\/wp\/v2\/users\/1"}],"replies":[{"embeddable":true,"href":"https:\/\/algarve7.pt\/index.php\/wp-json\/wp\/v2\/comments?post=28685"}],"version-history":[{"count":0,"href":"https:\/\/algarve7.pt\/index.php\/wp-json\/wp\/v2\/posts\/28685\/revisions"}],"wp:featuredmedia":[{"embeddable":true,"href":"https:\/\/algarve7.pt\/index.php\/wp-json\/wp\/v2\/media\/28686"}],"wp:attachment":[{"href":"https:\/\/algarve7.pt\/index.php\/wp-json\/wp\/v2\/media?parent=28685"}],"wp:term":[{"taxonomy":"category","embeddable":true,"href":"https:\/\/algarve7.pt\/index.php\/wp-json\/wp\/v2\/categories?post=28685"},{"taxonomy":"post_tag","embeddable":true,"href":"https:\/\/algarve7.pt\/index.php\/wp-json\/wp\/v2\/tags?post=28685"}],"curies":[{"name":"wp","href":"https:\/\/api.w.org\/{rel}","templated":true}]}}