{"id":28651,"date":"2023-06-15T10:35:00","date_gmt":"2023-06-15T09:35:00","guid":{"rendered":"https:\/\/algarve7.pt\/?p=28651"},"modified":"2023-06-14T23:06:34","modified_gmt":"2023-06-14T22:06:34","slug":"jornadas-europeias-de-arqueologia-2023-sunset-megalitico-iluminado-passeio-noturno-com-os-menires-de-vila-do-bispo","status":"publish","type":"post","link":"https:\/\/algarve7.pt\/index.php\/2023\/06\/jornadas-europeias-de-arqueologia-2023-sunset-megalitico-iluminado-passeio-noturno-com-os-menires-de-vila-do-bispo\/cultura\/10\/35\/","title":{"rendered":"Jornadas Europeias de Arqueologia 2023 &#8211; Sunset Megal\u00edtico: iluminado passeio noturno com os menires de Vila do Bispo"},"content":{"rendered":"\n<p>Nos dias 16, 17 e 18 de junho ter\u00e3o lugar as Jornadas Europeias da Arqueologia 2023, uma iniciativa promovida pelo <em>Institut National de Recherches Arch\u00e9ologiques Pr\u00e9ventives<\/em> (INRAP) e pelo Conselho da Europa, que em Portugal \u00e9 organizada pela Dire\u00e7\u00e3o-Geral do Patrim\u00f3nio Cultural (DGPC), \u00e0 qual o munic\u00edpio de Vila do Bispo se associa.<\/p>\n\n\n\n<p>Neste \u00e2mbito, a C\u00e2mara Municipal de Vila do Bispo promove, no pr\u00f3ximo dia 16 de junho, um passeio noturno intitulado \u201cSunset Megal\u00edtico: iluminado passeio noturno com os menires de Vila do Bispo\u201d.<\/p>\n\n\n\n<p>Ao longo do percurso pedestre interpretativo realizado nas atuais paisagens rurais de Vila do Bispo, o participante ser\u00e1 convidado a viajar no tempo at\u00e9 \u00e0 Pr\u00e9-hist\u00f3ria e \u00e0s paisagens megal\u00edticas da Pedra Escorregadia. No decorrer do passeio ser\u00e1 dada aten\u00e7\u00e3o ao pr\u00f3prio contexto natural, \u00e0 sua geologia, biodiversidade e respetivo habitat. Numa perspetiva cultural, ser\u00e3o abordadas realidades arqueol\u00f3gicas, hist\u00f3ricas e etnogr\u00e1ficas que ilustram a evolutiva sequ\u00eancia de presen\u00e7a humana, de gentes que forjaram o territ\u00f3rio com uma genu\u00edna combina\u00e7\u00e3o de recursos da terra e do mar. As decora\u00e7\u00f5es inscritas nos monumentos megal\u00edticos ser\u00e3o observadas com ilumina\u00e7\u00e3o dirigida, t\u00e9cnica reveladora de segredos que a luz do dia dificilmente permite vislumbrar.<\/p>\n\n\n\n<p>O ponto de encontro para esta viagem arqueol\u00f3gica est\u00e1 marcado para as 20h30, no Parque de Merendas da Pedra Escorregadia, no Monte Salema em Vila do Bispo.<\/p>\n\n\n\n<p>A iniciativa \u00e9 gratuita, com inscri\u00e7\u00e3o obrigat\u00f3ria at\u00e9 \u00e0s 15h00 do dia 16 de junho, atrav\u00e9s do email: <a href=\"mailto:museu.celeirodahistoria@cm-viladobispo.pt\" target=\"_blank\" rel=\"noreferrer noopener\">museu.celeirodahistoria@cm-viladobispo.pt<\/a> ou pelo telem\u00f3vel 927 193 677.<\/p>\n\n\n\n<p>Para esta iniciativa, com um percurso de 3 km e dura\u00e7\u00e3o de 2 horas (20h30 \u00e0s 22h30), recomenda-se aos participantes o uso de cal\u00e7ado fechado e roupa adequada \u00e0s condi\u00e7\u00f5es climat\u00e9ricas verificadas no dia.<\/p>\n","protected":false},"excerpt":{"rendered":"<p>Nos dias 16, 17 e 18 de junho ter\u00e3o lugar as Jornadas Europeias da Arqueologia 2023, uma iniciativa promovida pelo<\/p>\n","protected":false},"author":1,"featured_media":28652,"comment_status":"closed","ping_status":"open","sticky":false,"template":"","format":"standard","meta":{"colormag_page_container_layout":"default_layout","colormag_page_sidebar_layout":"default_layout","_monsterinsights_skip_tracking":false,"_monsterinsights_sitenote_active":false,"_monsterinsights_sitenote_note":"","_monsterinsights_sitenote_category":0,"jetpack_post_was_ever_published":false,"_jetpack_newsletter_access":"","_jetpack_dont_email_post_to_subs":false,"_jetpack_newsletter_tier_id":0,"_jetpack_memberships_contains_paywalled_content":false,"_jetpack_memberships_contains_paid_content":false,"footnotes":"","jetpack_publicize_message":"","jetpack_publicize_feature_enabled":true,"jetpack_social_post_already_shared":true,"jetpack_social_options":{"image_generator_settings":{"template":"highway","default_image_id":0,"font":"","enabled":false},"version":2}},"categories":[14],"tags":[36,355,35,84],"class_list":["post-28651","post","type-post","status-publish","format-standard","has-post-thumbnail","hentry","category-cultura","tag-algarve","tag-arqueologia","tag-cultura","tag-vila-do-bispo"],"yoast_head":"<!-- This site is optimized with the Yoast SEO plugin v27.5 - https:\/\/yoast.com\/product\/yoast-seo-wordpress\/ -->\n<title>Jornadas Europeias de Arqueologia 2023 - Sunset Megal\u00edtico: iluminado passeio noturno com os menires de Vila do Bispo - Algarve 7<\/title>\n<meta name=\"description\" content=\"Jornadas Europeias de Arqueologia 2023 - Sunset Megal\u00edtico: iluminado passeio noturno com os menires de Vila do Bispo Cultura\" \/>\n<meta name=\"robots\" content=\"index, follow, max-snippet:-1, max-image-preview:large, max-video-preview:-1\" \/>\n<link rel=\"canonical\" href=\"https:\/\/algarve7.pt\/index.php\/2023\/06\/jornadas-europeias-de-arqueologia-2023-sunset-megalitico-iluminado-passeio-noturno-com-os-menires-de-vila-do-bispo\/cultura\/10\/35\/\" \/>\n<meta property=\"og:locale\" content=\"pt_PT\" \/>\n<meta property=\"og:type\" content=\"article\" \/>\n<meta property=\"og:title\" content=\"Jornadas Europeias de Arqueologia 2023 - Sunset Megal\u00edtico: iluminado passeio noturno com os menires de Vila do Bispo - Algarve 7\" \/>\n<meta property=\"og:description\" content=\"Jornadas Europeias de Arqueologia 2023 - Sunset Megal\u00edtico: iluminado passeio noturno com os menires de Vila do Bispo Cultura\" \/>\n<meta property=\"og:url\" content=\"https:\/\/algarve7.pt\/index.php\/2023\/06\/jornadas-europeias-de-arqueologia-2023-sunset-megalitico-iluminado-passeio-noturno-com-os-menires-de-vila-do-bispo\/cultura\/10\/35\/\" \/>\n<meta property=\"og:site_name\" content=\"Algarve 7\" \/>\n<meta property=\"article:publisher\" content=\"https:\/\/www.facebook.com\/algarve7\" \/>\n<meta property=\"article:author\" content=\"https:\/\/www.facebook.com\/algarve7\" \/>\n<meta property=\"article:published_time\" content=\"2023-06-15T09:35:00+00:00\" \/>\n<meta property=\"og:image\" content=\"https:\/\/algarve7.pt\/wp-content\/uploads\/2023\/06\/Menir-de-Aspradantas-Ricardo-Soares-2023.jpeg\" \/>\n\t<meta property=\"og:image:width\" content=\"1024\" \/>\n\t<meta property=\"og:image:height\" content=\"680\" \/>\n\t<meta property=\"og:image:type\" content=\"image\/jpeg\" \/>\n<meta name=\"author\" content=\"Algarve 7\" \/>\n<meta name=\"twitter:card\" content=\"summary_large_image\" \/>\n<meta name=\"twitter:creator\" content=\"@Algarvesete\" \/>\n<meta name=\"twitter:site\" content=\"@Algarvesete\" \/>\n<meta name=\"twitter:label1\" content=\"Escrito por\" \/>\n\t<meta name=\"twitter:data1\" content=\"Algarve 7\" \/>\n\t<meta name=\"twitter:label2\" content=\"Tempo estimado de leitura\" \/>\n\t<meta name=\"twitter:data2\" content=\"2 minutos\" \/>\n<script type=\"application\/ld+json\" class=\"yoast-schema-graph\">{\"@context\":\"https:\\\/\\\/schema.org\",\"@graph\":[{\"@type\":\"Article\",\"@id\":\"https:\\\/\\\/algarve7.pt\\\/index.php\\\/2023\\\/06\\\/jornadas-europeias-de-arqueologia-2023-sunset-megalitico-iluminado-passeio-noturno-com-os-menires-de-vila-do-bispo\\\/cultura\\\/10\\\/35\\\/#article\",\"isPartOf\":{\"@id\":\"https:\\\/\\\/algarve7.pt\\\/index.php\\\/2023\\\/06\\\/jornadas-europeias-de-arqueologia-2023-sunset-megalitico-iluminado-passeio-noturno-com-os-menires-de-vila-do-bispo\\\/cultura\\\/10\\\/35\\\/\"},\"author\":{\"name\":\"Algarve 7\",\"@id\":\"https:\\\/\\\/algarve7.pt\\\/#\\\/schema\\\/person\\\/23fa70681308e7b319a3204bcea45e0c\"},\"headline\":\"Jornadas Europeias de Arqueologia 2023 &#8211; Sunset Megal\u00edtico: iluminado passeio noturno com os menires de Vila do Bispo\",\"datePublished\":\"2023-06-15T09:35:00+00:00\",\"mainEntityOfPage\":{\"@id\":\"https:\\\/\\\/algarve7.pt\\\/index.php\\\/2023\\\/06\\\/jornadas-europeias-de-arqueologia-2023-sunset-megalitico-iluminado-passeio-noturno-com-os-menires-de-vila-do-bispo\\\/cultura\\\/10\\\/35\\\/\"},\"wordCount\":322,\"publisher\":{\"@id\":\"https:\\\/\\\/algarve7.pt\\\/#organization\"},\"image\":{\"@id\":\"https:\\\/\\\/algarve7.pt\\\/index.php\\\/2023\\\/06\\\/jornadas-europeias-de-arqueologia-2023-sunset-megalitico-iluminado-passeio-noturno-com-os-menires-de-vila-do-bispo\\\/cultura\\\/10\\\/35\\\/#primaryimage\"},\"thumbnailUrl\":\"https:\\\/\\\/algarve7.pt\\\/wp-content\\\/uploads\\\/2023\\\/06\\\/Menir-de-Aspradantas-Ricardo-Soares-2023.jpeg\",\"keywords\":[\"Algarve\",\"Arqueologia\",\"Cultura\",\"Vila do Bispo\"],\"articleSection\":[\"Cultura\"],\"inLanguage\":\"pt-PT\"},{\"@type\":\"WebPage\",\"@id\":\"https:\\\/\\\/algarve7.pt\\\/index.php\\\/2023\\\/06\\\/jornadas-europeias-de-arqueologia-2023-sunset-megalitico-iluminado-passeio-noturno-com-os-menires-de-vila-do-bispo\\\/cultura\\\/10\\\/35\\\/\",\"url\":\"https:\\\/\\\/algarve7.pt\\\/index.php\\\/2023\\\/06\\\/jornadas-europeias-de-arqueologia-2023-sunset-megalitico-iluminado-passeio-noturno-com-os-menires-de-vila-do-bispo\\\/cultura\\\/10\\\/35\\\/\",\"name\":\"Jornadas Europeias de Arqueologia 2023 - Sunset Megal\u00edtico: iluminado passeio noturno com os menires de Vila do Bispo - Algarve 7\",\"isPartOf\":{\"@id\":\"https:\\\/\\\/algarve7.pt\\\/#website\"},\"primaryImageOfPage\":{\"@id\":\"https:\\\/\\\/algarve7.pt\\\/index.php\\\/2023\\\/06\\\/jornadas-europeias-de-arqueologia-2023-sunset-megalitico-iluminado-passeio-noturno-com-os-menires-de-vila-do-bispo\\\/cultura\\\/10\\\/35\\\/#primaryimage\"},\"image\":{\"@id\":\"https:\\\/\\\/algarve7.pt\\\/index.php\\\/2023\\\/06\\\/jornadas-europeias-de-arqueologia-2023-sunset-megalitico-iluminado-passeio-noturno-com-os-menires-de-vila-do-bispo\\\/cultura\\\/10\\\/35\\\/#primaryimage\"},\"thumbnailUrl\":\"https:\\\/\\\/algarve7.pt\\\/wp-content\\\/uploads\\\/2023\\\/06\\\/Menir-de-Aspradantas-Ricardo-Soares-2023.jpeg\",\"datePublished\":\"2023-06-15T09:35:00+00:00\",\"description\":\"Jornadas Europeias de Arqueologia 2023 - Sunset Megal\u00edtico: iluminado passeio noturno com os menires de Vila do Bispo Cultura\",\"breadcrumb\":{\"@id\":\"https:\\\/\\\/algarve7.pt\\\/index.php\\\/2023\\\/06\\\/jornadas-europeias-de-arqueologia-2023-sunset-megalitico-iluminado-passeio-noturno-com-os-menires-de-vila-do-bispo\\\/cultura\\\/10\\\/35\\\/#breadcrumb\"},\"inLanguage\":\"pt-PT\",\"potentialAction\":[{\"@type\":\"ReadAction\",\"target\":[\"https:\\\/\\\/algarve7.pt\\\/index.php\\\/2023\\\/06\\\/jornadas-europeias-de-arqueologia-2023-sunset-megalitico-iluminado-passeio-noturno-com-os-menires-de-vila-do-bispo\\\/cultura\\\/10\\\/35\\\/\"]}]},{\"@type\":\"ImageObject\",\"inLanguage\":\"pt-PT\",\"@id\":\"https:\\\/\\\/algarve7.pt\\\/index.php\\\/2023\\\/06\\\/jornadas-europeias-de-arqueologia-2023-sunset-megalitico-iluminado-passeio-noturno-com-os-menires-de-vila-do-bispo\\\/cultura\\\/10\\\/35\\\/#primaryimage\",\"url\":\"https:\\\/\\\/algarve7.pt\\\/wp-content\\\/uploads\\\/2023\\\/06\\\/Menir-de-Aspradantas-Ricardo-Soares-2023.jpeg\",\"contentUrl\":\"https:\\\/\\\/algarve7.pt\\\/wp-content\\\/uploads\\\/2023\\\/06\\\/Menir-de-Aspradantas-Ricardo-Soares-2023.jpeg\",\"width\":1024,\"height\":680},{\"@type\":\"BreadcrumbList\",\"@id\":\"https:\\\/\\\/algarve7.pt\\\/index.php\\\/2023\\\/06\\\/jornadas-europeias-de-arqueologia-2023-sunset-megalitico-iluminado-passeio-noturno-com-os-menires-de-vila-do-bispo\\\/cultura\\\/10\\\/35\\\/#breadcrumb\",\"itemListElement\":[{\"@type\":\"ListItem\",\"position\":1,\"name\":\"In\u00edcio\",\"item\":\"https:\\\/\\\/algarve7.pt\\\/\"},{\"@type\":\"ListItem\",\"position\":2,\"name\":\"Jornadas Europeias de Arqueologia 2023 &#8211; Sunset Megal\u00edtico: iluminado passeio noturno com os menires de Vila do Bispo\"}]},{\"@type\":\"WebSite\",\"@id\":\"https:\\\/\\\/algarve7.pt\\\/#website\",\"url\":\"https:\\\/\\\/algarve7.pt\\\/\",\"name\":\"Algarve 7\",\"description\":\"Informa\u00e7\u00e3o sobre o Algarve\",\"publisher\":{\"@id\":\"https:\\\/\\\/algarve7.pt\\\/#organization\"},\"potentialAction\":[{\"@type\":\"SearchAction\",\"target\":{\"@type\":\"EntryPoint\",\"urlTemplate\":\"https:\\\/\\\/algarve7.pt\\\/?s={search_term_string}\"},\"query-input\":{\"@type\":\"PropertyValueSpecification\",\"valueRequired\":true,\"valueName\":\"search_term_string\"}}],\"inLanguage\":\"pt-PT\"},{\"@type\":\"Organization\",\"@id\":\"https:\\\/\\\/algarve7.pt\\\/#organization\",\"name\":\"Algarve 7\",\"url\":\"https:\\\/\\\/algarve7.pt\\\/\",\"logo\":{\"@type\":\"ImageObject\",\"inLanguage\":\"pt-PT\",\"@id\":\"https:\\\/\\\/algarve7.pt\\\/#\\\/schema\\\/logo\\\/image\\\/\",\"url\":\"https:\\\/\\\/algarve7.pt\\\/wp-content\\\/uploads\\\/2020\\\/10\\\/Logo-8.jpg\",\"contentUrl\":\"https:\\\/\\\/algarve7.pt\\\/wp-content\\\/uploads\\\/2020\\\/10\\\/Logo-8.jpg\",\"width\":1680,\"height\":1186,\"caption\":\"Algarve 7\"},\"image\":{\"@id\":\"https:\\\/\\\/algarve7.pt\\\/#\\\/schema\\\/logo\\\/image\\\/\"},\"sameAs\":[\"https:\\\/\\\/www.facebook.com\\\/algarve7\",\"https:\\\/\\\/x.com\\\/Algarvesete\",\"https:\\\/\\\/www.instagram.com\\\/jornalalgarve7\\\/\",\"https:\\\/\\\/www.linkedin.com\\\/company\\\/algarve7\",\"https:\\\/\\\/www.pinterest.pt\\\/geral0939\\\/_created\\\/\"]},{\"@type\":\"Person\",\"@id\":\"https:\\\/\\\/algarve7.pt\\\/#\\\/schema\\\/person\\\/23fa70681308e7b319a3204bcea45e0c\",\"name\":\"Algarve 7\",\"sameAs\":[\"https:\\\/\\\/algarve7.pt\",\"https:\\\/\\\/www.facebook.com\\\/algarve7\"],\"url\":\"https:\\\/\\\/algarve7.pt\\\/index.php\\\/author\\\/geralalgarve7-pt\\\/\"}]}<\/script>\n<!-- \/ Yoast SEO plugin. -->","yoast_head_json":{"title":"Jornadas Europeias de Arqueologia 2023 - Sunset Megal\u00edtico: iluminado passeio noturno com os menires de Vila do Bispo - Algarve 7","description":"Jornadas Europeias de Arqueologia 2023 - Sunset Megal\u00edtico: iluminado passeio noturno com os menires de Vila do Bispo Cultura","robots":{"index":"index","follow":"follow","max-snippet":"max-snippet:-1","max-image-preview":"max-image-preview:large","max-video-preview":"max-video-preview:-1"},"canonical":"https:\/\/algarve7.pt\/index.php\/2023\/06\/jornadas-europeias-de-arqueologia-2023-sunset-megalitico-iluminado-passeio-noturno-com-os-menires-de-vila-do-bispo\/cultura\/10\/35\/","og_locale":"pt_PT","og_type":"article","og_title":"Jornadas Europeias de Arqueologia 2023 - Sunset Megal\u00edtico: iluminado passeio noturno com os menires de Vila do Bispo - Algarve 7","og_description":"Jornadas Europeias de Arqueologia 2023 - Sunset Megal\u00edtico: iluminado passeio noturno com os menires de Vila do Bispo Cultura","og_url":"https:\/\/algarve7.pt\/index.php\/2023\/06\/jornadas-europeias-de-arqueologia-2023-sunset-megalitico-iluminado-passeio-noturno-com-os-menires-de-vila-do-bispo\/cultura\/10\/35\/","og_site_name":"Algarve 7","article_publisher":"https:\/\/www.facebook.com\/algarve7","article_author":"https:\/\/www.facebook.com\/algarve7","article_published_time":"2023-06-15T09:35:00+00:00","og_image":[{"width":1024,"height":680,"url":"https:\/\/algarve7.pt\/wp-content\/uploads\/2023\/06\/Menir-de-Aspradantas-Ricardo-Soares-2023.jpeg","type":"image\/jpeg"}],"author":"Algarve 7","twitter_card":"summary_large_image","twitter_creator":"@Algarvesete","twitter_site":"@Algarvesete","twitter_misc":{"Escrito por":"Algarve 7","Tempo estimado de leitura":"2 minutos"},"schema":{"@context":"https:\/\/schema.org","@graph":[{"@type":"Article","@id":"https:\/\/algarve7.pt\/index.php\/2023\/06\/jornadas-europeias-de-arqueologia-2023-sunset-megalitico-iluminado-passeio-noturno-com-os-menires-de-vila-do-bispo\/cultura\/10\/35\/#article","isPartOf":{"@id":"https:\/\/algarve7.pt\/index.php\/2023\/06\/jornadas-europeias-de-arqueologia-2023-sunset-megalitico-iluminado-passeio-noturno-com-os-menires-de-vila-do-bispo\/cultura\/10\/35\/"},"author":{"name":"Algarve 7","@id":"https:\/\/algarve7.pt\/#\/schema\/person\/23fa70681308e7b319a3204bcea45e0c"},"headline":"Jornadas Europeias de Arqueologia 2023 &#8211; Sunset Megal\u00edtico: iluminado passeio noturno com os menires de Vila do Bispo","datePublished":"2023-06-15T09:35:00+00:00","mainEntityOfPage":{"@id":"https:\/\/algarve7.pt\/index.php\/2023\/06\/jornadas-europeias-de-arqueologia-2023-sunset-megalitico-iluminado-passeio-noturno-com-os-menires-de-vila-do-bispo\/cultura\/10\/35\/"},"wordCount":322,"publisher":{"@id":"https:\/\/algarve7.pt\/#organization"},"image":{"@id":"https:\/\/algarve7.pt\/index.php\/2023\/06\/jornadas-europeias-de-arqueologia-2023-sunset-megalitico-iluminado-passeio-noturno-com-os-menires-de-vila-do-bispo\/cultura\/10\/35\/#primaryimage"},"thumbnailUrl":"https:\/\/algarve7.pt\/wp-content\/uploads\/2023\/06\/Menir-de-Aspradantas-Ricardo-Soares-2023.jpeg","keywords":["Algarve","Arqueologia","Cultura","Vila do Bispo"],"articleSection":["Cultura"],"inLanguage":"pt-PT"},{"@type":"WebPage","@id":"https:\/\/algarve7.pt\/index.php\/2023\/06\/jornadas-europeias-de-arqueologia-2023-sunset-megalitico-iluminado-passeio-noturno-com-os-menires-de-vila-do-bispo\/cultura\/10\/35\/","url":"https:\/\/algarve7.pt\/index.php\/2023\/06\/jornadas-europeias-de-arqueologia-2023-sunset-megalitico-iluminado-passeio-noturno-com-os-menires-de-vila-do-bispo\/cultura\/10\/35\/","name":"Jornadas Europeias de Arqueologia 2023 - Sunset Megal\u00edtico: iluminado passeio noturno com os menires de Vila do Bispo - Algarve 7","isPartOf":{"@id":"https:\/\/algarve7.pt\/#website"},"primaryImageOfPage":{"@id":"https:\/\/algarve7.pt\/index.php\/2023\/06\/jornadas-europeias-de-arqueologia-2023-sunset-megalitico-iluminado-passeio-noturno-com-os-menires-de-vila-do-bispo\/cultura\/10\/35\/#primaryimage"},"image":{"@id":"https:\/\/algarve7.pt\/index.php\/2023\/06\/jornadas-europeias-de-arqueologia-2023-sunset-megalitico-iluminado-passeio-noturno-com-os-menires-de-vila-do-bispo\/cultura\/10\/35\/#primaryimage"},"thumbnailUrl":"https:\/\/algarve7.pt\/wp-content\/uploads\/2023\/06\/Menir-de-Aspradantas-Ricardo-Soares-2023.jpeg","datePublished":"2023-06-15T09:35:00+00:00","description":"Jornadas Europeias de Arqueologia 2023 - Sunset Megal\u00edtico: iluminado passeio noturno com os menires de Vila do Bispo Cultura","breadcrumb":{"@id":"https:\/\/algarve7.pt\/index.php\/2023\/06\/jornadas-europeias-de-arqueologia-2023-sunset-megalitico-iluminado-passeio-noturno-com-os-menires-de-vila-do-bispo\/cultura\/10\/35\/#breadcrumb"},"inLanguage":"pt-PT","potentialAction":[{"@type":"ReadAction","target":["https:\/\/algarve7.pt\/index.php\/2023\/06\/jornadas-europeias-de-arqueologia-2023-sunset-megalitico-iluminado-passeio-noturno-com-os-menires-de-vila-do-bispo\/cultura\/10\/35\/"]}]},{"@type":"ImageObject","inLanguage":"pt-PT","@id":"https:\/\/algarve7.pt\/index.php\/2023\/06\/jornadas-europeias-de-arqueologia-2023-sunset-megalitico-iluminado-passeio-noturno-com-os-menires-de-vila-do-bispo\/cultura\/10\/35\/#primaryimage","url":"https:\/\/algarve7.pt\/wp-content\/uploads\/2023\/06\/Menir-de-Aspradantas-Ricardo-Soares-2023.jpeg","contentUrl":"https:\/\/algarve7.pt\/wp-content\/uploads\/2023\/06\/Menir-de-Aspradantas-Ricardo-Soares-2023.jpeg","width":1024,"height":680},{"@type":"BreadcrumbList","@id":"https:\/\/algarve7.pt\/index.php\/2023\/06\/jornadas-europeias-de-arqueologia-2023-sunset-megalitico-iluminado-passeio-noturno-com-os-menires-de-vila-do-bispo\/cultura\/10\/35\/#breadcrumb","itemListElement":[{"@type":"ListItem","position":1,"name":"In\u00edcio","item":"https:\/\/algarve7.pt\/"},{"@type":"ListItem","position":2,"name":"Jornadas Europeias de Arqueologia 2023 &#8211; Sunset Megal\u00edtico: iluminado passeio noturno com os menires de Vila do Bispo"}]},{"@type":"WebSite","@id":"https:\/\/algarve7.pt\/#website","url":"https:\/\/algarve7.pt\/","name":"Algarve 7","description":"Informa\u00e7\u00e3o sobre o Algarve","publisher":{"@id":"https:\/\/algarve7.pt\/#organization"},"potentialAction":[{"@type":"SearchAction","target":{"@type":"EntryPoint","urlTemplate":"https:\/\/algarve7.pt\/?s={search_term_string}"},"query-input":{"@type":"PropertyValueSpecification","valueRequired":true,"valueName":"search_term_string"}}],"inLanguage":"pt-PT"},{"@type":"Organization","@id":"https:\/\/algarve7.pt\/#organization","name":"Algarve 7","url":"https:\/\/algarve7.pt\/","logo":{"@type":"ImageObject","inLanguage":"pt-PT","@id":"https:\/\/algarve7.pt\/#\/schema\/logo\/image\/","url":"https:\/\/algarve7.pt\/wp-content\/uploads\/2020\/10\/Logo-8.jpg","contentUrl":"https:\/\/algarve7.pt\/wp-content\/uploads\/2020\/10\/Logo-8.jpg","width":1680,"height":1186,"caption":"Algarve 7"},"image":{"@id":"https:\/\/algarve7.pt\/#\/schema\/logo\/image\/"},"sameAs":["https:\/\/www.facebook.com\/algarve7","https:\/\/x.com\/Algarvesete","https:\/\/www.instagram.com\/jornalalgarve7\/","https:\/\/www.linkedin.com\/company\/algarve7","https:\/\/www.pinterest.pt\/geral0939\/_created\/"]},{"@type":"Person","@id":"https:\/\/algarve7.pt\/#\/schema\/person\/23fa70681308e7b319a3204bcea45e0c","name":"Algarve 7","sameAs":["https:\/\/algarve7.pt","https:\/\/www.facebook.com\/algarve7"],"url":"https:\/\/algarve7.pt\/index.php\/author\/geralalgarve7-pt\/"}]}},"jetpack_publicize_connections":[],"jetpack_featured_media_url":"https:\/\/algarve7.pt\/wp-content\/uploads\/2023\/06\/Menir-de-Aspradantas-Ricardo-Soares-2023.jpeg","jetpack_shortlink":"https:\/\/wp.me\/pcezmW-7s7","jetpack_sharing_enabled":true,"_links":{"self":[{"href":"https:\/\/algarve7.pt\/index.php\/wp-json\/wp\/v2\/posts\/28651","targetHints":{"allow":["GET"]}}],"collection":[{"href":"https:\/\/algarve7.pt\/index.php\/wp-json\/wp\/v2\/posts"}],"about":[{"href":"https:\/\/algarve7.pt\/index.php\/wp-json\/wp\/v2\/types\/post"}],"author":[{"embeddable":true,"href":"https:\/\/algarve7.pt\/index.php\/wp-json\/wp\/v2\/users\/1"}],"replies":[{"embeddable":true,"href":"https:\/\/algarve7.pt\/index.php\/wp-json\/wp\/v2\/comments?post=28651"}],"version-history":[{"count":0,"href":"https:\/\/algarve7.pt\/index.php\/wp-json\/wp\/v2\/posts\/28651\/revisions"}],"wp:featuredmedia":[{"embeddable":true,"href":"https:\/\/algarve7.pt\/index.php\/wp-json\/wp\/v2\/media\/28652"}],"wp:attachment":[{"href":"https:\/\/algarve7.pt\/index.php\/wp-json\/wp\/v2\/media?parent=28651"}],"wp:term":[{"taxonomy":"category","embeddable":true,"href":"https:\/\/algarve7.pt\/index.php\/wp-json\/wp\/v2\/categories?post=28651"},{"taxonomy":"post_tag","embeddable":true,"href":"https:\/\/algarve7.pt\/index.php\/wp-json\/wp\/v2\/tags?post=28651"}],"curies":[{"name":"wp","href":"https:\/\/api.w.org\/{rel}","templated":true}]}}