{"id":28627,"date":"2023-06-13T18:40:13","date_gmt":"2023-06-13T17:40:13","guid":{"rendered":"https:\/\/algarve7.pt\/?p=28627"},"modified":"2023-06-13T18:40:16","modified_gmt":"2023-06-13T17:40:16","slug":"estudo-indica-que-portugueses-consideram-as-abordagens-naturais-mais-eficazes-na-gestao-da-erosao-e-riscos-costeiros","status":"publish","type":"post","link":"https:\/\/algarve7.pt\/index.php\/2023\/06\/estudo-indica-que-portugueses-consideram-as-abordagens-naturais-mais-eficazes-na-gestao-da-erosao-e-riscos-costeiros\/ambiente\/18\/40\/","title":{"rendered":"Estudo indica que portugueses consideram as abordagens naturais mais eficazes na gest\u00e3o da eros\u00e3o e riscos costeiros"},"content":{"rendered":"\n<p>\u201cQue praias queres para o teu futuro?\u201d foi o ponto de partida para uma investiga\u00e7\u00e3o da Universidade de Coimbra (UC) que, com o objetivo de determinar qual a prefer\u00eancia dos portugueses relativamente \u00e0s diferentes estrat\u00e9gias de gest\u00e3o dos riscos costeiros, concluiu que a maioria dos participantes considera que as solu\u00e7\u00f5es baseadas na natureza podem ser mais eficazes na gest\u00e3o dos riscos costeiros, que as solu\u00e7\u00f5es at\u00e9 agora mais utilizadas, como por exemplo a implanta\u00e7\u00e3o de espor\u00f5es ou a reposi\u00e7\u00e3o de sedimentos nas praias.<\/p>\n\n\n\n<p>Este estudo resulta de uma colabora\u00e7\u00e3o entre o Centro de Estudos Sociais (CES) da UC e o Departamento de Ci\u00eancias da Terra (DCT) da Faculdade de Ci\u00eancias e Tecnologia da UC (FCTUC) e vem mostrar que os portugueses, apesar de alguma falta de informa\u00e7\u00e3o e conhecimento relativamente a esta tem\u00e1tica, querem ter um papel ativo na gest\u00e3o costeira.<\/p>\n\n\n\n<p>\u00ab<strong>A maioria dos participantes referiu n\u00e3o conhecer a Estrat\u00e9gia Nacional de Gest\u00e3o Integrada da Zona Costeira. Al\u00e9m disso, cerca de 93% dos participantes consideraram que existe uma falta significativa de informa\u00e7\u00e3o, dirigida ao grande p\u00fablico, sobre riscos costeiros e\/ou gest\u00e3o costeira<\/strong>\u00bb, revela Neide Areia, investigadora do CES.<\/p>\n\n\n\n<p>Apesar dessa desinforma\u00e7\u00e3o, \u00ab<strong>foi interessante verificar que havia uma preval\u00eancia importante da amostra que se mostrava dispon\u00edvel a participar ativamente nos processos de gest\u00e3o do risco costeiro. Portanto, os portugueses entendem que os processos participativos de tomada de decis\u00e3o e gest\u00e3o costeira poderiam ser altamente frut\u00edferos, ao criarem um espa\u00e7o para o desenvolvimento colaborativo de solu\u00e7\u00f5es inovadoras para a mitiga\u00e7\u00e3o e adapta\u00e7\u00e3o \u00e0 eros\u00e3o costeira<\/strong>\u00bb, assegura a investigadora, acrescentando que \u00e9 importante que os \u00f3rg\u00e3os de decis\u00e3o tenham esta perce\u00e7\u00e3o e incluam a comunidade na tomada de decis\u00e3o.<\/p>\n\n\n\n<p>Neste estudo foi ainda poss\u00edvel concluir que a maioria dos mais de tr\u00eas mil inquiridos prefere a ado\u00e7\u00e3o de estrat\u00e9gias baseadas na natureza, nomeadamente a constru\u00e7\u00e3o de recifes artificiais submersos ou a vegeta\u00e7\u00e3o de duna, em detrimento das estruturas de engenharia costeira pesada, como espor\u00f5es, por exemplo. \u00ab<strong>Esta prefer\u00eancia pelas estruturas multifuncionais surge n\u00e3o s\u00f3 como objetivo de mitigar a eros\u00e3o costeira, mas tamb\u00e9m para proteger patrim\u00f3nio natural costeiro e a vida marinha<\/strong>\u00bb, frisa Neide Areia.<\/p>\n\n\n\n<p>Seguramente, esta investiga\u00e7\u00e3o mostra \u00ab<strong>que as pessoas est\u00e3o preparadas para alguns sacrif\u00edcios para terem solu\u00e7\u00f5es mais equilibradas e a longo termo. Assim, de alguma forma, pode robustecer decis\u00f5es que os gestores costeiros tenham que tomar, mas tamb\u00e9m um conjunto de pr\u00e1ticas que t\u00eam vindo a ser defendidas pela Uni\u00e3o Europeia e que come\u00e7am a ser implementadas pela Ag\u00eancia Portuguesa do Ambiente (APA)<\/strong>\u00bb, considera Pedro Costa, docente do DCT<\/p>\n\n\n\n<p>Dada a import\u00e2ncia desta tem\u00e1tica e com o intuito de combater a iliteracia e promover a troca de conhecimentos, os investigadores pretendem, no futuro, estender este trabalho a todos os p\u00fablicos, atrav\u00e9s da realiza\u00e7\u00e3o de workshops, f\u00f3runs digitais e a cria\u00e7\u00e3o de plataformas para recolha de informa\u00e7\u00f5es de quem est\u00e1 no terreno. \u00ab<strong>Claramente, as medidas de adapta\u00e7\u00e3o \u00e0 eros\u00e3o costeira s\u00e3o ansiadas por todos, desde a gera\u00e7\u00e3o mais nova \u00e0 mais velha<\/strong>\u00bb, conclui.<\/p>\n\n\n\n<p>O artigo cient\u00edfico \u201c<em>Public perception and preferences for coastal risk management: Evidence from a convergent parallel mixed-methods study<\/em>\u201d, da autoria de Neide Areia, Pedro Costa e tamb\u00e9m Alexandre Tavares, professor do DCT e investigador do CES, est\u00e1 dispon\u00edvel <a href=\"https:\/\/www.sciencedirect.com\/science\/article\/pii\/S0048969723020594?via%3Dihub\" target=\"_blank\" rel=\"noreferrer noopener\">aqui<\/a>.<\/p>\n\n\n\n<p>Fonte: Universidade de Coimbra\u2022 Faculdade de Ci\u00eancias e Tecnologia<\/p>\n","protected":false},"excerpt":{"rendered":"<p>\u201cQue praias queres para o teu futuro?\u201d foi o ponto de partida para uma investiga\u00e7\u00e3o da Universidade de Coimbra (UC)<\/p>\n","protected":false},"author":1,"featured_media":28628,"comment_status":"closed","ping_status":"open","sticky":false,"template":"","format":"standard","meta":{"colormag_page_container_layout":"default_layout","colormag_page_sidebar_layout":"default_layout","_monsterinsights_skip_tracking":false,"_monsterinsights_sitenote_active":false,"_monsterinsights_sitenote_note":"","_monsterinsights_sitenote_category":0,"jetpack_post_was_ever_published":false,"_jetpack_newsletter_access":"","_jetpack_dont_email_post_to_subs":false,"_jetpack_newsletter_tier_id":0,"_jetpack_memberships_contains_paywalled_content":false,"_jetpack_memberships_contains_paid_content":false,"footnotes":"","jetpack_publicize_message":"","jetpack_publicize_feature_enabled":true,"jetpack_social_post_already_shared":true,"jetpack_social_options":{"image_generator_settings":{"template":"highway","default_image_id":0,"font":"","enabled":false},"version":2}},"categories":[5],"tags":[32,98],"class_list":["post-28627","post","type-post","status-publish","format-standard","has-post-thumbnail","hentry","category-ambiente","tag-ambiente","tag-nacional"],"yoast_head":"<!-- This site is optimized with the Yoast SEO plugin v27.5 - https:\/\/yoast.com\/product\/yoast-seo-wordpress\/ -->\n<title>Estudo indica que portugueses consideram as abordagens naturais mais eficazes na gest\u00e3o da eros\u00e3o e riscos costeiros - Algarve 7<\/title>\n<meta name=\"description\" content=\"Estudo indica que portugueses consideram as abordagens naturais mais eficazes na gest\u00e3o da eros\u00e3o e riscos costeiros Ambiente\" \/>\n<meta name=\"robots\" content=\"index, follow, max-snippet:-1, max-image-preview:large, max-video-preview:-1\" \/>\n<link rel=\"canonical\" href=\"https:\/\/algarve7.pt\/index.php\/2023\/06\/estudo-indica-que-portugueses-consideram-as-abordagens-naturais-mais-eficazes-na-gestao-da-erosao-e-riscos-costeiros\/ambiente\/18\/40\/\" \/>\n<meta property=\"og:locale\" content=\"pt_PT\" \/>\n<meta property=\"og:type\" content=\"article\" \/>\n<meta property=\"og:title\" content=\"Estudo indica que portugueses consideram as abordagens naturais mais eficazes na gest\u00e3o da eros\u00e3o e riscos costeiros - Algarve 7\" \/>\n<meta property=\"og:description\" content=\"Estudo indica que portugueses consideram as abordagens naturais mais eficazes na gest\u00e3o da eros\u00e3o e riscos costeiros Ambiente\" \/>\n<meta property=\"og:url\" content=\"https:\/\/algarve7.pt\/index.php\/2023\/06\/estudo-indica-que-portugueses-consideram-as-abordagens-naturais-mais-eficazes-na-gestao-da-erosao-e-riscos-costeiros\/ambiente\/18\/40\/\" \/>\n<meta property=\"og:site_name\" content=\"Algarve 7\" \/>\n<meta property=\"article:publisher\" content=\"https:\/\/www.facebook.com\/algarve7\" \/>\n<meta property=\"article:author\" content=\"https:\/\/www.facebook.com\/algarve7\" \/>\n<meta property=\"article:published_time\" content=\"2023-06-13T17:40:13+00:00\" \/>\n<meta property=\"article:modified_time\" content=\"2023-06-13T17:40:16+00:00\" \/>\n<meta property=\"og:image\" content=\"https:\/\/algarve7.pt\/wp-content\/uploads\/2023\/06\/Captura-de-ecra-2023-06-13-as-18.37.01.png\" \/>\n\t<meta property=\"og:image:width\" content=\"1024\" \/>\n\t<meta property=\"og:image:height\" content=\"672\" \/>\n\t<meta property=\"og:image:type\" content=\"image\/png\" \/>\n<meta name=\"author\" content=\"Algarve 7\" \/>\n<meta name=\"twitter:card\" content=\"summary_large_image\" \/>\n<meta name=\"twitter:creator\" content=\"@Algarvesete\" \/>\n<meta name=\"twitter:site\" content=\"@Algarvesete\" \/>\n<meta name=\"twitter:label1\" content=\"Escrito por\" \/>\n\t<meta name=\"twitter:data1\" content=\"Algarve 7\" \/>\n\t<meta name=\"twitter:label2\" content=\"Tempo estimado de leitura\" \/>\n\t<meta name=\"twitter:data2\" content=\"3 minutos\" \/>\n<script type=\"application\/ld+json\" class=\"yoast-schema-graph\">{\"@context\":\"https:\\\/\\\/schema.org\",\"@graph\":[{\"@type\":\"Article\",\"@id\":\"https:\\\/\\\/algarve7.pt\\\/index.php\\\/2023\\\/06\\\/estudo-indica-que-portugueses-consideram-as-abordagens-naturais-mais-eficazes-na-gestao-da-erosao-e-riscos-costeiros\\\/ambiente\\\/18\\\/40\\\/#article\",\"isPartOf\":{\"@id\":\"https:\\\/\\\/algarve7.pt\\\/index.php\\\/2023\\\/06\\\/estudo-indica-que-portugueses-consideram-as-abordagens-naturais-mais-eficazes-na-gestao-da-erosao-e-riscos-costeiros\\\/ambiente\\\/18\\\/40\\\/\"},\"author\":{\"name\":\"Algarve 7\",\"@id\":\"https:\\\/\\\/algarve7.pt\\\/#\\\/schema\\\/person\\\/23fa70681308e7b319a3204bcea45e0c\"},\"headline\":\"Estudo indica que portugueses consideram as abordagens naturais mais eficazes na gest\u00e3o da eros\u00e3o e riscos costeiros\",\"datePublished\":\"2023-06-13T17:40:13+00:00\",\"dateModified\":\"2023-06-13T17:40:16+00:00\",\"mainEntityOfPage\":{\"@id\":\"https:\\\/\\\/algarve7.pt\\\/index.php\\\/2023\\\/06\\\/estudo-indica-que-portugueses-consideram-as-abordagens-naturais-mais-eficazes-na-gestao-da-erosao-e-riscos-costeiros\\\/ambiente\\\/18\\\/40\\\/\"},\"wordCount\":634,\"publisher\":{\"@id\":\"https:\\\/\\\/algarve7.pt\\\/#organization\"},\"image\":{\"@id\":\"https:\\\/\\\/algarve7.pt\\\/index.php\\\/2023\\\/06\\\/estudo-indica-que-portugueses-consideram-as-abordagens-naturais-mais-eficazes-na-gestao-da-erosao-e-riscos-costeiros\\\/ambiente\\\/18\\\/40\\\/#primaryimage\"},\"thumbnailUrl\":\"https:\\\/\\\/algarve7.pt\\\/wp-content\\\/uploads\\\/2023\\\/06\\\/Captura-de-ecra-2023-06-13-as-18.37.01.png\",\"keywords\":[\"Ambiente\",\"Nacional\"],\"articleSection\":[\"Ambiente\"],\"inLanguage\":\"pt-PT\"},{\"@type\":\"WebPage\",\"@id\":\"https:\\\/\\\/algarve7.pt\\\/index.php\\\/2023\\\/06\\\/estudo-indica-que-portugueses-consideram-as-abordagens-naturais-mais-eficazes-na-gestao-da-erosao-e-riscos-costeiros\\\/ambiente\\\/18\\\/40\\\/\",\"url\":\"https:\\\/\\\/algarve7.pt\\\/index.php\\\/2023\\\/06\\\/estudo-indica-que-portugueses-consideram-as-abordagens-naturais-mais-eficazes-na-gestao-da-erosao-e-riscos-costeiros\\\/ambiente\\\/18\\\/40\\\/\",\"name\":\"Estudo indica que portugueses consideram as abordagens naturais mais eficazes na gest\u00e3o da eros\u00e3o e riscos costeiros - Algarve 7\",\"isPartOf\":{\"@id\":\"https:\\\/\\\/algarve7.pt\\\/#website\"},\"primaryImageOfPage\":{\"@id\":\"https:\\\/\\\/algarve7.pt\\\/index.php\\\/2023\\\/06\\\/estudo-indica-que-portugueses-consideram-as-abordagens-naturais-mais-eficazes-na-gestao-da-erosao-e-riscos-costeiros\\\/ambiente\\\/18\\\/40\\\/#primaryimage\"},\"image\":{\"@id\":\"https:\\\/\\\/algarve7.pt\\\/index.php\\\/2023\\\/06\\\/estudo-indica-que-portugueses-consideram-as-abordagens-naturais-mais-eficazes-na-gestao-da-erosao-e-riscos-costeiros\\\/ambiente\\\/18\\\/40\\\/#primaryimage\"},\"thumbnailUrl\":\"https:\\\/\\\/algarve7.pt\\\/wp-content\\\/uploads\\\/2023\\\/06\\\/Captura-de-ecra-2023-06-13-as-18.37.01.png\",\"datePublished\":\"2023-06-13T17:40:13+00:00\",\"dateModified\":\"2023-06-13T17:40:16+00:00\",\"description\":\"Estudo indica que portugueses consideram as abordagens naturais mais eficazes na gest\u00e3o da eros\u00e3o e riscos costeiros Ambiente\",\"breadcrumb\":{\"@id\":\"https:\\\/\\\/algarve7.pt\\\/index.php\\\/2023\\\/06\\\/estudo-indica-que-portugueses-consideram-as-abordagens-naturais-mais-eficazes-na-gestao-da-erosao-e-riscos-costeiros\\\/ambiente\\\/18\\\/40\\\/#breadcrumb\"},\"inLanguage\":\"pt-PT\",\"potentialAction\":[{\"@type\":\"ReadAction\",\"target\":[\"https:\\\/\\\/algarve7.pt\\\/index.php\\\/2023\\\/06\\\/estudo-indica-que-portugueses-consideram-as-abordagens-naturais-mais-eficazes-na-gestao-da-erosao-e-riscos-costeiros\\\/ambiente\\\/18\\\/40\\\/\"]}]},{\"@type\":\"ImageObject\",\"inLanguage\":\"pt-PT\",\"@id\":\"https:\\\/\\\/algarve7.pt\\\/index.php\\\/2023\\\/06\\\/estudo-indica-que-portugueses-consideram-as-abordagens-naturais-mais-eficazes-na-gestao-da-erosao-e-riscos-costeiros\\\/ambiente\\\/18\\\/40\\\/#primaryimage\",\"url\":\"https:\\\/\\\/algarve7.pt\\\/wp-content\\\/uploads\\\/2023\\\/06\\\/Captura-de-ecra-2023-06-13-as-18.37.01.png\",\"contentUrl\":\"https:\\\/\\\/algarve7.pt\\\/wp-content\\\/uploads\\\/2023\\\/06\\\/Captura-de-ecra-2023-06-13-as-18.37.01.png\",\"width\":1024,\"height\":672},{\"@type\":\"BreadcrumbList\",\"@id\":\"https:\\\/\\\/algarve7.pt\\\/index.php\\\/2023\\\/06\\\/estudo-indica-que-portugueses-consideram-as-abordagens-naturais-mais-eficazes-na-gestao-da-erosao-e-riscos-costeiros\\\/ambiente\\\/18\\\/40\\\/#breadcrumb\",\"itemListElement\":[{\"@type\":\"ListItem\",\"position\":1,\"name\":\"In\u00edcio\",\"item\":\"https:\\\/\\\/algarve7.pt\\\/\"},{\"@type\":\"ListItem\",\"position\":2,\"name\":\"Estudo indica que portugueses consideram as abordagens naturais mais eficazes na gest\u00e3o da eros\u00e3o e riscos costeiros\"}]},{\"@type\":\"WebSite\",\"@id\":\"https:\\\/\\\/algarve7.pt\\\/#website\",\"url\":\"https:\\\/\\\/algarve7.pt\\\/\",\"name\":\"Algarve 7\",\"description\":\"Informa\u00e7\u00e3o sobre o Algarve\",\"publisher\":{\"@id\":\"https:\\\/\\\/algarve7.pt\\\/#organization\"},\"potentialAction\":[{\"@type\":\"SearchAction\",\"target\":{\"@type\":\"EntryPoint\",\"urlTemplate\":\"https:\\\/\\\/algarve7.pt\\\/?s={search_term_string}\"},\"query-input\":{\"@type\":\"PropertyValueSpecification\",\"valueRequired\":true,\"valueName\":\"search_term_string\"}}],\"inLanguage\":\"pt-PT\"},{\"@type\":\"Organization\",\"@id\":\"https:\\\/\\\/algarve7.pt\\\/#organization\",\"name\":\"Algarve 7\",\"url\":\"https:\\\/\\\/algarve7.pt\\\/\",\"logo\":{\"@type\":\"ImageObject\",\"inLanguage\":\"pt-PT\",\"@id\":\"https:\\\/\\\/algarve7.pt\\\/#\\\/schema\\\/logo\\\/image\\\/\",\"url\":\"https:\\\/\\\/algarve7.pt\\\/wp-content\\\/uploads\\\/2020\\\/10\\\/Logo-8.jpg\",\"contentUrl\":\"https:\\\/\\\/algarve7.pt\\\/wp-content\\\/uploads\\\/2020\\\/10\\\/Logo-8.jpg\",\"width\":1680,\"height\":1186,\"caption\":\"Algarve 7\"},\"image\":{\"@id\":\"https:\\\/\\\/algarve7.pt\\\/#\\\/schema\\\/logo\\\/image\\\/\"},\"sameAs\":[\"https:\\\/\\\/www.facebook.com\\\/algarve7\",\"https:\\\/\\\/x.com\\\/Algarvesete\",\"https:\\\/\\\/www.instagram.com\\\/jornalalgarve7\\\/\",\"https:\\\/\\\/www.linkedin.com\\\/company\\\/algarve7\",\"https:\\\/\\\/www.pinterest.pt\\\/geral0939\\\/_created\\\/\"]},{\"@type\":\"Person\",\"@id\":\"https:\\\/\\\/algarve7.pt\\\/#\\\/schema\\\/person\\\/23fa70681308e7b319a3204bcea45e0c\",\"name\":\"Algarve 7\",\"sameAs\":[\"https:\\\/\\\/algarve7.pt\",\"https:\\\/\\\/www.facebook.com\\\/algarve7\"],\"url\":\"https:\\\/\\\/algarve7.pt\\\/index.php\\\/author\\\/geralalgarve7-pt\\\/\"}]}<\/script>\n<!-- \/ Yoast SEO plugin. -->","yoast_head_json":{"title":"Estudo indica que portugueses consideram as abordagens naturais mais eficazes na gest\u00e3o da eros\u00e3o e riscos costeiros - Algarve 7","description":"Estudo indica que portugueses consideram as abordagens naturais mais eficazes na gest\u00e3o da eros\u00e3o e riscos costeiros Ambiente","robots":{"index":"index","follow":"follow","max-snippet":"max-snippet:-1","max-image-preview":"max-image-preview:large","max-video-preview":"max-video-preview:-1"},"canonical":"https:\/\/algarve7.pt\/index.php\/2023\/06\/estudo-indica-que-portugueses-consideram-as-abordagens-naturais-mais-eficazes-na-gestao-da-erosao-e-riscos-costeiros\/ambiente\/18\/40\/","og_locale":"pt_PT","og_type":"article","og_title":"Estudo indica que portugueses consideram as abordagens naturais mais eficazes na gest\u00e3o da eros\u00e3o e riscos costeiros - Algarve 7","og_description":"Estudo indica que portugueses consideram as abordagens naturais mais eficazes na gest\u00e3o da eros\u00e3o e riscos costeiros Ambiente","og_url":"https:\/\/algarve7.pt\/index.php\/2023\/06\/estudo-indica-que-portugueses-consideram-as-abordagens-naturais-mais-eficazes-na-gestao-da-erosao-e-riscos-costeiros\/ambiente\/18\/40\/","og_site_name":"Algarve 7","article_publisher":"https:\/\/www.facebook.com\/algarve7","article_author":"https:\/\/www.facebook.com\/algarve7","article_published_time":"2023-06-13T17:40:13+00:00","article_modified_time":"2023-06-13T17:40:16+00:00","og_image":[{"width":1024,"height":672,"url":"https:\/\/algarve7.pt\/wp-content\/uploads\/2023\/06\/Captura-de-ecra-2023-06-13-as-18.37.01.png","type":"image\/png"}],"author":"Algarve 7","twitter_card":"summary_large_image","twitter_creator":"@Algarvesete","twitter_site":"@Algarvesete","twitter_misc":{"Escrito por":"Algarve 7","Tempo estimado de leitura":"3 minutos"},"schema":{"@context":"https:\/\/schema.org","@graph":[{"@type":"Article","@id":"https:\/\/algarve7.pt\/index.php\/2023\/06\/estudo-indica-que-portugueses-consideram-as-abordagens-naturais-mais-eficazes-na-gestao-da-erosao-e-riscos-costeiros\/ambiente\/18\/40\/#article","isPartOf":{"@id":"https:\/\/algarve7.pt\/index.php\/2023\/06\/estudo-indica-que-portugueses-consideram-as-abordagens-naturais-mais-eficazes-na-gestao-da-erosao-e-riscos-costeiros\/ambiente\/18\/40\/"},"author":{"name":"Algarve 7","@id":"https:\/\/algarve7.pt\/#\/schema\/person\/23fa70681308e7b319a3204bcea45e0c"},"headline":"Estudo indica que portugueses consideram as abordagens naturais mais eficazes na gest\u00e3o da eros\u00e3o e riscos costeiros","datePublished":"2023-06-13T17:40:13+00:00","dateModified":"2023-06-13T17:40:16+00:00","mainEntityOfPage":{"@id":"https:\/\/algarve7.pt\/index.php\/2023\/06\/estudo-indica-que-portugueses-consideram-as-abordagens-naturais-mais-eficazes-na-gestao-da-erosao-e-riscos-costeiros\/ambiente\/18\/40\/"},"wordCount":634,"publisher":{"@id":"https:\/\/algarve7.pt\/#organization"},"image":{"@id":"https:\/\/algarve7.pt\/index.php\/2023\/06\/estudo-indica-que-portugueses-consideram-as-abordagens-naturais-mais-eficazes-na-gestao-da-erosao-e-riscos-costeiros\/ambiente\/18\/40\/#primaryimage"},"thumbnailUrl":"https:\/\/algarve7.pt\/wp-content\/uploads\/2023\/06\/Captura-de-ecra-2023-06-13-as-18.37.01.png","keywords":["Ambiente","Nacional"],"articleSection":["Ambiente"],"inLanguage":"pt-PT"},{"@type":"WebPage","@id":"https:\/\/algarve7.pt\/index.php\/2023\/06\/estudo-indica-que-portugueses-consideram-as-abordagens-naturais-mais-eficazes-na-gestao-da-erosao-e-riscos-costeiros\/ambiente\/18\/40\/","url":"https:\/\/algarve7.pt\/index.php\/2023\/06\/estudo-indica-que-portugueses-consideram-as-abordagens-naturais-mais-eficazes-na-gestao-da-erosao-e-riscos-costeiros\/ambiente\/18\/40\/","name":"Estudo indica que portugueses consideram as abordagens naturais mais eficazes na gest\u00e3o da eros\u00e3o e riscos costeiros - Algarve 7","isPartOf":{"@id":"https:\/\/algarve7.pt\/#website"},"primaryImageOfPage":{"@id":"https:\/\/algarve7.pt\/index.php\/2023\/06\/estudo-indica-que-portugueses-consideram-as-abordagens-naturais-mais-eficazes-na-gestao-da-erosao-e-riscos-costeiros\/ambiente\/18\/40\/#primaryimage"},"image":{"@id":"https:\/\/algarve7.pt\/index.php\/2023\/06\/estudo-indica-que-portugueses-consideram-as-abordagens-naturais-mais-eficazes-na-gestao-da-erosao-e-riscos-costeiros\/ambiente\/18\/40\/#primaryimage"},"thumbnailUrl":"https:\/\/algarve7.pt\/wp-content\/uploads\/2023\/06\/Captura-de-ecra-2023-06-13-as-18.37.01.png","datePublished":"2023-06-13T17:40:13+00:00","dateModified":"2023-06-13T17:40:16+00:00","description":"Estudo indica que portugueses consideram as abordagens naturais mais eficazes na gest\u00e3o da eros\u00e3o e riscos costeiros Ambiente","breadcrumb":{"@id":"https:\/\/algarve7.pt\/index.php\/2023\/06\/estudo-indica-que-portugueses-consideram-as-abordagens-naturais-mais-eficazes-na-gestao-da-erosao-e-riscos-costeiros\/ambiente\/18\/40\/#breadcrumb"},"inLanguage":"pt-PT","potentialAction":[{"@type":"ReadAction","target":["https:\/\/algarve7.pt\/index.php\/2023\/06\/estudo-indica-que-portugueses-consideram-as-abordagens-naturais-mais-eficazes-na-gestao-da-erosao-e-riscos-costeiros\/ambiente\/18\/40\/"]}]},{"@type":"ImageObject","inLanguage":"pt-PT","@id":"https:\/\/algarve7.pt\/index.php\/2023\/06\/estudo-indica-que-portugueses-consideram-as-abordagens-naturais-mais-eficazes-na-gestao-da-erosao-e-riscos-costeiros\/ambiente\/18\/40\/#primaryimage","url":"https:\/\/algarve7.pt\/wp-content\/uploads\/2023\/06\/Captura-de-ecra-2023-06-13-as-18.37.01.png","contentUrl":"https:\/\/algarve7.pt\/wp-content\/uploads\/2023\/06\/Captura-de-ecra-2023-06-13-as-18.37.01.png","width":1024,"height":672},{"@type":"BreadcrumbList","@id":"https:\/\/algarve7.pt\/index.php\/2023\/06\/estudo-indica-que-portugueses-consideram-as-abordagens-naturais-mais-eficazes-na-gestao-da-erosao-e-riscos-costeiros\/ambiente\/18\/40\/#breadcrumb","itemListElement":[{"@type":"ListItem","position":1,"name":"In\u00edcio","item":"https:\/\/algarve7.pt\/"},{"@type":"ListItem","position":2,"name":"Estudo indica que portugueses consideram as abordagens naturais mais eficazes na gest\u00e3o da eros\u00e3o e riscos costeiros"}]},{"@type":"WebSite","@id":"https:\/\/algarve7.pt\/#website","url":"https:\/\/algarve7.pt\/","name":"Algarve 7","description":"Informa\u00e7\u00e3o sobre o Algarve","publisher":{"@id":"https:\/\/algarve7.pt\/#organization"},"potentialAction":[{"@type":"SearchAction","target":{"@type":"EntryPoint","urlTemplate":"https:\/\/algarve7.pt\/?s={search_term_string}"},"query-input":{"@type":"PropertyValueSpecification","valueRequired":true,"valueName":"search_term_string"}}],"inLanguage":"pt-PT"},{"@type":"Organization","@id":"https:\/\/algarve7.pt\/#organization","name":"Algarve 7","url":"https:\/\/algarve7.pt\/","logo":{"@type":"ImageObject","inLanguage":"pt-PT","@id":"https:\/\/algarve7.pt\/#\/schema\/logo\/image\/","url":"https:\/\/algarve7.pt\/wp-content\/uploads\/2020\/10\/Logo-8.jpg","contentUrl":"https:\/\/algarve7.pt\/wp-content\/uploads\/2020\/10\/Logo-8.jpg","width":1680,"height":1186,"caption":"Algarve 7"},"image":{"@id":"https:\/\/algarve7.pt\/#\/schema\/logo\/image\/"},"sameAs":["https:\/\/www.facebook.com\/algarve7","https:\/\/x.com\/Algarvesete","https:\/\/www.instagram.com\/jornalalgarve7\/","https:\/\/www.linkedin.com\/company\/algarve7","https:\/\/www.pinterest.pt\/geral0939\/_created\/"]},{"@type":"Person","@id":"https:\/\/algarve7.pt\/#\/schema\/person\/23fa70681308e7b319a3204bcea45e0c","name":"Algarve 7","sameAs":["https:\/\/algarve7.pt","https:\/\/www.facebook.com\/algarve7"],"url":"https:\/\/algarve7.pt\/index.php\/author\/geralalgarve7-pt\/"}]}},"jetpack_publicize_connections":[],"jetpack_featured_media_url":"https:\/\/algarve7.pt\/wp-content\/uploads\/2023\/06\/Captura-de-ecra-2023-06-13-as-18.37.01.png","jetpack_shortlink":"https:\/\/wp.me\/pcezmW-7rJ","jetpack_sharing_enabled":true,"_links":{"self":[{"href":"https:\/\/algarve7.pt\/index.php\/wp-json\/wp\/v2\/posts\/28627","targetHints":{"allow":["GET"]}}],"collection":[{"href":"https:\/\/algarve7.pt\/index.php\/wp-json\/wp\/v2\/posts"}],"about":[{"href":"https:\/\/algarve7.pt\/index.php\/wp-json\/wp\/v2\/types\/post"}],"author":[{"embeddable":true,"href":"https:\/\/algarve7.pt\/index.php\/wp-json\/wp\/v2\/users\/1"}],"replies":[{"embeddable":true,"href":"https:\/\/algarve7.pt\/index.php\/wp-json\/wp\/v2\/comments?post=28627"}],"version-history":[{"count":0,"href":"https:\/\/algarve7.pt\/index.php\/wp-json\/wp\/v2\/posts\/28627\/revisions"}],"wp:featuredmedia":[{"embeddable":true,"href":"https:\/\/algarve7.pt\/index.php\/wp-json\/wp\/v2\/media\/28628"}],"wp:attachment":[{"href":"https:\/\/algarve7.pt\/index.php\/wp-json\/wp\/v2\/media?parent=28627"}],"wp:term":[{"taxonomy":"category","embeddable":true,"href":"https:\/\/algarve7.pt\/index.php\/wp-json\/wp\/v2\/categories?post=28627"},{"taxonomy":"post_tag","embeddable":true,"href":"https:\/\/algarve7.pt\/index.php\/wp-json\/wp\/v2\/tags?post=28627"}],"curies":[{"name":"wp","href":"https:\/\/api.w.org\/{rel}","templated":true}]}}