{"id":28504,"date":"2023-06-08T17:23:43","date_gmt":"2023-06-08T16:23:43","guid":{"rendered":"https:\/\/algarve7.pt\/?p=28504"},"modified":"2023-06-08T17:23:46","modified_gmt":"2023-06-08T16:23:46","slug":"municipio-de-portimao-promove-ferias-de-verao-para-2-500-criancas-e-jovens-do-concelho","status":"publish","type":"post","link":"https:\/\/algarve7.pt\/index.php\/2023\/06\/municipio-de-portimao-promove-ferias-de-verao-para-2-500-criancas-e-jovens-do-concelho\/atualidade\/17\/23\/","title":{"rendered":"Munic\u00edpio de Portim\u00e3o promove F\u00e9rias de Ver\u00e3o para 2.500 crian\u00e7as e jovens do concelho"},"content":{"rendered":"\n<p>Entre 3 de julho e 11 de agosto, as crian\u00e7as e os jovens de Portim\u00e3o com idades entre os 6 e os 15 anos, podem ocupar os seus tempos livres nas F\u00e9rias de Ver\u00e3o, um programa municipal que decorre durante a pausa escolar dos meses de ver\u00e3o.<\/p>\n\n\n\n<p>Com uma oferta rica em atividades desportivas, recreativas, culturais e de educa\u00e7\u00e3o c\u00edvica e ambiental, as F\u00e9rias Desportivas integram-se no programa municipal de ocupa\u00e7\u00e3o de tempos livres denominado \u201cF\u00e9rias de Ver\u00e3o\u201d, que tamb\u00e9m contempla atividades no Museu de Portim\u00e3o, na Biblioteca Municipal Manuel Teixeira Gomes, na Quinta Pedag\u00f3gica de Portim\u00e3o e no TEMPO \u2013 Teatro Municipal de Portim\u00e3o.<\/p>\n\n\n\n<p>As inscri\u00e7\u00f5es para as F\u00e9rias Desportivas abrem no dia 8 de junho, \u00e0s 09h00, e devem ser feitas on-line em cm-portimao.pt, podendo ser efetuadas em simult\u00e2neo para os tr\u00eas turnos.<\/p>\n\n\n\n<p>No que diz respeito aos turnos, o primeiro decorre de 3 a 14 de julho, o segundo entre 17 e 28 de julho e o terceiro de 31 de julho a 11 de agosto, com atividades das 9h00 \u00e0s 17h00, com pausa para almo\u00e7o entre as 12h00 e as 14h30.<\/p>\n\n\n\n<p>Aos pais das crian\u00e7as que frequentam projeto das F\u00e9rias Desportivas, \u00e9 garantida toda a seguran\u00e7a, com o acompanhamento de coordenadores respons\u00e1veis da Divis\u00e3o de Desporto e Juventude da C\u00e2mara Municipal de Portim\u00e3o, secundados por 112 monitores, entre os 18 e os 25 anos, cuja responsabilidade \u00e9 apoiar os participantes nas atividades previstas e ajustadas \u00e0s suas idades.<\/p>\n\n\n\n<p>S\u00e3o diversas as pr\u00e1ticas desportivas que ir\u00e3o ocupar as crian\u00e7as e jovens sendo, para al\u00e9m das modalidades coletivas, poss\u00edvel experimentar t\u00e9nis, gin\u00e1stica, dan\u00e7a, surf, bodyboard, nata\u00e7\u00e3o, frisbee, badminton, laser run, tag rugby, golf, BTT. Tamb\u00e9m ter\u00e3o a oportunidade de praticar mini-golf e participar em atividades como idas a parques tem\u00e1ticos e aqu\u00e1ticos, e dias tem\u00e1ticos com insufl\u00e1veis.<\/p>\n\n\n\n<p>As inscri\u00e7\u00f5es nas F\u00e9rias Desportivas t\u00eam um custo de trinta euros, estando inclu\u00eddos o seguro de acidentes pessoais, transporte municipal entre atividades (sempre que a dist\u00e2ncia se justifique) e as ofertas do almo\u00e7o e t-shirt, mochila e bon\u00e9.<\/p>\n\n\n\n<p>Colaboram no projeto F\u00e9rias de Desportivas as seguintes entidades: Associa\u00e7\u00e3o Humanit\u00e1ria de Bombeiros Volunt\u00e1rios de Portim\u00e3o; Pol\u00edcia de Seguran\u00e7a P\u00fablica; Centro de Ciclismo de Portim\u00e3o; Clube de T\u00e9nis e Padel de Portim\u00e3o; Clube Naval D. Jo\u00e3o II \u2013 Alvor; Clube Naval de Portim\u00e3o; Portim\u00e3o Surf Clube; Portimonense Sporting Clube; Portinado \u2013 Associa\u00e7\u00e3o de Nata\u00e7\u00e3o de Portim\u00e3o; Portisub; GEJUPCE \u2013 Gil Eanes Juventude Portimonense Clube; Navibordo; Marina de Portim\u00e3o; e Tic Tac Bike Tour;&nbsp; Bowling de Alvor; Alto Golf; Golfland; Zoo de Lagos; e Slide &amp; Splash.<\/p>\n\n\n\n<p><strong>F\u00e9rias Culturais e Ambientais<\/strong><\/p>\n\n\n\n<p>A edi\u00e7\u00e3o deste ano contempla igualmente as F\u00e9rias de Ver\u00e3o Culturais e Ambientais, cujas atividades ter\u00e3o lugar no Museu de Portim\u00e3o, na Biblioteca Municipal Manuel Teixeira Gomes, na Quinta Pedag\u00f3gica de Portim\u00e3o e no TEMPO \u2013 Teatro Municipal de Portim\u00e3o, ao longo de seis turnos semanais dirigidos a crian\u00e7as e jovens entre os 6 e os 12 anos, e que se desenvolver\u00e3o das 9h00 \u00e0s 17h00, com pausa para almo\u00e7o entre as 12h00 e as 14h30.<\/p>\n\n\n\n<p>As inscri\u00e7\u00f5es para as F\u00e9rias de Ver\u00e3o Culturais e Ambientais t\u00eam um custo de 20 euros por turno\/semana e podem ser feitas a partir do dia 20 de junho no site da autarquia, onde tamb\u00e9m ser\u00e1 poss\u00edvel consultar informa\u00e7\u00f5es relativas aos planos de atividade de cada n\u00facleo. No valor de inscri\u00e7\u00e3o est\u00e3o igualmente inclu\u00eddos o seguro de acidentes pessoais, e as ofertas do almo\u00e7o e t-shirt, mochila e bon\u00e9.<\/p>\n\n\n\n<p>S\u00e3o parceiros deste projeto os Agrupamentos de Escolas da Bemposta, Eng.\u00ba Nuno Mergulh\u00e3o, Manuel Teixeira Gomes, Poeta Ant\u00f3nio Aleixo e J\u00fadice Fialho, assim como as Juntas de Freguesia do concelho, sendo os principais patrocinadores das F\u00e9rias de Ver\u00e3o 2023 a EMARP, o Zoomarine e a Sand City.<\/p>\n\n\n\n<p>Resposta integrada&nbsp;de&nbsp;lazer para crian\u00e7as e jovens, este projeto municipal \u00e9 \u00edmpar no pa\u00eds, quer pela longevidade, quer pela qualidade que caracteriza a sua idealiza\u00e7\u00e3o e desenvolvimento, estando marcada para as 21h00 de 11 de agosto a tradicional festa de encerramento, que reunir\u00e1 no Portim\u00e3o Arena todos os participantes e seus familiares, sem esquecer a equipa de monitores.<\/p>\n","protected":false},"excerpt":{"rendered":"<p>Entre 3 de julho e 11 de agosto, as crian\u00e7as e os jovens de Portim\u00e3o com idades entre os 6<\/p>\n","protected":false},"author":1,"featured_media":28505,"comment_status":"open","ping_status":"open","sticky":false,"template":"","format":"standard","meta":{"colormag_page_container_layout":"default_layout","colormag_page_sidebar_layout":"default_layout","_monsterinsights_skip_tracking":false,"_monsterinsights_sitenote_active":false,"_monsterinsights_sitenote_note":"","_monsterinsights_sitenote_category":0,"jetpack_post_was_ever_published":false,"_jetpack_newsletter_access":"","_jetpack_dont_email_post_to_subs":false,"_jetpack_newsletter_tier_id":0,"_jetpack_memberships_contains_paywalled_content":false,"_jetpack_memberships_contains_paid_content":false,"footnotes":"","jetpack_publicize_message":"","jetpack_publicize_feature_enabled":true,"jetpack_social_post_already_shared":true,"jetpack_social_options":{"image_generator_settings":{"template":"highway","default_image_id":0,"font":"","enabled":false},"version":2}},"categories":[11],"tags":[36,62,285,72],"class_list":["post-28504","post","type-post","status-publish","format-standard","has-post-thumbnail","hentry","category-atualidade","tag-algarve","tag-atualidade","tag-ferias","tag-portimao"],"yoast_head":"<!-- This site is optimized with the Yoast SEO plugin v27.5 - https:\/\/yoast.com\/product\/yoast-seo-wordpress\/ -->\n<title>Munic\u00edpio de Portim\u00e3o promove F\u00e9rias de Ver\u00e3o para 2.500 crian\u00e7as e jovens do concelho - Algarve 7<\/title>\n<meta name=\"description\" content=\"Munic\u00edpio de Portim\u00e3o promove F\u00e9rias de Ver\u00e3o para 2.500 crian\u00e7as e jovens do concelho Atualidade\" \/>\n<meta name=\"robots\" content=\"index, follow, max-snippet:-1, max-image-preview:large, max-video-preview:-1\" \/>\n<link rel=\"canonical\" href=\"https:\/\/algarve7.pt\/index.php\/2023\/06\/municipio-de-portimao-promove-ferias-de-verao-para-2-500-criancas-e-jovens-do-concelho\/atualidade\/17\/23\/\" \/>\n<meta property=\"og:locale\" content=\"pt_PT\" \/>\n<meta property=\"og:type\" content=\"article\" \/>\n<meta property=\"og:title\" content=\"Munic\u00edpio de Portim\u00e3o promove F\u00e9rias de Ver\u00e3o para 2.500 crian\u00e7as e jovens do concelho - Algarve 7\" \/>\n<meta property=\"og:description\" content=\"Munic\u00edpio de Portim\u00e3o promove F\u00e9rias de Ver\u00e3o para 2.500 crian\u00e7as e jovens do concelho Atualidade\" \/>\n<meta property=\"og:url\" content=\"https:\/\/algarve7.pt\/index.php\/2023\/06\/municipio-de-portimao-promove-ferias-de-verao-para-2-500-criancas-e-jovens-do-concelho\/atualidade\/17\/23\/\" \/>\n<meta property=\"og:site_name\" content=\"Algarve 7\" \/>\n<meta property=\"article:publisher\" content=\"https:\/\/www.facebook.com\/algarve7\" \/>\n<meta property=\"article:author\" content=\"https:\/\/www.facebook.com\/algarve7\" \/>\n<meta property=\"article:published_time\" content=\"2023-06-08T16:23:43+00:00\" \/>\n<meta property=\"article:modified_time\" content=\"2023-06-08T16:23:46+00:00\" \/>\n<meta property=\"og:image\" content=\"https:\/\/algarve7.pt\/wp-content\/uploads\/2023\/06\/Ferias-Desportivas_Mini-Golf.jpg\" \/>\n\t<meta property=\"og:image:width\" content=\"1024\" \/>\n\t<meta property=\"og:image:height\" content=\"682\" \/>\n\t<meta property=\"og:image:type\" content=\"image\/jpeg\" \/>\n<meta name=\"author\" content=\"Algarve 7\" \/>\n<meta name=\"twitter:card\" content=\"summary_large_image\" \/>\n<meta name=\"twitter:creator\" content=\"@Algarvesete\" \/>\n<meta name=\"twitter:site\" content=\"@Algarvesete\" \/>\n<meta name=\"twitter:label1\" content=\"Escrito por\" \/>\n\t<meta name=\"twitter:data1\" content=\"Algarve 7\" \/>\n\t<meta name=\"twitter:label2\" content=\"Tempo estimado de leitura\" \/>\n\t<meta name=\"twitter:data2\" content=\"4 minutos\" \/>\n<script type=\"application\/ld+json\" class=\"yoast-schema-graph\">{\"@context\":\"https:\\\/\\\/schema.org\",\"@graph\":[{\"@type\":\"Article\",\"@id\":\"https:\\\/\\\/algarve7.pt\\\/index.php\\\/2023\\\/06\\\/municipio-de-portimao-promove-ferias-de-verao-para-2-500-criancas-e-jovens-do-concelho\\\/atualidade\\\/17\\\/23\\\/#article\",\"isPartOf\":{\"@id\":\"https:\\\/\\\/algarve7.pt\\\/index.php\\\/2023\\\/06\\\/municipio-de-portimao-promove-ferias-de-verao-para-2-500-criancas-e-jovens-do-concelho\\\/atualidade\\\/17\\\/23\\\/\"},\"author\":{\"name\":\"Algarve 7\",\"@id\":\"https:\\\/\\\/algarve7.pt\\\/#\\\/schema\\\/person\\\/23fa70681308e7b319a3204bcea45e0c\"},\"headline\":\"Munic\u00edpio de Portim\u00e3o promove F\u00e9rias de Ver\u00e3o para 2.500 crian\u00e7as e jovens do concelho\",\"datePublished\":\"2023-06-08T16:23:43+00:00\",\"dateModified\":\"2023-06-08T16:23:46+00:00\",\"mainEntityOfPage\":{\"@id\":\"https:\\\/\\\/algarve7.pt\\\/index.php\\\/2023\\\/06\\\/municipio-de-portimao-promove-ferias-de-verao-para-2-500-criancas-e-jovens-do-concelho\\\/atualidade\\\/17\\\/23\\\/\"},\"wordCount\":775,\"commentCount\":0,\"publisher\":{\"@id\":\"https:\\\/\\\/algarve7.pt\\\/#organization\"},\"image\":{\"@id\":\"https:\\\/\\\/algarve7.pt\\\/index.php\\\/2023\\\/06\\\/municipio-de-portimao-promove-ferias-de-verao-para-2-500-criancas-e-jovens-do-concelho\\\/atualidade\\\/17\\\/23\\\/#primaryimage\"},\"thumbnailUrl\":\"https:\\\/\\\/algarve7.pt\\\/wp-content\\\/uploads\\\/2023\\\/06\\\/Ferias-Desportivas_Mini-Golf.jpg\",\"keywords\":[\"Algarve\",\"Atualidade\",\"F\u00e9rias\",\"Portim\u00e3o\"],\"articleSection\":[\"Atualidade\"],\"inLanguage\":\"pt-PT\",\"potentialAction\":[{\"@type\":\"CommentAction\",\"name\":\"Comment\",\"target\":[\"https:\\\/\\\/algarve7.pt\\\/index.php\\\/2023\\\/06\\\/municipio-de-portimao-promove-ferias-de-verao-para-2-500-criancas-e-jovens-do-concelho\\\/atualidade\\\/17\\\/23\\\/#respond\"]}]},{\"@type\":\"WebPage\",\"@id\":\"https:\\\/\\\/algarve7.pt\\\/index.php\\\/2023\\\/06\\\/municipio-de-portimao-promove-ferias-de-verao-para-2-500-criancas-e-jovens-do-concelho\\\/atualidade\\\/17\\\/23\\\/\",\"url\":\"https:\\\/\\\/algarve7.pt\\\/index.php\\\/2023\\\/06\\\/municipio-de-portimao-promove-ferias-de-verao-para-2-500-criancas-e-jovens-do-concelho\\\/atualidade\\\/17\\\/23\\\/\",\"name\":\"Munic\u00edpio de Portim\u00e3o promove F\u00e9rias de Ver\u00e3o para 2.500 crian\u00e7as e jovens do concelho - Algarve 7\",\"isPartOf\":{\"@id\":\"https:\\\/\\\/algarve7.pt\\\/#website\"},\"primaryImageOfPage\":{\"@id\":\"https:\\\/\\\/algarve7.pt\\\/index.php\\\/2023\\\/06\\\/municipio-de-portimao-promove-ferias-de-verao-para-2-500-criancas-e-jovens-do-concelho\\\/atualidade\\\/17\\\/23\\\/#primaryimage\"},\"image\":{\"@id\":\"https:\\\/\\\/algarve7.pt\\\/index.php\\\/2023\\\/06\\\/municipio-de-portimao-promove-ferias-de-verao-para-2-500-criancas-e-jovens-do-concelho\\\/atualidade\\\/17\\\/23\\\/#primaryimage\"},\"thumbnailUrl\":\"https:\\\/\\\/algarve7.pt\\\/wp-content\\\/uploads\\\/2023\\\/06\\\/Ferias-Desportivas_Mini-Golf.jpg\",\"datePublished\":\"2023-06-08T16:23:43+00:00\",\"dateModified\":\"2023-06-08T16:23:46+00:00\",\"description\":\"Munic\u00edpio de Portim\u00e3o promove F\u00e9rias de Ver\u00e3o para 2.500 crian\u00e7as e jovens do concelho Atualidade\",\"breadcrumb\":{\"@id\":\"https:\\\/\\\/algarve7.pt\\\/index.php\\\/2023\\\/06\\\/municipio-de-portimao-promove-ferias-de-verao-para-2-500-criancas-e-jovens-do-concelho\\\/atualidade\\\/17\\\/23\\\/#breadcrumb\"},\"inLanguage\":\"pt-PT\",\"potentialAction\":[{\"@type\":\"ReadAction\",\"target\":[\"https:\\\/\\\/algarve7.pt\\\/index.php\\\/2023\\\/06\\\/municipio-de-portimao-promove-ferias-de-verao-para-2-500-criancas-e-jovens-do-concelho\\\/atualidade\\\/17\\\/23\\\/\"]}]},{\"@type\":\"ImageObject\",\"inLanguage\":\"pt-PT\",\"@id\":\"https:\\\/\\\/algarve7.pt\\\/index.php\\\/2023\\\/06\\\/municipio-de-portimao-promove-ferias-de-verao-para-2-500-criancas-e-jovens-do-concelho\\\/atualidade\\\/17\\\/23\\\/#primaryimage\",\"url\":\"https:\\\/\\\/algarve7.pt\\\/wp-content\\\/uploads\\\/2023\\\/06\\\/Ferias-Desportivas_Mini-Golf.jpg\",\"contentUrl\":\"https:\\\/\\\/algarve7.pt\\\/wp-content\\\/uploads\\\/2023\\\/06\\\/Ferias-Desportivas_Mini-Golf.jpg\",\"width\":1024,\"height\":682},{\"@type\":\"BreadcrumbList\",\"@id\":\"https:\\\/\\\/algarve7.pt\\\/index.php\\\/2023\\\/06\\\/municipio-de-portimao-promove-ferias-de-verao-para-2-500-criancas-e-jovens-do-concelho\\\/atualidade\\\/17\\\/23\\\/#breadcrumb\",\"itemListElement\":[{\"@type\":\"ListItem\",\"position\":1,\"name\":\"In\u00edcio\",\"item\":\"https:\\\/\\\/algarve7.pt\\\/\"},{\"@type\":\"ListItem\",\"position\":2,\"name\":\"Munic\u00edpio de Portim\u00e3o promove F\u00e9rias de Ver\u00e3o para 2.500 crian\u00e7as e jovens do concelho\"}]},{\"@type\":\"WebSite\",\"@id\":\"https:\\\/\\\/algarve7.pt\\\/#website\",\"url\":\"https:\\\/\\\/algarve7.pt\\\/\",\"name\":\"Algarve 7\",\"description\":\"Informa\u00e7\u00e3o sobre o Algarve\",\"publisher\":{\"@id\":\"https:\\\/\\\/algarve7.pt\\\/#organization\"},\"potentialAction\":[{\"@type\":\"SearchAction\",\"target\":{\"@type\":\"EntryPoint\",\"urlTemplate\":\"https:\\\/\\\/algarve7.pt\\\/?s={search_term_string}\"},\"query-input\":{\"@type\":\"PropertyValueSpecification\",\"valueRequired\":true,\"valueName\":\"search_term_string\"}}],\"inLanguage\":\"pt-PT\"},{\"@type\":\"Organization\",\"@id\":\"https:\\\/\\\/algarve7.pt\\\/#organization\",\"name\":\"Algarve 7\",\"url\":\"https:\\\/\\\/algarve7.pt\\\/\",\"logo\":{\"@type\":\"ImageObject\",\"inLanguage\":\"pt-PT\",\"@id\":\"https:\\\/\\\/algarve7.pt\\\/#\\\/schema\\\/logo\\\/image\\\/\",\"url\":\"https:\\\/\\\/algarve7.pt\\\/wp-content\\\/uploads\\\/2020\\\/10\\\/Logo-8.jpg\",\"contentUrl\":\"https:\\\/\\\/algarve7.pt\\\/wp-content\\\/uploads\\\/2020\\\/10\\\/Logo-8.jpg\",\"width\":1680,\"height\":1186,\"caption\":\"Algarve 7\"},\"image\":{\"@id\":\"https:\\\/\\\/algarve7.pt\\\/#\\\/schema\\\/logo\\\/image\\\/\"},\"sameAs\":[\"https:\\\/\\\/www.facebook.com\\\/algarve7\",\"https:\\\/\\\/x.com\\\/Algarvesete\",\"https:\\\/\\\/www.instagram.com\\\/jornalalgarve7\\\/\",\"https:\\\/\\\/www.linkedin.com\\\/company\\\/algarve7\",\"https:\\\/\\\/www.pinterest.pt\\\/geral0939\\\/_created\\\/\"]},{\"@type\":\"Person\",\"@id\":\"https:\\\/\\\/algarve7.pt\\\/#\\\/schema\\\/person\\\/23fa70681308e7b319a3204bcea45e0c\",\"name\":\"Algarve 7\",\"sameAs\":[\"https:\\\/\\\/algarve7.pt\",\"https:\\\/\\\/www.facebook.com\\\/algarve7\"],\"url\":\"https:\\\/\\\/algarve7.pt\\\/index.php\\\/author\\\/geralalgarve7-pt\\\/\"}]}<\/script>\n<!-- \/ Yoast SEO plugin. -->","yoast_head_json":{"title":"Munic\u00edpio de Portim\u00e3o promove F\u00e9rias de Ver\u00e3o para 2.500 crian\u00e7as e jovens do concelho - Algarve 7","description":"Munic\u00edpio de Portim\u00e3o promove F\u00e9rias de Ver\u00e3o para 2.500 crian\u00e7as e jovens do concelho Atualidade","robots":{"index":"index","follow":"follow","max-snippet":"max-snippet:-1","max-image-preview":"max-image-preview:large","max-video-preview":"max-video-preview:-1"},"canonical":"https:\/\/algarve7.pt\/index.php\/2023\/06\/municipio-de-portimao-promove-ferias-de-verao-para-2-500-criancas-e-jovens-do-concelho\/atualidade\/17\/23\/","og_locale":"pt_PT","og_type":"article","og_title":"Munic\u00edpio de Portim\u00e3o promove F\u00e9rias de Ver\u00e3o para 2.500 crian\u00e7as e jovens do concelho - Algarve 7","og_description":"Munic\u00edpio de Portim\u00e3o promove F\u00e9rias de Ver\u00e3o para 2.500 crian\u00e7as e jovens do concelho Atualidade","og_url":"https:\/\/algarve7.pt\/index.php\/2023\/06\/municipio-de-portimao-promove-ferias-de-verao-para-2-500-criancas-e-jovens-do-concelho\/atualidade\/17\/23\/","og_site_name":"Algarve 7","article_publisher":"https:\/\/www.facebook.com\/algarve7","article_author":"https:\/\/www.facebook.com\/algarve7","article_published_time":"2023-06-08T16:23:43+00:00","article_modified_time":"2023-06-08T16:23:46+00:00","og_image":[{"width":1024,"height":682,"url":"https:\/\/algarve7.pt\/wp-content\/uploads\/2023\/06\/Ferias-Desportivas_Mini-Golf.jpg","type":"image\/jpeg"}],"author":"Algarve 7","twitter_card":"summary_large_image","twitter_creator":"@Algarvesete","twitter_site":"@Algarvesete","twitter_misc":{"Escrito por":"Algarve 7","Tempo estimado de leitura":"4 minutos"},"schema":{"@context":"https:\/\/schema.org","@graph":[{"@type":"Article","@id":"https:\/\/algarve7.pt\/index.php\/2023\/06\/municipio-de-portimao-promove-ferias-de-verao-para-2-500-criancas-e-jovens-do-concelho\/atualidade\/17\/23\/#article","isPartOf":{"@id":"https:\/\/algarve7.pt\/index.php\/2023\/06\/municipio-de-portimao-promove-ferias-de-verao-para-2-500-criancas-e-jovens-do-concelho\/atualidade\/17\/23\/"},"author":{"name":"Algarve 7","@id":"https:\/\/algarve7.pt\/#\/schema\/person\/23fa70681308e7b319a3204bcea45e0c"},"headline":"Munic\u00edpio de Portim\u00e3o promove F\u00e9rias de Ver\u00e3o para 2.500 crian\u00e7as e jovens do concelho","datePublished":"2023-06-08T16:23:43+00:00","dateModified":"2023-06-08T16:23:46+00:00","mainEntityOfPage":{"@id":"https:\/\/algarve7.pt\/index.php\/2023\/06\/municipio-de-portimao-promove-ferias-de-verao-para-2-500-criancas-e-jovens-do-concelho\/atualidade\/17\/23\/"},"wordCount":775,"commentCount":0,"publisher":{"@id":"https:\/\/algarve7.pt\/#organization"},"image":{"@id":"https:\/\/algarve7.pt\/index.php\/2023\/06\/municipio-de-portimao-promove-ferias-de-verao-para-2-500-criancas-e-jovens-do-concelho\/atualidade\/17\/23\/#primaryimage"},"thumbnailUrl":"https:\/\/algarve7.pt\/wp-content\/uploads\/2023\/06\/Ferias-Desportivas_Mini-Golf.jpg","keywords":["Algarve","Atualidade","F\u00e9rias","Portim\u00e3o"],"articleSection":["Atualidade"],"inLanguage":"pt-PT","potentialAction":[{"@type":"CommentAction","name":"Comment","target":["https:\/\/algarve7.pt\/index.php\/2023\/06\/municipio-de-portimao-promove-ferias-de-verao-para-2-500-criancas-e-jovens-do-concelho\/atualidade\/17\/23\/#respond"]}]},{"@type":"WebPage","@id":"https:\/\/algarve7.pt\/index.php\/2023\/06\/municipio-de-portimao-promove-ferias-de-verao-para-2-500-criancas-e-jovens-do-concelho\/atualidade\/17\/23\/","url":"https:\/\/algarve7.pt\/index.php\/2023\/06\/municipio-de-portimao-promove-ferias-de-verao-para-2-500-criancas-e-jovens-do-concelho\/atualidade\/17\/23\/","name":"Munic\u00edpio de Portim\u00e3o promove F\u00e9rias de Ver\u00e3o para 2.500 crian\u00e7as e jovens do concelho - Algarve 7","isPartOf":{"@id":"https:\/\/algarve7.pt\/#website"},"primaryImageOfPage":{"@id":"https:\/\/algarve7.pt\/index.php\/2023\/06\/municipio-de-portimao-promove-ferias-de-verao-para-2-500-criancas-e-jovens-do-concelho\/atualidade\/17\/23\/#primaryimage"},"image":{"@id":"https:\/\/algarve7.pt\/index.php\/2023\/06\/municipio-de-portimao-promove-ferias-de-verao-para-2-500-criancas-e-jovens-do-concelho\/atualidade\/17\/23\/#primaryimage"},"thumbnailUrl":"https:\/\/algarve7.pt\/wp-content\/uploads\/2023\/06\/Ferias-Desportivas_Mini-Golf.jpg","datePublished":"2023-06-08T16:23:43+00:00","dateModified":"2023-06-08T16:23:46+00:00","description":"Munic\u00edpio de Portim\u00e3o promove F\u00e9rias de Ver\u00e3o para 2.500 crian\u00e7as e jovens do concelho Atualidade","breadcrumb":{"@id":"https:\/\/algarve7.pt\/index.php\/2023\/06\/municipio-de-portimao-promove-ferias-de-verao-para-2-500-criancas-e-jovens-do-concelho\/atualidade\/17\/23\/#breadcrumb"},"inLanguage":"pt-PT","potentialAction":[{"@type":"ReadAction","target":["https:\/\/algarve7.pt\/index.php\/2023\/06\/municipio-de-portimao-promove-ferias-de-verao-para-2-500-criancas-e-jovens-do-concelho\/atualidade\/17\/23\/"]}]},{"@type":"ImageObject","inLanguage":"pt-PT","@id":"https:\/\/algarve7.pt\/index.php\/2023\/06\/municipio-de-portimao-promove-ferias-de-verao-para-2-500-criancas-e-jovens-do-concelho\/atualidade\/17\/23\/#primaryimage","url":"https:\/\/algarve7.pt\/wp-content\/uploads\/2023\/06\/Ferias-Desportivas_Mini-Golf.jpg","contentUrl":"https:\/\/algarve7.pt\/wp-content\/uploads\/2023\/06\/Ferias-Desportivas_Mini-Golf.jpg","width":1024,"height":682},{"@type":"BreadcrumbList","@id":"https:\/\/algarve7.pt\/index.php\/2023\/06\/municipio-de-portimao-promove-ferias-de-verao-para-2-500-criancas-e-jovens-do-concelho\/atualidade\/17\/23\/#breadcrumb","itemListElement":[{"@type":"ListItem","position":1,"name":"In\u00edcio","item":"https:\/\/algarve7.pt\/"},{"@type":"ListItem","position":2,"name":"Munic\u00edpio de Portim\u00e3o promove F\u00e9rias de Ver\u00e3o para 2.500 crian\u00e7as e jovens do concelho"}]},{"@type":"WebSite","@id":"https:\/\/algarve7.pt\/#website","url":"https:\/\/algarve7.pt\/","name":"Algarve 7","description":"Informa\u00e7\u00e3o sobre o Algarve","publisher":{"@id":"https:\/\/algarve7.pt\/#organization"},"potentialAction":[{"@type":"SearchAction","target":{"@type":"EntryPoint","urlTemplate":"https:\/\/algarve7.pt\/?s={search_term_string}"},"query-input":{"@type":"PropertyValueSpecification","valueRequired":true,"valueName":"search_term_string"}}],"inLanguage":"pt-PT"},{"@type":"Organization","@id":"https:\/\/algarve7.pt\/#organization","name":"Algarve 7","url":"https:\/\/algarve7.pt\/","logo":{"@type":"ImageObject","inLanguage":"pt-PT","@id":"https:\/\/algarve7.pt\/#\/schema\/logo\/image\/","url":"https:\/\/algarve7.pt\/wp-content\/uploads\/2020\/10\/Logo-8.jpg","contentUrl":"https:\/\/algarve7.pt\/wp-content\/uploads\/2020\/10\/Logo-8.jpg","width":1680,"height":1186,"caption":"Algarve 7"},"image":{"@id":"https:\/\/algarve7.pt\/#\/schema\/logo\/image\/"},"sameAs":["https:\/\/www.facebook.com\/algarve7","https:\/\/x.com\/Algarvesete","https:\/\/www.instagram.com\/jornalalgarve7\/","https:\/\/www.linkedin.com\/company\/algarve7","https:\/\/www.pinterest.pt\/geral0939\/_created\/"]},{"@type":"Person","@id":"https:\/\/algarve7.pt\/#\/schema\/person\/23fa70681308e7b319a3204bcea45e0c","name":"Algarve 7","sameAs":["https:\/\/algarve7.pt","https:\/\/www.facebook.com\/algarve7"],"url":"https:\/\/algarve7.pt\/index.php\/author\/geralalgarve7-pt\/"}]}},"jetpack_publicize_connections":[],"jetpack_featured_media_url":"https:\/\/algarve7.pt\/wp-content\/uploads\/2023\/06\/Ferias-Desportivas_Mini-Golf.jpg","jetpack_shortlink":"https:\/\/wp.me\/pcezmW-7pK","jetpack_sharing_enabled":true,"_links":{"self":[{"href":"https:\/\/algarve7.pt\/index.php\/wp-json\/wp\/v2\/posts\/28504","targetHints":{"allow":["GET"]}}],"collection":[{"href":"https:\/\/algarve7.pt\/index.php\/wp-json\/wp\/v2\/posts"}],"about":[{"href":"https:\/\/algarve7.pt\/index.php\/wp-json\/wp\/v2\/types\/post"}],"author":[{"embeddable":true,"href":"https:\/\/algarve7.pt\/index.php\/wp-json\/wp\/v2\/users\/1"}],"replies":[{"embeddable":true,"href":"https:\/\/algarve7.pt\/index.php\/wp-json\/wp\/v2\/comments?post=28504"}],"version-history":[{"count":0,"href":"https:\/\/algarve7.pt\/index.php\/wp-json\/wp\/v2\/posts\/28504\/revisions"}],"wp:featuredmedia":[{"embeddable":true,"href":"https:\/\/algarve7.pt\/index.php\/wp-json\/wp\/v2\/media\/28505"}],"wp:attachment":[{"href":"https:\/\/algarve7.pt\/index.php\/wp-json\/wp\/v2\/media?parent=28504"}],"wp:term":[{"taxonomy":"category","embeddable":true,"href":"https:\/\/algarve7.pt\/index.php\/wp-json\/wp\/v2\/categories?post=28504"},{"taxonomy":"post_tag","embeddable":true,"href":"https:\/\/algarve7.pt\/index.php\/wp-json\/wp\/v2\/tags?post=28504"}],"curies":[{"name":"wp","href":"https:\/\/api.w.org\/{rel}","templated":true}]}}