{"id":28473,"date":"2023-06-07T11:20:00","date_gmt":"2023-06-07T10:20:00","guid":{"rendered":"https:\/\/algarve7.pt\/?p=28473"},"modified":"2023-06-06T22:30:31","modified_gmt":"2023-06-06T21:30:31","slug":"um-mes-em-festa-com-os-santos-populares-de-castro-marim","status":"publish","type":"post","link":"https:\/\/algarve7.pt\/index.php\/2023\/06\/um-mes-em-festa-com-os-santos-populares-de-castro-marim\/cultura\/11\/20\/","title":{"rendered":"Um m\u00eas em festa com os Santos Populares de Castro Marim"},"content":{"rendered":"\n<p>De 9 de junho a 1 de julho, Castro Marim estar\u00e1 em festa! Os tradicionais bailes e arraiais v\u00e3o animar o concelho e disputar a 22.\u00aa edi\u00e7\u00e3o do Concurso de Mastros, uma das tradi\u00e7\u00f5es de maior apre\u00e7o dos castromarinenses.<\/p>\n\n\n\n<p>Grinaldas de flores, bal\u00f5es e lanternas feitas em papel colorido misturam-se com o cheiro do alecrim e do manjerico, com o fado casti\u00e7o, as quadras, as marchas e a m\u00fasica popular. S\u00e3o marcos incontorn\u00e1veis desta tradi\u00e7\u00e3o, que resultam do trabalho e dedica\u00e7\u00e3o das v\u00e1rias associa\u00e7\u00f5es locais do munic\u00edpio, que, ano ap\u00f3s ano, d\u00e3o asas \u00e0 criatividade e unem a comunidade em torno desta grande festa. &nbsp;&nbsp;<\/p>\n\n\n\n<p>Depois de um m\u00eas de bailes, onde o j\u00fari vai avaliando a originalidade, a criatividade, os aspetos tradicionais, as quadras alusivas aos Santos Populares, entre outros fatores, o Concurso de Mastros culmina no Arraial de S. Jo\u00e3o, no cora\u00e7\u00e3o da vila raiana, Castro Marim, na noite de 23 de junho.<\/p>\n\n\n\n<p>O XXI Concurso de Mastros \u00e9 uma organiza\u00e7\u00e3o da C\u00e2mara Municipal de Castro Marim e conta com a colabora\u00e7\u00e3o das associa\u00e7\u00f5es e clubes locais: Grupo Desportivo e Cultural do Rio Seco, Clube de Junqueira, ARCDAA \u2013 Associa\u00e7\u00e3o Recreativa, Cultural e Desportiva dos Amigos de Alta Mora, Campesino Recreativo Futebol Clube, Casa do Povo do Azinhal, Associa\u00e7\u00e3o Recreativa e Cultural do Azinhal, Banda Musical Castromarinense, Associa\u00e7\u00e3o Cultural \u201cAmendoeiras em Flor\u201d, Irmandade do Imaculado Cora\u00e7\u00e3o de Maria.<\/p>\n\n\n\n<p><strong>Calendariza\u00e7\u00e3o:<\/strong> <strong><u><\/u><\/strong><\/p>\n\n\n\n<p><strong>09 de junho<\/strong><\/p>\n\n\n\n<ul class=\"wp-block-list\">\n<li>Baile com S\u00e9rgio Concei\u00e7\u00e3o | Altura &#8211; Largo da Igreja| 21h30<\/li>\n<\/ul>\n\n\n\n<p><strong>10 de junho<\/strong><strong><\/strong><\/p>\n\n\n\n<ul class=\"wp-block-list\">\n<li>Baile com Grupo + 2 | Rio Seco (sede do Clube) | 21h30<\/li>\n<\/ul>\n\n\n\n<p><strong>11 de junho<\/strong><\/p>\n\n\n\n<ul class=\"wp-block-list\">\n<li>Baile com Z\u00e9 An\u00edbal | Junqueira &#8211; Polidesportivo | 21h00<\/li>\n<\/ul>\n\n\n\n<p><strong>16 de junho<\/strong><\/p>\n\n\n\n<ul class=\"wp-block-list\">\n<li>Baile com Z\u00e9 An\u00edbal| Altura (antiga Escola Prim\u00e1ria) | 21h00<\/li>\n\n\n\n<li>Baile com Conv\u00edvio de Artistas | Altura \u2013 antiga Escola do Barrocal | 21h00<\/li>\n\n\n\n<li>&nbsp;<\/li>\n<\/ul>\n\n\n\n<p><strong>18 de junho<\/strong><\/p>\n\n\n\n<p>Baile com Ricardo Catarino | Azinhal (Largo da Junta de Freguesia) | 21h00<\/p>\n\n\n\n<p><strong>19 de junho<\/strong><\/p>\n\n\n\n<p>Baile com Duo Reflexo | Castro Marim (Largo da Casa da M\u00fasica) | 21h00<\/p>\n\n\n\n<p><strong>23 de junho | ARRAIAL DE S. JO\u00c3O <\/strong>com Grupo + 2 | Castro Marim (Pra\u00e7a 1\u00ba de Maio) | 20h00<\/p>\n\n\n\n<p><strong>24 de junho<\/strong><\/p>\n\n\n\n<p>Baile com Silvino Campos | Alta Mora (antiga Escola Prim\u00e1ria) | 21h30<\/p>\n\n\n\n<p><strong>25 de junho<\/strong><\/p>\n\n\n\n<p>Baile com Grupo + 2 | Azinhal (Largo da Junta de Freguesia) | 21h00<\/p>\n\n\n\n<p>Baile com Lu\u00eds Godinho | Rio Seco (sede do Clube Rio Seco) | 21h30<\/p>\n\n\n\n<p><strong>26 de junho<\/strong><\/p>\n\n\n\n<p>Baile com Jos\u00e9 Passadinhas | Monte Francisco (sede do Campesino) | 19h00<\/p>\n\n\n\n<p><strong>28 de junho<\/strong><\/p>\n\n\n\n<p>Baile com S\u00e9rgio Concei\u00e7\u00e3o | Altura (junto \u00e0 Igreja de Altura) | 21h30<\/p>\n\n\n\n<p><strong>01 de julho<\/strong><\/p>\n\n\n\n<p>Baile com Duo Reflexo | Junqueira (polidesportivo) | 21h30 &nbsp;<\/p>\n\n\n\n<p><strong>09 de julho<\/strong><\/p>\n\n\n\n<p>Baile com Filomena Raposo | Rio Seco (sede do Clube Rio Seco) | 21h30<\/p>\n\n\n\n<figure class=\"wp-block-image aligncenter size-large is-resized\"><img loading=\"lazy\" decoding=\"async\" src=\"https:\/\/algarve7.pt\/wp-content\/uploads\/2023\/06\/SANTOS-POPULARES23-Castro-Marim-2-724x1024.jpg\" alt=\"\" class=\"wp-image-28475\" width=\"472\" height=\"668\" srcset=\"https:\/\/algarve7.pt\/wp-content\/uploads\/2023\/06\/SANTOS-POPULARES23-Castro-Marim-2-724x1024.jpg 724w, https:\/\/algarve7.pt\/wp-content\/uploads\/2023\/06\/SANTOS-POPULARES23-Castro-Marim-2-212x300.jpg 212w, https:\/\/algarve7.pt\/wp-content\/uploads\/2023\/06\/SANTOS-POPULARES23-Castro-Marim-2-768x1086.jpg 768w, https:\/\/algarve7.pt\/wp-content\/uploads\/2023\/06\/SANTOS-POPULARES23-Castro-Marim-2-1086x1536.jpg 1086w, https:\/\/algarve7.pt\/wp-content\/uploads\/2023\/06\/SANTOS-POPULARES23-Castro-Marim-2-1448x2048.jpg 1448w, https:\/\/algarve7.pt\/wp-content\/uploads\/2023\/06\/SANTOS-POPULARES23-Castro-Marim-2-scaled.jpg 1810w\" sizes=\"auto, (max-width: 472px) 100vw, 472px\" \/><\/figure>\n","protected":false},"excerpt":{"rendered":"<p>De 9 de junho a 1 de julho, Castro Marim estar\u00e1 em festa! Os tradicionais bailes e arraiais v\u00e3o animar<\/p>\n","protected":false},"author":1,"featured_media":28474,"comment_status":"closed","ping_status":"open","sticky":false,"template":"","format":"standard","meta":{"colormag_page_container_layout":"default_layout","colormag_page_sidebar_layout":"default_layout","_monsterinsights_skip_tracking":false,"_monsterinsights_sitenote_active":false,"_monsterinsights_sitenote_note":"","_monsterinsights_sitenote_category":0,"jetpack_post_was_ever_published":false,"_jetpack_newsletter_access":"","_jetpack_dont_email_post_to_subs":false,"_jetpack_newsletter_tier_id":0,"_jetpack_memberships_contains_paywalled_content":false,"_jetpack_memberships_contains_paid_content":false,"footnotes":"","jetpack_publicize_message":"","jetpack_publicize_feature_enabled":true,"jetpack_social_post_already_shared":true,"jetpack_social_options":{"image_generator_settings":{"template":"highway","default_image_id":0,"font":"","enabled":false},"version":2}},"categories":[14],"tags":[36,136,35,387],"class_list":["post-28473","post","type-post","status-publish","format-standard","has-post-thumbnail","hentry","category-cultura","tag-algarve","tag-castro-marim","tag-cultura","tag-santos-populares"],"yoast_head":"<!-- This site is optimized with the Yoast SEO plugin v27.5 - https:\/\/yoast.com\/product\/yoast-seo-wordpress\/ -->\n<title>Um m\u00eas em festa com os Santos Populares de Castro Marim - Algarve 7<\/title>\n<meta name=\"description\" content=\"Um m\u00eas em festa com os Santos Populares de Castro Marim Cultura\" \/>\n<meta name=\"robots\" content=\"index, follow, max-snippet:-1, max-image-preview:large, max-video-preview:-1\" \/>\n<link rel=\"canonical\" href=\"https:\/\/algarve7.pt\/index.php\/2023\/06\/um-mes-em-festa-com-os-santos-populares-de-castro-marim\/cultura\/11\/20\/\" \/>\n<meta property=\"og:locale\" content=\"pt_PT\" \/>\n<meta property=\"og:type\" content=\"article\" \/>\n<meta property=\"og:title\" content=\"Um m\u00eas em festa com os Santos Populares de Castro Marim - Algarve 7\" \/>\n<meta property=\"og:description\" content=\"Um m\u00eas em festa com os Santos Populares de Castro Marim Cultura\" \/>\n<meta property=\"og:url\" content=\"https:\/\/algarve7.pt\/index.php\/2023\/06\/um-mes-em-festa-com-os-santos-populares-de-castro-marim\/cultura\/11\/20\/\" \/>\n<meta property=\"og:site_name\" content=\"Algarve 7\" \/>\n<meta property=\"article:publisher\" content=\"https:\/\/www.facebook.com\/algarve7\" \/>\n<meta property=\"article:author\" content=\"https:\/\/www.facebook.com\/algarve7\" \/>\n<meta property=\"article:published_time\" content=\"2023-06-07T10:20:00+00:00\" \/>\n<meta property=\"og:image\" content=\"https:\/\/algarve7.pt\/wp-content\/uploads\/2023\/06\/Captura-de-ecra-2023-06-06-as-22.27.29.png\" \/>\n\t<meta property=\"og:image:width\" content=\"1024\" \/>\n\t<meta property=\"og:image:height\" content=\"715\" \/>\n\t<meta property=\"og:image:type\" content=\"image\/png\" \/>\n<meta name=\"author\" content=\"Algarve 7\" \/>\n<meta name=\"twitter:card\" content=\"summary_large_image\" \/>\n<meta name=\"twitter:creator\" content=\"@Algarvesete\" \/>\n<meta name=\"twitter:site\" content=\"@Algarvesete\" \/>\n<meta name=\"twitter:label1\" content=\"Escrito por\" \/>\n\t<meta name=\"twitter:data1\" content=\"Algarve 7\" \/>\n\t<meta name=\"twitter:label2\" content=\"Tempo estimado de leitura\" \/>\n\t<meta name=\"twitter:data2\" content=\"3 minutos\" \/>\n<script type=\"application\/ld+json\" class=\"yoast-schema-graph\">{\"@context\":\"https:\\\/\\\/schema.org\",\"@graph\":[{\"@type\":\"Article\",\"@id\":\"https:\\\/\\\/algarve7.pt\\\/index.php\\\/2023\\\/06\\\/um-mes-em-festa-com-os-santos-populares-de-castro-marim\\\/cultura\\\/11\\\/20\\\/#article\",\"isPartOf\":{\"@id\":\"https:\\\/\\\/algarve7.pt\\\/index.php\\\/2023\\\/06\\\/um-mes-em-festa-com-os-santos-populares-de-castro-marim\\\/cultura\\\/11\\\/20\\\/\"},\"author\":{\"name\":\"Algarve 7\",\"@id\":\"https:\\\/\\\/algarve7.pt\\\/#\\\/schema\\\/person\\\/23fa70681308e7b319a3204bcea45e0c\"},\"headline\":\"Um m\u00eas em festa com os Santos Populares de Castro Marim\",\"datePublished\":\"2023-06-07T10:20:00+00:00\",\"mainEntityOfPage\":{\"@id\":\"https:\\\/\\\/algarve7.pt\\\/index.php\\\/2023\\\/06\\\/um-mes-em-festa-com-os-santos-populares-de-castro-marim\\\/cultura\\\/11\\\/20\\\/\"},\"wordCount\":460,\"publisher\":{\"@id\":\"https:\\\/\\\/algarve7.pt\\\/#organization\"},\"image\":{\"@id\":\"https:\\\/\\\/algarve7.pt\\\/index.php\\\/2023\\\/06\\\/um-mes-em-festa-com-os-santos-populares-de-castro-marim\\\/cultura\\\/11\\\/20\\\/#primaryimage\"},\"thumbnailUrl\":\"https:\\\/\\\/algarve7.pt\\\/wp-content\\\/uploads\\\/2023\\\/06\\\/Captura-de-ecra-2023-06-06-as-22.27.29.png\",\"keywords\":[\"Algarve\",\"Castro Marim\",\"Cultura\",\"Santos Populares\"],\"articleSection\":[\"Cultura\"],\"inLanguage\":\"pt-PT\"},{\"@type\":\"WebPage\",\"@id\":\"https:\\\/\\\/algarve7.pt\\\/index.php\\\/2023\\\/06\\\/um-mes-em-festa-com-os-santos-populares-de-castro-marim\\\/cultura\\\/11\\\/20\\\/\",\"url\":\"https:\\\/\\\/algarve7.pt\\\/index.php\\\/2023\\\/06\\\/um-mes-em-festa-com-os-santos-populares-de-castro-marim\\\/cultura\\\/11\\\/20\\\/\",\"name\":\"Um m\u00eas em festa com os Santos Populares de Castro Marim - Algarve 7\",\"isPartOf\":{\"@id\":\"https:\\\/\\\/algarve7.pt\\\/#website\"},\"primaryImageOfPage\":{\"@id\":\"https:\\\/\\\/algarve7.pt\\\/index.php\\\/2023\\\/06\\\/um-mes-em-festa-com-os-santos-populares-de-castro-marim\\\/cultura\\\/11\\\/20\\\/#primaryimage\"},\"image\":{\"@id\":\"https:\\\/\\\/algarve7.pt\\\/index.php\\\/2023\\\/06\\\/um-mes-em-festa-com-os-santos-populares-de-castro-marim\\\/cultura\\\/11\\\/20\\\/#primaryimage\"},\"thumbnailUrl\":\"https:\\\/\\\/algarve7.pt\\\/wp-content\\\/uploads\\\/2023\\\/06\\\/Captura-de-ecra-2023-06-06-as-22.27.29.png\",\"datePublished\":\"2023-06-07T10:20:00+00:00\",\"description\":\"Um m\u00eas em festa com os Santos Populares de Castro Marim Cultura\",\"breadcrumb\":{\"@id\":\"https:\\\/\\\/algarve7.pt\\\/index.php\\\/2023\\\/06\\\/um-mes-em-festa-com-os-santos-populares-de-castro-marim\\\/cultura\\\/11\\\/20\\\/#breadcrumb\"},\"inLanguage\":\"pt-PT\",\"potentialAction\":[{\"@type\":\"ReadAction\",\"target\":[\"https:\\\/\\\/algarve7.pt\\\/index.php\\\/2023\\\/06\\\/um-mes-em-festa-com-os-santos-populares-de-castro-marim\\\/cultura\\\/11\\\/20\\\/\"]}]},{\"@type\":\"ImageObject\",\"inLanguage\":\"pt-PT\",\"@id\":\"https:\\\/\\\/algarve7.pt\\\/index.php\\\/2023\\\/06\\\/um-mes-em-festa-com-os-santos-populares-de-castro-marim\\\/cultura\\\/11\\\/20\\\/#primaryimage\",\"url\":\"https:\\\/\\\/algarve7.pt\\\/wp-content\\\/uploads\\\/2023\\\/06\\\/Captura-de-ecra-2023-06-06-as-22.27.29.png\",\"contentUrl\":\"https:\\\/\\\/algarve7.pt\\\/wp-content\\\/uploads\\\/2023\\\/06\\\/Captura-de-ecra-2023-06-06-as-22.27.29.png\",\"width\":1024,\"height\":715},{\"@type\":\"BreadcrumbList\",\"@id\":\"https:\\\/\\\/algarve7.pt\\\/index.php\\\/2023\\\/06\\\/um-mes-em-festa-com-os-santos-populares-de-castro-marim\\\/cultura\\\/11\\\/20\\\/#breadcrumb\",\"itemListElement\":[{\"@type\":\"ListItem\",\"position\":1,\"name\":\"In\u00edcio\",\"item\":\"https:\\\/\\\/algarve7.pt\\\/\"},{\"@type\":\"ListItem\",\"position\":2,\"name\":\"Um m\u00eas em festa com os Santos Populares de Castro Marim\"}]},{\"@type\":\"WebSite\",\"@id\":\"https:\\\/\\\/algarve7.pt\\\/#website\",\"url\":\"https:\\\/\\\/algarve7.pt\\\/\",\"name\":\"Algarve 7\",\"description\":\"Informa\u00e7\u00e3o sobre o Algarve\",\"publisher\":{\"@id\":\"https:\\\/\\\/algarve7.pt\\\/#organization\"},\"potentialAction\":[{\"@type\":\"SearchAction\",\"target\":{\"@type\":\"EntryPoint\",\"urlTemplate\":\"https:\\\/\\\/algarve7.pt\\\/?s={search_term_string}\"},\"query-input\":{\"@type\":\"PropertyValueSpecification\",\"valueRequired\":true,\"valueName\":\"search_term_string\"}}],\"inLanguage\":\"pt-PT\"},{\"@type\":\"Organization\",\"@id\":\"https:\\\/\\\/algarve7.pt\\\/#organization\",\"name\":\"Algarve 7\",\"url\":\"https:\\\/\\\/algarve7.pt\\\/\",\"logo\":{\"@type\":\"ImageObject\",\"inLanguage\":\"pt-PT\",\"@id\":\"https:\\\/\\\/algarve7.pt\\\/#\\\/schema\\\/logo\\\/image\\\/\",\"url\":\"https:\\\/\\\/algarve7.pt\\\/wp-content\\\/uploads\\\/2020\\\/10\\\/Logo-8.jpg\",\"contentUrl\":\"https:\\\/\\\/algarve7.pt\\\/wp-content\\\/uploads\\\/2020\\\/10\\\/Logo-8.jpg\",\"width\":1680,\"height\":1186,\"caption\":\"Algarve 7\"},\"image\":{\"@id\":\"https:\\\/\\\/algarve7.pt\\\/#\\\/schema\\\/logo\\\/image\\\/\"},\"sameAs\":[\"https:\\\/\\\/www.facebook.com\\\/algarve7\",\"https:\\\/\\\/x.com\\\/Algarvesete\",\"https:\\\/\\\/www.instagram.com\\\/jornalalgarve7\\\/\",\"https:\\\/\\\/www.linkedin.com\\\/company\\\/algarve7\",\"https:\\\/\\\/www.pinterest.pt\\\/geral0939\\\/_created\\\/\"]},{\"@type\":\"Person\",\"@id\":\"https:\\\/\\\/algarve7.pt\\\/#\\\/schema\\\/person\\\/23fa70681308e7b319a3204bcea45e0c\",\"name\":\"Algarve 7\",\"sameAs\":[\"https:\\\/\\\/algarve7.pt\",\"https:\\\/\\\/www.facebook.com\\\/algarve7\"],\"url\":\"https:\\\/\\\/algarve7.pt\\\/index.php\\\/author\\\/geralalgarve7-pt\\\/\"}]}<\/script>\n<!-- \/ Yoast SEO plugin. -->","yoast_head_json":{"title":"Um m\u00eas em festa com os Santos Populares de Castro Marim - Algarve 7","description":"Um m\u00eas em festa com os Santos Populares de Castro Marim Cultura","robots":{"index":"index","follow":"follow","max-snippet":"max-snippet:-1","max-image-preview":"max-image-preview:large","max-video-preview":"max-video-preview:-1"},"canonical":"https:\/\/algarve7.pt\/index.php\/2023\/06\/um-mes-em-festa-com-os-santos-populares-de-castro-marim\/cultura\/11\/20\/","og_locale":"pt_PT","og_type":"article","og_title":"Um m\u00eas em festa com os Santos Populares de Castro Marim - Algarve 7","og_description":"Um m\u00eas em festa com os Santos Populares de Castro Marim Cultura","og_url":"https:\/\/algarve7.pt\/index.php\/2023\/06\/um-mes-em-festa-com-os-santos-populares-de-castro-marim\/cultura\/11\/20\/","og_site_name":"Algarve 7","article_publisher":"https:\/\/www.facebook.com\/algarve7","article_author":"https:\/\/www.facebook.com\/algarve7","article_published_time":"2023-06-07T10:20:00+00:00","og_image":[{"width":1024,"height":715,"url":"https:\/\/algarve7.pt\/wp-content\/uploads\/2023\/06\/Captura-de-ecra-2023-06-06-as-22.27.29.png","type":"image\/png"}],"author":"Algarve 7","twitter_card":"summary_large_image","twitter_creator":"@Algarvesete","twitter_site":"@Algarvesete","twitter_misc":{"Escrito por":"Algarve 7","Tempo estimado de leitura":"3 minutos"},"schema":{"@context":"https:\/\/schema.org","@graph":[{"@type":"Article","@id":"https:\/\/algarve7.pt\/index.php\/2023\/06\/um-mes-em-festa-com-os-santos-populares-de-castro-marim\/cultura\/11\/20\/#article","isPartOf":{"@id":"https:\/\/algarve7.pt\/index.php\/2023\/06\/um-mes-em-festa-com-os-santos-populares-de-castro-marim\/cultura\/11\/20\/"},"author":{"name":"Algarve 7","@id":"https:\/\/algarve7.pt\/#\/schema\/person\/23fa70681308e7b319a3204bcea45e0c"},"headline":"Um m\u00eas em festa com os Santos Populares de Castro Marim","datePublished":"2023-06-07T10:20:00+00:00","mainEntityOfPage":{"@id":"https:\/\/algarve7.pt\/index.php\/2023\/06\/um-mes-em-festa-com-os-santos-populares-de-castro-marim\/cultura\/11\/20\/"},"wordCount":460,"publisher":{"@id":"https:\/\/algarve7.pt\/#organization"},"image":{"@id":"https:\/\/algarve7.pt\/index.php\/2023\/06\/um-mes-em-festa-com-os-santos-populares-de-castro-marim\/cultura\/11\/20\/#primaryimage"},"thumbnailUrl":"https:\/\/algarve7.pt\/wp-content\/uploads\/2023\/06\/Captura-de-ecra-2023-06-06-as-22.27.29.png","keywords":["Algarve","Castro Marim","Cultura","Santos Populares"],"articleSection":["Cultura"],"inLanguage":"pt-PT"},{"@type":"WebPage","@id":"https:\/\/algarve7.pt\/index.php\/2023\/06\/um-mes-em-festa-com-os-santos-populares-de-castro-marim\/cultura\/11\/20\/","url":"https:\/\/algarve7.pt\/index.php\/2023\/06\/um-mes-em-festa-com-os-santos-populares-de-castro-marim\/cultura\/11\/20\/","name":"Um m\u00eas em festa com os Santos Populares de Castro Marim - Algarve 7","isPartOf":{"@id":"https:\/\/algarve7.pt\/#website"},"primaryImageOfPage":{"@id":"https:\/\/algarve7.pt\/index.php\/2023\/06\/um-mes-em-festa-com-os-santos-populares-de-castro-marim\/cultura\/11\/20\/#primaryimage"},"image":{"@id":"https:\/\/algarve7.pt\/index.php\/2023\/06\/um-mes-em-festa-com-os-santos-populares-de-castro-marim\/cultura\/11\/20\/#primaryimage"},"thumbnailUrl":"https:\/\/algarve7.pt\/wp-content\/uploads\/2023\/06\/Captura-de-ecra-2023-06-06-as-22.27.29.png","datePublished":"2023-06-07T10:20:00+00:00","description":"Um m\u00eas em festa com os Santos Populares de Castro Marim Cultura","breadcrumb":{"@id":"https:\/\/algarve7.pt\/index.php\/2023\/06\/um-mes-em-festa-com-os-santos-populares-de-castro-marim\/cultura\/11\/20\/#breadcrumb"},"inLanguage":"pt-PT","potentialAction":[{"@type":"ReadAction","target":["https:\/\/algarve7.pt\/index.php\/2023\/06\/um-mes-em-festa-com-os-santos-populares-de-castro-marim\/cultura\/11\/20\/"]}]},{"@type":"ImageObject","inLanguage":"pt-PT","@id":"https:\/\/algarve7.pt\/index.php\/2023\/06\/um-mes-em-festa-com-os-santos-populares-de-castro-marim\/cultura\/11\/20\/#primaryimage","url":"https:\/\/algarve7.pt\/wp-content\/uploads\/2023\/06\/Captura-de-ecra-2023-06-06-as-22.27.29.png","contentUrl":"https:\/\/algarve7.pt\/wp-content\/uploads\/2023\/06\/Captura-de-ecra-2023-06-06-as-22.27.29.png","width":1024,"height":715},{"@type":"BreadcrumbList","@id":"https:\/\/algarve7.pt\/index.php\/2023\/06\/um-mes-em-festa-com-os-santos-populares-de-castro-marim\/cultura\/11\/20\/#breadcrumb","itemListElement":[{"@type":"ListItem","position":1,"name":"In\u00edcio","item":"https:\/\/algarve7.pt\/"},{"@type":"ListItem","position":2,"name":"Um m\u00eas em festa com os Santos Populares de Castro Marim"}]},{"@type":"WebSite","@id":"https:\/\/algarve7.pt\/#website","url":"https:\/\/algarve7.pt\/","name":"Algarve 7","description":"Informa\u00e7\u00e3o sobre o Algarve","publisher":{"@id":"https:\/\/algarve7.pt\/#organization"},"potentialAction":[{"@type":"SearchAction","target":{"@type":"EntryPoint","urlTemplate":"https:\/\/algarve7.pt\/?s={search_term_string}"},"query-input":{"@type":"PropertyValueSpecification","valueRequired":true,"valueName":"search_term_string"}}],"inLanguage":"pt-PT"},{"@type":"Organization","@id":"https:\/\/algarve7.pt\/#organization","name":"Algarve 7","url":"https:\/\/algarve7.pt\/","logo":{"@type":"ImageObject","inLanguage":"pt-PT","@id":"https:\/\/algarve7.pt\/#\/schema\/logo\/image\/","url":"https:\/\/algarve7.pt\/wp-content\/uploads\/2020\/10\/Logo-8.jpg","contentUrl":"https:\/\/algarve7.pt\/wp-content\/uploads\/2020\/10\/Logo-8.jpg","width":1680,"height":1186,"caption":"Algarve 7"},"image":{"@id":"https:\/\/algarve7.pt\/#\/schema\/logo\/image\/"},"sameAs":["https:\/\/www.facebook.com\/algarve7","https:\/\/x.com\/Algarvesete","https:\/\/www.instagram.com\/jornalalgarve7\/","https:\/\/www.linkedin.com\/company\/algarve7","https:\/\/www.pinterest.pt\/geral0939\/_created\/"]},{"@type":"Person","@id":"https:\/\/algarve7.pt\/#\/schema\/person\/23fa70681308e7b319a3204bcea45e0c","name":"Algarve 7","sameAs":["https:\/\/algarve7.pt","https:\/\/www.facebook.com\/algarve7"],"url":"https:\/\/algarve7.pt\/index.php\/author\/geralalgarve7-pt\/"}]}},"jetpack_publicize_connections":[],"jetpack_featured_media_url":"https:\/\/algarve7.pt\/wp-content\/uploads\/2023\/06\/Captura-de-ecra-2023-06-06-as-22.27.29.png","jetpack_shortlink":"https:\/\/wp.me\/pcezmW-7pf","jetpack_sharing_enabled":true,"_links":{"self":[{"href":"https:\/\/algarve7.pt\/index.php\/wp-json\/wp\/v2\/posts\/28473","targetHints":{"allow":["GET"]}}],"collection":[{"href":"https:\/\/algarve7.pt\/index.php\/wp-json\/wp\/v2\/posts"}],"about":[{"href":"https:\/\/algarve7.pt\/index.php\/wp-json\/wp\/v2\/types\/post"}],"author":[{"embeddable":true,"href":"https:\/\/algarve7.pt\/index.php\/wp-json\/wp\/v2\/users\/1"}],"replies":[{"embeddable":true,"href":"https:\/\/algarve7.pt\/index.php\/wp-json\/wp\/v2\/comments?post=28473"}],"version-history":[{"count":0,"href":"https:\/\/algarve7.pt\/index.php\/wp-json\/wp\/v2\/posts\/28473\/revisions"}],"wp:featuredmedia":[{"embeddable":true,"href":"https:\/\/algarve7.pt\/index.php\/wp-json\/wp\/v2\/media\/28474"}],"wp:attachment":[{"href":"https:\/\/algarve7.pt\/index.php\/wp-json\/wp\/v2\/media?parent=28473"}],"wp:term":[{"taxonomy":"category","embeddable":true,"href":"https:\/\/algarve7.pt\/index.php\/wp-json\/wp\/v2\/categories?post=28473"},{"taxonomy":"post_tag","embeddable":true,"href":"https:\/\/algarve7.pt\/index.php\/wp-json\/wp\/v2\/tags?post=28473"}],"curies":[{"name":"wp","href":"https:\/\/api.w.org\/{rel}","templated":true}]}}