{"id":28407,"date":"2023-06-03T14:15:52","date_gmt":"2023-06-03T13:15:52","guid":{"rendered":"https:\/\/algarve7.pt\/?p=28407"},"modified":"2023-06-03T14:15:54","modified_gmt":"2023-06-03T13:15:54","slug":"alunos-das-escolas-de-lagos-conhecem-os-segredos-da-costa-a-bordo","status":"publish","type":"post","link":"https:\/\/algarve7.pt\/index.php\/2023\/06\/alunos-das-escolas-de-lagos-conhecem-os-segredos-da-costa-a-bordo\/educacao\/14\/15\/","title":{"rendered":"Alunos das escolas de Lagos conhecem os segredos da costa a bordo"},"content":{"rendered":"\n<p>A C\u00e2mara Municipal de Lagos, atrav\u00e9s da Divis\u00e3o de Ambiente, organizou uma semana de atividades destinadas aos alunos do 2\u00ba e 3\u00ba ciclo das escolas p\u00fablicas do concelho, proporcionando uma experi\u00eancia com a vida aqu\u00e1tica, \u00fanica e diferente.<\/p>\n\n\n\n<p>\u201cUma aventura no mar \u2013 os segredos das rochas\u201d, \u00e9 o nome da atividade, que se desenvolveu em v\u00e1rios dias da semana, e que constou num passeio em barco, ao longo da costa de Lagos, permitindo aos alunos conhecerem a geodiversidade desta zona costeira e perceberem a import\u00e2ncia da sua prote\u00e7\u00e3o e valoriza\u00e7\u00e3o.<\/p>\n\n\n\n<p>A iniciativa resultou de uma &nbsp;parceria do munic\u00edpio de Lagos com a empresa <em>Discover Tours<\/em> e o Centro Ci\u00eancia Viva de Lagos, onde \u00e9 dada uma aula a bordo de um dos catamarans, por dois ge\u00f3logos do Centro.<\/p>\n\n\n\n<p>A viagem inicia-se na Marina de Lagos, rumo \u00e0 Rocha Negra, na Praia da Luz. Pelo caminho, s\u00e3o dadas explica\u00e7\u00f5es aos alunos sobre os principais tipos de rochas, ciclo das rochas, a idade geol\u00f3gica das mesmas e a descri\u00e7\u00e3o das praias, grutas e relevos rochosos ic\u00f3nicos da costa.<\/p>\n\n\n\n<p>Proporcionar tempo de qualidade, associando lazer e educa\u00e7\u00e3o e garantir \u00e0 comunidade escolar as mesmas oportunidades de acesso a atividades \u00fanicas da regi\u00e3o, foi o que experienciaram 220 alunos e 21 professores.<\/p>\n\n\n\n<p>Esta atividade pretende ainda ir de encontro ao tema do Programa Bandeira Azul 2023 \u2013 \u201c GEODIVERSIDADE, Sabes onde estendes a toalha?<\/p>\n","protected":false},"excerpt":{"rendered":"<p>A C\u00e2mara Municipal de Lagos, atrav\u00e9s da Divis\u00e3o de Ambiente, organizou uma semana de atividades destinadas aos alunos do 2\u00ba<\/p>\n","protected":false},"author":1,"featured_media":28408,"comment_status":"closed","ping_status":"open","sticky":false,"template":"","format":"standard","meta":{"colormag_page_container_layout":"default_layout","colormag_page_sidebar_layout":"default_layout","_monsterinsights_skip_tracking":false,"_monsterinsights_sitenote_active":false,"_monsterinsights_sitenote_note":"","_monsterinsights_sitenote_category":0,"jetpack_post_was_ever_published":false,"_jetpack_newsletter_access":"","_jetpack_dont_email_post_to_subs":false,"_jetpack_newsletter_tier_id":0,"_jetpack_memberships_contains_paywalled_content":false,"_jetpack_memberships_contains_paid_content":false,"footnotes":"","jetpack_publicize_message":"","jetpack_publicize_feature_enabled":true,"jetpack_social_post_already_shared":true,"jetpack_social_options":{"image_generator_settings":{"template":"highway","default_image_id":0,"font":"","enabled":false},"version":2}},"categories":[93],"tags":[36,74,68],"class_list":["post-28407","post","type-post","status-publish","format-standard","has-post-thumbnail","hentry","category-educacao","tag-algarve","tag-educacao","tag-lagos"],"yoast_head":"<!-- This site is optimized with the Yoast SEO plugin v27.5 - https:\/\/yoast.com\/product\/yoast-seo-wordpress\/ -->\n<title>Alunos das escolas de Lagos conhecem os segredos da costa a bordo - Algarve 7<\/title>\n<meta name=\"description\" content=\"Alunos das escolas de Lagos conhecem os segredos da costa a bordo Educa\u00e7\u00e3o\" \/>\n<meta name=\"robots\" content=\"index, follow, max-snippet:-1, max-image-preview:large, max-video-preview:-1\" \/>\n<link rel=\"canonical\" href=\"https:\/\/algarve7.pt\/index.php\/2023\/06\/alunos-das-escolas-de-lagos-conhecem-os-segredos-da-costa-a-bordo\/educacao\/14\/15\/\" \/>\n<meta property=\"og:locale\" content=\"pt_PT\" \/>\n<meta property=\"og:type\" content=\"article\" \/>\n<meta property=\"og:title\" content=\"Alunos das escolas de Lagos conhecem os segredos da costa a bordo - Algarve 7\" \/>\n<meta property=\"og:description\" content=\"Alunos das escolas de Lagos conhecem os segredos da costa a bordo Educa\u00e7\u00e3o\" \/>\n<meta property=\"og:url\" content=\"https:\/\/algarve7.pt\/index.php\/2023\/06\/alunos-das-escolas-de-lagos-conhecem-os-segredos-da-costa-a-bordo\/educacao\/14\/15\/\" \/>\n<meta property=\"og:site_name\" content=\"Algarve 7\" \/>\n<meta property=\"article:publisher\" content=\"https:\/\/www.facebook.com\/algarve7\" \/>\n<meta property=\"article:author\" content=\"https:\/\/www.facebook.com\/algarve7\" \/>\n<meta property=\"article:published_time\" content=\"2023-06-03T13:15:52+00:00\" \/>\n<meta property=\"article:modified_time\" content=\"2023-06-03T13:15:54+00:00\" \/>\n<meta property=\"og:image\" content=\"https:\/\/algarve7.pt\/wp-content\/uploads\/2023\/06\/Passeio-Barco-CCV-FB-3.jpg\" \/>\n\t<meta property=\"og:image:width\" content=\"1024\" \/>\n\t<meta property=\"og:image:height\" content=\"683\" \/>\n\t<meta property=\"og:image:type\" content=\"image\/jpeg\" \/>\n<meta name=\"author\" content=\"Algarve 7\" \/>\n<meta name=\"twitter:card\" content=\"summary_large_image\" \/>\n<meta name=\"twitter:creator\" content=\"@Algarvesete\" \/>\n<meta name=\"twitter:site\" content=\"@Algarvesete\" \/>\n<meta name=\"twitter:label1\" content=\"Escrito por\" \/>\n\t<meta name=\"twitter:data1\" content=\"Algarve 7\" \/>\n\t<meta name=\"twitter:label2\" content=\"Tempo estimado de leitura\" \/>\n\t<meta name=\"twitter:data2\" content=\"2 minutos\" \/>\n<script type=\"application\/ld+json\" class=\"yoast-schema-graph\">{\"@context\":\"https:\\\/\\\/schema.org\",\"@graph\":[{\"@type\":\"Article\",\"@id\":\"https:\\\/\\\/algarve7.pt\\\/index.php\\\/2023\\\/06\\\/alunos-das-escolas-de-lagos-conhecem-os-segredos-da-costa-a-bordo\\\/educacao\\\/14\\\/15\\\/#article\",\"isPartOf\":{\"@id\":\"https:\\\/\\\/algarve7.pt\\\/index.php\\\/2023\\\/06\\\/alunos-das-escolas-de-lagos-conhecem-os-segredos-da-costa-a-bordo\\\/educacao\\\/14\\\/15\\\/\"},\"author\":{\"name\":\"Algarve 7\",\"@id\":\"https:\\\/\\\/algarve7.pt\\\/#\\\/schema\\\/person\\\/23fa70681308e7b319a3204bcea45e0c\"},\"headline\":\"Alunos das escolas de Lagos conhecem os segredos da costa a bordo\",\"datePublished\":\"2023-06-03T13:15:52+00:00\",\"dateModified\":\"2023-06-03T13:15:54+00:00\",\"mainEntityOfPage\":{\"@id\":\"https:\\\/\\\/algarve7.pt\\\/index.php\\\/2023\\\/06\\\/alunos-das-escolas-de-lagos-conhecem-os-segredos-da-costa-a-bordo\\\/educacao\\\/14\\\/15\\\/\"},\"wordCount\":252,\"publisher\":{\"@id\":\"https:\\\/\\\/algarve7.pt\\\/#organization\"},\"image\":{\"@id\":\"https:\\\/\\\/algarve7.pt\\\/index.php\\\/2023\\\/06\\\/alunos-das-escolas-de-lagos-conhecem-os-segredos-da-costa-a-bordo\\\/educacao\\\/14\\\/15\\\/#primaryimage\"},\"thumbnailUrl\":\"https:\\\/\\\/algarve7.pt\\\/wp-content\\\/uploads\\\/2023\\\/06\\\/Passeio-Barco-CCV-FB-3.jpg\",\"keywords\":[\"Algarve\",\"Educa\u00e7\u00e3o\",\"Lagos\"],\"articleSection\":[\"Educa\u00e7\u00e3o\"],\"inLanguage\":\"pt-PT\"},{\"@type\":\"WebPage\",\"@id\":\"https:\\\/\\\/algarve7.pt\\\/index.php\\\/2023\\\/06\\\/alunos-das-escolas-de-lagos-conhecem-os-segredos-da-costa-a-bordo\\\/educacao\\\/14\\\/15\\\/\",\"url\":\"https:\\\/\\\/algarve7.pt\\\/index.php\\\/2023\\\/06\\\/alunos-das-escolas-de-lagos-conhecem-os-segredos-da-costa-a-bordo\\\/educacao\\\/14\\\/15\\\/\",\"name\":\"Alunos das escolas de Lagos conhecem os segredos da costa a bordo - Algarve 7\",\"isPartOf\":{\"@id\":\"https:\\\/\\\/algarve7.pt\\\/#website\"},\"primaryImageOfPage\":{\"@id\":\"https:\\\/\\\/algarve7.pt\\\/index.php\\\/2023\\\/06\\\/alunos-das-escolas-de-lagos-conhecem-os-segredos-da-costa-a-bordo\\\/educacao\\\/14\\\/15\\\/#primaryimage\"},\"image\":{\"@id\":\"https:\\\/\\\/algarve7.pt\\\/index.php\\\/2023\\\/06\\\/alunos-das-escolas-de-lagos-conhecem-os-segredos-da-costa-a-bordo\\\/educacao\\\/14\\\/15\\\/#primaryimage\"},\"thumbnailUrl\":\"https:\\\/\\\/algarve7.pt\\\/wp-content\\\/uploads\\\/2023\\\/06\\\/Passeio-Barco-CCV-FB-3.jpg\",\"datePublished\":\"2023-06-03T13:15:52+00:00\",\"dateModified\":\"2023-06-03T13:15:54+00:00\",\"description\":\"Alunos das escolas de Lagos conhecem os segredos da costa a bordo Educa\u00e7\u00e3o\",\"breadcrumb\":{\"@id\":\"https:\\\/\\\/algarve7.pt\\\/index.php\\\/2023\\\/06\\\/alunos-das-escolas-de-lagos-conhecem-os-segredos-da-costa-a-bordo\\\/educacao\\\/14\\\/15\\\/#breadcrumb\"},\"inLanguage\":\"pt-PT\",\"potentialAction\":[{\"@type\":\"ReadAction\",\"target\":[\"https:\\\/\\\/algarve7.pt\\\/index.php\\\/2023\\\/06\\\/alunos-das-escolas-de-lagos-conhecem-os-segredos-da-costa-a-bordo\\\/educacao\\\/14\\\/15\\\/\"]}]},{\"@type\":\"ImageObject\",\"inLanguage\":\"pt-PT\",\"@id\":\"https:\\\/\\\/algarve7.pt\\\/index.php\\\/2023\\\/06\\\/alunos-das-escolas-de-lagos-conhecem-os-segredos-da-costa-a-bordo\\\/educacao\\\/14\\\/15\\\/#primaryimage\",\"url\":\"https:\\\/\\\/algarve7.pt\\\/wp-content\\\/uploads\\\/2023\\\/06\\\/Passeio-Barco-CCV-FB-3.jpg\",\"contentUrl\":\"https:\\\/\\\/algarve7.pt\\\/wp-content\\\/uploads\\\/2023\\\/06\\\/Passeio-Barco-CCV-FB-3.jpg\",\"width\":1024,\"height\":683},{\"@type\":\"BreadcrumbList\",\"@id\":\"https:\\\/\\\/algarve7.pt\\\/index.php\\\/2023\\\/06\\\/alunos-das-escolas-de-lagos-conhecem-os-segredos-da-costa-a-bordo\\\/educacao\\\/14\\\/15\\\/#breadcrumb\",\"itemListElement\":[{\"@type\":\"ListItem\",\"position\":1,\"name\":\"In\u00edcio\",\"item\":\"https:\\\/\\\/algarve7.pt\\\/\"},{\"@type\":\"ListItem\",\"position\":2,\"name\":\"Alunos das escolas de Lagos conhecem os segredos da costa a bordo\"}]},{\"@type\":\"WebSite\",\"@id\":\"https:\\\/\\\/algarve7.pt\\\/#website\",\"url\":\"https:\\\/\\\/algarve7.pt\\\/\",\"name\":\"Algarve 7\",\"description\":\"Informa\u00e7\u00e3o sobre o Algarve\",\"publisher\":{\"@id\":\"https:\\\/\\\/algarve7.pt\\\/#organization\"},\"potentialAction\":[{\"@type\":\"SearchAction\",\"target\":{\"@type\":\"EntryPoint\",\"urlTemplate\":\"https:\\\/\\\/algarve7.pt\\\/?s={search_term_string}\"},\"query-input\":{\"@type\":\"PropertyValueSpecification\",\"valueRequired\":true,\"valueName\":\"search_term_string\"}}],\"inLanguage\":\"pt-PT\"},{\"@type\":\"Organization\",\"@id\":\"https:\\\/\\\/algarve7.pt\\\/#organization\",\"name\":\"Algarve 7\",\"url\":\"https:\\\/\\\/algarve7.pt\\\/\",\"logo\":{\"@type\":\"ImageObject\",\"inLanguage\":\"pt-PT\",\"@id\":\"https:\\\/\\\/algarve7.pt\\\/#\\\/schema\\\/logo\\\/image\\\/\",\"url\":\"https:\\\/\\\/algarve7.pt\\\/wp-content\\\/uploads\\\/2020\\\/10\\\/Logo-8.jpg\",\"contentUrl\":\"https:\\\/\\\/algarve7.pt\\\/wp-content\\\/uploads\\\/2020\\\/10\\\/Logo-8.jpg\",\"width\":1680,\"height\":1186,\"caption\":\"Algarve 7\"},\"image\":{\"@id\":\"https:\\\/\\\/algarve7.pt\\\/#\\\/schema\\\/logo\\\/image\\\/\"},\"sameAs\":[\"https:\\\/\\\/www.facebook.com\\\/algarve7\",\"https:\\\/\\\/x.com\\\/Algarvesete\",\"https:\\\/\\\/www.instagram.com\\\/jornalalgarve7\\\/\",\"https:\\\/\\\/www.linkedin.com\\\/company\\\/algarve7\",\"https:\\\/\\\/www.pinterest.pt\\\/geral0939\\\/_created\\\/\"]},{\"@type\":\"Person\",\"@id\":\"https:\\\/\\\/algarve7.pt\\\/#\\\/schema\\\/person\\\/23fa70681308e7b319a3204bcea45e0c\",\"name\":\"Algarve 7\",\"sameAs\":[\"https:\\\/\\\/algarve7.pt\",\"https:\\\/\\\/www.facebook.com\\\/algarve7\"],\"url\":\"https:\\\/\\\/algarve7.pt\\\/index.php\\\/author\\\/geralalgarve7-pt\\\/\"}]}<\/script>\n<!-- \/ Yoast SEO plugin. -->","yoast_head_json":{"title":"Alunos das escolas de Lagos conhecem os segredos da costa a bordo - Algarve 7","description":"Alunos das escolas de Lagos conhecem os segredos da costa a bordo Educa\u00e7\u00e3o","robots":{"index":"index","follow":"follow","max-snippet":"max-snippet:-1","max-image-preview":"max-image-preview:large","max-video-preview":"max-video-preview:-1"},"canonical":"https:\/\/algarve7.pt\/index.php\/2023\/06\/alunos-das-escolas-de-lagos-conhecem-os-segredos-da-costa-a-bordo\/educacao\/14\/15\/","og_locale":"pt_PT","og_type":"article","og_title":"Alunos das escolas de Lagos conhecem os segredos da costa a bordo - Algarve 7","og_description":"Alunos das escolas de Lagos conhecem os segredos da costa a bordo Educa\u00e7\u00e3o","og_url":"https:\/\/algarve7.pt\/index.php\/2023\/06\/alunos-das-escolas-de-lagos-conhecem-os-segredos-da-costa-a-bordo\/educacao\/14\/15\/","og_site_name":"Algarve 7","article_publisher":"https:\/\/www.facebook.com\/algarve7","article_author":"https:\/\/www.facebook.com\/algarve7","article_published_time":"2023-06-03T13:15:52+00:00","article_modified_time":"2023-06-03T13:15:54+00:00","og_image":[{"width":1024,"height":683,"url":"https:\/\/algarve7.pt\/wp-content\/uploads\/2023\/06\/Passeio-Barco-CCV-FB-3.jpg","type":"image\/jpeg"}],"author":"Algarve 7","twitter_card":"summary_large_image","twitter_creator":"@Algarvesete","twitter_site":"@Algarvesete","twitter_misc":{"Escrito por":"Algarve 7","Tempo estimado de leitura":"2 minutos"},"schema":{"@context":"https:\/\/schema.org","@graph":[{"@type":"Article","@id":"https:\/\/algarve7.pt\/index.php\/2023\/06\/alunos-das-escolas-de-lagos-conhecem-os-segredos-da-costa-a-bordo\/educacao\/14\/15\/#article","isPartOf":{"@id":"https:\/\/algarve7.pt\/index.php\/2023\/06\/alunos-das-escolas-de-lagos-conhecem-os-segredos-da-costa-a-bordo\/educacao\/14\/15\/"},"author":{"name":"Algarve 7","@id":"https:\/\/algarve7.pt\/#\/schema\/person\/23fa70681308e7b319a3204bcea45e0c"},"headline":"Alunos das escolas de Lagos conhecem os segredos da costa a bordo","datePublished":"2023-06-03T13:15:52+00:00","dateModified":"2023-06-03T13:15:54+00:00","mainEntityOfPage":{"@id":"https:\/\/algarve7.pt\/index.php\/2023\/06\/alunos-das-escolas-de-lagos-conhecem-os-segredos-da-costa-a-bordo\/educacao\/14\/15\/"},"wordCount":252,"publisher":{"@id":"https:\/\/algarve7.pt\/#organization"},"image":{"@id":"https:\/\/algarve7.pt\/index.php\/2023\/06\/alunos-das-escolas-de-lagos-conhecem-os-segredos-da-costa-a-bordo\/educacao\/14\/15\/#primaryimage"},"thumbnailUrl":"https:\/\/algarve7.pt\/wp-content\/uploads\/2023\/06\/Passeio-Barco-CCV-FB-3.jpg","keywords":["Algarve","Educa\u00e7\u00e3o","Lagos"],"articleSection":["Educa\u00e7\u00e3o"],"inLanguage":"pt-PT"},{"@type":"WebPage","@id":"https:\/\/algarve7.pt\/index.php\/2023\/06\/alunos-das-escolas-de-lagos-conhecem-os-segredos-da-costa-a-bordo\/educacao\/14\/15\/","url":"https:\/\/algarve7.pt\/index.php\/2023\/06\/alunos-das-escolas-de-lagos-conhecem-os-segredos-da-costa-a-bordo\/educacao\/14\/15\/","name":"Alunos das escolas de Lagos conhecem os segredos da costa a bordo - Algarve 7","isPartOf":{"@id":"https:\/\/algarve7.pt\/#website"},"primaryImageOfPage":{"@id":"https:\/\/algarve7.pt\/index.php\/2023\/06\/alunos-das-escolas-de-lagos-conhecem-os-segredos-da-costa-a-bordo\/educacao\/14\/15\/#primaryimage"},"image":{"@id":"https:\/\/algarve7.pt\/index.php\/2023\/06\/alunos-das-escolas-de-lagos-conhecem-os-segredos-da-costa-a-bordo\/educacao\/14\/15\/#primaryimage"},"thumbnailUrl":"https:\/\/algarve7.pt\/wp-content\/uploads\/2023\/06\/Passeio-Barco-CCV-FB-3.jpg","datePublished":"2023-06-03T13:15:52+00:00","dateModified":"2023-06-03T13:15:54+00:00","description":"Alunos das escolas de Lagos conhecem os segredos da costa a bordo Educa\u00e7\u00e3o","breadcrumb":{"@id":"https:\/\/algarve7.pt\/index.php\/2023\/06\/alunos-das-escolas-de-lagos-conhecem-os-segredos-da-costa-a-bordo\/educacao\/14\/15\/#breadcrumb"},"inLanguage":"pt-PT","potentialAction":[{"@type":"ReadAction","target":["https:\/\/algarve7.pt\/index.php\/2023\/06\/alunos-das-escolas-de-lagos-conhecem-os-segredos-da-costa-a-bordo\/educacao\/14\/15\/"]}]},{"@type":"ImageObject","inLanguage":"pt-PT","@id":"https:\/\/algarve7.pt\/index.php\/2023\/06\/alunos-das-escolas-de-lagos-conhecem-os-segredos-da-costa-a-bordo\/educacao\/14\/15\/#primaryimage","url":"https:\/\/algarve7.pt\/wp-content\/uploads\/2023\/06\/Passeio-Barco-CCV-FB-3.jpg","contentUrl":"https:\/\/algarve7.pt\/wp-content\/uploads\/2023\/06\/Passeio-Barco-CCV-FB-3.jpg","width":1024,"height":683},{"@type":"BreadcrumbList","@id":"https:\/\/algarve7.pt\/index.php\/2023\/06\/alunos-das-escolas-de-lagos-conhecem-os-segredos-da-costa-a-bordo\/educacao\/14\/15\/#breadcrumb","itemListElement":[{"@type":"ListItem","position":1,"name":"In\u00edcio","item":"https:\/\/algarve7.pt\/"},{"@type":"ListItem","position":2,"name":"Alunos das escolas de Lagos conhecem os segredos da costa a bordo"}]},{"@type":"WebSite","@id":"https:\/\/algarve7.pt\/#website","url":"https:\/\/algarve7.pt\/","name":"Algarve 7","description":"Informa\u00e7\u00e3o sobre o Algarve","publisher":{"@id":"https:\/\/algarve7.pt\/#organization"},"potentialAction":[{"@type":"SearchAction","target":{"@type":"EntryPoint","urlTemplate":"https:\/\/algarve7.pt\/?s={search_term_string}"},"query-input":{"@type":"PropertyValueSpecification","valueRequired":true,"valueName":"search_term_string"}}],"inLanguage":"pt-PT"},{"@type":"Organization","@id":"https:\/\/algarve7.pt\/#organization","name":"Algarve 7","url":"https:\/\/algarve7.pt\/","logo":{"@type":"ImageObject","inLanguage":"pt-PT","@id":"https:\/\/algarve7.pt\/#\/schema\/logo\/image\/","url":"https:\/\/algarve7.pt\/wp-content\/uploads\/2020\/10\/Logo-8.jpg","contentUrl":"https:\/\/algarve7.pt\/wp-content\/uploads\/2020\/10\/Logo-8.jpg","width":1680,"height":1186,"caption":"Algarve 7"},"image":{"@id":"https:\/\/algarve7.pt\/#\/schema\/logo\/image\/"},"sameAs":["https:\/\/www.facebook.com\/algarve7","https:\/\/x.com\/Algarvesete","https:\/\/www.instagram.com\/jornalalgarve7\/","https:\/\/www.linkedin.com\/company\/algarve7","https:\/\/www.pinterest.pt\/geral0939\/_created\/"]},{"@type":"Person","@id":"https:\/\/algarve7.pt\/#\/schema\/person\/23fa70681308e7b319a3204bcea45e0c","name":"Algarve 7","sameAs":["https:\/\/algarve7.pt","https:\/\/www.facebook.com\/algarve7"],"url":"https:\/\/algarve7.pt\/index.php\/author\/geralalgarve7-pt\/"}]}},"jetpack_publicize_connections":[],"jetpack_featured_media_url":"https:\/\/algarve7.pt\/wp-content\/uploads\/2023\/06\/Passeio-Barco-CCV-FB-3.jpg","jetpack_shortlink":"https:\/\/wp.me\/pcezmW-7ob","jetpack_sharing_enabled":true,"_links":{"self":[{"href":"https:\/\/algarve7.pt\/index.php\/wp-json\/wp\/v2\/posts\/28407","targetHints":{"allow":["GET"]}}],"collection":[{"href":"https:\/\/algarve7.pt\/index.php\/wp-json\/wp\/v2\/posts"}],"about":[{"href":"https:\/\/algarve7.pt\/index.php\/wp-json\/wp\/v2\/types\/post"}],"author":[{"embeddable":true,"href":"https:\/\/algarve7.pt\/index.php\/wp-json\/wp\/v2\/users\/1"}],"replies":[{"embeddable":true,"href":"https:\/\/algarve7.pt\/index.php\/wp-json\/wp\/v2\/comments?post=28407"}],"version-history":[{"count":0,"href":"https:\/\/algarve7.pt\/index.php\/wp-json\/wp\/v2\/posts\/28407\/revisions"}],"wp:featuredmedia":[{"embeddable":true,"href":"https:\/\/algarve7.pt\/index.php\/wp-json\/wp\/v2\/media\/28408"}],"wp:attachment":[{"href":"https:\/\/algarve7.pt\/index.php\/wp-json\/wp\/v2\/media?parent=28407"}],"wp:term":[{"taxonomy":"category","embeddable":true,"href":"https:\/\/algarve7.pt\/index.php\/wp-json\/wp\/v2\/categories?post=28407"},{"taxonomy":"post_tag","embeddable":true,"href":"https:\/\/algarve7.pt\/index.php\/wp-json\/wp\/v2\/tags?post=28407"}],"curies":[{"name":"wp","href":"https:\/\/api.w.org\/{rel}","templated":true}]}}