{"id":28251,"date":"2023-05-30T18:27:34","date_gmt":"2023-05-30T17:27:34","guid":{"rendered":"https:\/\/algarve7.pt\/?p=28251"},"modified":"2023-05-30T18:27:36","modified_gmt":"2023-05-30T17:27:36","slug":"festival-primavera-literaria-e-45a-feira-do-livro-na-alameda-joao-de-deus","status":"publish","type":"post","link":"https:\/\/algarve7.pt\/index.php\/2023\/05\/festival-primavera-literaria-e-45a-feira-do-livro-na-alameda-joao-de-deus\/cultura\/18\/27\/","title":{"rendered":"Festival Primavera Liter\u00e1ria e 45\u00aa Feira do Livro na Alameda Jo\u00e3o de Deus"},"content":{"rendered":"\n<p>A C\u00e2mara Municipal de Faro vai organizar de 1 a 04 de junho a <em>Primavera Liter\u00e1ria<\/em>, um festival que decorrer\u00e1 no Jardim da Alameda Jo\u00e3o de Deus e na Biblioteca Municipal de Faro, em colabora\u00e7\u00e3o com o Gin\u00e1sio Clube de Faro, com o apoio institucional da Dire\u00e7\u00e3o Regional de Cultura do Algarve, e que integra tamb\u00e9m a 45\u00aa edi\u00e7\u00e3o da Feira do Livro da Cidade de Faro.<\/p>\n\n\n\n<p>O vasto programa, dispon\u00edvel no s\u00edtio do Munic\u00edpio e nas redes sociais da Biblioteca Municipal, integra apresenta\u00e7\u00f5es de livros, debates com autores, hora do conto, workshops de escrita criativa, sess\u00f5es com escolas, espet\u00e1culos musicais e de poesia, sess\u00f5es de contos para fam\u00edlias, exposi\u00e7\u00f5es, booktinder e jogos, entre outros momentos de anima\u00e7\u00e3o. Todas estas atividades realizam-se nos espa\u00e7os do Jardim da Alameda \u2013 Palco Casa do Sabino e no Bosque das Letras &#8211;&nbsp; ou na sala da hora do conto, sala de adultos e Audit\u00f3rio da Biblioteca.<\/p>\n\n\n\n<p>Integrada tamb\u00e9m na Primavera Liter\u00e1ria, a 45\u00aa edi\u00e7\u00e3o da Feira do Livro da Cidade de Faro vai ter lugar na Alameda Jo\u00e3o de Deus, estando os pavilh\u00f5es abertos ao p\u00fablico entre as 10h00 e as 20h00. A Feira do Livro, que teve a sua primeira edi\u00e7\u00e3o em 1976, sempre marcou um lugar de destaque na programa\u00e7\u00e3o cultural do munic\u00edpio e na promo\u00e7\u00e3o do livro e da leitura.<\/p>\n\n\n\n<p>Para al\u00e9m da Feira, o p\u00fablico interessado pode ver em perman\u00eancia as exposi\u00e7\u00f5es <em>Momento\/Movimento<\/em>, de Adriano Ayres e <em>upcyclingclothesandminds<\/em>, uma organiza\u00e7\u00e3o PAS e Amarelarte; <em>Book Tinder<\/em> pela Associa\u00e7\u00e3o S\u00ea Mais S\u00ea Melhor, e <em>Um poema em troca de um sorriso<\/em>, pelo Elos Clube de Faro.<\/p>\n","protected":false},"excerpt":{"rendered":"<p>A C\u00e2mara Municipal de Faro vai organizar de 1 a 04 de junho a Primavera Liter\u00e1ria, um festival que decorrer\u00e1<\/p>\n","protected":false},"author":1,"featured_media":28252,"comment_status":"closed","ping_status":"open","sticky":false,"template":"","format":"standard","meta":{"colormag_page_container_layout":"default_layout","colormag_page_sidebar_layout":"default_layout","_monsterinsights_skip_tracking":false,"_monsterinsights_sitenote_active":false,"_monsterinsights_sitenote_note":"","_monsterinsights_sitenote_category":0,"jetpack_post_was_ever_published":false,"_jetpack_newsletter_access":"","_jetpack_dont_email_post_to_subs":false,"_jetpack_newsletter_tier_id":0,"_jetpack_memberships_contains_paywalled_content":false,"_jetpack_memberships_contains_paid_content":false,"footnotes":"","jetpack_publicize_message":"","jetpack_publicize_feature_enabled":true,"jetpack_social_post_already_shared":true,"jetpack_social_options":{"image_generator_settings":{"template":"highway","default_image_id":0,"font":"","enabled":false},"version":2}},"categories":[14],"tags":[36,35,57,989,201],"class_list":["post-28251","post","type-post","status-publish","format-standard","has-post-thumbnail","hentry","category-cultura","tag-algarve","tag-cultura","tag-faro","tag-festival-primavera-literaria","tag-livros"],"yoast_head":"<!-- This site is optimized with the Yoast SEO plugin v27.5 - https:\/\/yoast.com\/product\/yoast-seo-wordpress\/ -->\n<title>Festival Primavera Liter\u00e1ria e 45\u00aa Feira do Livro na Alameda Jo\u00e3o de Deus - Algarve 7<\/title>\n<meta name=\"description\" content=\"Festival Primavera Liter\u00e1ria e 45\u00aa Feira do Livro na Alameda Jo\u00e3o de Deus Cultura\" \/>\n<meta name=\"robots\" content=\"index, follow, max-snippet:-1, max-image-preview:large, max-video-preview:-1\" \/>\n<link rel=\"canonical\" href=\"https:\/\/algarve7.pt\/index.php\/2023\/05\/festival-primavera-literaria-e-45a-feira-do-livro-na-alameda-joao-de-deus\/cultura\/18\/27\/\" \/>\n<meta property=\"og:locale\" content=\"pt_PT\" \/>\n<meta property=\"og:type\" content=\"article\" \/>\n<meta property=\"og:title\" content=\"Festival Primavera Liter\u00e1ria e 45\u00aa Feira do Livro na Alameda Jo\u00e3o de Deus - Algarve 7\" \/>\n<meta property=\"og:description\" content=\"Festival Primavera Liter\u00e1ria e 45\u00aa Feira do Livro na Alameda Jo\u00e3o de Deus Cultura\" \/>\n<meta property=\"og:url\" content=\"https:\/\/algarve7.pt\/index.php\/2023\/05\/festival-primavera-literaria-e-45a-feira-do-livro-na-alameda-joao-de-deus\/cultura\/18\/27\/\" \/>\n<meta property=\"og:site_name\" content=\"Algarve 7\" \/>\n<meta property=\"article:publisher\" content=\"https:\/\/www.facebook.com\/algarve7\" \/>\n<meta property=\"article:author\" content=\"https:\/\/www.facebook.com\/algarve7\" \/>\n<meta property=\"article:published_time\" content=\"2023-05-30T17:27:34+00:00\" \/>\n<meta property=\"article:modified_time\" content=\"2023-05-30T17:27:36+00:00\" \/>\n<meta property=\"og:image\" content=\"https:\/\/algarve7.pt\/wp-content\/uploads\/2023\/05\/1200x1200-primavera-literaria-a-e1685467646833.jpg\" \/>\n\t<meta property=\"og:image:width\" content=\"800\" \/>\n\t<meta property=\"og:image:height\" content=\"736\" \/>\n\t<meta property=\"og:image:type\" content=\"image\/jpeg\" \/>\n<meta name=\"author\" content=\"Algarve 7\" \/>\n<meta name=\"twitter:card\" content=\"summary_large_image\" \/>\n<meta name=\"twitter:creator\" content=\"@Algarvesete\" \/>\n<meta name=\"twitter:site\" content=\"@Algarvesete\" \/>\n<meta name=\"twitter:label1\" content=\"Escrito por\" \/>\n\t<meta name=\"twitter:data1\" content=\"Algarve 7\" \/>\n\t<meta name=\"twitter:label2\" content=\"Tempo estimado de leitura\" \/>\n\t<meta name=\"twitter:data2\" content=\"2 minutos\" \/>\n<script type=\"application\/ld+json\" class=\"yoast-schema-graph\">{\"@context\":\"https:\\\/\\\/schema.org\",\"@graph\":[{\"@type\":\"Article\",\"@id\":\"https:\\\/\\\/algarve7.pt\\\/index.php\\\/2023\\\/05\\\/festival-primavera-literaria-e-45a-feira-do-livro-na-alameda-joao-de-deus\\\/cultura\\\/18\\\/27\\\/#article\",\"isPartOf\":{\"@id\":\"https:\\\/\\\/algarve7.pt\\\/index.php\\\/2023\\\/05\\\/festival-primavera-literaria-e-45a-feira-do-livro-na-alameda-joao-de-deus\\\/cultura\\\/18\\\/27\\\/\"},\"author\":{\"name\":\"Algarve 7\",\"@id\":\"https:\\\/\\\/algarve7.pt\\\/#\\\/schema\\\/person\\\/23fa70681308e7b319a3204bcea45e0c\"},\"headline\":\"Festival Primavera Liter\u00e1ria e 45\u00aa Feira do Livro na Alameda Jo\u00e3o de Deus\",\"datePublished\":\"2023-05-30T17:27:34+00:00\",\"dateModified\":\"2023-05-30T17:27:36+00:00\",\"mainEntityOfPage\":{\"@id\":\"https:\\\/\\\/algarve7.pt\\\/index.php\\\/2023\\\/05\\\/festival-primavera-literaria-e-45a-feira-do-livro-na-alameda-joao-de-deus\\\/cultura\\\/18\\\/27\\\/\"},\"wordCount\":311,\"publisher\":{\"@id\":\"https:\\\/\\\/algarve7.pt\\\/#organization\"},\"image\":{\"@id\":\"https:\\\/\\\/algarve7.pt\\\/index.php\\\/2023\\\/05\\\/festival-primavera-literaria-e-45a-feira-do-livro-na-alameda-joao-de-deus\\\/cultura\\\/18\\\/27\\\/#primaryimage\"},\"thumbnailUrl\":\"https:\\\/\\\/algarve7.pt\\\/wp-content\\\/uploads\\\/2023\\\/05\\\/1200x1200-primavera-literaria-a-e1685467646833.jpg\",\"keywords\":[\"Algarve\",\"Cultura\",\"Faro\",\"Festival Primavera Liter\u00e1ria\",\"Livros\"],\"articleSection\":[\"Cultura\"],\"inLanguage\":\"pt-PT\"},{\"@type\":\"WebPage\",\"@id\":\"https:\\\/\\\/algarve7.pt\\\/index.php\\\/2023\\\/05\\\/festival-primavera-literaria-e-45a-feira-do-livro-na-alameda-joao-de-deus\\\/cultura\\\/18\\\/27\\\/\",\"url\":\"https:\\\/\\\/algarve7.pt\\\/index.php\\\/2023\\\/05\\\/festival-primavera-literaria-e-45a-feira-do-livro-na-alameda-joao-de-deus\\\/cultura\\\/18\\\/27\\\/\",\"name\":\"Festival Primavera Liter\u00e1ria e 45\u00aa Feira do Livro na Alameda Jo\u00e3o de Deus - Algarve 7\",\"isPartOf\":{\"@id\":\"https:\\\/\\\/algarve7.pt\\\/#website\"},\"primaryImageOfPage\":{\"@id\":\"https:\\\/\\\/algarve7.pt\\\/index.php\\\/2023\\\/05\\\/festival-primavera-literaria-e-45a-feira-do-livro-na-alameda-joao-de-deus\\\/cultura\\\/18\\\/27\\\/#primaryimage\"},\"image\":{\"@id\":\"https:\\\/\\\/algarve7.pt\\\/index.php\\\/2023\\\/05\\\/festival-primavera-literaria-e-45a-feira-do-livro-na-alameda-joao-de-deus\\\/cultura\\\/18\\\/27\\\/#primaryimage\"},\"thumbnailUrl\":\"https:\\\/\\\/algarve7.pt\\\/wp-content\\\/uploads\\\/2023\\\/05\\\/1200x1200-primavera-literaria-a-e1685467646833.jpg\",\"datePublished\":\"2023-05-30T17:27:34+00:00\",\"dateModified\":\"2023-05-30T17:27:36+00:00\",\"description\":\"Festival Primavera Liter\u00e1ria e 45\u00aa Feira do Livro na Alameda Jo\u00e3o de Deus Cultura\",\"breadcrumb\":{\"@id\":\"https:\\\/\\\/algarve7.pt\\\/index.php\\\/2023\\\/05\\\/festival-primavera-literaria-e-45a-feira-do-livro-na-alameda-joao-de-deus\\\/cultura\\\/18\\\/27\\\/#breadcrumb\"},\"inLanguage\":\"pt-PT\",\"potentialAction\":[{\"@type\":\"ReadAction\",\"target\":[\"https:\\\/\\\/algarve7.pt\\\/index.php\\\/2023\\\/05\\\/festival-primavera-literaria-e-45a-feira-do-livro-na-alameda-joao-de-deus\\\/cultura\\\/18\\\/27\\\/\"]}]},{\"@type\":\"ImageObject\",\"inLanguage\":\"pt-PT\",\"@id\":\"https:\\\/\\\/algarve7.pt\\\/index.php\\\/2023\\\/05\\\/festival-primavera-literaria-e-45a-feira-do-livro-na-alameda-joao-de-deus\\\/cultura\\\/18\\\/27\\\/#primaryimage\",\"url\":\"https:\\\/\\\/algarve7.pt\\\/wp-content\\\/uploads\\\/2023\\\/05\\\/1200x1200-primavera-literaria-a-e1685467646833.jpg\",\"contentUrl\":\"https:\\\/\\\/algarve7.pt\\\/wp-content\\\/uploads\\\/2023\\\/05\\\/1200x1200-primavera-literaria-a-e1685467646833.jpg\",\"width\":1024,\"height\":942},{\"@type\":\"BreadcrumbList\",\"@id\":\"https:\\\/\\\/algarve7.pt\\\/index.php\\\/2023\\\/05\\\/festival-primavera-literaria-e-45a-feira-do-livro-na-alameda-joao-de-deus\\\/cultura\\\/18\\\/27\\\/#breadcrumb\",\"itemListElement\":[{\"@type\":\"ListItem\",\"position\":1,\"name\":\"In\u00edcio\",\"item\":\"https:\\\/\\\/algarve7.pt\\\/\"},{\"@type\":\"ListItem\",\"position\":2,\"name\":\"Festival Primavera Liter\u00e1ria e 45\u00aa Feira do Livro na Alameda Jo\u00e3o de Deus\"}]},{\"@type\":\"WebSite\",\"@id\":\"https:\\\/\\\/algarve7.pt\\\/#website\",\"url\":\"https:\\\/\\\/algarve7.pt\\\/\",\"name\":\"Algarve 7\",\"description\":\"Informa\u00e7\u00e3o sobre o Algarve\",\"publisher\":{\"@id\":\"https:\\\/\\\/algarve7.pt\\\/#organization\"},\"potentialAction\":[{\"@type\":\"SearchAction\",\"target\":{\"@type\":\"EntryPoint\",\"urlTemplate\":\"https:\\\/\\\/algarve7.pt\\\/?s={search_term_string}\"},\"query-input\":{\"@type\":\"PropertyValueSpecification\",\"valueRequired\":true,\"valueName\":\"search_term_string\"}}],\"inLanguage\":\"pt-PT\"},{\"@type\":\"Organization\",\"@id\":\"https:\\\/\\\/algarve7.pt\\\/#organization\",\"name\":\"Algarve 7\",\"url\":\"https:\\\/\\\/algarve7.pt\\\/\",\"logo\":{\"@type\":\"ImageObject\",\"inLanguage\":\"pt-PT\",\"@id\":\"https:\\\/\\\/algarve7.pt\\\/#\\\/schema\\\/logo\\\/image\\\/\",\"url\":\"https:\\\/\\\/algarve7.pt\\\/wp-content\\\/uploads\\\/2020\\\/10\\\/Logo-8.jpg\",\"contentUrl\":\"https:\\\/\\\/algarve7.pt\\\/wp-content\\\/uploads\\\/2020\\\/10\\\/Logo-8.jpg\",\"width\":1680,\"height\":1186,\"caption\":\"Algarve 7\"},\"image\":{\"@id\":\"https:\\\/\\\/algarve7.pt\\\/#\\\/schema\\\/logo\\\/image\\\/\"},\"sameAs\":[\"https:\\\/\\\/www.facebook.com\\\/algarve7\",\"https:\\\/\\\/x.com\\\/Algarvesete\",\"https:\\\/\\\/www.instagram.com\\\/jornalalgarve7\\\/\",\"https:\\\/\\\/www.linkedin.com\\\/company\\\/algarve7\",\"https:\\\/\\\/www.pinterest.pt\\\/geral0939\\\/_created\\\/\"]},{\"@type\":\"Person\",\"@id\":\"https:\\\/\\\/algarve7.pt\\\/#\\\/schema\\\/person\\\/23fa70681308e7b319a3204bcea45e0c\",\"name\":\"Algarve 7\",\"sameAs\":[\"https:\\\/\\\/algarve7.pt\",\"https:\\\/\\\/www.facebook.com\\\/algarve7\"],\"url\":\"https:\\\/\\\/algarve7.pt\\\/index.php\\\/author\\\/geralalgarve7-pt\\\/\"}]}<\/script>\n<!-- \/ Yoast SEO plugin. -->","yoast_head_json":{"title":"Festival Primavera Liter\u00e1ria e 45\u00aa Feira do Livro na Alameda Jo\u00e3o de Deus - Algarve 7","description":"Festival Primavera Liter\u00e1ria e 45\u00aa Feira do Livro na Alameda Jo\u00e3o de Deus Cultura","robots":{"index":"index","follow":"follow","max-snippet":"max-snippet:-1","max-image-preview":"max-image-preview:large","max-video-preview":"max-video-preview:-1"},"canonical":"https:\/\/algarve7.pt\/index.php\/2023\/05\/festival-primavera-literaria-e-45a-feira-do-livro-na-alameda-joao-de-deus\/cultura\/18\/27\/","og_locale":"pt_PT","og_type":"article","og_title":"Festival Primavera Liter\u00e1ria e 45\u00aa Feira do Livro na Alameda Jo\u00e3o de Deus - Algarve 7","og_description":"Festival Primavera Liter\u00e1ria e 45\u00aa Feira do Livro na Alameda Jo\u00e3o de Deus Cultura","og_url":"https:\/\/algarve7.pt\/index.php\/2023\/05\/festival-primavera-literaria-e-45a-feira-do-livro-na-alameda-joao-de-deus\/cultura\/18\/27\/","og_site_name":"Algarve 7","article_publisher":"https:\/\/www.facebook.com\/algarve7","article_author":"https:\/\/www.facebook.com\/algarve7","article_published_time":"2023-05-30T17:27:34+00:00","article_modified_time":"2023-05-30T17:27:36+00:00","og_image":[{"url":"https:\/\/algarve7.pt\/wp-content\/uploads\/2023\/05\/1200x1200-primavera-literaria-a-e1685467646833.jpg","width":800,"height":736,"type":"image\/jpeg"}],"author":"Algarve 7","twitter_card":"summary_large_image","twitter_creator":"@Algarvesete","twitter_site":"@Algarvesete","twitter_misc":{"Escrito por":"Algarve 7","Tempo estimado de leitura":"2 minutos"},"schema":{"@context":"https:\/\/schema.org","@graph":[{"@type":"Article","@id":"https:\/\/algarve7.pt\/index.php\/2023\/05\/festival-primavera-literaria-e-45a-feira-do-livro-na-alameda-joao-de-deus\/cultura\/18\/27\/#article","isPartOf":{"@id":"https:\/\/algarve7.pt\/index.php\/2023\/05\/festival-primavera-literaria-e-45a-feira-do-livro-na-alameda-joao-de-deus\/cultura\/18\/27\/"},"author":{"name":"Algarve 7","@id":"https:\/\/algarve7.pt\/#\/schema\/person\/23fa70681308e7b319a3204bcea45e0c"},"headline":"Festival Primavera Liter\u00e1ria e 45\u00aa Feira do Livro na Alameda Jo\u00e3o de Deus","datePublished":"2023-05-30T17:27:34+00:00","dateModified":"2023-05-30T17:27:36+00:00","mainEntityOfPage":{"@id":"https:\/\/algarve7.pt\/index.php\/2023\/05\/festival-primavera-literaria-e-45a-feira-do-livro-na-alameda-joao-de-deus\/cultura\/18\/27\/"},"wordCount":311,"publisher":{"@id":"https:\/\/algarve7.pt\/#organization"},"image":{"@id":"https:\/\/algarve7.pt\/index.php\/2023\/05\/festival-primavera-literaria-e-45a-feira-do-livro-na-alameda-joao-de-deus\/cultura\/18\/27\/#primaryimage"},"thumbnailUrl":"https:\/\/algarve7.pt\/wp-content\/uploads\/2023\/05\/1200x1200-primavera-literaria-a-e1685467646833.jpg","keywords":["Algarve","Cultura","Faro","Festival Primavera Liter\u00e1ria","Livros"],"articleSection":["Cultura"],"inLanguage":"pt-PT"},{"@type":"WebPage","@id":"https:\/\/algarve7.pt\/index.php\/2023\/05\/festival-primavera-literaria-e-45a-feira-do-livro-na-alameda-joao-de-deus\/cultura\/18\/27\/","url":"https:\/\/algarve7.pt\/index.php\/2023\/05\/festival-primavera-literaria-e-45a-feira-do-livro-na-alameda-joao-de-deus\/cultura\/18\/27\/","name":"Festival Primavera Liter\u00e1ria e 45\u00aa Feira do Livro na Alameda Jo\u00e3o de Deus - Algarve 7","isPartOf":{"@id":"https:\/\/algarve7.pt\/#website"},"primaryImageOfPage":{"@id":"https:\/\/algarve7.pt\/index.php\/2023\/05\/festival-primavera-literaria-e-45a-feira-do-livro-na-alameda-joao-de-deus\/cultura\/18\/27\/#primaryimage"},"image":{"@id":"https:\/\/algarve7.pt\/index.php\/2023\/05\/festival-primavera-literaria-e-45a-feira-do-livro-na-alameda-joao-de-deus\/cultura\/18\/27\/#primaryimage"},"thumbnailUrl":"https:\/\/algarve7.pt\/wp-content\/uploads\/2023\/05\/1200x1200-primavera-literaria-a-e1685467646833.jpg","datePublished":"2023-05-30T17:27:34+00:00","dateModified":"2023-05-30T17:27:36+00:00","description":"Festival Primavera Liter\u00e1ria e 45\u00aa Feira do Livro na Alameda Jo\u00e3o de Deus Cultura","breadcrumb":{"@id":"https:\/\/algarve7.pt\/index.php\/2023\/05\/festival-primavera-literaria-e-45a-feira-do-livro-na-alameda-joao-de-deus\/cultura\/18\/27\/#breadcrumb"},"inLanguage":"pt-PT","potentialAction":[{"@type":"ReadAction","target":["https:\/\/algarve7.pt\/index.php\/2023\/05\/festival-primavera-literaria-e-45a-feira-do-livro-na-alameda-joao-de-deus\/cultura\/18\/27\/"]}]},{"@type":"ImageObject","inLanguage":"pt-PT","@id":"https:\/\/algarve7.pt\/index.php\/2023\/05\/festival-primavera-literaria-e-45a-feira-do-livro-na-alameda-joao-de-deus\/cultura\/18\/27\/#primaryimage","url":"https:\/\/algarve7.pt\/wp-content\/uploads\/2023\/05\/1200x1200-primavera-literaria-a-e1685467646833.jpg","contentUrl":"https:\/\/algarve7.pt\/wp-content\/uploads\/2023\/05\/1200x1200-primavera-literaria-a-e1685467646833.jpg","width":1024,"height":942},{"@type":"BreadcrumbList","@id":"https:\/\/algarve7.pt\/index.php\/2023\/05\/festival-primavera-literaria-e-45a-feira-do-livro-na-alameda-joao-de-deus\/cultura\/18\/27\/#breadcrumb","itemListElement":[{"@type":"ListItem","position":1,"name":"In\u00edcio","item":"https:\/\/algarve7.pt\/"},{"@type":"ListItem","position":2,"name":"Festival Primavera Liter\u00e1ria e 45\u00aa Feira do Livro na Alameda Jo\u00e3o de Deus"}]},{"@type":"WebSite","@id":"https:\/\/algarve7.pt\/#website","url":"https:\/\/algarve7.pt\/","name":"Algarve 7","description":"Informa\u00e7\u00e3o sobre o Algarve","publisher":{"@id":"https:\/\/algarve7.pt\/#organization"},"potentialAction":[{"@type":"SearchAction","target":{"@type":"EntryPoint","urlTemplate":"https:\/\/algarve7.pt\/?s={search_term_string}"},"query-input":{"@type":"PropertyValueSpecification","valueRequired":true,"valueName":"search_term_string"}}],"inLanguage":"pt-PT"},{"@type":"Organization","@id":"https:\/\/algarve7.pt\/#organization","name":"Algarve 7","url":"https:\/\/algarve7.pt\/","logo":{"@type":"ImageObject","inLanguage":"pt-PT","@id":"https:\/\/algarve7.pt\/#\/schema\/logo\/image\/","url":"https:\/\/algarve7.pt\/wp-content\/uploads\/2020\/10\/Logo-8.jpg","contentUrl":"https:\/\/algarve7.pt\/wp-content\/uploads\/2020\/10\/Logo-8.jpg","width":1680,"height":1186,"caption":"Algarve 7"},"image":{"@id":"https:\/\/algarve7.pt\/#\/schema\/logo\/image\/"},"sameAs":["https:\/\/www.facebook.com\/algarve7","https:\/\/x.com\/Algarvesete","https:\/\/www.instagram.com\/jornalalgarve7\/","https:\/\/www.linkedin.com\/company\/algarve7","https:\/\/www.pinterest.pt\/geral0939\/_created\/"]},{"@type":"Person","@id":"https:\/\/algarve7.pt\/#\/schema\/person\/23fa70681308e7b319a3204bcea45e0c","name":"Algarve 7","sameAs":["https:\/\/algarve7.pt","https:\/\/www.facebook.com\/algarve7"],"url":"https:\/\/algarve7.pt\/index.php\/author\/geralalgarve7-pt\/"}]}},"jetpack_publicize_connections":[],"jetpack_featured_media_url":"https:\/\/algarve7.pt\/wp-content\/uploads\/2023\/05\/1200x1200-primavera-literaria-a-e1685467646833.jpg","jetpack_shortlink":"https:\/\/wp.me\/pcezmW-7lF","jetpack_sharing_enabled":true,"_links":{"self":[{"href":"https:\/\/algarve7.pt\/index.php\/wp-json\/wp\/v2\/posts\/28251","targetHints":{"allow":["GET"]}}],"collection":[{"href":"https:\/\/algarve7.pt\/index.php\/wp-json\/wp\/v2\/posts"}],"about":[{"href":"https:\/\/algarve7.pt\/index.php\/wp-json\/wp\/v2\/types\/post"}],"author":[{"embeddable":true,"href":"https:\/\/algarve7.pt\/index.php\/wp-json\/wp\/v2\/users\/1"}],"replies":[{"embeddable":true,"href":"https:\/\/algarve7.pt\/index.php\/wp-json\/wp\/v2\/comments?post=28251"}],"version-history":[{"count":0,"href":"https:\/\/algarve7.pt\/index.php\/wp-json\/wp\/v2\/posts\/28251\/revisions"}],"wp:featuredmedia":[{"embeddable":true,"href":"https:\/\/algarve7.pt\/index.php\/wp-json\/wp\/v2\/media\/28252"}],"wp:attachment":[{"href":"https:\/\/algarve7.pt\/index.php\/wp-json\/wp\/v2\/media?parent=28251"}],"wp:term":[{"taxonomy":"category","embeddable":true,"href":"https:\/\/algarve7.pt\/index.php\/wp-json\/wp\/v2\/categories?post=28251"},{"taxonomy":"post_tag","embeddable":true,"href":"https:\/\/algarve7.pt\/index.php\/wp-json\/wp\/v2\/tags?post=28251"}],"curies":[{"name":"wp","href":"https:\/\/api.w.org\/{rel}","templated":true}]}}