{"id":2823,"date":"2020-10-22T18:13:08","date_gmt":"2020-10-22T17:13:08","guid":{"rendered":"https:\/\/algarve7.pt\/?p=2823"},"modified":"2020-10-22T18:13:09","modified_gmt":"2020-10-22T17:13:09","slug":"desporto-escolar-em-olhao-diversifica-oferta","status":"publish","type":"post","link":"https:\/\/algarve7.pt\/index.php\/2020\/10\/desporto-escolar-em-olhao-diversifica-oferta\/desporto\/18\/13\/","title":{"rendered":"Desporto Escolar em Olh\u00e3o diversifica oferta com modalidades n\u00e1uticas"},"content":{"rendered":"\n<p>Est\u00e1 praticamente conclu\u00edda a constru\u00e7\u00e3o do novo Centro de Forma\u00e7\u00e3o Desportiva da Fuseta, uma infraestrutura dedicada ao desporto escolar olhanense, na vertente dos desportos n\u00e1uticos, que ficar\u00e1 \u00e0 disposi\u00e7\u00e3o de todos os alunos do concelho, mas, tamb\u00e9m, de todo o Algarve, e do resto do pa\u00eds.<\/p>\n\n\n\n<p>\u201cO repto para a cria\u00e7\u00e3o desta nova val\u00eancia do desporto escolar partiu do Agrupamento de Escolas Dr. Francisco Fernandes Lopes, a quem compete a sua gest\u00e3o. N\u00f3s acedemos imediatamente a colaborar na concretiza\u00e7\u00e3o deste sonho, ou n\u00e3o f\u00f4ssemos um concelho onde as atividades desportivas viradas para o mar e para a ria s\u00e3o rainhas\u201d, explica o vereador da Educa\u00e7\u00e3o, Desporto e Tempos Livres, Ant\u00f3nio Camacho, acrescentando que \u201co desporto escolar \u00e9, por todos os motivos, uma prioridade deste executivo, no que diz respeito \u00e0 educa\u00e7\u00e3o dos nossos jovens\u201d.<\/p>\n\n\n\n<p>O Munic\u00edpio assumiu a constru\u00e7\u00e3o deste equipamento, um projeto que rondou os 30 mil euros e se encontra localizado junto \u00e0 ria, em frente ao Parque de Campismo.<\/p>\n\n\n\n<p>Para al\u00e9m da constru\u00e7\u00e3o do Centro de Forma\u00e7\u00e3o Desportiva da Fuseta, a autarquia celebrou com o Agrupamento um contrato-programa de desenvolvimento desportivo no valor de 5 mil euros, que permitiu a aquisi\u00e7\u00e3o de caiaques.<\/p>\n\n\n\n<p>Para al\u00e9m de espa\u00e7o para arruma\u00e7\u00e3o dos equipamentos, o Centro disp\u00f5e de instala\u00e7\u00f5es sanit\u00e1rias, vesti\u00e1rios e duches, de forma a proporcionar aos alunos do concelho condi\u00e7\u00f5es \u00f3timas para a pr\u00e1tica das modalidades n\u00e1uticas, no cen\u00e1rio privilegiado da ria Formosa.<\/p>\n","protected":false},"excerpt":{"rendered":"<p>Est\u00e1 praticamente conclu\u00edda a constru\u00e7\u00e3o do novo Centro de Forma\u00e7\u00e3o Desportiva da Fuseta, uma infraestrutura dedicada ao desporto escolar olhanense,<\/p>\n","protected":false},"author":1,"featured_media":2824,"comment_status":"closed","ping_status":"open","sticky":false,"template":"","format":"standard","meta":{"colormag_page_container_layout":"default_layout","colormag_page_sidebar_layout":"default_layout","_monsterinsights_skip_tracking":false,"_monsterinsights_sitenote_active":false,"_monsterinsights_sitenote_note":"","_monsterinsights_sitenote_category":0,"jetpack_post_was_ever_published":false,"_jetpack_newsletter_access":"","_jetpack_dont_email_post_to_subs":false,"_jetpack_newsletter_tier_id":0,"_jetpack_memberships_contains_paywalled_content":false,"_jetpack_memberships_contains_paid_content":false,"footnotes":"","jetpack_publicize_message":"","jetpack_publicize_feature_enabled":true,"jetpack_social_post_already_shared":true,"jetpack_social_options":{"image_generator_settings":{"template":"highway","default_image_id":0,"font":"","enabled":false},"version":2}},"categories":[15,93],"tags":[36,40,74,138,37],"class_list":["post-2823","post","type-post","status-publish","format-standard","has-post-thumbnail","hentry","category-desporto","category-educacao","tag-algarve","tag-desporto","tag-educacao","tag-escola","tag-olhao"],"yoast_head":"<!-- This site is optimized with the Yoast SEO plugin v27.5 - https:\/\/yoast.com\/product\/yoast-seo-wordpress\/ -->\n<title>Desporto Escolar em Olh\u00e3o diversifica oferta com modalidades n\u00e1uticas - Algarve 7<\/title>\n<meta name=\"description\" content=\"Desporto Escolar em Olh\u00e3o diversifica oferta com modalidades n\u00e1uticas, \u201cO repto para a cria\u00e7\u00e3o desta nova val\u00eancia do desporto escolar partiu do Agrupamento de Escolas Dr. Francisco Fernandes Lopes.\" \/>\n<meta name=\"robots\" content=\"index, follow, max-snippet:-1, max-image-preview:large, max-video-preview:-1\" \/>\n<link rel=\"canonical\" href=\"https:\/\/algarve7.pt\/index.php\/2020\/10\/desporto-escolar-em-olhao-diversifica-oferta\/desporto\/18\/13\/\" \/>\n<meta property=\"og:locale\" content=\"pt_PT\" \/>\n<meta property=\"og:type\" content=\"article\" \/>\n<meta property=\"og:title\" content=\"Desporto Escolar em Olh\u00e3o diversifica oferta com modalidades n\u00e1uticas - Algarve 7\" \/>\n<meta property=\"og:description\" content=\"Desporto Escolar em Olh\u00e3o diversifica oferta com modalidades n\u00e1uticas, \u201cO repto para a cria\u00e7\u00e3o desta nova val\u00eancia do desporto escolar partiu do Agrupamento de Escolas Dr. Francisco Fernandes Lopes.\" \/>\n<meta property=\"og:url\" content=\"https:\/\/algarve7.pt\/index.php\/2020\/10\/desporto-escolar-em-olhao-diversifica-oferta\/desporto\/18\/13\/\" \/>\n<meta property=\"og:site_name\" content=\"Algarve 7\" \/>\n<meta property=\"article:publisher\" content=\"https:\/\/www.facebook.com\/algarve7\" \/>\n<meta property=\"article:author\" content=\"https:\/\/www.facebook.com\/algarve7\" \/>\n<meta property=\"article:published_time\" content=\"2020-10-22T17:13:08+00:00\" \/>\n<meta property=\"article:modified_time\" content=\"2020-10-22T17:13:09+00:00\" \/>\n<meta property=\"og:image\" content=\"https:\/\/algarve7.pt\/wp-content\/uploads\/2020\/10\/2020-122-centro-formacao-desportiva-fuseta-01.jpg\" \/>\n\t<meta property=\"og:image:width\" content=\"1500\" \/>\n\t<meta property=\"og:image:height\" content=\"1000\" \/>\n\t<meta property=\"og:image:type\" content=\"image\/jpeg\" \/>\n<meta name=\"author\" content=\"Algarve 7\" \/>\n<meta name=\"twitter:card\" content=\"summary_large_image\" \/>\n<meta name=\"twitter:creator\" content=\"@Algarvesete\" \/>\n<meta name=\"twitter:site\" content=\"@Algarvesete\" \/>\n<meta name=\"twitter:label1\" content=\"Escrito por\" \/>\n\t<meta name=\"twitter:data1\" content=\"Algarve 7\" \/>\n\t<meta name=\"twitter:label2\" content=\"Tempo estimado de leitura\" \/>\n\t<meta name=\"twitter:data2\" content=\"1 minuto\" \/>\n<script type=\"application\/ld+json\" class=\"yoast-schema-graph\">{\"@context\":\"https:\\\/\\\/schema.org\",\"@graph\":[{\"@type\":\"Article\",\"@id\":\"https:\\\/\\\/algarve7.pt\\\/index.php\\\/2020\\\/10\\\/desporto-escolar-em-olhao-diversifica-oferta\\\/desporto\\\/18\\\/13\\\/#article\",\"isPartOf\":{\"@id\":\"https:\\\/\\\/algarve7.pt\\\/index.php\\\/2020\\\/10\\\/desporto-escolar-em-olhao-diversifica-oferta\\\/desporto\\\/18\\\/13\\\/\"},\"author\":{\"name\":\"Algarve 7\",\"@id\":\"https:\\\/\\\/algarve7.pt\\\/#\\\/schema\\\/person\\\/23fa70681308e7b319a3204bcea45e0c\"},\"headline\":\"Desporto Escolar em Olh\u00e3o diversifica oferta com modalidades n\u00e1uticas\",\"datePublished\":\"2020-10-22T17:13:08+00:00\",\"dateModified\":\"2020-10-22T17:13:09+00:00\",\"mainEntityOfPage\":{\"@id\":\"https:\\\/\\\/algarve7.pt\\\/index.php\\\/2020\\\/10\\\/desporto-escolar-em-olhao-diversifica-oferta\\\/desporto\\\/18\\\/13\\\/\"},\"wordCount\":275,\"publisher\":{\"@id\":\"https:\\\/\\\/algarve7.pt\\\/#organization\"},\"image\":{\"@id\":\"https:\\\/\\\/algarve7.pt\\\/index.php\\\/2020\\\/10\\\/desporto-escolar-em-olhao-diversifica-oferta\\\/desporto\\\/18\\\/13\\\/#primaryimage\"},\"thumbnailUrl\":\"https:\\\/\\\/algarve7.pt\\\/wp-content\\\/uploads\\\/2020\\\/10\\\/2020-122-centro-formacao-desportiva-fuseta-01.jpg\",\"keywords\":[\"Algarve\",\"Desporto\",\"Educa\u00e7\u00e3o\",\"Escola\",\"Olh\u00e3o\"],\"articleSection\":[\"Desporto\",\"Educa\u00e7\u00e3o\"],\"inLanguage\":\"pt-PT\"},{\"@type\":\"WebPage\",\"@id\":\"https:\\\/\\\/algarve7.pt\\\/index.php\\\/2020\\\/10\\\/desporto-escolar-em-olhao-diversifica-oferta\\\/desporto\\\/18\\\/13\\\/\",\"url\":\"https:\\\/\\\/algarve7.pt\\\/index.php\\\/2020\\\/10\\\/desporto-escolar-em-olhao-diversifica-oferta\\\/desporto\\\/18\\\/13\\\/\",\"name\":\"Desporto Escolar em Olh\u00e3o diversifica oferta com modalidades n\u00e1uticas - Algarve 7\",\"isPartOf\":{\"@id\":\"https:\\\/\\\/algarve7.pt\\\/#website\"},\"primaryImageOfPage\":{\"@id\":\"https:\\\/\\\/algarve7.pt\\\/index.php\\\/2020\\\/10\\\/desporto-escolar-em-olhao-diversifica-oferta\\\/desporto\\\/18\\\/13\\\/#primaryimage\"},\"image\":{\"@id\":\"https:\\\/\\\/algarve7.pt\\\/index.php\\\/2020\\\/10\\\/desporto-escolar-em-olhao-diversifica-oferta\\\/desporto\\\/18\\\/13\\\/#primaryimage\"},\"thumbnailUrl\":\"https:\\\/\\\/algarve7.pt\\\/wp-content\\\/uploads\\\/2020\\\/10\\\/2020-122-centro-formacao-desportiva-fuseta-01.jpg\",\"datePublished\":\"2020-10-22T17:13:08+00:00\",\"dateModified\":\"2020-10-22T17:13:09+00:00\",\"description\":\"Desporto Escolar em Olh\u00e3o diversifica oferta com modalidades n\u00e1uticas, \u201cO repto para a cria\u00e7\u00e3o desta nova val\u00eancia do desporto escolar partiu do Agrupamento de Escolas Dr. Francisco Fernandes Lopes.\",\"breadcrumb\":{\"@id\":\"https:\\\/\\\/algarve7.pt\\\/index.php\\\/2020\\\/10\\\/desporto-escolar-em-olhao-diversifica-oferta\\\/desporto\\\/18\\\/13\\\/#breadcrumb\"},\"inLanguage\":\"pt-PT\",\"potentialAction\":[{\"@type\":\"ReadAction\",\"target\":[\"https:\\\/\\\/algarve7.pt\\\/index.php\\\/2020\\\/10\\\/desporto-escolar-em-olhao-diversifica-oferta\\\/desporto\\\/18\\\/13\\\/\"]}]},{\"@type\":\"ImageObject\",\"inLanguage\":\"pt-PT\",\"@id\":\"https:\\\/\\\/algarve7.pt\\\/index.php\\\/2020\\\/10\\\/desporto-escolar-em-olhao-diversifica-oferta\\\/desporto\\\/18\\\/13\\\/#primaryimage\",\"url\":\"https:\\\/\\\/algarve7.pt\\\/wp-content\\\/uploads\\\/2020\\\/10\\\/2020-122-centro-formacao-desportiva-fuseta-01.jpg\",\"contentUrl\":\"https:\\\/\\\/algarve7.pt\\\/wp-content\\\/uploads\\\/2020\\\/10\\\/2020-122-centro-formacao-desportiva-fuseta-01.jpg\",\"width\":1500,\"height\":1000},{\"@type\":\"BreadcrumbList\",\"@id\":\"https:\\\/\\\/algarve7.pt\\\/index.php\\\/2020\\\/10\\\/desporto-escolar-em-olhao-diversifica-oferta\\\/desporto\\\/18\\\/13\\\/#breadcrumb\",\"itemListElement\":[{\"@type\":\"ListItem\",\"position\":1,\"name\":\"In\u00edcio\",\"item\":\"https:\\\/\\\/algarve7.pt\\\/\"},{\"@type\":\"ListItem\",\"position\":2,\"name\":\"Desporto Escolar em Olh\u00e3o diversifica oferta com modalidades n\u00e1uticas\"}]},{\"@type\":\"WebSite\",\"@id\":\"https:\\\/\\\/algarve7.pt\\\/#website\",\"url\":\"https:\\\/\\\/algarve7.pt\\\/\",\"name\":\"Algarve 7\",\"description\":\"Informa\u00e7\u00e3o sobre o Algarve\",\"publisher\":{\"@id\":\"https:\\\/\\\/algarve7.pt\\\/#organization\"},\"potentialAction\":[{\"@type\":\"SearchAction\",\"target\":{\"@type\":\"EntryPoint\",\"urlTemplate\":\"https:\\\/\\\/algarve7.pt\\\/?s={search_term_string}\"},\"query-input\":{\"@type\":\"PropertyValueSpecification\",\"valueRequired\":true,\"valueName\":\"search_term_string\"}}],\"inLanguage\":\"pt-PT\"},{\"@type\":\"Organization\",\"@id\":\"https:\\\/\\\/algarve7.pt\\\/#organization\",\"name\":\"Algarve 7\",\"url\":\"https:\\\/\\\/algarve7.pt\\\/\",\"logo\":{\"@type\":\"ImageObject\",\"inLanguage\":\"pt-PT\",\"@id\":\"https:\\\/\\\/algarve7.pt\\\/#\\\/schema\\\/logo\\\/image\\\/\",\"url\":\"https:\\\/\\\/algarve7.pt\\\/wp-content\\\/uploads\\\/2020\\\/10\\\/Logo-8.jpg\",\"contentUrl\":\"https:\\\/\\\/algarve7.pt\\\/wp-content\\\/uploads\\\/2020\\\/10\\\/Logo-8.jpg\",\"width\":1680,\"height\":1186,\"caption\":\"Algarve 7\"},\"image\":{\"@id\":\"https:\\\/\\\/algarve7.pt\\\/#\\\/schema\\\/logo\\\/image\\\/\"},\"sameAs\":[\"https:\\\/\\\/www.facebook.com\\\/algarve7\",\"https:\\\/\\\/x.com\\\/Algarvesete\",\"https:\\\/\\\/www.instagram.com\\\/jornalalgarve7\\\/\",\"https:\\\/\\\/www.linkedin.com\\\/company\\\/algarve7\",\"https:\\\/\\\/www.pinterest.pt\\\/geral0939\\\/_created\\\/\"]},{\"@type\":\"Person\",\"@id\":\"https:\\\/\\\/algarve7.pt\\\/#\\\/schema\\\/person\\\/23fa70681308e7b319a3204bcea45e0c\",\"name\":\"Algarve 7\",\"sameAs\":[\"https:\\\/\\\/algarve7.pt\",\"https:\\\/\\\/www.facebook.com\\\/algarve7\"],\"url\":\"https:\\\/\\\/algarve7.pt\\\/index.php\\\/author\\\/geralalgarve7-pt\\\/\"}]}<\/script>\n<!-- \/ Yoast SEO plugin. -->","yoast_head_json":{"title":"Desporto Escolar em Olh\u00e3o diversifica oferta com modalidades n\u00e1uticas - Algarve 7","description":"Desporto Escolar em Olh\u00e3o diversifica oferta com modalidades n\u00e1uticas, \u201cO repto para a cria\u00e7\u00e3o desta nova val\u00eancia do desporto escolar partiu do Agrupamento de Escolas Dr. Francisco Fernandes Lopes.","robots":{"index":"index","follow":"follow","max-snippet":"max-snippet:-1","max-image-preview":"max-image-preview:large","max-video-preview":"max-video-preview:-1"},"canonical":"https:\/\/algarve7.pt\/index.php\/2020\/10\/desporto-escolar-em-olhao-diversifica-oferta\/desporto\/18\/13\/","og_locale":"pt_PT","og_type":"article","og_title":"Desporto Escolar em Olh\u00e3o diversifica oferta com modalidades n\u00e1uticas - Algarve 7","og_description":"Desporto Escolar em Olh\u00e3o diversifica oferta com modalidades n\u00e1uticas, \u201cO repto para a cria\u00e7\u00e3o desta nova val\u00eancia do desporto escolar partiu do Agrupamento de Escolas Dr. Francisco Fernandes Lopes.","og_url":"https:\/\/algarve7.pt\/index.php\/2020\/10\/desporto-escolar-em-olhao-diversifica-oferta\/desporto\/18\/13\/","og_site_name":"Algarve 7","article_publisher":"https:\/\/www.facebook.com\/algarve7","article_author":"https:\/\/www.facebook.com\/algarve7","article_published_time":"2020-10-22T17:13:08+00:00","article_modified_time":"2020-10-22T17:13:09+00:00","og_image":[{"width":1500,"height":1000,"url":"https:\/\/algarve7.pt\/wp-content\/uploads\/2020\/10\/2020-122-centro-formacao-desportiva-fuseta-01.jpg","type":"image\/jpeg"}],"author":"Algarve 7","twitter_card":"summary_large_image","twitter_creator":"@Algarvesete","twitter_site":"@Algarvesete","twitter_misc":{"Escrito por":"Algarve 7","Tempo estimado de leitura":"1 minuto"},"schema":{"@context":"https:\/\/schema.org","@graph":[{"@type":"Article","@id":"https:\/\/algarve7.pt\/index.php\/2020\/10\/desporto-escolar-em-olhao-diversifica-oferta\/desporto\/18\/13\/#article","isPartOf":{"@id":"https:\/\/algarve7.pt\/index.php\/2020\/10\/desporto-escolar-em-olhao-diversifica-oferta\/desporto\/18\/13\/"},"author":{"name":"Algarve 7","@id":"https:\/\/algarve7.pt\/#\/schema\/person\/23fa70681308e7b319a3204bcea45e0c"},"headline":"Desporto Escolar em Olh\u00e3o diversifica oferta com modalidades n\u00e1uticas","datePublished":"2020-10-22T17:13:08+00:00","dateModified":"2020-10-22T17:13:09+00:00","mainEntityOfPage":{"@id":"https:\/\/algarve7.pt\/index.php\/2020\/10\/desporto-escolar-em-olhao-diversifica-oferta\/desporto\/18\/13\/"},"wordCount":275,"publisher":{"@id":"https:\/\/algarve7.pt\/#organization"},"image":{"@id":"https:\/\/algarve7.pt\/index.php\/2020\/10\/desporto-escolar-em-olhao-diversifica-oferta\/desporto\/18\/13\/#primaryimage"},"thumbnailUrl":"https:\/\/algarve7.pt\/wp-content\/uploads\/2020\/10\/2020-122-centro-formacao-desportiva-fuseta-01.jpg","keywords":["Algarve","Desporto","Educa\u00e7\u00e3o","Escola","Olh\u00e3o"],"articleSection":["Desporto","Educa\u00e7\u00e3o"],"inLanguage":"pt-PT"},{"@type":"WebPage","@id":"https:\/\/algarve7.pt\/index.php\/2020\/10\/desporto-escolar-em-olhao-diversifica-oferta\/desporto\/18\/13\/","url":"https:\/\/algarve7.pt\/index.php\/2020\/10\/desporto-escolar-em-olhao-diversifica-oferta\/desporto\/18\/13\/","name":"Desporto Escolar em Olh\u00e3o diversifica oferta com modalidades n\u00e1uticas - Algarve 7","isPartOf":{"@id":"https:\/\/algarve7.pt\/#website"},"primaryImageOfPage":{"@id":"https:\/\/algarve7.pt\/index.php\/2020\/10\/desporto-escolar-em-olhao-diversifica-oferta\/desporto\/18\/13\/#primaryimage"},"image":{"@id":"https:\/\/algarve7.pt\/index.php\/2020\/10\/desporto-escolar-em-olhao-diversifica-oferta\/desporto\/18\/13\/#primaryimage"},"thumbnailUrl":"https:\/\/algarve7.pt\/wp-content\/uploads\/2020\/10\/2020-122-centro-formacao-desportiva-fuseta-01.jpg","datePublished":"2020-10-22T17:13:08+00:00","dateModified":"2020-10-22T17:13:09+00:00","description":"Desporto Escolar em Olh\u00e3o diversifica oferta com modalidades n\u00e1uticas, \u201cO repto para a cria\u00e7\u00e3o desta nova val\u00eancia do desporto escolar partiu do Agrupamento de Escolas Dr. Francisco Fernandes Lopes.","breadcrumb":{"@id":"https:\/\/algarve7.pt\/index.php\/2020\/10\/desporto-escolar-em-olhao-diversifica-oferta\/desporto\/18\/13\/#breadcrumb"},"inLanguage":"pt-PT","potentialAction":[{"@type":"ReadAction","target":["https:\/\/algarve7.pt\/index.php\/2020\/10\/desporto-escolar-em-olhao-diversifica-oferta\/desporto\/18\/13\/"]}]},{"@type":"ImageObject","inLanguage":"pt-PT","@id":"https:\/\/algarve7.pt\/index.php\/2020\/10\/desporto-escolar-em-olhao-diversifica-oferta\/desporto\/18\/13\/#primaryimage","url":"https:\/\/algarve7.pt\/wp-content\/uploads\/2020\/10\/2020-122-centro-formacao-desportiva-fuseta-01.jpg","contentUrl":"https:\/\/algarve7.pt\/wp-content\/uploads\/2020\/10\/2020-122-centro-formacao-desportiva-fuseta-01.jpg","width":1500,"height":1000},{"@type":"BreadcrumbList","@id":"https:\/\/algarve7.pt\/index.php\/2020\/10\/desporto-escolar-em-olhao-diversifica-oferta\/desporto\/18\/13\/#breadcrumb","itemListElement":[{"@type":"ListItem","position":1,"name":"In\u00edcio","item":"https:\/\/algarve7.pt\/"},{"@type":"ListItem","position":2,"name":"Desporto Escolar em Olh\u00e3o diversifica oferta com modalidades n\u00e1uticas"}]},{"@type":"WebSite","@id":"https:\/\/algarve7.pt\/#website","url":"https:\/\/algarve7.pt\/","name":"Algarve 7","description":"Informa\u00e7\u00e3o sobre o Algarve","publisher":{"@id":"https:\/\/algarve7.pt\/#organization"},"potentialAction":[{"@type":"SearchAction","target":{"@type":"EntryPoint","urlTemplate":"https:\/\/algarve7.pt\/?s={search_term_string}"},"query-input":{"@type":"PropertyValueSpecification","valueRequired":true,"valueName":"search_term_string"}}],"inLanguage":"pt-PT"},{"@type":"Organization","@id":"https:\/\/algarve7.pt\/#organization","name":"Algarve 7","url":"https:\/\/algarve7.pt\/","logo":{"@type":"ImageObject","inLanguage":"pt-PT","@id":"https:\/\/algarve7.pt\/#\/schema\/logo\/image\/","url":"https:\/\/algarve7.pt\/wp-content\/uploads\/2020\/10\/Logo-8.jpg","contentUrl":"https:\/\/algarve7.pt\/wp-content\/uploads\/2020\/10\/Logo-8.jpg","width":1680,"height":1186,"caption":"Algarve 7"},"image":{"@id":"https:\/\/algarve7.pt\/#\/schema\/logo\/image\/"},"sameAs":["https:\/\/www.facebook.com\/algarve7","https:\/\/x.com\/Algarvesete","https:\/\/www.instagram.com\/jornalalgarve7\/","https:\/\/www.linkedin.com\/company\/algarve7","https:\/\/www.pinterest.pt\/geral0939\/_created\/"]},{"@type":"Person","@id":"https:\/\/algarve7.pt\/#\/schema\/person\/23fa70681308e7b319a3204bcea45e0c","name":"Algarve 7","sameAs":["https:\/\/algarve7.pt","https:\/\/www.facebook.com\/algarve7"],"url":"https:\/\/algarve7.pt\/index.php\/author\/geralalgarve7-pt\/"}]}},"jetpack_publicize_connections":[],"jetpack_featured_media_url":"https:\/\/algarve7.pt\/wp-content\/uploads\/2020\/10\/2020-122-centro-formacao-desportiva-fuseta-01.jpg","jetpack_shortlink":"https:\/\/wp.me\/pcezmW-Jx","jetpack_sharing_enabled":true,"_links":{"self":[{"href":"https:\/\/algarve7.pt\/index.php\/wp-json\/wp\/v2\/posts\/2823","targetHints":{"allow":["GET"]}}],"collection":[{"href":"https:\/\/algarve7.pt\/index.php\/wp-json\/wp\/v2\/posts"}],"about":[{"href":"https:\/\/algarve7.pt\/index.php\/wp-json\/wp\/v2\/types\/post"}],"author":[{"embeddable":true,"href":"https:\/\/algarve7.pt\/index.php\/wp-json\/wp\/v2\/users\/1"}],"replies":[{"embeddable":true,"href":"https:\/\/algarve7.pt\/index.php\/wp-json\/wp\/v2\/comments?post=2823"}],"version-history":[{"count":0,"href":"https:\/\/algarve7.pt\/index.php\/wp-json\/wp\/v2\/posts\/2823\/revisions"}],"wp:featuredmedia":[{"embeddable":true,"href":"https:\/\/algarve7.pt\/index.php\/wp-json\/wp\/v2\/media\/2824"}],"wp:attachment":[{"href":"https:\/\/algarve7.pt\/index.php\/wp-json\/wp\/v2\/media?parent=2823"}],"wp:term":[{"taxonomy":"category","embeddable":true,"href":"https:\/\/algarve7.pt\/index.php\/wp-json\/wp\/v2\/categories?post=2823"},{"taxonomy":"post_tag","embeddable":true,"href":"https:\/\/algarve7.pt\/index.php\/wp-json\/wp\/v2\/tags?post=2823"}],"curies":[{"name":"wp","href":"https:\/\/api.w.org\/{rel}","templated":true}]}}