{"id":28084,"date":"2023-05-25T12:15:00","date_gmt":"2023-05-25T11:15:00","guid":{"rendered":"https:\/\/algarve7.pt\/?p=28084"},"modified":"2023-05-24T10:47:11","modified_gmt":"2023-05-24T09:47:11","slug":"almancil-da-nome-de-joao-martins-hermes-alberto-e-volker-huber-a-ruas-da-freguesia","status":"publish","type":"post","link":"https:\/\/algarve7.pt\/index.php\/2023\/05\/almancil-da-nome-de-joao-martins-hermes-alberto-e-volker-huber-a-ruas-da-freguesia\/atualidade\/12\/15\/","title":{"rendered":"Almancil d\u00e1 nome de Jo\u00e3o Martins, Hermes Alberto e Volker Huber a ruas da freguesia"},"content":{"rendered":"\n<p>Almancil celebrou no passado s\u00e1bado a vida e obra de tr\u00eas personalidades que marcaram esta terra, com o descerramento de placas topon\u00edmicas com os nomes de Jo\u00e3o Martins, Hermes Alberto e Volker Huber em art\u00e9rias da freguesia.<\/p>\n\n\n\n<p>Familiares, amigos e muitos almancilenses juntaram-se para descerrar a placa topon\u00edmica com o nome do antigo presidente da Junta de Freguesia de Almancil, Jo\u00e3o Martins. Localizada entre a ASCA, a associa\u00e7\u00e3o de que foi fundador e presidente, e a Rotunda do Emigrante, tamb\u00e9m por ele idealizada, \u00e9 aqui que ficar\u00e1 perpetuada a mem\u00f3ria de um dos mais queridos filhos de Almancil e que tanto contribuiu para o\u201d progresso r\u00e1pido que teve nas \u00faltimas tr\u00eas d\u00e9cadas\u201d esta vila, muito em breve cidade.<\/p>\n\n\n\n<p>Os amigos e camaradas salientaram o papel que Jo\u00e3o Martins teve em muitas obras desta freguesia. \u201cMoveu montanhas, trilhou caminhos, noites sem dormir, saindo do conforto familiar, para realizar algo social para a freguesia e suas gentes\u201d, disse Dora Olival, membro do executivo da Junta. E foi o pr\u00f3prio filho, Alexandre Martins, que de forma muito emocionada, real\u00e7ou o facto de ter sido sempre um homem dedicado \u00e0 causa p\u00fablica, \u201cviveu uma vida inteira para Almancil, colocando muitas vezes em segundo plano a vida pessoal\u201d.<\/p>\n\n\n\n<p>De entre a obra feita, o atual presidente da Junta, Joaquim Pinto, referiu, a par da ASCA, a amplia\u00e7\u00e3o do Cemit\u00e9rio de Almancil como um legado deste homem que pensou sempre nas necessidades da comunidade. Tamb\u00e9m o colecionismo e as antiguidades fizeram parte da vida de Jo\u00e3o Martins e, como tal, pretende agora a Junta criar um espa\u00e7o museol\u00f3gico para colocar todo esse esp\u00f3lio.<\/p>\n\n\n\n<p>A par da obra feita, o presidente V\u00edtor Aleixo destacou o facto de ter sido uma pessoa \u201cdedicado \u00e0 cultura popular e que valorizava n\u00e3o apenas as coisas materiais, mas o povo, foi um homem que soube olhar para esse valor\u201d. S\u00e3o in\u00fameras as suas publica\u00e7\u00f5es, iniciativas como exposi\u00e7\u00f5es ou confer\u00eancias por si promovidas. \u201cFoi um homem multifacetado, um homem rico e que enriqueceu esta terra. Trabalhou sempre com Almancil no cora\u00e7\u00e3o, sem nunca esquecer o mundo \u00e0 sua volta, e soube estabelecer essa liga\u00e7\u00e3o org\u00e2nica entre o local e o universal\u201d, recordou ainda o autarca.<\/p>\n\n\n\n<p>A rua junto \u00e0 ASCA, denomina-se agora Rua Hermes Alberto, um dos seus presidentes.<\/p>\n\n\n\n<p>Tamb\u00e9m ele com uma vida comunit\u00e1ria e pol\u00edtica ligada a Almancil, Hermes Alberto faleceu em 2020, numa altura em que exercia as fun\u00e7\u00f5es de presidente desta associa\u00e7\u00e3o social e cultural. &nbsp;<\/p>\n\n\n\n<p>\u201cUm homem com um esp\u00edrito solid\u00e1rio, sempre pronto a ajudar o pr\u00f3ximo\u201d, foram as palavras dos familiares. Mas os autarcas Joaquim Pinto e V\u00edtor Aleixo, referiram a liga\u00e7\u00e3o do homenageado \u00e0 comunidade estrangeira de Almancil, n\u00e3o s\u00f3 por ele pr\u00f3prio ter sido emigrante na Alemanha, mas tamb\u00e9m por ter sido respons\u00e1vel pela seguran\u00e7a na administra\u00e7\u00e3o da Quinta do Lago. \u201cUm filho que engrandeceu muito esta comunidade, foi um trabalhador incans\u00e1vel pelo desenvolvimento de Almancil e era uma mais-valia desta terra, foi um engenheiro de um territ\u00f3rio coeso, que fez a ponte entre os residentes estrangeiros e os poderes p\u00fablicos e a comunidade local\u201d.<\/p>\n\n\n\n<p>Para encerrar a manh\u00e3, em S. Louren\u00e7o, junto \u00e0 ic\u00f3nica igreja e em frente ao antigo Centro Cultural de S. Louren\u00e7o, foi a vez de ser descerrada a placa com o nome do alem\u00e3o Volker Huber, fundador (em 1981) e diretor deste prestigiado espa\u00e7o, at\u00e9 \u00e0 sua morte (em 2004).<\/p>\n\n\n\n<p>A esposa, Marie Huber, que com ele esteve \u00e0 frente do Centro Cultural, lembrou a sua chagada ao nosso pa\u00eds. \u201cFoi aqui que vivemos e trabalh\u00e1mos mais de 30 anos. Quando mud\u00e1mos da Alemanha para Portugal, foi para realizar um sonho: criar um lugar de encontro entre pessoas interessadas na arte e na cultura, entre os artistas e o p\u00fablico. O Centro Cultural de S. Louren\u00e7o proporcionou esse lugar\u201d, disse Marie.<\/p>\n\n\n\n<p>O presidente da Junta falou do papel que este Centro teve \u201cna promo\u00e7\u00e3o de Almancil e de S. Louren\u00e7o pelo mundo das artes e da cultura\u201d. \u201cOs habitantes choram bastante o facto de ter terminado a sua atividade!\u201d, notou.<\/p>\n\n\n\n<p>J\u00e1 V\u00edtor Aleixo recordou os muitos artistas que por aqui passaram, entre pintores, escritores, m\u00fasicos, com destaque para o Pr\u00e9mio Nobel da Literatura, o alem\u00e3o G\u00fcnter Grass, visita habitual do espa\u00e7o \u201ce que era sempre not\u00edcia\u201d. \u201cO Centro Cultural veio acrescentar beleza e cultura a um lugar que j\u00e1 tinha esses valores tratados de uma forma suprema, na Igreja que se encontra a poucos metros\u201d, disse ainda o autarca de Loul\u00e9.<\/p>\n","protected":false},"excerpt":{"rendered":"<p>Almancil celebrou no passado s\u00e1bado a vida e obra de tr\u00eas personalidades que marcaram esta terra, com o descerramento de<\/p>\n","protected":false},"author":1,"featured_media":28085,"comment_status":"closed","ping_status":"open","sticky":false,"template":"","format":"standard","meta":{"colormag_page_container_layout":"default_layout","colormag_page_sidebar_layout":"default_layout","_monsterinsights_skip_tracking":false,"_monsterinsights_sitenote_active":false,"_monsterinsights_sitenote_note":"","_monsterinsights_sitenote_category":0,"jetpack_post_was_ever_published":false,"_jetpack_newsletter_access":"","_jetpack_dont_email_post_to_subs":false,"_jetpack_newsletter_tier_id":0,"_jetpack_memberships_contains_paywalled_content":false,"_jetpack_memberships_contains_paid_content":false,"footnotes":"","jetpack_publicize_message":"","jetpack_publicize_feature_enabled":true,"jetpack_social_post_already_shared":true,"jetpack_social_options":{"image_generator_settings":{"template":"highway","default_image_id":0,"font":"","enabled":false},"version":2}},"categories":[11],"tags":[36,86,62],"class_list":["post-28084","post","type-post","status-publish","format-standard","has-post-thumbnail","hentry","category-atualidade","tag-algarve","tag-almancil","tag-atualidade"],"yoast_head":"<!-- This site is optimized with the Yoast SEO plugin v27.5 - https:\/\/yoast.com\/product\/yoast-seo-wordpress\/ -->\n<title>Almancil d\u00e1 nome de Jo\u00e3o Martins, Hermes Alberto e Volker Huber a ruas da freguesia - Algarve 7<\/title>\n<meta name=\"description\" content=\"Almancil d\u00e1 nome de Jo\u00e3o Martins, Hermes Alberto e Volker Huber a ruas da freguesia Atualidade\" \/>\n<meta name=\"robots\" content=\"index, follow, max-snippet:-1, max-image-preview:large, max-video-preview:-1\" \/>\n<link rel=\"canonical\" href=\"https:\/\/algarve7.pt\/index.php\/2023\/05\/almancil-da-nome-de-joao-martins-hermes-alberto-e-volker-huber-a-ruas-da-freguesia\/atualidade\/12\/15\/\" \/>\n<meta property=\"og:locale\" content=\"pt_PT\" \/>\n<meta property=\"og:type\" content=\"article\" \/>\n<meta property=\"og:title\" content=\"Almancil d\u00e1 nome de Jo\u00e3o Martins, Hermes Alberto e Volker Huber a ruas da freguesia - Algarve 7\" \/>\n<meta property=\"og:description\" content=\"Almancil d\u00e1 nome de Jo\u00e3o Martins, Hermes Alberto e Volker Huber a ruas da freguesia Atualidade\" \/>\n<meta property=\"og:url\" content=\"https:\/\/algarve7.pt\/index.php\/2023\/05\/almancil-da-nome-de-joao-martins-hermes-alberto-e-volker-huber-a-ruas-da-freguesia\/atualidade\/12\/15\/\" \/>\n<meta property=\"og:site_name\" content=\"Algarve 7\" \/>\n<meta property=\"article:publisher\" content=\"https:\/\/www.facebook.com\/algarve7\" \/>\n<meta property=\"article:author\" content=\"https:\/\/www.facebook.com\/algarve7\" \/>\n<meta property=\"article:published_time\" content=\"2023-05-25T11:15:00+00:00\" \/>\n<meta property=\"og:image\" content=\"https:\/\/algarve7.pt\/wp-content\/uploads\/2023\/05\/Descerramento-placas-em-Almancil-20-05-2023-4.jpg\" \/>\n\t<meta property=\"og:image:width\" content=\"1024\" \/>\n\t<meta property=\"og:image:height\" content=\"683\" \/>\n\t<meta property=\"og:image:type\" content=\"image\/jpeg\" \/>\n<meta name=\"author\" content=\"Algarve 7\" \/>\n<meta name=\"twitter:card\" content=\"summary_large_image\" \/>\n<meta name=\"twitter:creator\" content=\"@Algarvesete\" \/>\n<meta name=\"twitter:site\" content=\"@Algarvesete\" \/>\n<meta name=\"twitter:label1\" content=\"Escrito por\" \/>\n\t<meta name=\"twitter:data1\" content=\"Algarve 7\" \/>\n\t<meta name=\"twitter:label2\" content=\"Tempo estimado de leitura\" \/>\n\t<meta name=\"twitter:data2\" content=\"5 minutos\" \/>\n<script type=\"application\/ld+json\" class=\"yoast-schema-graph\">{\"@context\":\"https:\\\/\\\/schema.org\",\"@graph\":[{\"@type\":\"Article\",\"@id\":\"https:\\\/\\\/algarve7.pt\\\/index.php\\\/2023\\\/05\\\/almancil-da-nome-de-joao-martins-hermes-alberto-e-volker-huber-a-ruas-da-freguesia\\\/atualidade\\\/12\\\/15\\\/#article\",\"isPartOf\":{\"@id\":\"https:\\\/\\\/algarve7.pt\\\/index.php\\\/2023\\\/05\\\/almancil-da-nome-de-joao-martins-hermes-alberto-e-volker-huber-a-ruas-da-freguesia\\\/atualidade\\\/12\\\/15\\\/\"},\"author\":{\"name\":\"Algarve 7\",\"@id\":\"https:\\\/\\\/algarve7.pt\\\/#\\\/schema\\\/person\\\/23fa70681308e7b319a3204bcea45e0c\"},\"headline\":\"Almancil d\u00e1 nome de Jo\u00e3o Martins, Hermes Alberto e Volker Huber a ruas da freguesia\",\"datePublished\":\"2023-05-25T11:15:00+00:00\",\"mainEntityOfPage\":{\"@id\":\"https:\\\/\\\/algarve7.pt\\\/index.php\\\/2023\\\/05\\\/almancil-da-nome-de-joao-martins-hermes-alberto-e-volker-huber-a-ruas-da-freguesia\\\/atualidade\\\/12\\\/15\\\/\"},\"wordCount\":817,\"publisher\":{\"@id\":\"https:\\\/\\\/algarve7.pt\\\/#organization\"},\"image\":{\"@id\":\"https:\\\/\\\/algarve7.pt\\\/index.php\\\/2023\\\/05\\\/almancil-da-nome-de-joao-martins-hermes-alberto-e-volker-huber-a-ruas-da-freguesia\\\/atualidade\\\/12\\\/15\\\/#primaryimage\"},\"thumbnailUrl\":\"https:\\\/\\\/algarve7.pt\\\/wp-content\\\/uploads\\\/2023\\\/05\\\/Descerramento-placas-em-Almancil-20-05-2023-4.jpg\",\"keywords\":[\"Algarve\",\"Almancil\",\"Atualidade\"],\"articleSection\":[\"Atualidade\"],\"inLanguage\":\"pt-PT\"},{\"@type\":\"WebPage\",\"@id\":\"https:\\\/\\\/algarve7.pt\\\/index.php\\\/2023\\\/05\\\/almancil-da-nome-de-joao-martins-hermes-alberto-e-volker-huber-a-ruas-da-freguesia\\\/atualidade\\\/12\\\/15\\\/\",\"url\":\"https:\\\/\\\/algarve7.pt\\\/index.php\\\/2023\\\/05\\\/almancil-da-nome-de-joao-martins-hermes-alberto-e-volker-huber-a-ruas-da-freguesia\\\/atualidade\\\/12\\\/15\\\/\",\"name\":\"Almancil d\u00e1 nome de Jo\u00e3o Martins, Hermes Alberto e Volker Huber a ruas da freguesia - Algarve 7\",\"isPartOf\":{\"@id\":\"https:\\\/\\\/algarve7.pt\\\/#website\"},\"primaryImageOfPage\":{\"@id\":\"https:\\\/\\\/algarve7.pt\\\/index.php\\\/2023\\\/05\\\/almancil-da-nome-de-joao-martins-hermes-alberto-e-volker-huber-a-ruas-da-freguesia\\\/atualidade\\\/12\\\/15\\\/#primaryimage\"},\"image\":{\"@id\":\"https:\\\/\\\/algarve7.pt\\\/index.php\\\/2023\\\/05\\\/almancil-da-nome-de-joao-martins-hermes-alberto-e-volker-huber-a-ruas-da-freguesia\\\/atualidade\\\/12\\\/15\\\/#primaryimage\"},\"thumbnailUrl\":\"https:\\\/\\\/algarve7.pt\\\/wp-content\\\/uploads\\\/2023\\\/05\\\/Descerramento-placas-em-Almancil-20-05-2023-4.jpg\",\"datePublished\":\"2023-05-25T11:15:00+00:00\",\"description\":\"Almancil d\u00e1 nome de Jo\u00e3o Martins, Hermes Alberto e Volker Huber a ruas da freguesia Atualidade\",\"breadcrumb\":{\"@id\":\"https:\\\/\\\/algarve7.pt\\\/index.php\\\/2023\\\/05\\\/almancil-da-nome-de-joao-martins-hermes-alberto-e-volker-huber-a-ruas-da-freguesia\\\/atualidade\\\/12\\\/15\\\/#breadcrumb\"},\"inLanguage\":\"pt-PT\",\"potentialAction\":[{\"@type\":\"ReadAction\",\"target\":[\"https:\\\/\\\/algarve7.pt\\\/index.php\\\/2023\\\/05\\\/almancil-da-nome-de-joao-martins-hermes-alberto-e-volker-huber-a-ruas-da-freguesia\\\/atualidade\\\/12\\\/15\\\/\"]}]},{\"@type\":\"ImageObject\",\"inLanguage\":\"pt-PT\",\"@id\":\"https:\\\/\\\/algarve7.pt\\\/index.php\\\/2023\\\/05\\\/almancil-da-nome-de-joao-martins-hermes-alberto-e-volker-huber-a-ruas-da-freguesia\\\/atualidade\\\/12\\\/15\\\/#primaryimage\",\"url\":\"https:\\\/\\\/algarve7.pt\\\/wp-content\\\/uploads\\\/2023\\\/05\\\/Descerramento-placas-em-Almancil-20-05-2023-4.jpg\",\"contentUrl\":\"https:\\\/\\\/algarve7.pt\\\/wp-content\\\/uploads\\\/2023\\\/05\\\/Descerramento-placas-em-Almancil-20-05-2023-4.jpg\",\"width\":1024,\"height\":683},{\"@type\":\"BreadcrumbList\",\"@id\":\"https:\\\/\\\/algarve7.pt\\\/index.php\\\/2023\\\/05\\\/almancil-da-nome-de-joao-martins-hermes-alberto-e-volker-huber-a-ruas-da-freguesia\\\/atualidade\\\/12\\\/15\\\/#breadcrumb\",\"itemListElement\":[{\"@type\":\"ListItem\",\"position\":1,\"name\":\"In\u00edcio\",\"item\":\"https:\\\/\\\/algarve7.pt\\\/\"},{\"@type\":\"ListItem\",\"position\":2,\"name\":\"Almancil d\u00e1 nome de Jo\u00e3o Martins, Hermes Alberto e Volker Huber a ruas da freguesia\"}]},{\"@type\":\"WebSite\",\"@id\":\"https:\\\/\\\/algarve7.pt\\\/#website\",\"url\":\"https:\\\/\\\/algarve7.pt\\\/\",\"name\":\"Algarve 7\",\"description\":\"Informa\u00e7\u00e3o sobre o Algarve\",\"publisher\":{\"@id\":\"https:\\\/\\\/algarve7.pt\\\/#organization\"},\"potentialAction\":[{\"@type\":\"SearchAction\",\"target\":{\"@type\":\"EntryPoint\",\"urlTemplate\":\"https:\\\/\\\/algarve7.pt\\\/?s={search_term_string}\"},\"query-input\":{\"@type\":\"PropertyValueSpecification\",\"valueRequired\":true,\"valueName\":\"search_term_string\"}}],\"inLanguage\":\"pt-PT\"},{\"@type\":\"Organization\",\"@id\":\"https:\\\/\\\/algarve7.pt\\\/#organization\",\"name\":\"Algarve 7\",\"url\":\"https:\\\/\\\/algarve7.pt\\\/\",\"logo\":{\"@type\":\"ImageObject\",\"inLanguage\":\"pt-PT\",\"@id\":\"https:\\\/\\\/algarve7.pt\\\/#\\\/schema\\\/logo\\\/image\\\/\",\"url\":\"https:\\\/\\\/algarve7.pt\\\/wp-content\\\/uploads\\\/2020\\\/10\\\/Logo-8.jpg\",\"contentUrl\":\"https:\\\/\\\/algarve7.pt\\\/wp-content\\\/uploads\\\/2020\\\/10\\\/Logo-8.jpg\",\"width\":1680,\"height\":1186,\"caption\":\"Algarve 7\"},\"image\":{\"@id\":\"https:\\\/\\\/algarve7.pt\\\/#\\\/schema\\\/logo\\\/image\\\/\"},\"sameAs\":[\"https:\\\/\\\/www.facebook.com\\\/algarve7\",\"https:\\\/\\\/x.com\\\/Algarvesete\",\"https:\\\/\\\/www.instagram.com\\\/jornalalgarve7\\\/\",\"https:\\\/\\\/www.linkedin.com\\\/company\\\/algarve7\",\"https:\\\/\\\/www.pinterest.pt\\\/geral0939\\\/_created\\\/\"]},{\"@type\":\"Person\",\"@id\":\"https:\\\/\\\/algarve7.pt\\\/#\\\/schema\\\/person\\\/23fa70681308e7b319a3204bcea45e0c\",\"name\":\"Algarve 7\",\"sameAs\":[\"https:\\\/\\\/algarve7.pt\",\"https:\\\/\\\/www.facebook.com\\\/algarve7\"],\"url\":\"https:\\\/\\\/algarve7.pt\\\/index.php\\\/author\\\/geralalgarve7-pt\\\/\"}]}<\/script>\n<!-- \/ Yoast SEO plugin. -->","yoast_head_json":{"title":"Almancil d\u00e1 nome de Jo\u00e3o Martins, Hermes Alberto e Volker Huber a ruas da freguesia - Algarve 7","description":"Almancil d\u00e1 nome de Jo\u00e3o Martins, Hermes Alberto e Volker Huber a ruas da freguesia Atualidade","robots":{"index":"index","follow":"follow","max-snippet":"max-snippet:-1","max-image-preview":"max-image-preview:large","max-video-preview":"max-video-preview:-1"},"canonical":"https:\/\/algarve7.pt\/index.php\/2023\/05\/almancil-da-nome-de-joao-martins-hermes-alberto-e-volker-huber-a-ruas-da-freguesia\/atualidade\/12\/15\/","og_locale":"pt_PT","og_type":"article","og_title":"Almancil d\u00e1 nome de Jo\u00e3o Martins, Hermes Alberto e Volker Huber a ruas da freguesia - Algarve 7","og_description":"Almancil d\u00e1 nome de Jo\u00e3o Martins, Hermes Alberto e Volker Huber a ruas da freguesia Atualidade","og_url":"https:\/\/algarve7.pt\/index.php\/2023\/05\/almancil-da-nome-de-joao-martins-hermes-alberto-e-volker-huber-a-ruas-da-freguesia\/atualidade\/12\/15\/","og_site_name":"Algarve 7","article_publisher":"https:\/\/www.facebook.com\/algarve7","article_author":"https:\/\/www.facebook.com\/algarve7","article_published_time":"2023-05-25T11:15:00+00:00","og_image":[{"width":1024,"height":683,"url":"https:\/\/algarve7.pt\/wp-content\/uploads\/2023\/05\/Descerramento-placas-em-Almancil-20-05-2023-4.jpg","type":"image\/jpeg"}],"author":"Algarve 7","twitter_card":"summary_large_image","twitter_creator":"@Algarvesete","twitter_site":"@Algarvesete","twitter_misc":{"Escrito por":"Algarve 7","Tempo estimado de leitura":"5 minutos"},"schema":{"@context":"https:\/\/schema.org","@graph":[{"@type":"Article","@id":"https:\/\/algarve7.pt\/index.php\/2023\/05\/almancil-da-nome-de-joao-martins-hermes-alberto-e-volker-huber-a-ruas-da-freguesia\/atualidade\/12\/15\/#article","isPartOf":{"@id":"https:\/\/algarve7.pt\/index.php\/2023\/05\/almancil-da-nome-de-joao-martins-hermes-alberto-e-volker-huber-a-ruas-da-freguesia\/atualidade\/12\/15\/"},"author":{"name":"Algarve 7","@id":"https:\/\/algarve7.pt\/#\/schema\/person\/23fa70681308e7b319a3204bcea45e0c"},"headline":"Almancil d\u00e1 nome de Jo\u00e3o Martins, Hermes Alberto e Volker Huber a ruas da freguesia","datePublished":"2023-05-25T11:15:00+00:00","mainEntityOfPage":{"@id":"https:\/\/algarve7.pt\/index.php\/2023\/05\/almancil-da-nome-de-joao-martins-hermes-alberto-e-volker-huber-a-ruas-da-freguesia\/atualidade\/12\/15\/"},"wordCount":817,"publisher":{"@id":"https:\/\/algarve7.pt\/#organization"},"image":{"@id":"https:\/\/algarve7.pt\/index.php\/2023\/05\/almancil-da-nome-de-joao-martins-hermes-alberto-e-volker-huber-a-ruas-da-freguesia\/atualidade\/12\/15\/#primaryimage"},"thumbnailUrl":"https:\/\/algarve7.pt\/wp-content\/uploads\/2023\/05\/Descerramento-placas-em-Almancil-20-05-2023-4.jpg","keywords":["Algarve","Almancil","Atualidade"],"articleSection":["Atualidade"],"inLanguage":"pt-PT"},{"@type":"WebPage","@id":"https:\/\/algarve7.pt\/index.php\/2023\/05\/almancil-da-nome-de-joao-martins-hermes-alberto-e-volker-huber-a-ruas-da-freguesia\/atualidade\/12\/15\/","url":"https:\/\/algarve7.pt\/index.php\/2023\/05\/almancil-da-nome-de-joao-martins-hermes-alberto-e-volker-huber-a-ruas-da-freguesia\/atualidade\/12\/15\/","name":"Almancil d\u00e1 nome de Jo\u00e3o Martins, Hermes Alberto e Volker Huber a ruas da freguesia - Algarve 7","isPartOf":{"@id":"https:\/\/algarve7.pt\/#website"},"primaryImageOfPage":{"@id":"https:\/\/algarve7.pt\/index.php\/2023\/05\/almancil-da-nome-de-joao-martins-hermes-alberto-e-volker-huber-a-ruas-da-freguesia\/atualidade\/12\/15\/#primaryimage"},"image":{"@id":"https:\/\/algarve7.pt\/index.php\/2023\/05\/almancil-da-nome-de-joao-martins-hermes-alberto-e-volker-huber-a-ruas-da-freguesia\/atualidade\/12\/15\/#primaryimage"},"thumbnailUrl":"https:\/\/algarve7.pt\/wp-content\/uploads\/2023\/05\/Descerramento-placas-em-Almancil-20-05-2023-4.jpg","datePublished":"2023-05-25T11:15:00+00:00","description":"Almancil d\u00e1 nome de Jo\u00e3o Martins, Hermes Alberto e Volker Huber a ruas da freguesia Atualidade","breadcrumb":{"@id":"https:\/\/algarve7.pt\/index.php\/2023\/05\/almancil-da-nome-de-joao-martins-hermes-alberto-e-volker-huber-a-ruas-da-freguesia\/atualidade\/12\/15\/#breadcrumb"},"inLanguage":"pt-PT","potentialAction":[{"@type":"ReadAction","target":["https:\/\/algarve7.pt\/index.php\/2023\/05\/almancil-da-nome-de-joao-martins-hermes-alberto-e-volker-huber-a-ruas-da-freguesia\/atualidade\/12\/15\/"]}]},{"@type":"ImageObject","inLanguage":"pt-PT","@id":"https:\/\/algarve7.pt\/index.php\/2023\/05\/almancil-da-nome-de-joao-martins-hermes-alberto-e-volker-huber-a-ruas-da-freguesia\/atualidade\/12\/15\/#primaryimage","url":"https:\/\/algarve7.pt\/wp-content\/uploads\/2023\/05\/Descerramento-placas-em-Almancil-20-05-2023-4.jpg","contentUrl":"https:\/\/algarve7.pt\/wp-content\/uploads\/2023\/05\/Descerramento-placas-em-Almancil-20-05-2023-4.jpg","width":1024,"height":683},{"@type":"BreadcrumbList","@id":"https:\/\/algarve7.pt\/index.php\/2023\/05\/almancil-da-nome-de-joao-martins-hermes-alberto-e-volker-huber-a-ruas-da-freguesia\/atualidade\/12\/15\/#breadcrumb","itemListElement":[{"@type":"ListItem","position":1,"name":"In\u00edcio","item":"https:\/\/algarve7.pt\/"},{"@type":"ListItem","position":2,"name":"Almancil d\u00e1 nome de Jo\u00e3o Martins, Hermes Alberto e Volker Huber a ruas da freguesia"}]},{"@type":"WebSite","@id":"https:\/\/algarve7.pt\/#website","url":"https:\/\/algarve7.pt\/","name":"Algarve 7","description":"Informa\u00e7\u00e3o sobre o Algarve","publisher":{"@id":"https:\/\/algarve7.pt\/#organization"},"potentialAction":[{"@type":"SearchAction","target":{"@type":"EntryPoint","urlTemplate":"https:\/\/algarve7.pt\/?s={search_term_string}"},"query-input":{"@type":"PropertyValueSpecification","valueRequired":true,"valueName":"search_term_string"}}],"inLanguage":"pt-PT"},{"@type":"Organization","@id":"https:\/\/algarve7.pt\/#organization","name":"Algarve 7","url":"https:\/\/algarve7.pt\/","logo":{"@type":"ImageObject","inLanguage":"pt-PT","@id":"https:\/\/algarve7.pt\/#\/schema\/logo\/image\/","url":"https:\/\/algarve7.pt\/wp-content\/uploads\/2020\/10\/Logo-8.jpg","contentUrl":"https:\/\/algarve7.pt\/wp-content\/uploads\/2020\/10\/Logo-8.jpg","width":1680,"height":1186,"caption":"Algarve 7"},"image":{"@id":"https:\/\/algarve7.pt\/#\/schema\/logo\/image\/"},"sameAs":["https:\/\/www.facebook.com\/algarve7","https:\/\/x.com\/Algarvesete","https:\/\/www.instagram.com\/jornalalgarve7\/","https:\/\/www.linkedin.com\/company\/algarve7","https:\/\/www.pinterest.pt\/geral0939\/_created\/"]},{"@type":"Person","@id":"https:\/\/algarve7.pt\/#\/schema\/person\/23fa70681308e7b319a3204bcea45e0c","name":"Algarve 7","sameAs":["https:\/\/algarve7.pt","https:\/\/www.facebook.com\/algarve7"],"url":"https:\/\/algarve7.pt\/index.php\/author\/geralalgarve7-pt\/"}]}},"jetpack_publicize_connections":[],"jetpack_featured_media_url":"https:\/\/algarve7.pt\/wp-content\/uploads\/2023\/05\/Descerramento-placas-em-Almancil-20-05-2023-4.jpg","jetpack_shortlink":"https:\/\/wp.me\/pcezmW-7iY","jetpack_sharing_enabled":true,"_links":{"self":[{"href":"https:\/\/algarve7.pt\/index.php\/wp-json\/wp\/v2\/posts\/28084","targetHints":{"allow":["GET"]}}],"collection":[{"href":"https:\/\/algarve7.pt\/index.php\/wp-json\/wp\/v2\/posts"}],"about":[{"href":"https:\/\/algarve7.pt\/index.php\/wp-json\/wp\/v2\/types\/post"}],"author":[{"embeddable":true,"href":"https:\/\/algarve7.pt\/index.php\/wp-json\/wp\/v2\/users\/1"}],"replies":[{"embeddable":true,"href":"https:\/\/algarve7.pt\/index.php\/wp-json\/wp\/v2\/comments?post=28084"}],"version-history":[{"count":0,"href":"https:\/\/algarve7.pt\/index.php\/wp-json\/wp\/v2\/posts\/28084\/revisions"}],"wp:featuredmedia":[{"embeddable":true,"href":"https:\/\/algarve7.pt\/index.php\/wp-json\/wp\/v2\/media\/28085"}],"wp:attachment":[{"href":"https:\/\/algarve7.pt\/index.php\/wp-json\/wp\/v2\/media?parent=28084"}],"wp:term":[{"taxonomy":"category","embeddable":true,"href":"https:\/\/algarve7.pt\/index.php\/wp-json\/wp\/v2\/categories?post=28084"},{"taxonomy":"post_tag","embeddable":true,"href":"https:\/\/algarve7.pt\/index.php\/wp-json\/wp\/v2\/tags?post=28084"}],"curies":[{"name":"wp","href":"https:\/\/api.w.org\/{rel}","templated":true}]}}