{"id":28063,"date":"2023-05-23T20:30:44","date_gmt":"2023-05-23T19:30:44","guid":{"rendered":"https:\/\/algarve7.pt\/?p=28063"},"modified":"2023-05-23T20:30:45","modified_gmt":"2023-05-23T19:30:45","slug":"albufeira-sounds-sunset-marca-a-abertura-oficial-do-verao23","status":"publish","type":"post","link":"https:\/\/algarve7.pt\/index.php\/2023\/05\/albufeira-sounds-sunset-marca-a-abertura-oficial-do-verao23\/cultura\/20\/30\/","title":{"rendered":"\u201cAlbufeira Sounds Sunset\u201d marca a abertura oficial do ver\u00e3o\u201923"},"content":{"rendered":"\n<p>Com o mar como pano de fundo, Albufeira recebe tr\u00eas dias de muita m\u00fasica. \u201cAlbufeira Sounds Sunset\u201d \u00e9 o nome do evento, que vai marcar o in\u00edcio do ver\u00e3o na capital do turismo. De 8 a 10 de junho, das 18h00 \u00e0s 24h00, a Praia e Pra\u00e7a dos Pescadores acolhem alguns dos mais influentes nomes da house music.<\/p>\n\n\n\n<p>A grande \u201cfesta\u201d da m\u00fasica eletr\u00f3nica arranca no dia 8 de junho, quinta-feira, com Roger Sanchez como protagonista da noite. O internacionalmente reconhecido <em>dj <\/em>traz at\u00e9 Albufeira o verdadeiro significado de tropicalidade, <em>groove<\/em> e anima\u00e7\u00e3o. Com batidas e sonoridades do <em>deep<\/em>, <em>tech<\/em> e <em>roots<\/em> house, o artista promete momentos de muito divertimento, naquele que \u00e9 um dos <em>ex-libris <\/em>do concelho, a Praia dos Pescadores. No mesmo dia, a m\u00fasica fica a cargo de Yves Larock, Westvil e Pippa, numa iniciativa organizada em parceria com o hotel W Algarve.<\/p>\n\n\n\n<p>No dia seguinte, Mark Ursa sobe ao palco do \u201cAlbufeira Sounds Sunset\u201d. O artista belga, com sucessos como as releituras de \u201cUltra Flava\u201d, \u201cWelcome to Ibiza\u201d ou \u201cDon\u2019t you Worry\u201d, atua depois de Henrique Pontes, Gonzalez e Jay Martin.<\/p>\n\n\n\n<p>O evento termina, no s\u00e1bado, a 10 de junho, com Diego Miranda como cabe\u00e7a de cartaz. Um dos mais relevantes <em>DJ\u2019s<\/em> portugueses e com uma not\u00e1vel carreira mundial garante uma noite de muita dan\u00e7a. Com o seu estilo inconfund\u00edvel e um report\u00f3rio recheado de m\u00fasicas inesquec\u00edveis como \u201cIbiza for Dreams\u201d e \u201cGirlfriend\u201d, que dominaram as r\u00e1dios nacionais por semanas.<\/p>\n\n\n\n<p>Este volta a ser um evento que destaca os artistas locais, neste caso, durante os v\u00e1rios dias desta edi\u00e7\u00e3o do \u201cAlbufeira Sounds Sunsets\u201d apresentam-se os albufeirenses Henrique Pontes, Gonzalez, Jay Martin, no dia 9 de junho e China, Z\u00e9 Black e Alex Morais, no dia 10 de junho.<\/p>\n\n\n\n<p>Refira-se que, os dois \u00faltimos dias do evento contam com o apoio da marca Black Pig, o <em>gin<\/em> portugu\u00eas mais premiado da Europa.<\/p>\n\n\n\n<p>Jos\u00e9 Carlos Rolo revela que \u201ceste \u00e9 um evento que muito contribui para o posicionamento do Munic\u00edpio no arranque do ver\u00e3o\u201d. O presidente da C\u00e2mara Municipal de Albufeira ressalva, igualmente, que \u201ca Praia dos Pescadores \u00e9 o local ideal para marcar o in\u00edcio da \u00e9poca estival, o que serve, tamb\u00e9m, como forma de promover Albufeira enquanto destino tur\u00edstico, num fim-de-semana prolongado que se inicia a 8 de junho e termina s\u00f3 no dia 11, n\u00e3o esquecendo que dia 13 \u00e9 feriado em Lisboa, dia de Santo Ant\u00f3nio, procurando trazer muitos turistas nacionais e internacionais para Albufeira\u201d. O autarca destaca, igualmente, a \u201ccomponente solid\u00e1ria do evento\u201d, que se traduz no apoio a algumas IPSS do concelho.<\/p>\n\n\n\n<p>\u201cS\u00e3o 18 horas de muita m\u00fasica, muita anima\u00e7\u00e3o e uma \u00f3tima forma de homenagear o dinamismo da marca Albufeira a n\u00edvel nacional\u201d, sublinhou Cristiano Cabrita, vice-presidente da autarquia e respons\u00e1vel pelo pelouro dos Eventos. O autarca refor\u00e7ou, tamb\u00e9m, que \u201ceste tipo de iniciativas s\u00e3o fundamentais para o desenvolvimento econ\u00f3mico e social do concelho\u201d.<\/p>\n","protected":false},"excerpt":{"rendered":"<p>Com o mar como pano de fundo, Albufeira recebe tr\u00eas dias de muita m\u00fasica. \u201cAlbufeira Sounds Sunset\u201d \u00e9 o nome<\/p>\n","protected":false},"author":1,"featured_media":28064,"comment_status":"closed","ping_status":"open","sticky":false,"template":"","format":"standard","meta":{"colormag_page_container_layout":"default_layout","colormag_page_sidebar_layout":"default_layout","_monsterinsights_skip_tracking":false,"_monsterinsights_sitenote_active":false,"_monsterinsights_sitenote_note":"","_monsterinsights_sitenote_category":0,"jetpack_post_was_ever_published":false,"_jetpack_newsletter_access":"","_jetpack_dont_email_post_to_subs":false,"_jetpack_newsletter_tier_id":0,"_jetpack_memberships_contains_paywalled_content":false,"_jetpack_memberships_contains_paid_content":false,"footnotes":"","jetpack_publicize_message":"","jetpack_publicize_feature_enabled":true,"jetpack_social_post_already_shared":true,"jetpack_social_options":{"image_generator_settings":{"template":"highway","default_image_id":0,"font":"","enabled":false},"version":2}},"categories":[14],"tags":[155,985,36,52,35],"class_list":["post-28063","post","type-post","status-publish","format-standard","has-post-thumbnail","hentry","category-cultura","tag-albufeira","tag-albufeira-sounds-sunset","tag-algarve","tag-concerto","tag-cultura"],"yoast_head":"<!-- This site is optimized with the Yoast SEO plugin v27.5 - https:\/\/yoast.com\/product\/yoast-seo-wordpress\/ -->\n<title>\u201cAlbufeira Sounds Sunset\u201d marca a abertura oficial do ver\u00e3o\u201923 - Algarve 7<\/title>\n<meta name=\"description\" content=\"\u201cAlbufeira Sounds Sunset\u201d marca a abertura oficial do ver\u00e3o\u201923 Cultura\" \/>\n<meta name=\"robots\" content=\"index, follow, max-snippet:-1, max-image-preview:large, max-video-preview:-1\" \/>\n<link rel=\"canonical\" href=\"https:\/\/algarve7.pt\/index.php\/2023\/05\/albufeira-sounds-sunset-marca-a-abertura-oficial-do-verao23\/cultura\/20\/30\/\" \/>\n<meta property=\"og:locale\" content=\"pt_PT\" \/>\n<meta property=\"og:type\" content=\"article\" \/>\n<meta property=\"og:title\" content=\"\u201cAlbufeira Sounds Sunset\u201d marca a abertura oficial do ver\u00e3o\u201923 - Algarve 7\" \/>\n<meta property=\"og:description\" content=\"\u201cAlbufeira Sounds Sunset\u201d marca a abertura oficial do ver\u00e3o\u201923 Cultura\" \/>\n<meta property=\"og:url\" content=\"https:\/\/algarve7.pt\/index.php\/2023\/05\/albufeira-sounds-sunset-marca-a-abertura-oficial-do-verao23\/cultura\/20\/30\/\" \/>\n<meta property=\"og:site_name\" content=\"Algarve 7\" \/>\n<meta property=\"article:publisher\" content=\"https:\/\/www.facebook.com\/algarve7\" \/>\n<meta property=\"article:author\" content=\"https:\/\/www.facebook.com\/algarve7\" \/>\n<meta property=\"article:published_time\" content=\"2023-05-23T19:30:44+00:00\" \/>\n<meta property=\"article:modified_time\" content=\"2023-05-23T19:30:45+00:00\" \/>\n<meta property=\"og:image\" content=\"https:\/\/algarve7.pt\/wp-content\/uploads\/2023\/05\/Captura-de-ecra-2023-05-23-as-20.29.38.png\" \/>\n\t<meta property=\"og:image:width\" content=\"1024\" \/>\n\t<meta property=\"og:image:height\" content=\"1161\" \/>\n\t<meta property=\"og:image:type\" content=\"image\/png\" \/>\n<meta name=\"author\" content=\"Algarve 7\" \/>\n<meta name=\"twitter:card\" content=\"summary_large_image\" \/>\n<meta name=\"twitter:creator\" content=\"@Algarvesete\" \/>\n<meta name=\"twitter:site\" content=\"@Algarvesete\" \/>\n<meta name=\"twitter:label1\" content=\"Escrito por\" \/>\n\t<meta name=\"twitter:data1\" content=\"Algarve 7\" \/>\n\t<meta name=\"twitter:label2\" content=\"Tempo estimado de leitura\" \/>\n\t<meta name=\"twitter:data2\" content=\"3 minutos\" \/>\n<script type=\"application\/ld+json\" class=\"yoast-schema-graph\">{\"@context\":\"https:\\\/\\\/schema.org\",\"@graph\":[{\"@type\":\"Article\",\"@id\":\"https:\\\/\\\/algarve7.pt\\\/index.php\\\/2023\\\/05\\\/albufeira-sounds-sunset-marca-a-abertura-oficial-do-verao23\\\/cultura\\\/20\\\/30\\\/#article\",\"isPartOf\":{\"@id\":\"https:\\\/\\\/algarve7.pt\\\/index.php\\\/2023\\\/05\\\/albufeira-sounds-sunset-marca-a-abertura-oficial-do-verao23\\\/cultura\\\/20\\\/30\\\/\"},\"author\":{\"name\":\"Algarve 7\",\"@id\":\"https:\\\/\\\/algarve7.pt\\\/#\\\/schema\\\/person\\\/23fa70681308e7b319a3204bcea45e0c\"},\"headline\":\"\u201cAlbufeira Sounds Sunset\u201d marca a abertura oficial do ver\u00e3o\u201923\",\"datePublished\":\"2023-05-23T19:30:44+00:00\",\"dateModified\":\"2023-05-23T19:30:45+00:00\",\"mainEntityOfPage\":{\"@id\":\"https:\\\/\\\/algarve7.pt\\\/index.php\\\/2023\\\/05\\\/albufeira-sounds-sunset-marca-a-abertura-oficial-do-verao23\\\/cultura\\\/20\\\/30\\\/\"},\"wordCount\":519,\"publisher\":{\"@id\":\"https:\\\/\\\/algarve7.pt\\\/#organization\"},\"image\":{\"@id\":\"https:\\\/\\\/algarve7.pt\\\/index.php\\\/2023\\\/05\\\/albufeira-sounds-sunset-marca-a-abertura-oficial-do-verao23\\\/cultura\\\/20\\\/30\\\/#primaryimage\"},\"thumbnailUrl\":\"https:\\\/\\\/algarve7.pt\\\/wp-content\\\/uploads\\\/2023\\\/05\\\/Captura-de-ecra-2023-05-23-as-20.29.38.png\",\"keywords\":[\"Albufeira\",\"Albufeira Sounds Sunset\",\"Algarve\",\"Concerto\",\"Cultura\"],\"articleSection\":[\"Cultura\"],\"inLanguage\":\"pt-PT\"},{\"@type\":\"WebPage\",\"@id\":\"https:\\\/\\\/algarve7.pt\\\/index.php\\\/2023\\\/05\\\/albufeira-sounds-sunset-marca-a-abertura-oficial-do-verao23\\\/cultura\\\/20\\\/30\\\/\",\"url\":\"https:\\\/\\\/algarve7.pt\\\/index.php\\\/2023\\\/05\\\/albufeira-sounds-sunset-marca-a-abertura-oficial-do-verao23\\\/cultura\\\/20\\\/30\\\/\",\"name\":\"\u201cAlbufeira Sounds Sunset\u201d marca a abertura oficial do ver\u00e3o\u201923 - Algarve 7\",\"isPartOf\":{\"@id\":\"https:\\\/\\\/algarve7.pt\\\/#website\"},\"primaryImageOfPage\":{\"@id\":\"https:\\\/\\\/algarve7.pt\\\/index.php\\\/2023\\\/05\\\/albufeira-sounds-sunset-marca-a-abertura-oficial-do-verao23\\\/cultura\\\/20\\\/30\\\/#primaryimage\"},\"image\":{\"@id\":\"https:\\\/\\\/algarve7.pt\\\/index.php\\\/2023\\\/05\\\/albufeira-sounds-sunset-marca-a-abertura-oficial-do-verao23\\\/cultura\\\/20\\\/30\\\/#primaryimage\"},\"thumbnailUrl\":\"https:\\\/\\\/algarve7.pt\\\/wp-content\\\/uploads\\\/2023\\\/05\\\/Captura-de-ecra-2023-05-23-as-20.29.38.png\",\"datePublished\":\"2023-05-23T19:30:44+00:00\",\"dateModified\":\"2023-05-23T19:30:45+00:00\",\"description\":\"\u201cAlbufeira Sounds Sunset\u201d marca a abertura oficial do ver\u00e3o\u201923 Cultura\",\"breadcrumb\":{\"@id\":\"https:\\\/\\\/algarve7.pt\\\/index.php\\\/2023\\\/05\\\/albufeira-sounds-sunset-marca-a-abertura-oficial-do-verao23\\\/cultura\\\/20\\\/30\\\/#breadcrumb\"},\"inLanguage\":\"pt-PT\",\"potentialAction\":[{\"@type\":\"ReadAction\",\"target\":[\"https:\\\/\\\/algarve7.pt\\\/index.php\\\/2023\\\/05\\\/albufeira-sounds-sunset-marca-a-abertura-oficial-do-verao23\\\/cultura\\\/20\\\/30\\\/\"]}]},{\"@type\":\"ImageObject\",\"inLanguage\":\"pt-PT\",\"@id\":\"https:\\\/\\\/algarve7.pt\\\/index.php\\\/2023\\\/05\\\/albufeira-sounds-sunset-marca-a-abertura-oficial-do-verao23\\\/cultura\\\/20\\\/30\\\/#primaryimage\",\"url\":\"https:\\\/\\\/algarve7.pt\\\/wp-content\\\/uploads\\\/2023\\\/05\\\/Captura-de-ecra-2023-05-23-as-20.29.38.png\",\"contentUrl\":\"https:\\\/\\\/algarve7.pt\\\/wp-content\\\/uploads\\\/2023\\\/05\\\/Captura-de-ecra-2023-05-23-as-20.29.38.png\",\"width\":1024,\"height\":1161},{\"@type\":\"BreadcrumbList\",\"@id\":\"https:\\\/\\\/algarve7.pt\\\/index.php\\\/2023\\\/05\\\/albufeira-sounds-sunset-marca-a-abertura-oficial-do-verao23\\\/cultura\\\/20\\\/30\\\/#breadcrumb\",\"itemListElement\":[{\"@type\":\"ListItem\",\"position\":1,\"name\":\"In\u00edcio\",\"item\":\"https:\\\/\\\/algarve7.pt\\\/\"},{\"@type\":\"ListItem\",\"position\":2,\"name\":\"\u201cAlbufeira Sounds Sunset\u201d marca a abertura oficial do ver\u00e3o\u201923\"}]},{\"@type\":\"WebSite\",\"@id\":\"https:\\\/\\\/algarve7.pt\\\/#website\",\"url\":\"https:\\\/\\\/algarve7.pt\\\/\",\"name\":\"Algarve 7\",\"description\":\"Informa\u00e7\u00e3o sobre o Algarve\",\"publisher\":{\"@id\":\"https:\\\/\\\/algarve7.pt\\\/#organization\"},\"potentialAction\":[{\"@type\":\"SearchAction\",\"target\":{\"@type\":\"EntryPoint\",\"urlTemplate\":\"https:\\\/\\\/algarve7.pt\\\/?s={search_term_string}\"},\"query-input\":{\"@type\":\"PropertyValueSpecification\",\"valueRequired\":true,\"valueName\":\"search_term_string\"}}],\"inLanguage\":\"pt-PT\"},{\"@type\":\"Organization\",\"@id\":\"https:\\\/\\\/algarve7.pt\\\/#organization\",\"name\":\"Algarve 7\",\"url\":\"https:\\\/\\\/algarve7.pt\\\/\",\"logo\":{\"@type\":\"ImageObject\",\"inLanguage\":\"pt-PT\",\"@id\":\"https:\\\/\\\/algarve7.pt\\\/#\\\/schema\\\/logo\\\/image\\\/\",\"url\":\"https:\\\/\\\/algarve7.pt\\\/wp-content\\\/uploads\\\/2020\\\/10\\\/Logo-8.jpg\",\"contentUrl\":\"https:\\\/\\\/algarve7.pt\\\/wp-content\\\/uploads\\\/2020\\\/10\\\/Logo-8.jpg\",\"width\":1680,\"height\":1186,\"caption\":\"Algarve 7\"},\"image\":{\"@id\":\"https:\\\/\\\/algarve7.pt\\\/#\\\/schema\\\/logo\\\/image\\\/\"},\"sameAs\":[\"https:\\\/\\\/www.facebook.com\\\/algarve7\",\"https:\\\/\\\/x.com\\\/Algarvesete\",\"https:\\\/\\\/www.instagram.com\\\/jornalalgarve7\\\/\",\"https:\\\/\\\/www.linkedin.com\\\/company\\\/algarve7\",\"https:\\\/\\\/www.pinterest.pt\\\/geral0939\\\/_created\\\/\"]},{\"@type\":\"Person\",\"@id\":\"https:\\\/\\\/algarve7.pt\\\/#\\\/schema\\\/person\\\/23fa70681308e7b319a3204bcea45e0c\",\"name\":\"Algarve 7\",\"sameAs\":[\"https:\\\/\\\/algarve7.pt\",\"https:\\\/\\\/www.facebook.com\\\/algarve7\"],\"url\":\"https:\\\/\\\/algarve7.pt\\\/index.php\\\/author\\\/geralalgarve7-pt\\\/\"}]}<\/script>\n<!-- \/ Yoast SEO plugin. -->","yoast_head_json":{"title":"\u201cAlbufeira Sounds Sunset\u201d marca a abertura oficial do ver\u00e3o\u201923 - Algarve 7","description":"\u201cAlbufeira Sounds Sunset\u201d marca a abertura oficial do ver\u00e3o\u201923 Cultura","robots":{"index":"index","follow":"follow","max-snippet":"max-snippet:-1","max-image-preview":"max-image-preview:large","max-video-preview":"max-video-preview:-1"},"canonical":"https:\/\/algarve7.pt\/index.php\/2023\/05\/albufeira-sounds-sunset-marca-a-abertura-oficial-do-verao23\/cultura\/20\/30\/","og_locale":"pt_PT","og_type":"article","og_title":"\u201cAlbufeira Sounds Sunset\u201d marca a abertura oficial do ver\u00e3o\u201923 - Algarve 7","og_description":"\u201cAlbufeira Sounds Sunset\u201d marca a abertura oficial do ver\u00e3o\u201923 Cultura","og_url":"https:\/\/algarve7.pt\/index.php\/2023\/05\/albufeira-sounds-sunset-marca-a-abertura-oficial-do-verao23\/cultura\/20\/30\/","og_site_name":"Algarve 7","article_publisher":"https:\/\/www.facebook.com\/algarve7","article_author":"https:\/\/www.facebook.com\/algarve7","article_published_time":"2023-05-23T19:30:44+00:00","article_modified_time":"2023-05-23T19:30:45+00:00","og_image":[{"width":1024,"height":1161,"url":"https:\/\/algarve7.pt\/wp-content\/uploads\/2023\/05\/Captura-de-ecra-2023-05-23-as-20.29.38.png","type":"image\/png"}],"author":"Algarve 7","twitter_card":"summary_large_image","twitter_creator":"@Algarvesete","twitter_site":"@Algarvesete","twitter_misc":{"Escrito por":"Algarve 7","Tempo estimado de leitura":"3 minutos"},"schema":{"@context":"https:\/\/schema.org","@graph":[{"@type":"Article","@id":"https:\/\/algarve7.pt\/index.php\/2023\/05\/albufeira-sounds-sunset-marca-a-abertura-oficial-do-verao23\/cultura\/20\/30\/#article","isPartOf":{"@id":"https:\/\/algarve7.pt\/index.php\/2023\/05\/albufeira-sounds-sunset-marca-a-abertura-oficial-do-verao23\/cultura\/20\/30\/"},"author":{"name":"Algarve 7","@id":"https:\/\/algarve7.pt\/#\/schema\/person\/23fa70681308e7b319a3204bcea45e0c"},"headline":"\u201cAlbufeira Sounds Sunset\u201d marca a abertura oficial do ver\u00e3o\u201923","datePublished":"2023-05-23T19:30:44+00:00","dateModified":"2023-05-23T19:30:45+00:00","mainEntityOfPage":{"@id":"https:\/\/algarve7.pt\/index.php\/2023\/05\/albufeira-sounds-sunset-marca-a-abertura-oficial-do-verao23\/cultura\/20\/30\/"},"wordCount":519,"publisher":{"@id":"https:\/\/algarve7.pt\/#organization"},"image":{"@id":"https:\/\/algarve7.pt\/index.php\/2023\/05\/albufeira-sounds-sunset-marca-a-abertura-oficial-do-verao23\/cultura\/20\/30\/#primaryimage"},"thumbnailUrl":"https:\/\/algarve7.pt\/wp-content\/uploads\/2023\/05\/Captura-de-ecra-2023-05-23-as-20.29.38.png","keywords":["Albufeira","Albufeira Sounds Sunset","Algarve","Concerto","Cultura"],"articleSection":["Cultura"],"inLanguage":"pt-PT"},{"@type":"WebPage","@id":"https:\/\/algarve7.pt\/index.php\/2023\/05\/albufeira-sounds-sunset-marca-a-abertura-oficial-do-verao23\/cultura\/20\/30\/","url":"https:\/\/algarve7.pt\/index.php\/2023\/05\/albufeira-sounds-sunset-marca-a-abertura-oficial-do-verao23\/cultura\/20\/30\/","name":"\u201cAlbufeira Sounds Sunset\u201d marca a abertura oficial do ver\u00e3o\u201923 - Algarve 7","isPartOf":{"@id":"https:\/\/algarve7.pt\/#website"},"primaryImageOfPage":{"@id":"https:\/\/algarve7.pt\/index.php\/2023\/05\/albufeira-sounds-sunset-marca-a-abertura-oficial-do-verao23\/cultura\/20\/30\/#primaryimage"},"image":{"@id":"https:\/\/algarve7.pt\/index.php\/2023\/05\/albufeira-sounds-sunset-marca-a-abertura-oficial-do-verao23\/cultura\/20\/30\/#primaryimage"},"thumbnailUrl":"https:\/\/algarve7.pt\/wp-content\/uploads\/2023\/05\/Captura-de-ecra-2023-05-23-as-20.29.38.png","datePublished":"2023-05-23T19:30:44+00:00","dateModified":"2023-05-23T19:30:45+00:00","description":"\u201cAlbufeira Sounds Sunset\u201d marca a abertura oficial do ver\u00e3o\u201923 Cultura","breadcrumb":{"@id":"https:\/\/algarve7.pt\/index.php\/2023\/05\/albufeira-sounds-sunset-marca-a-abertura-oficial-do-verao23\/cultura\/20\/30\/#breadcrumb"},"inLanguage":"pt-PT","potentialAction":[{"@type":"ReadAction","target":["https:\/\/algarve7.pt\/index.php\/2023\/05\/albufeira-sounds-sunset-marca-a-abertura-oficial-do-verao23\/cultura\/20\/30\/"]}]},{"@type":"ImageObject","inLanguage":"pt-PT","@id":"https:\/\/algarve7.pt\/index.php\/2023\/05\/albufeira-sounds-sunset-marca-a-abertura-oficial-do-verao23\/cultura\/20\/30\/#primaryimage","url":"https:\/\/algarve7.pt\/wp-content\/uploads\/2023\/05\/Captura-de-ecra-2023-05-23-as-20.29.38.png","contentUrl":"https:\/\/algarve7.pt\/wp-content\/uploads\/2023\/05\/Captura-de-ecra-2023-05-23-as-20.29.38.png","width":1024,"height":1161},{"@type":"BreadcrumbList","@id":"https:\/\/algarve7.pt\/index.php\/2023\/05\/albufeira-sounds-sunset-marca-a-abertura-oficial-do-verao23\/cultura\/20\/30\/#breadcrumb","itemListElement":[{"@type":"ListItem","position":1,"name":"In\u00edcio","item":"https:\/\/algarve7.pt\/"},{"@type":"ListItem","position":2,"name":"\u201cAlbufeira Sounds Sunset\u201d marca a abertura oficial do ver\u00e3o\u201923"}]},{"@type":"WebSite","@id":"https:\/\/algarve7.pt\/#website","url":"https:\/\/algarve7.pt\/","name":"Algarve 7","description":"Informa\u00e7\u00e3o sobre o Algarve","publisher":{"@id":"https:\/\/algarve7.pt\/#organization"},"potentialAction":[{"@type":"SearchAction","target":{"@type":"EntryPoint","urlTemplate":"https:\/\/algarve7.pt\/?s={search_term_string}"},"query-input":{"@type":"PropertyValueSpecification","valueRequired":true,"valueName":"search_term_string"}}],"inLanguage":"pt-PT"},{"@type":"Organization","@id":"https:\/\/algarve7.pt\/#organization","name":"Algarve 7","url":"https:\/\/algarve7.pt\/","logo":{"@type":"ImageObject","inLanguage":"pt-PT","@id":"https:\/\/algarve7.pt\/#\/schema\/logo\/image\/","url":"https:\/\/algarve7.pt\/wp-content\/uploads\/2020\/10\/Logo-8.jpg","contentUrl":"https:\/\/algarve7.pt\/wp-content\/uploads\/2020\/10\/Logo-8.jpg","width":1680,"height":1186,"caption":"Algarve 7"},"image":{"@id":"https:\/\/algarve7.pt\/#\/schema\/logo\/image\/"},"sameAs":["https:\/\/www.facebook.com\/algarve7","https:\/\/x.com\/Algarvesete","https:\/\/www.instagram.com\/jornalalgarve7\/","https:\/\/www.linkedin.com\/company\/algarve7","https:\/\/www.pinterest.pt\/geral0939\/_created\/"]},{"@type":"Person","@id":"https:\/\/algarve7.pt\/#\/schema\/person\/23fa70681308e7b319a3204bcea45e0c","name":"Algarve 7","sameAs":["https:\/\/algarve7.pt","https:\/\/www.facebook.com\/algarve7"],"url":"https:\/\/algarve7.pt\/index.php\/author\/geralalgarve7-pt\/"}]}},"jetpack_publicize_connections":[],"jetpack_featured_media_url":"https:\/\/algarve7.pt\/wp-content\/uploads\/2023\/05\/Captura-de-ecra-2023-05-23-as-20.29.38.png","jetpack_shortlink":"https:\/\/wp.me\/pcezmW-7iD","jetpack_sharing_enabled":true,"_links":{"self":[{"href":"https:\/\/algarve7.pt\/index.php\/wp-json\/wp\/v2\/posts\/28063","targetHints":{"allow":["GET"]}}],"collection":[{"href":"https:\/\/algarve7.pt\/index.php\/wp-json\/wp\/v2\/posts"}],"about":[{"href":"https:\/\/algarve7.pt\/index.php\/wp-json\/wp\/v2\/types\/post"}],"author":[{"embeddable":true,"href":"https:\/\/algarve7.pt\/index.php\/wp-json\/wp\/v2\/users\/1"}],"replies":[{"embeddable":true,"href":"https:\/\/algarve7.pt\/index.php\/wp-json\/wp\/v2\/comments?post=28063"}],"version-history":[{"count":0,"href":"https:\/\/algarve7.pt\/index.php\/wp-json\/wp\/v2\/posts\/28063\/revisions"}],"wp:featuredmedia":[{"embeddable":true,"href":"https:\/\/algarve7.pt\/index.php\/wp-json\/wp\/v2\/media\/28064"}],"wp:attachment":[{"href":"https:\/\/algarve7.pt\/index.php\/wp-json\/wp\/v2\/media?parent=28063"}],"wp:term":[{"taxonomy":"category","embeddable":true,"href":"https:\/\/algarve7.pt\/index.php\/wp-json\/wp\/v2\/categories?post=28063"},{"taxonomy":"post_tag","embeddable":true,"href":"https:\/\/algarve7.pt\/index.php\/wp-json\/wp\/v2\/tags?post=28063"}],"curies":[{"name":"wp","href":"https:\/\/api.w.org\/{rel}","templated":true}]}}