{"id":2805,"date":"2020-10-22T07:26:07","date_gmt":"2020-10-22T06:26:07","guid":{"rendered":"https:\/\/algarve7.pt\/?p=2805"},"modified":"2020-10-22T07:26:08","modified_gmt":"2020-10-22T06:26:08","slug":"loule-celebra-acordo-com-o-ihru","status":"publish","type":"post","link":"https:\/\/algarve7.pt\/index.php\/2020\/10\/loule-celebra-acordo-com-o-ihru\/economia\/07\/26\/","title":{"rendered":"Loul\u00e9 celebra acordo com o IHRU para financiar 320 fogos novo no concelho"},"content":{"rendered":"\n<p>A C\u00e2mara Municipal de Loul\u00e9 e o IHRU \u2013 Instituto da Habita\u00e7\u00e3o e Reabilita\u00e7\u00e3o Urbana celebram esta sexta-feira, 23 de outubro, pelas 12h00, no Cineteatro Louletano, um acordo de colabora\u00e7\u00e3o com vista \u00e0 implementa\u00e7\u00e3o do programa \u201c1\u00ba Direito\u201d no concelho de Loul\u00e9. A cerim\u00f3nia contar\u00e1 com a presen\u00e7a do Ministro das Infraestruturas e da Habita\u00e7\u00e3o, Pedro Nuno Santos, e dos Secret\u00e1rios de Estado da Habita\u00e7\u00e3o, Marina Gon\u00e7alves, e da Descentraliza\u00e7\u00e3o e Administra\u00e7\u00e3o Local, Jorge Botelho.<\/p>\n\n\n\n<p>Este acordo \u00e9 mais um passo importante na implementa\u00e7\u00e3o da Estrat\u00e9gia Local de Habita\u00e7\u00e3o, tendo em vista a resolu\u00e7\u00e3o dos problemas habitacionais de cerca de 320 agregados familiares em todo o concelho, nos pr\u00f3ximos 6 anos.<\/p>\n\n\n\n<p>O investimento total rondar\u00e1 os 44 milh\u00f5es de euros, com uma comparticipa\u00e7\u00e3o n\u00e3o reembols\u00e1vel do IHRU de 15 milh\u00f5es de euros. O restante financiamento ser\u00e1 realizado atrav\u00e9s da contra\u00e7\u00e3o de um empr\u00e9stimo banc\u00e1rio bonificado, na ordem dos 25,5 milh\u00f5es de euros, e de verbas do pr\u00f3prio Munic\u00edpio, que totalizam perto de 3 milh\u00f5es de euros.&nbsp;<\/p>\n\n\n\n<p>As solu\u00e7\u00f5es habitacionais plasmadas neste protocolo passam por novas constru\u00e7\u00f5es, reabilita\u00e7\u00e3o de fra\u00e7\u00f5es ou pr\u00e9dios, aquisi\u00e7\u00e3o de fra\u00e7\u00f5es ou de pr\u00e9dios degradados e posterior reabilita\u00e7\u00e3o ou aquisi\u00e7\u00e3o de terrenos e constru\u00e7\u00e3o de um empreendimento habitacional em regime de habita\u00e7\u00e3o a custos controlados.<\/p>\n\n\n\n<p>Refira-se que o \u201c1\u00ba Direito\u201d \u00e9 um programa de apoio p\u00fablico ao acesso \u00e0 habita\u00e7\u00e3o, enquadrado na nova gera\u00e7\u00e3o de pol\u00edticas promovidas pelo Governo. Loul\u00e9 \u00e9 um dos primeiros munic\u00edpios a firmar esta parceria.&nbsp;<\/p>\n\n\n\n<p>No entanto, para al\u00e9m da execu\u00e7\u00e3o f\u00edsica e financeira ao abrigo do \u201c1\u00ba Direito\u201d, os projetos do Munic\u00edpio de Loul\u00e9 nesta mat\u00e9ria s\u00e3o ainda mais ambiciosos j\u00e1 que o objetivo \u00e9 dar apoio direto a um total de 1400 agregados no acesso \u00e0 habita\u00e7\u00e3o, num horizonte que vai at\u00e9 2030.&nbsp;<\/p>\n\n\n\n<p>A sess\u00e3o de celebra\u00e7\u00e3o do acordo de colabora\u00e7\u00e3o estar\u00e1 encerrada ao p\u00fablico por quest\u00f5es de seguran\u00e7a sanit\u00e1ria. No entanto poder\u00e1 ser acompanhada em direto no canal YouTube do Munic\u00edpio, esta sexta-feira, pelas 12h00.<\/p>\n","protected":false},"excerpt":{"rendered":"<p>A C\u00e2mara Municipal de Loul\u00e9 e o IHRU \u2013 Instituto da Habita\u00e7\u00e3o e Reabilita\u00e7\u00e3o Urbana celebram esta sexta-feira, 23 de<\/p>\n","protected":false},"author":1,"featured_media":2806,"comment_status":"closed","ping_status":"open","sticky":false,"template":"","format":"standard","meta":{"colormag_page_container_layout":"default_layout","colormag_page_sidebar_layout":"default_layout","_monsterinsights_skip_tracking":false,"_monsterinsights_sitenote_active":false,"_monsterinsights_sitenote_note":"","_monsterinsights_sitenote_category":0,"jetpack_post_was_ever_published":false,"_jetpack_newsletter_access":"","_jetpack_dont_email_post_to_subs":false,"_jetpack_newsletter_tier_id":0,"_jetpack_memberships_contains_paywalled_content":false,"_jetpack_memberships_contains_paid_content":false,"footnotes":"","jetpack_publicize_message":"","jetpack_publicize_feature_enabled":true,"jetpack_social_post_already_shared":true,"jetpack_social_options":{"image_generator_settings":{"template":"highway","default_image_id":0,"font":"","enabled":false},"version":2}},"categories":[151],"tags":[36,153,148,31],"class_list":["post-2805","post","type-post","status-publish","format-standard","has-post-thumbnail","hentry","category-economia","tag-algarve","tag-economia","tag-habitacao","tag-loule"],"yoast_head":"<!-- This site is optimized with the Yoast SEO plugin v27.5 - https:\/\/yoast.com\/product\/yoast-seo-wordpress\/ -->\n<title>Loul\u00e9 celebra acordo com o IHRU para financiar 320 fogos novo no concelho - Algarve 7<\/title>\n<meta name=\"description\" content=\"Loul\u00e9 celebra acordo com o IHRU para financiar 320 fogos novo no concelho\" \/>\n<meta name=\"robots\" content=\"index, follow, max-snippet:-1, max-image-preview:large, max-video-preview:-1\" \/>\n<link rel=\"canonical\" href=\"https:\/\/algarve7.pt\/index.php\/2020\/10\/loule-celebra-acordo-com-o-ihru\/economia\/07\/26\/\" \/>\n<meta property=\"og:locale\" content=\"pt_PT\" \/>\n<meta property=\"og:type\" content=\"article\" \/>\n<meta property=\"og:title\" content=\"Loul\u00e9 celebra acordo com o IHRU para financiar 320 fogos novo no concelho - Algarve 7\" \/>\n<meta property=\"og:description\" content=\"Loul\u00e9 celebra acordo com o IHRU para financiar 320 fogos novo no concelho\" \/>\n<meta property=\"og:url\" content=\"https:\/\/algarve7.pt\/index.php\/2020\/10\/loule-celebra-acordo-com-o-ihru\/economia\/07\/26\/\" \/>\n<meta property=\"og:site_name\" content=\"Algarve 7\" \/>\n<meta property=\"article:publisher\" content=\"https:\/\/www.facebook.com\/algarve7\" \/>\n<meta property=\"article:author\" content=\"https:\/\/www.facebook.com\/algarve7\" \/>\n<meta property=\"article:published_time\" content=\"2020-10-22T06:26:07+00:00\" \/>\n<meta property=\"article:modified_time\" content=\"2020-10-22T06:26:08+00:00\" \/>\n<meta property=\"og:image\" content=\"https:\/\/algarve7.pt\/wp-content\/uploads\/2020\/10\/Habitacao.png\" \/>\n\t<meta property=\"og:image:width\" content=\"1280\" \/>\n\t<meta property=\"og:image:height\" content=\"625\" \/>\n\t<meta property=\"og:image:type\" content=\"image\/png\" \/>\n<meta name=\"author\" content=\"Algarve 7\" \/>\n<meta name=\"twitter:card\" content=\"summary_large_image\" \/>\n<meta name=\"twitter:creator\" content=\"@Algarvesete\" \/>\n<meta name=\"twitter:site\" content=\"@Algarvesete\" \/>\n<meta name=\"twitter:label1\" content=\"Escrito por\" \/>\n\t<meta name=\"twitter:data1\" content=\"Algarve 7\" \/>\n\t<meta name=\"twitter:label2\" content=\"Tempo estimado de leitura\" \/>\n\t<meta name=\"twitter:data2\" content=\"2 minutos\" \/>\n<script type=\"application\/ld+json\" class=\"yoast-schema-graph\">{\"@context\":\"https:\\\/\\\/schema.org\",\"@graph\":[{\"@type\":\"Article\",\"@id\":\"https:\\\/\\\/algarve7.pt\\\/index.php\\\/2020\\\/10\\\/loule-celebra-acordo-com-o-ihru\\\/economia\\\/07\\\/26\\\/#article\",\"isPartOf\":{\"@id\":\"https:\\\/\\\/algarve7.pt\\\/index.php\\\/2020\\\/10\\\/loule-celebra-acordo-com-o-ihru\\\/economia\\\/07\\\/26\\\/\"},\"author\":{\"name\":\"Algarve 7\",\"@id\":\"https:\\\/\\\/algarve7.pt\\\/#\\\/schema\\\/person\\\/23fa70681308e7b319a3204bcea45e0c\"},\"headline\":\"Loul\u00e9 celebra acordo com o IHRU para financiar 320 fogos novo no concelho\",\"datePublished\":\"2020-10-22T06:26:07+00:00\",\"dateModified\":\"2020-10-22T06:26:08+00:00\",\"mainEntityOfPage\":{\"@id\":\"https:\\\/\\\/algarve7.pt\\\/index.php\\\/2020\\\/10\\\/loule-celebra-acordo-com-o-ihru\\\/economia\\\/07\\\/26\\\/\"},\"wordCount\":383,\"publisher\":{\"@id\":\"https:\\\/\\\/algarve7.pt\\\/#organization\"},\"image\":{\"@id\":\"https:\\\/\\\/algarve7.pt\\\/index.php\\\/2020\\\/10\\\/loule-celebra-acordo-com-o-ihru\\\/economia\\\/07\\\/26\\\/#primaryimage\"},\"thumbnailUrl\":\"https:\\\/\\\/algarve7.pt\\\/wp-content\\\/uploads\\\/2020\\\/10\\\/Habitacao.png\",\"keywords\":[\"Algarve\",\"Economia\",\"Habita\u00e7\u00e3o\",\"Loul\u00e9\"],\"articleSection\":[\"Economia\"],\"inLanguage\":\"pt-PT\"},{\"@type\":\"WebPage\",\"@id\":\"https:\\\/\\\/algarve7.pt\\\/index.php\\\/2020\\\/10\\\/loule-celebra-acordo-com-o-ihru\\\/economia\\\/07\\\/26\\\/\",\"url\":\"https:\\\/\\\/algarve7.pt\\\/index.php\\\/2020\\\/10\\\/loule-celebra-acordo-com-o-ihru\\\/economia\\\/07\\\/26\\\/\",\"name\":\"Loul\u00e9 celebra acordo com o IHRU para financiar 320 fogos novo no concelho - Algarve 7\",\"isPartOf\":{\"@id\":\"https:\\\/\\\/algarve7.pt\\\/#website\"},\"primaryImageOfPage\":{\"@id\":\"https:\\\/\\\/algarve7.pt\\\/index.php\\\/2020\\\/10\\\/loule-celebra-acordo-com-o-ihru\\\/economia\\\/07\\\/26\\\/#primaryimage\"},\"image\":{\"@id\":\"https:\\\/\\\/algarve7.pt\\\/index.php\\\/2020\\\/10\\\/loule-celebra-acordo-com-o-ihru\\\/economia\\\/07\\\/26\\\/#primaryimage\"},\"thumbnailUrl\":\"https:\\\/\\\/algarve7.pt\\\/wp-content\\\/uploads\\\/2020\\\/10\\\/Habitacao.png\",\"datePublished\":\"2020-10-22T06:26:07+00:00\",\"dateModified\":\"2020-10-22T06:26:08+00:00\",\"description\":\"Loul\u00e9 celebra acordo com o IHRU para financiar 320 fogos novo no concelho\",\"breadcrumb\":{\"@id\":\"https:\\\/\\\/algarve7.pt\\\/index.php\\\/2020\\\/10\\\/loule-celebra-acordo-com-o-ihru\\\/economia\\\/07\\\/26\\\/#breadcrumb\"},\"inLanguage\":\"pt-PT\",\"potentialAction\":[{\"@type\":\"ReadAction\",\"target\":[\"https:\\\/\\\/algarve7.pt\\\/index.php\\\/2020\\\/10\\\/loule-celebra-acordo-com-o-ihru\\\/economia\\\/07\\\/26\\\/\"]}]},{\"@type\":\"ImageObject\",\"inLanguage\":\"pt-PT\",\"@id\":\"https:\\\/\\\/algarve7.pt\\\/index.php\\\/2020\\\/10\\\/loule-celebra-acordo-com-o-ihru\\\/economia\\\/07\\\/26\\\/#primaryimage\",\"url\":\"https:\\\/\\\/algarve7.pt\\\/wp-content\\\/uploads\\\/2020\\\/10\\\/Habitacao.png\",\"contentUrl\":\"https:\\\/\\\/algarve7.pt\\\/wp-content\\\/uploads\\\/2020\\\/10\\\/Habitacao.png\",\"width\":1280,\"height\":625},{\"@type\":\"BreadcrumbList\",\"@id\":\"https:\\\/\\\/algarve7.pt\\\/index.php\\\/2020\\\/10\\\/loule-celebra-acordo-com-o-ihru\\\/economia\\\/07\\\/26\\\/#breadcrumb\",\"itemListElement\":[{\"@type\":\"ListItem\",\"position\":1,\"name\":\"In\u00edcio\",\"item\":\"https:\\\/\\\/algarve7.pt\\\/\"},{\"@type\":\"ListItem\",\"position\":2,\"name\":\"Loul\u00e9 celebra acordo com o IHRU para financiar 320 fogos novo no concelho\"}]},{\"@type\":\"WebSite\",\"@id\":\"https:\\\/\\\/algarve7.pt\\\/#website\",\"url\":\"https:\\\/\\\/algarve7.pt\\\/\",\"name\":\"Algarve 7\",\"description\":\"Informa\u00e7\u00e3o sobre o Algarve\",\"publisher\":{\"@id\":\"https:\\\/\\\/algarve7.pt\\\/#organization\"},\"potentialAction\":[{\"@type\":\"SearchAction\",\"target\":{\"@type\":\"EntryPoint\",\"urlTemplate\":\"https:\\\/\\\/algarve7.pt\\\/?s={search_term_string}\"},\"query-input\":{\"@type\":\"PropertyValueSpecification\",\"valueRequired\":true,\"valueName\":\"search_term_string\"}}],\"inLanguage\":\"pt-PT\"},{\"@type\":\"Organization\",\"@id\":\"https:\\\/\\\/algarve7.pt\\\/#organization\",\"name\":\"Algarve 7\",\"url\":\"https:\\\/\\\/algarve7.pt\\\/\",\"logo\":{\"@type\":\"ImageObject\",\"inLanguage\":\"pt-PT\",\"@id\":\"https:\\\/\\\/algarve7.pt\\\/#\\\/schema\\\/logo\\\/image\\\/\",\"url\":\"https:\\\/\\\/algarve7.pt\\\/wp-content\\\/uploads\\\/2020\\\/10\\\/Logo-8.jpg\",\"contentUrl\":\"https:\\\/\\\/algarve7.pt\\\/wp-content\\\/uploads\\\/2020\\\/10\\\/Logo-8.jpg\",\"width\":1680,\"height\":1186,\"caption\":\"Algarve 7\"},\"image\":{\"@id\":\"https:\\\/\\\/algarve7.pt\\\/#\\\/schema\\\/logo\\\/image\\\/\"},\"sameAs\":[\"https:\\\/\\\/www.facebook.com\\\/algarve7\",\"https:\\\/\\\/x.com\\\/Algarvesete\",\"https:\\\/\\\/www.instagram.com\\\/jornalalgarve7\\\/\",\"https:\\\/\\\/www.linkedin.com\\\/company\\\/algarve7\",\"https:\\\/\\\/www.pinterest.pt\\\/geral0939\\\/_created\\\/\"]},{\"@type\":\"Person\",\"@id\":\"https:\\\/\\\/algarve7.pt\\\/#\\\/schema\\\/person\\\/23fa70681308e7b319a3204bcea45e0c\",\"name\":\"Algarve 7\",\"sameAs\":[\"https:\\\/\\\/algarve7.pt\",\"https:\\\/\\\/www.facebook.com\\\/algarve7\"],\"url\":\"https:\\\/\\\/algarve7.pt\\\/index.php\\\/author\\\/geralalgarve7-pt\\\/\"}]}<\/script>\n<!-- \/ Yoast SEO plugin. -->","yoast_head_json":{"title":"Loul\u00e9 celebra acordo com o IHRU para financiar 320 fogos novo no concelho - Algarve 7","description":"Loul\u00e9 celebra acordo com o IHRU para financiar 320 fogos novo no concelho","robots":{"index":"index","follow":"follow","max-snippet":"max-snippet:-1","max-image-preview":"max-image-preview:large","max-video-preview":"max-video-preview:-1"},"canonical":"https:\/\/algarve7.pt\/index.php\/2020\/10\/loule-celebra-acordo-com-o-ihru\/economia\/07\/26\/","og_locale":"pt_PT","og_type":"article","og_title":"Loul\u00e9 celebra acordo com o IHRU para financiar 320 fogos novo no concelho - Algarve 7","og_description":"Loul\u00e9 celebra acordo com o IHRU para financiar 320 fogos novo no concelho","og_url":"https:\/\/algarve7.pt\/index.php\/2020\/10\/loule-celebra-acordo-com-o-ihru\/economia\/07\/26\/","og_site_name":"Algarve 7","article_publisher":"https:\/\/www.facebook.com\/algarve7","article_author":"https:\/\/www.facebook.com\/algarve7","article_published_time":"2020-10-22T06:26:07+00:00","article_modified_time":"2020-10-22T06:26:08+00:00","og_image":[{"width":1280,"height":625,"url":"https:\/\/algarve7.pt\/wp-content\/uploads\/2020\/10\/Habitacao.png","type":"image\/png"}],"author":"Algarve 7","twitter_card":"summary_large_image","twitter_creator":"@Algarvesete","twitter_site":"@Algarvesete","twitter_misc":{"Escrito por":"Algarve 7","Tempo estimado de leitura":"2 minutos"},"schema":{"@context":"https:\/\/schema.org","@graph":[{"@type":"Article","@id":"https:\/\/algarve7.pt\/index.php\/2020\/10\/loule-celebra-acordo-com-o-ihru\/economia\/07\/26\/#article","isPartOf":{"@id":"https:\/\/algarve7.pt\/index.php\/2020\/10\/loule-celebra-acordo-com-o-ihru\/economia\/07\/26\/"},"author":{"name":"Algarve 7","@id":"https:\/\/algarve7.pt\/#\/schema\/person\/23fa70681308e7b319a3204bcea45e0c"},"headline":"Loul\u00e9 celebra acordo com o IHRU para financiar 320 fogos novo no concelho","datePublished":"2020-10-22T06:26:07+00:00","dateModified":"2020-10-22T06:26:08+00:00","mainEntityOfPage":{"@id":"https:\/\/algarve7.pt\/index.php\/2020\/10\/loule-celebra-acordo-com-o-ihru\/economia\/07\/26\/"},"wordCount":383,"publisher":{"@id":"https:\/\/algarve7.pt\/#organization"},"image":{"@id":"https:\/\/algarve7.pt\/index.php\/2020\/10\/loule-celebra-acordo-com-o-ihru\/economia\/07\/26\/#primaryimage"},"thumbnailUrl":"https:\/\/algarve7.pt\/wp-content\/uploads\/2020\/10\/Habitacao.png","keywords":["Algarve","Economia","Habita\u00e7\u00e3o","Loul\u00e9"],"articleSection":["Economia"],"inLanguage":"pt-PT"},{"@type":"WebPage","@id":"https:\/\/algarve7.pt\/index.php\/2020\/10\/loule-celebra-acordo-com-o-ihru\/economia\/07\/26\/","url":"https:\/\/algarve7.pt\/index.php\/2020\/10\/loule-celebra-acordo-com-o-ihru\/economia\/07\/26\/","name":"Loul\u00e9 celebra acordo com o IHRU para financiar 320 fogos novo no concelho - Algarve 7","isPartOf":{"@id":"https:\/\/algarve7.pt\/#website"},"primaryImageOfPage":{"@id":"https:\/\/algarve7.pt\/index.php\/2020\/10\/loule-celebra-acordo-com-o-ihru\/economia\/07\/26\/#primaryimage"},"image":{"@id":"https:\/\/algarve7.pt\/index.php\/2020\/10\/loule-celebra-acordo-com-o-ihru\/economia\/07\/26\/#primaryimage"},"thumbnailUrl":"https:\/\/algarve7.pt\/wp-content\/uploads\/2020\/10\/Habitacao.png","datePublished":"2020-10-22T06:26:07+00:00","dateModified":"2020-10-22T06:26:08+00:00","description":"Loul\u00e9 celebra acordo com o IHRU para financiar 320 fogos novo no concelho","breadcrumb":{"@id":"https:\/\/algarve7.pt\/index.php\/2020\/10\/loule-celebra-acordo-com-o-ihru\/economia\/07\/26\/#breadcrumb"},"inLanguage":"pt-PT","potentialAction":[{"@type":"ReadAction","target":["https:\/\/algarve7.pt\/index.php\/2020\/10\/loule-celebra-acordo-com-o-ihru\/economia\/07\/26\/"]}]},{"@type":"ImageObject","inLanguage":"pt-PT","@id":"https:\/\/algarve7.pt\/index.php\/2020\/10\/loule-celebra-acordo-com-o-ihru\/economia\/07\/26\/#primaryimage","url":"https:\/\/algarve7.pt\/wp-content\/uploads\/2020\/10\/Habitacao.png","contentUrl":"https:\/\/algarve7.pt\/wp-content\/uploads\/2020\/10\/Habitacao.png","width":1280,"height":625},{"@type":"BreadcrumbList","@id":"https:\/\/algarve7.pt\/index.php\/2020\/10\/loule-celebra-acordo-com-o-ihru\/economia\/07\/26\/#breadcrumb","itemListElement":[{"@type":"ListItem","position":1,"name":"In\u00edcio","item":"https:\/\/algarve7.pt\/"},{"@type":"ListItem","position":2,"name":"Loul\u00e9 celebra acordo com o IHRU para financiar 320 fogos novo no concelho"}]},{"@type":"WebSite","@id":"https:\/\/algarve7.pt\/#website","url":"https:\/\/algarve7.pt\/","name":"Algarve 7","description":"Informa\u00e7\u00e3o sobre o Algarve","publisher":{"@id":"https:\/\/algarve7.pt\/#organization"},"potentialAction":[{"@type":"SearchAction","target":{"@type":"EntryPoint","urlTemplate":"https:\/\/algarve7.pt\/?s={search_term_string}"},"query-input":{"@type":"PropertyValueSpecification","valueRequired":true,"valueName":"search_term_string"}}],"inLanguage":"pt-PT"},{"@type":"Organization","@id":"https:\/\/algarve7.pt\/#organization","name":"Algarve 7","url":"https:\/\/algarve7.pt\/","logo":{"@type":"ImageObject","inLanguage":"pt-PT","@id":"https:\/\/algarve7.pt\/#\/schema\/logo\/image\/","url":"https:\/\/algarve7.pt\/wp-content\/uploads\/2020\/10\/Logo-8.jpg","contentUrl":"https:\/\/algarve7.pt\/wp-content\/uploads\/2020\/10\/Logo-8.jpg","width":1680,"height":1186,"caption":"Algarve 7"},"image":{"@id":"https:\/\/algarve7.pt\/#\/schema\/logo\/image\/"},"sameAs":["https:\/\/www.facebook.com\/algarve7","https:\/\/x.com\/Algarvesete","https:\/\/www.instagram.com\/jornalalgarve7\/","https:\/\/www.linkedin.com\/company\/algarve7","https:\/\/www.pinterest.pt\/geral0939\/_created\/"]},{"@type":"Person","@id":"https:\/\/algarve7.pt\/#\/schema\/person\/23fa70681308e7b319a3204bcea45e0c","name":"Algarve 7","sameAs":["https:\/\/algarve7.pt","https:\/\/www.facebook.com\/algarve7"],"url":"https:\/\/algarve7.pt\/index.php\/author\/geralalgarve7-pt\/"}]}},"jetpack_publicize_connections":[],"jetpack_featured_media_url":"https:\/\/algarve7.pt\/wp-content\/uploads\/2020\/10\/Habitacao.png","jetpack_shortlink":"https:\/\/wp.me\/pcezmW-Jf","jetpack_sharing_enabled":true,"_links":{"self":[{"href":"https:\/\/algarve7.pt\/index.php\/wp-json\/wp\/v2\/posts\/2805","targetHints":{"allow":["GET"]}}],"collection":[{"href":"https:\/\/algarve7.pt\/index.php\/wp-json\/wp\/v2\/posts"}],"about":[{"href":"https:\/\/algarve7.pt\/index.php\/wp-json\/wp\/v2\/types\/post"}],"author":[{"embeddable":true,"href":"https:\/\/algarve7.pt\/index.php\/wp-json\/wp\/v2\/users\/1"}],"replies":[{"embeddable":true,"href":"https:\/\/algarve7.pt\/index.php\/wp-json\/wp\/v2\/comments?post=2805"}],"version-history":[{"count":0,"href":"https:\/\/algarve7.pt\/index.php\/wp-json\/wp\/v2\/posts\/2805\/revisions"}],"wp:featuredmedia":[{"embeddable":true,"href":"https:\/\/algarve7.pt\/index.php\/wp-json\/wp\/v2\/media\/2806"}],"wp:attachment":[{"href":"https:\/\/algarve7.pt\/index.php\/wp-json\/wp\/v2\/media?parent=2805"}],"wp:term":[{"taxonomy":"category","embeddable":true,"href":"https:\/\/algarve7.pt\/index.php\/wp-json\/wp\/v2\/categories?post=2805"},{"taxonomy":"post_tag","embeddable":true,"href":"https:\/\/algarve7.pt\/index.php\/wp-json\/wp\/v2\/tags?post=2805"}],"curies":[{"name":"wp","href":"https:\/\/api.w.org\/{rel}","templated":true}]}}