{"id":27959,"date":"2023-05-21T11:43:59","date_gmt":"2023-05-21T10:43:59","guid":{"rendered":"https:\/\/algarve7.pt\/?p=27959"},"modified":"2023-05-21T11:44:02","modified_gmt":"2023-05-21T10:44:02","slug":"municipio-de-loule-quer-envolver-cada-vez-mais-os-agentes-locais-nas-metas-do-desenvolvimento-sustentavel","status":"publish","type":"post","link":"https:\/\/algarve7.pt\/index.php\/2023\/05\/municipio-de-loule-quer-envolver-cada-vez-mais-os-agentes-locais-nas-metas-do-desenvolvimento-sustentavel\/atualidade\/11\/43\/","title":{"rendered":"Munic\u00edpio de Loul\u00e9 quer envolver cada vez mais os agentes locais nas metas do desenvolvimento sustent\u00e1vel"},"content":{"rendered":"\n<p>Da Escola ao grande espa\u00e7o comercial, do movimento associativo \u00e0s empresas, sem esquecer as juntas de freguesia e todo o setor p\u00fablico, v\u00e1rios foram os representantes de entidades louletanas que ontem marcaram presen\u00e7a na sess\u00e3o \u201cODS em A\u00e7\u00e3o\u201d, promovida pela Autarquia de Loul\u00e9.<\/p>\n\n\n\n<p>Se durante os \u00faltimos anos o Munic\u00edpio tem dedicado muitas das suas energias a um trabalho na \u201clocaliza\u00e7\u00e3o e implementa\u00e7\u00e3o\u201d dos ODS definidos na Agenda 2030 para o Desenvolvimento Sustent\u00e1vel, aprovado em 2015, a ideia a partir de agora \u00e9 \u201csubir um patamar\u201d e envolver cada vez mais atores da sociedade civil nesta iniciativa coletiva. E esta atividade decorreu com esse mesmo intuito, o de reunir os agentes e debater os desafios que se colocam.<\/p>\n\n\n\n<p>Depois de uma breve apresenta\u00e7\u00e3o sobre o enquadramento dos ODS, David Avelar, da empresa \u201c2Adapt\u201d e da plataforma ODS Local, foi o moderador de uma mesa-redonda onde estiveram tr\u00eas representantes de setores distintos: Ana Antunes, do Mar Shopping, Renata Afonso, da Escola Secund\u00e1ria de Loul\u00e9, e Ana Ars\u00e9nio, da Associa\u00e7\u00e3o <em>In Loco<\/em>.<\/p>\n\n\n\n<p>Tr\u00eas \u00e1reas com caracter\u00edsticas diferentes mas que mostram o mesmo empenho e desejo em envolver-se nesta pol\u00edtica de desenvolvimento sustent\u00e1vel. \u201cPertencemos a uma empresa que tem no seu ADN gerir impactos positivos na vida das pessoas. Por isso desenvolvemos tantos projetos sob o \u2018<em>umbrella\u2019<\/em> da sustentabilidade\u201d, explicou a diretora do Mar Shopping. O ODS 17, relativo \u00e0s parcerias, tem especial import\u00e2ncia para a empresa Inka que gere o espa\u00e7o comercial. Mas, como adiantou Ana Antunes, tamb\u00e9m em \u00e1reas como a Sa\u00fade (ODS 3) com a realiza\u00e7\u00e3o de rastreios gratuitos \u00e0 pr\u00f3stata ou a\u00e7\u00f5es de preven\u00e7\u00e3o de cancro da mama, ou as pr\u00e1ticas ambientais que visam mitigar os efeitos da a\u00e7\u00e3o clim\u00e1tica (ODS 13), como a reciclagem de biorres\u00edduos em todo o setor da restaura\u00e7\u00e3o do centro comercial, merecem a aten\u00e7\u00e3o desta grande superf\u00edcie.<\/p>\n\n\n\n<p>Na Escola Secund\u00e1ria de Loul\u00e9, um \u201cecossistema\u201d privilegiado para difundir os ODS junto dos jovens, estas preocupa\u00e7\u00f5es come\u00e7aram a ser mais evidentes desde que foi criado o Gabinete da Sustentabilidade, em 2011. Com este historial, n\u00e3o \u00e9 de estranhar que os ODS tenham sido \u201cmuito bem aceites, tanto pelos alunos como pelo corpo docente\u201d. Mas \u00e9 sobretudo nas atividades extracurriculares que esta tem\u00e1tica \u00e9 mais trabalhada pelo que \u00e9 precisamente para lev\u00e1-la para a esfera curricular que a Secund\u00e1ria de Loul\u00e9 ser\u00e1 a primeira escola do Algarve com um projeto educativo onde est\u00e3o inscritos os ODS, \u201cj\u00e1 a partir do pr\u00f3ximo ano letivo\u201d<\/p>\n\n\n\n<p>N\u00e3o \u00e9 de admirar que numa institui\u00e7\u00e3o de ensino, o ODS 4 &#8211; educa\u00e7\u00e3o de qualidade -tenha o maior foco das atividades. Mas na Secund\u00e1ria de Loul\u00e9 tamb\u00e9m \u00e9 evidente o compromisso ambiental pelo que o ODS 13 (a\u00e7\u00e3o clim\u00e1tica) est\u00e1 em grande parte dos projetos.<\/p>\n\n\n\n<p>Da parte da Associa\u00e7\u00e3o In Loco, o grande desafio \u00e9 \u201cp\u00f4r a m\u00e3o na massa pois esta n\u00e3o \u00e9 uma oportunidade, \u00e9 uma necessidade\u201d. Para Ana Ars\u00e9nio, a maior dificuldade na implementa\u00e7\u00e3o dos objetivos passa, em alguns casos, pelo facto de a associa\u00e7\u00e3o estar muitas vezes dependente de \u201cum finamento a curto prazo\u201d, o que nem sempre se coaduna com \u201ca velocidade dos processos\u201d.<\/p>\n\n\n\n<p>Sendo uma associa\u00e7\u00e3o instalada em plena serra algarvia, a \u201ccapacita\u00e7\u00e3o e forma\u00e7\u00e3o de mulheres neste contexto rural\u201d tem sido um dos trabalhos mais evidentes pelo que os ODS 4 (educa\u00e7\u00e3o de qualidade) e 5 (igualdade de g\u00e9nero) est\u00e3o presentes. Tal como as quest\u00f5es ligadas \u00e0 sustentabilidade ambiental (ODS 11, 12 e 13), relevando ainda Ana Ars\u00e9nio a import\u00e2ncia das parcerias (ODS 17): \u201cSozinhos n\u00e3o vamos longe!\u201d.<\/p>\n\n\n\n<p>\u00c9 fundamental trabalhar com os jovens mas tamb\u00e9m fazer cumprir a legisla\u00e7\u00e3o, consideram as tr\u00eas respons\u00e1veis, que acreditam haver ainda algum desconhecimento por parte dos cidad\u00e3os pelo que \u00e9 fundamental levar a informa\u00e7\u00e3o e refor\u00e7ar as parcerias.<\/p>\n\n\n\n<p>Na opini\u00e3o do autarca V\u00edtor Aleixo, \u201cuma boa a\u00e7\u00e3o de concretiza\u00e7\u00e3o dos ODS n\u00e3o \u00e9 coisa que deva ficar nos limites das organiza\u00e7\u00f5es p\u00fablicas\u201d, devem envolver-se \u201cescolas, associa\u00e7\u00f5es, empresas, toda a comunidade\u201d. \u201cTemos que dar a palavra \u00e0s pessoas pois ningu\u00e9m \u00e9 dono deste tema. O nosso papel \u00e9 um pouco o de seduzir\u2026 Agrade\u00e7o que se envolvam, podem contar com a C\u00e2mara de Loul\u00e9 como n\u00f3s contamos convosco para concretizar aquela que \u00e9 uma tarefa global\u201d, aludiu V\u00edtor Aleixo.<\/p>\n\n\n\n<p><strong><em>Sobre os ODS<\/em><\/strong><\/p>\n\n\n\n<p>Tendo por base a Carta da Terra (2000) e depois de \u201cum debate de 15 anos de negocia\u00e7\u00e3o\u201d, a Agenda 2030 das Na\u00e7\u00f5es Unidas foi aprovada em 2015. Distingue-se das anteriores pela universalidade (abarca nele aspetos sociais aos ambientais), integra\u00e7\u00e3o (tem um maior alcance geogr\u00e1fico, englobando todos os pa\u00edses) e transforma\u00e7\u00e3o (maior exig\u00eancia e grau de concretiza\u00e7\u00e3o). Enquadra 169 metas (todas elas \u201cteoricamente tang\u00edveis\u201d), 17 objetivos de desenvolvimento sustent\u00e1vel, 89 temas, 5 dimens\u00f5es e 244 indicadores.<\/p>\n\n\n\n<p>Sendo esta uma Agenda que enfatiza a import\u00e2ncia da integra\u00e7\u00e3o dos ODS nas pol\u00edticas locais, Loul\u00e9 foi, desde logo, um dos munic\u00edpios portugueses que desde cedo abra\u00e7ou este caminho.<\/p>\n\n\n\n<p>S\u00e3o 68 os projetos do concelho de Loul\u00e9 que fazem parte da plataforma ODS Local e, como tal, s\u00e3o monitorizados, dando lugar a 87 boas pr\u00e1ticas e 219 indicadores. A grande maioria dos projetos &#8211; 56% &#8211; s\u00e3o promovidos pelas empresas, 16% pela administra\u00e7\u00e3o local e os restantes por institui\u00e7\u00f5es diversas.<\/p>\n\n\n\n<p>Quando se fala destaca-se desde logo a A\u00e7\u00e3o Clim\u00e1tica (ODS 13), Cidades e Comunidades Sustent\u00e1veis (ODS 11), Ind\u00fastria, Inova\u00e7\u00e3o e Infraestruturas (ODS 9), Educa\u00e7\u00e3o de Qualidade (ODS 4) e Proteger a Vida Terrestres (ODS 15)<\/p>\n","protected":false},"excerpt":{"rendered":"<p>Da Escola ao grande espa\u00e7o comercial, do movimento associativo \u00e0s empresas, sem esquecer as juntas de freguesia e todo o<\/p>\n","protected":false},"author":1,"featured_media":27960,"comment_status":"closed","ping_status":"open","sticky":false,"template":"","format":"standard","meta":{"colormag_page_container_layout":"default_layout","colormag_page_sidebar_layout":"default_layout","_monsterinsights_skip_tracking":false,"_monsterinsights_sitenote_active":false,"_monsterinsights_sitenote_note":"","_monsterinsights_sitenote_category":0,"jetpack_post_was_ever_published":false,"_jetpack_newsletter_access":"","_jetpack_dont_email_post_to_subs":false,"_jetpack_newsletter_tier_id":0,"_jetpack_memberships_contains_paywalled_content":false,"_jetpack_memberships_contains_paid_content":false,"footnotes":"","jetpack_publicize_message":"","jetpack_publicize_feature_enabled":true,"jetpack_social_post_already_shared":true,"jetpack_social_options":{"image_generator_settings":{"template":"highway","default_image_id":0,"font":"","enabled":false},"version":2}},"categories":[11],"tags":[36,32,62,31,446],"class_list":["post-27959","post","type-post","status-publish","format-standard","has-post-thumbnail","hentry","category-atualidade","tag-algarve","tag-ambiente","tag-atualidade","tag-loule","tag-odslocal"],"yoast_head":"<!-- This site is optimized with the Yoast SEO plugin v27.5 - https:\/\/yoast.com\/product\/yoast-seo-wordpress\/ -->\n<title>Munic\u00edpio de Loul\u00e9 quer envolver cada vez mais os agentes locais nas metas do desenvolvimento sustent\u00e1vel - Algarve 7<\/title>\n<meta name=\"description\" content=\"Munic\u00edpio de Loul\u00e9 quer envolver cada vez mais os agentes locais nas metas do desenvolvimento sustent\u00e1vel Atualidade\" \/>\n<meta name=\"robots\" content=\"index, follow, max-snippet:-1, max-image-preview:large, max-video-preview:-1\" \/>\n<link rel=\"canonical\" href=\"https:\/\/algarve7.pt\/index.php\/2023\/05\/municipio-de-loule-quer-envolver-cada-vez-mais-os-agentes-locais-nas-metas-do-desenvolvimento-sustentavel\/atualidade\/11\/43\/\" \/>\n<meta property=\"og:locale\" content=\"pt_PT\" \/>\n<meta property=\"og:type\" content=\"article\" \/>\n<meta property=\"og:title\" content=\"Munic\u00edpio de Loul\u00e9 quer envolver cada vez mais os agentes locais nas metas do desenvolvimento sustent\u00e1vel - Algarve 7\" \/>\n<meta property=\"og:description\" content=\"Munic\u00edpio de Loul\u00e9 quer envolver cada vez mais os agentes locais nas metas do desenvolvimento sustent\u00e1vel Atualidade\" \/>\n<meta property=\"og:url\" content=\"https:\/\/algarve7.pt\/index.php\/2023\/05\/municipio-de-loule-quer-envolver-cada-vez-mais-os-agentes-locais-nas-metas-do-desenvolvimento-sustentavel\/atualidade\/11\/43\/\" \/>\n<meta property=\"og:site_name\" content=\"Algarve 7\" \/>\n<meta property=\"article:publisher\" content=\"https:\/\/www.facebook.com\/algarve7\" \/>\n<meta property=\"article:author\" content=\"https:\/\/www.facebook.com\/algarve7\" \/>\n<meta property=\"article:published_time\" content=\"2023-05-21T10:43:59+00:00\" \/>\n<meta property=\"article:modified_time\" content=\"2023-05-21T10:44:02+00:00\" \/>\n<meta property=\"og:image\" content=\"https:\/\/algarve7.pt\/wp-content\/uploads\/2023\/05\/ODS-em-acao-16-05-2023-34.jpg\" \/>\n\t<meta property=\"og:image:width\" content=\"1024\" \/>\n\t<meta property=\"og:image:height\" content=\"683\" \/>\n\t<meta property=\"og:image:type\" content=\"image\/jpeg\" \/>\n<meta name=\"author\" content=\"Algarve 7\" \/>\n<meta name=\"twitter:card\" content=\"summary_large_image\" \/>\n<meta name=\"twitter:creator\" content=\"@Algarvesete\" \/>\n<meta name=\"twitter:site\" content=\"@Algarvesete\" \/>\n<meta name=\"twitter:label1\" content=\"Escrito por\" \/>\n\t<meta name=\"twitter:data1\" content=\"Algarve 7\" \/>\n\t<meta name=\"twitter:label2\" content=\"Tempo estimado de leitura\" \/>\n\t<meta name=\"twitter:data2\" content=\"5 minutos\" \/>\n<script type=\"application\/ld+json\" class=\"yoast-schema-graph\">{\"@context\":\"https:\\\/\\\/schema.org\",\"@graph\":[{\"@type\":\"Article\",\"@id\":\"https:\\\/\\\/algarve7.pt\\\/index.php\\\/2023\\\/05\\\/municipio-de-loule-quer-envolver-cada-vez-mais-os-agentes-locais-nas-metas-do-desenvolvimento-sustentavel\\\/atualidade\\\/11\\\/43\\\/#article\",\"isPartOf\":{\"@id\":\"https:\\\/\\\/algarve7.pt\\\/index.php\\\/2023\\\/05\\\/municipio-de-loule-quer-envolver-cada-vez-mais-os-agentes-locais-nas-metas-do-desenvolvimento-sustentavel\\\/atualidade\\\/11\\\/43\\\/\"},\"author\":{\"name\":\"Algarve 7\",\"@id\":\"https:\\\/\\\/algarve7.pt\\\/#\\\/schema\\\/person\\\/23fa70681308e7b319a3204bcea45e0c\"},\"headline\":\"Munic\u00edpio de Loul\u00e9 quer envolver cada vez mais os agentes locais nas metas do desenvolvimento sustent\u00e1vel\",\"datePublished\":\"2023-05-21T10:43:59+00:00\",\"dateModified\":\"2023-05-21T10:44:02+00:00\",\"mainEntityOfPage\":{\"@id\":\"https:\\\/\\\/algarve7.pt\\\/index.php\\\/2023\\\/05\\\/municipio-de-loule-quer-envolver-cada-vez-mais-os-agentes-locais-nas-metas-do-desenvolvimento-sustentavel\\\/atualidade\\\/11\\\/43\\\/\"},\"wordCount\":975,\"publisher\":{\"@id\":\"https:\\\/\\\/algarve7.pt\\\/#organization\"},\"image\":{\"@id\":\"https:\\\/\\\/algarve7.pt\\\/index.php\\\/2023\\\/05\\\/municipio-de-loule-quer-envolver-cada-vez-mais-os-agentes-locais-nas-metas-do-desenvolvimento-sustentavel\\\/atualidade\\\/11\\\/43\\\/#primaryimage\"},\"thumbnailUrl\":\"https:\\\/\\\/algarve7.pt\\\/wp-content\\\/uploads\\\/2023\\\/05\\\/ODS-em-acao-16-05-2023-34.jpg\",\"keywords\":[\"Algarve\",\"Ambiente\",\"Atualidade\",\"Loul\u00e9\",\"ODSlocal\"],\"articleSection\":[\"Atualidade\"],\"inLanguage\":\"pt-PT\"},{\"@type\":\"WebPage\",\"@id\":\"https:\\\/\\\/algarve7.pt\\\/index.php\\\/2023\\\/05\\\/municipio-de-loule-quer-envolver-cada-vez-mais-os-agentes-locais-nas-metas-do-desenvolvimento-sustentavel\\\/atualidade\\\/11\\\/43\\\/\",\"url\":\"https:\\\/\\\/algarve7.pt\\\/index.php\\\/2023\\\/05\\\/municipio-de-loule-quer-envolver-cada-vez-mais-os-agentes-locais-nas-metas-do-desenvolvimento-sustentavel\\\/atualidade\\\/11\\\/43\\\/\",\"name\":\"Munic\u00edpio de Loul\u00e9 quer envolver cada vez mais os agentes locais nas metas do desenvolvimento sustent\u00e1vel - Algarve 7\",\"isPartOf\":{\"@id\":\"https:\\\/\\\/algarve7.pt\\\/#website\"},\"primaryImageOfPage\":{\"@id\":\"https:\\\/\\\/algarve7.pt\\\/index.php\\\/2023\\\/05\\\/municipio-de-loule-quer-envolver-cada-vez-mais-os-agentes-locais-nas-metas-do-desenvolvimento-sustentavel\\\/atualidade\\\/11\\\/43\\\/#primaryimage\"},\"image\":{\"@id\":\"https:\\\/\\\/algarve7.pt\\\/index.php\\\/2023\\\/05\\\/municipio-de-loule-quer-envolver-cada-vez-mais-os-agentes-locais-nas-metas-do-desenvolvimento-sustentavel\\\/atualidade\\\/11\\\/43\\\/#primaryimage\"},\"thumbnailUrl\":\"https:\\\/\\\/algarve7.pt\\\/wp-content\\\/uploads\\\/2023\\\/05\\\/ODS-em-acao-16-05-2023-34.jpg\",\"datePublished\":\"2023-05-21T10:43:59+00:00\",\"dateModified\":\"2023-05-21T10:44:02+00:00\",\"description\":\"Munic\u00edpio de Loul\u00e9 quer envolver cada vez mais os agentes locais nas metas do desenvolvimento sustent\u00e1vel Atualidade\",\"breadcrumb\":{\"@id\":\"https:\\\/\\\/algarve7.pt\\\/index.php\\\/2023\\\/05\\\/municipio-de-loule-quer-envolver-cada-vez-mais-os-agentes-locais-nas-metas-do-desenvolvimento-sustentavel\\\/atualidade\\\/11\\\/43\\\/#breadcrumb\"},\"inLanguage\":\"pt-PT\",\"potentialAction\":[{\"@type\":\"ReadAction\",\"target\":[\"https:\\\/\\\/algarve7.pt\\\/index.php\\\/2023\\\/05\\\/municipio-de-loule-quer-envolver-cada-vez-mais-os-agentes-locais-nas-metas-do-desenvolvimento-sustentavel\\\/atualidade\\\/11\\\/43\\\/\"]}]},{\"@type\":\"ImageObject\",\"inLanguage\":\"pt-PT\",\"@id\":\"https:\\\/\\\/algarve7.pt\\\/index.php\\\/2023\\\/05\\\/municipio-de-loule-quer-envolver-cada-vez-mais-os-agentes-locais-nas-metas-do-desenvolvimento-sustentavel\\\/atualidade\\\/11\\\/43\\\/#primaryimage\",\"url\":\"https:\\\/\\\/algarve7.pt\\\/wp-content\\\/uploads\\\/2023\\\/05\\\/ODS-em-acao-16-05-2023-34.jpg\",\"contentUrl\":\"https:\\\/\\\/algarve7.pt\\\/wp-content\\\/uploads\\\/2023\\\/05\\\/ODS-em-acao-16-05-2023-34.jpg\",\"width\":1024,\"height\":683},{\"@type\":\"BreadcrumbList\",\"@id\":\"https:\\\/\\\/algarve7.pt\\\/index.php\\\/2023\\\/05\\\/municipio-de-loule-quer-envolver-cada-vez-mais-os-agentes-locais-nas-metas-do-desenvolvimento-sustentavel\\\/atualidade\\\/11\\\/43\\\/#breadcrumb\",\"itemListElement\":[{\"@type\":\"ListItem\",\"position\":1,\"name\":\"In\u00edcio\",\"item\":\"https:\\\/\\\/algarve7.pt\\\/\"},{\"@type\":\"ListItem\",\"position\":2,\"name\":\"Munic\u00edpio de Loul\u00e9 quer envolver cada vez mais os agentes locais nas metas do desenvolvimento sustent\u00e1vel\"}]},{\"@type\":\"WebSite\",\"@id\":\"https:\\\/\\\/algarve7.pt\\\/#website\",\"url\":\"https:\\\/\\\/algarve7.pt\\\/\",\"name\":\"Algarve 7\",\"description\":\"Informa\u00e7\u00e3o sobre o Algarve\",\"publisher\":{\"@id\":\"https:\\\/\\\/algarve7.pt\\\/#organization\"},\"potentialAction\":[{\"@type\":\"SearchAction\",\"target\":{\"@type\":\"EntryPoint\",\"urlTemplate\":\"https:\\\/\\\/algarve7.pt\\\/?s={search_term_string}\"},\"query-input\":{\"@type\":\"PropertyValueSpecification\",\"valueRequired\":true,\"valueName\":\"search_term_string\"}}],\"inLanguage\":\"pt-PT\"},{\"@type\":\"Organization\",\"@id\":\"https:\\\/\\\/algarve7.pt\\\/#organization\",\"name\":\"Algarve 7\",\"url\":\"https:\\\/\\\/algarve7.pt\\\/\",\"logo\":{\"@type\":\"ImageObject\",\"inLanguage\":\"pt-PT\",\"@id\":\"https:\\\/\\\/algarve7.pt\\\/#\\\/schema\\\/logo\\\/image\\\/\",\"url\":\"https:\\\/\\\/algarve7.pt\\\/wp-content\\\/uploads\\\/2020\\\/10\\\/Logo-8.jpg\",\"contentUrl\":\"https:\\\/\\\/algarve7.pt\\\/wp-content\\\/uploads\\\/2020\\\/10\\\/Logo-8.jpg\",\"width\":1680,\"height\":1186,\"caption\":\"Algarve 7\"},\"image\":{\"@id\":\"https:\\\/\\\/algarve7.pt\\\/#\\\/schema\\\/logo\\\/image\\\/\"},\"sameAs\":[\"https:\\\/\\\/www.facebook.com\\\/algarve7\",\"https:\\\/\\\/x.com\\\/Algarvesete\",\"https:\\\/\\\/www.instagram.com\\\/jornalalgarve7\\\/\",\"https:\\\/\\\/www.linkedin.com\\\/company\\\/algarve7\",\"https:\\\/\\\/www.pinterest.pt\\\/geral0939\\\/_created\\\/\"]},{\"@type\":\"Person\",\"@id\":\"https:\\\/\\\/algarve7.pt\\\/#\\\/schema\\\/person\\\/23fa70681308e7b319a3204bcea45e0c\",\"name\":\"Algarve 7\",\"sameAs\":[\"https:\\\/\\\/algarve7.pt\",\"https:\\\/\\\/www.facebook.com\\\/algarve7\"],\"url\":\"https:\\\/\\\/algarve7.pt\\\/index.php\\\/author\\\/geralalgarve7-pt\\\/\"}]}<\/script>\n<!-- \/ Yoast SEO plugin. -->","yoast_head_json":{"title":"Munic\u00edpio de Loul\u00e9 quer envolver cada vez mais os agentes locais nas metas do desenvolvimento sustent\u00e1vel - Algarve 7","description":"Munic\u00edpio de Loul\u00e9 quer envolver cada vez mais os agentes locais nas metas do desenvolvimento sustent\u00e1vel Atualidade","robots":{"index":"index","follow":"follow","max-snippet":"max-snippet:-1","max-image-preview":"max-image-preview:large","max-video-preview":"max-video-preview:-1"},"canonical":"https:\/\/algarve7.pt\/index.php\/2023\/05\/municipio-de-loule-quer-envolver-cada-vez-mais-os-agentes-locais-nas-metas-do-desenvolvimento-sustentavel\/atualidade\/11\/43\/","og_locale":"pt_PT","og_type":"article","og_title":"Munic\u00edpio de Loul\u00e9 quer envolver cada vez mais os agentes locais nas metas do desenvolvimento sustent\u00e1vel - Algarve 7","og_description":"Munic\u00edpio de Loul\u00e9 quer envolver cada vez mais os agentes locais nas metas do desenvolvimento sustent\u00e1vel Atualidade","og_url":"https:\/\/algarve7.pt\/index.php\/2023\/05\/municipio-de-loule-quer-envolver-cada-vez-mais-os-agentes-locais-nas-metas-do-desenvolvimento-sustentavel\/atualidade\/11\/43\/","og_site_name":"Algarve 7","article_publisher":"https:\/\/www.facebook.com\/algarve7","article_author":"https:\/\/www.facebook.com\/algarve7","article_published_time":"2023-05-21T10:43:59+00:00","article_modified_time":"2023-05-21T10:44:02+00:00","og_image":[{"width":1024,"height":683,"url":"https:\/\/algarve7.pt\/wp-content\/uploads\/2023\/05\/ODS-em-acao-16-05-2023-34.jpg","type":"image\/jpeg"}],"author":"Algarve 7","twitter_card":"summary_large_image","twitter_creator":"@Algarvesete","twitter_site":"@Algarvesete","twitter_misc":{"Escrito por":"Algarve 7","Tempo estimado de leitura":"5 minutos"},"schema":{"@context":"https:\/\/schema.org","@graph":[{"@type":"Article","@id":"https:\/\/algarve7.pt\/index.php\/2023\/05\/municipio-de-loule-quer-envolver-cada-vez-mais-os-agentes-locais-nas-metas-do-desenvolvimento-sustentavel\/atualidade\/11\/43\/#article","isPartOf":{"@id":"https:\/\/algarve7.pt\/index.php\/2023\/05\/municipio-de-loule-quer-envolver-cada-vez-mais-os-agentes-locais-nas-metas-do-desenvolvimento-sustentavel\/atualidade\/11\/43\/"},"author":{"name":"Algarve 7","@id":"https:\/\/algarve7.pt\/#\/schema\/person\/23fa70681308e7b319a3204bcea45e0c"},"headline":"Munic\u00edpio de Loul\u00e9 quer envolver cada vez mais os agentes locais nas metas do desenvolvimento sustent\u00e1vel","datePublished":"2023-05-21T10:43:59+00:00","dateModified":"2023-05-21T10:44:02+00:00","mainEntityOfPage":{"@id":"https:\/\/algarve7.pt\/index.php\/2023\/05\/municipio-de-loule-quer-envolver-cada-vez-mais-os-agentes-locais-nas-metas-do-desenvolvimento-sustentavel\/atualidade\/11\/43\/"},"wordCount":975,"publisher":{"@id":"https:\/\/algarve7.pt\/#organization"},"image":{"@id":"https:\/\/algarve7.pt\/index.php\/2023\/05\/municipio-de-loule-quer-envolver-cada-vez-mais-os-agentes-locais-nas-metas-do-desenvolvimento-sustentavel\/atualidade\/11\/43\/#primaryimage"},"thumbnailUrl":"https:\/\/algarve7.pt\/wp-content\/uploads\/2023\/05\/ODS-em-acao-16-05-2023-34.jpg","keywords":["Algarve","Ambiente","Atualidade","Loul\u00e9","ODSlocal"],"articleSection":["Atualidade"],"inLanguage":"pt-PT"},{"@type":"WebPage","@id":"https:\/\/algarve7.pt\/index.php\/2023\/05\/municipio-de-loule-quer-envolver-cada-vez-mais-os-agentes-locais-nas-metas-do-desenvolvimento-sustentavel\/atualidade\/11\/43\/","url":"https:\/\/algarve7.pt\/index.php\/2023\/05\/municipio-de-loule-quer-envolver-cada-vez-mais-os-agentes-locais-nas-metas-do-desenvolvimento-sustentavel\/atualidade\/11\/43\/","name":"Munic\u00edpio de Loul\u00e9 quer envolver cada vez mais os agentes locais nas metas do desenvolvimento sustent\u00e1vel - Algarve 7","isPartOf":{"@id":"https:\/\/algarve7.pt\/#website"},"primaryImageOfPage":{"@id":"https:\/\/algarve7.pt\/index.php\/2023\/05\/municipio-de-loule-quer-envolver-cada-vez-mais-os-agentes-locais-nas-metas-do-desenvolvimento-sustentavel\/atualidade\/11\/43\/#primaryimage"},"image":{"@id":"https:\/\/algarve7.pt\/index.php\/2023\/05\/municipio-de-loule-quer-envolver-cada-vez-mais-os-agentes-locais-nas-metas-do-desenvolvimento-sustentavel\/atualidade\/11\/43\/#primaryimage"},"thumbnailUrl":"https:\/\/algarve7.pt\/wp-content\/uploads\/2023\/05\/ODS-em-acao-16-05-2023-34.jpg","datePublished":"2023-05-21T10:43:59+00:00","dateModified":"2023-05-21T10:44:02+00:00","description":"Munic\u00edpio de Loul\u00e9 quer envolver cada vez mais os agentes locais nas metas do desenvolvimento sustent\u00e1vel Atualidade","breadcrumb":{"@id":"https:\/\/algarve7.pt\/index.php\/2023\/05\/municipio-de-loule-quer-envolver-cada-vez-mais-os-agentes-locais-nas-metas-do-desenvolvimento-sustentavel\/atualidade\/11\/43\/#breadcrumb"},"inLanguage":"pt-PT","potentialAction":[{"@type":"ReadAction","target":["https:\/\/algarve7.pt\/index.php\/2023\/05\/municipio-de-loule-quer-envolver-cada-vez-mais-os-agentes-locais-nas-metas-do-desenvolvimento-sustentavel\/atualidade\/11\/43\/"]}]},{"@type":"ImageObject","inLanguage":"pt-PT","@id":"https:\/\/algarve7.pt\/index.php\/2023\/05\/municipio-de-loule-quer-envolver-cada-vez-mais-os-agentes-locais-nas-metas-do-desenvolvimento-sustentavel\/atualidade\/11\/43\/#primaryimage","url":"https:\/\/algarve7.pt\/wp-content\/uploads\/2023\/05\/ODS-em-acao-16-05-2023-34.jpg","contentUrl":"https:\/\/algarve7.pt\/wp-content\/uploads\/2023\/05\/ODS-em-acao-16-05-2023-34.jpg","width":1024,"height":683},{"@type":"BreadcrumbList","@id":"https:\/\/algarve7.pt\/index.php\/2023\/05\/municipio-de-loule-quer-envolver-cada-vez-mais-os-agentes-locais-nas-metas-do-desenvolvimento-sustentavel\/atualidade\/11\/43\/#breadcrumb","itemListElement":[{"@type":"ListItem","position":1,"name":"In\u00edcio","item":"https:\/\/algarve7.pt\/"},{"@type":"ListItem","position":2,"name":"Munic\u00edpio de Loul\u00e9 quer envolver cada vez mais os agentes locais nas metas do desenvolvimento sustent\u00e1vel"}]},{"@type":"WebSite","@id":"https:\/\/algarve7.pt\/#website","url":"https:\/\/algarve7.pt\/","name":"Algarve 7","description":"Informa\u00e7\u00e3o sobre o Algarve","publisher":{"@id":"https:\/\/algarve7.pt\/#organization"},"potentialAction":[{"@type":"SearchAction","target":{"@type":"EntryPoint","urlTemplate":"https:\/\/algarve7.pt\/?s={search_term_string}"},"query-input":{"@type":"PropertyValueSpecification","valueRequired":true,"valueName":"search_term_string"}}],"inLanguage":"pt-PT"},{"@type":"Organization","@id":"https:\/\/algarve7.pt\/#organization","name":"Algarve 7","url":"https:\/\/algarve7.pt\/","logo":{"@type":"ImageObject","inLanguage":"pt-PT","@id":"https:\/\/algarve7.pt\/#\/schema\/logo\/image\/","url":"https:\/\/algarve7.pt\/wp-content\/uploads\/2020\/10\/Logo-8.jpg","contentUrl":"https:\/\/algarve7.pt\/wp-content\/uploads\/2020\/10\/Logo-8.jpg","width":1680,"height":1186,"caption":"Algarve 7"},"image":{"@id":"https:\/\/algarve7.pt\/#\/schema\/logo\/image\/"},"sameAs":["https:\/\/www.facebook.com\/algarve7","https:\/\/x.com\/Algarvesete","https:\/\/www.instagram.com\/jornalalgarve7\/","https:\/\/www.linkedin.com\/company\/algarve7","https:\/\/www.pinterest.pt\/geral0939\/_created\/"]},{"@type":"Person","@id":"https:\/\/algarve7.pt\/#\/schema\/person\/23fa70681308e7b319a3204bcea45e0c","name":"Algarve 7","sameAs":["https:\/\/algarve7.pt","https:\/\/www.facebook.com\/algarve7"],"url":"https:\/\/algarve7.pt\/index.php\/author\/geralalgarve7-pt\/"}]}},"jetpack_publicize_connections":[],"jetpack_featured_media_url":"https:\/\/algarve7.pt\/wp-content\/uploads\/2023\/05\/ODS-em-acao-16-05-2023-34.jpg","jetpack_shortlink":"https:\/\/wp.me\/pcezmW-7gX","jetpack_sharing_enabled":true,"_links":{"self":[{"href":"https:\/\/algarve7.pt\/index.php\/wp-json\/wp\/v2\/posts\/27959","targetHints":{"allow":["GET"]}}],"collection":[{"href":"https:\/\/algarve7.pt\/index.php\/wp-json\/wp\/v2\/posts"}],"about":[{"href":"https:\/\/algarve7.pt\/index.php\/wp-json\/wp\/v2\/types\/post"}],"author":[{"embeddable":true,"href":"https:\/\/algarve7.pt\/index.php\/wp-json\/wp\/v2\/users\/1"}],"replies":[{"embeddable":true,"href":"https:\/\/algarve7.pt\/index.php\/wp-json\/wp\/v2\/comments?post=27959"}],"version-history":[{"count":0,"href":"https:\/\/algarve7.pt\/index.php\/wp-json\/wp\/v2\/posts\/27959\/revisions"}],"wp:featuredmedia":[{"embeddable":true,"href":"https:\/\/algarve7.pt\/index.php\/wp-json\/wp\/v2\/media\/27960"}],"wp:attachment":[{"href":"https:\/\/algarve7.pt\/index.php\/wp-json\/wp\/v2\/media?parent=27959"}],"wp:term":[{"taxonomy":"category","embeddable":true,"href":"https:\/\/algarve7.pt\/index.php\/wp-json\/wp\/v2\/categories?post=27959"},{"taxonomy":"post_tag","embeddable":true,"href":"https:\/\/algarve7.pt\/index.php\/wp-json\/wp\/v2\/tags?post=27959"}],"curies":[{"name":"wp","href":"https:\/\/api.w.org\/{rel}","templated":true}]}}